{"id":137068,"date":"2021-03-10T10:58:00","date_gmt":"2021-03-10T13:58:00","guid":{"rendered":"https:\/\/experienciadevida.com.ar\/portalurbano\/?p=137068"},"modified":"2021-03-10T10:58:58","modified_gmt":"2021-03-10T13:58:58","slug":"miriam-graciela-mosescu-distinguida-en-el-dia-de-la-mujer-por-el-hcd","status":"publish","type":"post","link":"https:\/\/experienciadevida.com.ar\/portalurbano\/miriam-graciela-mosescu-distinguida-en-el-dia-de-la-mujer-por-el-hcd\/","title":{"rendered":"Miriam Graciela Mosescu distinguida en el d\u00eda de la mujer por el HCD"},"content":{"rendered":"<p>Miriam Graciela Mosescu distinguida en el d\u00eda de la mujer por el HCD, es pro secretaria de la FBV\u00a0 \u00a0y Presidenta de la AOV.<\/p>\n<p>Miriam Graciela Mosescu desde 2002 preside la Asociaci\u00f3n Olavarriense de Voleibol, es la pro secretaria e integrante de la Secretar\u00eda de la Mujer de la Federaci\u00f3n Bonaerense de Voleibol y representante del voleibol nacional en la Comisi\u00f3n de la Mujer en el Deporte, del Comit\u00e9 Ol\u00edmpico Argentino.<\/p>\n<p>En el HCD se realiz\u00f3 la d\u00e9cima edici\u00f3n de la entrega de premios y distinciones a mujeres destacadas de la comunidad, en el marco del D\u00eda Internacional de la Mujer, propuesta de la Comisi\u00f3n de G\u00e9nero y Diversidad del HCD.<\/p>\n<p>Se entreg\u00f3 el premio \u201cDina Pontoni\u201d (primera concejal mujer de Olavarr\u00eda) a Mar\u00eda Elina Ramos, creadora del Comedor Caritas Felices, en la localidad de Sierra Chica, asistiendo a cientos de familias.<\/p>\n<p>En tanto, el reconocimiento \u201cFlorentina G\u00f3mez Miranda\u201d (Diputada Nacional por la UCR entre 1983 y 1991), se otorg\u00f3 a Casa Popular Valeria, espacio socio-comunitario fundado por familiares de v\u00edctimas de femicidios.<\/p>\n<p>Adem\u00e1s se entregaron reconocimientos al Compromiso, con el Arte y la Cultura, con el Campo y la Vida Rural, con el Derecho a la Informaci\u00f3n y la Comunicaci\u00f3n, con los Derechos Humanos, con el Desarrollo Socio-comunitario, con la Lucha por la Igualdad y la Equidad de G\u00e9nero, con la Vida Acad\u00e9mica, la Ciencia y la Tecnolog\u00eda, con la Empresa y el Comercio, con la Educaci\u00f3n, con La Salud, con la Funci\u00f3n P\u00fablica y con el Deporte, que el concejal Nicol\u00e1s Marinangeli entreg\u00f3 a Mosescu.<\/p>\n<p>Desde el HCD de Olavarr\u00eda difundieron en el anuncio de la reuni\u00f3n, los m\u00e9ritos por los cuales la Pro secretaria de la FBV se hizo acreedora a la distinci\u00f3n:<\/p>\n<p>\u201cMiriam Mosescu es Pro Secretaria de la Federaci\u00f3n Provincial de V\u00f3ley e integrante de la Secretaria de la Mujer de la Instituci\u00f3n. Jugadora y desde hace varios a\u00f1os presidente de la Asociaci\u00f3n Olavarriense de Voleibol, la que lleva adelante con muy poco apoyo dirigencial. Realiza gestiones y un trabajo impecable, con su esfuerzo logra estar presente en aquellos espacios donde nadie se ofrece a estar. A pesar de las dificultades que ha enfrentado, y que se han mantenido en el dif\u00edcil contexto de ASPO, Miriam no disminuy\u00f3 su participaci\u00f3n, y compromiso no solo por la disciplina sino tambi\u00e9n por las personas que habitan las instituciones de las que forma parte\u201d.<\/p>\n<p>Tras recibir el presente, Miriam Mosescu agradeci\u00f3 a quienes otorgan tan importante distinci\u00f3n y comparti\u00f3 la misma con sus compa\u00f1eros de gesti\u00f3n, tanto en la FBV, como en la AOV.<\/p>\n","protected":false},"excerpt":{"rendered":"<p>Miriam Graciela Mosescu distinguida en el d\u00eda de la mujer por el HCD, es pro&#8230;<\/p>\n","protected":false},"author":1,"featured_media":137069,"comment_status":"closed","ping_status":"closed","sticky":false,"template":"","format":"standard","meta":{"content-type":""},"categories":[27,51],"tags":[],"nelio_content":{"isAutoShareEnabled":false,"autoShareEndMode":"default","automationSources":{"useContentSentences":true,"useSocialTemplates":true,"useCustomSentences":false,"customSentences":[]},"followers":[1],"suggestedReferences":[],"includedReferences":[],"efiUrl":"","efiAlt":"","highlights":[]},"yoast_head":"<!-- This site is optimized with the Yoast SEO plugin v20.7 - https:\/\/yoast.com\/wordpress\/plugins\/seo\/ -->\n<title>Miriam Graciela Mosescu distinguida en el d\u00eda de la mujer por el HCD<\/title>\n<meta name=\"description\" content=\"Miriam Graciela Mosescu distinguida en el d\u00eda de la mujer por el HCD, es pro secretaria de la FBV\u00a0 \u00a0y Presidenta de la AOV.\" \/>\n<meta name=\"robots\" content=\"index, follow, max-snippet:-1, max-image-preview:large, max-video-preview:-1\" \/>\n<link rel=\"canonical\" href=\"https:\/\/experienciadevida.com.ar\/portalurbano\/miriam-graciela-mosescu-distinguida-en-el-dia-de-la-mujer-por-el-hcd\/\" \/>\n<meta property=\"og:locale\" content=\"es_ES\" \/>\n<meta property=\"og:type\" content=\"article\" \/>\n<meta property=\"og:title\" content=\"Miriam Graciela Mosescu distinguida en el d\u00eda de la mujer por el HCD\" \/>\n<meta property=\"og:description\" content=\"Miriam Graciela Mosescu distinguida en el d\u00eda de la mujer por el HCD, es pro secretaria de la FBV\u00a0 \u00a0y Presidenta de la AOV.\" \/>\n<meta property=\"og:url\" content=\"https:\/\/experienciadevida.com.ar\/portalurbano\/miriam-graciela-mosescu-distinguida-en-el-dia-de-la-mujer-por-el-hcd\/\" \/>\n<meta property=\"article:publisher\" content=\"https:\/\/www.facebook.com\/Portal-Urbano-171542830093757\/\" \/>\n<meta property=\"article:published_time\" content=\"2021-03-10T13:58:00+00:00\" \/>\n<meta property=\"article:modified_time\" content=\"2021-03-10T13:58:58+00:00\" \/>\n<meta property=\"og:image\" content=\"https:\/\/experienciadevida.com.ar\/portalurbano\/wp-content\/uploads\/2021\/03\/Miriam-Graciela-Mosescu.jpg\" \/>\n\t<meta property=\"og:image:width\" content=\"1024\" \/>\n\t<meta property=\"og:image:height\" content=\"576\" \/>\n\t<meta property=\"og:image:type\" content=\"image\/jpeg\" \/>\n<meta name=\"author\" content=\"admpu17wp\" \/>\n<meta name=\"twitter:card\" content=\"summary_large_image\" \/>\n<meta name=\"twitter:creator\" content=\"@portalurbanook\" \/>\n<meta name=\"twitter:site\" content=\"@portalurbanook\" \/>\n<meta name=\"twitter:label1\" content=\"Escrito por\" \/>\n\t<meta name=\"twitter:data1\" content=\"admpu17wp\" \/>\n\t<meta name=\"twitter:label2\" content=\"Tiempo de lectura\" \/>\n\t<meta name=\"twitter:data2\" content=\"2 minutos\" \/>\n<script type=\"application\/ld+json\" class=\"yoast-schema-graph\">{\"@context\":\"https:\/\/schema.org\",\"@graph\":[{\"@type\":\"Article\",\"@id\":\"https:\/\/experienciadevida.com.ar\/portalurbano\/miriam-graciela-mosescu-distinguida-en-el-dia-de-la-mujer-por-el-hcd\/#article\",\"isPartOf\":{\"@id\":\"https:\/\/experienciadevida.com.ar\/portalurbano\/miriam-graciela-mosescu-distinguida-en-el-dia-de-la-mujer-por-el-hcd\/\"},\"author\":{\"name\":\"admpu17wp\",\"@id\":\"https:\/\/experienciadevida.com.ar\/portalurbano\/#\/schema\/person\/02dd326b1c4b056e9cc972486934a3a7\"},\"headline\":\"Miriam Graciela Mosescu distinguida en el d\u00eda de la mujer por el HCD\",\"datePublished\":\"2021-03-10T13:58:00+00:00\",\"dateModified\":\"2021-03-10T13:58:58+00:00\",\"mainEntityOfPage\":{\"@id\":\"https:\/\/experienciadevida.com.ar\/portalurbano\/miriam-graciela-mosescu-distinguida-en-el-dia-de-la-mujer-por-el-hcd\/\"},\"wordCount\":477,\"publisher\":{\"@id\":\"https:\/\/experienciadevida.com.ar\/portalurbano\/#organization\"},\"articleSection\":[\"Ciudad\",\"Destacadas\"],\"inLanguage\":\"es\"},{\"@type\":\"WebPage\",\"@id\":\"https:\/\/experienciadevida.com.ar\/portalurbano\/miriam-graciela-mosescu-distinguida-en-el-dia-de-la-mujer-por-el-hcd\/\",\"url\":\"https:\/\/experienciadevida.com.ar\/portalurbano\/miriam-graciela-mosescu-distinguida-en-el-dia-de-la-mujer-por-el-hcd\/\",\"name\":\"Miriam Graciela Mosescu distinguida en el d\u00eda de la mujer por el HCD\",\"isPartOf\":{\"@id\":\"https:\/\/experienciadevida.com.ar\/portalurbano\/#website\"},\"datePublished\":\"2021-03-10T13:58:00+00:00\",\"dateModified\":\"2021-03-10T13:58:58+00:00\",\"description\":\"Miriam Graciela Mosescu distinguida en el d\u00eda de la mujer por el HCD, es pro secretaria de la FBV\u00a0 \u00a0y Presidenta de la AOV.\",\"breadcrumb\":{\"@id\":\"https:\/\/experienciadevida.com.ar\/portalurbano\/miriam-graciela-mosescu-distinguida-en-el-dia-de-la-mujer-por-el-hcd\/#breadcrumb\"},\"inLanguage\":\"es\",\"potentialAction\":[{\"@type\":\"ReadAction\",\"target\":[\"https:\/\/experienciadevida.com.ar\/portalurbano\/miriam-graciela-mosescu-distinguida-en-el-dia-de-la-mujer-por-el-hcd\/\"]}]},{\"@type\":\"BreadcrumbList\",\"@id\":\"https:\/\/experienciadevida.com.ar\/portalurbano\/miriam-graciela-mosescu-distinguida-en-el-dia-de-la-mujer-por-el-hcd\/#breadcrumb\",\"itemListElement\":[{\"@type\":\"ListItem\",\"position\":1,\"name\":\"Portada\",\"item\":\"https:\/\/experienciadevida.com.ar\/portalurbano\/\"},{\"@type\":\"ListItem\",\"position\":2,\"name\":\"Miriam Graciela Mosescu distinguida en el d\u00eda de la mujer por el HCD\"}]},{\"@type\":\"WebSite\",\"@id\":\"https:\/\/experienciadevida.com.ar\/portalurbano\/#website\",\"url\":\"https:\/\/experienciadevida.com.ar\/portalurbano\/\",\"name\":\"\",\"description\":\"\",\"publisher\":{\"@id\":\"https:\/\/experienciadevida.com.ar\/portalurbano\/#organization\"},\"potentialAction\":[{\"@type\":\"SearchAction\",\"target\":{\"@type\":\"EntryPoint\",\"urlTemplate\":\"https:\/\/experienciadevida.com.ar\/portalurbano\/?s={search_term_string}\"},\"query-input\":\"required name=search_term_string\"}],\"inLanguage\":\"es\"},{\"@type\":\"Organization\",\"@id\":\"https:\/\/experienciadevida.com.ar\/portalurbano\/#organization\",\"name\":\"Portal Urbano\",\"url\":\"https:\/\/experienciadevida.com.ar\/portalurbano\/\",\"logo\":{\"@type\":\"ImageObject\",\"inLanguage\":\"es\",\"@id\":\"https:\/\/experienciadevida.com.ar\/portalurbano\/#\/schema\/logo\/image\/\",\"url\":\"https:\/\/experienciadevida.com.ar\/portalurbano\/wp-content\/uploads\/2019\/09\/Logo-Original.png\",\"contentUrl\":\"https:\/\/experienciadevida.com.ar\/portalurbano\/wp-content\/uploads\/2019\/09\/Logo-Original.png\",\"width\":2236,\"height\":1216,\"caption\":\"Portal Urbano\"},\"image\":{\"@id\":\"https:\/\/experienciadevida.com.ar\/portalurbano\/#\/schema\/logo\/image\/\"},\"sameAs\":[\"https:\/\/www.facebook.com\/Portal-Urbano-171542830093757\/\",\"https:\/\/twitter.com\/portalurbanook\",\"https:\/\/www.instagram.com\/_portalurbano\/\",\"https:\/\/www.youtube.com\/channel\/UCXhagIfszH8KxFiOok79zbA?view_as=subscriber\"]},{\"@type\":\"Person\",\"@id\":\"https:\/\/experienciadevida.com.ar\/portalurbano\/#\/schema\/person\/02dd326b1c4b056e9cc972486934a3a7\",\"name\":\"admpu17wp\",\"image\":{\"@type\":\"ImageObject\",\"inLanguage\":\"es\",\"@id\":\"https:\/\/experienciadevida.com.ar\/portalurbano\/#\/schema\/person\/image\/\",\"url\":\"https:\/\/secure.gravatar.com\/avatar\/830d4c57adaae6630765e449a6908047?s=96&d=mm&r=g\",\"contentUrl\":\"https:\/\/secure.gravatar.com\/avatar\/830d4c57adaae6630765e449a6908047?s=96&d=mm&r=g\",\"caption\":\"admpu17wp\"}}]}<\/script>\n<!-- \/ Yoast SEO plugin. -->","yoast_head_json":{"title":"Miriam Graciela Mosescu distinguida en el d\u00eda de la mujer por el HCD","description":"Miriam Graciela Mosescu distinguida en el d\u00eda de la mujer por el HCD, es pro secretaria de la FBV\u00a0 \u00a0y Presidenta de la AOV.","robots":{"index":"index","follow":"follow","max-snippet":"max-snippet:-1","max-image-preview":"max-image-preview:large","max-video-preview":"max-video-preview:-1"},"canonical":"https:\/\/experienciadevida.com.ar\/portalurbano\/miriam-graciela-mosescu-distinguida-en-el-dia-de-la-mujer-por-el-hcd\/","og_locale":"es_ES","og_type":"article","og_title":"Miriam Graciela Mosescu distinguida en el d\u00eda de la mujer por el HCD","og_description":"Miriam Graciela Mosescu distinguida en el d\u00eda de la mujer por el HCD, es pro secretaria de la FBV\u00a0 \u00a0y Presidenta de la AOV.","og_url":"https:\/\/experienciadevida.com.ar\/portalurbano\/miriam-graciela-mosescu-distinguida-en-el-dia-de-la-mujer-por-el-hcd\/","article_publisher":"https:\/\/www.facebook.com\/Portal-Urbano-171542830093757\/","article_published_time":"2021-03-10T13:58:00+00:00","article_modified_time":"2021-03-10T13:58:58+00:00","og_image":[{"width":1024,"height":576,"url":"https:\/\/experienciadevida.com.ar\/portalurbano\/wp-content\/uploads\/2021\/03\/Miriam-Graciela-Mosescu.jpg","type":"image\/jpeg"}],"author":"admpu17wp","twitter_card":"summary_large_image","twitter_creator":"@portalurbanook","twitter_site":"@portalurbanook","twitter_misc":{"Escrito por":"admpu17wp","Tiempo de lectura":"2 minutos"},"schema":{"@context":"https:\/\/schema.org","@graph":[{"@type":"Article","@id":"https:\/\/experienciadevida.com.ar\/portalurbano\/miriam-graciela-mosescu-distinguida-en-el-dia-de-la-mujer-por-el-hcd\/#article","isPartOf":{"@id":"https:\/\/experienciadevida.com.ar\/portalurbano\/miriam-graciela-mosescu-distinguida-en-el-dia-de-la-mujer-por-el-hcd\/"},"author":{"name":"admpu17wp","@id":"https:\/\/experienciadevida.com.ar\/portalurbano\/#\/schema\/person\/02dd326b1c4b056e9cc972486934a3a7"},"headline":"Miriam Graciela Mosescu distinguida en el d\u00eda de la mujer por el HCD","datePublished":"2021-03-10T13:58:00+00:00","dateModified":"2021-03-10T13:58:58+00:00","mainEntityOfPage":{"@id":"https:\/\/experienciadevida.com.ar\/portalurbano\/miriam-graciela-mosescu-distinguida-en-el-dia-de-la-mujer-por-el-hcd\/"},"wordCount":477,"publisher":{"@id":"https:\/\/experienciadevida.com.ar\/portalurbano\/#organization"},"articleSection":["Ciudad","Destacadas"],"inLanguage":"es"},{"@type":"WebPage","@id":"https:\/\/experienciadevida.com.ar\/portalurbano\/miriam-graciela-mosescu-distinguida-en-el-dia-de-la-mujer-por-el-hcd\/","url":"https:\/\/experienciadevida.com.ar\/portalurbano\/miriam-graciela-mosescu-distinguida-en-el-dia-de-la-mujer-por-el-hcd\/","name":"Miriam Graciela Mosescu distinguida en el d\u00eda de la mujer por el HCD","isPartOf":{"@id":"https:\/\/experienciadevida.com.ar\/portalurbano\/#website"},"datePublished":"2021-03-10T13:58:00+00:00","dateModified":"2021-03-10T13:58:58+00:00","description":"Miriam Graciela Mosescu distinguida en el d\u00eda de la mujer por el HCD, es pro secretaria de la FBV\u00a0 \u00a0y Presidenta de la AOV.","breadcrumb":{"@id":"https:\/\/experienciadevida.com.ar\/portalurbano\/miriam-graciela-mosescu-distinguida-en-el-dia-de-la-mujer-por-el-hcd\/#breadcrumb"},"inLanguage":"es","potentialAction":[{"@type":"ReadAction","target":["https:\/\/experienciadevida.com.ar\/portalurbano\/miriam-graciela-mosescu-distinguida-en-el-dia-de-la-mujer-por-el-hcd\/"]}]},{"@type":"BreadcrumbList","@id":"https:\/\/experienciadevida.com.ar\/portalurbano\/miriam-graciela-mosescu-distinguida-en-el-dia-de-la-mujer-por-el-hcd\/#breadcrumb","itemListElement":[{"@type":"ListItem","position":1,"name":"Portada","item":"https:\/\/experienciadevida.com.ar\/portalurbano\/"},{"@type":"ListItem","position":2,"name":"Miriam Graciela Mosescu distinguida en el d\u00eda de la mujer por el HCD"}]},{"@type":"WebSite","@id":"https:\/\/experienciadevida.com.ar\/portalurbano\/#website","url":"https:\/\/experienciadevida.com.ar\/portalurbano\/","name":"","description":"","publisher":{"@id":"https:\/\/experienciadevida.com.ar\/portalurbano\/#organization"},"potentialAction":[{"@type":"SearchAction","target":{"@type":"EntryPoint","urlTemplate":"https:\/\/experienciadevida.com.ar\/portalurbano\/?s={search_term_string}"},"query-input":"required name=search_term_string"}],"inLanguage":"es"},{"@type":"Organization","@id":"https:\/\/experienciadevida.com.ar\/portalurbano\/#organization","name":"Portal Urbano","url":"https:\/\/experienciadevida.com.ar\/portalurbano\/","logo":{"@type":"ImageObject","inLanguage":"es","@id":"https:\/\/experienciadevida.com.ar\/portalurbano\/#\/schema\/logo\/image\/","url":"https:\/\/experienciadevida.com.ar\/portalurbano\/wp-content\/uploads\/2019\/09\/Logo-Original.png","contentUrl":"https:\/\/experienciadevida.com.ar\/portalurbano\/wp-content\/uploads\/2019\/09\/Logo-Original.png","width":2236,"height":1216,"caption":"Portal Urbano"},"image":{"@id":"https:\/\/experienciadevida.com.ar\/portalurbano\/#\/schema\/logo\/image\/"},"sameAs":["https:\/\/www.facebook.com\/Portal-Urbano-171542830093757\/","https:\/\/twitter.com\/portalurbanook","https:\/\/www.instagram.com\/_portalurbano\/","https:\/\/www.youtube.com\/channel\/UCXhagIfszH8KxFiOok79zbA?view_as=subscriber"]},{"@type":"Person","@id":"https:\/\/experienciadevida.com.ar\/portalurbano\/#\/schema\/person\/02dd326b1c4b056e9cc972486934a3a7","name":"admpu17wp","image":{"@type":"ImageObject","inLanguage":"es","@id":"https:\/\/experienciadevida.com.ar\/portalurbano\/#\/schema\/person\/image\/","url":"https:\/\/secure.gravatar.com\/avatar\/830d4c57adaae6630765e449a6908047?s=96&d=mm&r=g","contentUrl":"https:\/\/secure.gravatar.com\/avatar\/830d4c57adaae6630765e449a6908047?s=96&d=mm&r=g","caption":"admpu17wp"}}]}},"featured_image_urls":{"full":["https:\/\/experienciadevida.com.ar\/portalurbano\/wp-content\/uploads\/2021\/03\/Miriam-Graciela-Mosescu.jpg",1024,576,false],"thumbnail":["https:\/\/experienciadevida.com.ar\/portalurbano\/wp-content\/uploads\/2021\/03\/Miriam-Graciela-Mosescu-150x150.jpg",150,150,true],"medium":["https:\/\/experienciadevida.com.ar\/portalurbano\/wp-content\/uploads\/2021\/03\/Miriam-Graciela-Mosescu-300x169.jpg",300,169,true],"medium_large":["https:\/\/experienciadevida.com.ar\/portalurbano\/wp-content\/uploads\/2021\/03\/Miriam-Graciela-Mosescu-768x432.jpg",640,360,true],"large":["https:\/\/experienciadevida.com.ar\/portalurbano\/wp-content\/uploads\/2021\/03\/Miriam-Graciela-Mosescu.jpg",640,360,false],"ug_big":["https:\/\/experienciadevida.com.ar\/portalurbano\/wp-content\/uploads\/2021\/03\/Miriam-Graciela-Mosescu-768x432.jpg",768,432,true],"1536x1536":["https:\/\/experienciadevida.com.ar\/portalurbano\/wp-content\/uploads\/2021\/03\/Miriam-Graciela-Mosescu.jpg",1024,576,false],"2048x2048":["https:\/\/experienciadevida.com.ar\/portalurbano\/wp-content\/uploads\/2021\/03\/Miriam-Graciela-Mosescu.jpg",1024,576,false],"newsever-slider-full":["https:\/\/experienciadevida.com.ar\/portalurbano\/wp-content\/uploads\/2021\/03\/Miriam-Graciela-Mosescu.jpg",1024,576,false],"newsever-featured":["https:\/\/experienciadevida.com.ar\/portalurbano\/wp-content\/uploads\/2021\/03\/Miriam-Graciela-Mosescu.jpg",1024,576,false],"newsever-medium":["https:\/\/experienciadevida.com.ar\/portalurbano\/wp-content\/uploads\/2021\/03\/Miriam-Graciela-Mosescu.jpg",720,405,false],"web-stories-poster-portrait":["https:\/\/experienciadevida.com.ar\/portalurbano\/wp-content\/uploads\/2021\/03\/Miriam-Graciela-Mosescu.jpg",640,360,false],"web-stories-publisher-logo":["https:\/\/experienciadevida.com.ar\/portalurbano\/wp-content\/uploads\/2021\/03\/Miriam-Graciela-Mosescu.jpg",96,54,false],"web-stories-thumbnail":["https:\/\/experienciadevida.com.ar\/portalurbano\/wp-content\/uploads\/2021\/03\/Miriam-Graciela-Mosescu.jpg",150,84,false]},"author_info":{"display_name":"admpu17wp","author_link":"https:\/\/experienciadevida.com.ar\/portalurbano\/author\/admpu17wp\/"},"category_info":"<a href=\"https:\/\/experienciadevida.com.ar\/portalurbano\/category\/ciudad\/\" rel=\"category tag\">Ciudad<\/a> <a href=\"https:\/\/experienciadevida.com.ar\/portalurbano\/category\/destacadas\/\" rel=\"category tag\">Destacadas<\/a>","tag_info":"Destacadas","comment_count":"0","amp_enabled":true,"_links":{"self":[{"href":"https:\/\/experienciadevida.com.ar\/portalurbano\/wp-json\/wp\/v2\/posts\/137068"}],"collection":[{"href":"https:\/\/experienciadevida.com.ar\/portalurbano\/wp-json\/wp\/v2\/posts"}],"about":[{"href":"https:\/\/experienciadevida.com.ar\/portalurbano\/wp-json\/wp\/v2\/types\/post"}],"author":[{"embeddable":true,"href":"https:\/\/experienciadevida.com.ar\/portalurbano\/wp-json\/wp\/v2\/users\/1"}],"replies":[{"embeddable":true,"href":"https:\/\/experienciadevida.com.ar\/portalurbano\/wp-json\/wp\/v2\/comments?post=137068"}],"version-history":[{"count":1,"href":"https:\/\/experienciadevida.com.ar\/portalurbano\/wp-json\/wp\/v2\/posts\/137068\/revisions"}],"predecessor-version":[{"id":137070,"href":"https:\/\/experienciadevida.com.ar\/portalurbano\/wp-json\/wp\/v2\/posts\/137068\/revisions\/137070"}],"wp:featuredmedia":[{"embeddable":true,"href":"https:\/\/experienciadevida.com.ar\/portalurbano\/wp-json\/wp\/v2\/media\/137069"}],"wp:attachment":[{"href":"https:\/\/experienciadevida.com.ar\/portalurbano\/wp-json\/wp\/v2\/media?parent=137068"}],"wp:term":[{"taxonomy":"category","embeddable":true,"href":"https:\/\/experienciadevida.com.ar\/portalurbano\/wp-json\/wp\/v2\/categories?post=137068"},{"taxonomy":"post_tag","embeddable":true,"href":"https:\/\/experienciadevida.com.ar\/portalurbano\/wp-json\/wp\/v2\/tags?post=137068"}],"curies":[{"name":"wp","href":"https:\/\/api.w.org\/{rel}","templated":true}]}}