{"id":137027,"date":"2021-03-09T14:41:06","date_gmt":"2021-03-09T17:41:06","guid":{"rendered":"https:\/\/experienciadevida.com.ar\/portalurbano\/?p=137027"},"modified":"2021-03-09T14:44:24","modified_gmt":"2021-03-09T17:44:24","slug":"el-director-provincial-de-educacion-tecnico-profesional-gerardo-marchesini-encabezo-un-encuentro-con-eje-en-la-mineria","status":"publish","type":"post","link":"https:\/\/experienciadevida.com.ar\/portalurbano\/el-director-provincial-de-educacion-tecnico-profesional-gerardo-marchesini-encabezo-un-encuentro-con-eje-en-la-mineria\/","title":{"rendered":"El director provincial de Educaci\u00f3n T\u00e9cnico Profesional Gerardo Marchesini encabez\u00f3 un encuentro con eje en la miner\u00eda"},"content":{"rendered":"<p>El director provincial de Educaci\u00f3n T\u00e9cnico Profesional Gerardo Marchesini encabez\u00f3 un encuentro con eje en la miner\u00eda.<\/p>\n<p>En el marco de un encuentro del Consejo Provincial de Educaci\u00f3n y Trabajo, el Subsecretario de Miner\u00eda de la Provincia, <a href=\"https:\/\/www.facebook.com\/FedericoAguile5\">Federico Aguilera<\/a>, particip\u00f3 de una reuni\u00f3n junto al Director Provincial de Educaci\u00f3n T\u00e9cnico Profesional, Gerardo Marchesini, y el director provincial de Formaci\u00f3n Profesional, Luis De Gisi, donde se abord\u00f3 la importancia de la educaci\u00f3n t\u00e9cnica y superior enfocada al desarrollo del sector productivo y minero de Olavarr\u00eda y la regi\u00f3n.<\/p>\n<p>El encuentro se realiz\u00f3 en la Escuela T\u00e9cnica N\u00b02 \u201cLuciano Fortabat\u201d y cont\u00f3 con la presencia de las autoridades del Consejo Provincial de Educaci\u00f3n y Trabajo, encabezado por su secretario Ejecutivo Fernando Tasc\u00f3n. Adem\u00e1s, participaron el jefe distrital de Educaci\u00f3n, Julio Ben\u00edtez, autoridades municipales, instituciones educativas de la ciudad, directivos de la Uni\u00f3n Industrial de Olavarr\u00eda, representantes de la C\u00e1mara de la Piedra y del gremio de AOMA.<\/p>\n<p>En ese sentido, el subsecretario de Miner\u00eda de la provincia, Federico Aguilera, remarc\u00f3 que \u201cel objetivo de este encuentro es articular sobre las demandas educativas de los distintos sectores productivos de la ciudad, puntualmente la necesidad de formaci\u00f3n de mano de obra calificada que requiere el sector minero\u201d.<\/p>\n<p>\u201cDesde Miner\u00eda planteamos la necesidad de avanzar en la formaci\u00f3n t\u00e9cnico profesional que requiere el sector y estamos trabajando en la conformaci\u00f3n de cursos con una duraci\u00f3n de entre uno o dos a\u00f1os para el manejo de maquinaria espec\u00edfica del sector minero, adem\u00e1s buscamos avanzar en la elaboraci\u00f3n de carreras t\u00e9cnicas profesionales de mediana y larga duraci\u00f3n para trabajar en la capacitaci\u00f3n de operarios de planta\u201d, consider\u00f3 el subsecretario de Miner\u00eda, Federico Aguilera.<\/p>\n<p>Asimismo, el subsecretario de Miner\u00eda asegur\u00f3 que \u201ces fundamental que se pueda cubrir la demanda de trabajo que existe en la ciudad con mano de obra olavarriense y para eso es necesario avanzar en un plan de formaci\u00f3n y con un abanico de carreras t\u00e9cnico profesionales que tengan el eje puesto en la miner\u00eda\u201d.<\/p>\n<p>Por su parte, el Director Provincial de Educaci\u00f3n T\u00e9cnico Profesional, Gerardo Marchesini, remarc\u00f3 la importancia de estos encuentros para pensar un sistema educativo en constante di\u00e1logo con actores del sector productivo, en Olavarr\u00eda la articulaci\u00f3n con el sector minero es fundamental por eso venimos trabajando en esta l\u00ednea con Federico Aguilera\u201d.<\/p>\n<p>\u201cQueremos desarrollar un modelo educativo propio para la regi\u00f3n y las necesidades productivas de una ciudad como Olavarr\u00eda\u201d, asegur\u00f3 Marches\u00edn.<\/p>\n<p><a href=\"https:\/\/experienciadevida.com.ar\/portalurbano\/el-director-provincial-de-educacion-tecnico-profesional-gerardo-marchesini-encabezo-un-encuentro-con-eje-en-la-mineria\/el-director-provincial\/\" rel=\"attachment wp-att-137031\"><img decoding=\"async\" class=\"alignnone size-full wp-image-137031\" src=\"https:\/\/experienciadevida.com.ar\/portalurbano\/wp-content\/uploads\/2021\/03\/El-director-provincial.jpg\" alt=\"El director provincial \" width=\"1280\" height=\"977\" srcset=\"https:\/\/experienciadevida.com.ar\/portalurbano\/wp-content\/uploads\/2021\/03\/El-director-provincial.jpg 1280w, https:\/\/experienciadevida.com.ar\/portalurbano\/wp-content\/uploads\/2021\/03\/El-director-provincial-300x229.jpg 300w, https:\/\/experienciadevida.com.ar\/portalurbano\/wp-content\/uploads\/2021\/03\/El-director-provincial-1024x782.jpg 1024w, https:\/\/experienciadevida.com.ar\/portalurbano\/wp-content\/uploads\/2021\/03\/El-director-provincial-768x586.jpg 768w\" sizes=\"(max-width: 1280px) 100vw, 1280px\" \/><\/a><\/p>\n<p><a href=\"https:\/\/experienciadevida.com.ar\/portalurbano\/el-director-provincial-de-educacion-tecnico-profesional-gerardo-marchesini-encabezo-un-encuentro-con-eje-en-la-mineria\/director-3\/\" rel=\"attachment wp-att-137032\"><img decoding=\"async\" class=\"alignnone size-full wp-image-137032\" src=\"https:\/\/experienciadevida.com.ar\/portalurbano\/wp-content\/uploads\/2021\/03\/Director.jpg\" alt=\"Director \" width=\"1232\" height=\"816\" srcset=\"https:\/\/experienciadevida.com.ar\/portalurbano\/wp-content\/uploads\/2021\/03\/Director.jpg 1232w, https:\/\/experienciadevida.com.ar\/portalurbano\/wp-content\/uploads\/2021\/03\/Director-300x199.jpg 300w, https:\/\/experienciadevida.com.ar\/portalurbano\/wp-content\/uploads\/2021\/03\/Director-1024x678.jpg 1024w, https:\/\/experienciadevida.com.ar\/portalurbano\/wp-content\/uploads\/2021\/03\/Director-768x509.jpg 768w\" sizes=\"(max-width: 1232px) 100vw, 1232px\" \/><\/a><\/p>\n","protected":false},"excerpt":{"rendered":"<p>El director provincial de Educaci\u00f3n T\u00e9cnico Profesional Gerardo Marchesini encabez\u00f3 un encuentro con eje en&#8230;<\/p>\n","protected":false},"author":1,"featured_media":137028,"comment_status":"closed","ping_status":"closed","sticky":false,"template":"","format":"standard","meta":{"content-type":""},"categories":[27,51],"tags":[],"nelio_content":{"isAutoShareEnabled":false,"autoShareEndMode":"default","automationSources":{"useContentSentences":true,"useSocialTemplates":true,"useCustomSentences":false,"customSentences":[]},"followers":[1],"suggestedReferences":[],"includedReferences":[],"efiUrl":"","efiAlt":"","highlights":[]},"yoast_head":"<!-- This site is optimized with the Yoast SEO plugin v20.7 - https:\/\/yoast.com\/wordpress\/plugins\/seo\/ -->\n<title>El Director Provincial Gerardo Marchesini encabez\u00f3 un encuentro<\/title>\n<meta name=\"description\" content=\"El director provincial de Educaci\u00f3n T\u00e9cnico Profesional Gerardo Marchesini encabez\u00f3 un encuentro con eje en la miner\u00eda con Aguilera Federico.\" \/>\n<meta name=\"robots\" content=\"index, follow, max-snippet:-1, max-image-preview:large, max-video-preview:-1\" \/>\n<link rel=\"canonical\" href=\"https:\/\/experienciadevida.com.ar\/portalurbano\/el-director-provincial-de-educacion-tecnico-profesional-gerardo-marchesini-encabezo-un-encuentro-con-eje-en-la-mineria\/\" \/>\n<meta property=\"og:locale\" content=\"es_ES\" \/>\n<meta property=\"og:type\" content=\"article\" \/>\n<meta property=\"og:title\" content=\"El Director Provincial Gerardo Marchesini encabez\u00f3 un encuentro\" \/>\n<meta property=\"og:description\" content=\"El director provincial de Educaci\u00f3n T\u00e9cnico Profesional Gerardo Marchesini encabez\u00f3 un encuentro con eje en la miner\u00eda con Aguilera Federico.\" \/>\n<meta property=\"og:url\" content=\"https:\/\/experienciadevida.com.ar\/portalurbano\/el-director-provincial-de-educacion-tecnico-profesional-gerardo-marchesini-encabezo-un-encuentro-con-eje-en-la-mineria\/\" \/>\n<meta property=\"article:publisher\" content=\"https:\/\/www.facebook.com\/Portal-Urbano-171542830093757\/\" \/>\n<meta property=\"article:published_time\" content=\"2021-03-09T17:41:06+00:00\" \/>\n<meta property=\"article:modified_time\" content=\"2021-03-09T17:44:24+00:00\" \/>\n<meta property=\"og:image\" content=\"https:\/\/experienciadevida.com.ar\/portalurbano\/wp-content\/uploads\/2021\/03\/El-director-provincial-de-Educacion.jpg\" \/>\n\t<meta property=\"og:image:width\" content=\"1280\" \/>\n\t<meta property=\"og:image:height\" content=\"942\" \/>\n\t<meta property=\"og:image:type\" content=\"image\/jpeg\" \/>\n<meta name=\"author\" content=\"admpu17wp\" \/>\n<meta name=\"twitter:card\" content=\"summary_large_image\" \/>\n<meta name=\"twitter:creator\" content=\"@portalurbanook\" \/>\n<meta name=\"twitter:site\" content=\"@portalurbanook\" \/>\n<meta name=\"twitter:label1\" content=\"Escrito por\" \/>\n\t<meta name=\"twitter:data1\" content=\"admpu17wp\" \/>\n\t<meta name=\"twitter:label2\" content=\"Tiempo de lectura\" \/>\n\t<meta name=\"twitter:data2\" content=\"3 minutos\" \/>\n<script type=\"application\/ld+json\" class=\"yoast-schema-graph\">{\"@context\":\"https:\/\/schema.org\",\"@graph\":[{\"@type\":\"Article\",\"@id\":\"https:\/\/experienciadevida.com.ar\/portalurbano\/el-director-provincial-de-educacion-tecnico-profesional-gerardo-marchesini-encabezo-un-encuentro-con-eje-en-la-mineria\/#article\",\"isPartOf\":{\"@id\":\"https:\/\/experienciadevida.com.ar\/portalurbano\/el-director-provincial-de-educacion-tecnico-profesional-gerardo-marchesini-encabezo-un-encuentro-con-eje-en-la-mineria\/\"},\"author\":{\"name\":\"admpu17wp\",\"@id\":\"https:\/\/experienciadevida.com.ar\/portalurbano\/#\/schema\/person\/02dd326b1c4b056e9cc972486934a3a7\"},\"headline\":\"El director provincial de Educaci\u00f3n T\u00e9cnico Profesional Gerardo Marchesini encabez\u00f3 un encuentro con eje en la miner\u00eda\",\"datePublished\":\"2021-03-09T17:41:06+00:00\",\"dateModified\":\"2021-03-09T17:44:24+00:00\",\"mainEntityOfPage\":{\"@id\":\"https:\/\/experienciadevida.com.ar\/portalurbano\/el-director-provincial-de-educacion-tecnico-profesional-gerardo-marchesini-encabezo-un-encuentro-con-eje-en-la-mineria\/\"},\"wordCount\":471,\"publisher\":{\"@id\":\"https:\/\/experienciadevida.com.ar\/portalurbano\/#organization\"},\"articleSection\":[\"Ciudad\",\"Destacadas\"],\"inLanguage\":\"es\"},{\"@type\":\"WebPage\",\"@id\":\"https:\/\/experienciadevida.com.ar\/portalurbano\/el-director-provincial-de-educacion-tecnico-profesional-gerardo-marchesini-encabezo-un-encuentro-con-eje-en-la-mineria\/\",\"url\":\"https:\/\/experienciadevida.com.ar\/portalurbano\/el-director-provincial-de-educacion-tecnico-profesional-gerardo-marchesini-encabezo-un-encuentro-con-eje-en-la-mineria\/\",\"name\":\"El Director Provincial Gerardo Marchesini encabez\u00f3 un encuentro\",\"isPartOf\":{\"@id\":\"https:\/\/experienciadevida.com.ar\/portalurbano\/#website\"},\"datePublished\":\"2021-03-09T17:41:06+00:00\",\"dateModified\":\"2021-03-09T17:44:24+00:00\",\"description\":\"El director provincial de Educaci\u00f3n T\u00e9cnico Profesional Gerardo Marchesini encabez\u00f3 un encuentro con eje en la miner\u00eda con Aguilera Federico.\",\"breadcrumb\":{\"@id\":\"https:\/\/experienciadevida.com.ar\/portalurbano\/el-director-provincial-de-educacion-tecnico-profesional-gerardo-marchesini-encabezo-un-encuentro-con-eje-en-la-mineria\/#breadcrumb\"},\"inLanguage\":\"es\",\"potentialAction\":[{\"@type\":\"ReadAction\",\"target\":[\"https:\/\/experienciadevida.com.ar\/portalurbano\/el-director-provincial-de-educacion-tecnico-profesional-gerardo-marchesini-encabezo-un-encuentro-con-eje-en-la-mineria\/\"]}]},{\"@type\":\"BreadcrumbList\",\"@id\":\"https:\/\/experienciadevida.com.ar\/portalurbano\/el-director-provincial-de-educacion-tecnico-profesional-gerardo-marchesini-encabezo-un-encuentro-con-eje-en-la-mineria\/#breadcrumb\",\"itemListElement\":[{\"@type\":\"ListItem\",\"position\":1,\"name\":\"Portada\",\"item\":\"https:\/\/experienciadevida.com.ar\/portalurbano\/\"},{\"@type\":\"ListItem\",\"position\":2,\"name\":\"El director provincial de Educaci\u00f3n T\u00e9cnico Profesional Gerardo Marchesini encabez\u00f3 un encuentro con eje en la miner\u00eda\"}]},{\"@type\":\"WebSite\",\"@id\":\"https:\/\/experienciadevida.com.ar\/portalurbano\/#website\",\"url\":\"https:\/\/experienciadevida.com.ar\/portalurbano\/\",\"name\":\"\",\"description\":\"\",\"publisher\":{\"@id\":\"https:\/\/experienciadevida.com.ar\/portalurbano\/#organization\"},\"potentialAction\":[{\"@type\":\"SearchAction\",\"target\":{\"@type\":\"EntryPoint\",\"urlTemplate\":\"https:\/\/experienciadevida.com.ar\/portalurbano\/?s={search_term_string}\"},\"query-input\":\"required name=search_term_string\"}],\"inLanguage\":\"es\"},{\"@type\":\"Organization\",\"@id\":\"https:\/\/experienciadevida.com.ar\/portalurbano\/#organization\",\"name\":\"Portal Urbano\",\"url\":\"https:\/\/experienciadevida.com.ar\/portalurbano\/\",\"logo\":{\"@type\":\"ImageObject\",\"inLanguage\":\"es\",\"@id\":\"https:\/\/experienciadevida.com.ar\/portalurbano\/#\/schema\/logo\/image\/\",\"url\":\"https:\/\/experienciadevida.com.ar\/portalurbano\/wp-content\/uploads\/2019\/09\/Logo-Original.png\",\"contentUrl\":\"https:\/\/experienciadevida.com.ar\/portalurbano\/wp-content\/uploads\/2019\/09\/Logo-Original.png\",\"width\":2236,\"height\":1216,\"caption\":\"Portal Urbano\"},\"image\":{\"@id\":\"https:\/\/experienciadevida.com.ar\/portalurbano\/#\/schema\/logo\/image\/\"},\"sameAs\":[\"https:\/\/www.facebook.com\/Portal-Urbano-171542830093757\/\",\"https:\/\/twitter.com\/portalurbanook\",\"https:\/\/www.instagram.com\/_portalurbano\/\",\"https:\/\/www.youtube.com\/channel\/UCXhagIfszH8KxFiOok79zbA?view_as=subscriber\"]},{\"@type\":\"Person\",\"@id\":\"https:\/\/experienciadevida.com.ar\/portalurbano\/#\/schema\/person\/02dd326b1c4b056e9cc972486934a3a7\",\"name\":\"admpu17wp\",\"image\":{\"@type\":\"ImageObject\",\"inLanguage\":\"es\",\"@id\":\"https:\/\/experienciadevida.com.ar\/portalurbano\/#\/schema\/person\/image\/\",\"url\":\"https:\/\/secure.gravatar.com\/avatar\/830d4c57adaae6630765e449a6908047?s=96&d=mm&r=g\",\"contentUrl\":\"https:\/\/secure.gravatar.com\/avatar\/830d4c57adaae6630765e449a6908047?s=96&d=mm&r=g\",\"caption\":\"admpu17wp\"}}]}<\/script>\n<!-- \/ Yoast SEO plugin. -->","yoast_head_json":{"title":"El Director Provincial Gerardo Marchesini encabez\u00f3 un encuentro","description":"El director provincial de Educaci\u00f3n T\u00e9cnico Profesional Gerardo Marchesini encabez\u00f3 un encuentro con eje en la miner\u00eda con Aguilera Federico.","robots":{"index":"index","follow":"follow","max-snippet":"max-snippet:-1","max-image-preview":"max-image-preview:large","max-video-preview":"max-video-preview:-1"},"canonical":"https:\/\/experienciadevida.com.ar\/portalurbano\/el-director-provincial-de-educacion-tecnico-profesional-gerardo-marchesini-encabezo-un-encuentro-con-eje-en-la-mineria\/","og_locale":"es_ES","og_type":"article","og_title":"El Director Provincial Gerardo Marchesini encabez\u00f3 un encuentro","og_description":"El director provincial de Educaci\u00f3n T\u00e9cnico Profesional Gerardo Marchesini encabez\u00f3 un encuentro con eje en la miner\u00eda con Aguilera Federico.","og_url":"https:\/\/experienciadevida.com.ar\/portalurbano\/el-director-provincial-de-educacion-tecnico-profesional-gerardo-marchesini-encabezo-un-encuentro-con-eje-en-la-mineria\/","article_publisher":"https:\/\/www.facebook.com\/Portal-Urbano-171542830093757\/","article_published_time":"2021-03-09T17:41:06+00:00","article_modified_time":"2021-03-09T17:44:24+00:00","og_image":[{"width":1280,"height":942,"url":"https:\/\/experienciadevida.com.ar\/portalurbano\/wp-content\/uploads\/2021\/03\/El-director-provincial-de-Educacion.jpg","type":"image\/jpeg"}],"author":"admpu17wp","twitter_card":"summary_large_image","twitter_creator":"@portalurbanook","twitter_site":"@portalurbanook","twitter_misc":{"Escrito por":"admpu17wp","Tiempo de lectura":"3 minutos"},"schema":{"@context":"https:\/\/schema.org","@graph":[{"@type":"Article","@id":"https:\/\/experienciadevida.com.ar\/portalurbano\/el-director-provincial-de-educacion-tecnico-profesional-gerardo-marchesini-encabezo-un-encuentro-con-eje-en-la-mineria\/#article","isPartOf":{"@id":"https:\/\/experienciadevida.com.ar\/portalurbano\/el-director-provincial-de-educacion-tecnico-profesional-gerardo-marchesini-encabezo-un-encuentro-con-eje-en-la-mineria\/"},"author":{"name":"admpu17wp","@id":"https:\/\/experienciadevida.com.ar\/portalurbano\/#\/schema\/person\/02dd326b1c4b056e9cc972486934a3a7"},"headline":"El director provincial de Educaci\u00f3n T\u00e9cnico Profesional Gerardo Marchesini encabez\u00f3 un encuentro con eje en la miner\u00eda","datePublished":"2021-03-09T17:41:06+00:00","dateModified":"2021-03-09T17:44:24+00:00","mainEntityOfPage":{"@id":"https:\/\/experienciadevida.com.ar\/portalurbano\/el-director-provincial-de-educacion-tecnico-profesional-gerardo-marchesini-encabezo-un-encuentro-con-eje-en-la-mineria\/"},"wordCount":471,"publisher":{"@id":"https:\/\/experienciadevida.com.ar\/portalurbano\/#organization"},"articleSection":["Ciudad","Destacadas"],"inLanguage":"es"},{"@type":"WebPage","@id":"https:\/\/experienciadevida.com.ar\/portalurbano\/el-director-provincial-de-educacion-tecnico-profesional-gerardo-marchesini-encabezo-un-encuentro-con-eje-en-la-mineria\/","url":"https:\/\/experienciadevida.com.ar\/portalurbano\/el-director-provincial-de-educacion-tecnico-profesional-gerardo-marchesini-encabezo-un-encuentro-con-eje-en-la-mineria\/","name":"El Director Provincial Gerardo Marchesini encabez\u00f3 un encuentro","isPartOf":{"@id":"https:\/\/experienciadevida.com.ar\/portalurbano\/#website"},"datePublished":"2021-03-09T17:41:06+00:00","dateModified":"2021-03-09T17:44:24+00:00","description":"El director provincial de Educaci\u00f3n T\u00e9cnico Profesional Gerardo Marchesini encabez\u00f3 un encuentro con eje en la miner\u00eda con Aguilera Federico.","breadcrumb":{"@id":"https:\/\/experienciadevida.com.ar\/portalurbano\/el-director-provincial-de-educacion-tecnico-profesional-gerardo-marchesini-encabezo-un-encuentro-con-eje-en-la-mineria\/#breadcrumb"},"inLanguage":"es","potentialAction":[{"@type":"ReadAction","target":["https:\/\/experienciadevida.com.ar\/portalurbano\/el-director-provincial-de-educacion-tecnico-profesional-gerardo-marchesini-encabezo-un-encuentro-con-eje-en-la-mineria\/"]}]},{"@type":"BreadcrumbList","@id":"https:\/\/experienciadevida.com.ar\/portalurbano\/el-director-provincial-de-educacion-tecnico-profesional-gerardo-marchesini-encabezo-un-encuentro-con-eje-en-la-mineria\/#breadcrumb","itemListElement":[{"@type":"ListItem","position":1,"name":"Portada","item":"https:\/\/experienciadevida.com.ar\/portalurbano\/"},{"@type":"ListItem","position":2,"name":"El director provincial de Educaci\u00f3n T\u00e9cnico Profesional Gerardo Marchesini encabez\u00f3 un encuentro con eje en la miner\u00eda"}]},{"@type":"WebSite","@id":"https:\/\/experienciadevida.com.ar\/portalurbano\/#website","url":"https:\/\/experienciadevida.com.ar\/portalurbano\/","name":"","description":"","publisher":{"@id":"https:\/\/experienciadevida.com.ar\/portalurbano\/#organization"},"potentialAction":[{"@type":"SearchAction","target":{"@type":"EntryPoint","urlTemplate":"https:\/\/experienciadevida.com.ar\/portalurbano\/?s={search_term_string}"},"query-input":"required name=search_term_string"}],"inLanguage":"es"},{"@type":"Organization","@id":"https:\/\/experienciadevida.com.ar\/portalurbano\/#organization","name":"Portal Urbano","url":"https:\/\/experienciadevida.com.ar\/portalurbano\/","logo":{"@type":"ImageObject","inLanguage":"es","@id":"https:\/\/experienciadevida.com.ar\/portalurbano\/#\/schema\/logo\/image\/","url":"https:\/\/experienciadevida.com.ar\/portalurbano\/wp-content\/uploads\/2019\/09\/Logo-Original.png","contentUrl":"https:\/\/experienciadevida.com.ar\/portalurbano\/wp-content\/uploads\/2019\/09\/Logo-Original.png","width":2236,"height":1216,"caption":"Portal Urbano"},"image":{"@id":"https:\/\/experienciadevida.com.ar\/portalurbano\/#\/schema\/logo\/image\/"},"sameAs":["https:\/\/www.facebook.com\/Portal-Urbano-171542830093757\/","https:\/\/twitter.com\/portalurbanook","https:\/\/www.instagram.com\/_portalurbano\/","https:\/\/www.youtube.com\/channel\/UCXhagIfszH8KxFiOok79zbA?view_as=subscriber"]},{"@type":"Person","@id":"https:\/\/experienciadevida.com.ar\/portalurbano\/#\/schema\/person\/02dd326b1c4b056e9cc972486934a3a7","name":"admpu17wp","image":{"@type":"ImageObject","inLanguage":"es","@id":"https:\/\/experienciadevida.com.ar\/portalurbano\/#\/schema\/person\/image\/","url":"https:\/\/secure.gravatar.com\/avatar\/830d4c57adaae6630765e449a6908047?s=96&d=mm&r=g","contentUrl":"https:\/\/secure.gravatar.com\/avatar\/830d4c57adaae6630765e449a6908047?s=96&d=mm&r=g","caption":"admpu17wp"}}]}},"featured_image_urls":{"full":["https:\/\/experienciadevida.com.ar\/portalurbano\/wp-content\/uploads\/2021\/03\/El-director-provincial-de-Educacion.jpg",1280,942,false],"thumbnail":["https:\/\/experienciadevida.com.ar\/portalurbano\/wp-content\/uploads\/2021\/03\/El-director-provincial-de-Educacion-150x150.jpg",150,150,true],"medium":["https:\/\/experienciadevida.com.ar\/portalurbano\/wp-content\/uploads\/2021\/03\/El-director-provincial-de-Educacion-300x221.jpg",300,221,true],"medium_large":["https:\/\/experienciadevida.com.ar\/portalurbano\/wp-content\/uploads\/2021\/03\/El-director-provincial-de-Educacion-768x565.jpg",640,471,true],"large":["https:\/\/experienciadevida.com.ar\/portalurbano\/wp-content\/uploads\/2021\/03\/El-director-provincial-de-Educacion-1024x754.jpg",640,471,true],"ug_big":["https:\/\/experienciadevida.com.ar\/portalurbano\/wp-content\/uploads\/2021\/03\/El-director-provincial-de-Educacion-768x565.jpg",768,565,true],"1536x1536":["https:\/\/experienciadevida.com.ar\/portalurbano\/wp-content\/uploads\/2021\/03\/El-director-provincial-de-Educacion.jpg",1280,942,false],"2048x2048":["https:\/\/experienciadevida.com.ar\/portalurbano\/wp-content\/uploads\/2021\/03\/El-director-provincial-de-Educacion.jpg",1280,942,false],"newsever-slider-full":["https:\/\/experienciadevida.com.ar\/portalurbano\/wp-content\/uploads\/2021\/03\/El-director-provincial-de-Educacion.jpg",1148,845,false],"newsever-featured":["https:\/\/experienciadevida.com.ar\/portalurbano\/wp-content\/uploads\/2021\/03\/El-director-provincial-de-Educacion.jpg",1024,754,false],"newsever-medium":["https:\/\/experienciadevida.com.ar\/portalurbano\/wp-content\/uploads\/2021\/03\/El-director-provincial-de-Educacion.jpg",645,475,false],"web-stories-poster-portrait":["https:\/\/experienciadevida.com.ar\/portalurbano\/wp-content\/uploads\/2021\/03\/El-director-provincial-de-Educacion.jpg",640,471,false],"web-stories-publisher-logo":["https:\/\/experienciadevida.com.ar\/portalurbano\/wp-content\/uploads\/2021\/03\/El-director-provincial-de-Educacion.jpg",96,71,false],"web-stories-thumbnail":["https:\/\/experienciadevida.com.ar\/portalurbano\/wp-content\/uploads\/2021\/03\/El-director-provincial-de-Educacion.jpg",150,110,false]},"author_info":{"display_name":"admpu17wp","author_link":"https:\/\/experienciadevida.com.ar\/portalurbano\/author\/admpu17wp\/"},"category_info":"<a href=\"https:\/\/experienciadevida.com.ar\/portalurbano\/category\/ciudad\/\" rel=\"category tag\">Ciudad<\/a> <a href=\"https:\/\/experienciadevida.com.ar\/portalurbano\/category\/destacadas\/\" rel=\"category tag\">Destacadas<\/a>","tag_info":"Destacadas","comment_count":"0","amp_enabled":true,"_links":{"self":[{"href":"https:\/\/experienciadevida.com.ar\/portalurbano\/wp-json\/wp\/v2\/posts\/137027"}],"collection":[{"href":"https:\/\/experienciadevida.com.ar\/portalurbano\/wp-json\/wp\/v2\/posts"}],"about":[{"href":"https:\/\/experienciadevida.com.ar\/portalurbano\/wp-json\/wp\/v2\/types\/post"}],"author":[{"embeddable":true,"href":"https:\/\/experienciadevida.com.ar\/portalurbano\/wp-json\/wp\/v2\/users\/1"}],"replies":[{"embeddable":true,"href":"https:\/\/experienciadevida.com.ar\/portalurbano\/wp-json\/wp\/v2\/comments?post=137027"}],"version-history":[{"count":4,"href":"https:\/\/experienciadevida.com.ar\/portalurbano\/wp-json\/wp\/v2\/posts\/137027\/revisions"}],"predecessor-version":[{"id":137034,"href":"https:\/\/experienciadevida.com.ar\/portalurbano\/wp-json\/wp\/v2\/posts\/137027\/revisions\/137034"}],"wp:featuredmedia":[{"embeddable":true,"href":"https:\/\/experienciadevida.com.ar\/portalurbano\/wp-json\/wp\/v2\/media\/137028"}],"wp:attachment":[{"href":"https:\/\/experienciadevida.com.ar\/portalurbano\/wp-json\/wp\/v2\/media?parent=137027"}],"wp:term":[{"taxonomy":"category","embeddable":true,"href":"https:\/\/experienciadevida.com.ar\/portalurbano\/wp-json\/wp\/v2\/categories?post=137027"},{"taxonomy":"post_tag","embeddable":true,"href":"https:\/\/experienciadevida.com.ar\/portalurbano\/wp-json\/wp\/v2\/tags?post=137027"}],"curies":[{"name":"wp","href":"https:\/\/api.w.org\/{rel}","templated":true}]}}