{"id":136991,"date":"2021-03-09T11:08:36","date_gmt":"2021-03-09T14:08:36","guid":{"rendered":"https:\/\/experienciadevida.com.ar\/portalurbano\/?p=136991"},"modified":"2021-03-09T11:12:51","modified_gmt":"2021-03-09T14:12:51","slug":"tramo-final-de-obra-en-las-viviendas-para-mujeres-que-atraviesan-violencia-de-genero","status":"publish","type":"post","link":"https:\/\/experienciadevida.com.ar\/portalurbano\/tramo-final-de-obra-en-las-viviendas-para-mujeres-que-atraviesan-violencia-de-genero\/","title":{"rendered":"Tramo final de obra en las viviendas para mujeres que atraviesan violencia de g\u00e9nero"},"content":{"rendered":"<p>Tramo final de obra en las viviendas para mujeres que atraviesan violencia de g\u00e9nero. En la ma\u00f1ana de este martes, el intendente <a href=\"https:\/\/www.facebook.com\/galliezequiel\">Ezequiel Galli<\/a> recorri\u00f3 el edificio de dos plantas \u2013en la localidad de Sierra Chica\u2013 que ser\u00e1n pr\u00f3ximamente las dos viviendas para mujeres que atraviesan violencia de g\u00e9nero.<\/p>\n<p>Estuvo acompa\u00f1ado por los secretarios de Desarrollo Humano y Calidad de Vida Diego Robbiani y de Mantenimiento y Obras P\u00fablicas Julio Ferraro y la subsecretaria de Derechos, Igualdad y Oportunidades Dolores Muro.<\/p>\n<p>Tramo final de obra en las viviendas para mujeres que atraviesan violencia de g\u00e9nero, \u201cEstamos pr\u00f3ximos a finalizar esta obra y es muy significativo que hayamos podido reunir el trabajo mancomunado de diferentes \u00e1reas del Municipio. Desde la gesti\u00f3n, consolidamos nuestro compromiso de garantizar el acceso a derechos y oportunidades y la concreci\u00f3n de estas viviendas es un avance important\u00edsimo\u201d, manifest\u00f3 el Intendente.<\/p>\n<p>Por otra parte, se se\u00f1al\u00f3 que las familias que habitar\u00e1n las viviendas ser\u00e1n seleccionadas luego de la realizaci\u00f3n de evaluaciones diagn\u00f3sticas minuciosas, a partir del trabajo conjunto de las diferentes \u00e1reas de la Secretar\u00eda de Desarrollo Humano y Calidad de Vida.<\/p>\n<p>\u201cDar respuesta a las necesidades de dos familias, garantizar sus derechos y tener un gran equipo comprometido que las acompa\u00f1a, es muy gratificante\u201d, agreg\u00f3 Galli.<\/p>\n<p>Asimismo asegur\u00f3 que \u201cel acceso a la vivienda es una herramienta fundamental para fortalecer el proceso de mujeres que han atravesado situaciones de violencia por razones de g\u00e9nero. En incontables ocasiones, la falta de un lugar donde vivir es un factor clave en la permanencia en el v\u00ednculo. Atender esta demanda habitacional es un paso m\u00e1s que queremos dar hacia la igualdad de oportunidades\u201d.<\/p>\n<p><a href=\"https:\/\/experienciadevida.com.ar\/portalurbano\/tramo-final-de-obra-en-las-viviendas-para-mujeres-que-atraviesan-violencia-de-genero\/tramo-final\/\" rel=\"attachment wp-att-136995\"><img decoding=\"async\" class=\"alignnone size-full wp-image-136995\" src=\"https:\/\/experienciadevida.com.ar\/portalurbano\/wp-content\/uploads\/2021\/03\/Tramo-final.jpg\" alt=\"Tramo final \" width=\"2560\" height=\"1711\" srcset=\"https:\/\/experienciadevida.com.ar\/portalurbano\/wp-content\/uploads\/2021\/03\/Tramo-final.jpg 2560w, https:\/\/experienciadevida.com.ar\/portalurbano\/wp-content\/uploads\/2021\/03\/Tramo-final-300x201.jpg 300w, https:\/\/experienciadevida.com.ar\/portalurbano\/wp-content\/uploads\/2021\/03\/Tramo-final-1024x684.jpg 1024w, https:\/\/experienciadevida.com.ar\/portalurbano\/wp-content\/uploads\/2021\/03\/Tramo-final-768x513.jpg 768w, https:\/\/experienciadevida.com.ar\/portalurbano\/wp-content\/uploads\/2021\/03\/Tramo-final-1536x1027.jpg 1536w, https:\/\/experienciadevida.com.ar\/portalurbano\/wp-content\/uploads\/2021\/03\/Tramo-final-2048x1369.jpg 2048w\" sizes=\"(max-width: 2560px) 100vw, 2560px\" \/><\/a><\/p>\n<p><a href=\"https:\/\/experienciadevida.com.ar\/portalurbano\/tramo-final-de-obra-en-las-viviendas-para-mujeres-que-atraviesan-violencia-de-genero\/de-obra\/\" rel=\"attachment wp-att-136996\"><img decoding=\"async\" class=\"alignnone size-full wp-image-136996\" src=\"https:\/\/experienciadevida.com.ar\/portalurbano\/wp-content\/uploads\/2021\/03\/de-obra.jpg\" alt=\"de obra \" width=\"2560\" height=\"1711\" srcset=\"https:\/\/experienciadevida.com.ar\/portalurbano\/wp-content\/uploads\/2021\/03\/de-obra.jpg 2560w, https:\/\/experienciadevida.com.ar\/portalurbano\/wp-content\/uploads\/2021\/03\/de-obra-300x201.jpg 300w, https:\/\/experienciadevida.com.ar\/portalurbano\/wp-content\/uploads\/2021\/03\/de-obra-1024x684.jpg 1024w, https:\/\/experienciadevida.com.ar\/portalurbano\/wp-content\/uploads\/2021\/03\/de-obra-768x513.jpg 768w, https:\/\/experienciadevida.com.ar\/portalurbano\/wp-content\/uploads\/2021\/03\/de-obra-1536x1027.jpg 1536w, https:\/\/experienciadevida.com.ar\/portalurbano\/wp-content\/uploads\/2021\/03\/de-obra-2048x1369.jpg 2048w\" sizes=\"(max-width: 2560px) 100vw, 2560px\" \/><\/a><\/p>\n","protected":false},"excerpt":{"rendered":"<p>Tramo final de obra en las viviendas para mujeres que atraviesan violencia de g\u00e9nero. En&#8230;<\/p>\n","protected":false},"author":1,"featured_media":136992,"comment_status":"closed","ping_status":"closed","sticky":false,"template":"","format":"standard","meta":{"content-type":""},"categories":[27,51],"tags":[],"nelio_content":{"isAutoShareEnabled":false,"autoShareEndMode":"default","automationSources":{"useContentSentences":true,"useSocialTemplates":true,"useCustomSentences":false,"customSentences":[]},"followers":[1],"suggestedReferences":[],"includedReferences":[],"efiUrl":"","efiAlt":"","highlights":[]},"yoast_head":"<!-- This site is optimized with the Yoast SEO plugin v20.7 - https:\/\/yoast.com\/wordpress\/plugins\/seo\/ -->\n<title>Tramo final de obra en las viviendas para mujeres que atraviesan violencia<\/title>\n<meta name=\"description\" content=\"Tramo final de obra en las viviendas para mujeres que atraviesan violencia de g\u00e9nero, Galli recorri\u00f3 el edificio de dos plantas en S. Chica\" \/>\n<meta name=\"robots\" content=\"index, follow, max-snippet:-1, max-image-preview:large, max-video-preview:-1\" \/>\n<link rel=\"canonical\" href=\"https:\/\/experienciadevida.com.ar\/portalurbano\/tramo-final-de-obra-en-las-viviendas-para-mujeres-que-atraviesan-violencia-de-genero\/\" \/>\n<meta property=\"og:locale\" content=\"es_ES\" \/>\n<meta property=\"og:type\" content=\"article\" \/>\n<meta property=\"og:title\" content=\"Tramo final de obra en las viviendas para mujeres que atraviesan violencia\" \/>\n<meta property=\"og:description\" content=\"Tramo final de obra en las viviendas para mujeres que atraviesan violencia de g\u00e9nero, Galli recorri\u00f3 el edificio de dos plantas en S. Chica\" \/>\n<meta property=\"og:url\" content=\"https:\/\/experienciadevida.com.ar\/portalurbano\/tramo-final-de-obra-en-las-viviendas-para-mujeres-que-atraviesan-violencia-de-genero\/\" \/>\n<meta property=\"article:publisher\" content=\"https:\/\/www.facebook.com\/Portal-Urbano-171542830093757\/\" \/>\n<meta property=\"article:published_time\" content=\"2021-03-09T14:08:36+00:00\" \/>\n<meta property=\"article:modified_time\" content=\"2021-03-09T14:12:51+00:00\" \/>\n<meta property=\"og:image\" content=\"https:\/\/experienciadevida.com.ar\/portalurbano\/wp-content\/uploads\/2021\/03\/Tramo-final-de-obra.jpg\" \/>\n\t<meta property=\"og:image:width\" content=\"2560\" \/>\n\t<meta property=\"og:image:height\" content=\"1711\" \/>\n\t<meta property=\"og:image:type\" content=\"image\/jpeg\" \/>\n<meta name=\"author\" content=\"admpu17wp\" \/>\n<meta name=\"twitter:card\" content=\"summary_large_image\" \/>\n<meta name=\"twitter:creator\" content=\"@portalurbanook\" \/>\n<meta name=\"twitter:site\" content=\"@portalurbanook\" \/>\n<meta name=\"twitter:label1\" content=\"Escrito por\" \/>\n\t<meta name=\"twitter:data1\" content=\"admpu17wp\" \/>\n\t<meta name=\"twitter:label2\" content=\"Tiempo de lectura\" \/>\n\t<meta name=\"twitter:data2\" content=\"2 minutos\" \/>\n<script type=\"application\/ld+json\" class=\"yoast-schema-graph\">{\"@context\":\"https:\/\/schema.org\",\"@graph\":[{\"@type\":\"Article\",\"@id\":\"https:\/\/experienciadevida.com.ar\/portalurbano\/tramo-final-de-obra-en-las-viviendas-para-mujeres-que-atraviesan-violencia-de-genero\/#article\",\"isPartOf\":{\"@id\":\"https:\/\/experienciadevida.com.ar\/portalurbano\/tramo-final-de-obra-en-las-viviendas-para-mujeres-que-atraviesan-violencia-de-genero\/\"},\"author\":{\"name\":\"admpu17wp\",\"@id\":\"https:\/\/experienciadevida.com.ar\/portalurbano\/#\/schema\/person\/02dd326b1c4b056e9cc972486934a3a7\"},\"headline\":\"Tramo final de obra en las viviendas para mujeres que atraviesan violencia de g\u00e9nero\",\"datePublished\":\"2021-03-09T14:08:36+00:00\",\"dateModified\":\"2021-03-09T14:12:51+00:00\",\"mainEntityOfPage\":{\"@id\":\"https:\/\/experienciadevida.com.ar\/portalurbano\/tramo-final-de-obra-en-las-viviendas-para-mujeres-que-atraviesan-violencia-de-genero\/\"},\"wordCount\":311,\"publisher\":{\"@id\":\"https:\/\/experienciadevida.com.ar\/portalurbano\/#organization\"},\"articleSection\":[\"Ciudad\",\"Destacadas\"],\"inLanguage\":\"es\"},{\"@type\":\"WebPage\",\"@id\":\"https:\/\/experienciadevida.com.ar\/portalurbano\/tramo-final-de-obra-en-las-viviendas-para-mujeres-que-atraviesan-violencia-de-genero\/\",\"url\":\"https:\/\/experienciadevida.com.ar\/portalurbano\/tramo-final-de-obra-en-las-viviendas-para-mujeres-que-atraviesan-violencia-de-genero\/\",\"name\":\"Tramo final de obra en las viviendas para mujeres que atraviesan violencia\",\"isPartOf\":{\"@id\":\"https:\/\/experienciadevida.com.ar\/portalurbano\/#website\"},\"datePublished\":\"2021-03-09T14:08:36+00:00\",\"dateModified\":\"2021-03-09T14:12:51+00:00\",\"description\":\"Tramo final de obra en las viviendas para mujeres que atraviesan violencia de g\u00e9nero, Galli recorri\u00f3 el edificio de dos plantas en S. Chica\",\"breadcrumb\":{\"@id\":\"https:\/\/experienciadevida.com.ar\/portalurbano\/tramo-final-de-obra-en-las-viviendas-para-mujeres-que-atraviesan-violencia-de-genero\/#breadcrumb\"},\"inLanguage\":\"es\",\"potentialAction\":[{\"@type\":\"ReadAction\",\"target\":[\"https:\/\/experienciadevida.com.ar\/portalurbano\/tramo-final-de-obra-en-las-viviendas-para-mujeres-que-atraviesan-violencia-de-genero\/\"]}]},{\"@type\":\"BreadcrumbList\",\"@id\":\"https:\/\/experienciadevida.com.ar\/portalurbano\/tramo-final-de-obra-en-las-viviendas-para-mujeres-que-atraviesan-violencia-de-genero\/#breadcrumb\",\"itemListElement\":[{\"@type\":\"ListItem\",\"position\":1,\"name\":\"Portada\",\"item\":\"https:\/\/experienciadevida.com.ar\/portalurbano\/\"},{\"@type\":\"ListItem\",\"position\":2,\"name\":\"Tramo final de obra en las viviendas para mujeres que atraviesan violencia de g\u00e9nero\"}]},{\"@type\":\"WebSite\",\"@id\":\"https:\/\/experienciadevida.com.ar\/portalurbano\/#website\",\"url\":\"https:\/\/experienciadevida.com.ar\/portalurbano\/\",\"name\":\"\",\"description\":\"\",\"publisher\":{\"@id\":\"https:\/\/experienciadevida.com.ar\/portalurbano\/#organization\"},\"potentialAction\":[{\"@type\":\"SearchAction\",\"target\":{\"@type\":\"EntryPoint\",\"urlTemplate\":\"https:\/\/experienciadevida.com.ar\/portalurbano\/?s={search_term_string}\"},\"query-input\":\"required name=search_term_string\"}],\"inLanguage\":\"es\"},{\"@type\":\"Organization\",\"@id\":\"https:\/\/experienciadevida.com.ar\/portalurbano\/#organization\",\"name\":\"Portal Urbano\",\"url\":\"https:\/\/experienciadevida.com.ar\/portalurbano\/\",\"logo\":{\"@type\":\"ImageObject\",\"inLanguage\":\"es\",\"@id\":\"https:\/\/experienciadevida.com.ar\/portalurbano\/#\/schema\/logo\/image\/\",\"url\":\"https:\/\/experienciadevida.com.ar\/portalurbano\/wp-content\/uploads\/2019\/09\/Logo-Original.png\",\"contentUrl\":\"https:\/\/experienciadevida.com.ar\/portalurbano\/wp-content\/uploads\/2019\/09\/Logo-Original.png\",\"width\":2236,\"height\":1216,\"caption\":\"Portal Urbano\"},\"image\":{\"@id\":\"https:\/\/experienciadevida.com.ar\/portalurbano\/#\/schema\/logo\/image\/\"},\"sameAs\":[\"https:\/\/www.facebook.com\/Portal-Urbano-171542830093757\/\",\"https:\/\/twitter.com\/portalurbanook\",\"https:\/\/www.instagram.com\/_portalurbano\/\",\"https:\/\/www.youtube.com\/channel\/UCXhagIfszH8KxFiOok79zbA?view_as=subscriber\"]},{\"@type\":\"Person\",\"@id\":\"https:\/\/experienciadevida.com.ar\/portalurbano\/#\/schema\/person\/02dd326b1c4b056e9cc972486934a3a7\",\"name\":\"admpu17wp\",\"image\":{\"@type\":\"ImageObject\",\"inLanguage\":\"es\",\"@id\":\"https:\/\/experienciadevida.com.ar\/portalurbano\/#\/schema\/person\/image\/\",\"url\":\"https:\/\/secure.gravatar.com\/avatar\/830d4c57adaae6630765e449a6908047?s=96&d=mm&r=g\",\"contentUrl\":\"https:\/\/secure.gravatar.com\/avatar\/830d4c57adaae6630765e449a6908047?s=96&d=mm&r=g\",\"caption\":\"admpu17wp\"}}]}<\/script>\n<!-- \/ Yoast SEO plugin. -->","yoast_head_json":{"title":"Tramo final de obra en las viviendas para mujeres que atraviesan violencia","description":"Tramo final de obra en las viviendas para mujeres que atraviesan violencia de g\u00e9nero, Galli recorri\u00f3 el edificio de dos plantas en S. Chica","robots":{"index":"index","follow":"follow","max-snippet":"max-snippet:-1","max-image-preview":"max-image-preview:large","max-video-preview":"max-video-preview:-1"},"canonical":"https:\/\/experienciadevida.com.ar\/portalurbano\/tramo-final-de-obra-en-las-viviendas-para-mujeres-que-atraviesan-violencia-de-genero\/","og_locale":"es_ES","og_type":"article","og_title":"Tramo final de obra en las viviendas para mujeres que atraviesan violencia","og_description":"Tramo final de obra en las viviendas para mujeres que atraviesan violencia de g\u00e9nero, Galli recorri\u00f3 el edificio de dos plantas en S. Chica","og_url":"https:\/\/experienciadevida.com.ar\/portalurbano\/tramo-final-de-obra-en-las-viviendas-para-mujeres-que-atraviesan-violencia-de-genero\/","article_publisher":"https:\/\/www.facebook.com\/Portal-Urbano-171542830093757\/","article_published_time":"2021-03-09T14:08:36+00:00","article_modified_time":"2021-03-09T14:12:51+00:00","og_image":[{"width":2560,"height":1711,"url":"https:\/\/experienciadevida.com.ar\/portalurbano\/wp-content\/uploads\/2021\/03\/Tramo-final-de-obra.jpg","type":"image\/jpeg"}],"author":"admpu17wp","twitter_card":"summary_large_image","twitter_creator":"@portalurbanook","twitter_site":"@portalurbanook","twitter_misc":{"Escrito por":"admpu17wp","Tiempo de lectura":"2 minutos"},"schema":{"@context":"https:\/\/schema.org","@graph":[{"@type":"Article","@id":"https:\/\/experienciadevida.com.ar\/portalurbano\/tramo-final-de-obra-en-las-viviendas-para-mujeres-que-atraviesan-violencia-de-genero\/#article","isPartOf":{"@id":"https:\/\/experienciadevida.com.ar\/portalurbano\/tramo-final-de-obra-en-las-viviendas-para-mujeres-que-atraviesan-violencia-de-genero\/"},"author":{"name":"admpu17wp","@id":"https:\/\/experienciadevida.com.ar\/portalurbano\/#\/schema\/person\/02dd326b1c4b056e9cc972486934a3a7"},"headline":"Tramo final de obra en las viviendas para mujeres que atraviesan violencia de g\u00e9nero","datePublished":"2021-03-09T14:08:36+00:00","dateModified":"2021-03-09T14:12:51+00:00","mainEntityOfPage":{"@id":"https:\/\/experienciadevida.com.ar\/portalurbano\/tramo-final-de-obra-en-las-viviendas-para-mujeres-que-atraviesan-violencia-de-genero\/"},"wordCount":311,"publisher":{"@id":"https:\/\/experienciadevida.com.ar\/portalurbano\/#organization"},"articleSection":["Ciudad","Destacadas"],"inLanguage":"es"},{"@type":"WebPage","@id":"https:\/\/experienciadevida.com.ar\/portalurbano\/tramo-final-de-obra-en-las-viviendas-para-mujeres-que-atraviesan-violencia-de-genero\/","url":"https:\/\/experienciadevida.com.ar\/portalurbano\/tramo-final-de-obra-en-las-viviendas-para-mujeres-que-atraviesan-violencia-de-genero\/","name":"Tramo final de obra en las viviendas para mujeres que atraviesan violencia","isPartOf":{"@id":"https:\/\/experienciadevida.com.ar\/portalurbano\/#website"},"datePublished":"2021-03-09T14:08:36+00:00","dateModified":"2021-03-09T14:12:51+00:00","description":"Tramo final de obra en las viviendas para mujeres que atraviesan violencia de g\u00e9nero, Galli recorri\u00f3 el edificio de dos plantas en S. Chica","breadcrumb":{"@id":"https:\/\/experienciadevida.com.ar\/portalurbano\/tramo-final-de-obra-en-las-viviendas-para-mujeres-que-atraviesan-violencia-de-genero\/#breadcrumb"},"inLanguage":"es","potentialAction":[{"@type":"ReadAction","target":["https:\/\/experienciadevida.com.ar\/portalurbano\/tramo-final-de-obra-en-las-viviendas-para-mujeres-que-atraviesan-violencia-de-genero\/"]}]},{"@type":"BreadcrumbList","@id":"https:\/\/experienciadevida.com.ar\/portalurbano\/tramo-final-de-obra-en-las-viviendas-para-mujeres-que-atraviesan-violencia-de-genero\/#breadcrumb","itemListElement":[{"@type":"ListItem","position":1,"name":"Portada","item":"https:\/\/experienciadevida.com.ar\/portalurbano\/"},{"@type":"ListItem","position":2,"name":"Tramo final de obra en las viviendas para mujeres que atraviesan violencia de g\u00e9nero"}]},{"@type":"WebSite","@id":"https:\/\/experienciadevida.com.ar\/portalurbano\/#website","url":"https:\/\/experienciadevida.com.ar\/portalurbano\/","name":"","description":"","publisher":{"@id":"https:\/\/experienciadevida.com.ar\/portalurbano\/#organization"},"potentialAction":[{"@type":"SearchAction","target":{"@type":"EntryPoint","urlTemplate":"https:\/\/experienciadevida.com.ar\/portalurbano\/?s={search_term_string}"},"query-input":"required name=search_term_string"}],"inLanguage":"es"},{"@type":"Organization","@id":"https:\/\/experienciadevida.com.ar\/portalurbano\/#organization","name":"Portal Urbano","url":"https:\/\/experienciadevida.com.ar\/portalurbano\/","logo":{"@type":"ImageObject","inLanguage":"es","@id":"https:\/\/experienciadevida.com.ar\/portalurbano\/#\/schema\/logo\/image\/","url":"https:\/\/experienciadevida.com.ar\/portalurbano\/wp-content\/uploads\/2019\/09\/Logo-Original.png","contentUrl":"https:\/\/experienciadevida.com.ar\/portalurbano\/wp-content\/uploads\/2019\/09\/Logo-Original.png","width":2236,"height":1216,"caption":"Portal Urbano"},"image":{"@id":"https:\/\/experienciadevida.com.ar\/portalurbano\/#\/schema\/logo\/image\/"},"sameAs":["https:\/\/www.facebook.com\/Portal-Urbano-171542830093757\/","https:\/\/twitter.com\/portalurbanook","https:\/\/www.instagram.com\/_portalurbano\/","https:\/\/www.youtube.com\/channel\/UCXhagIfszH8KxFiOok79zbA?view_as=subscriber"]},{"@type":"Person","@id":"https:\/\/experienciadevida.com.ar\/portalurbano\/#\/schema\/person\/02dd326b1c4b056e9cc972486934a3a7","name":"admpu17wp","image":{"@type":"ImageObject","inLanguage":"es","@id":"https:\/\/experienciadevida.com.ar\/portalurbano\/#\/schema\/person\/image\/","url":"https:\/\/secure.gravatar.com\/avatar\/830d4c57adaae6630765e449a6908047?s=96&d=mm&r=g","contentUrl":"https:\/\/secure.gravatar.com\/avatar\/830d4c57adaae6630765e449a6908047?s=96&d=mm&r=g","caption":"admpu17wp"}}]}},"featured_image_urls":{"full":["https:\/\/experienciadevida.com.ar\/portalurbano\/wp-content\/uploads\/2021\/03\/Tramo-final-de-obra.jpg",2560,1711,false],"thumbnail":["https:\/\/experienciadevida.com.ar\/portalurbano\/wp-content\/uploads\/2021\/03\/Tramo-final-de-obra-150x150.jpg",150,150,true],"medium":["https:\/\/experienciadevida.com.ar\/portalurbano\/wp-content\/uploads\/2021\/03\/Tramo-final-de-obra-300x201.jpg",300,201,true],"medium_large":["https:\/\/experienciadevida.com.ar\/portalurbano\/wp-content\/uploads\/2021\/03\/Tramo-final-de-obra-768x513.jpg",640,428,true],"large":["https:\/\/experienciadevida.com.ar\/portalurbano\/wp-content\/uploads\/2021\/03\/Tramo-final-de-obra-1024x684.jpg",640,428,true],"ug_big":["https:\/\/experienciadevida.com.ar\/portalurbano\/wp-content\/uploads\/2021\/03\/Tramo-final-de-obra-768x513.jpg",768,513,true],"1536x1536":["https:\/\/experienciadevida.com.ar\/portalurbano\/wp-content\/uploads\/2021\/03\/Tramo-final-de-obra-1536x1027.jpg",1536,1027,true],"2048x2048":["https:\/\/experienciadevida.com.ar\/portalurbano\/wp-content\/uploads\/2021\/03\/Tramo-final-de-obra-2048x1369.jpg",2048,1369,true],"newsever-slider-full":["https:\/\/experienciadevida.com.ar\/portalurbano\/wp-content\/uploads\/2021\/03\/Tramo-final-de-obra.jpg",1264,845,false],"newsever-featured":["https:\/\/experienciadevida.com.ar\/portalurbano\/wp-content\/uploads\/2021\/03\/Tramo-final-de-obra.jpg",1024,684,false],"newsever-medium":["https:\/\/experienciadevida.com.ar\/portalurbano\/wp-content\/uploads\/2021\/03\/Tramo-final-de-obra.jpg",711,475,false],"web-stories-poster-portrait":["https:\/\/experienciadevida.com.ar\/portalurbano\/wp-content\/uploads\/2021\/03\/Tramo-final-de-obra.jpg",640,428,false],"web-stories-publisher-logo":["https:\/\/experienciadevida.com.ar\/portalurbano\/wp-content\/uploads\/2021\/03\/Tramo-final-de-obra.jpg",96,64,false],"web-stories-thumbnail":["https:\/\/experienciadevida.com.ar\/portalurbano\/wp-content\/uploads\/2021\/03\/Tramo-final-de-obra.jpg",150,100,false]},"author_info":{"display_name":"admpu17wp","author_link":"https:\/\/experienciadevida.com.ar\/portalurbano\/author\/admpu17wp\/"},"category_info":"<a href=\"https:\/\/experienciadevida.com.ar\/portalurbano\/category\/ciudad\/\" rel=\"category tag\">Ciudad<\/a> <a href=\"https:\/\/experienciadevida.com.ar\/portalurbano\/category\/destacadas\/\" rel=\"category tag\">Destacadas<\/a>","tag_info":"Destacadas","comment_count":"0","amp_enabled":true,"_links":{"self":[{"href":"https:\/\/experienciadevida.com.ar\/portalurbano\/wp-json\/wp\/v2\/posts\/136991"}],"collection":[{"href":"https:\/\/experienciadevida.com.ar\/portalurbano\/wp-json\/wp\/v2\/posts"}],"about":[{"href":"https:\/\/experienciadevida.com.ar\/portalurbano\/wp-json\/wp\/v2\/types\/post"}],"author":[{"embeddable":true,"href":"https:\/\/experienciadevida.com.ar\/portalurbano\/wp-json\/wp\/v2\/users\/1"}],"replies":[{"embeddable":true,"href":"https:\/\/experienciadevida.com.ar\/portalurbano\/wp-json\/wp\/v2\/comments?post=136991"}],"version-history":[{"count":3,"href":"https:\/\/experienciadevida.com.ar\/portalurbano\/wp-json\/wp\/v2\/posts\/136991\/revisions"}],"predecessor-version":[{"id":136997,"href":"https:\/\/experienciadevida.com.ar\/portalurbano\/wp-json\/wp\/v2\/posts\/136991\/revisions\/136997"}],"wp:featuredmedia":[{"embeddable":true,"href":"https:\/\/experienciadevida.com.ar\/portalurbano\/wp-json\/wp\/v2\/media\/136992"}],"wp:attachment":[{"href":"https:\/\/experienciadevida.com.ar\/portalurbano\/wp-json\/wp\/v2\/media?parent=136991"}],"wp:term":[{"taxonomy":"category","embeddable":true,"href":"https:\/\/experienciadevida.com.ar\/portalurbano\/wp-json\/wp\/v2\/categories?post=136991"},{"taxonomy":"post_tag","embeddable":true,"href":"https:\/\/experienciadevida.com.ar\/portalurbano\/wp-json\/wp\/v2\/tags?post=136991"}],"curies":[{"name":"wp","href":"https:\/\/api.w.org\/{rel}","templated":true}]}}