{"id":136978,"date":"2021-03-09T10:02:37","date_gmt":"2021-03-09T13:02:37","guid":{"rendered":"https:\/\/experienciadevida.com.ar\/portalurbano\/?p=136978"},"modified":"2021-03-09T10:05:54","modified_gmt":"2021-03-09T13:05:54","slug":"valicenti-en-olavarria-4227-trabajadores-se-beneficiaran-con-el-cambio-en-el-impuesto-a-las-ganancias","status":"publish","type":"post","link":"https:\/\/experienciadevida.com.ar\/portalurbano\/valicenti-en-olavarria-4227-trabajadores-se-beneficiaran-con-el-cambio-en-el-impuesto-a-las-ganancias\/","title":{"rendered":"Valicenti: \u201cEn Olavarr\u00eda 4227 trabajadores se beneficiar\u00e1n con el cambio en el Impuesto a las Ganancias\u201d"},"content":{"rendered":"<p>Valicenti: \u201cEn Olavarr\u00eda 4227 trabajadores se beneficiar\u00e1n con el cambio en el Impuesto a las Ganancias\u201d. El proyecto de ley que present\u00f3 el \u201cFrente de Todos\u201d en el Congreso para modificar el Impuesto a las Ganancias y establecer un nuevo piso de $150.000 pesos, beneficiar\u00eda a 4.227 trabajadores y jubilados de Olavarr\u00eda que dejar\u00edan de pagar el gravamen.<\/p>\n<p>\u201cEl cambio beneficiar\u00eda al 65,7% del universo actual que tributan el impuesto en la ciudad, esto va a impactar de forma muy positiva en los ingresos, el consumo y el comercio olavarriense\u201d, remarc\u00f3 el diputado provincial C\u00e9sar Valicenti.<\/p>\n<p>Seg\u00fan el proyecto elaborado por el presidente de la C\u00e1mara de Diputados, Sergio Massa, la base imponible ser\u00e1 pagada por quienes ganen m\u00e1s de $ 150.000 mensuales sin contar el aguinaldo. Respecto a los jubilados, la iniciativa -que ya sum\u00f3 el respaldo de la CGT- propone elevar el piso alcanzado por el impuesto de seis a ocho haberes m\u00ednimos: pasar\u00eda de $114.211,74 a $152.282,32 mensuales.<\/p>\n<p>En ese sentido, el diputado provincial C\u00e9sar Valicenti remarc\u00f3 que \u201cen la actualidad 7.408 olavarrienses pagan el Impuesto a las Ganancias, este cambio va a beneficiar a 4227 trabajadores que dejar\u00e1n de pagar ganancias posibilitando la recuperaci\u00f3n del salario y a la motorizaci\u00f3n del consumo en la ciudad\u201d.<\/p>\n<p>\u201cEste proyecto est\u00e1 orientado a proporcionar un alivio a la clase media trabajadora y jubilados de todo el pa\u00eds debido a que se beneficiar\u00e1n m\u00e1s de 1.250.000 personas con el objetivo de mejorar la capacidad de consumo y recomposici\u00f3n salarial\u201d, asegur\u00f3 Valicenti.<\/p>\n<p>Cabe destacar que actualmente pagan ganancias casi el 25.6% de trabajadores en actividad, tras la suba autom\u00e1tica del m\u00ednimo no Imponible de enero. Si se sanciona el nuevo esquema propuesto por el oficialismo, ese porcentaje bajar\u00eda hasta el 10%, nivel hist\u00f3rico de contribuyentes incluidos en este gravamen hasta 2009.<\/p>\n<p>\u201cDurante la gesti\u00f3n de Macri, lejos de lograr que ning\u00fan trabajador pague Ganancias como hab\u00eda prometido en campa\u00f1a, la cantidad de trabajadores alcanzados por el impuesto pas\u00f3 de 1,2 millones en 2015 a 2,2 millones en 2019 duplicando pr\u00e1cticamente el universo de personas incluidas en el impuesto\u201d, consider\u00f3 Valicenti.<\/p>\n","protected":false},"excerpt":{"rendered":"<p>Valicenti: \u201cEn Olavarr\u00eda 4227 trabajadores se beneficiar\u00e1n con el cambio en el Impuesto a las&#8230;<\/p>\n","protected":false},"author":1,"featured_media":136979,"comment_status":"closed","ping_status":"closed","sticky":false,"template":"","format":"standard","meta":{"content-type":""},"categories":[27,51],"tags":[],"nelio_content":{"isAutoShareEnabled":false,"autoShareEndMode":"default","automationSources":{"useContentSentences":true,"useSocialTemplates":true,"useCustomSentences":false,"customSentences":[]},"followers":[1],"suggestedReferences":[],"includedReferences":[],"efiUrl":"","efiAlt":"","highlights":[]},"yoast_head":"<!-- This site is optimized with the Yoast SEO plugin v20.7 - https:\/\/yoast.com\/wordpress\/plugins\/seo\/ -->\n<title>Valicenti: &quot;En Olavarr\u00eda 4227 trabajadores se beneficiaran con el cambio&quot;<\/title>\n<meta name=\"description\" content=\"Valicenti: \u201cEn Olavarr\u00eda 4227 trabajadores se beneficiar\u00e1n con el cambio en el Impuesto a las Ganancias\u201d, el proyecto de ley del FDT.\" \/>\n<meta name=\"robots\" content=\"index, follow, max-snippet:-1, max-image-preview:large, max-video-preview:-1\" \/>\n<link rel=\"canonical\" href=\"https:\/\/experienciadevida.com.ar\/portalurbano\/valicenti-en-olavarria-4227-trabajadores-se-beneficiaran-con-el-cambio-en-el-impuesto-a-las-ganancias\/\" \/>\n<meta property=\"og:locale\" content=\"es_ES\" \/>\n<meta property=\"og:type\" content=\"article\" \/>\n<meta property=\"og:title\" content=\"Valicenti: &quot;En Olavarr\u00eda 4227 trabajadores se beneficiaran con el cambio&quot;\" \/>\n<meta property=\"og:description\" content=\"Valicenti: \u201cEn Olavarr\u00eda 4227 trabajadores se beneficiar\u00e1n con el cambio en el Impuesto a las Ganancias\u201d, el proyecto de ley del FDT.\" \/>\n<meta property=\"og:url\" content=\"https:\/\/experienciadevida.com.ar\/portalurbano\/valicenti-en-olavarria-4227-trabajadores-se-beneficiaran-con-el-cambio-en-el-impuesto-a-las-ganancias\/\" \/>\n<meta property=\"article:publisher\" content=\"https:\/\/www.facebook.com\/Portal-Urbano-171542830093757\/\" \/>\n<meta property=\"article:published_time\" content=\"2021-03-09T13:02:37+00:00\" \/>\n<meta property=\"article:modified_time\" content=\"2021-03-09T13:05:54+00:00\" \/>\n<meta property=\"og:image\" content=\"https:\/\/experienciadevida.com.ar\/portalurbano\/wp-content\/uploads\/2021\/03\/Valicenti.jpg\" \/>\n\t<meta property=\"og:image:width\" content=\"1280\" \/>\n\t<meta property=\"og:image:height\" content=\"853\" \/>\n\t<meta property=\"og:image:type\" content=\"image\/jpeg\" \/>\n<meta name=\"author\" content=\"admpu17wp\" \/>\n<meta name=\"twitter:card\" content=\"summary_large_image\" \/>\n<meta name=\"twitter:creator\" content=\"@portalurbanook\" \/>\n<meta name=\"twitter:site\" content=\"@portalurbanook\" \/>\n<meta name=\"twitter:label1\" content=\"Escrito por\" \/>\n\t<meta name=\"twitter:data1\" content=\"admpu17wp\" \/>\n\t<meta name=\"twitter:label2\" content=\"Tiempo de lectura\" \/>\n\t<meta name=\"twitter:data2\" content=\"2 minutos\" \/>\n<script type=\"application\/ld+json\" class=\"yoast-schema-graph\">{\"@context\":\"https:\/\/schema.org\",\"@graph\":[{\"@type\":\"Article\",\"@id\":\"https:\/\/experienciadevida.com.ar\/portalurbano\/valicenti-en-olavarria-4227-trabajadores-se-beneficiaran-con-el-cambio-en-el-impuesto-a-las-ganancias\/#article\",\"isPartOf\":{\"@id\":\"https:\/\/experienciadevida.com.ar\/portalurbano\/valicenti-en-olavarria-4227-trabajadores-se-beneficiaran-con-el-cambio-en-el-impuesto-a-las-ganancias\/\"},\"author\":{\"name\":\"admpu17wp\",\"@id\":\"https:\/\/experienciadevida.com.ar\/portalurbano\/#\/schema\/person\/02dd326b1c4b056e9cc972486934a3a7\"},\"headline\":\"Valicenti: \u201cEn Olavarr\u00eda 4227 trabajadores se beneficiar\u00e1n con el cambio en el Impuesto a las Ganancias\u201d\",\"datePublished\":\"2021-03-09T13:02:37+00:00\",\"dateModified\":\"2021-03-09T13:05:54+00:00\",\"mainEntityOfPage\":{\"@id\":\"https:\/\/experienciadevida.com.ar\/portalurbano\/valicenti-en-olavarria-4227-trabajadores-se-beneficiaran-con-el-cambio-en-el-impuesto-a-las-ganancias\/\"},\"wordCount\":377,\"publisher\":{\"@id\":\"https:\/\/experienciadevida.com.ar\/portalurbano\/#organization\"},\"articleSection\":[\"Ciudad\",\"Destacadas\"],\"inLanguage\":\"es\"},{\"@type\":\"WebPage\",\"@id\":\"https:\/\/experienciadevida.com.ar\/portalurbano\/valicenti-en-olavarria-4227-trabajadores-se-beneficiaran-con-el-cambio-en-el-impuesto-a-las-ganancias\/\",\"url\":\"https:\/\/experienciadevida.com.ar\/portalurbano\/valicenti-en-olavarria-4227-trabajadores-se-beneficiaran-con-el-cambio-en-el-impuesto-a-las-ganancias\/\",\"name\":\"Valicenti: \\\"En Olavarr\u00eda 4227 trabajadores se beneficiaran con el cambio\\\"\",\"isPartOf\":{\"@id\":\"https:\/\/experienciadevida.com.ar\/portalurbano\/#website\"},\"datePublished\":\"2021-03-09T13:02:37+00:00\",\"dateModified\":\"2021-03-09T13:05:54+00:00\",\"description\":\"Valicenti: \u201cEn Olavarr\u00eda 4227 trabajadores se beneficiar\u00e1n con el cambio en el Impuesto a las Ganancias\u201d, el proyecto de ley del FDT.\",\"breadcrumb\":{\"@id\":\"https:\/\/experienciadevida.com.ar\/portalurbano\/valicenti-en-olavarria-4227-trabajadores-se-beneficiaran-con-el-cambio-en-el-impuesto-a-las-ganancias\/#breadcrumb\"},\"inLanguage\":\"es\",\"potentialAction\":[{\"@type\":\"ReadAction\",\"target\":[\"https:\/\/experienciadevida.com.ar\/portalurbano\/valicenti-en-olavarria-4227-trabajadores-se-beneficiaran-con-el-cambio-en-el-impuesto-a-las-ganancias\/\"]}]},{\"@type\":\"BreadcrumbList\",\"@id\":\"https:\/\/experienciadevida.com.ar\/portalurbano\/valicenti-en-olavarria-4227-trabajadores-se-beneficiaran-con-el-cambio-en-el-impuesto-a-las-ganancias\/#breadcrumb\",\"itemListElement\":[{\"@type\":\"ListItem\",\"position\":1,\"name\":\"Portada\",\"item\":\"https:\/\/experienciadevida.com.ar\/portalurbano\/\"},{\"@type\":\"ListItem\",\"position\":2,\"name\":\"Valicenti: \u201cEn Olavarr\u00eda 4227 trabajadores se beneficiar\u00e1n con el cambio en el Impuesto a las Ganancias\u201d\"}]},{\"@type\":\"WebSite\",\"@id\":\"https:\/\/experienciadevida.com.ar\/portalurbano\/#website\",\"url\":\"https:\/\/experienciadevida.com.ar\/portalurbano\/\",\"name\":\"\",\"description\":\"\",\"publisher\":{\"@id\":\"https:\/\/experienciadevida.com.ar\/portalurbano\/#organization\"},\"potentialAction\":[{\"@type\":\"SearchAction\",\"target\":{\"@type\":\"EntryPoint\",\"urlTemplate\":\"https:\/\/experienciadevida.com.ar\/portalurbano\/?s={search_term_string}\"},\"query-input\":\"required name=search_term_string\"}],\"inLanguage\":\"es\"},{\"@type\":\"Organization\",\"@id\":\"https:\/\/experienciadevida.com.ar\/portalurbano\/#organization\",\"name\":\"Portal Urbano\",\"url\":\"https:\/\/experienciadevida.com.ar\/portalurbano\/\",\"logo\":{\"@type\":\"ImageObject\",\"inLanguage\":\"es\",\"@id\":\"https:\/\/experienciadevida.com.ar\/portalurbano\/#\/schema\/logo\/image\/\",\"url\":\"https:\/\/experienciadevida.com.ar\/portalurbano\/wp-content\/uploads\/2019\/09\/Logo-Original.png\",\"contentUrl\":\"https:\/\/experienciadevida.com.ar\/portalurbano\/wp-content\/uploads\/2019\/09\/Logo-Original.png\",\"width\":2236,\"height\":1216,\"caption\":\"Portal Urbano\"},\"image\":{\"@id\":\"https:\/\/experienciadevida.com.ar\/portalurbano\/#\/schema\/logo\/image\/\"},\"sameAs\":[\"https:\/\/www.facebook.com\/Portal-Urbano-171542830093757\/\",\"https:\/\/twitter.com\/portalurbanook\",\"https:\/\/www.instagram.com\/_portalurbano\/\",\"https:\/\/www.youtube.com\/channel\/UCXhagIfszH8KxFiOok79zbA?view_as=subscriber\"]},{\"@type\":\"Person\",\"@id\":\"https:\/\/experienciadevida.com.ar\/portalurbano\/#\/schema\/person\/02dd326b1c4b056e9cc972486934a3a7\",\"name\":\"admpu17wp\",\"image\":{\"@type\":\"ImageObject\",\"inLanguage\":\"es\",\"@id\":\"https:\/\/experienciadevida.com.ar\/portalurbano\/#\/schema\/person\/image\/\",\"url\":\"https:\/\/secure.gravatar.com\/avatar\/830d4c57adaae6630765e449a6908047?s=96&d=mm&r=g\",\"contentUrl\":\"https:\/\/secure.gravatar.com\/avatar\/830d4c57adaae6630765e449a6908047?s=96&d=mm&r=g\",\"caption\":\"admpu17wp\"}}]}<\/script>\n<!-- \/ Yoast SEO plugin. -->","yoast_head_json":{"title":"Valicenti: \"En Olavarr\u00eda 4227 trabajadores se beneficiaran con el cambio\"","description":"Valicenti: \u201cEn Olavarr\u00eda 4227 trabajadores se beneficiar\u00e1n con el cambio en el Impuesto a las Ganancias\u201d, el proyecto de ley del FDT.","robots":{"index":"index","follow":"follow","max-snippet":"max-snippet:-1","max-image-preview":"max-image-preview:large","max-video-preview":"max-video-preview:-1"},"canonical":"https:\/\/experienciadevida.com.ar\/portalurbano\/valicenti-en-olavarria-4227-trabajadores-se-beneficiaran-con-el-cambio-en-el-impuesto-a-las-ganancias\/","og_locale":"es_ES","og_type":"article","og_title":"Valicenti: \"En Olavarr\u00eda 4227 trabajadores se beneficiaran con el cambio\"","og_description":"Valicenti: \u201cEn Olavarr\u00eda 4227 trabajadores se beneficiar\u00e1n con el cambio en el Impuesto a las Ganancias\u201d, el proyecto de ley del FDT.","og_url":"https:\/\/experienciadevida.com.ar\/portalurbano\/valicenti-en-olavarria-4227-trabajadores-se-beneficiaran-con-el-cambio-en-el-impuesto-a-las-ganancias\/","article_publisher":"https:\/\/www.facebook.com\/Portal-Urbano-171542830093757\/","article_published_time":"2021-03-09T13:02:37+00:00","article_modified_time":"2021-03-09T13:05:54+00:00","og_image":[{"width":1280,"height":853,"url":"https:\/\/experienciadevida.com.ar\/portalurbano\/wp-content\/uploads\/2021\/03\/Valicenti.jpg","type":"image\/jpeg"}],"author":"admpu17wp","twitter_card":"summary_large_image","twitter_creator":"@portalurbanook","twitter_site":"@portalurbanook","twitter_misc":{"Escrito por":"admpu17wp","Tiempo de lectura":"2 minutos"},"schema":{"@context":"https:\/\/schema.org","@graph":[{"@type":"Article","@id":"https:\/\/experienciadevida.com.ar\/portalurbano\/valicenti-en-olavarria-4227-trabajadores-se-beneficiaran-con-el-cambio-en-el-impuesto-a-las-ganancias\/#article","isPartOf":{"@id":"https:\/\/experienciadevida.com.ar\/portalurbano\/valicenti-en-olavarria-4227-trabajadores-se-beneficiaran-con-el-cambio-en-el-impuesto-a-las-ganancias\/"},"author":{"name":"admpu17wp","@id":"https:\/\/experienciadevida.com.ar\/portalurbano\/#\/schema\/person\/02dd326b1c4b056e9cc972486934a3a7"},"headline":"Valicenti: \u201cEn Olavarr\u00eda 4227 trabajadores se beneficiar\u00e1n con el cambio en el Impuesto a las Ganancias\u201d","datePublished":"2021-03-09T13:02:37+00:00","dateModified":"2021-03-09T13:05:54+00:00","mainEntityOfPage":{"@id":"https:\/\/experienciadevida.com.ar\/portalurbano\/valicenti-en-olavarria-4227-trabajadores-se-beneficiaran-con-el-cambio-en-el-impuesto-a-las-ganancias\/"},"wordCount":377,"publisher":{"@id":"https:\/\/experienciadevida.com.ar\/portalurbano\/#organization"},"articleSection":["Ciudad","Destacadas"],"inLanguage":"es"},{"@type":"WebPage","@id":"https:\/\/experienciadevida.com.ar\/portalurbano\/valicenti-en-olavarria-4227-trabajadores-se-beneficiaran-con-el-cambio-en-el-impuesto-a-las-ganancias\/","url":"https:\/\/experienciadevida.com.ar\/portalurbano\/valicenti-en-olavarria-4227-trabajadores-se-beneficiaran-con-el-cambio-en-el-impuesto-a-las-ganancias\/","name":"Valicenti: \"En Olavarr\u00eda 4227 trabajadores se beneficiaran con el cambio\"","isPartOf":{"@id":"https:\/\/experienciadevida.com.ar\/portalurbano\/#website"},"datePublished":"2021-03-09T13:02:37+00:00","dateModified":"2021-03-09T13:05:54+00:00","description":"Valicenti: \u201cEn Olavarr\u00eda 4227 trabajadores se beneficiar\u00e1n con el cambio en el Impuesto a las Ganancias\u201d, el proyecto de ley del FDT.","breadcrumb":{"@id":"https:\/\/experienciadevida.com.ar\/portalurbano\/valicenti-en-olavarria-4227-trabajadores-se-beneficiaran-con-el-cambio-en-el-impuesto-a-las-ganancias\/#breadcrumb"},"inLanguage":"es","potentialAction":[{"@type":"ReadAction","target":["https:\/\/experienciadevida.com.ar\/portalurbano\/valicenti-en-olavarria-4227-trabajadores-se-beneficiaran-con-el-cambio-en-el-impuesto-a-las-ganancias\/"]}]},{"@type":"BreadcrumbList","@id":"https:\/\/experienciadevida.com.ar\/portalurbano\/valicenti-en-olavarria-4227-trabajadores-se-beneficiaran-con-el-cambio-en-el-impuesto-a-las-ganancias\/#breadcrumb","itemListElement":[{"@type":"ListItem","position":1,"name":"Portada","item":"https:\/\/experienciadevida.com.ar\/portalurbano\/"},{"@type":"ListItem","position":2,"name":"Valicenti: \u201cEn Olavarr\u00eda 4227 trabajadores se beneficiar\u00e1n con el cambio en el Impuesto a las Ganancias\u201d"}]},{"@type":"WebSite","@id":"https:\/\/experienciadevida.com.ar\/portalurbano\/#website","url":"https:\/\/experienciadevida.com.ar\/portalurbano\/","name":"","description":"","publisher":{"@id":"https:\/\/experienciadevida.com.ar\/portalurbano\/#organization"},"potentialAction":[{"@type":"SearchAction","target":{"@type":"EntryPoint","urlTemplate":"https:\/\/experienciadevida.com.ar\/portalurbano\/?s={search_term_string}"},"query-input":"required name=search_term_string"}],"inLanguage":"es"},{"@type":"Organization","@id":"https:\/\/experienciadevida.com.ar\/portalurbano\/#organization","name":"Portal Urbano","url":"https:\/\/experienciadevida.com.ar\/portalurbano\/","logo":{"@type":"ImageObject","inLanguage":"es","@id":"https:\/\/experienciadevida.com.ar\/portalurbano\/#\/schema\/logo\/image\/","url":"https:\/\/experienciadevida.com.ar\/portalurbano\/wp-content\/uploads\/2019\/09\/Logo-Original.png","contentUrl":"https:\/\/experienciadevida.com.ar\/portalurbano\/wp-content\/uploads\/2019\/09\/Logo-Original.png","width":2236,"height":1216,"caption":"Portal Urbano"},"image":{"@id":"https:\/\/experienciadevida.com.ar\/portalurbano\/#\/schema\/logo\/image\/"},"sameAs":["https:\/\/www.facebook.com\/Portal-Urbano-171542830093757\/","https:\/\/twitter.com\/portalurbanook","https:\/\/www.instagram.com\/_portalurbano\/","https:\/\/www.youtube.com\/channel\/UCXhagIfszH8KxFiOok79zbA?view_as=subscriber"]},{"@type":"Person","@id":"https:\/\/experienciadevida.com.ar\/portalurbano\/#\/schema\/person\/02dd326b1c4b056e9cc972486934a3a7","name":"admpu17wp","image":{"@type":"ImageObject","inLanguage":"es","@id":"https:\/\/experienciadevida.com.ar\/portalurbano\/#\/schema\/person\/image\/","url":"https:\/\/secure.gravatar.com\/avatar\/830d4c57adaae6630765e449a6908047?s=96&d=mm&r=g","contentUrl":"https:\/\/secure.gravatar.com\/avatar\/830d4c57adaae6630765e449a6908047?s=96&d=mm&r=g","caption":"admpu17wp"}}]}},"featured_image_urls":{"full":["https:\/\/experienciadevida.com.ar\/portalurbano\/wp-content\/uploads\/2021\/03\/Valicenti.jpg",1280,853,false],"thumbnail":["https:\/\/experienciadevida.com.ar\/portalurbano\/wp-content\/uploads\/2021\/03\/Valicenti-150x150.jpg",150,150,true],"medium":["https:\/\/experienciadevida.com.ar\/portalurbano\/wp-content\/uploads\/2021\/03\/Valicenti-300x200.jpg",300,200,true],"medium_large":["https:\/\/experienciadevida.com.ar\/portalurbano\/wp-content\/uploads\/2021\/03\/Valicenti-768x512.jpg",640,427,true],"large":["https:\/\/experienciadevida.com.ar\/portalurbano\/wp-content\/uploads\/2021\/03\/Valicenti-1024x682.jpg",640,426,true],"ug_big":["https:\/\/experienciadevida.com.ar\/portalurbano\/wp-content\/uploads\/2021\/03\/Valicenti-768x512.jpg",768,512,true],"1536x1536":["https:\/\/experienciadevida.com.ar\/portalurbano\/wp-content\/uploads\/2021\/03\/Valicenti.jpg",1280,853,false],"2048x2048":["https:\/\/experienciadevida.com.ar\/portalurbano\/wp-content\/uploads\/2021\/03\/Valicenti.jpg",1280,853,false],"newsever-slider-full":["https:\/\/experienciadevida.com.ar\/portalurbano\/wp-content\/uploads\/2021\/03\/Valicenti.jpg",1268,845,false],"newsever-featured":["https:\/\/experienciadevida.com.ar\/portalurbano\/wp-content\/uploads\/2021\/03\/Valicenti.jpg",1024,682,false],"newsever-medium":["https:\/\/experienciadevida.com.ar\/portalurbano\/wp-content\/uploads\/2021\/03\/Valicenti.jpg",713,475,false],"web-stories-poster-portrait":["https:\/\/experienciadevida.com.ar\/portalurbano\/wp-content\/uploads\/2021\/03\/Valicenti.jpg",640,427,false],"web-stories-publisher-logo":["https:\/\/experienciadevida.com.ar\/portalurbano\/wp-content\/uploads\/2021\/03\/Valicenti.jpg",96,64,false],"web-stories-thumbnail":["https:\/\/experienciadevida.com.ar\/portalurbano\/wp-content\/uploads\/2021\/03\/Valicenti.jpg",150,100,false]},"author_info":{"display_name":"admpu17wp","author_link":"https:\/\/experienciadevida.com.ar\/portalurbano\/author\/admpu17wp\/"},"category_info":"<a href=\"https:\/\/experienciadevida.com.ar\/portalurbano\/category\/ciudad\/\" rel=\"category tag\">Ciudad<\/a> <a href=\"https:\/\/experienciadevida.com.ar\/portalurbano\/category\/destacadas\/\" rel=\"category tag\">Destacadas<\/a>","tag_info":"Destacadas","comment_count":"0","amp_enabled":true,"_links":{"self":[{"href":"https:\/\/experienciadevida.com.ar\/portalurbano\/wp-json\/wp\/v2\/posts\/136978"}],"collection":[{"href":"https:\/\/experienciadevida.com.ar\/portalurbano\/wp-json\/wp\/v2\/posts"}],"about":[{"href":"https:\/\/experienciadevida.com.ar\/portalurbano\/wp-json\/wp\/v2\/types\/post"}],"author":[{"embeddable":true,"href":"https:\/\/experienciadevida.com.ar\/portalurbano\/wp-json\/wp\/v2\/users\/1"}],"replies":[{"embeddable":true,"href":"https:\/\/experienciadevida.com.ar\/portalurbano\/wp-json\/wp\/v2\/comments?post=136978"}],"version-history":[{"count":1,"href":"https:\/\/experienciadevida.com.ar\/portalurbano\/wp-json\/wp\/v2\/posts\/136978\/revisions"}],"predecessor-version":[{"id":136980,"href":"https:\/\/experienciadevida.com.ar\/portalurbano\/wp-json\/wp\/v2\/posts\/136978\/revisions\/136980"}],"wp:featuredmedia":[{"embeddable":true,"href":"https:\/\/experienciadevida.com.ar\/portalurbano\/wp-json\/wp\/v2\/media\/136979"}],"wp:attachment":[{"href":"https:\/\/experienciadevida.com.ar\/portalurbano\/wp-json\/wp\/v2\/media?parent=136978"}],"wp:term":[{"taxonomy":"category","embeddable":true,"href":"https:\/\/experienciadevida.com.ar\/portalurbano\/wp-json\/wp\/v2\/categories?post=136978"},{"taxonomy":"post_tag","embeddable":true,"href":"https:\/\/experienciadevida.com.ar\/portalurbano\/wp-json\/wp\/v2\/tags?post=136978"}],"curies":[{"name":"wp","href":"https:\/\/api.w.org\/{rel}","templated":true}]}}