{"id":136912,"date":"2021-03-08T21:54:14","date_gmt":"2021-03-09T00:54:14","guid":{"rendered":"https:\/\/experienciadevida.com.ar\/portalurbano\/?p=136912"},"modified":"2021-03-08T22:02:01","modified_gmt":"2021-03-09T01:02:01","slug":"mujeres-radicales-realizaron-una-jornada-en-el-marco-del-8m","status":"publish","type":"post","link":"https:\/\/experienciadevida.com.ar\/portalurbano\/mujeres-radicales-realizaron-una-jornada-en-el-marco-del-8m\/","title":{"rendered":"Mujeres radicales realizaron una jornada en el marco del 8M"},"content":{"rendered":"<p>Mujeres radicales realizaron una jornada en el marco del 8M, en la intersecci\u00f3n de Moreno y Brown. All\u00ed juntaron donaciones que ser\u00e1n llevadas a los hogares San Jos\u00e9 y Amaya.<\/p>\n<p>Este medio dialog\u00f3 con <a href=\"https:\/\/www.facebook.com\/belenvergel\">Bel\u00e9n Vergel<\/a> y Mar\u00eda Luc\u00eda Pereyra quienes dijeron &#8220;nos encontramos en el puente Florentina G\u00f3mez Miranda, un lugar donde hace reflexi\u00f3n a una militante,\u00a0 \u00a0abogada, pol\u00edtica, Olavarriense y radical, le estamos poniendo valor en un espacio de nuestra ciudad\u00a0 que tiene un nombre tan importante para todas las mujeres donde se reivindicaron muchos derechos que hoy gozamos y vienen desde la \u00e9poca de ella, que estamos hablando desde el a\u00f1o 1980 cuando fue Diputada&#8221;.<\/p>\n<p>Mujeres radicales realizaron una jornada en el marco del 8M, &#8220;En este espacio que nos juntamos desde muy temprano a recibir donaciones para dos Instituciones, el Hogar San Jos\u00e9 y el Hogar Amaya, Instituciones que albergan a ni\u00f1os, y por eso estamos recolectando productos de cuidado personal, para llevarselo luego a ellas y as\u00ed colaborar con estas Instituciones&#8221;.<\/p>\n<p>Por otro lado mencionaron que &#8220;en el grupo mujeres siempre estamos trabajando con la comunidad, siempre estamos haciendo actividades de este estilo, ahora abocadas a estas dos instituciones y despu\u00e9s a las que se presenten\u00a0 y quieran recibir nuestra colaboraci\u00f3n\u00a0 o nuestra ayuda, siempre estamos al servicio de la comunidad\u00a0 y trabajando con ella, con las instituciones, ya que es la base del radicalismo somos un partido sumamente democr\u00e1tico, y la democracia se logra con instituciones fuertes, tenemos que trabajar y colaborar con ellas&#8221;.<\/p>\n<p>En cuanto a las internas mencionaron &#8220;estamos renovando la esperanza, creemos que nos va a ir s\u00faper bien, estamos trabajando todos los d\u00edas, visitando a afiliados, convoc\u00e1ndolos a participar para poder llevar al Partido al lugar en el que se merece estar, tener el protagonismo, en el cual sea el que tome las decisiones&#8221;.<\/p>\n<p>Para finalizar expresaron &#8220;hoy en el d\u00eda internacional de la mujer en el nombre de Florentina G\u00f3mez Miranda, queremos revalorizar los derechos de todas las mujeres que vendr\u00e1n, las que fueron y las que nos dieron pie para llegar donde estamos hoy&#8221;.<\/p>\n<p><a href=\"https:\/\/experienciadevida.com.ar\/portalurbano\/mujeres-radicales-realizaron-una-jornada-en-el-marco-del-8m\/mujeres-radicales\/\" rel=\"attachment wp-att-136917\"><img decoding=\"async\" class=\"alignnone size-full wp-image-136917\" src=\"https:\/\/experienciadevida.com.ar\/portalurbano\/wp-content\/uploads\/2021\/03\/Mujeres-radicales.jpg\" alt=\"\" width=\"765\" height=\"510\" srcset=\"https:\/\/experienciadevida.com.ar\/portalurbano\/wp-content\/uploads\/2021\/03\/Mujeres-radicales.jpg 765w, https:\/\/experienciadevida.com.ar\/portalurbano\/wp-content\/uploads\/2021\/03\/Mujeres-radicales-300x200.jpg 300w\" sizes=\"(max-width: 765px) 100vw, 765px\" \/><\/a><\/p>\n<p><a href=\"https:\/\/experienciadevida.com.ar\/portalurbano\/mujeres-radicales-realizaron-una-jornada-en-el-marco-del-8m\/mujeres-5\/\" rel=\"attachment wp-att-136918\"><img decoding=\"async\" class=\"alignnone size-full wp-image-136918\" src=\"https:\/\/experienciadevida.com.ar\/portalurbano\/wp-content\/uploads\/2021\/03\/mujeres-1.jpg\" alt=\"mujeres \" width=\"765\" height=\"510\" srcset=\"https:\/\/experienciadevida.com.ar\/portalurbano\/wp-content\/uploads\/2021\/03\/mujeres-1.jpg 765w, https:\/\/experienciadevida.com.ar\/portalurbano\/wp-content\/uploads\/2021\/03\/mujeres-1-300x200.jpg 300w\" sizes=\"(max-width: 765px) 100vw, 765px\" \/><\/a><\/p>\n<p><a href=\"https:\/\/experienciadevida.com.ar\/portalurbano\/mujeres-radicales-realizaron-una-jornada-en-el-marco-del-8m\/radicales\/\" rel=\"attachment wp-att-136919\"><img decoding=\"async\" class=\"alignnone size-full wp-image-136919\" src=\"https:\/\/experienciadevida.com.ar\/portalurbano\/wp-content\/uploads\/2021\/03\/radicales.jpg\" alt=\"radicales\" width=\"765\" height=\"510\" srcset=\"https:\/\/experienciadevida.com.ar\/portalurbano\/wp-content\/uploads\/2021\/03\/radicales.jpg 765w, https:\/\/experienciadevida.com.ar\/portalurbano\/wp-content\/uploads\/2021\/03\/radicales-300x200.jpg 300w\" sizes=\"(max-width: 765px) 100vw, 765px\" \/><\/a><\/p>\n<p><a href=\"https:\/\/experienciadevida.com.ar\/portalurbano\/mujeres-radicales-realizaron-una-jornada-en-el-marco-del-8m\/realizaron-una-jornada\/\" rel=\"attachment wp-att-136920\"><img decoding=\"async\" class=\"alignnone size-full wp-image-136920\" src=\"https:\/\/experienciadevida.com.ar\/portalurbano\/wp-content\/uploads\/2021\/03\/realizaron-una-jornada.jpg\" alt=\"realizaron una jornada \" width=\"765\" height=\"510\" srcset=\"https:\/\/experienciadevida.com.ar\/portalurbano\/wp-content\/uploads\/2021\/03\/realizaron-una-jornada.jpg 765w, https:\/\/experienciadevida.com.ar\/portalurbano\/wp-content\/uploads\/2021\/03\/realizaron-una-jornada-300x200.jpg 300w\" sizes=\"(max-width: 765px) 100vw, 765px\" \/><\/a><\/p>\n<p><a href=\"https:\/\/experienciadevida.com.ar\/portalurbano\/mujeres-radicales-realizaron-una-jornada-en-el-marco-del-8m\/realizaron\/\" rel=\"attachment wp-att-136921\"><img decoding=\"async\" class=\"alignnone size-full wp-image-136921\" src=\"https:\/\/experienciadevida.com.ar\/portalurbano\/wp-content\/uploads\/2021\/03\/realizaron.jpg\" alt=\"realizaron \" width=\"765\" height=\"510\" srcset=\"https:\/\/experienciadevida.com.ar\/portalurbano\/wp-content\/uploads\/2021\/03\/realizaron.jpg 765w, https:\/\/experienciadevida.com.ar\/portalurbano\/wp-content\/uploads\/2021\/03\/realizaron-300x200.jpg 300w\" sizes=\"(max-width: 765px) 100vw, 765px\" \/><\/a><\/p>\n<p><a href=\"https:\/\/experienciadevida.com.ar\/portalurbano\/mujeres-radicales-realizaron-una-jornada-en-el-marco-del-8m\/jornada-29\/\" rel=\"attachment wp-att-136922\"><img decoding=\"async\" class=\"alignnone size-full wp-image-136922\" src=\"https:\/\/experienciadevida.com.ar\/portalurbano\/wp-content\/uploads\/2021\/03\/jornada.jpg\" alt=\"jornada \" width=\"765\" height=\"510\" srcset=\"https:\/\/experienciadevida.com.ar\/portalurbano\/wp-content\/uploads\/2021\/03\/jornada.jpg 765w, https:\/\/experienciadevida.com.ar\/portalurbano\/wp-content\/uploads\/2021\/03\/jornada-300x200.jpg 300w\" sizes=\"(max-width: 765px) 100vw, 765px\" \/><\/a><\/p>\n","protected":false},"excerpt":{"rendered":"<p>Mujeres radicales realizaron una jornada en el marco del 8M, en la intersecci\u00f3n de Moreno&#8230;<\/p>\n","protected":false},"author":1,"featured_media":136913,"comment_status":"closed","ping_status":"closed","sticky":false,"template":"","format":"standard","meta":{"content-type":""},"categories":[27,51],"tags":[],"nelio_content":{"isAutoShareEnabled":false,"autoShareEndMode":"default","automationSources":{"useContentSentences":true,"useSocialTemplates":true,"useCustomSentences":false,"customSentences":[]},"followers":[1],"suggestedReferences":[],"includedReferences":[],"efiUrl":"","efiAlt":"","highlights":[]},"yoast_head":"<!-- This site is optimized with the Yoast SEO plugin v20.7 - https:\/\/yoast.com\/wordpress\/plugins\/seo\/ -->\n<title>Mujeres radicales realizaron una jornada en el marco del 8M<\/title>\n<meta name=\"description\" content=\"Mujeres radicales realizaron una jornada en el marco del 8M, en la intersecci\u00f3n de Moreno y Brown, all\u00ed juntaron donaciones para dos hogares\" \/>\n<meta name=\"robots\" content=\"index, follow, max-snippet:-1, max-image-preview:large, max-video-preview:-1\" \/>\n<link rel=\"canonical\" href=\"https:\/\/experienciadevida.com.ar\/portalurbano\/mujeres-radicales-realizaron-una-jornada-en-el-marco-del-8m\/\" \/>\n<meta property=\"og:locale\" content=\"es_ES\" \/>\n<meta property=\"og:type\" content=\"article\" \/>\n<meta property=\"og:title\" content=\"Mujeres radicales realizaron una jornada en el marco del 8M\" \/>\n<meta property=\"og:description\" content=\"Mujeres radicales realizaron una jornada en el marco del 8M, en la intersecci\u00f3n de Moreno y Brown, all\u00ed juntaron donaciones para dos hogares\" \/>\n<meta property=\"og:url\" content=\"https:\/\/experienciadevida.com.ar\/portalurbano\/mujeres-radicales-realizaron-una-jornada-en-el-marco-del-8m\/\" \/>\n<meta property=\"article:publisher\" content=\"https:\/\/www.facebook.com\/Portal-Urbano-171542830093757\/\" \/>\n<meta property=\"article:published_time\" content=\"2021-03-09T00:54:14+00:00\" \/>\n<meta property=\"article:modified_time\" content=\"2021-03-09T01:02:01+00:00\" \/>\n<meta property=\"og:image\" content=\"https:\/\/experienciadevida.com.ar\/portalurbano\/wp-content\/uploads\/2021\/03\/Mujeres-radicales-realizaron-una-jornada.jpg\" \/>\n\t<meta property=\"og:image:width\" content=\"765\" \/>\n\t<meta property=\"og:image:height\" content=\"510\" \/>\n\t<meta property=\"og:image:type\" content=\"image\/jpeg\" \/>\n<meta name=\"author\" content=\"admpu17wp\" \/>\n<meta name=\"twitter:card\" content=\"summary_large_image\" \/>\n<meta name=\"twitter:creator\" content=\"@portalurbanook\" \/>\n<meta name=\"twitter:site\" content=\"@portalurbanook\" \/>\n<meta name=\"twitter:label1\" content=\"Escrito por\" \/>\n\t<meta name=\"twitter:data1\" content=\"admpu17wp\" \/>\n\t<meta name=\"twitter:label2\" content=\"Tiempo de lectura\" \/>\n\t<meta name=\"twitter:data2\" content=\"3 minutos\" \/>\n<script type=\"application\/ld+json\" class=\"yoast-schema-graph\">{\"@context\":\"https:\/\/schema.org\",\"@graph\":[{\"@type\":\"Article\",\"@id\":\"https:\/\/experienciadevida.com.ar\/portalurbano\/mujeres-radicales-realizaron-una-jornada-en-el-marco-del-8m\/#article\",\"isPartOf\":{\"@id\":\"https:\/\/experienciadevida.com.ar\/portalurbano\/mujeres-radicales-realizaron-una-jornada-en-el-marco-del-8m\/\"},\"author\":{\"name\":\"admpu17wp\",\"@id\":\"https:\/\/experienciadevida.com.ar\/portalurbano\/#\/schema\/person\/02dd326b1c4b056e9cc972486934a3a7\"},\"headline\":\"Mujeres radicales realizaron una jornada en el marco del 8M\",\"datePublished\":\"2021-03-09T00:54:14+00:00\",\"dateModified\":\"2021-03-09T01:02:01+00:00\",\"mainEntityOfPage\":{\"@id\":\"https:\/\/experienciadevida.com.ar\/portalurbano\/mujeres-radicales-realizaron-una-jornada-en-el-marco-del-8m\/\"},\"wordCount\":374,\"publisher\":{\"@id\":\"https:\/\/experienciadevida.com.ar\/portalurbano\/#organization\"},\"articleSection\":[\"Ciudad\",\"Destacadas\"],\"inLanguage\":\"es\"},{\"@type\":\"WebPage\",\"@id\":\"https:\/\/experienciadevida.com.ar\/portalurbano\/mujeres-radicales-realizaron-una-jornada-en-el-marco-del-8m\/\",\"url\":\"https:\/\/experienciadevida.com.ar\/portalurbano\/mujeres-radicales-realizaron-una-jornada-en-el-marco-del-8m\/\",\"name\":\"Mujeres radicales realizaron una jornada en el marco del 8M\",\"isPartOf\":{\"@id\":\"https:\/\/experienciadevida.com.ar\/portalurbano\/#website\"},\"datePublished\":\"2021-03-09T00:54:14+00:00\",\"dateModified\":\"2021-03-09T01:02:01+00:00\",\"description\":\"Mujeres radicales realizaron una jornada en el marco del 8M, en la intersecci\u00f3n de Moreno y Brown, all\u00ed juntaron donaciones para dos hogares\",\"breadcrumb\":{\"@id\":\"https:\/\/experienciadevida.com.ar\/portalurbano\/mujeres-radicales-realizaron-una-jornada-en-el-marco-del-8m\/#breadcrumb\"},\"inLanguage\":\"es\",\"potentialAction\":[{\"@type\":\"ReadAction\",\"target\":[\"https:\/\/experienciadevida.com.ar\/portalurbano\/mujeres-radicales-realizaron-una-jornada-en-el-marco-del-8m\/\"]}]},{\"@type\":\"BreadcrumbList\",\"@id\":\"https:\/\/experienciadevida.com.ar\/portalurbano\/mujeres-radicales-realizaron-una-jornada-en-el-marco-del-8m\/#breadcrumb\",\"itemListElement\":[{\"@type\":\"ListItem\",\"position\":1,\"name\":\"Portada\",\"item\":\"https:\/\/experienciadevida.com.ar\/portalurbano\/\"},{\"@type\":\"ListItem\",\"position\":2,\"name\":\"Mujeres radicales realizaron una jornada en el marco del 8M\"}]},{\"@type\":\"WebSite\",\"@id\":\"https:\/\/experienciadevida.com.ar\/portalurbano\/#website\",\"url\":\"https:\/\/experienciadevida.com.ar\/portalurbano\/\",\"name\":\"\",\"description\":\"\",\"publisher\":{\"@id\":\"https:\/\/experienciadevida.com.ar\/portalurbano\/#organization\"},\"potentialAction\":[{\"@type\":\"SearchAction\",\"target\":{\"@type\":\"EntryPoint\",\"urlTemplate\":\"https:\/\/experienciadevida.com.ar\/portalurbano\/?s={search_term_string}\"},\"query-input\":\"required name=search_term_string\"}],\"inLanguage\":\"es\"},{\"@type\":\"Organization\",\"@id\":\"https:\/\/experienciadevida.com.ar\/portalurbano\/#organization\",\"name\":\"Portal Urbano\",\"url\":\"https:\/\/experienciadevida.com.ar\/portalurbano\/\",\"logo\":{\"@type\":\"ImageObject\",\"inLanguage\":\"es\",\"@id\":\"https:\/\/experienciadevida.com.ar\/portalurbano\/#\/schema\/logo\/image\/\",\"url\":\"https:\/\/experienciadevida.com.ar\/portalurbano\/wp-content\/uploads\/2019\/09\/Logo-Original.png\",\"contentUrl\":\"https:\/\/experienciadevida.com.ar\/portalurbano\/wp-content\/uploads\/2019\/09\/Logo-Original.png\",\"width\":2236,\"height\":1216,\"caption\":\"Portal Urbano\"},\"image\":{\"@id\":\"https:\/\/experienciadevida.com.ar\/portalurbano\/#\/schema\/logo\/image\/\"},\"sameAs\":[\"https:\/\/www.facebook.com\/Portal-Urbano-171542830093757\/\",\"https:\/\/twitter.com\/portalurbanook\",\"https:\/\/www.instagram.com\/_portalurbano\/\",\"https:\/\/www.youtube.com\/channel\/UCXhagIfszH8KxFiOok79zbA?view_as=subscriber\"]},{\"@type\":\"Person\",\"@id\":\"https:\/\/experienciadevida.com.ar\/portalurbano\/#\/schema\/person\/02dd326b1c4b056e9cc972486934a3a7\",\"name\":\"admpu17wp\",\"image\":{\"@type\":\"ImageObject\",\"inLanguage\":\"es\",\"@id\":\"https:\/\/experienciadevida.com.ar\/portalurbano\/#\/schema\/person\/image\/\",\"url\":\"https:\/\/secure.gravatar.com\/avatar\/830d4c57adaae6630765e449a6908047?s=96&d=mm&r=g\",\"contentUrl\":\"https:\/\/secure.gravatar.com\/avatar\/830d4c57adaae6630765e449a6908047?s=96&d=mm&r=g\",\"caption\":\"admpu17wp\"}}]}<\/script>\n<!-- \/ Yoast SEO plugin. -->","yoast_head_json":{"title":"Mujeres radicales realizaron una jornada en el marco del 8M","description":"Mujeres radicales realizaron una jornada en el marco del 8M, en la intersecci\u00f3n de Moreno y Brown, all\u00ed juntaron donaciones para dos hogares","robots":{"index":"index","follow":"follow","max-snippet":"max-snippet:-1","max-image-preview":"max-image-preview:large","max-video-preview":"max-video-preview:-1"},"canonical":"https:\/\/experienciadevida.com.ar\/portalurbano\/mujeres-radicales-realizaron-una-jornada-en-el-marco-del-8m\/","og_locale":"es_ES","og_type":"article","og_title":"Mujeres radicales realizaron una jornada en el marco del 8M","og_description":"Mujeres radicales realizaron una jornada en el marco del 8M, en la intersecci\u00f3n de Moreno y Brown, all\u00ed juntaron donaciones para dos hogares","og_url":"https:\/\/experienciadevida.com.ar\/portalurbano\/mujeres-radicales-realizaron-una-jornada-en-el-marco-del-8m\/","article_publisher":"https:\/\/www.facebook.com\/Portal-Urbano-171542830093757\/","article_published_time":"2021-03-09T00:54:14+00:00","article_modified_time":"2021-03-09T01:02:01+00:00","og_image":[{"width":765,"height":510,"url":"https:\/\/experienciadevida.com.ar\/portalurbano\/wp-content\/uploads\/2021\/03\/Mujeres-radicales-realizaron-una-jornada.jpg","type":"image\/jpeg"}],"author":"admpu17wp","twitter_card":"summary_large_image","twitter_creator":"@portalurbanook","twitter_site":"@portalurbanook","twitter_misc":{"Escrito por":"admpu17wp","Tiempo de lectura":"3 minutos"},"schema":{"@context":"https:\/\/schema.org","@graph":[{"@type":"Article","@id":"https:\/\/experienciadevida.com.ar\/portalurbano\/mujeres-radicales-realizaron-una-jornada-en-el-marco-del-8m\/#article","isPartOf":{"@id":"https:\/\/experienciadevida.com.ar\/portalurbano\/mujeres-radicales-realizaron-una-jornada-en-el-marco-del-8m\/"},"author":{"name":"admpu17wp","@id":"https:\/\/experienciadevida.com.ar\/portalurbano\/#\/schema\/person\/02dd326b1c4b056e9cc972486934a3a7"},"headline":"Mujeres radicales realizaron una jornada en el marco del 8M","datePublished":"2021-03-09T00:54:14+00:00","dateModified":"2021-03-09T01:02:01+00:00","mainEntityOfPage":{"@id":"https:\/\/experienciadevida.com.ar\/portalurbano\/mujeres-radicales-realizaron-una-jornada-en-el-marco-del-8m\/"},"wordCount":374,"publisher":{"@id":"https:\/\/experienciadevida.com.ar\/portalurbano\/#organization"},"articleSection":["Ciudad","Destacadas"],"inLanguage":"es"},{"@type":"WebPage","@id":"https:\/\/experienciadevida.com.ar\/portalurbano\/mujeres-radicales-realizaron-una-jornada-en-el-marco-del-8m\/","url":"https:\/\/experienciadevida.com.ar\/portalurbano\/mujeres-radicales-realizaron-una-jornada-en-el-marco-del-8m\/","name":"Mujeres radicales realizaron una jornada en el marco del 8M","isPartOf":{"@id":"https:\/\/experienciadevida.com.ar\/portalurbano\/#website"},"datePublished":"2021-03-09T00:54:14+00:00","dateModified":"2021-03-09T01:02:01+00:00","description":"Mujeres radicales realizaron una jornada en el marco del 8M, en la intersecci\u00f3n de Moreno y Brown, all\u00ed juntaron donaciones para dos hogares","breadcrumb":{"@id":"https:\/\/experienciadevida.com.ar\/portalurbano\/mujeres-radicales-realizaron-una-jornada-en-el-marco-del-8m\/#breadcrumb"},"inLanguage":"es","potentialAction":[{"@type":"ReadAction","target":["https:\/\/experienciadevida.com.ar\/portalurbano\/mujeres-radicales-realizaron-una-jornada-en-el-marco-del-8m\/"]}]},{"@type":"BreadcrumbList","@id":"https:\/\/experienciadevida.com.ar\/portalurbano\/mujeres-radicales-realizaron-una-jornada-en-el-marco-del-8m\/#breadcrumb","itemListElement":[{"@type":"ListItem","position":1,"name":"Portada","item":"https:\/\/experienciadevida.com.ar\/portalurbano\/"},{"@type":"ListItem","position":2,"name":"Mujeres radicales realizaron una jornada en el marco del 8M"}]},{"@type":"WebSite","@id":"https:\/\/experienciadevida.com.ar\/portalurbano\/#website","url":"https:\/\/experienciadevida.com.ar\/portalurbano\/","name":"","description":"","publisher":{"@id":"https:\/\/experienciadevida.com.ar\/portalurbano\/#organization"},"potentialAction":[{"@type":"SearchAction","target":{"@type":"EntryPoint","urlTemplate":"https:\/\/experienciadevida.com.ar\/portalurbano\/?s={search_term_string}"},"query-input":"required name=search_term_string"}],"inLanguage":"es"},{"@type":"Organization","@id":"https:\/\/experienciadevida.com.ar\/portalurbano\/#organization","name":"Portal Urbano","url":"https:\/\/experienciadevida.com.ar\/portalurbano\/","logo":{"@type":"ImageObject","inLanguage":"es","@id":"https:\/\/experienciadevida.com.ar\/portalurbano\/#\/schema\/logo\/image\/","url":"https:\/\/experienciadevida.com.ar\/portalurbano\/wp-content\/uploads\/2019\/09\/Logo-Original.png","contentUrl":"https:\/\/experienciadevida.com.ar\/portalurbano\/wp-content\/uploads\/2019\/09\/Logo-Original.png","width":2236,"height":1216,"caption":"Portal Urbano"},"image":{"@id":"https:\/\/experienciadevida.com.ar\/portalurbano\/#\/schema\/logo\/image\/"},"sameAs":["https:\/\/www.facebook.com\/Portal-Urbano-171542830093757\/","https:\/\/twitter.com\/portalurbanook","https:\/\/www.instagram.com\/_portalurbano\/","https:\/\/www.youtube.com\/channel\/UCXhagIfszH8KxFiOok79zbA?view_as=subscriber"]},{"@type":"Person","@id":"https:\/\/experienciadevida.com.ar\/portalurbano\/#\/schema\/person\/02dd326b1c4b056e9cc972486934a3a7","name":"admpu17wp","image":{"@type":"ImageObject","inLanguage":"es","@id":"https:\/\/experienciadevida.com.ar\/portalurbano\/#\/schema\/person\/image\/","url":"https:\/\/secure.gravatar.com\/avatar\/830d4c57adaae6630765e449a6908047?s=96&d=mm&r=g","contentUrl":"https:\/\/secure.gravatar.com\/avatar\/830d4c57adaae6630765e449a6908047?s=96&d=mm&r=g","caption":"admpu17wp"}}]}},"featured_image_urls":{"full":["https:\/\/experienciadevida.com.ar\/portalurbano\/wp-content\/uploads\/2021\/03\/Mujeres-radicales-realizaron-una-jornada.jpg",765,510,false],"thumbnail":["https:\/\/experienciadevida.com.ar\/portalurbano\/wp-content\/uploads\/2021\/03\/Mujeres-radicales-realizaron-una-jornada-150x150.jpg",150,150,true],"medium":["https:\/\/experienciadevida.com.ar\/portalurbano\/wp-content\/uploads\/2021\/03\/Mujeres-radicales-realizaron-una-jornada-300x200.jpg",300,200,true],"medium_large":["https:\/\/experienciadevida.com.ar\/portalurbano\/wp-content\/uploads\/2021\/03\/Mujeres-radicales-realizaron-una-jornada.jpg",640,427,false],"large":["https:\/\/experienciadevida.com.ar\/portalurbano\/wp-content\/uploads\/2021\/03\/Mujeres-radicales-realizaron-una-jornada.jpg",640,427,false],"ug_big":["https:\/\/experienciadevida.com.ar\/portalurbano\/wp-content\/uploads\/2021\/03\/Mujeres-radicales-realizaron-una-jornada.jpg",765,510,false],"1536x1536":["https:\/\/experienciadevida.com.ar\/portalurbano\/wp-content\/uploads\/2021\/03\/Mujeres-radicales-realizaron-una-jornada.jpg",765,510,false],"2048x2048":["https:\/\/experienciadevida.com.ar\/portalurbano\/wp-content\/uploads\/2021\/03\/Mujeres-radicales-realizaron-una-jornada.jpg",765,510,false],"newsever-slider-full":["https:\/\/experienciadevida.com.ar\/portalurbano\/wp-content\/uploads\/2021\/03\/Mujeres-radicales-realizaron-una-jornada.jpg",765,510,false],"newsever-featured":["https:\/\/experienciadevida.com.ar\/portalurbano\/wp-content\/uploads\/2021\/03\/Mujeres-radicales-realizaron-una-jornada.jpg",765,510,false],"newsever-medium":["https:\/\/experienciadevida.com.ar\/portalurbano\/wp-content\/uploads\/2021\/03\/Mujeres-radicales-realizaron-una-jornada.jpg",713,475,false],"web-stories-poster-portrait":["https:\/\/experienciadevida.com.ar\/portalurbano\/wp-content\/uploads\/2021\/03\/Mujeres-radicales-realizaron-una-jornada.jpg",640,427,false],"web-stories-publisher-logo":["https:\/\/experienciadevida.com.ar\/portalurbano\/wp-content\/uploads\/2021\/03\/Mujeres-radicales-realizaron-una-jornada.jpg",96,64,false],"web-stories-thumbnail":["https:\/\/experienciadevida.com.ar\/portalurbano\/wp-content\/uploads\/2021\/03\/Mujeres-radicales-realizaron-una-jornada.jpg",150,100,false]},"author_info":{"display_name":"admpu17wp","author_link":"https:\/\/experienciadevida.com.ar\/portalurbano\/author\/admpu17wp\/"},"category_info":"<a href=\"https:\/\/experienciadevida.com.ar\/portalurbano\/category\/ciudad\/\" rel=\"category tag\">Ciudad<\/a> <a href=\"https:\/\/experienciadevida.com.ar\/portalurbano\/category\/destacadas\/\" rel=\"category tag\">Destacadas<\/a>","tag_info":"Destacadas","comment_count":"0","amp_enabled":true,"_links":{"self":[{"href":"https:\/\/experienciadevida.com.ar\/portalurbano\/wp-json\/wp\/v2\/posts\/136912"}],"collection":[{"href":"https:\/\/experienciadevida.com.ar\/portalurbano\/wp-json\/wp\/v2\/posts"}],"about":[{"href":"https:\/\/experienciadevida.com.ar\/portalurbano\/wp-json\/wp\/v2\/types\/post"}],"author":[{"embeddable":true,"href":"https:\/\/experienciadevida.com.ar\/portalurbano\/wp-json\/wp\/v2\/users\/1"}],"replies":[{"embeddable":true,"href":"https:\/\/experienciadevida.com.ar\/portalurbano\/wp-json\/wp\/v2\/comments?post=136912"}],"version-history":[{"count":4,"href":"https:\/\/experienciadevida.com.ar\/portalurbano\/wp-json\/wp\/v2\/posts\/136912\/revisions"}],"predecessor-version":[{"id":136923,"href":"https:\/\/experienciadevida.com.ar\/portalurbano\/wp-json\/wp\/v2\/posts\/136912\/revisions\/136923"}],"wp:featuredmedia":[{"embeddable":true,"href":"https:\/\/experienciadevida.com.ar\/portalurbano\/wp-json\/wp\/v2\/media\/136913"}],"wp:attachment":[{"href":"https:\/\/experienciadevida.com.ar\/portalurbano\/wp-json\/wp\/v2\/media?parent=136912"}],"wp:term":[{"taxonomy":"category","embeddable":true,"href":"https:\/\/experienciadevida.com.ar\/portalurbano\/wp-json\/wp\/v2\/categories?post=136912"},{"taxonomy":"post_tag","embeddable":true,"href":"https:\/\/experienciadevida.com.ar\/portalurbano\/wp-json\/wp\/v2\/tags?post=136912"}],"curies":[{"name":"wp","href":"https:\/\/api.w.org\/{rel}","templated":true}]}}