{"id":136907,"date":"2021-03-08T22:10:06","date_gmt":"2021-03-09T01:10:06","guid":{"rendered":"https:\/\/experienciadevida.com.ar\/portalurbano\/?p=136907"},"modified":"2021-03-09T00:13:05","modified_gmt":"2021-03-09T03:13:05","slug":"la-asamblea-feminista-realizo-la-marcha-por-el-8m-en-olavarria","status":"publish","type":"post","link":"https:\/\/experienciadevida.com.ar\/portalurbano\/la-asamblea-feminista-realizo-la-marcha-por-el-8m-en-olavarria\/","title":{"rendered":"La Asamblea Feminista realiz\u00f3 la marcha por el 8M en Olavarr\u00eda"},"content":{"rendered":"<p>La Asamblea Feminista realiz\u00f3 la marcha por el 8M en Olavarr\u00eda, la misma estaba convocada a partir de las 20hs, las actividades comenzaron a las 17hs en el Parque.<\/p>\n<p>All\u00ed hubo feria, grafiter\u00eda, as\u00ed como tambi\u00e9n artistas y la murga que llen\u00f3 de color el lugar.<\/p>\n<p>Antes de la movilizaci\u00f3n leyeron un documento donde pidieron la renuncia a Berni y remarcaron la construcci\u00f3n plural del feminismo.<\/p>\n<p>A su vez mencionaron en el comunicado que quieren conocer las acciones concretas del Municipio en la emergencia en violencia de g\u00e9nero y tener m\u00e1s presupuesto para pol\u00edticas de g\u00e9nero.<\/p>\n<p>Adem\u00e1s remarcaron la importancia de capacitar a la Corte Suprema de Justicia y que cumplan la ordenanza local.<\/p>\n<p>Luego de leer el documento,\u00a0 marcharon por las calles de la ciudad.<\/p>\n<p><strong>El Comunicado completo:<\/strong><\/p>\n<p>Los gobiernos pasan, las promesas pasan y nosotros seguimos en las calles. Este 8 de marzo las mujeres, lesbianas, bisexuales, intersex, maricas, travestis, trans, no binaries y dem\u00e1s cuerpos feminizadas estamos de paro en todo el mundo. En este espacio celebramos cada conquista producto de nuestra persistencia, y seguimos en pie de lucha por todo lo que nos falta. Con pandemia, aislamiento y distancia social seguimos en las calles, reclamamos contra el hambre\u00a0 y por trabajo genuino, conquistamos el aborto legal seguro y gratuito, salimos contra los cr\u00edmenes de odio y racismo, salimos por todas, todes y cada une de que nos faltan.<\/p>\n<p>Somos las mismas que han salido a lo largo de la historia contra el machismo, el patriarcado y el capitalismo, las obreras textiles neoyoriknas, las negras, las socialistas, las afroascendiente, las campesinas y las hermanas originarias, que desde 1910 todos los 8 de marzo sacudimos al mundo.<\/p>\n<p>Hoy es la sangre de nuestras ca\u00eddas las que nos exige volver a las calles, nos est\u00e1n matando. Todos los d\u00edas nos matan. La polic\u00eda nos mata y encubre, 6 mil efectivos de la bonaerense est\u00e1n denunciados por ejercer violencia de g\u00e9nero y siguen trabajando y portando armas. La justicia desestima y desoye nuestros pedidos de auxilios, los jueces y fiscales mis\u00f3ginos y machistas siguen en sus cargos de forma vitalicio. Los Ministrios no generan a\u00fan pol\u00edticas reales, a nuestra necesidad de seguir vivas,\u00a0 y cuando las crea, estas no son efectivas. Es el Estado en todas sus dimensiones y sus Gobiernos quienes nos exponen, nos violentan, nos violan, nos matan. \u00a1Estamos hartas! No queremos que nos arrebaten a nadie m\u00e1s. Por esto tejemos redes, nos organizamos, copamos las calles, luchamos.<\/p>\n<p>El hombre y la desocupaci\u00f3n, la falta de vivienda y de acceso a trabajos genuinos, todas estas violencias se agudizan en nuestros cuerpos. El 70% de las personas m\u00e1s pobres son mujeres y disidencias. Los salarios m\u00e1s bajos son los que recibimos en el trabajo dom\u00e9stico, el rural y maestranza. Pero somos las primeras en organizarnos y salir a luchar, paramos la olla y reclamamos vivir de forma digna. Retomamos y aprendemos de nuestras hermanas originarias el buen vivir, en un buen trabajo colectivo, comunitario de reciprocidad, en vinculaci\u00f3n con el respeto a la naturaleza.<\/p>\n<p>Durante a\u00f1os de luchas aprendimos a unirnos y tejer redes, a cuidarnos entre nosotras. Como conquistamos el aborto uniendo las luchas, copando las calles durante m\u00e1s de 30 a\u00f1os, no sentimos derrotas, ganamos algo tan elemento como el derecho a decidir sobre nuestros cuerpos. Fue as\u00ed que en 2017 autoconvocadas, diferentes organizaciones feministas, barriales, pol\u00edticas, hermanas originarias conformamos la asamblea feminista. Durante todos estos a\u00f1os aprendimos a construir en pluralidad, a escucharnos, conocernos, a sabernos\u00a0 y unirnos ante la necesidad imperiosa de formar frentes contra el patriarcado y el sistema capitalista, blanco occidental.\u00a0 Hoy producto de esta construcci\u00f3n somos &#8220;asamblea feminista disidente Olavarr\u00eda&#8221;.<\/p>\n<p>Desde esta asamblea autoconvocada denunciamos que:<\/p>\n<p>Hace m\u00e1s de un a\u00f1o el HCD declar\u00f3 que Olavarr\u00eda estaba en emergencia por violencia de g\u00e9nero. Queremos conocer las acciones que se llevaron adelante desde el Poder Ejecutivo Municipal para avanzar y erradicar la violencia machista. Si estamos en emergencia es que el Estado municipal reconoce que estamos en peligro, \u00bfque se hizo?.<\/p>\n<p>Denunciamos que el presupuesto local de la ordenanza 3910 que deber\u00eda destinarse para trabajar en prevenci\u00f3n de violencia de g\u00e9nero, se utiliza desde hace a\u00f1os mayoritariamente para pagar sueldos. Exigimos que este presupuesto se destine al acceso a vivienda\u00a0 y apoyos econ\u00f3micos a personas que atraviesan situaciones de violencia. Tambi\u00e9n exigimos que el acceso a la informaci\u00f3n sobre la ejecuci\u00f3n del presupuesto 2021 sea p\u00fablica, permanente y actualizada.<\/p>\n<p>Exigimos al estado provincial y local espacios acondicionados y con profesionales capacitados en perspectiva de g\u00e9nero para que las personas que viven situaciones de violencia de g\u00e9nero denuncien, sean contenidas y asesoradas de forma digna.<\/p>\n<p>Exigimos que el estado efectivice la aplicaci\u00f3n de la ley n\u00b027.452 de protecci\u00f3n de hijos de v\u00edctimas de la violencia machista garantizando el derecho a recibir una reparaci\u00f3n econ\u00f3mica mensual, acceso a una cobertura integral de salud y acompa\u00f1amiento integral durante su crianza.<\/p>\n<a href=\"https:\/\/experienciadevida.com.ar\/portalurbano\/wp-content\/uploads\/2021\/03\/Documento8M2021.pdf\" class=\"pdfemb-viewer\" style=\"\" data-width=\"max\" data-height=\"max\"  data-toolbar=\"bottom\" data-toolbar-fixed=\"off\">Documento8M2021<br\/><\/a>\n<p><span style=\"color: #000080;\">Las fotos:<\/span><\/p>\n<p><a href=\"https:\/\/experienciadevida.com.ar\/portalurbano\/la-asamblea-feminista-realizo-la-marcha-por-el-8m-en-olavarria\/la-asamblea\/\" rel=\"attachment wp-att-136929\"><img decoding=\"async\" class=\"alignnone size-full wp-image-136929\" src=\"https:\/\/experienciadevida.com.ar\/portalurbano\/wp-content\/uploads\/2021\/03\/La-asamblea.jpg\" alt=\"La asamblea\" width=\"765\" height=\"510\" srcset=\"https:\/\/experienciadevida.com.ar\/portalurbano\/wp-content\/uploads\/2021\/03\/La-asamblea.jpg 765w, https:\/\/experienciadevida.com.ar\/portalurbano\/wp-content\/uploads\/2021\/03\/La-asamblea-300x200.jpg 300w\" sizes=\"(max-width: 765px) 100vw, 765px\" \/><\/a><\/p>\n<p><a href=\"https:\/\/experienciadevida.com.ar\/portalurbano\/la-asamblea-feminista-realizo-la-marcha-por-el-8m-en-olavarria\/feminista-3\/\" rel=\"attachment wp-att-136930\"><img decoding=\"async\" class=\"alignnone size-full wp-image-136930\" src=\"https:\/\/experienciadevida.com.ar\/portalurbano\/wp-content\/uploads\/2021\/03\/Feminista-1.jpg\" alt=\"Feminista\" width=\"765\" height=\"510\" srcset=\"https:\/\/experienciadevida.com.ar\/portalurbano\/wp-content\/uploads\/2021\/03\/Feminista-1.jpg 765w, https:\/\/experienciadevida.com.ar\/portalurbano\/wp-content\/uploads\/2021\/03\/Feminista-1-300x200.jpg 300w\" sizes=\"(max-width: 765px) 100vw, 765px\" \/><\/a><\/p>\n<p><a href=\"https:\/\/experienciadevida.com.ar\/portalurbano\/la-asamblea-feminista-realizo-la-marcha-por-el-8m-en-olavarria\/asamblea-17\/\" rel=\"attachment wp-att-136931\"><img decoding=\"async\" class=\"alignnone size-full wp-image-136931\" src=\"https:\/\/experienciadevida.com.ar\/portalurbano\/wp-content\/uploads\/2021\/03\/asamblea-1.jpg\" alt=\"\" width=\"765\" height=\"510\" srcset=\"https:\/\/experienciadevida.com.ar\/portalurbano\/wp-content\/uploads\/2021\/03\/asamblea-1.jpg 765w, https:\/\/experienciadevida.com.ar\/portalurbano\/wp-content\/uploads\/2021\/03\/asamblea-1-300x200.jpg 300w\" sizes=\"(max-width: 765px) 100vw, 765px\" \/><\/a><\/p>\n<p><a href=\"https:\/\/experienciadevida.com.ar\/portalurbano\/la-asamblea-feminista-realizo-la-marcha-por-el-8m-en-olavarria\/asamblea1-4\/\" rel=\"attachment wp-att-136932\"><img decoding=\"async\" class=\"alignnone size-full wp-image-136932\" src=\"https:\/\/experienciadevida.com.ar\/portalurbano\/wp-content\/uploads\/2021\/03\/asamblea1.jpg\" alt=\"\" width=\"765\" height=\"510\" srcset=\"https:\/\/experienciadevida.com.ar\/portalurbano\/wp-content\/uploads\/2021\/03\/asamblea1.jpg 765w, https:\/\/experienciadevida.com.ar\/portalurbano\/wp-content\/uploads\/2021\/03\/asamblea1-300x200.jpg 300w\" sizes=\"(max-width: 765px) 100vw, 765px\" \/><\/a><\/p>\n<p><a href=\"https:\/\/experienciadevida.com.ar\/portalurbano\/la-asamblea-feminista-realizo-la-marcha-por-el-8m-en-olavarria\/asamblea3\/\" rel=\"attachment wp-att-136933\"><img decoding=\"async\" class=\"alignnone size-full wp-image-136933\" src=\"https:\/\/experienciadevida.com.ar\/portalurbano\/wp-content\/uploads\/2021\/03\/asamblea3.jpg\" alt=\"\" width=\"765\" height=\"510\" srcset=\"https:\/\/experienciadevida.com.ar\/portalurbano\/wp-content\/uploads\/2021\/03\/asamblea3.jpg 765w, https:\/\/experienciadevida.com.ar\/portalurbano\/wp-content\/uploads\/2021\/03\/asamblea3-300x200.jpg 300w\" sizes=\"(max-width: 765px) 100vw, 765px\" \/><\/a><\/p>\n<p><a href=\"https:\/\/experienciadevida.com.ar\/portalurbano\/la-asamblea-feminista-realizo-la-marcha-por-el-8m-en-olavarria\/asamblea3-2\/\" rel=\"attachment wp-att-136934\"><img decoding=\"async\" class=\"alignnone size-full wp-image-136934\" src=\"https:\/\/experienciadevida.com.ar\/portalurbano\/wp-content\/uploads\/2021\/03\/asamblea3-1.jpg\" alt=\"\" width=\"765\" height=\"510\" srcset=\"https:\/\/experienciadevida.com.ar\/portalurbano\/wp-content\/uploads\/2021\/03\/asamblea3-1.jpg 765w, https:\/\/experienciadevida.com.ar\/portalurbano\/wp-content\/uploads\/2021\/03\/asamblea3-1-300x200.jpg 300w\" sizes=\"(max-width: 765px) 100vw, 765px\" \/><\/a><\/p>\n<p><a href=\"https:\/\/experienciadevida.com.ar\/portalurbano\/la-asamblea-feminista-realizo-la-marcha-por-el-8m-en-olavarria\/asamblea4\/\" rel=\"attachment wp-att-136935\"><img decoding=\"async\" class=\"alignnone size-full wp-image-136935\" src=\"https:\/\/experienciadevida.com.ar\/portalurbano\/wp-content\/uploads\/2021\/03\/asamblea4.jpg\" alt=\"\" width=\"765\" height=\"510\" srcset=\"https:\/\/experienciadevida.com.ar\/portalurbano\/wp-content\/uploads\/2021\/03\/asamblea4.jpg 765w, https:\/\/experienciadevida.com.ar\/portalurbano\/wp-content\/uploads\/2021\/03\/asamblea4-300x200.jpg 300w\" sizes=\"(max-width: 765px) 100vw, 765px\" \/><\/a><\/p>\n<p><a href=\"https:\/\/experienciadevida.com.ar\/portalurbano\/la-asamblea-feminista-realizo-la-marcha-por-el-8m-en-olavarria\/asamblea5\/\" rel=\"attachment wp-att-136936\"><img decoding=\"async\" class=\"alignnone size-full wp-image-136936\" src=\"https:\/\/experienciadevida.com.ar\/portalurbano\/wp-content\/uploads\/2021\/03\/asamblea5.jpg\" alt=\"\" width=\"765\" height=\"510\" srcset=\"https:\/\/experienciadevida.com.ar\/portalurbano\/wp-content\/uploads\/2021\/03\/asamblea5.jpg 765w, https:\/\/experienciadevida.com.ar\/portalurbano\/wp-content\/uploads\/2021\/03\/asamblea5-300x200.jpg 300w\" sizes=\"(max-width: 765px) 100vw, 765px\" \/><\/a><\/p>\n<p><a href=\"https:\/\/experienciadevida.com.ar\/portalurbano\/la-asamblea-feminista-realizo-la-marcha-por-el-8m-en-olavarria\/asamblea7\/\" rel=\"attachment wp-att-136937\"><img decoding=\"async\" class=\"alignnone size-full wp-image-136937\" src=\"https:\/\/experienciadevida.com.ar\/portalurbano\/wp-content\/uploads\/2021\/03\/asamblea7.jpg\" alt=\"\" width=\"765\" height=\"510\" srcset=\"https:\/\/experienciadevida.com.ar\/portalurbano\/wp-content\/uploads\/2021\/03\/asamblea7.jpg 765w, https:\/\/experienciadevida.com.ar\/portalurbano\/wp-content\/uploads\/2021\/03\/asamblea7-300x200.jpg 300w\" sizes=\"(max-width: 765px) 100vw, 765px\" \/><\/a><\/p>\n<p><a href=\"https:\/\/experienciadevida.com.ar\/portalurbano\/la-asamblea-feminista-realizo-la-marcha-por-el-8m-en-olavarria\/asamblea8\/\" rel=\"attachment wp-att-136938\"><img decoding=\"async\" class=\"alignnone size-full wp-image-136938\" src=\"https:\/\/experienciadevida.com.ar\/portalurbano\/wp-content\/uploads\/2021\/03\/asamblea8.jpg\" alt=\"\" width=\"765\" height=\"510\" srcset=\"https:\/\/experienciadevida.com.ar\/portalurbano\/wp-content\/uploads\/2021\/03\/asamblea8.jpg 765w, https:\/\/experienciadevida.com.ar\/portalurbano\/wp-content\/uploads\/2021\/03\/asamblea8-300x200.jpg 300w\" sizes=\"(max-width: 765px) 100vw, 765px\" \/><\/a><\/p>\n<p><a href=\"https:\/\/experienciadevida.com.ar\/portalurbano\/la-asamblea-feminista-realizo-la-marcha-por-el-8m-en-olavarria\/asamblea9\/\" rel=\"attachment wp-att-136939\"><img decoding=\"async\" class=\"alignnone size-full wp-image-136939\" src=\"https:\/\/experienciadevida.com.ar\/portalurbano\/wp-content\/uploads\/2021\/03\/asamblea9.jpg\" alt=\"\" width=\"765\" height=\"510\" srcset=\"https:\/\/experienciadevida.com.ar\/portalurbano\/wp-content\/uploads\/2021\/03\/asamblea9.jpg 765w, https:\/\/experienciadevida.com.ar\/portalurbano\/wp-content\/uploads\/2021\/03\/asamblea9-300x200.jpg 300w\" sizes=\"(max-width: 765px) 100vw, 765px\" \/><\/a><\/p>\n<p><a href=\"https:\/\/experienciadevida.com.ar\/portalurbano\/la-asamblea-feminista-realizo-la-marcha-por-el-8m-en-olavarria\/asamblea10\/\" rel=\"attachment wp-att-136940\"><img decoding=\"async\" class=\"alignnone size-full wp-image-136940\" src=\"https:\/\/experienciadevida.com.ar\/portalurbano\/wp-content\/uploads\/2021\/03\/asamblea10.jpg\" alt=\"\" width=\"765\" height=\"510\" srcset=\"https:\/\/experienciadevida.com.ar\/portalurbano\/wp-content\/uploads\/2021\/03\/asamblea10.jpg 765w, https:\/\/experienciadevida.com.ar\/portalurbano\/wp-content\/uploads\/2021\/03\/asamblea10-300x200.jpg 300w\" sizes=\"(max-width: 765px) 100vw, 765px\" \/><\/a><\/p>\n<p><a href=\"https:\/\/experienciadevida.com.ar\/portalurbano\/la-asamblea-feminista-realizo-la-marcha-por-el-8m-en-olavarria\/asamblea11\/\" rel=\"attachment wp-att-136941\"><img decoding=\"async\" class=\"alignnone size-full wp-image-136941\" src=\"https:\/\/experienciadevida.com.ar\/portalurbano\/wp-content\/uploads\/2021\/03\/asamblea11.jpg\" alt=\"\" width=\"765\" height=\"510\" srcset=\"https:\/\/experienciadevida.com.ar\/portalurbano\/wp-content\/uploads\/2021\/03\/asamblea11.jpg 765w, https:\/\/experienciadevida.com.ar\/portalurbano\/wp-content\/uploads\/2021\/03\/asamblea11-300x200.jpg 300w\" sizes=\"(max-width: 765px) 100vw, 765px\" \/><\/a><\/p>\n<p><a href=\"https:\/\/experienciadevida.com.ar\/portalurbano\/la-asamblea-feminista-realizo-la-marcha-por-el-8m-en-olavarria\/asamblea12\/\" rel=\"attachment wp-att-136942\"><img decoding=\"async\" class=\"alignnone size-full wp-image-136942\" src=\"https:\/\/experienciadevida.com.ar\/portalurbano\/wp-content\/uploads\/2021\/03\/asamblea12.jpg\" alt=\"\" width=\"765\" height=\"510\" srcset=\"https:\/\/experienciadevida.com.ar\/portalurbano\/wp-content\/uploads\/2021\/03\/asamblea12.jpg 765w, https:\/\/experienciadevida.com.ar\/portalurbano\/wp-content\/uploads\/2021\/03\/asamblea12-300x200.jpg 300w\" sizes=\"(max-width: 765px) 100vw, 765px\" \/><\/a><\/p>\n<p><a href=\"https:\/\/experienciadevida.com.ar\/portalurbano\/la-asamblea-feminista-realizo-la-marcha-por-el-8m-en-olavarria\/asamblea13\/\" rel=\"attachment wp-att-136943\"><img decoding=\"async\" class=\"alignnone size-full wp-image-136943\" src=\"https:\/\/experienciadevida.com.ar\/portalurbano\/wp-content\/uploads\/2021\/03\/asamblea13.jpg\" alt=\"\" width=\"765\" height=\"510\" srcset=\"https:\/\/experienciadevida.com.ar\/portalurbano\/wp-content\/uploads\/2021\/03\/asamblea13.jpg 765w, https:\/\/experienciadevida.com.ar\/portalurbano\/wp-content\/uploads\/2021\/03\/asamblea13-300x200.jpg 300w\" sizes=\"(max-width: 765px) 100vw, 765px\" \/><\/a><\/p>\n<p><a href=\"https:\/\/experienciadevida.com.ar\/portalurbano\/la-asamblea-feminista-realizo-la-marcha-por-el-8m-en-olavarria\/asamblea14\/\" rel=\"attachment wp-att-136944\"><img decoding=\"async\" class=\"alignnone size-full wp-image-136944\" src=\"https:\/\/experienciadevida.com.ar\/portalurbano\/wp-content\/uploads\/2021\/03\/asamblea14.jpg\" alt=\"\" width=\"765\" height=\"510\" srcset=\"https:\/\/experienciadevida.com.ar\/portalurbano\/wp-content\/uploads\/2021\/03\/asamblea14.jpg 765w, https:\/\/experienciadevida.com.ar\/portalurbano\/wp-content\/uploads\/2021\/03\/asamblea14-300x200.jpg 300w\" sizes=\"(max-width: 765px) 100vw, 765px\" \/><\/a><\/p>\n<p><a href=\"https:\/\/experienciadevida.com.ar\/portalurbano\/la-asamblea-feminista-realizo-la-marcha-por-el-8m-en-olavarria\/asamblea15\/\" rel=\"attachment wp-att-136945\"><img decoding=\"async\" class=\"alignnone size-full wp-image-136945\" src=\"https:\/\/experienciadevida.com.ar\/portalurbano\/wp-content\/uploads\/2021\/03\/asamblea15.jpg\" alt=\"\" width=\"765\" height=\"510\" srcset=\"https:\/\/experienciadevida.com.ar\/portalurbano\/wp-content\/uploads\/2021\/03\/asamblea15.jpg 765w, https:\/\/experienciadevida.com.ar\/portalurbano\/wp-content\/uploads\/2021\/03\/asamblea15-300x200.jpg 300w\" sizes=\"(max-width: 765px) 100vw, 765px\" \/><\/a><\/p>\n<p><a href=\"https:\/\/experienciadevida.com.ar\/portalurbano\/la-asamblea-feminista-realizo-la-marcha-por-el-8m-en-olavarria\/asamblea17\/\" rel=\"attachment wp-att-136946\"><img decoding=\"async\" class=\"alignnone size-full wp-image-136946\" src=\"https:\/\/experienciadevida.com.ar\/portalurbano\/wp-content\/uploads\/2021\/03\/asamblea17.jpg\" alt=\"\" width=\"765\" height=\"510\" srcset=\"https:\/\/experienciadevida.com.ar\/portalurbano\/wp-content\/uploads\/2021\/03\/asamblea17.jpg 765w, https:\/\/experienciadevida.com.ar\/portalurbano\/wp-content\/uploads\/2021\/03\/asamblea17-300x200.jpg 300w\" sizes=\"(max-width: 765px) 100vw, 765px\" \/><\/a><\/p>\n<p><a href=\"https:\/\/experienciadevida.com.ar\/portalurbano\/la-asamblea-feminista-realizo-la-marcha-por-el-8m-en-olavarria\/asamblea18\/\" rel=\"attachment wp-att-136947\"><img decoding=\"async\" class=\"alignnone size-full wp-image-136947\" src=\"https:\/\/experienciadevida.com.ar\/portalurbano\/wp-content\/uploads\/2021\/03\/asamblea18.jpg\" alt=\"\" width=\"765\" height=\"510\" srcset=\"https:\/\/experienciadevida.com.ar\/portalurbano\/wp-content\/uploads\/2021\/03\/asamblea18.jpg 765w, https:\/\/experienciadevida.com.ar\/portalurbano\/wp-content\/uploads\/2021\/03\/asamblea18-300x200.jpg 300w\" sizes=\"(max-width: 765px) 100vw, 765px\" \/><\/a><\/p>\n<p><a href=\"https:\/\/experienciadevida.com.ar\/portalurbano\/la-asamblea-feminista-realizo-la-marcha-por-el-8m-en-olavarria\/asamblea19\/\" rel=\"attachment wp-att-136948\"><img decoding=\"async\" class=\"alignnone size-full wp-image-136948\" src=\"https:\/\/experienciadevida.com.ar\/portalurbano\/wp-content\/uploads\/2021\/03\/asamblea19.jpg\" alt=\"\" width=\"765\" height=\"510\" srcset=\"https:\/\/experienciadevida.com.ar\/portalurbano\/wp-content\/uploads\/2021\/03\/asamblea19.jpg 765w, https:\/\/experienciadevida.com.ar\/portalurbano\/wp-content\/uploads\/2021\/03\/asamblea19-300x200.jpg 300w\" sizes=\"(max-width: 765px) 100vw, 765px\" \/><\/a><\/p>\n<p><a href=\"https:\/\/experienciadevida.com.ar\/portalurbano\/la-asamblea-feminista-realizo-la-marcha-por-el-8m-en-olavarria\/asamblea20\/\" rel=\"attachment wp-att-136949\"><img decoding=\"async\" class=\"alignnone size-full wp-image-136949\" src=\"https:\/\/experienciadevida.com.ar\/portalurbano\/wp-content\/uploads\/2021\/03\/asamblea20.jpg\" alt=\"\" width=\"765\" height=\"510\" srcset=\"https:\/\/experienciadevida.com.ar\/portalurbano\/wp-content\/uploads\/2021\/03\/asamblea20.jpg 765w, https:\/\/experienciadevida.com.ar\/portalurbano\/wp-content\/uploads\/2021\/03\/asamblea20-300x200.jpg 300w\" sizes=\"(max-width: 765px) 100vw, 765px\" \/><\/a><\/p>\n<p><a href=\"https:\/\/experienciadevida.com.ar\/portalurbano\/la-asamblea-feminista-realizo-la-marcha-por-el-8m-en-olavarria\/asamblea21\/\" rel=\"attachment wp-att-136950\"><img decoding=\"async\" class=\"alignnone size-full wp-image-136950\" src=\"https:\/\/experienciadevida.com.ar\/portalurbano\/wp-content\/uploads\/2021\/03\/asamblea21.jpg\" alt=\"\" width=\"765\" height=\"510\" srcset=\"https:\/\/experienciadevida.com.ar\/portalurbano\/wp-content\/uploads\/2021\/03\/asamblea21.jpg 765w, https:\/\/experienciadevida.com.ar\/portalurbano\/wp-content\/uploads\/2021\/03\/asamblea21-300x200.jpg 300w\" sizes=\"(max-width: 765px) 100vw, 765px\" \/><\/a><\/p>\n<p><a href=\"https:\/\/experienciadevida.com.ar\/portalurbano\/la-asamblea-feminista-realizo-la-marcha-por-el-8m-en-olavarria\/asamblea22\/\" rel=\"attachment wp-att-136951\"><img decoding=\"async\" class=\"alignnone size-full wp-image-136951\" src=\"https:\/\/experienciadevida.com.ar\/portalurbano\/wp-content\/uploads\/2021\/03\/asamblea22.jpg\" alt=\"\" width=\"765\" height=\"510\" srcset=\"https:\/\/experienciadevida.com.ar\/portalurbano\/wp-content\/uploads\/2021\/03\/asamblea22.jpg 765w, https:\/\/experienciadevida.com.ar\/portalurbano\/wp-content\/uploads\/2021\/03\/asamblea22-300x200.jpg 300w\" sizes=\"(max-width: 765px) 100vw, 765px\" \/><\/a><\/p>\n<p><a href=\"https:\/\/experienciadevida.com.ar\/portalurbano\/la-asamblea-feminista-realizo-la-marcha-por-el-8m-en-olavarria\/asamblea24\/\" rel=\"attachment wp-att-136952\"><img decoding=\"async\" class=\"alignnone size-full wp-image-136952\" src=\"https:\/\/experienciadevida.com.ar\/portalurbano\/wp-content\/uploads\/2021\/03\/asamblea24.jpg\" alt=\"\" width=\"765\" height=\"510\" srcset=\"https:\/\/experienciadevida.com.ar\/portalurbano\/wp-content\/uploads\/2021\/03\/asamblea24.jpg 765w, https:\/\/experienciadevida.com.ar\/portalurbano\/wp-content\/uploads\/2021\/03\/asamblea24-300x200.jpg 300w\" sizes=\"(max-width: 765px) 100vw, 765px\" \/><\/a><\/p>\n<p><a href=\"https:\/\/experienciadevida.com.ar\/portalurbano\/la-asamblea-feminista-realizo-la-marcha-por-el-8m-en-olavarria\/asamblea26\/\" rel=\"attachment wp-att-136953\"><img decoding=\"async\" class=\"alignnone size-full wp-image-136953\" src=\"https:\/\/experienciadevida.com.ar\/portalurbano\/wp-content\/uploads\/2021\/03\/asamblea26.jpg\" alt=\"\" width=\"765\" height=\"510\" srcset=\"https:\/\/experienciadevida.com.ar\/portalurbano\/wp-content\/uploads\/2021\/03\/asamblea26.jpg 765w, https:\/\/experienciadevida.com.ar\/portalurbano\/wp-content\/uploads\/2021\/03\/asamblea26-300x200.jpg 300w\" sizes=\"(max-width: 765px) 100vw, 765px\" \/><\/a><\/p>\n<p><a href=\"https:\/\/experienciadevida.com.ar\/portalurbano\/la-asamblea-feminista-realizo-la-marcha-por-el-8m-en-olavarria\/asamblea27\/\" rel=\"attachment wp-att-136954\"><img decoding=\"async\" class=\"alignnone size-full wp-image-136954\" src=\"https:\/\/experienciadevida.com.ar\/portalurbano\/wp-content\/uploads\/2021\/03\/asamblea27.jpg\" alt=\"\" width=\"765\" height=\"510\" srcset=\"https:\/\/experienciadevida.com.ar\/portalurbano\/wp-content\/uploads\/2021\/03\/asamblea27.jpg 765w, https:\/\/experienciadevida.com.ar\/portalurbano\/wp-content\/uploads\/2021\/03\/asamblea27-300x200.jpg 300w\" sizes=\"(max-width: 765px) 100vw, 765px\" \/><\/a><\/p>\n<p><a href=\"https:\/\/experienciadevida.com.ar\/portalurbano\/la-asamblea-feminista-realizo-la-marcha-por-el-8m-en-olavarria\/asamblea30\/\" rel=\"attachment wp-att-136955\"><img decoding=\"async\" class=\"alignnone size-full wp-image-136955\" src=\"https:\/\/experienciadevida.com.ar\/portalurbano\/wp-content\/uploads\/2021\/03\/asamblea30.jpg\" alt=\"\" width=\"765\" height=\"510\" srcset=\"https:\/\/experienciadevida.com.ar\/portalurbano\/wp-content\/uploads\/2021\/03\/asamblea30.jpg 765w, https:\/\/experienciadevida.com.ar\/portalurbano\/wp-content\/uploads\/2021\/03\/asamblea30-300x200.jpg 300w\" sizes=\"(max-width: 765px) 100vw, 765px\" \/><\/a><\/p>\n<div class=\"yrc-shell-cover yrc-single\" data-yrc-uid=\"69f0d072d0fa3\" data-yrc-channel=\"{&quot;meta&quot;:{&quot;user&quot;:&quot;Portal Urbano&quot;,&quot;channel&quot;:&quot;UCXhagIfszH8KxFiOok79zbA&quot;,&quot;key&quot;:&quot;yrc_1524317601&quot;,&quot;apikey&quot;:&quot;AIzaSyCEhi-95k6t1rX4pDVqugauM-UyTfNHj8Q&quot;,&quot;cache&quot;:&quot;180&quot;,&quot;channel_uploads&quot;:&quot;UUXhagIfszH8KxFiOok79zbA&quot;,&quot;onlyonce&quot;:&quot;&quot;,&quot;tag&quot;:&quot;&quot;,&quot;per_page&quot;:&quot;12&quot;,&quot;maxv&quot;:&quot;500&quot;,&quot;ads&quot;:&quot;1&quot;,&quot;uid&quot;:&quot;69f0d072d0fa3&quot;,&quot;nocookie&quot;:&quot;&quot;,&quot;single&quot;:true},&quot;style&quot;:{&quot;colors&quot;:{&quot;item&quot;:{&quot;background&quot;:&quot;inherit&quot;},&quot;button&quot;:{&quot;background&quot;:&quot;#333&quot;,&quot;color&quot;:&quot;#fff&quot;},&quot;color&quot;:{&quot;text&quot;:&quot;#fff&quot;,&quot;link&quot;:&quot;inherit&quot;,&quot;menu&quot;:&quot;#000&quot;,&quot;meta&quot;:&quot;inherit&quot;}},&quot;theme&quot;:{&quot;videos&quot;:{&quot;style&quot;:&quot;__grid&quot;,&quot;thumb&quot;:[&quot;large&quot;,&quot;open&quot;],&quot;desc&quot;:&quot;&quot;,&quot;carousel&quot;:{&quot;thumbs&quot;:&quot;4&quot;,&quot;thumbs_to_slide&quot;:&quot;2&quot;,&quot;spacing&quot;:&quot;8&quot;},&quot;carousel_nav&quot;:{&quot;modifier&quot;:&quot;__sides&quot;,&quot;position&quot;:&quot;left-none&quot;,&quot;location&quot;:&quot;prepend&quot;,&quot;background&quot;:&quot;#fff&quot;,&quot;color&quot;:&quot;#000&quot;,&quot;font_size&quot;:&quot;2&quot;,&quot;border_radius&quot;:&quot;0&quot;}},&quot;a&quot;:&quot;1&quot;},&quot;fit&quot;:&quot;false&quot;,&quot;playlists&quot;:&quot;true&quot;,&quot;uploads&quot;:&quot;true&quot;,&quot;player_mode&quot;:&quot;1&quot;,&quot;truncate&quot;:&quot;1&quot;,&quot;banner&quot;:&quot;true&quot;,&quot;thumb_margin&quot;:&quot;8&quot;,&quot;play_icon&quot;:&quot;&quot;,&quot;youtube_play_icon&quot;:&quot;&quot;,&quot;thumb_image_size&quot;:&quot;medium&quot;,&quot;default_tab&quot;:&quot;uploads&quot;,&quot;sticky&quot;:{&quot;enable&quot;:&quot;&quot;,&quot;width&quot;:&quot;400&quot;,&quot;position&quot;:&quot;bottom-right&quot;,&quot;only_above&quot;:&quot;768&quot;,&quot;margin&quot;:&quot;12&quot;},&quot;player&quot;:{&quot;show_desc&quot;:&quot;&quot;,&quot;show_meta&quot;:&quot;&quot;},&quot;menu&quot;:&quot;1&quot;,&quot;rating_style&quot;:&quot;NaN&quot;,&quot;rtl&quot;:false}}\" data-yrc-setup=\"\"><\/div>\r\n\t\t\t<script data-cfasync=\"false\" type=\"text\/javascript\">\r\n\t\t\t\tif( !window.YRC ) var YRC = {Data:{}};\r\n\t\t\t\tYRC.Data[\"69f0d072d0fa3\"] = {\"video\":\"MQ72beqbje8\"};\r\n\t\t\t\t(function(){\r\n\t\t\t\t\tif(!YRC.loaded){\r\n\t\t\t\t\t    YRC.loaded = true;\r\n\t\t\t\t\t\tfunction YRC_Loader(){\r\n\t\t\t\t\t\t\t\/\/YRC.loaded = true;\r\n\t\t\t\t\t\t\tYRC.is_pro = false;\r\n\t\t\t\t\t\t\tYRC.is_pb = false;\r\n\t\t\t\t\t\t\tYRC.lang = {\"form\":{\"Videos\":\"Videos\",\"Playlists\":\"Playlists\",\"Search\":\"Search\",\"Loading\":\"Loading\",\"more\":\"more\",\"Nothing_found\":\"Nothing found\",\"Prev\":\"Previous\",\"Next\":\"Next\",\"consent_statement\":\"Allow cookies?\",\"consent_button\":\"Allow\",\"consent_privacy_policy\":\"Privacy policy\"},\"fui\":{\"sort_by\":\"Sort by\",\"relevant\":\"Relevant\",\"latest\":\"Latest\",\"liked\":\"Liked\",\"title\":\"Title\",\"views\":\"Views\",\"duration\":\"Duration\",\"any\":\"Any\",\"_short\":\"Short\",\"medium\":\"Medium\",\"_long\":\"Long\",\"uploaded\":\"Uploaded\",\"all_time\":\"All time\",\"live_now\":\"Live Now\",\"today\":\"Today\",\"ago\":\"ago\",\"last\":\"Last\",\"day\":\"day\",\"days\":\"days\",\"week\":\"week\",\"weeks\":\"weeks\",\"month\":\"month\",\"months\":\"months\",\"year\":\"year\",\"years\":\"years\",\"older\":\"Older\",\"show_more\":\"Show More\",\"show_less\":\"Show Less\",\"reply\":\"REPLY\",\"view_replies\":\"View replies\",\"write_comment\":\"Write comment...\",\"billion\":\"B\",\"million\":\"M\",\"thousand\":\"K\",\"max_plain_number\":1000,\"wplocale\":\"es_ES\"}};\r\n\t\t\t\t\t\t\tYRC.is_admin = false;\r\n\t\t\t\t\t\t\tvar script = document.createElement(\"script\");\r\n\t\t\t\t\t\t\t\tscript.setAttribute(\"data-cfasync\", \"false\");\r\n\t\t\t\t\t\t\t\tscript.setAttribute(\"type\", \"text\/javascript\");\r\n\t\t\t\t\t\t\t\tscript.src = \"https:\/\/experienciadevida.com.ar\/portalurbano\/wp-content\/plugins\/yourchannel\/js\/yrc.js?1.2.6\";\r\n\t\t\t\t\t\t\t\tscript.id = \"yrc-script\";\r\n\t\t\t\t\t\t\t\tdocument.querySelector(\"head\").appendChild(script);\r\n\t\t\t\t\t\t\tvar style = document.createElement(\"link\");\r\n\t\t\t\t\t\t\t\tstyle.rel = \"stylesheet\";\r\n\t\t\t\t\t\t\t\tstyle.href = \"https:\/\/experienciadevida.com.ar\/portalurbano\/wp-content\/plugins\/yourchannel\/css\/style.css?1.2.6\";\r\n\t\t\t\t\t\t\t\tstyle.type = \"text\/css\";\r\n\t\t\t\t\t\t\t\tdocument.querySelector(\"head\").appendChild(style);\r\n\t\t\t\t\t\t}\r\n\t\t\t\t\t\tif(window.jQuery){YRC_Loader();}else { var yrctimer2324 = window.setInterval(function(){\r\n\t\t\t\t\t\t\tif(window.jQuery){YRC_Loader(); window.clearInterval(yrctimer2324); }\r\n\t\t\t\t\t\t}, 250);}\r\n\t\t\t\t\t} else {if(YRC.EM)YRC.EM.trigger(\"yrc.newchannel\");}\r\n\t\t\t\t}());<\/script>\n","protected":false},"excerpt":{"rendered":"<p>La Asamblea Feminista realiz\u00f3 la marcha por el 8M en Olavarr\u00eda, la misma estaba convocada&#8230;<\/p>\n","protected":false},"author":1,"featured_media":136924,"comment_status":"closed","ping_status":"closed","sticky":false,"template":"","format":"standard","meta":{"content-type":""},"categories":[27,64],"tags":[],"nelio_content":{"isAutoShareEnabled":false,"autoShareEndMode":"default","automationSources":{"useContentSentences":true,"useSocialTemplates":true,"useCustomSentences":false,"customSentences":[]},"followers":[1],"suggestedReferences":[],"includedReferences":[],"efiUrl":"","efiAlt":"","highlights":[]},"yoast_head":"<!-- This site is optimized with the Yoast SEO plugin v20.7 - https:\/\/yoast.com\/wordpress\/plugins\/seo\/ -->\n<title>La Asamblea feminista realiz\u00f3 la marcha por el 8M en Olavarr\u00eda<\/title>\n<meta name=\"description\" content=\"La Asamblea Feminista realiz\u00f3 la marcha por el 8M en Olavarr\u00eda, la misma estaba convocada a partir de las 20hs, las actividades a las 17\" \/>\n<meta name=\"robots\" content=\"index, follow, max-snippet:-1, max-image-preview:large, max-video-preview:-1\" \/>\n<link rel=\"canonical\" href=\"https:\/\/experienciadevida.com.ar\/portalurbano\/la-asamblea-feminista-realizo-la-marcha-por-el-8m-en-olavarria\/\" \/>\n<meta property=\"og:locale\" content=\"es_ES\" \/>\n<meta property=\"og:type\" content=\"article\" \/>\n<meta property=\"og:title\" content=\"La Asamblea feminista realiz\u00f3 la marcha por el 8M en Olavarr\u00eda\" \/>\n<meta property=\"og:description\" content=\"La Asamblea Feminista realiz\u00f3 la marcha por el 8M en Olavarr\u00eda, la misma estaba convocada a partir de las 20hs, las actividades a las 17\" \/>\n<meta property=\"og:url\" content=\"https:\/\/experienciadevida.com.ar\/portalurbano\/la-asamblea-feminista-realizo-la-marcha-por-el-8m-en-olavarria\/\" \/>\n<meta property=\"article:publisher\" content=\"https:\/\/www.facebook.com\/Portal-Urbano-171542830093757\/\" \/>\n<meta property=\"article:published_time\" content=\"2021-03-09T01:10:06+00:00\" \/>\n<meta property=\"article:modified_time\" content=\"2021-03-09T03:13:05+00:00\" \/>\n<meta property=\"og:image\" content=\"https:\/\/experienciadevida.com.ar\/portalurbano\/wp-content\/uploads\/2021\/03\/La-Asamblea-Feminista-realizo-la.jpg\" \/>\n\t<meta property=\"og:image:width\" content=\"765\" \/>\n\t<meta property=\"og:image:height\" content=\"510\" \/>\n\t<meta property=\"og:image:type\" content=\"image\/jpeg\" \/>\n<meta name=\"author\" content=\"admpu17wp\" \/>\n<meta name=\"twitter:card\" content=\"summary_large_image\" \/>\n<meta name=\"twitter:creator\" content=\"@portalurbanook\" \/>\n<meta name=\"twitter:site\" content=\"@portalurbanook\" \/>\n<meta name=\"twitter:label1\" content=\"Escrito por\" \/>\n\t<meta name=\"twitter:data1\" content=\"admpu17wp\" \/>\n\t<meta name=\"twitter:label2\" content=\"Tiempo de lectura\" \/>\n\t<meta name=\"twitter:data2\" content=\"9 minutos\" \/>\n<script type=\"application\/ld+json\" class=\"yoast-schema-graph\">{\"@context\":\"https:\/\/schema.org\",\"@graph\":[{\"@type\":\"Article\",\"@id\":\"https:\/\/experienciadevida.com.ar\/portalurbano\/la-asamblea-feminista-realizo-la-marcha-por-el-8m-en-olavarria\/#article\",\"isPartOf\":{\"@id\":\"https:\/\/experienciadevida.com.ar\/portalurbano\/la-asamblea-feminista-realizo-la-marcha-por-el-8m-en-olavarria\/\"},\"author\":{\"name\":\"admpu17wp\",\"@id\":\"https:\/\/experienciadevida.com.ar\/portalurbano\/#\/schema\/person\/02dd326b1c4b056e9cc972486934a3a7\"},\"headline\":\"La Asamblea Feminista realiz\u00f3 la marcha por el 8M en Olavarr\u00eda\",\"datePublished\":\"2021-03-09T01:10:06+00:00\",\"dateModified\":\"2021-03-09T03:13:05+00:00\",\"mainEntityOfPage\":{\"@id\":\"https:\/\/experienciadevida.com.ar\/portalurbano\/la-asamblea-feminista-realizo-la-marcha-por-el-8m-en-olavarria\/\"},\"wordCount\":896,\"publisher\":{\"@id\":\"https:\/\/experienciadevida.com.ar\/portalurbano\/#organization\"},\"articleSection\":[\"Ciudad\",\"Destacadas 2\"],\"inLanguage\":\"es\"},{\"@type\":\"WebPage\",\"@id\":\"https:\/\/experienciadevida.com.ar\/portalurbano\/la-asamblea-feminista-realizo-la-marcha-por-el-8m-en-olavarria\/\",\"url\":\"https:\/\/experienciadevida.com.ar\/portalurbano\/la-asamblea-feminista-realizo-la-marcha-por-el-8m-en-olavarria\/\",\"name\":\"La Asamblea feminista realiz\u00f3 la marcha por el 8M en Olavarr\u00eda\",\"isPartOf\":{\"@id\":\"https:\/\/experienciadevida.com.ar\/portalurbano\/#website\"},\"datePublished\":\"2021-03-09T01:10:06+00:00\",\"dateModified\":\"2021-03-09T03:13:05+00:00\",\"description\":\"La Asamblea Feminista realiz\u00f3 la marcha por el 8M en Olavarr\u00eda, la misma estaba convocada a partir de las 20hs, las actividades a las 17\",\"breadcrumb\":{\"@id\":\"https:\/\/experienciadevida.com.ar\/portalurbano\/la-asamblea-feminista-realizo-la-marcha-por-el-8m-en-olavarria\/#breadcrumb\"},\"inLanguage\":\"es\",\"potentialAction\":[{\"@type\":\"ReadAction\",\"target\":[\"https:\/\/experienciadevida.com.ar\/portalurbano\/la-asamblea-feminista-realizo-la-marcha-por-el-8m-en-olavarria\/\"]}]},{\"@type\":\"BreadcrumbList\",\"@id\":\"https:\/\/experienciadevida.com.ar\/portalurbano\/la-asamblea-feminista-realizo-la-marcha-por-el-8m-en-olavarria\/#breadcrumb\",\"itemListElement\":[{\"@type\":\"ListItem\",\"position\":1,\"name\":\"Portada\",\"item\":\"https:\/\/experienciadevida.com.ar\/portalurbano\/\"},{\"@type\":\"ListItem\",\"position\":2,\"name\":\"La Asamblea Feminista realiz\u00f3 la marcha por el 8M en Olavarr\u00eda\"}]},{\"@type\":\"WebSite\",\"@id\":\"https:\/\/experienciadevida.com.ar\/portalurbano\/#website\",\"url\":\"https:\/\/experienciadevida.com.ar\/portalurbano\/\",\"name\":\"\",\"description\":\"\",\"publisher\":{\"@id\":\"https:\/\/experienciadevida.com.ar\/portalurbano\/#organization\"},\"potentialAction\":[{\"@type\":\"SearchAction\",\"target\":{\"@type\":\"EntryPoint\",\"urlTemplate\":\"https:\/\/experienciadevida.com.ar\/portalurbano\/?s={search_term_string}\"},\"query-input\":\"required name=search_term_string\"}],\"inLanguage\":\"es\"},{\"@type\":\"Organization\",\"@id\":\"https:\/\/experienciadevida.com.ar\/portalurbano\/#organization\",\"name\":\"Portal Urbano\",\"url\":\"https:\/\/experienciadevida.com.ar\/portalurbano\/\",\"logo\":{\"@type\":\"ImageObject\",\"inLanguage\":\"es\",\"@id\":\"https:\/\/experienciadevida.com.ar\/portalurbano\/#\/schema\/logo\/image\/\",\"url\":\"https:\/\/experienciadevida.com.ar\/portalurbano\/wp-content\/uploads\/2019\/09\/Logo-Original.png\",\"contentUrl\":\"https:\/\/experienciadevida.com.ar\/portalurbano\/wp-content\/uploads\/2019\/09\/Logo-Original.png\",\"width\":2236,\"height\":1216,\"caption\":\"Portal Urbano\"},\"image\":{\"@id\":\"https:\/\/experienciadevida.com.ar\/portalurbano\/#\/schema\/logo\/image\/\"},\"sameAs\":[\"https:\/\/www.facebook.com\/Portal-Urbano-171542830093757\/\",\"https:\/\/twitter.com\/portalurbanook\",\"https:\/\/www.instagram.com\/_portalurbano\/\",\"https:\/\/www.youtube.com\/channel\/UCXhagIfszH8KxFiOok79zbA?view_as=subscriber\"]},{\"@type\":\"Person\",\"@id\":\"https:\/\/experienciadevida.com.ar\/portalurbano\/#\/schema\/person\/02dd326b1c4b056e9cc972486934a3a7\",\"name\":\"admpu17wp\",\"image\":{\"@type\":\"ImageObject\",\"inLanguage\":\"es\",\"@id\":\"https:\/\/experienciadevida.com.ar\/portalurbano\/#\/schema\/person\/image\/\",\"url\":\"https:\/\/secure.gravatar.com\/avatar\/830d4c57adaae6630765e449a6908047?s=96&d=mm&r=g\",\"contentUrl\":\"https:\/\/secure.gravatar.com\/avatar\/830d4c57adaae6630765e449a6908047?s=96&d=mm&r=g\",\"caption\":\"admpu17wp\"}}]}<\/script>\n<!-- \/ Yoast SEO plugin. -->","yoast_head_json":{"title":"La Asamblea feminista realiz\u00f3 la marcha por el 8M en Olavarr\u00eda","description":"La Asamblea Feminista realiz\u00f3 la marcha por el 8M en Olavarr\u00eda, la misma estaba convocada a partir de las 20hs, las actividades a las 17","robots":{"index":"index","follow":"follow","max-snippet":"max-snippet:-1","max-image-preview":"max-image-preview:large","max-video-preview":"max-video-preview:-1"},"canonical":"https:\/\/experienciadevida.com.ar\/portalurbano\/la-asamblea-feminista-realizo-la-marcha-por-el-8m-en-olavarria\/","og_locale":"es_ES","og_type":"article","og_title":"La Asamblea feminista realiz\u00f3 la marcha por el 8M en Olavarr\u00eda","og_description":"La Asamblea Feminista realiz\u00f3 la marcha por el 8M en Olavarr\u00eda, la misma estaba convocada a partir de las 20hs, las actividades a las 17","og_url":"https:\/\/experienciadevida.com.ar\/portalurbano\/la-asamblea-feminista-realizo-la-marcha-por-el-8m-en-olavarria\/","article_publisher":"https:\/\/www.facebook.com\/Portal-Urbano-171542830093757\/","article_published_time":"2021-03-09T01:10:06+00:00","article_modified_time":"2021-03-09T03:13:05+00:00","og_image":[{"width":765,"height":510,"url":"https:\/\/experienciadevida.com.ar\/portalurbano\/wp-content\/uploads\/2021\/03\/La-Asamblea-Feminista-realizo-la.jpg","type":"image\/jpeg"}],"author":"admpu17wp","twitter_card":"summary_large_image","twitter_creator":"@portalurbanook","twitter_site":"@portalurbanook","twitter_misc":{"Escrito por":"admpu17wp","Tiempo de lectura":"9 minutos"},"schema":{"@context":"https:\/\/schema.org","@graph":[{"@type":"Article","@id":"https:\/\/experienciadevida.com.ar\/portalurbano\/la-asamblea-feminista-realizo-la-marcha-por-el-8m-en-olavarria\/#article","isPartOf":{"@id":"https:\/\/experienciadevida.com.ar\/portalurbano\/la-asamblea-feminista-realizo-la-marcha-por-el-8m-en-olavarria\/"},"author":{"name":"admpu17wp","@id":"https:\/\/experienciadevida.com.ar\/portalurbano\/#\/schema\/person\/02dd326b1c4b056e9cc972486934a3a7"},"headline":"La Asamblea Feminista realiz\u00f3 la marcha por el 8M en Olavarr\u00eda","datePublished":"2021-03-09T01:10:06+00:00","dateModified":"2021-03-09T03:13:05+00:00","mainEntityOfPage":{"@id":"https:\/\/experienciadevida.com.ar\/portalurbano\/la-asamblea-feminista-realizo-la-marcha-por-el-8m-en-olavarria\/"},"wordCount":896,"publisher":{"@id":"https:\/\/experienciadevida.com.ar\/portalurbano\/#organization"},"articleSection":["Ciudad","Destacadas 2"],"inLanguage":"es"},{"@type":"WebPage","@id":"https:\/\/experienciadevida.com.ar\/portalurbano\/la-asamblea-feminista-realizo-la-marcha-por-el-8m-en-olavarria\/","url":"https:\/\/experienciadevida.com.ar\/portalurbano\/la-asamblea-feminista-realizo-la-marcha-por-el-8m-en-olavarria\/","name":"La Asamblea feminista realiz\u00f3 la marcha por el 8M en Olavarr\u00eda","isPartOf":{"@id":"https:\/\/experienciadevida.com.ar\/portalurbano\/#website"},"datePublished":"2021-03-09T01:10:06+00:00","dateModified":"2021-03-09T03:13:05+00:00","description":"La Asamblea Feminista realiz\u00f3 la marcha por el 8M en Olavarr\u00eda, la misma estaba convocada a partir de las 20hs, las actividades a las 17","breadcrumb":{"@id":"https:\/\/experienciadevida.com.ar\/portalurbano\/la-asamblea-feminista-realizo-la-marcha-por-el-8m-en-olavarria\/#breadcrumb"},"inLanguage":"es","potentialAction":[{"@type":"ReadAction","target":["https:\/\/experienciadevida.com.ar\/portalurbano\/la-asamblea-feminista-realizo-la-marcha-por-el-8m-en-olavarria\/"]}]},{"@type":"BreadcrumbList","@id":"https:\/\/experienciadevida.com.ar\/portalurbano\/la-asamblea-feminista-realizo-la-marcha-por-el-8m-en-olavarria\/#breadcrumb","itemListElement":[{"@type":"ListItem","position":1,"name":"Portada","item":"https:\/\/experienciadevida.com.ar\/portalurbano\/"},{"@type":"ListItem","position":2,"name":"La Asamblea Feminista realiz\u00f3 la marcha por el 8M en Olavarr\u00eda"}]},{"@type":"WebSite","@id":"https:\/\/experienciadevida.com.ar\/portalurbano\/#website","url":"https:\/\/experienciadevida.com.ar\/portalurbano\/","name":"","description":"","publisher":{"@id":"https:\/\/experienciadevida.com.ar\/portalurbano\/#organization"},"potentialAction":[{"@type":"SearchAction","target":{"@type":"EntryPoint","urlTemplate":"https:\/\/experienciadevida.com.ar\/portalurbano\/?s={search_term_string}"},"query-input":"required name=search_term_string"}],"inLanguage":"es"},{"@type":"Organization","@id":"https:\/\/experienciadevida.com.ar\/portalurbano\/#organization","name":"Portal Urbano","url":"https:\/\/experienciadevida.com.ar\/portalurbano\/","logo":{"@type":"ImageObject","inLanguage":"es","@id":"https:\/\/experienciadevida.com.ar\/portalurbano\/#\/schema\/logo\/image\/","url":"https:\/\/experienciadevida.com.ar\/portalurbano\/wp-content\/uploads\/2019\/09\/Logo-Original.png","contentUrl":"https:\/\/experienciadevida.com.ar\/portalurbano\/wp-content\/uploads\/2019\/09\/Logo-Original.png","width":2236,"height":1216,"caption":"Portal Urbano"},"image":{"@id":"https:\/\/experienciadevida.com.ar\/portalurbano\/#\/schema\/logo\/image\/"},"sameAs":["https:\/\/www.facebook.com\/Portal-Urbano-171542830093757\/","https:\/\/twitter.com\/portalurbanook","https:\/\/www.instagram.com\/_portalurbano\/","https:\/\/www.youtube.com\/channel\/UCXhagIfszH8KxFiOok79zbA?view_as=subscriber"]},{"@type":"Person","@id":"https:\/\/experienciadevida.com.ar\/portalurbano\/#\/schema\/person\/02dd326b1c4b056e9cc972486934a3a7","name":"admpu17wp","image":{"@type":"ImageObject","inLanguage":"es","@id":"https:\/\/experienciadevida.com.ar\/portalurbano\/#\/schema\/person\/image\/","url":"https:\/\/secure.gravatar.com\/avatar\/830d4c57adaae6630765e449a6908047?s=96&d=mm&r=g","contentUrl":"https:\/\/secure.gravatar.com\/avatar\/830d4c57adaae6630765e449a6908047?s=96&d=mm&r=g","caption":"admpu17wp"}}]}},"featured_image_urls":{"full":["https:\/\/experienciadevida.com.ar\/portalurbano\/wp-content\/uploads\/2021\/03\/La-Asamblea-Feminista-realizo-la.jpg",765,510,false],"thumbnail":["https:\/\/experienciadevida.com.ar\/portalurbano\/wp-content\/uploads\/2021\/03\/La-Asamblea-Feminista-realizo-la-150x150.jpg",150,150,true],"medium":["https:\/\/experienciadevida.com.ar\/portalurbano\/wp-content\/uploads\/2021\/03\/La-Asamblea-Feminista-realizo-la-300x200.jpg",300,200,true],"medium_large":["https:\/\/experienciadevida.com.ar\/portalurbano\/wp-content\/uploads\/2021\/03\/La-Asamblea-Feminista-realizo-la.jpg",640,427,false],"large":["https:\/\/experienciadevida.com.ar\/portalurbano\/wp-content\/uploads\/2021\/03\/La-Asamblea-Feminista-realizo-la.jpg",640,427,false],"ug_big":["https:\/\/experienciadevida.com.ar\/portalurbano\/wp-content\/uploads\/2021\/03\/La-Asamblea-Feminista-realizo-la.jpg",765,510,false],"1536x1536":["https:\/\/experienciadevida.com.ar\/portalurbano\/wp-content\/uploads\/2021\/03\/La-Asamblea-Feminista-realizo-la.jpg",765,510,false],"2048x2048":["https:\/\/experienciadevida.com.ar\/portalurbano\/wp-content\/uploads\/2021\/03\/La-Asamblea-Feminista-realizo-la.jpg",765,510,false],"newsever-slider-full":["https:\/\/experienciadevida.com.ar\/portalurbano\/wp-content\/uploads\/2021\/03\/La-Asamblea-Feminista-realizo-la.jpg",765,510,false],"newsever-featured":["https:\/\/experienciadevida.com.ar\/portalurbano\/wp-content\/uploads\/2021\/03\/La-Asamblea-Feminista-realizo-la.jpg",765,510,false],"newsever-medium":["https:\/\/experienciadevida.com.ar\/portalurbano\/wp-content\/uploads\/2021\/03\/La-Asamblea-Feminista-realizo-la.jpg",713,475,false],"web-stories-poster-portrait":["https:\/\/experienciadevida.com.ar\/portalurbano\/wp-content\/uploads\/2021\/03\/La-Asamblea-Feminista-realizo-la.jpg",640,427,false],"web-stories-publisher-logo":["https:\/\/experienciadevida.com.ar\/portalurbano\/wp-content\/uploads\/2021\/03\/La-Asamblea-Feminista-realizo-la.jpg",96,64,false],"web-stories-thumbnail":["https:\/\/experienciadevida.com.ar\/portalurbano\/wp-content\/uploads\/2021\/03\/La-Asamblea-Feminista-realizo-la.jpg",150,100,false]},"author_info":{"display_name":"admpu17wp","author_link":"https:\/\/experienciadevida.com.ar\/portalurbano\/author\/admpu17wp\/"},"category_info":"<a href=\"https:\/\/experienciadevida.com.ar\/portalurbano\/category\/ciudad\/\" rel=\"category tag\">Ciudad<\/a> <a href=\"https:\/\/experienciadevida.com.ar\/portalurbano\/category\/destacadas-2\/\" rel=\"category tag\">Destacadas 2<\/a>","tag_info":"Destacadas 2","comment_count":"0","amp_enabled":true,"_links":{"self":[{"href":"https:\/\/experienciadevida.com.ar\/portalurbano\/wp-json\/wp\/v2\/posts\/136907"}],"collection":[{"href":"https:\/\/experienciadevida.com.ar\/portalurbano\/wp-json\/wp\/v2\/posts"}],"about":[{"href":"https:\/\/experienciadevida.com.ar\/portalurbano\/wp-json\/wp\/v2\/types\/post"}],"author":[{"embeddable":true,"href":"https:\/\/experienciadevida.com.ar\/portalurbano\/wp-json\/wp\/v2\/users\/1"}],"replies":[{"embeddable":true,"href":"https:\/\/experienciadevida.com.ar\/portalurbano\/wp-json\/wp\/v2\/comments?post=136907"}],"version-history":[{"count":5,"href":"https:\/\/experienciadevida.com.ar\/portalurbano\/wp-json\/wp\/v2\/posts\/136907\/revisions"}],"predecessor-version":[{"id":136926,"href":"https:\/\/experienciadevida.com.ar\/portalurbano\/wp-json\/wp\/v2\/posts\/136907\/revisions\/136926"}],"wp:featuredmedia":[{"embeddable":true,"href":"https:\/\/experienciadevida.com.ar\/portalurbano\/wp-json\/wp\/v2\/media\/136924"}],"wp:attachment":[{"href":"https:\/\/experienciadevida.com.ar\/portalurbano\/wp-json\/wp\/v2\/media?parent=136907"}],"wp:term":[{"taxonomy":"category","embeddable":true,"href":"https:\/\/experienciadevida.com.ar\/portalurbano\/wp-json\/wp\/v2\/categories?post=136907"},{"taxonomy":"post_tag","embeddable":true,"href":"https:\/\/experienciadevida.com.ar\/portalurbano\/wp-json\/wp\/v2\/tags?post=136907"}],"curies":[{"name":"wp","href":"https:\/\/api.w.org\/{rel}","templated":true}]}}