{"id":136884,"date":"2021-03-08T14:59:15","date_gmt":"2021-03-08T17:59:15","guid":{"rendered":"https:\/\/experienciadevida.com.ar\/portalurbano\/?p=136884"},"modified":"2021-03-08T15:00:17","modified_gmt":"2021-03-08T18:00:17","slug":"el-proximo-sabado-el-estado-cerca-tuyo-estara-en-sierras-bayas","status":"publish","type":"post","link":"https:\/\/experienciadevida.com.ar\/portalurbano\/el-proximo-sabado-el-estado-cerca-tuyo-estara-en-sierras-bayas\/","title":{"rendered":"El pr\u00f3ximo s\u00e1bado \u201cEl Estado Cerca Tuyo\u201d estar\u00e1 en Sierras Bayas"},"content":{"rendered":"<p>El pr\u00f3ximo s\u00e1bado \u201cEl Estado Cerca Tuyo\u201d estar\u00e1 en Sierras Bayas. As\u00ed lo confirm\u00f3 Maximiliano Wesner, director de ANSES. La jornada se realizar\u00e1 este s\u00e1bado 13 de marzo y participar\u00e1n organismos nacionales y provinciales.<\/p>\n<p>Este s\u00e1bado \u201cEl Estado Cerca Tuyo\u201d llega a la plaza central de Sierras Bayas para que los vecinos y vecinas puedan acercarse a realizar diferentes consultas, tr\u00e1mites y recibir asesoramiento.<\/p>\n<p>El director de ANSES invit\u00f3 durante una entrevista radial a los vecinos y vecinas a participar: \u201cvamos a estar en la plaza principal de Sierras Bayas desde la 9 hs, invito a toda la localidad a acercarse. El objetivo es dar una respuesta \u00e1gil e integral y que se puedan ir con las dudas resueltas, siempre respetando los protocolos necesarios\u201d.<\/p>\n<p>Adem\u00e1s participar\u00e1n de la jornada representantes de PAMI, IOMA, ANSES, Defensor\u00eda de la Provincia de Buenos Aires, Regi\u00f3n Sanitaria, Centro de Acceso a la Justicia, Ministerio de Desarrollo Social, Secretar\u00eda de Derechos Humanos, Ministerio de Trabajo, Direcci\u00f3n General de Cultura y de Educaci\u00f3n, Sedronar, Ministerio de las Mujeres, Pol\u00edticas de G\u00e9nero y Diversidad Sexual, CNRT, CPA, INTA, Registro Civil, Plan FINES y Registro Nacional de las Personas estar\u00e1n brindando asesoramiento totalmente gratuito.<\/p>\n<p>\u201cEl Estado Cerca Tuyo\u201d se realizar\u00e1 de 9 a 13 en la plaza central de Sierras Bayas, se atender\u00e1 sin turno previo, ser\u00e1 por orden de llegada y todos los asistentes deber\u00e1n respetar los protocolos sanitarios, el distanciamiento social y uso obligatorio de barbijo.<\/p>\n","protected":false},"excerpt":{"rendered":"<p>El pr\u00f3ximo s\u00e1bado \u201cEl Estado Cerca Tuyo\u201d estar\u00e1 en Sierras Bayas. As\u00ed lo confirm\u00f3 Maximiliano&#8230;<\/p>\n","protected":false},"author":1,"featured_media":136885,"comment_status":"closed","ping_status":"closed","sticky":false,"template":"","format":"standard","meta":{"content-type":""},"categories":[27,51],"tags":[],"nelio_content":{"isAutoShareEnabled":false,"autoShareEndMode":"default","automationSources":{"useContentSentences":true,"useSocialTemplates":true,"useCustomSentences":false,"customSentences":[]},"followers":[1],"suggestedReferences":[],"includedReferences":[],"efiUrl":"","efiAlt":"","highlights":[]},"yoast_head":"<!-- This site is optimized with the Yoast SEO plugin v20.7 - https:\/\/yoast.com\/wordpress\/plugins\/seo\/ -->\n<title>El pr\u00f3ximo s\u00e1bado el &quot;Estado cerca tuyo&quot; estar\u00e1 en Sierras Bayas<\/title>\n<meta name=\"description\" content=\"El pr\u00f3ximo s\u00e1bado \u201cEl Estado Cerca Tuyo\u201d estar\u00e1 en Sierras Bayas, as\u00ed lo confirm\u00f3 Maximiliano Wesner, director de ANSES.\" \/>\n<meta name=\"robots\" content=\"index, follow, max-snippet:-1, max-image-preview:large, max-video-preview:-1\" \/>\n<link rel=\"canonical\" href=\"https:\/\/experienciadevida.com.ar\/portalurbano\/el-proximo-sabado-el-estado-cerca-tuyo-estara-en-sierras-bayas\/\" \/>\n<meta property=\"og:locale\" content=\"es_ES\" \/>\n<meta property=\"og:type\" content=\"article\" \/>\n<meta property=\"og:title\" content=\"El pr\u00f3ximo s\u00e1bado el &quot;Estado cerca tuyo&quot; estar\u00e1 en Sierras Bayas\" \/>\n<meta property=\"og:description\" content=\"El pr\u00f3ximo s\u00e1bado \u201cEl Estado Cerca Tuyo\u201d estar\u00e1 en Sierras Bayas, as\u00ed lo confirm\u00f3 Maximiliano Wesner, director de ANSES.\" \/>\n<meta property=\"og:url\" content=\"https:\/\/experienciadevida.com.ar\/portalurbano\/el-proximo-sabado-el-estado-cerca-tuyo-estara-en-sierras-bayas\/\" \/>\n<meta property=\"article:publisher\" content=\"https:\/\/www.facebook.com\/Portal-Urbano-171542830093757\/\" \/>\n<meta property=\"article:published_time\" content=\"2021-03-08T17:59:15+00:00\" \/>\n<meta property=\"article:modified_time\" content=\"2021-03-08T18:00:17+00:00\" \/>\n<meta property=\"og:image\" content=\"https:\/\/experienciadevida.com.ar\/portalurbano\/wp-content\/uploads\/2021\/03\/El-proximo-sabado.jpg\" \/>\n\t<meta property=\"og:image:width\" content=\"1280\" \/>\n\t<meta property=\"og:image:height\" content=\"718\" \/>\n\t<meta property=\"og:image:type\" content=\"image\/jpeg\" \/>\n<meta name=\"author\" content=\"admpu17wp\" \/>\n<meta name=\"twitter:card\" content=\"summary_large_image\" \/>\n<meta name=\"twitter:creator\" content=\"@portalurbanook\" \/>\n<meta name=\"twitter:site\" content=\"@portalurbanook\" \/>\n<meta name=\"twitter:label1\" content=\"Escrito por\" \/>\n\t<meta name=\"twitter:data1\" content=\"admpu17wp\" \/>\n\t<meta name=\"twitter:label2\" content=\"Tiempo de lectura\" \/>\n\t<meta name=\"twitter:data2\" content=\"2 minutos\" \/>\n<script type=\"application\/ld+json\" class=\"yoast-schema-graph\">{\"@context\":\"https:\/\/schema.org\",\"@graph\":[{\"@type\":\"Article\",\"@id\":\"https:\/\/experienciadevida.com.ar\/portalurbano\/el-proximo-sabado-el-estado-cerca-tuyo-estara-en-sierras-bayas\/#article\",\"isPartOf\":{\"@id\":\"https:\/\/experienciadevida.com.ar\/portalurbano\/el-proximo-sabado-el-estado-cerca-tuyo-estara-en-sierras-bayas\/\"},\"author\":{\"name\":\"admpu17wp\",\"@id\":\"https:\/\/experienciadevida.com.ar\/portalurbano\/#\/schema\/person\/02dd326b1c4b056e9cc972486934a3a7\"},\"headline\":\"El pr\u00f3ximo s\u00e1bado \u201cEl Estado Cerca Tuyo\u201d estar\u00e1 en Sierras Bayas\",\"datePublished\":\"2021-03-08T17:59:15+00:00\",\"dateModified\":\"2021-03-08T18:00:17+00:00\",\"mainEntityOfPage\":{\"@id\":\"https:\/\/experienciadevida.com.ar\/portalurbano\/el-proximo-sabado-el-estado-cerca-tuyo-estara-en-sierras-bayas\/\"},\"wordCount\":266,\"publisher\":{\"@id\":\"https:\/\/experienciadevida.com.ar\/portalurbano\/#organization\"},\"articleSection\":[\"Ciudad\",\"Destacadas\"],\"inLanguage\":\"es\"},{\"@type\":\"WebPage\",\"@id\":\"https:\/\/experienciadevida.com.ar\/portalurbano\/el-proximo-sabado-el-estado-cerca-tuyo-estara-en-sierras-bayas\/\",\"url\":\"https:\/\/experienciadevida.com.ar\/portalurbano\/el-proximo-sabado-el-estado-cerca-tuyo-estara-en-sierras-bayas\/\",\"name\":\"El pr\u00f3ximo s\u00e1bado el \\\"Estado cerca tuyo\\\" estar\u00e1 en Sierras Bayas\",\"isPartOf\":{\"@id\":\"https:\/\/experienciadevida.com.ar\/portalurbano\/#website\"},\"datePublished\":\"2021-03-08T17:59:15+00:00\",\"dateModified\":\"2021-03-08T18:00:17+00:00\",\"description\":\"El pr\u00f3ximo s\u00e1bado \u201cEl Estado Cerca Tuyo\u201d estar\u00e1 en Sierras Bayas, as\u00ed lo confirm\u00f3 Maximiliano Wesner, director de ANSES.\",\"breadcrumb\":{\"@id\":\"https:\/\/experienciadevida.com.ar\/portalurbano\/el-proximo-sabado-el-estado-cerca-tuyo-estara-en-sierras-bayas\/#breadcrumb\"},\"inLanguage\":\"es\",\"potentialAction\":[{\"@type\":\"ReadAction\",\"target\":[\"https:\/\/experienciadevida.com.ar\/portalurbano\/el-proximo-sabado-el-estado-cerca-tuyo-estara-en-sierras-bayas\/\"]}]},{\"@type\":\"BreadcrumbList\",\"@id\":\"https:\/\/experienciadevida.com.ar\/portalurbano\/el-proximo-sabado-el-estado-cerca-tuyo-estara-en-sierras-bayas\/#breadcrumb\",\"itemListElement\":[{\"@type\":\"ListItem\",\"position\":1,\"name\":\"Portada\",\"item\":\"https:\/\/experienciadevida.com.ar\/portalurbano\/\"},{\"@type\":\"ListItem\",\"position\":2,\"name\":\"El pr\u00f3ximo s\u00e1bado \u201cEl Estado Cerca Tuyo\u201d estar\u00e1 en Sierras Bayas\"}]},{\"@type\":\"WebSite\",\"@id\":\"https:\/\/experienciadevida.com.ar\/portalurbano\/#website\",\"url\":\"https:\/\/experienciadevida.com.ar\/portalurbano\/\",\"name\":\"\",\"description\":\"\",\"publisher\":{\"@id\":\"https:\/\/experienciadevida.com.ar\/portalurbano\/#organization\"},\"potentialAction\":[{\"@type\":\"SearchAction\",\"target\":{\"@type\":\"EntryPoint\",\"urlTemplate\":\"https:\/\/experienciadevida.com.ar\/portalurbano\/?s={search_term_string}\"},\"query-input\":\"required name=search_term_string\"}],\"inLanguage\":\"es\"},{\"@type\":\"Organization\",\"@id\":\"https:\/\/experienciadevida.com.ar\/portalurbano\/#organization\",\"name\":\"Portal Urbano\",\"url\":\"https:\/\/experienciadevida.com.ar\/portalurbano\/\",\"logo\":{\"@type\":\"ImageObject\",\"inLanguage\":\"es\",\"@id\":\"https:\/\/experienciadevida.com.ar\/portalurbano\/#\/schema\/logo\/image\/\",\"url\":\"https:\/\/experienciadevida.com.ar\/portalurbano\/wp-content\/uploads\/2019\/09\/Logo-Original.png\",\"contentUrl\":\"https:\/\/experienciadevida.com.ar\/portalurbano\/wp-content\/uploads\/2019\/09\/Logo-Original.png\",\"width\":2236,\"height\":1216,\"caption\":\"Portal Urbano\"},\"image\":{\"@id\":\"https:\/\/experienciadevida.com.ar\/portalurbano\/#\/schema\/logo\/image\/\"},\"sameAs\":[\"https:\/\/www.facebook.com\/Portal-Urbano-171542830093757\/\",\"https:\/\/twitter.com\/portalurbanook\",\"https:\/\/www.instagram.com\/_portalurbano\/\",\"https:\/\/www.youtube.com\/channel\/UCXhagIfszH8KxFiOok79zbA?view_as=subscriber\"]},{\"@type\":\"Person\",\"@id\":\"https:\/\/experienciadevida.com.ar\/portalurbano\/#\/schema\/person\/02dd326b1c4b056e9cc972486934a3a7\",\"name\":\"admpu17wp\",\"image\":{\"@type\":\"ImageObject\",\"inLanguage\":\"es\",\"@id\":\"https:\/\/experienciadevida.com.ar\/portalurbano\/#\/schema\/person\/image\/\",\"url\":\"https:\/\/secure.gravatar.com\/avatar\/830d4c57adaae6630765e449a6908047?s=96&d=mm&r=g\",\"contentUrl\":\"https:\/\/secure.gravatar.com\/avatar\/830d4c57adaae6630765e449a6908047?s=96&d=mm&r=g\",\"caption\":\"admpu17wp\"}}]}<\/script>\n<!-- \/ Yoast SEO plugin. -->","yoast_head_json":{"title":"El pr\u00f3ximo s\u00e1bado el \"Estado cerca tuyo\" estar\u00e1 en Sierras Bayas","description":"El pr\u00f3ximo s\u00e1bado \u201cEl Estado Cerca Tuyo\u201d estar\u00e1 en Sierras Bayas, as\u00ed lo confirm\u00f3 Maximiliano Wesner, director de ANSES.","robots":{"index":"index","follow":"follow","max-snippet":"max-snippet:-1","max-image-preview":"max-image-preview:large","max-video-preview":"max-video-preview:-1"},"canonical":"https:\/\/experienciadevida.com.ar\/portalurbano\/el-proximo-sabado-el-estado-cerca-tuyo-estara-en-sierras-bayas\/","og_locale":"es_ES","og_type":"article","og_title":"El pr\u00f3ximo s\u00e1bado el \"Estado cerca tuyo\" estar\u00e1 en Sierras Bayas","og_description":"El pr\u00f3ximo s\u00e1bado \u201cEl Estado Cerca Tuyo\u201d estar\u00e1 en Sierras Bayas, as\u00ed lo confirm\u00f3 Maximiliano Wesner, director de ANSES.","og_url":"https:\/\/experienciadevida.com.ar\/portalurbano\/el-proximo-sabado-el-estado-cerca-tuyo-estara-en-sierras-bayas\/","article_publisher":"https:\/\/www.facebook.com\/Portal-Urbano-171542830093757\/","article_published_time":"2021-03-08T17:59:15+00:00","article_modified_time":"2021-03-08T18:00:17+00:00","og_image":[{"width":1280,"height":718,"url":"https:\/\/experienciadevida.com.ar\/portalurbano\/wp-content\/uploads\/2021\/03\/El-proximo-sabado.jpg","type":"image\/jpeg"}],"author":"admpu17wp","twitter_card":"summary_large_image","twitter_creator":"@portalurbanook","twitter_site":"@portalurbanook","twitter_misc":{"Escrito por":"admpu17wp","Tiempo de lectura":"2 minutos"},"schema":{"@context":"https:\/\/schema.org","@graph":[{"@type":"Article","@id":"https:\/\/experienciadevida.com.ar\/portalurbano\/el-proximo-sabado-el-estado-cerca-tuyo-estara-en-sierras-bayas\/#article","isPartOf":{"@id":"https:\/\/experienciadevida.com.ar\/portalurbano\/el-proximo-sabado-el-estado-cerca-tuyo-estara-en-sierras-bayas\/"},"author":{"name":"admpu17wp","@id":"https:\/\/experienciadevida.com.ar\/portalurbano\/#\/schema\/person\/02dd326b1c4b056e9cc972486934a3a7"},"headline":"El pr\u00f3ximo s\u00e1bado \u201cEl Estado Cerca Tuyo\u201d estar\u00e1 en Sierras Bayas","datePublished":"2021-03-08T17:59:15+00:00","dateModified":"2021-03-08T18:00:17+00:00","mainEntityOfPage":{"@id":"https:\/\/experienciadevida.com.ar\/portalurbano\/el-proximo-sabado-el-estado-cerca-tuyo-estara-en-sierras-bayas\/"},"wordCount":266,"publisher":{"@id":"https:\/\/experienciadevida.com.ar\/portalurbano\/#organization"},"articleSection":["Ciudad","Destacadas"],"inLanguage":"es"},{"@type":"WebPage","@id":"https:\/\/experienciadevida.com.ar\/portalurbano\/el-proximo-sabado-el-estado-cerca-tuyo-estara-en-sierras-bayas\/","url":"https:\/\/experienciadevida.com.ar\/portalurbano\/el-proximo-sabado-el-estado-cerca-tuyo-estara-en-sierras-bayas\/","name":"El pr\u00f3ximo s\u00e1bado el \"Estado cerca tuyo\" estar\u00e1 en Sierras Bayas","isPartOf":{"@id":"https:\/\/experienciadevida.com.ar\/portalurbano\/#website"},"datePublished":"2021-03-08T17:59:15+00:00","dateModified":"2021-03-08T18:00:17+00:00","description":"El pr\u00f3ximo s\u00e1bado \u201cEl Estado Cerca Tuyo\u201d estar\u00e1 en Sierras Bayas, as\u00ed lo confirm\u00f3 Maximiliano Wesner, director de ANSES.","breadcrumb":{"@id":"https:\/\/experienciadevida.com.ar\/portalurbano\/el-proximo-sabado-el-estado-cerca-tuyo-estara-en-sierras-bayas\/#breadcrumb"},"inLanguage":"es","potentialAction":[{"@type":"ReadAction","target":["https:\/\/experienciadevida.com.ar\/portalurbano\/el-proximo-sabado-el-estado-cerca-tuyo-estara-en-sierras-bayas\/"]}]},{"@type":"BreadcrumbList","@id":"https:\/\/experienciadevida.com.ar\/portalurbano\/el-proximo-sabado-el-estado-cerca-tuyo-estara-en-sierras-bayas\/#breadcrumb","itemListElement":[{"@type":"ListItem","position":1,"name":"Portada","item":"https:\/\/experienciadevida.com.ar\/portalurbano\/"},{"@type":"ListItem","position":2,"name":"El pr\u00f3ximo s\u00e1bado \u201cEl Estado Cerca Tuyo\u201d estar\u00e1 en Sierras Bayas"}]},{"@type":"WebSite","@id":"https:\/\/experienciadevida.com.ar\/portalurbano\/#website","url":"https:\/\/experienciadevida.com.ar\/portalurbano\/","name":"","description":"","publisher":{"@id":"https:\/\/experienciadevida.com.ar\/portalurbano\/#organization"},"potentialAction":[{"@type":"SearchAction","target":{"@type":"EntryPoint","urlTemplate":"https:\/\/experienciadevida.com.ar\/portalurbano\/?s={search_term_string}"},"query-input":"required name=search_term_string"}],"inLanguage":"es"},{"@type":"Organization","@id":"https:\/\/experienciadevida.com.ar\/portalurbano\/#organization","name":"Portal Urbano","url":"https:\/\/experienciadevida.com.ar\/portalurbano\/","logo":{"@type":"ImageObject","inLanguage":"es","@id":"https:\/\/experienciadevida.com.ar\/portalurbano\/#\/schema\/logo\/image\/","url":"https:\/\/experienciadevida.com.ar\/portalurbano\/wp-content\/uploads\/2019\/09\/Logo-Original.png","contentUrl":"https:\/\/experienciadevida.com.ar\/portalurbano\/wp-content\/uploads\/2019\/09\/Logo-Original.png","width":2236,"height":1216,"caption":"Portal Urbano"},"image":{"@id":"https:\/\/experienciadevida.com.ar\/portalurbano\/#\/schema\/logo\/image\/"},"sameAs":["https:\/\/www.facebook.com\/Portal-Urbano-171542830093757\/","https:\/\/twitter.com\/portalurbanook","https:\/\/www.instagram.com\/_portalurbano\/","https:\/\/www.youtube.com\/channel\/UCXhagIfszH8KxFiOok79zbA?view_as=subscriber"]},{"@type":"Person","@id":"https:\/\/experienciadevida.com.ar\/portalurbano\/#\/schema\/person\/02dd326b1c4b056e9cc972486934a3a7","name":"admpu17wp","image":{"@type":"ImageObject","inLanguage":"es","@id":"https:\/\/experienciadevida.com.ar\/portalurbano\/#\/schema\/person\/image\/","url":"https:\/\/secure.gravatar.com\/avatar\/830d4c57adaae6630765e449a6908047?s=96&d=mm&r=g","contentUrl":"https:\/\/secure.gravatar.com\/avatar\/830d4c57adaae6630765e449a6908047?s=96&d=mm&r=g","caption":"admpu17wp"}}]}},"featured_image_urls":{"full":["https:\/\/experienciadevida.com.ar\/portalurbano\/wp-content\/uploads\/2021\/03\/El-proximo-sabado.jpg",1280,718,false],"thumbnail":["https:\/\/experienciadevida.com.ar\/portalurbano\/wp-content\/uploads\/2021\/03\/El-proximo-sabado-150x150.jpg",150,150,true],"medium":["https:\/\/experienciadevida.com.ar\/portalurbano\/wp-content\/uploads\/2021\/03\/El-proximo-sabado-300x168.jpg",300,168,true],"medium_large":["https:\/\/experienciadevida.com.ar\/portalurbano\/wp-content\/uploads\/2021\/03\/El-proximo-sabado-768x431.jpg",640,359,true],"large":["https:\/\/experienciadevida.com.ar\/portalurbano\/wp-content\/uploads\/2021\/03\/El-proximo-sabado-1024x574.jpg",640,359,true],"ug_big":["https:\/\/experienciadevida.com.ar\/portalurbano\/wp-content\/uploads\/2021\/03\/El-proximo-sabado-768x431.jpg",768,431,true],"1536x1536":["https:\/\/experienciadevida.com.ar\/portalurbano\/wp-content\/uploads\/2021\/03\/El-proximo-sabado.jpg",1280,718,false],"2048x2048":["https:\/\/experienciadevida.com.ar\/portalurbano\/wp-content\/uploads\/2021\/03\/El-proximo-sabado.jpg",1280,718,false],"newsever-slider-full":["https:\/\/experienciadevida.com.ar\/portalurbano\/wp-content\/uploads\/2021\/03\/El-proximo-sabado.jpg",1280,718,false],"newsever-featured":["https:\/\/experienciadevida.com.ar\/portalurbano\/wp-content\/uploads\/2021\/03\/El-proximo-sabado.jpg",1024,574,false],"newsever-medium":["https:\/\/experienciadevida.com.ar\/portalurbano\/wp-content\/uploads\/2021\/03\/El-proximo-sabado.jpg",720,404,false],"web-stories-poster-portrait":["https:\/\/experienciadevida.com.ar\/portalurbano\/wp-content\/uploads\/2021\/03\/El-proximo-sabado.jpg",640,359,false],"web-stories-publisher-logo":["https:\/\/experienciadevida.com.ar\/portalurbano\/wp-content\/uploads\/2021\/03\/El-proximo-sabado.jpg",96,54,false],"web-stories-thumbnail":["https:\/\/experienciadevida.com.ar\/portalurbano\/wp-content\/uploads\/2021\/03\/El-proximo-sabado.jpg",150,84,false]},"author_info":{"display_name":"admpu17wp","author_link":"https:\/\/experienciadevida.com.ar\/portalurbano\/author\/admpu17wp\/"},"category_info":"<a href=\"https:\/\/experienciadevida.com.ar\/portalurbano\/category\/ciudad\/\" rel=\"category tag\">Ciudad<\/a> <a href=\"https:\/\/experienciadevida.com.ar\/portalurbano\/category\/destacadas\/\" rel=\"category tag\">Destacadas<\/a>","tag_info":"Destacadas","comment_count":"0","amp_enabled":true,"_links":{"self":[{"href":"https:\/\/experienciadevida.com.ar\/portalurbano\/wp-json\/wp\/v2\/posts\/136884"}],"collection":[{"href":"https:\/\/experienciadevida.com.ar\/portalurbano\/wp-json\/wp\/v2\/posts"}],"about":[{"href":"https:\/\/experienciadevida.com.ar\/portalurbano\/wp-json\/wp\/v2\/types\/post"}],"author":[{"embeddable":true,"href":"https:\/\/experienciadevida.com.ar\/portalurbano\/wp-json\/wp\/v2\/users\/1"}],"replies":[{"embeddable":true,"href":"https:\/\/experienciadevida.com.ar\/portalurbano\/wp-json\/wp\/v2\/comments?post=136884"}],"version-history":[{"count":1,"href":"https:\/\/experienciadevida.com.ar\/portalurbano\/wp-json\/wp\/v2\/posts\/136884\/revisions"}],"predecessor-version":[{"id":136886,"href":"https:\/\/experienciadevida.com.ar\/portalurbano\/wp-json\/wp\/v2\/posts\/136884\/revisions\/136886"}],"wp:featuredmedia":[{"embeddable":true,"href":"https:\/\/experienciadevida.com.ar\/portalurbano\/wp-json\/wp\/v2\/media\/136885"}],"wp:attachment":[{"href":"https:\/\/experienciadevida.com.ar\/portalurbano\/wp-json\/wp\/v2\/media?parent=136884"}],"wp:term":[{"taxonomy":"category","embeddable":true,"href":"https:\/\/experienciadevida.com.ar\/portalurbano\/wp-json\/wp\/v2\/categories?post=136884"},{"taxonomy":"post_tag","embeddable":true,"href":"https:\/\/experienciadevida.com.ar\/portalurbano\/wp-json\/wp\/v2\/tags?post=136884"}],"curies":[{"name":"wp","href":"https:\/\/api.w.org\/{rel}","templated":true}]}}