{"id":136876,"date":"2021-03-08T13:20:41","date_gmt":"2021-03-08T16:20:41","guid":{"rendered":"https:\/\/experienciadevida.com.ar\/portalurbano\/?p=136876"},"modified":"2021-03-08T13:21:26","modified_gmt":"2021-03-08T16:21:26","slug":"el-gobierno-municipal-participara-de-las-audiencias-publicas-que-trataran-el-aumento-del-gas","status":"publish","type":"post","link":"https:\/\/experienciadevida.com.ar\/portalurbano\/el-gobierno-municipal-participara-de-las-audiencias-publicas-que-trataran-el-aumento-del-gas\/","title":{"rendered":"El Gobierno Municipal participar\u00e1 de las audiencias p\u00fablicas que tratar\u00e1n el aumento del gas"},"content":{"rendered":"<p>El Gobierno Municipal participar\u00e1 de las audiencias p\u00fablicas que tratar\u00e1n el aumento del gas. La Directora de Defensa del Consumidor del Gobierno Municipal Andrea Imbrogno participar\u00e1 de las dos audiencias p\u00fablicas que tratar\u00e1n los aumentos del servicio de gas por redes.<\/p>\n<p>La primera de ellas, convocada por la Secretar\u00eda de Energ\u00eda de la Naci\u00f3n, se llevar\u00e1 a cabo el pr\u00f3ximo lunes 15 de marzo y abordar\u00e1 el precio del gas natural en el Punto de Ingreso al Sistema de Transporte (PIST) que el Estado Nacional tomar\u00e1 a su cargo.<\/p>\n<p>Asimismo, la segunda audiencia p\u00fablica se realizar\u00e1 el martes 16 de marzo a fin de poner en consideraci\u00f3n un r\u00e9gimen tarifario de transici\u00f3n para el servicio de transporte y distribuci\u00f3n de gas por redes.<\/p>\n<p>En este sentido, Andrea Imbrogno indic\u00f3 que \u201cla participaci\u00f3n en las audiencias p\u00fablicas es importante para hacer visible frente a las autoridades nacionales los costos que los usuarios de Olavarr\u00eda abonamos por el servicio de gas como consecuencia de no ser incorporados como zona fr\u00eda por el Poder Legislativo Nacional\u201d.<\/p>\n<p>Foto: Archivo<\/p>\n","protected":false},"excerpt":{"rendered":"<p>El Gobierno Municipal participar\u00e1 de las audiencias p\u00fablicas que tratar\u00e1n el aumento del gas. La&#8230;<\/p>\n","protected":false},"author":1,"featured_media":136877,"comment_status":"closed","ping_status":"closed","sticky":false,"template":"","format":"standard","meta":{"content-type":""},"categories":[27,64],"tags":[],"nelio_content":{"isAutoShareEnabled":false,"autoShareEndMode":"default","automationSources":{"useContentSentences":true,"useSocialTemplates":true,"useCustomSentences":false,"customSentences":[]},"followers":[1],"suggestedReferences":[],"includedReferences":[],"efiUrl":"","efiAlt":"","highlights":[]},"yoast_head":"<!-- This site is optimized with the Yoast SEO plugin v20.7 - https:\/\/yoast.com\/wordpress\/plugins\/seo\/ -->\n<title>El Gobierno Municipal participar\u00e1 de las audiencias p\u00fablicas<\/title>\n<meta name=\"description\" content=\"El Gobierno Municipal participar\u00e1 de las audiencias p\u00fablicas que tratar\u00e1n el aumento del gas, la directora estar\u00e1 en las audiencias p\u00fablicas.\" \/>\n<meta name=\"robots\" content=\"index, follow, max-snippet:-1, max-image-preview:large, max-video-preview:-1\" \/>\n<link rel=\"canonical\" href=\"https:\/\/experienciadevida.com.ar\/portalurbano\/el-gobierno-municipal-participara-de-las-audiencias-publicas-que-trataran-el-aumento-del-gas\/\" \/>\n<meta property=\"og:locale\" content=\"es_ES\" \/>\n<meta property=\"og:type\" content=\"article\" \/>\n<meta property=\"og:title\" content=\"El Gobierno Municipal participar\u00e1 de las audiencias p\u00fablicas\" \/>\n<meta property=\"og:description\" content=\"El Gobierno Municipal participar\u00e1 de las audiencias p\u00fablicas que tratar\u00e1n el aumento del gas, la directora estar\u00e1 en las audiencias p\u00fablicas.\" \/>\n<meta property=\"og:url\" content=\"https:\/\/experienciadevida.com.ar\/portalurbano\/el-gobierno-municipal-participara-de-las-audiencias-publicas-que-trataran-el-aumento-del-gas\/\" \/>\n<meta property=\"article:publisher\" content=\"https:\/\/www.facebook.com\/Portal-Urbano-171542830093757\/\" \/>\n<meta property=\"article:published_time\" content=\"2021-03-08T16:20:41+00:00\" \/>\n<meta property=\"article:modified_time\" content=\"2021-03-08T16:21:26+00:00\" \/>\n<meta property=\"og:image\" content=\"https:\/\/experienciadevida.com.ar\/portalurbano\/wp-content\/uploads\/2021\/03\/El-Gobierno-Municipal-participara-de.jpg\" \/>\n\t<meta property=\"og:image:width\" content=\"1024\" \/>\n\t<meta property=\"og:image:height\" content=\"682\" \/>\n\t<meta property=\"og:image:type\" content=\"image\/jpeg\" \/>\n<meta name=\"author\" content=\"admpu17wp\" \/>\n<meta name=\"twitter:card\" content=\"summary_large_image\" \/>\n<meta name=\"twitter:creator\" content=\"@portalurbanook\" \/>\n<meta name=\"twitter:site\" content=\"@portalurbanook\" \/>\n<meta name=\"twitter:label1\" content=\"Escrito por\" \/>\n\t<meta name=\"twitter:data1\" content=\"admpu17wp\" \/>\n\t<meta name=\"twitter:label2\" content=\"Tiempo de lectura\" \/>\n\t<meta name=\"twitter:data2\" content=\"1 minuto\" \/>\n<script type=\"application\/ld+json\" class=\"yoast-schema-graph\">{\"@context\":\"https:\/\/schema.org\",\"@graph\":[{\"@type\":\"Article\",\"@id\":\"https:\/\/experienciadevida.com.ar\/portalurbano\/el-gobierno-municipal-participara-de-las-audiencias-publicas-que-trataran-el-aumento-del-gas\/#article\",\"isPartOf\":{\"@id\":\"https:\/\/experienciadevida.com.ar\/portalurbano\/el-gobierno-municipal-participara-de-las-audiencias-publicas-que-trataran-el-aumento-del-gas\/\"},\"author\":{\"name\":\"admpu17wp\",\"@id\":\"https:\/\/experienciadevida.com.ar\/portalurbano\/#\/schema\/person\/02dd326b1c4b056e9cc972486934a3a7\"},\"headline\":\"El Gobierno Municipal participar\u00e1 de las audiencias p\u00fablicas que tratar\u00e1n el aumento del gas\",\"datePublished\":\"2021-03-08T16:20:41+00:00\",\"dateModified\":\"2021-03-08T16:21:26+00:00\",\"mainEntityOfPage\":{\"@id\":\"https:\/\/experienciadevida.com.ar\/portalurbano\/el-gobierno-municipal-participara-de-las-audiencias-publicas-que-trataran-el-aumento-del-gas\/\"},\"wordCount\":206,\"publisher\":{\"@id\":\"https:\/\/experienciadevida.com.ar\/portalurbano\/#organization\"},\"articleSection\":[\"Ciudad\",\"Destacadas 2\"],\"inLanguage\":\"es\"},{\"@type\":\"WebPage\",\"@id\":\"https:\/\/experienciadevida.com.ar\/portalurbano\/el-gobierno-municipal-participara-de-las-audiencias-publicas-que-trataran-el-aumento-del-gas\/\",\"url\":\"https:\/\/experienciadevida.com.ar\/portalurbano\/el-gobierno-municipal-participara-de-las-audiencias-publicas-que-trataran-el-aumento-del-gas\/\",\"name\":\"El Gobierno Municipal participar\u00e1 de las audiencias p\u00fablicas\",\"isPartOf\":{\"@id\":\"https:\/\/experienciadevida.com.ar\/portalurbano\/#website\"},\"datePublished\":\"2021-03-08T16:20:41+00:00\",\"dateModified\":\"2021-03-08T16:21:26+00:00\",\"description\":\"El Gobierno Municipal participar\u00e1 de las audiencias p\u00fablicas que tratar\u00e1n el aumento del gas, la directora estar\u00e1 en las audiencias p\u00fablicas.\",\"breadcrumb\":{\"@id\":\"https:\/\/experienciadevida.com.ar\/portalurbano\/el-gobierno-municipal-participara-de-las-audiencias-publicas-que-trataran-el-aumento-del-gas\/#breadcrumb\"},\"inLanguage\":\"es\",\"potentialAction\":[{\"@type\":\"ReadAction\",\"target\":[\"https:\/\/experienciadevida.com.ar\/portalurbano\/el-gobierno-municipal-participara-de-las-audiencias-publicas-que-trataran-el-aumento-del-gas\/\"]}]},{\"@type\":\"BreadcrumbList\",\"@id\":\"https:\/\/experienciadevida.com.ar\/portalurbano\/el-gobierno-municipal-participara-de-las-audiencias-publicas-que-trataran-el-aumento-del-gas\/#breadcrumb\",\"itemListElement\":[{\"@type\":\"ListItem\",\"position\":1,\"name\":\"Portada\",\"item\":\"https:\/\/experienciadevida.com.ar\/portalurbano\/\"},{\"@type\":\"ListItem\",\"position\":2,\"name\":\"El Gobierno Municipal participar\u00e1 de las audiencias p\u00fablicas que tratar\u00e1n el aumento del gas\"}]},{\"@type\":\"WebSite\",\"@id\":\"https:\/\/experienciadevida.com.ar\/portalurbano\/#website\",\"url\":\"https:\/\/experienciadevida.com.ar\/portalurbano\/\",\"name\":\"\",\"description\":\"\",\"publisher\":{\"@id\":\"https:\/\/experienciadevida.com.ar\/portalurbano\/#organization\"},\"potentialAction\":[{\"@type\":\"SearchAction\",\"target\":{\"@type\":\"EntryPoint\",\"urlTemplate\":\"https:\/\/experienciadevida.com.ar\/portalurbano\/?s={search_term_string}\"},\"query-input\":\"required name=search_term_string\"}],\"inLanguage\":\"es\"},{\"@type\":\"Organization\",\"@id\":\"https:\/\/experienciadevida.com.ar\/portalurbano\/#organization\",\"name\":\"Portal Urbano\",\"url\":\"https:\/\/experienciadevida.com.ar\/portalurbano\/\",\"logo\":{\"@type\":\"ImageObject\",\"inLanguage\":\"es\",\"@id\":\"https:\/\/experienciadevida.com.ar\/portalurbano\/#\/schema\/logo\/image\/\",\"url\":\"https:\/\/experienciadevida.com.ar\/portalurbano\/wp-content\/uploads\/2019\/09\/Logo-Original.png\",\"contentUrl\":\"https:\/\/experienciadevida.com.ar\/portalurbano\/wp-content\/uploads\/2019\/09\/Logo-Original.png\",\"width\":2236,\"height\":1216,\"caption\":\"Portal Urbano\"},\"image\":{\"@id\":\"https:\/\/experienciadevida.com.ar\/portalurbano\/#\/schema\/logo\/image\/\"},\"sameAs\":[\"https:\/\/www.facebook.com\/Portal-Urbano-171542830093757\/\",\"https:\/\/twitter.com\/portalurbanook\",\"https:\/\/www.instagram.com\/_portalurbano\/\",\"https:\/\/www.youtube.com\/channel\/UCXhagIfszH8KxFiOok79zbA?view_as=subscriber\"]},{\"@type\":\"Person\",\"@id\":\"https:\/\/experienciadevida.com.ar\/portalurbano\/#\/schema\/person\/02dd326b1c4b056e9cc972486934a3a7\",\"name\":\"admpu17wp\",\"image\":{\"@type\":\"ImageObject\",\"inLanguage\":\"es\",\"@id\":\"https:\/\/experienciadevida.com.ar\/portalurbano\/#\/schema\/person\/image\/\",\"url\":\"https:\/\/secure.gravatar.com\/avatar\/830d4c57adaae6630765e449a6908047?s=96&d=mm&r=g\",\"contentUrl\":\"https:\/\/secure.gravatar.com\/avatar\/830d4c57adaae6630765e449a6908047?s=96&d=mm&r=g\",\"caption\":\"admpu17wp\"}}]}<\/script>\n<!-- \/ Yoast SEO plugin. -->","yoast_head_json":{"title":"El Gobierno Municipal participar\u00e1 de las audiencias p\u00fablicas","description":"El Gobierno Municipal participar\u00e1 de las audiencias p\u00fablicas que tratar\u00e1n el aumento del gas, la directora estar\u00e1 en las audiencias p\u00fablicas.","robots":{"index":"index","follow":"follow","max-snippet":"max-snippet:-1","max-image-preview":"max-image-preview:large","max-video-preview":"max-video-preview:-1"},"canonical":"https:\/\/experienciadevida.com.ar\/portalurbano\/el-gobierno-municipal-participara-de-las-audiencias-publicas-que-trataran-el-aumento-del-gas\/","og_locale":"es_ES","og_type":"article","og_title":"El Gobierno Municipal participar\u00e1 de las audiencias p\u00fablicas","og_description":"El Gobierno Municipal participar\u00e1 de las audiencias p\u00fablicas que tratar\u00e1n el aumento del gas, la directora estar\u00e1 en las audiencias p\u00fablicas.","og_url":"https:\/\/experienciadevida.com.ar\/portalurbano\/el-gobierno-municipal-participara-de-las-audiencias-publicas-que-trataran-el-aumento-del-gas\/","article_publisher":"https:\/\/www.facebook.com\/Portal-Urbano-171542830093757\/","article_published_time":"2021-03-08T16:20:41+00:00","article_modified_time":"2021-03-08T16:21:26+00:00","og_image":[{"width":1024,"height":682,"url":"https:\/\/experienciadevida.com.ar\/portalurbano\/wp-content\/uploads\/2021\/03\/El-Gobierno-Municipal-participara-de.jpg","type":"image\/jpeg"}],"author":"admpu17wp","twitter_card":"summary_large_image","twitter_creator":"@portalurbanook","twitter_site":"@portalurbanook","twitter_misc":{"Escrito por":"admpu17wp","Tiempo de lectura":"1 minuto"},"schema":{"@context":"https:\/\/schema.org","@graph":[{"@type":"Article","@id":"https:\/\/experienciadevida.com.ar\/portalurbano\/el-gobierno-municipal-participara-de-las-audiencias-publicas-que-trataran-el-aumento-del-gas\/#article","isPartOf":{"@id":"https:\/\/experienciadevida.com.ar\/portalurbano\/el-gobierno-municipal-participara-de-las-audiencias-publicas-que-trataran-el-aumento-del-gas\/"},"author":{"name":"admpu17wp","@id":"https:\/\/experienciadevida.com.ar\/portalurbano\/#\/schema\/person\/02dd326b1c4b056e9cc972486934a3a7"},"headline":"El Gobierno Municipal participar\u00e1 de las audiencias p\u00fablicas que tratar\u00e1n el aumento del gas","datePublished":"2021-03-08T16:20:41+00:00","dateModified":"2021-03-08T16:21:26+00:00","mainEntityOfPage":{"@id":"https:\/\/experienciadevida.com.ar\/portalurbano\/el-gobierno-municipal-participara-de-las-audiencias-publicas-que-trataran-el-aumento-del-gas\/"},"wordCount":206,"publisher":{"@id":"https:\/\/experienciadevida.com.ar\/portalurbano\/#organization"},"articleSection":["Ciudad","Destacadas 2"],"inLanguage":"es"},{"@type":"WebPage","@id":"https:\/\/experienciadevida.com.ar\/portalurbano\/el-gobierno-municipal-participara-de-las-audiencias-publicas-que-trataran-el-aumento-del-gas\/","url":"https:\/\/experienciadevida.com.ar\/portalurbano\/el-gobierno-municipal-participara-de-las-audiencias-publicas-que-trataran-el-aumento-del-gas\/","name":"El Gobierno Municipal participar\u00e1 de las audiencias p\u00fablicas","isPartOf":{"@id":"https:\/\/experienciadevida.com.ar\/portalurbano\/#website"},"datePublished":"2021-03-08T16:20:41+00:00","dateModified":"2021-03-08T16:21:26+00:00","description":"El Gobierno Municipal participar\u00e1 de las audiencias p\u00fablicas que tratar\u00e1n el aumento del gas, la directora estar\u00e1 en las audiencias p\u00fablicas.","breadcrumb":{"@id":"https:\/\/experienciadevida.com.ar\/portalurbano\/el-gobierno-municipal-participara-de-las-audiencias-publicas-que-trataran-el-aumento-del-gas\/#breadcrumb"},"inLanguage":"es","potentialAction":[{"@type":"ReadAction","target":["https:\/\/experienciadevida.com.ar\/portalurbano\/el-gobierno-municipal-participara-de-las-audiencias-publicas-que-trataran-el-aumento-del-gas\/"]}]},{"@type":"BreadcrumbList","@id":"https:\/\/experienciadevida.com.ar\/portalurbano\/el-gobierno-municipal-participara-de-las-audiencias-publicas-que-trataran-el-aumento-del-gas\/#breadcrumb","itemListElement":[{"@type":"ListItem","position":1,"name":"Portada","item":"https:\/\/experienciadevida.com.ar\/portalurbano\/"},{"@type":"ListItem","position":2,"name":"El Gobierno Municipal participar\u00e1 de las audiencias p\u00fablicas que tratar\u00e1n el aumento del gas"}]},{"@type":"WebSite","@id":"https:\/\/experienciadevida.com.ar\/portalurbano\/#website","url":"https:\/\/experienciadevida.com.ar\/portalurbano\/","name":"","description":"","publisher":{"@id":"https:\/\/experienciadevida.com.ar\/portalurbano\/#organization"},"potentialAction":[{"@type":"SearchAction","target":{"@type":"EntryPoint","urlTemplate":"https:\/\/experienciadevida.com.ar\/portalurbano\/?s={search_term_string}"},"query-input":"required name=search_term_string"}],"inLanguage":"es"},{"@type":"Organization","@id":"https:\/\/experienciadevida.com.ar\/portalurbano\/#organization","name":"Portal Urbano","url":"https:\/\/experienciadevida.com.ar\/portalurbano\/","logo":{"@type":"ImageObject","inLanguage":"es","@id":"https:\/\/experienciadevida.com.ar\/portalurbano\/#\/schema\/logo\/image\/","url":"https:\/\/experienciadevida.com.ar\/portalurbano\/wp-content\/uploads\/2019\/09\/Logo-Original.png","contentUrl":"https:\/\/experienciadevida.com.ar\/portalurbano\/wp-content\/uploads\/2019\/09\/Logo-Original.png","width":2236,"height":1216,"caption":"Portal Urbano"},"image":{"@id":"https:\/\/experienciadevida.com.ar\/portalurbano\/#\/schema\/logo\/image\/"},"sameAs":["https:\/\/www.facebook.com\/Portal-Urbano-171542830093757\/","https:\/\/twitter.com\/portalurbanook","https:\/\/www.instagram.com\/_portalurbano\/","https:\/\/www.youtube.com\/channel\/UCXhagIfszH8KxFiOok79zbA?view_as=subscriber"]},{"@type":"Person","@id":"https:\/\/experienciadevida.com.ar\/portalurbano\/#\/schema\/person\/02dd326b1c4b056e9cc972486934a3a7","name":"admpu17wp","image":{"@type":"ImageObject","inLanguage":"es","@id":"https:\/\/experienciadevida.com.ar\/portalurbano\/#\/schema\/person\/image\/","url":"https:\/\/secure.gravatar.com\/avatar\/830d4c57adaae6630765e449a6908047?s=96&d=mm&r=g","contentUrl":"https:\/\/secure.gravatar.com\/avatar\/830d4c57adaae6630765e449a6908047?s=96&d=mm&r=g","caption":"admpu17wp"}}]}},"featured_image_urls":{"full":["https:\/\/experienciadevida.com.ar\/portalurbano\/wp-content\/uploads\/2021\/03\/El-Gobierno-Municipal-participara-de.jpg",1024,682,false],"thumbnail":["https:\/\/experienciadevida.com.ar\/portalurbano\/wp-content\/uploads\/2021\/03\/El-Gobierno-Municipal-participara-de-150x150.jpg",150,150,true],"medium":["https:\/\/experienciadevida.com.ar\/portalurbano\/wp-content\/uploads\/2021\/03\/El-Gobierno-Municipal-participara-de-300x200.jpg",300,200,true],"medium_large":["https:\/\/experienciadevida.com.ar\/portalurbano\/wp-content\/uploads\/2021\/03\/El-Gobierno-Municipal-participara-de-768x512.jpg",640,427,true],"large":["https:\/\/experienciadevida.com.ar\/portalurbano\/wp-content\/uploads\/2021\/03\/El-Gobierno-Municipal-participara-de.jpg",640,426,false],"ug_big":["https:\/\/experienciadevida.com.ar\/portalurbano\/wp-content\/uploads\/2021\/03\/El-Gobierno-Municipal-participara-de-768x512.jpg",768,512,true],"1536x1536":["https:\/\/experienciadevida.com.ar\/portalurbano\/wp-content\/uploads\/2021\/03\/El-Gobierno-Municipal-participara-de.jpg",1024,682,false],"2048x2048":["https:\/\/experienciadevida.com.ar\/portalurbano\/wp-content\/uploads\/2021\/03\/El-Gobierno-Municipal-participara-de.jpg",1024,682,false],"newsever-slider-full":["https:\/\/experienciadevida.com.ar\/portalurbano\/wp-content\/uploads\/2021\/03\/El-Gobierno-Municipal-participara-de.jpg",1024,682,false],"newsever-featured":["https:\/\/experienciadevida.com.ar\/portalurbano\/wp-content\/uploads\/2021\/03\/El-Gobierno-Municipal-participara-de.jpg",1024,682,false],"newsever-medium":["https:\/\/experienciadevida.com.ar\/portalurbano\/wp-content\/uploads\/2021\/03\/El-Gobierno-Municipal-participara-de.jpg",713,475,false],"web-stories-poster-portrait":["https:\/\/experienciadevida.com.ar\/portalurbano\/wp-content\/uploads\/2021\/03\/El-Gobierno-Municipal-participara-de.jpg",640,426,false],"web-stories-publisher-logo":["https:\/\/experienciadevida.com.ar\/portalurbano\/wp-content\/uploads\/2021\/03\/El-Gobierno-Municipal-participara-de.jpg",96,64,false],"web-stories-thumbnail":["https:\/\/experienciadevida.com.ar\/portalurbano\/wp-content\/uploads\/2021\/03\/El-Gobierno-Municipal-participara-de.jpg",150,100,false]},"author_info":{"display_name":"admpu17wp","author_link":"https:\/\/experienciadevida.com.ar\/portalurbano\/author\/admpu17wp\/"},"category_info":"<a href=\"https:\/\/experienciadevida.com.ar\/portalurbano\/category\/ciudad\/\" rel=\"category tag\">Ciudad<\/a> <a href=\"https:\/\/experienciadevida.com.ar\/portalurbano\/category\/destacadas-2\/\" rel=\"category tag\">Destacadas 2<\/a>","tag_info":"Destacadas 2","comment_count":"0","amp_enabled":true,"_links":{"self":[{"href":"https:\/\/experienciadevida.com.ar\/portalurbano\/wp-json\/wp\/v2\/posts\/136876"}],"collection":[{"href":"https:\/\/experienciadevida.com.ar\/portalurbano\/wp-json\/wp\/v2\/posts"}],"about":[{"href":"https:\/\/experienciadevida.com.ar\/portalurbano\/wp-json\/wp\/v2\/types\/post"}],"author":[{"embeddable":true,"href":"https:\/\/experienciadevida.com.ar\/portalurbano\/wp-json\/wp\/v2\/users\/1"}],"replies":[{"embeddable":true,"href":"https:\/\/experienciadevida.com.ar\/portalurbano\/wp-json\/wp\/v2\/comments?post=136876"}],"version-history":[{"count":2,"href":"https:\/\/experienciadevida.com.ar\/portalurbano\/wp-json\/wp\/v2\/posts\/136876\/revisions"}],"predecessor-version":[{"id":136879,"href":"https:\/\/experienciadevida.com.ar\/portalurbano\/wp-json\/wp\/v2\/posts\/136876\/revisions\/136879"}],"wp:featuredmedia":[{"embeddable":true,"href":"https:\/\/experienciadevida.com.ar\/portalurbano\/wp-json\/wp\/v2\/media\/136877"}],"wp:attachment":[{"href":"https:\/\/experienciadevida.com.ar\/portalurbano\/wp-json\/wp\/v2\/media?parent=136876"}],"wp:term":[{"taxonomy":"category","embeddable":true,"href":"https:\/\/experienciadevida.com.ar\/portalurbano\/wp-json\/wp\/v2\/categories?post=136876"},{"taxonomy":"post_tag","embeddable":true,"href":"https:\/\/experienciadevida.com.ar\/portalurbano\/wp-json\/wp\/v2\/tags?post=136876"}],"curies":[{"name":"wp","href":"https:\/\/api.w.org\/{rel}","templated":true}]}}