{"id":136864,"date":"2021-03-08T12:44:46","date_gmt":"2021-03-08T15:44:46","guid":{"rendered":"https:\/\/experienciadevida.com.ar\/portalurbano\/?p=136864"},"modified":"2021-03-08T12:52:43","modified_gmt":"2021-03-08T15:52:43","slug":"la-asamblea-feminista-y-disidente-se-pronuncio-frente-a-fiscalia","status":"publish","type":"post","link":"https:\/\/experienciadevida.com.ar\/portalurbano\/la-asamblea-feminista-y-disidente-se-pronuncio-frente-a-fiscalia\/","title":{"rendered":"La Asamblea Feminista y Disidente se pronunci\u00f3 frente a Fiscal\u00eda"},"content":{"rendered":"<p>La Asamblea Feminista y Disidente se pronunci\u00f3 frente a Fiscal\u00eda. En el marco de las acciones por el 8M, la Asamblea Feminista y Disidente local conformada por diversas agrupaciones y personas autoconvocadas, realiz\u00f3 en la ma\u00f1ana de este lunes una intervenci\u00f3n art\u00edstica en la sede de la Fiscal\u00eda olavarriense.<\/p>\n<p>La actividad apunt\u00f3 a reclamar una transformaci\u00f3n urgente del Poder Judicial, con especial hincapi\u00e9 en la urgente incorporaci\u00f3n de una perspectiva de g\u00e9nero transversal a todos los niveles, en las denuncias, acompa\u00f1amiento y protecci\u00f3n de quienes sufren la violencia machista.<\/p>\n<p>Alrededor de las 9:00 un grupo de 25 mujeres vestidas de blanco llegaron caminando juntas a Rufino Fal al 2900, en memoria de las veinticinco v\u00edctimas olavarrienses que en los \u00faltimos a\u00f1os fueron asesinadxs por la violencia machista. Personificaban femicidios, travesticidios, suicidios en contexto de violencia machista y femicidios vinculados.<\/p>\n<p>Luego de hacer sonar las campanas, en alusi\u00f3n al pedido de ayuda a organismos judiciales y tras acostarse en plena calle insinuando la muerte, cuatro mujeres que representaban los feminismos pusieron de pie a cada una de las v\u00edctimas, como s\u00edmbolo de las redes feministas que reaccionan y tejen redes frente a la inacci\u00f3n de la Justicia.<\/p>\n<p>El cronograma de actividades por el 8M coordinado por la Asamblea, continuar\u00e1 a las 17 en Brown y Belgrano. Habr\u00e1 ferias, artistas, se leer\u00e1 un documento y a las 20:00 se realizar\u00e1 una marcha por las calles de la ciudad.<\/p>\n<p><a href=\"https:\/\/experienciadevida.com.ar\/portalurbano\/la-asamblea-feminista-y-disidente-se-pronuncio-frente-a-fiscalia\/la-asamblea-feminista-2\/\" rel=\"attachment wp-att-136868\"><img decoding=\"async\" class=\"alignnone size-full wp-image-136868\" src=\"https:\/\/experienciadevida.com.ar\/portalurbano\/wp-content\/uploads\/2021\/03\/La-Asamblea-Feminista.jpg\" alt=\"La Asamblea feminista \" width=\"1280\" height=\"590\" srcset=\"https:\/\/experienciadevida.com.ar\/portalurbano\/wp-content\/uploads\/2021\/03\/La-Asamblea-Feminista.jpg 1280w, https:\/\/experienciadevida.com.ar\/portalurbano\/wp-content\/uploads\/2021\/03\/La-Asamblea-Feminista-300x138.jpg 300w, https:\/\/experienciadevida.com.ar\/portalurbano\/wp-content\/uploads\/2021\/03\/La-Asamblea-Feminista-1024x472.jpg 1024w, https:\/\/experienciadevida.com.ar\/portalurbano\/wp-content\/uploads\/2021\/03\/La-Asamblea-Feminista-768x354.jpg 768w\" sizes=\"(max-width: 1280px) 100vw, 1280px\" \/><\/a><\/p>\n<p><a href=\"https:\/\/experienciadevida.com.ar\/portalurbano\/la-asamblea-feminista-y-disidente-se-pronuncio-frente-a-fiscalia\/disidente\/\" rel=\"attachment wp-att-136869\"><img decoding=\"async\" class=\"alignnone size-full wp-image-136869\" src=\"https:\/\/experienciadevida.com.ar\/portalurbano\/wp-content\/uploads\/2021\/03\/Disidente.jpg\" alt=\"Disidente \" width=\"1280\" height=\"590\" srcset=\"https:\/\/experienciadevida.com.ar\/portalurbano\/wp-content\/uploads\/2021\/03\/Disidente.jpg 1280w, https:\/\/experienciadevida.com.ar\/portalurbano\/wp-content\/uploads\/2021\/03\/Disidente-300x138.jpg 300w, https:\/\/experienciadevida.com.ar\/portalurbano\/wp-content\/uploads\/2021\/03\/Disidente-1024x472.jpg 1024w, https:\/\/experienciadevida.com.ar\/portalurbano\/wp-content\/uploads\/2021\/03\/Disidente-768x354.jpg 768w\" sizes=\"(max-width: 1280px) 100vw, 1280px\" \/><\/a><\/p>\n<p><a href=\"https:\/\/experienciadevida.com.ar\/portalurbano\/la-asamblea-feminista-y-disidente-se-pronuncio-frente-a-fiscalia\/asamblea-16\/\" rel=\"attachment wp-att-136871\"><img decoding=\"async\" class=\"alignnone size-full wp-image-136871\" src=\"https:\/\/experienciadevida.com.ar\/portalurbano\/wp-content\/uploads\/2021\/03\/asamblea.jpg\" alt=\"asamblea\" width=\"1280\" height=\"590\" srcset=\"https:\/\/experienciadevida.com.ar\/portalurbano\/wp-content\/uploads\/2021\/03\/asamblea.jpg 1280w, https:\/\/experienciadevida.com.ar\/portalurbano\/wp-content\/uploads\/2021\/03\/asamblea-300x138.jpg 300w, https:\/\/experienciadevida.com.ar\/portalurbano\/wp-content\/uploads\/2021\/03\/asamblea-1024x472.jpg 1024w, https:\/\/experienciadevida.com.ar\/portalurbano\/wp-content\/uploads\/2021\/03\/asamblea-768x354.jpg 768w\" sizes=\"(max-width: 1280px) 100vw, 1280px\" \/><\/a><\/p>\n<p><a href=\"https:\/\/experienciadevida.com.ar\/portalurbano\/la-asamblea-feminista-y-disidente-se-pronuncio-frente-a-fiscalia\/feminista-2\/\" rel=\"attachment wp-att-136872\"><img decoding=\"async\" class=\"alignnone size-full wp-image-136872\" src=\"https:\/\/experienciadevida.com.ar\/portalurbano\/wp-content\/uploads\/2021\/03\/feminista.jpg\" alt=\"feminista\" width=\"1280\" height=\"590\" srcset=\"https:\/\/experienciadevida.com.ar\/portalurbano\/wp-content\/uploads\/2021\/03\/feminista.jpg 1280w, https:\/\/experienciadevida.com.ar\/portalurbano\/wp-content\/uploads\/2021\/03\/feminista-300x138.jpg 300w, https:\/\/experienciadevida.com.ar\/portalurbano\/wp-content\/uploads\/2021\/03\/feminista-1024x472.jpg 1024w, https:\/\/experienciadevida.com.ar\/portalurbano\/wp-content\/uploads\/2021\/03\/feminista-768x354.jpg 768w\" sizes=\"(max-width: 1280px) 100vw, 1280px\" \/><\/a><\/p>\n<p><a href=\"https:\/\/experienciadevida.com.ar\/portalurbano\/la-asamblea-feminista-y-disidente-se-pronuncio-frente-a-fiscalia\/8dc98ce7-4776-44b1-9729-f44e8a9cd5e8\/\" rel=\"attachment wp-att-136873\"><img decoding=\"async\" class=\"alignnone size-full wp-image-136873\" src=\"https:\/\/experienciadevida.com.ar\/portalurbano\/wp-content\/uploads\/2021\/03\/8dc98ce7-4776-44b1-9729-f44e8a9cd5e8.jpg\" alt=\"\" width=\"1280\" height=\"590\" srcset=\"https:\/\/experienciadevida.com.ar\/portalurbano\/wp-content\/uploads\/2021\/03\/8dc98ce7-4776-44b1-9729-f44e8a9cd5e8.jpg 1280w, https:\/\/experienciadevida.com.ar\/portalurbano\/wp-content\/uploads\/2021\/03\/8dc98ce7-4776-44b1-9729-f44e8a9cd5e8-300x138.jpg 300w, https:\/\/experienciadevida.com.ar\/portalurbano\/wp-content\/uploads\/2021\/03\/8dc98ce7-4776-44b1-9729-f44e8a9cd5e8-1024x472.jpg 1024w, https:\/\/experienciadevida.com.ar\/portalurbano\/wp-content\/uploads\/2021\/03\/8dc98ce7-4776-44b1-9729-f44e8a9cd5e8-768x354.jpg 768w\" sizes=\"(max-width: 1280px) 100vw, 1280px\" \/><\/a><\/p>\n","protected":false},"excerpt":{"rendered":"<p>La Asamblea Feminista y Disidente se pronunci\u00f3 frente a Fiscal\u00eda. En el marco de las&#8230;<\/p>\n","protected":false},"author":1,"featured_media":136865,"comment_status":"closed","ping_status":"closed","sticky":false,"template":"","format":"standard","meta":{"content-type":""},"categories":[27,64],"tags":[],"nelio_content":{"isAutoShareEnabled":false,"autoShareEndMode":"default","automationSources":{"useContentSentences":true,"useSocialTemplates":true,"useCustomSentences":false,"customSentences":[]},"followers":[1],"suggestedReferences":[],"includedReferences":[],"efiUrl":"","efiAlt":"","highlights":[]},"yoast_head":"<!-- This site is optimized with the Yoast SEO plugin v20.7 - https:\/\/yoast.com\/wordpress\/plugins\/seo\/ -->\n<title>La asamblea feminista y disidente se pronuncio frente a fiscal\u00eda<\/title>\n<meta name=\"description\" content=\"La Asamblea Feminista y Disidente se pronunci\u00f3 frente a Fiscal\u00eda, en el marco de las acciones por el 8M, realizaron una intervenci\u00f3n\" \/>\n<meta name=\"robots\" content=\"index, follow, max-snippet:-1, max-image-preview:large, max-video-preview:-1\" \/>\n<link rel=\"canonical\" href=\"https:\/\/experienciadevida.com.ar\/portalurbano\/la-asamblea-feminista-y-disidente-se-pronuncio-frente-a-fiscalia\/\" \/>\n<meta property=\"og:locale\" content=\"es_ES\" \/>\n<meta property=\"og:type\" content=\"article\" \/>\n<meta property=\"og:title\" content=\"La asamblea feminista y disidente se pronuncio frente a fiscal\u00eda\" \/>\n<meta property=\"og:description\" content=\"La Asamblea Feminista y Disidente se pronunci\u00f3 frente a Fiscal\u00eda, en el marco de las acciones por el 8M, realizaron una intervenci\u00f3n\" \/>\n<meta property=\"og:url\" content=\"https:\/\/experienciadevida.com.ar\/portalurbano\/la-asamblea-feminista-y-disidente-se-pronuncio-frente-a-fiscalia\/\" \/>\n<meta property=\"article:publisher\" content=\"https:\/\/www.facebook.com\/Portal-Urbano-171542830093757\/\" \/>\n<meta property=\"article:published_time\" content=\"2021-03-08T15:44:46+00:00\" \/>\n<meta property=\"article:modified_time\" content=\"2021-03-08T15:52:43+00:00\" \/>\n<meta property=\"og:image\" content=\"https:\/\/experienciadevida.com.ar\/portalurbano\/wp-content\/uploads\/2021\/03\/La-Asamblea-Feminista-y-Disidente.jpg\" \/>\n\t<meta property=\"og:image:width\" content=\"1280\" \/>\n\t<meta property=\"og:image:height\" content=\"590\" \/>\n\t<meta property=\"og:image:type\" content=\"image\/jpeg\" \/>\n<meta name=\"author\" content=\"admpu17wp\" \/>\n<meta name=\"twitter:card\" content=\"summary_large_image\" \/>\n<meta name=\"twitter:creator\" content=\"@portalurbanook\" \/>\n<meta name=\"twitter:site\" content=\"@portalurbanook\" \/>\n<meta name=\"twitter:label1\" content=\"Escrito por\" \/>\n\t<meta name=\"twitter:data1\" content=\"admpu17wp\" \/>\n\t<meta name=\"twitter:label2\" content=\"Tiempo de lectura\" \/>\n\t<meta name=\"twitter:data2\" content=\"3 minutos\" \/>\n<script type=\"application\/ld+json\" class=\"yoast-schema-graph\">{\"@context\":\"https:\/\/schema.org\",\"@graph\":[{\"@type\":\"Article\",\"@id\":\"https:\/\/experienciadevida.com.ar\/portalurbano\/la-asamblea-feminista-y-disidente-se-pronuncio-frente-a-fiscalia\/#article\",\"isPartOf\":{\"@id\":\"https:\/\/experienciadevida.com.ar\/portalurbano\/la-asamblea-feminista-y-disidente-se-pronuncio-frente-a-fiscalia\/\"},\"author\":{\"name\":\"admpu17wp\",\"@id\":\"https:\/\/experienciadevida.com.ar\/portalurbano\/#\/schema\/person\/02dd326b1c4b056e9cc972486934a3a7\"},\"headline\":\"La Asamblea Feminista y Disidente se pronunci\u00f3 frente a Fiscal\u00eda\",\"datePublished\":\"2021-03-08T15:44:46+00:00\",\"dateModified\":\"2021-03-08T15:52:43+00:00\",\"mainEntityOfPage\":{\"@id\":\"https:\/\/experienciadevida.com.ar\/portalurbano\/la-asamblea-feminista-y-disidente-se-pronuncio-frente-a-fiscalia\/\"},\"wordCount\":258,\"publisher\":{\"@id\":\"https:\/\/experienciadevida.com.ar\/portalurbano\/#organization\"},\"articleSection\":[\"Ciudad\",\"Destacadas 2\"],\"inLanguage\":\"es\"},{\"@type\":\"WebPage\",\"@id\":\"https:\/\/experienciadevida.com.ar\/portalurbano\/la-asamblea-feminista-y-disidente-se-pronuncio-frente-a-fiscalia\/\",\"url\":\"https:\/\/experienciadevida.com.ar\/portalurbano\/la-asamblea-feminista-y-disidente-se-pronuncio-frente-a-fiscalia\/\",\"name\":\"La asamblea feminista y disidente se pronuncio frente a fiscal\u00eda\",\"isPartOf\":{\"@id\":\"https:\/\/experienciadevida.com.ar\/portalurbano\/#website\"},\"datePublished\":\"2021-03-08T15:44:46+00:00\",\"dateModified\":\"2021-03-08T15:52:43+00:00\",\"description\":\"La Asamblea Feminista y Disidente se pronunci\u00f3 frente a Fiscal\u00eda, en el marco de las acciones por el 8M, realizaron una intervenci\u00f3n\",\"breadcrumb\":{\"@id\":\"https:\/\/experienciadevida.com.ar\/portalurbano\/la-asamblea-feminista-y-disidente-se-pronuncio-frente-a-fiscalia\/#breadcrumb\"},\"inLanguage\":\"es\",\"potentialAction\":[{\"@type\":\"ReadAction\",\"target\":[\"https:\/\/experienciadevida.com.ar\/portalurbano\/la-asamblea-feminista-y-disidente-se-pronuncio-frente-a-fiscalia\/\"]}]},{\"@type\":\"BreadcrumbList\",\"@id\":\"https:\/\/experienciadevida.com.ar\/portalurbano\/la-asamblea-feminista-y-disidente-se-pronuncio-frente-a-fiscalia\/#breadcrumb\",\"itemListElement\":[{\"@type\":\"ListItem\",\"position\":1,\"name\":\"Portada\",\"item\":\"https:\/\/experienciadevida.com.ar\/portalurbano\/\"},{\"@type\":\"ListItem\",\"position\":2,\"name\":\"La Asamblea Feminista y Disidente se pronunci\u00f3 frente a Fiscal\u00eda\"}]},{\"@type\":\"WebSite\",\"@id\":\"https:\/\/experienciadevida.com.ar\/portalurbano\/#website\",\"url\":\"https:\/\/experienciadevida.com.ar\/portalurbano\/\",\"name\":\"\",\"description\":\"\",\"publisher\":{\"@id\":\"https:\/\/experienciadevida.com.ar\/portalurbano\/#organization\"},\"potentialAction\":[{\"@type\":\"SearchAction\",\"target\":{\"@type\":\"EntryPoint\",\"urlTemplate\":\"https:\/\/experienciadevida.com.ar\/portalurbano\/?s={search_term_string}\"},\"query-input\":\"required name=search_term_string\"}],\"inLanguage\":\"es\"},{\"@type\":\"Organization\",\"@id\":\"https:\/\/experienciadevida.com.ar\/portalurbano\/#organization\",\"name\":\"Portal Urbano\",\"url\":\"https:\/\/experienciadevida.com.ar\/portalurbano\/\",\"logo\":{\"@type\":\"ImageObject\",\"inLanguage\":\"es\",\"@id\":\"https:\/\/experienciadevida.com.ar\/portalurbano\/#\/schema\/logo\/image\/\",\"url\":\"https:\/\/experienciadevida.com.ar\/portalurbano\/wp-content\/uploads\/2019\/09\/Logo-Original.png\",\"contentUrl\":\"https:\/\/experienciadevida.com.ar\/portalurbano\/wp-content\/uploads\/2019\/09\/Logo-Original.png\",\"width\":2236,\"height\":1216,\"caption\":\"Portal Urbano\"},\"image\":{\"@id\":\"https:\/\/experienciadevida.com.ar\/portalurbano\/#\/schema\/logo\/image\/\"},\"sameAs\":[\"https:\/\/www.facebook.com\/Portal-Urbano-171542830093757\/\",\"https:\/\/twitter.com\/portalurbanook\",\"https:\/\/www.instagram.com\/_portalurbano\/\",\"https:\/\/www.youtube.com\/channel\/UCXhagIfszH8KxFiOok79zbA?view_as=subscriber\"]},{\"@type\":\"Person\",\"@id\":\"https:\/\/experienciadevida.com.ar\/portalurbano\/#\/schema\/person\/02dd326b1c4b056e9cc972486934a3a7\",\"name\":\"admpu17wp\",\"image\":{\"@type\":\"ImageObject\",\"inLanguage\":\"es\",\"@id\":\"https:\/\/experienciadevida.com.ar\/portalurbano\/#\/schema\/person\/image\/\",\"url\":\"https:\/\/secure.gravatar.com\/avatar\/830d4c57adaae6630765e449a6908047?s=96&d=mm&r=g\",\"contentUrl\":\"https:\/\/secure.gravatar.com\/avatar\/830d4c57adaae6630765e449a6908047?s=96&d=mm&r=g\",\"caption\":\"admpu17wp\"}}]}<\/script>\n<!-- \/ Yoast SEO plugin. -->","yoast_head_json":{"title":"La asamblea feminista y disidente se pronuncio frente a fiscal\u00eda","description":"La Asamblea Feminista y Disidente se pronunci\u00f3 frente a Fiscal\u00eda, en el marco de las acciones por el 8M, realizaron una intervenci\u00f3n","robots":{"index":"index","follow":"follow","max-snippet":"max-snippet:-1","max-image-preview":"max-image-preview:large","max-video-preview":"max-video-preview:-1"},"canonical":"https:\/\/experienciadevida.com.ar\/portalurbano\/la-asamblea-feminista-y-disidente-se-pronuncio-frente-a-fiscalia\/","og_locale":"es_ES","og_type":"article","og_title":"La asamblea feminista y disidente se pronuncio frente a fiscal\u00eda","og_description":"La Asamblea Feminista y Disidente se pronunci\u00f3 frente a Fiscal\u00eda, en el marco de las acciones por el 8M, realizaron una intervenci\u00f3n","og_url":"https:\/\/experienciadevida.com.ar\/portalurbano\/la-asamblea-feminista-y-disidente-se-pronuncio-frente-a-fiscalia\/","article_publisher":"https:\/\/www.facebook.com\/Portal-Urbano-171542830093757\/","article_published_time":"2021-03-08T15:44:46+00:00","article_modified_time":"2021-03-08T15:52:43+00:00","og_image":[{"width":1280,"height":590,"url":"https:\/\/experienciadevida.com.ar\/portalurbano\/wp-content\/uploads\/2021\/03\/La-Asamblea-Feminista-y-Disidente.jpg","type":"image\/jpeg"}],"author":"admpu17wp","twitter_card":"summary_large_image","twitter_creator":"@portalurbanook","twitter_site":"@portalurbanook","twitter_misc":{"Escrito por":"admpu17wp","Tiempo de lectura":"3 minutos"},"schema":{"@context":"https:\/\/schema.org","@graph":[{"@type":"Article","@id":"https:\/\/experienciadevida.com.ar\/portalurbano\/la-asamblea-feminista-y-disidente-se-pronuncio-frente-a-fiscalia\/#article","isPartOf":{"@id":"https:\/\/experienciadevida.com.ar\/portalurbano\/la-asamblea-feminista-y-disidente-se-pronuncio-frente-a-fiscalia\/"},"author":{"name":"admpu17wp","@id":"https:\/\/experienciadevida.com.ar\/portalurbano\/#\/schema\/person\/02dd326b1c4b056e9cc972486934a3a7"},"headline":"La Asamblea Feminista y Disidente se pronunci\u00f3 frente a Fiscal\u00eda","datePublished":"2021-03-08T15:44:46+00:00","dateModified":"2021-03-08T15:52:43+00:00","mainEntityOfPage":{"@id":"https:\/\/experienciadevida.com.ar\/portalurbano\/la-asamblea-feminista-y-disidente-se-pronuncio-frente-a-fiscalia\/"},"wordCount":258,"publisher":{"@id":"https:\/\/experienciadevida.com.ar\/portalurbano\/#organization"},"articleSection":["Ciudad","Destacadas 2"],"inLanguage":"es"},{"@type":"WebPage","@id":"https:\/\/experienciadevida.com.ar\/portalurbano\/la-asamblea-feminista-y-disidente-se-pronuncio-frente-a-fiscalia\/","url":"https:\/\/experienciadevida.com.ar\/portalurbano\/la-asamblea-feminista-y-disidente-se-pronuncio-frente-a-fiscalia\/","name":"La asamblea feminista y disidente se pronuncio frente a fiscal\u00eda","isPartOf":{"@id":"https:\/\/experienciadevida.com.ar\/portalurbano\/#website"},"datePublished":"2021-03-08T15:44:46+00:00","dateModified":"2021-03-08T15:52:43+00:00","description":"La Asamblea Feminista y Disidente se pronunci\u00f3 frente a Fiscal\u00eda, en el marco de las acciones por el 8M, realizaron una intervenci\u00f3n","breadcrumb":{"@id":"https:\/\/experienciadevida.com.ar\/portalurbano\/la-asamblea-feminista-y-disidente-se-pronuncio-frente-a-fiscalia\/#breadcrumb"},"inLanguage":"es","potentialAction":[{"@type":"ReadAction","target":["https:\/\/experienciadevida.com.ar\/portalurbano\/la-asamblea-feminista-y-disidente-se-pronuncio-frente-a-fiscalia\/"]}]},{"@type":"BreadcrumbList","@id":"https:\/\/experienciadevida.com.ar\/portalurbano\/la-asamblea-feminista-y-disidente-se-pronuncio-frente-a-fiscalia\/#breadcrumb","itemListElement":[{"@type":"ListItem","position":1,"name":"Portada","item":"https:\/\/experienciadevida.com.ar\/portalurbano\/"},{"@type":"ListItem","position":2,"name":"La Asamblea Feminista y Disidente se pronunci\u00f3 frente a Fiscal\u00eda"}]},{"@type":"WebSite","@id":"https:\/\/experienciadevida.com.ar\/portalurbano\/#website","url":"https:\/\/experienciadevida.com.ar\/portalurbano\/","name":"","description":"","publisher":{"@id":"https:\/\/experienciadevida.com.ar\/portalurbano\/#organization"},"potentialAction":[{"@type":"SearchAction","target":{"@type":"EntryPoint","urlTemplate":"https:\/\/experienciadevida.com.ar\/portalurbano\/?s={search_term_string}"},"query-input":"required name=search_term_string"}],"inLanguage":"es"},{"@type":"Organization","@id":"https:\/\/experienciadevida.com.ar\/portalurbano\/#organization","name":"Portal Urbano","url":"https:\/\/experienciadevida.com.ar\/portalurbano\/","logo":{"@type":"ImageObject","inLanguage":"es","@id":"https:\/\/experienciadevida.com.ar\/portalurbano\/#\/schema\/logo\/image\/","url":"https:\/\/experienciadevida.com.ar\/portalurbano\/wp-content\/uploads\/2019\/09\/Logo-Original.png","contentUrl":"https:\/\/experienciadevida.com.ar\/portalurbano\/wp-content\/uploads\/2019\/09\/Logo-Original.png","width":2236,"height":1216,"caption":"Portal Urbano"},"image":{"@id":"https:\/\/experienciadevida.com.ar\/portalurbano\/#\/schema\/logo\/image\/"},"sameAs":["https:\/\/www.facebook.com\/Portal-Urbano-171542830093757\/","https:\/\/twitter.com\/portalurbanook","https:\/\/www.instagram.com\/_portalurbano\/","https:\/\/www.youtube.com\/channel\/UCXhagIfszH8KxFiOok79zbA?view_as=subscriber"]},{"@type":"Person","@id":"https:\/\/experienciadevida.com.ar\/portalurbano\/#\/schema\/person\/02dd326b1c4b056e9cc972486934a3a7","name":"admpu17wp","image":{"@type":"ImageObject","inLanguage":"es","@id":"https:\/\/experienciadevida.com.ar\/portalurbano\/#\/schema\/person\/image\/","url":"https:\/\/secure.gravatar.com\/avatar\/830d4c57adaae6630765e449a6908047?s=96&d=mm&r=g","contentUrl":"https:\/\/secure.gravatar.com\/avatar\/830d4c57adaae6630765e449a6908047?s=96&d=mm&r=g","caption":"admpu17wp"}}]}},"featured_image_urls":{"full":["https:\/\/experienciadevida.com.ar\/portalurbano\/wp-content\/uploads\/2021\/03\/La-Asamblea-Feminista-y-Disidente.jpg",1280,590,false],"thumbnail":["https:\/\/experienciadevida.com.ar\/portalurbano\/wp-content\/uploads\/2021\/03\/La-Asamblea-Feminista-y-Disidente-150x150.jpg",150,150,true],"medium":["https:\/\/experienciadevida.com.ar\/portalurbano\/wp-content\/uploads\/2021\/03\/La-Asamblea-Feminista-y-Disidente-300x138.jpg",300,138,true],"medium_large":["https:\/\/experienciadevida.com.ar\/portalurbano\/wp-content\/uploads\/2021\/03\/La-Asamblea-Feminista-y-Disidente-768x354.jpg",640,295,true],"large":["https:\/\/experienciadevida.com.ar\/portalurbano\/wp-content\/uploads\/2021\/03\/La-Asamblea-Feminista-y-Disidente-1024x472.jpg",640,295,true],"ug_big":["https:\/\/experienciadevida.com.ar\/portalurbano\/wp-content\/uploads\/2021\/03\/La-Asamblea-Feminista-y-Disidente-768x354.jpg",768,354,true],"1536x1536":["https:\/\/experienciadevida.com.ar\/portalurbano\/wp-content\/uploads\/2021\/03\/La-Asamblea-Feminista-y-Disidente.jpg",1280,590,false],"2048x2048":["https:\/\/experienciadevida.com.ar\/portalurbano\/wp-content\/uploads\/2021\/03\/La-Asamblea-Feminista-y-Disidente.jpg",1280,590,false],"newsever-slider-full":["https:\/\/experienciadevida.com.ar\/portalurbano\/wp-content\/uploads\/2021\/03\/La-Asamblea-Feminista-y-Disidente.jpg",1280,590,false],"newsever-featured":["https:\/\/experienciadevida.com.ar\/portalurbano\/wp-content\/uploads\/2021\/03\/La-Asamblea-Feminista-y-Disidente.jpg",1024,472,false],"newsever-medium":["https:\/\/experienciadevida.com.ar\/portalurbano\/wp-content\/uploads\/2021\/03\/La-Asamblea-Feminista-y-Disidente.jpg",720,332,false],"web-stories-poster-portrait":["https:\/\/experienciadevida.com.ar\/portalurbano\/wp-content\/uploads\/2021\/03\/La-Asamblea-Feminista-y-Disidente.jpg",640,295,false],"web-stories-publisher-logo":["https:\/\/experienciadevida.com.ar\/portalurbano\/wp-content\/uploads\/2021\/03\/La-Asamblea-Feminista-y-Disidente.jpg",96,44,false],"web-stories-thumbnail":["https:\/\/experienciadevida.com.ar\/portalurbano\/wp-content\/uploads\/2021\/03\/La-Asamblea-Feminista-y-Disidente.jpg",150,69,false]},"author_info":{"display_name":"admpu17wp","author_link":"https:\/\/experienciadevida.com.ar\/portalurbano\/author\/admpu17wp\/"},"category_info":"<a href=\"https:\/\/experienciadevida.com.ar\/portalurbano\/category\/ciudad\/\" rel=\"category tag\">Ciudad<\/a> <a href=\"https:\/\/experienciadevida.com.ar\/portalurbano\/category\/destacadas-2\/\" rel=\"category tag\">Destacadas 2<\/a>","tag_info":"Destacadas 2","comment_count":"0","amp_enabled":true,"_links":{"self":[{"href":"https:\/\/experienciadevida.com.ar\/portalurbano\/wp-json\/wp\/v2\/posts\/136864"}],"collection":[{"href":"https:\/\/experienciadevida.com.ar\/portalurbano\/wp-json\/wp\/v2\/posts"}],"about":[{"href":"https:\/\/experienciadevida.com.ar\/portalurbano\/wp-json\/wp\/v2\/types\/post"}],"author":[{"embeddable":true,"href":"https:\/\/experienciadevida.com.ar\/portalurbano\/wp-json\/wp\/v2\/users\/1"}],"replies":[{"embeddable":true,"href":"https:\/\/experienciadevida.com.ar\/portalurbano\/wp-json\/wp\/v2\/comments?post=136864"}],"version-history":[{"count":3,"href":"https:\/\/experienciadevida.com.ar\/portalurbano\/wp-json\/wp\/v2\/posts\/136864\/revisions"}],"predecessor-version":[{"id":136874,"href":"https:\/\/experienciadevida.com.ar\/portalurbano\/wp-json\/wp\/v2\/posts\/136864\/revisions\/136874"}],"wp:featuredmedia":[{"embeddable":true,"href":"https:\/\/experienciadevida.com.ar\/portalurbano\/wp-json\/wp\/v2\/media\/136865"}],"wp:attachment":[{"href":"https:\/\/experienciadevida.com.ar\/portalurbano\/wp-json\/wp\/v2\/media?parent=136864"}],"wp:term":[{"taxonomy":"category","embeddable":true,"href":"https:\/\/experienciadevida.com.ar\/portalurbano\/wp-json\/wp\/v2\/categories?post=136864"},{"taxonomy":"post_tag","embeddable":true,"href":"https:\/\/experienciadevida.com.ar\/portalurbano\/wp-json\/wp\/v2\/tags?post=136864"}],"curies":[{"name":"wp","href":"https:\/\/api.w.org\/{rel}","templated":true}]}}