{"id":136842,"date":"2021-03-08T10:59:41","date_gmt":"2021-03-08T13:59:41","guid":{"rendered":"https:\/\/experienciadevida.com.ar\/portalurbano\/?p=136842"},"modified":"2021-03-08T11:03:07","modified_gmt":"2021-03-08T14:03:07","slug":"en-olavarria-dos-manifestaciones-por-el-dia-de-la-mujer-y-paro","status":"publish","type":"post","link":"https:\/\/experienciadevida.com.ar\/portalurbano\/en-olavarria-dos-manifestaciones-por-el-dia-de-la-mujer-y-paro\/","title":{"rendered":"En Olavarr\u00eda, dos manifestaciones por el D\u00eda de la Mujer y paro"},"content":{"rendered":"<p>En Olavarr\u00eda, dos manifestaciones por el D\u00eda de la Mujer y paro. Este lunes tanto la Asamblea Feminista como las agrupaciones del Frente de Todos convocan a movilizaciones en distintos horarios, pero lugares cercanos. Por otro lado, algunos sindicatos oficializan el llamado a la medida de fuerza que tiene car\u00e1cter internacional.<\/p>\n<p>Desde la Asamblea Feminista, m\u00e1s relacionada con agrupaciones de Izquierda, aclararon que son \u201cuna Asamblea Abierta, que se convoca espont\u00e1neamente cada vez que las circunstancias as\u00ed lo requieren y desde el a\u00f1o 2017, en particular para el armado de esta fecha que nos identifica a todes\u201d.<\/p>\n<p>Agregan que \u201cNo es nuestra intenci\u00f3n que haya dos marchas, no es el esp\u00edritu de esta Asamblea. Creemos que mover un aparato pol\u00edtico partidario para dividir la lucha es un triunfo del patriarcado\u201d.<\/p>\n<p>En este caso, las mujeres aqu\u00ed congregadas se reunir\u00e1n a las 17 horas en Brown y Belgrano, donde se dar\u00e1n varias actividades y para las 20 horas se anuncia la Marcha.<\/p>\n<p>Por el lado del Frente de Todos se llama a marchar a toda la comunidad en nombre de las trabajadoras. \u201cPorque todas, todes, todos somos imprescindibles para construir un mundo m\u00e1s igualitario, sin discriminaci\u00f3n y sin violencia\u201d.<\/p>\n<p>El momento elegido para la reuni\u00f3n es el de las 18 horas en el Paseo Jes\u00fas Mend\u00eda.<\/p>\n<p>M\u00e1s all\u00e1 de las manifestaciones, desde ATE y tambi\u00e9n Tribuna Docente Olavarr\u00eda (dentro de SUTEBA), invitan a sus afiliadas y a trabajadoras en general a adherirse al paro internacional de mujeres.<\/p>\n","protected":false},"excerpt":{"rendered":"<p>En Olavarr\u00eda, dos manifestaciones por el D\u00eda de la Mujer y paro. Este lunes tanto&#8230;<\/p>\n","protected":false},"author":1,"featured_media":136764,"comment_status":"closed","ping_status":"closed","sticky":false,"template":"","format":"standard","meta":{"content-type":""},"categories":[27,51],"tags":[],"nelio_content":{"isAutoShareEnabled":false,"autoShareEndMode":"default","automationSources":{"useContentSentences":true,"useSocialTemplates":true,"useCustomSentences":false,"customSentences":[]},"followers":[1],"suggestedReferences":[],"includedReferences":[],"efiUrl":"","efiAlt":"","highlights":[]},"yoast_head":"<!-- This site is optimized with the Yoast SEO plugin v20.7 - https:\/\/yoast.com\/wordpress\/plugins\/seo\/ -->\n<title>En Olavarr\u00eda, dos manifestaciones por el d\u00eda de la mujer y paro<\/title>\n<meta name=\"description\" content=\"En Olavarr\u00eda, dos manifestaciones por el D\u00eda de la Mujer y paro, convocan a movilizaciones en distintos horarios, pero lugares cercanos.\" \/>\n<meta name=\"robots\" content=\"index, follow, max-snippet:-1, max-image-preview:large, max-video-preview:-1\" \/>\n<link rel=\"canonical\" href=\"https:\/\/experienciadevida.com.ar\/portalurbano\/en-olavarria-dos-manifestaciones-por-el-dia-de-la-mujer-y-paro\/\" \/>\n<meta property=\"og:locale\" content=\"es_ES\" \/>\n<meta property=\"og:type\" content=\"article\" \/>\n<meta property=\"og:title\" content=\"En Olavarr\u00eda, dos manifestaciones por el d\u00eda de la mujer y paro\" \/>\n<meta property=\"og:description\" content=\"En Olavarr\u00eda, dos manifestaciones por el D\u00eda de la Mujer y paro, convocan a movilizaciones en distintos horarios, pero lugares cercanos.\" \/>\n<meta property=\"og:url\" content=\"https:\/\/experienciadevida.com.ar\/portalurbano\/en-olavarria-dos-manifestaciones-por-el-dia-de-la-mujer-y-paro\/\" \/>\n<meta property=\"article:publisher\" content=\"https:\/\/www.facebook.com\/Portal-Urbano-171542830093757\/\" \/>\n<meta property=\"article:published_time\" content=\"2021-03-08T13:59:41+00:00\" \/>\n<meta property=\"article:modified_time\" content=\"2021-03-08T14:03:07+00:00\" \/>\n<meta property=\"og:image\" content=\"https:\/\/experienciadevida.com.ar\/portalurbano\/wp-content\/uploads\/2021\/03\/Tribuna-docente-y-la-multicolor.jpeg\" \/>\n\t<meta property=\"og:image:width\" content=\"1280\" \/>\n\t<meta property=\"og:image:height\" content=\"1280\" \/>\n\t<meta property=\"og:image:type\" content=\"image\/jpeg\" \/>\n<meta name=\"author\" content=\"admpu17wp\" \/>\n<meta name=\"twitter:card\" content=\"summary_large_image\" \/>\n<meta name=\"twitter:creator\" content=\"@portalurbanook\" \/>\n<meta name=\"twitter:site\" content=\"@portalurbanook\" \/>\n<meta name=\"twitter:label1\" content=\"Escrito por\" \/>\n\t<meta name=\"twitter:data1\" content=\"admpu17wp\" \/>\n\t<meta name=\"twitter:label2\" content=\"Tiempo de lectura\" \/>\n\t<meta name=\"twitter:data2\" content=\"2 minutos\" \/>\n<script type=\"application\/ld+json\" class=\"yoast-schema-graph\">{\"@context\":\"https:\/\/schema.org\",\"@graph\":[{\"@type\":\"Article\",\"@id\":\"https:\/\/experienciadevida.com.ar\/portalurbano\/en-olavarria-dos-manifestaciones-por-el-dia-de-la-mujer-y-paro\/#article\",\"isPartOf\":{\"@id\":\"https:\/\/experienciadevida.com.ar\/portalurbano\/en-olavarria-dos-manifestaciones-por-el-dia-de-la-mujer-y-paro\/\"},\"author\":{\"name\":\"admpu17wp\",\"@id\":\"https:\/\/experienciadevida.com.ar\/portalurbano\/#\/schema\/person\/02dd326b1c4b056e9cc972486934a3a7\"},\"headline\":\"En Olavarr\u00eda, dos manifestaciones por el D\u00eda de la Mujer y paro\",\"datePublished\":\"2021-03-08T13:59:41+00:00\",\"dateModified\":\"2021-03-08T14:03:07+00:00\",\"mainEntityOfPage\":{\"@id\":\"https:\/\/experienciadevida.com.ar\/portalurbano\/en-olavarria-dos-manifestaciones-por-el-dia-de-la-mujer-y-paro\/\"},\"wordCount\":275,\"publisher\":{\"@id\":\"https:\/\/experienciadevida.com.ar\/portalurbano\/#organization\"},\"articleSection\":[\"Ciudad\",\"Destacadas\"],\"inLanguage\":\"es\"},{\"@type\":\"WebPage\",\"@id\":\"https:\/\/experienciadevida.com.ar\/portalurbano\/en-olavarria-dos-manifestaciones-por-el-dia-de-la-mujer-y-paro\/\",\"url\":\"https:\/\/experienciadevida.com.ar\/portalurbano\/en-olavarria-dos-manifestaciones-por-el-dia-de-la-mujer-y-paro\/\",\"name\":\"En Olavarr\u00eda, dos manifestaciones por el d\u00eda de la mujer y paro\",\"isPartOf\":{\"@id\":\"https:\/\/experienciadevida.com.ar\/portalurbano\/#website\"},\"datePublished\":\"2021-03-08T13:59:41+00:00\",\"dateModified\":\"2021-03-08T14:03:07+00:00\",\"description\":\"En Olavarr\u00eda, dos manifestaciones por el D\u00eda de la Mujer y paro, convocan a movilizaciones en distintos horarios, pero lugares cercanos.\",\"breadcrumb\":{\"@id\":\"https:\/\/experienciadevida.com.ar\/portalurbano\/en-olavarria-dos-manifestaciones-por-el-dia-de-la-mujer-y-paro\/#breadcrumb\"},\"inLanguage\":\"es\",\"potentialAction\":[{\"@type\":\"ReadAction\",\"target\":[\"https:\/\/experienciadevida.com.ar\/portalurbano\/en-olavarria-dos-manifestaciones-por-el-dia-de-la-mujer-y-paro\/\"]}]},{\"@type\":\"BreadcrumbList\",\"@id\":\"https:\/\/experienciadevida.com.ar\/portalurbano\/en-olavarria-dos-manifestaciones-por-el-dia-de-la-mujer-y-paro\/#breadcrumb\",\"itemListElement\":[{\"@type\":\"ListItem\",\"position\":1,\"name\":\"Portada\",\"item\":\"https:\/\/experienciadevida.com.ar\/portalurbano\/\"},{\"@type\":\"ListItem\",\"position\":2,\"name\":\"En Olavarr\u00eda, dos manifestaciones por el D\u00eda de la Mujer y paro\"}]},{\"@type\":\"WebSite\",\"@id\":\"https:\/\/experienciadevida.com.ar\/portalurbano\/#website\",\"url\":\"https:\/\/experienciadevida.com.ar\/portalurbano\/\",\"name\":\"\",\"description\":\"\",\"publisher\":{\"@id\":\"https:\/\/experienciadevida.com.ar\/portalurbano\/#organization\"},\"potentialAction\":[{\"@type\":\"SearchAction\",\"target\":{\"@type\":\"EntryPoint\",\"urlTemplate\":\"https:\/\/experienciadevida.com.ar\/portalurbano\/?s={search_term_string}\"},\"query-input\":\"required name=search_term_string\"}],\"inLanguage\":\"es\"},{\"@type\":\"Organization\",\"@id\":\"https:\/\/experienciadevida.com.ar\/portalurbano\/#organization\",\"name\":\"Portal Urbano\",\"url\":\"https:\/\/experienciadevida.com.ar\/portalurbano\/\",\"logo\":{\"@type\":\"ImageObject\",\"inLanguage\":\"es\",\"@id\":\"https:\/\/experienciadevida.com.ar\/portalurbano\/#\/schema\/logo\/image\/\",\"url\":\"https:\/\/experienciadevida.com.ar\/portalurbano\/wp-content\/uploads\/2019\/09\/Logo-Original.png\",\"contentUrl\":\"https:\/\/experienciadevida.com.ar\/portalurbano\/wp-content\/uploads\/2019\/09\/Logo-Original.png\",\"width\":2236,\"height\":1216,\"caption\":\"Portal Urbano\"},\"image\":{\"@id\":\"https:\/\/experienciadevida.com.ar\/portalurbano\/#\/schema\/logo\/image\/\"},\"sameAs\":[\"https:\/\/www.facebook.com\/Portal-Urbano-171542830093757\/\",\"https:\/\/twitter.com\/portalurbanook\",\"https:\/\/www.instagram.com\/_portalurbano\/\",\"https:\/\/www.youtube.com\/channel\/UCXhagIfszH8KxFiOok79zbA?view_as=subscriber\"]},{\"@type\":\"Person\",\"@id\":\"https:\/\/experienciadevida.com.ar\/portalurbano\/#\/schema\/person\/02dd326b1c4b056e9cc972486934a3a7\",\"name\":\"admpu17wp\",\"image\":{\"@type\":\"ImageObject\",\"inLanguage\":\"es\",\"@id\":\"https:\/\/experienciadevida.com.ar\/portalurbano\/#\/schema\/person\/image\/\",\"url\":\"https:\/\/secure.gravatar.com\/avatar\/830d4c57adaae6630765e449a6908047?s=96&d=mm&r=g\",\"contentUrl\":\"https:\/\/secure.gravatar.com\/avatar\/830d4c57adaae6630765e449a6908047?s=96&d=mm&r=g\",\"caption\":\"admpu17wp\"}}]}<\/script>\n<!-- \/ Yoast SEO plugin. -->","yoast_head_json":{"title":"En Olavarr\u00eda, dos manifestaciones por el d\u00eda de la mujer y paro","description":"En Olavarr\u00eda, dos manifestaciones por el D\u00eda de la Mujer y paro, convocan a movilizaciones en distintos horarios, pero lugares cercanos.","robots":{"index":"index","follow":"follow","max-snippet":"max-snippet:-1","max-image-preview":"max-image-preview:large","max-video-preview":"max-video-preview:-1"},"canonical":"https:\/\/experienciadevida.com.ar\/portalurbano\/en-olavarria-dos-manifestaciones-por-el-dia-de-la-mujer-y-paro\/","og_locale":"es_ES","og_type":"article","og_title":"En Olavarr\u00eda, dos manifestaciones por el d\u00eda de la mujer y paro","og_description":"En Olavarr\u00eda, dos manifestaciones por el D\u00eda de la Mujer y paro, convocan a movilizaciones en distintos horarios, pero lugares cercanos.","og_url":"https:\/\/experienciadevida.com.ar\/portalurbano\/en-olavarria-dos-manifestaciones-por-el-dia-de-la-mujer-y-paro\/","article_publisher":"https:\/\/www.facebook.com\/Portal-Urbano-171542830093757\/","article_published_time":"2021-03-08T13:59:41+00:00","article_modified_time":"2021-03-08T14:03:07+00:00","og_image":[{"width":1280,"height":1280,"url":"https:\/\/experienciadevida.com.ar\/portalurbano\/wp-content\/uploads\/2021\/03\/Tribuna-docente-y-la-multicolor.jpeg","type":"image\/jpeg"}],"author":"admpu17wp","twitter_card":"summary_large_image","twitter_creator":"@portalurbanook","twitter_site":"@portalurbanook","twitter_misc":{"Escrito por":"admpu17wp","Tiempo de lectura":"2 minutos"},"schema":{"@context":"https:\/\/schema.org","@graph":[{"@type":"Article","@id":"https:\/\/experienciadevida.com.ar\/portalurbano\/en-olavarria-dos-manifestaciones-por-el-dia-de-la-mujer-y-paro\/#article","isPartOf":{"@id":"https:\/\/experienciadevida.com.ar\/portalurbano\/en-olavarria-dos-manifestaciones-por-el-dia-de-la-mujer-y-paro\/"},"author":{"name":"admpu17wp","@id":"https:\/\/experienciadevida.com.ar\/portalurbano\/#\/schema\/person\/02dd326b1c4b056e9cc972486934a3a7"},"headline":"En Olavarr\u00eda, dos manifestaciones por el D\u00eda de la Mujer y paro","datePublished":"2021-03-08T13:59:41+00:00","dateModified":"2021-03-08T14:03:07+00:00","mainEntityOfPage":{"@id":"https:\/\/experienciadevida.com.ar\/portalurbano\/en-olavarria-dos-manifestaciones-por-el-dia-de-la-mujer-y-paro\/"},"wordCount":275,"publisher":{"@id":"https:\/\/experienciadevida.com.ar\/portalurbano\/#organization"},"articleSection":["Ciudad","Destacadas"],"inLanguage":"es"},{"@type":"WebPage","@id":"https:\/\/experienciadevida.com.ar\/portalurbano\/en-olavarria-dos-manifestaciones-por-el-dia-de-la-mujer-y-paro\/","url":"https:\/\/experienciadevida.com.ar\/portalurbano\/en-olavarria-dos-manifestaciones-por-el-dia-de-la-mujer-y-paro\/","name":"En Olavarr\u00eda, dos manifestaciones por el d\u00eda de la mujer y paro","isPartOf":{"@id":"https:\/\/experienciadevida.com.ar\/portalurbano\/#website"},"datePublished":"2021-03-08T13:59:41+00:00","dateModified":"2021-03-08T14:03:07+00:00","description":"En Olavarr\u00eda, dos manifestaciones por el D\u00eda de la Mujer y paro, convocan a movilizaciones en distintos horarios, pero lugares cercanos.","breadcrumb":{"@id":"https:\/\/experienciadevida.com.ar\/portalurbano\/en-olavarria-dos-manifestaciones-por-el-dia-de-la-mujer-y-paro\/#breadcrumb"},"inLanguage":"es","potentialAction":[{"@type":"ReadAction","target":["https:\/\/experienciadevida.com.ar\/portalurbano\/en-olavarria-dos-manifestaciones-por-el-dia-de-la-mujer-y-paro\/"]}]},{"@type":"BreadcrumbList","@id":"https:\/\/experienciadevida.com.ar\/portalurbano\/en-olavarria-dos-manifestaciones-por-el-dia-de-la-mujer-y-paro\/#breadcrumb","itemListElement":[{"@type":"ListItem","position":1,"name":"Portada","item":"https:\/\/experienciadevida.com.ar\/portalurbano\/"},{"@type":"ListItem","position":2,"name":"En Olavarr\u00eda, dos manifestaciones por el D\u00eda de la Mujer y paro"}]},{"@type":"WebSite","@id":"https:\/\/experienciadevida.com.ar\/portalurbano\/#website","url":"https:\/\/experienciadevida.com.ar\/portalurbano\/","name":"","description":"","publisher":{"@id":"https:\/\/experienciadevida.com.ar\/portalurbano\/#organization"},"potentialAction":[{"@type":"SearchAction","target":{"@type":"EntryPoint","urlTemplate":"https:\/\/experienciadevida.com.ar\/portalurbano\/?s={search_term_string}"},"query-input":"required name=search_term_string"}],"inLanguage":"es"},{"@type":"Organization","@id":"https:\/\/experienciadevida.com.ar\/portalurbano\/#organization","name":"Portal Urbano","url":"https:\/\/experienciadevida.com.ar\/portalurbano\/","logo":{"@type":"ImageObject","inLanguage":"es","@id":"https:\/\/experienciadevida.com.ar\/portalurbano\/#\/schema\/logo\/image\/","url":"https:\/\/experienciadevida.com.ar\/portalurbano\/wp-content\/uploads\/2019\/09\/Logo-Original.png","contentUrl":"https:\/\/experienciadevida.com.ar\/portalurbano\/wp-content\/uploads\/2019\/09\/Logo-Original.png","width":2236,"height":1216,"caption":"Portal Urbano"},"image":{"@id":"https:\/\/experienciadevida.com.ar\/portalurbano\/#\/schema\/logo\/image\/"},"sameAs":["https:\/\/www.facebook.com\/Portal-Urbano-171542830093757\/","https:\/\/twitter.com\/portalurbanook","https:\/\/www.instagram.com\/_portalurbano\/","https:\/\/www.youtube.com\/channel\/UCXhagIfszH8KxFiOok79zbA?view_as=subscriber"]},{"@type":"Person","@id":"https:\/\/experienciadevida.com.ar\/portalurbano\/#\/schema\/person\/02dd326b1c4b056e9cc972486934a3a7","name":"admpu17wp","image":{"@type":"ImageObject","inLanguage":"es","@id":"https:\/\/experienciadevida.com.ar\/portalurbano\/#\/schema\/person\/image\/","url":"https:\/\/secure.gravatar.com\/avatar\/830d4c57adaae6630765e449a6908047?s=96&d=mm&r=g","contentUrl":"https:\/\/secure.gravatar.com\/avatar\/830d4c57adaae6630765e449a6908047?s=96&d=mm&r=g","caption":"admpu17wp"}}]}},"featured_image_urls":{"full":["https:\/\/experienciadevida.com.ar\/portalurbano\/wp-content\/uploads\/2021\/03\/Tribuna-docente-y-la-multicolor.jpeg",1280,1280,false],"thumbnail":["https:\/\/experienciadevida.com.ar\/portalurbano\/wp-content\/uploads\/2021\/03\/Tribuna-docente-y-la-multicolor-150x150.jpeg",150,150,true],"medium":["https:\/\/experienciadevida.com.ar\/portalurbano\/wp-content\/uploads\/2021\/03\/Tribuna-docente-y-la-multicolor-300x300.jpeg",300,300,true],"medium_large":["https:\/\/experienciadevida.com.ar\/portalurbano\/wp-content\/uploads\/2021\/03\/Tribuna-docente-y-la-multicolor-768x768.jpeg",640,640,true],"large":["https:\/\/experienciadevida.com.ar\/portalurbano\/wp-content\/uploads\/2021\/03\/Tribuna-docente-y-la-multicolor-1024x1024.jpeg",640,640,true],"ug_big":["https:\/\/experienciadevida.com.ar\/portalurbano\/wp-content\/uploads\/2021\/03\/Tribuna-docente-y-la-multicolor-768x768.jpeg",768,768,true],"1536x1536":["https:\/\/experienciadevida.com.ar\/portalurbano\/wp-content\/uploads\/2021\/03\/Tribuna-docente-y-la-multicolor.jpeg",1280,1280,false],"2048x2048":["https:\/\/experienciadevida.com.ar\/portalurbano\/wp-content\/uploads\/2021\/03\/Tribuna-docente-y-la-multicolor.jpeg",1280,1280,false],"newsever-slider-full":["https:\/\/experienciadevida.com.ar\/portalurbano\/wp-content\/uploads\/2021\/03\/Tribuna-docente-y-la-multicolor.jpeg",845,845,false],"newsever-featured":["https:\/\/experienciadevida.com.ar\/portalurbano\/wp-content\/uploads\/2021\/03\/Tribuna-docente-y-la-multicolor.jpeg",1024,1024,false],"newsever-medium":["https:\/\/experienciadevida.com.ar\/portalurbano\/wp-content\/uploads\/2021\/03\/Tribuna-docente-y-la-multicolor.jpeg",475,475,false],"web-stories-poster-portrait":["https:\/\/experienciadevida.com.ar\/portalurbano\/wp-content\/uploads\/2021\/03\/Tribuna-docente-y-la-multicolor.jpeg",640,640,false],"web-stories-publisher-logo":["https:\/\/experienciadevida.com.ar\/portalurbano\/wp-content\/uploads\/2021\/03\/Tribuna-docente-y-la-multicolor.jpeg",96,96,false],"web-stories-thumbnail":["https:\/\/experienciadevida.com.ar\/portalurbano\/wp-content\/uploads\/2021\/03\/Tribuna-docente-y-la-multicolor.jpeg",150,150,false]},"author_info":{"display_name":"admpu17wp","author_link":"https:\/\/experienciadevida.com.ar\/portalurbano\/author\/admpu17wp\/"},"category_info":"<a href=\"https:\/\/experienciadevida.com.ar\/portalurbano\/category\/ciudad\/\" rel=\"category tag\">Ciudad<\/a> <a href=\"https:\/\/experienciadevida.com.ar\/portalurbano\/category\/destacadas\/\" rel=\"category tag\">Destacadas<\/a>","tag_info":"Destacadas","comment_count":"0","amp_enabled":true,"_links":{"self":[{"href":"https:\/\/experienciadevida.com.ar\/portalurbano\/wp-json\/wp\/v2\/posts\/136842"}],"collection":[{"href":"https:\/\/experienciadevida.com.ar\/portalurbano\/wp-json\/wp\/v2\/posts"}],"about":[{"href":"https:\/\/experienciadevida.com.ar\/portalurbano\/wp-json\/wp\/v2\/types\/post"}],"author":[{"embeddable":true,"href":"https:\/\/experienciadevida.com.ar\/portalurbano\/wp-json\/wp\/v2\/users\/1"}],"replies":[{"embeddable":true,"href":"https:\/\/experienciadevida.com.ar\/portalurbano\/wp-json\/wp\/v2\/comments?post=136842"}],"version-history":[{"count":3,"href":"https:\/\/experienciadevida.com.ar\/portalurbano\/wp-json\/wp\/v2\/posts\/136842\/revisions"}],"predecessor-version":[{"id":136846,"href":"https:\/\/experienciadevida.com.ar\/portalurbano\/wp-json\/wp\/v2\/posts\/136842\/revisions\/136846"}],"wp:featuredmedia":[{"embeddable":true,"href":"https:\/\/experienciadevida.com.ar\/portalurbano\/wp-json\/wp\/v2\/media\/136764"}],"wp:attachment":[{"href":"https:\/\/experienciadevida.com.ar\/portalurbano\/wp-json\/wp\/v2\/media?parent=136842"}],"wp:term":[{"taxonomy":"category","embeddable":true,"href":"https:\/\/experienciadevida.com.ar\/portalurbano\/wp-json\/wp\/v2\/categories?post=136842"},{"taxonomy":"post_tag","embeddable":true,"href":"https:\/\/experienciadevida.com.ar\/portalurbano\/wp-json\/wp\/v2\/tags?post=136842"}],"curies":[{"name":"wp","href":"https:\/\/api.w.org\/{rel}","templated":true}]}}