{"id":136839,"date":"2021-03-08T09:57:44","date_gmt":"2021-03-08T12:57:44","guid":{"rendered":"https:\/\/experienciadevida.com.ar\/portalurbano\/?p=136839"},"modified":"2021-03-08T10:01:02","modified_gmt":"2021-03-08T13:01:02","slug":"politicas-de-genero-conmemora-el-dia-internacional-de-la-mujer-con-diversas-propuestas","status":"publish","type":"post","link":"https:\/\/experienciadevida.com.ar\/portalurbano\/politicas-de-genero-conmemora-el-dia-internacional-de-la-mujer-con-diversas-propuestas\/","title":{"rendered":"Pol\u00edticas de G\u00e9nero conmemora el D\u00eda Internacional de la Mujer con diversas propuestas"},"content":{"rendered":"<p>Pol\u00edticas de G\u00e9nero conmemora el D\u00eda Internacional de la Mujer con diversas propuestas. El Municipio de Olavarr\u00eda a trav\u00e9s de la Direcci\u00f3n de Pol\u00edticas de G\u00e9nero informa las propuestas que desarrollar\u00e1n con motivo de conmemorarse el 8 de marzo el D\u00eda Internacional de la Mujer.<\/p>\n<p>Las mismas tienen el objetivo de visibilizar el trabajo de la Direcci\u00f3n, mediante la promoci\u00f3n de sus recursos institucionales de abordaje, promoci\u00f3n y capacitaci\u00f3n en materia de g\u00e9neros.<\/p>\n<p>Ley Micaela:<\/p>\n<p>Pol\u00edticas de g\u00e9nero conmemora el d\u00eda internacional de la mujer, en primer lugar se estipula el lanzamiento de una nueva edici\u00f3n de la Ley Micaela, esta vez destinada al personal de las Secretar\u00edas de Gobierno y de Desarrollo Econ\u00f3mico, con un alcance estimado de 300 personas.<\/p>\n<p>Este lanzamiento contar\u00e1 con el apoyo de N\u00e9stor \u00a8Yuyo\u00a8 Garc\u00eda, el pap\u00e1 de Micaela, quien dar\u00e1 una charla sobre el recorrido de la Ley Micaela y su aplicaci\u00f3n a nivel local, el mi\u00e9rcoles 10 a las 18 horas, mediante plataforma Zoom.<\/p>\n<p>La Ley Micaela establece la capacitaci\u00f3n obligatoria y permanente en materia de g\u00e9nero de todo el personal estatal de la gesti\u00f3n p\u00fablica en el marco de la Ordenanza Municipal 4406\/19 que as\u00ed lo reglamenta. Fue sancionada a fines de 2018 y el 21 de marzo de 2019 logr\u00f3 la adhesi\u00f3n de la provincia de Buenos Aires, con el acompa\u00f1amiento de todos los bloques pol\u00edticos, lo cual posibilit\u00f3 que desde nuestro Municipio pudi\u00e9semos implementarla de manera escalonada en las respectivas \u00e1reas de gobierno.<\/p>\n<p>Es fundamental que la totalidad del personal municipal pueda capacitarse en tem\u00e1ticas de g\u00e9nero para profesionalizar su pr\u00e1ctica y ofrecer un plus en el abordaje de situaciones complejas e intervenciones en contextos problem\u00e1ticos desde las infancias, adolescencias y desarrollo de las trayectorias adultas, raz\u00f3n por la cual, esta Ley es clave para garantizar la obligatoriedad de su implementaci\u00f3n a trav\u00e9s de los tres poderes que integran el Estado de la Provincia de Buenos Aires.<\/p>\n<p>Video Institucional<\/p>\n<p>Por otra parte, se prev\u00e9 el lanzamiento de un video institucional realizado por el equipo que visibiliza recursos estatales del circuito integral del abordaje de la violencia por motivos de g\u00e9nero.<\/p>\n<p>Capacitaci\u00f3n medios de comunicaci\u00f3n<\/p>\n<p>En este sentido, se anunciar\u00e1 la propuesta de capacitaci\u00f3n para medios de comunicaci\u00f3n que planific\u00f3 la Direcci\u00f3n de Pol\u00edticas de Genero en corresponsabilidad con la Mesa Local de Violencia Familiar y de G\u00e9nero para elaborar una estrategia comunicacional conjunta en vistas a un adecuado tratamiento informativo en los medios respecto de situaciones de violencia por razones de g\u00e9nero especialmente vinculadas con mujeres, y contra ni\u00f1os, ni\u00f1as y adolescentes, y\/o personas de la comunidad LGBTTTIQ+.<\/p>\n<p>Formaci\u00f3n del personal en g\u00e9neros desde su ingreso al Municipio<\/p>\n<p>Adem\u00e1s, se est\u00e1 trabajando en un proyecto de reglamentaci\u00f3n que estipula que las personas que de ahora en m\u00e1s ingresen en la repartici\u00f3n municipal deber\u00e1n tomar la capacitaci\u00f3n de la ley Micaela como requisito obligatorio para trabajar en el Municipio.<\/p>\n<p>Esto representa un gran avance para fortalecer y desarrollar la perspectiva de g\u00e9nero a nivel local, y definir desde el Ejecutivo el perfil del cuerpo de agentes que ingresar\u00e1 a desarrollar tareas en las respectivas \u00e1reas de gobierno.<\/p>\n<p>Conversatorio Presencial de Masculinidades: \u201cV\u00ednculos y Responsabilidad Afectiva\u201d \u2013<\/p>\n<p>Se desarrollar\u00e1 el d\u00eda mi\u00e9rcoles 17 de marzo a las 19 horas de manera presencial cumpliendo con el protocolo por COVID 19 en la sede del \u00c1rea de Masculinidades sita en calle Alsina 4180 (casi Rufino Fal).<\/p>\n<p>La actividad es gratuita y se invita a los varones a reflexionar y sensibilizar respecto a los modos de relacionarse que han aprendido en el proceso de socializaci\u00f3n y que reproduce un modo de masculinidad hegem\u00f3nica que impone una forma de relaci\u00f3n sexo afectiva que vulnera sus propios derechos y el de las dem\u00e1s personas.<\/p>\n<p>Por consultas e inscripciones pueden comunicarse al tel\u00e9fono 415141 y al mail institucional generomasculinidades@olavarria.gov.ar.<\/p>\n<p>&nbsp;<\/p>\n","protected":false},"excerpt":{"rendered":"<p>Pol\u00edticas de G\u00e9nero conmemora el D\u00eda Internacional de la Mujer con diversas propuestas. El Municipio&#8230;<\/p>\n","protected":false},"author":1,"featured_media":0,"comment_status":"closed","ping_status":"closed","sticky":false,"template":"","format":"standard","meta":{"content-type":""},"categories":[27,64],"tags":[],"nelio_content":{"isAutoShareEnabled":false,"autoShareEndMode":"default","automationSources":{"useContentSentences":true,"useSocialTemplates":true,"useCustomSentences":false,"customSentences":[]},"followers":[1],"suggestedReferences":[],"includedReferences":[],"efiUrl":"","efiAlt":"","highlights":[]},"yoast_head":"<!-- This site is optimized with the Yoast SEO plugin v20.7 - https:\/\/yoast.com\/wordpress\/plugins\/seo\/ -->\n<title>Pol\u00edticas de g\u00e9nero conmemora el d\u00eda internacional de la mujer<\/title>\n<meta name=\"description\" content=\"Pol\u00edticas de G\u00e9nero conmemora el D\u00eda Internacional de la Mujer con diversas propuestas, las mismas se har\u00e1n este lunes 8 de marzo.\" \/>\n<meta name=\"robots\" content=\"index, follow, max-snippet:-1, max-image-preview:large, max-video-preview:-1\" \/>\n<link rel=\"canonical\" href=\"https:\/\/experienciadevida.com.ar\/portalurbano\/politicas-de-genero-conmemora-el-dia-internacional-de-la-mujer-con-diversas-propuestas\/\" \/>\n<meta property=\"og:locale\" content=\"es_ES\" \/>\n<meta property=\"og:type\" content=\"article\" \/>\n<meta property=\"og:title\" content=\"Pol\u00edticas de g\u00e9nero conmemora el d\u00eda internacional de la mujer\" \/>\n<meta property=\"og:description\" content=\"Pol\u00edticas de G\u00e9nero conmemora el D\u00eda Internacional de la Mujer con diversas propuestas, las mismas se har\u00e1n este lunes 8 de marzo.\" \/>\n<meta property=\"og:url\" content=\"https:\/\/experienciadevida.com.ar\/portalurbano\/politicas-de-genero-conmemora-el-dia-internacional-de-la-mujer-con-diversas-propuestas\/\" \/>\n<meta property=\"article:publisher\" content=\"https:\/\/www.facebook.com\/Portal-Urbano-171542830093757\/\" \/>\n<meta property=\"article:published_time\" content=\"2021-03-08T12:57:44+00:00\" \/>\n<meta property=\"article:modified_time\" content=\"2021-03-08T13:01:02+00:00\" \/>\n<meta property=\"og:image\" content=\"https:\/\/experienciadevida.com.ar\/portalurbano\/wp-content\/uploads\/2018\/12\/Fachada-Municipalidad-1-1024x682-2-e1545914412416.jpg\" \/>\n\t<meta property=\"og:image:width\" content=\"800\" \/>\n\t<meta property=\"og:image:height\" content=\"533\" \/>\n\t<meta property=\"og:image:type\" content=\"image\/jpeg\" \/>\n<meta name=\"author\" content=\"admpu17wp\" \/>\n<meta name=\"twitter:card\" content=\"summary_large_image\" \/>\n<meta name=\"twitter:creator\" content=\"@portalurbanook\" \/>\n<meta name=\"twitter:site\" content=\"@portalurbanook\" \/>\n<meta name=\"twitter:label1\" content=\"Escrito por\" \/>\n\t<meta name=\"twitter:data1\" content=\"admpu17wp\" \/>\n\t<meta name=\"twitter:label2\" content=\"Tiempo de lectura\" \/>\n\t<meta name=\"twitter:data2\" content=\"3 minutos\" \/>\n<script type=\"application\/ld+json\" class=\"yoast-schema-graph\">{\"@context\":\"https:\/\/schema.org\",\"@graph\":[{\"@type\":\"Article\",\"@id\":\"https:\/\/experienciadevida.com.ar\/portalurbano\/politicas-de-genero-conmemora-el-dia-internacional-de-la-mujer-con-diversas-propuestas\/#article\",\"isPartOf\":{\"@id\":\"https:\/\/experienciadevida.com.ar\/portalurbano\/politicas-de-genero-conmemora-el-dia-internacional-de-la-mujer-con-diversas-propuestas\/\"},\"author\":{\"name\":\"admpu17wp\",\"@id\":\"https:\/\/experienciadevida.com.ar\/portalurbano\/#\/schema\/person\/02dd326b1c4b056e9cc972486934a3a7\"},\"headline\":\"Pol\u00edticas de G\u00e9nero conmemora el D\u00eda Internacional de la Mujer con diversas propuestas\",\"datePublished\":\"2021-03-08T12:57:44+00:00\",\"dateModified\":\"2021-03-08T13:01:02+00:00\",\"mainEntityOfPage\":{\"@id\":\"https:\/\/experienciadevida.com.ar\/portalurbano\/politicas-de-genero-conmemora-el-dia-internacional-de-la-mujer-con-diversas-propuestas\/\"},\"wordCount\":707,\"publisher\":{\"@id\":\"https:\/\/experienciadevida.com.ar\/portalurbano\/#organization\"},\"articleSection\":[\"Ciudad\",\"Destacadas 2\"],\"inLanguage\":\"es\"},{\"@type\":\"WebPage\",\"@id\":\"https:\/\/experienciadevida.com.ar\/portalurbano\/politicas-de-genero-conmemora-el-dia-internacional-de-la-mujer-con-diversas-propuestas\/\",\"url\":\"https:\/\/experienciadevida.com.ar\/portalurbano\/politicas-de-genero-conmemora-el-dia-internacional-de-la-mujer-con-diversas-propuestas\/\",\"name\":\"Pol\u00edticas de g\u00e9nero conmemora el d\u00eda internacional de la mujer\",\"isPartOf\":{\"@id\":\"https:\/\/experienciadevida.com.ar\/portalurbano\/#website\"},\"datePublished\":\"2021-03-08T12:57:44+00:00\",\"dateModified\":\"2021-03-08T13:01:02+00:00\",\"description\":\"Pol\u00edticas de G\u00e9nero conmemora el D\u00eda Internacional de la Mujer con diversas propuestas, las mismas se har\u00e1n este lunes 8 de marzo.\",\"breadcrumb\":{\"@id\":\"https:\/\/experienciadevida.com.ar\/portalurbano\/politicas-de-genero-conmemora-el-dia-internacional-de-la-mujer-con-diversas-propuestas\/#breadcrumb\"},\"inLanguage\":\"es\",\"potentialAction\":[{\"@type\":\"ReadAction\",\"target\":[\"https:\/\/experienciadevida.com.ar\/portalurbano\/politicas-de-genero-conmemora-el-dia-internacional-de-la-mujer-con-diversas-propuestas\/\"]}]},{\"@type\":\"BreadcrumbList\",\"@id\":\"https:\/\/experienciadevida.com.ar\/portalurbano\/politicas-de-genero-conmemora-el-dia-internacional-de-la-mujer-con-diversas-propuestas\/#breadcrumb\",\"itemListElement\":[{\"@type\":\"ListItem\",\"position\":1,\"name\":\"Portada\",\"item\":\"https:\/\/experienciadevida.com.ar\/portalurbano\/\"},{\"@type\":\"ListItem\",\"position\":2,\"name\":\"Pol\u00edticas de G\u00e9nero conmemora el D\u00eda Internacional de la Mujer con diversas propuestas\"}]},{\"@type\":\"WebSite\",\"@id\":\"https:\/\/experienciadevida.com.ar\/portalurbano\/#website\",\"url\":\"https:\/\/experienciadevida.com.ar\/portalurbano\/\",\"name\":\"\",\"description\":\"\",\"publisher\":{\"@id\":\"https:\/\/experienciadevida.com.ar\/portalurbano\/#organization\"},\"potentialAction\":[{\"@type\":\"SearchAction\",\"target\":{\"@type\":\"EntryPoint\",\"urlTemplate\":\"https:\/\/experienciadevida.com.ar\/portalurbano\/?s={search_term_string}\"},\"query-input\":\"required name=search_term_string\"}],\"inLanguage\":\"es\"},{\"@type\":\"Organization\",\"@id\":\"https:\/\/experienciadevida.com.ar\/portalurbano\/#organization\",\"name\":\"Portal Urbano\",\"url\":\"https:\/\/experienciadevida.com.ar\/portalurbano\/\",\"logo\":{\"@type\":\"ImageObject\",\"inLanguage\":\"es\",\"@id\":\"https:\/\/experienciadevida.com.ar\/portalurbano\/#\/schema\/logo\/image\/\",\"url\":\"https:\/\/experienciadevida.com.ar\/portalurbano\/wp-content\/uploads\/2019\/09\/Logo-Original.png\",\"contentUrl\":\"https:\/\/experienciadevida.com.ar\/portalurbano\/wp-content\/uploads\/2019\/09\/Logo-Original.png\",\"width\":2236,\"height\":1216,\"caption\":\"Portal Urbano\"},\"image\":{\"@id\":\"https:\/\/experienciadevida.com.ar\/portalurbano\/#\/schema\/logo\/image\/\"},\"sameAs\":[\"https:\/\/www.facebook.com\/Portal-Urbano-171542830093757\/\",\"https:\/\/twitter.com\/portalurbanook\",\"https:\/\/www.instagram.com\/_portalurbano\/\",\"https:\/\/www.youtube.com\/channel\/UCXhagIfszH8KxFiOok79zbA?view_as=subscriber\"]},{\"@type\":\"Person\",\"@id\":\"https:\/\/experienciadevida.com.ar\/portalurbano\/#\/schema\/person\/02dd326b1c4b056e9cc972486934a3a7\",\"name\":\"admpu17wp\",\"image\":{\"@type\":\"ImageObject\",\"inLanguage\":\"es\",\"@id\":\"https:\/\/experienciadevida.com.ar\/portalurbano\/#\/schema\/person\/image\/\",\"url\":\"https:\/\/secure.gravatar.com\/avatar\/830d4c57adaae6630765e449a6908047?s=96&d=mm&r=g\",\"contentUrl\":\"https:\/\/secure.gravatar.com\/avatar\/830d4c57adaae6630765e449a6908047?s=96&d=mm&r=g\",\"caption\":\"admpu17wp\"}}]}<\/script>\n<!-- \/ Yoast SEO plugin. -->","yoast_head_json":{"title":"Pol\u00edticas de g\u00e9nero conmemora el d\u00eda internacional de la mujer","description":"Pol\u00edticas de G\u00e9nero conmemora el D\u00eda Internacional de la Mujer con diversas propuestas, las mismas se har\u00e1n este lunes 8 de marzo.","robots":{"index":"index","follow":"follow","max-snippet":"max-snippet:-1","max-image-preview":"max-image-preview:large","max-video-preview":"max-video-preview:-1"},"canonical":"https:\/\/experienciadevida.com.ar\/portalurbano\/politicas-de-genero-conmemora-el-dia-internacional-de-la-mujer-con-diversas-propuestas\/","og_locale":"es_ES","og_type":"article","og_title":"Pol\u00edticas de g\u00e9nero conmemora el d\u00eda internacional de la mujer","og_description":"Pol\u00edticas de G\u00e9nero conmemora el D\u00eda Internacional de la Mujer con diversas propuestas, las mismas se har\u00e1n este lunes 8 de marzo.","og_url":"https:\/\/experienciadevida.com.ar\/portalurbano\/politicas-de-genero-conmemora-el-dia-internacional-de-la-mujer-con-diversas-propuestas\/","article_publisher":"https:\/\/www.facebook.com\/Portal-Urbano-171542830093757\/","article_published_time":"2021-03-08T12:57:44+00:00","article_modified_time":"2021-03-08T13:01:02+00:00","og_image":[{"width":800,"height":533,"url":"https:\/\/experienciadevida.com.ar\/portalurbano\/wp-content\/uploads\/2018\/12\/Fachada-Municipalidad-1-1024x682-2-e1545914412416.jpg","type":"image\/jpeg"}],"author":"admpu17wp","twitter_card":"summary_large_image","twitter_creator":"@portalurbanook","twitter_site":"@portalurbanook","twitter_misc":{"Escrito por":"admpu17wp","Tiempo de lectura":"3 minutos"},"schema":{"@context":"https:\/\/schema.org","@graph":[{"@type":"Article","@id":"https:\/\/experienciadevida.com.ar\/portalurbano\/politicas-de-genero-conmemora-el-dia-internacional-de-la-mujer-con-diversas-propuestas\/#article","isPartOf":{"@id":"https:\/\/experienciadevida.com.ar\/portalurbano\/politicas-de-genero-conmemora-el-dia-internacional-de-la-mujer-con-diversas-propuestas\/"},"author":{"name":"admpu17wp","@id":"https:\/\/experienciadevida.com.ar\/portalurbano\/#\/schema\/person\/02dd326b1c4b056e9cc972486934a3a7"},"headline":"Pol\u00edticas de G\u00e9nero conmemora el D\u00eda Internacional de la Mujer con diversas propuestas","datePublished":"2021-03-08T12:57:44+00:00","dateModified":"2021-03-08T13:01:02+00:00","mainEntityOfPage":{"@id":"https:\/\/experienciadevida.com.ar\/portalurbano\/politicas-de-genero-conmemora-el-dia-internacional-de-la-mujer-con-diversas-propuestas\/"},"wordCount":707,"publisher":{"@id":"https:\/\/experienciadevida.com.ar\/portalurbano\/#organization"},"articleSection":["Ciudad","Destacadas 2"],"inLanguage":"es"},{"@type":"WebPage","@id":"https:\/\/experienciadevida.com.ar\/portalurbano\/politicas-de-genero-conmemora-el-dia-internacional-de-la-mujer-con-diversas-propuestas\/","url":"https:\/\/experienciadevida.com.ar\/portalurbano\/politicas-de-genero-conmemora-el-dia-internacional-de-la-mujer-con-diversas-propuestas\/","name":"Pol\u00edticas de g\u00e9nero conmemora el d\u00eda internacional de la mujer","isPartOf":{"@id":"https:\/\/experienciadevida.com.ar\/portalurbano\/#website"},"datePublished":"2021-03-08T12:57:44+00:00","dateModified":"2021-03-08T13:01:02+00:00","description":"Pol\u00edticas de G\u00e9nero conmemora el D\u00eda Internacional de la Mujer con diversas propuestas, las mismas se har\u00e1n este lunes 8 de marzo.","breadcrumb":{"@id":"https:\/\/experienciadevida.com.ar\/portalurbano\/politicas-de-genero-conmemora-el-dia-internacional-de-la-mujer-con-diversas-propuestas\/#breadcrumb"},"inLanguage":"es","potentialAction":[{"@type":"ReadAction","target":["https:\/\/experienciadevida.com.ar\/portalurbano\/politicas-de-genero-conmemora-el-dia-internacional-de-la-mujer-con-diversas-propuestas\/"]}]},{"@type":"BreadcrumbList","@id":"https:\/\/experienciadevida.com.ar\/portalurbano\/politicas-de-genero-conmemora-el-dia-internacional-de-la-mujer-con-diversas-propuestas\/#breadcrumb","itemListElement":[{"@type":"ListItem","position":1,"name":"Portada","item":"https:\/\/experienciadevida.com.ar\/portalurbano\/"},{"@type":"ListItem","position":2,"name":"Pol\u00edticas de G\u00e9nero conmemora el D\u00eda Internacional de la Mujer con diversas propuestas"}]},{"@type":"WebSite","@id":"https:\/\/experienciadevida.com.ar\/portalurbano\/#website","url":"https:\/\/experienciadevida.com.ar\/portalurbano\/","name":"","description":"","publisher":{"@id":"https:\/\/experienciadevida.com.ar\/portalurbano\/#organization"},"potentialAction":[{"@type":"SearchAction","target":{"@type":"EntryPoint","urlTemplate":"https:\/\/experienciadevida.com.ar\/portalurbano\/?s={search_term_string}"},"query-input":"required name=search_term_string"}],"inLanguage":"es"},{"@type":"Organization","@id":"https:\/\/experienciadevida.com.ar\/portalurbano\/#organization","name":"Portal Urbano","url":"https:\/\/experienciadevida.com.ar\/portalurbano\/","logo":{"@type":"ImageObject","inLanguage":"es","@id":"https:\/\/experienciadevida.com.ar\/portalurbano\/#\/schema\/logo\/image\/","url":"https:\/\/experienciadevida.com.ar\/portalurbano\/wp-content\/uploads\/2019\/09\/Logo-Original.png","contentUrl":"https:\/\/experienciadevida.com.ar\/portalurbano\/wp-content\/uploads\/2019\/09\/Logo-Original.png","width":2236,"height":1216,"caption":"Portal Urbano"},"image":{"@id":"https:\/\/experienciadevida.com.ar\/portalurbano\/#\/schema\/logo\/image\/"},"sameAs":["https:\/\/www.facebook.com\/Portal-Urbano-171542830093757\/","https:\/\/twitter.com\/portalurbanook","https:\/\/www.instagram.com\/_portalurbano\/","https:\/\/www.youtube.com\/channel\/UCXhagIfszH8KxFiOok79zbA?view_as=subscriber"]},{"@type":"Person","@id":"https:\/\/experienciadevida.com.ar\/portalurbano\/#\/schema\/person\/02dd326b1c4b056e9cc972486934a3a7","name":"admpu17wp","image":{"@type":"ImageObject","inLanguage":"es","@id":"https:\/\/experienciadevida.com.ar\/portalurbano\/#\/schema\/person\/image\/","url":"https:\/\/secure.gravatar.com\/avatar\/830d4c57adaae6630765e449a6908047?s=96&d=mm&r=g","contentUrl":"https:\/\/secure.gravatar.com\/avatar\/830d4c57adaae6630765e449a6908047?s=96&d=mm&r=g","caption":"admpu17wp"}}]}},"featured_image_urls":{"full":"","thumbnail":"","medium":"","medium_large":"","large":"","ug_big":"","1536x1536":"","2048x2048":"","newsever-slider-full":"","newsever-featured":"","newsever-medium":"","web-stories-poster-portrait":"","web-stories-publisher-logo":"","web-stories-thumbnail":""},"author_info":{"display_name":"admpu17wp","author_link":"https:\/\/experienciadevida.com.ar\/portalurbano\/author\/admpu17wp\/"},"category_info":"<a href=\"https:\/\/experienciadevida.com.ar\/portalurbano\/category\/ciudad\/\" rel=\"category tag\">Ciudad<\/a> <a href=\"https:\/\/experienciadevida.com.ar\/portalurbano\/category\/destacadas-2\/\" rel=\"category tag\">Destacadas 2<\/a>","tag_info":"Destacadas 2","comment_count":"0","amp_enabled":true,"_links":{"self":[{"href":"https:\/\/experienciadevida.com.ar\/portalurbano\/wp-json\/wp\/v2\/posts\/136839"}],"collection":[{"href":"https:\/\/experienciadevida.com.ar\/portalurbano\/wp-json\/wp\/v2\/posts"}],"about":[{"href":"https:\/\/experienciadevida.com.ar\/portalurbano\/wp-json\/wp\/v2\/types\/post"}],"author":[{"embeddable":true,"href":"https:\/\/experienciadevida.com.ar\/portalurbano\/wp-json\/wp\/v2\/users\/1"}],"replies":[{"embeddable":true,"href":"https:\/\/experienciadevida.com.ar\/portalurbano\/wp-json\/wp\/v2\/comments?post=136839"}],"version-history":[{"count":2,"href":"https:\/\/experienciadevida.com.ar\/portalurbano\/wp-json\/wp\/v2\/posts\/136839\/revisions"}],"predecessor-version":[{"id":136841,"href":"https:\/\/experienciadevida.com.ar\/portalurbano\/wp-json\/wp\/v2\/posts\/136839\/revisions\/136841"}],"wp:attachment":[{"href":"https:\/\/experienciadevida.com.ar\/portalurbano\/wp-json\/wp\/v2\/media?parent=136839"}],"wp:term":[{"taxonomy":"category","embeddable":true,"href":"https:\/\/experienciadevida.com.ar\/portalurbano\/wp-json\/wp\/v2\/categories?post=136839"},{"taxonomy":"post_tag","embeddable":true,"href":"https:\/\/experienciadevida.com.ar\/portalurbano\/wp-json\/wp\/v2\/tags?post=136839"}],"curies":[{"name":"wp","href":"https:\/\/api.w.org\/{rel}","templated":true}]}}