{"id":136788,"date":"2021-03-07T12:43:46","date_gmt":"2021-03-07T15:43:46","guid":{"rendered":"https:\/\/experienciadevida.com.ar\/portalurbano\/?p=136788"},"modified":"2021-03-07T12:46:50","modified_gmt":"2021-03-07T15:46:50","slug":"madame-lu-sonamos-con-una-sociedad-mas-justa-y-diversa-para-todos","status":"publish","type":"post","link":"https:\/\/experienciadevida.com.ar\/portalurbano\/madame-lu-sonamos-con-una-sociedad-mas-justa-y-diversa-para-todos\/","title":{"rendered":"Madame L\u00fa: &#8220;so\u00f1amos con una sociedad m\u00e1s justa y diversa para todos&#8221;"},"content":{"rendered":"<p>Madame L\u00fa: &#8220;so\u00f1amos con una sociedad m\u00e1s justa y diversa para todos&#8221;. Este lunes 8 de marzo es el d\u00eda internacional de la mujer, denominado de la mujer trabajadora, que se conmemora la lucha de la mujer por su participaci\u00f3n dentro de la sociedad. Es por esto, que Madame L\u00fa emiti\u00f3 un comunicado acerca de esta fecha tan especial.<\/p>\n<p><em>&#8220;Cuando es tan dif\u00edcil de pensar lo que estamos viviendo, familias destruidas,hijos desamparados y un pa\u00eds que pide a gritos las medidas concretas que terminen con esta locura, seguimos luchando teniendo la misma ilusi\u00f3n y necesidad que las dem\u00e1s mujeres,porque so\u00f1amos con una sociedad m\u00e1s justa y diversa para todos. Pensando a la vez que somos v\u00edctimas de una discriminaci\u00f3n Machista&#8230;teniendo las mismas razones para luchar por la plena igualdad&#8221;.<\/em><\/p>\n<p>Por otro lado Madame L\u00fa coment\u00f3 &#8220;<em>\u00bfSaben una cosa? A nosotras las personas travestis\/trans tambi\u00e9n nos Violentan,nos hostigan y lo que es a\u00fan peor nos matan, si as\u00ed como se lee! Haci\u00e9ndonos sentir esa desigualdad generada por el patriarcado. La lucha sigue y para que de una vez por todas acabemos con esto! Mi pregunta es hasta cu\u00e1ndo?&#8230; <\/em><em>A\u00fan as\u00ed seguimos sufriendo la Discriminaci\u00f3n de vernos no reconocidas por parte de la sociedad que nos sigue viendo c\u00f3mo &#8220;Personas raras&#8221; poniendo en duda nuestra Identidad y Aspecto&#8221;.<\/em><\/p>\n<p><em>&#8220;No hay peor violencia patriarcal que cuestionar la identidad de g\u00e9nero&#8221; Y como si fuera poco en el \u00e1mbito laboral tambi\u00e9n sufrimos la misma Discriminaci\u00f3n, sinti\u00e9ndonos excluidas y rechazadas de puestos de trabajo por el echo de pertenecer a este colectivo. Un colectivo que nos abraza y nos protege de toda la Volencia que sufrimos a diario,dependiendo de un cupo laboral para poder tener la seguridad de un trabajo donde podamos tener una obra social y aportes jubilatarios&#8221;,\u00a0<\/em>expres\u00f3 Madame L\u00fa.<\/p>\n<p>Al finalizar expres\u00f3 <em>&#8220;con l\u00e1grimas en los ojos y la frente en alto continuamos caminando porque sabemos que no le hacemos mal a nadie y porque somos parte de este mundo&#8230; Por eso s\u00ed hablamos de Feminismo tambi\u00e9n hablemos de Nosotras porque tambi\u00e9n estamos presentes! &#8220;O somos libres todas,o no somos libres ninguna&#8221; Vamos a seguir Visibilizandonos y denunciando las violencias que sufrimos como consecuencia de el Machismo y la Trans y Homofobia&#8221;.<\/em><\/p>\n<p><em>&#8220;Para seguir Reivindicando nuestros derechos junto a lesbianas y Bisexuales,todos juntos, levantaremos nuestras voces porque si de algo estamos seguros es que no nos callamos m\u00e1s! Porque estamos m\u00e1s firmes que nunca! Y porque &#8221; si tocan a una tocan a todas.&#8221;<\/em><\/p>\n","protected":false},"excerpt":{"rendered":"<p>Madame L\u00fa: &#8220;so\u00f1amos con una sociedad m\u00e1s justa y diversa para todos&#8221;. Este lunes 8&#8230;<\/p>\n","protected":false},"author":1,"featured_media":136789,"comment_status":"closed","ping_status":"closed","sticky":false,"template":"","format":"standard","meta":{"content-type":""},"categories":[27,64],"tags":[],"nelio_content":{"isAutoShareEnabled":false,"autoShareEndMode":"default","automationSources":{"useContentSentences":true,"useSocialTemplates":true,"useCustomSentences":false,"customSentences":[]},"followers":[1],"suggestedReferences":[],"includedReferences":[],"efiUrl":"","efiAlt":"","highlights":[]},"yoast_head":"<!-- This site is optimized with the Yoast SEO plugin v20.7 - https:\/\/yoast.com\/wordpress\/plugins\/seo\/ -->\n<title>Madame L\u00fa: &quot;So\u00f1amos con una sociedad m\u00e1s justa y diversa para todos&quot;<\/title>\n<meta name=\"description\" content=\"Madame L\u00fa: &quot;so\u00f1amos con una sociedad m\u00e1s justa y diversa para todos&quot;, as\u00ed lo dijo en un comunicado por el d\u00eda de la mujer este lunes.\" \/>\n<meta name=\"robots\" content=\"index, follow, max-snippet:-1, max-image-preview:large, max-video-preview:-1\" \/>\n<link rel=\"canonical\" href=\"https:\/\/experienciadevida.com.ar\/portalurbano\/madame-lu-sonamos-con-una-sociedad-mas-justa-y-diversa-para-todos\/\" \/>\n<meta property=\"og:locale\" content=\"es_ES\" \/>\n<meta property=\"og:type\" content=\"article\" \/>\n<meta property=\"og:title\" content=\"Madame L\u00fa: &quot;So\u00f1amos con una sociedad m\u00e1s justa y diversa para todos&quot;\" \/>\n<meta property=\"og:description\" content=\"Madame L\u00fa: &quot;so\u00f1amos con una sociedad m\u00e1s justa y diversa para todos&quot;, as\u00ed lo dijo en un comunicado por el d\u00eda de la mujer este lunes.\" \/>\n<meta property=\"og:url\" content=\"https:\/\/experienciadevida.com.ar\/portalurbano\/madame-lu-sonamos-con-una-sociedad-mas-justa-y-diversa-para-todos\/\" \/>\n<meta property=\"article:publisher\" content=\"https:\/\/www.facebook.com\/Portal-Urbano-171542830093757\/\" \/>\n<meta property=\"article:published_time\" content=\"2021-03-07T15:43:46+00:00\" \/>\n<meta property=\"article:modified_time\" content=\"2021-03-07T15:46:50+00:00\" \/>\n<meta property=\"og:image\" content=\"https:\/\/experienciadevida.com.ar\/portalurbano\/wp-content\/uploads\/2021\/03\/Madame-Lu.jpg\" \/>\n\t<meta property=\"og:image:width\" content=\"765\" \/>\n\t<meta property=\"og:image:height\" content=\"510\" \/>\n\t<meta property=\"og:image:type\" content=\"image\/jpeg\" \/>\n<meta name=\"author\" content=\"admpu17wp\" \/>\n<meta name=\"twitter:card\" content=\"summary_large_image\" \/>\n<meta name=\"twitter:creator\" content=\"@portalurbanook\" \/>\n<meta name=\"twitter:site\" content=\"@portalurbanook\" \/>\n<meta name=\"twitter:label1\" content=\"Escrito por\" \/>\n\t<meta name=\"twitter:data1\" content=\"admpu17wp\" \/>\n\t<meta name=\"twitter:label2\" content=\"Tiempo de lectura\" \/>\n\t<meta name=\"twitter:data2\" content=\"2 minutos\" \/>\n<script type=\"application\/ld+json\" class=\"yoast-schema-graph\">{\"@context\":\"https:\/\/schema.org\",\"@graph\":[{\"@type\":\"Article\",\"@id\":\"https:\/\/experienciadevida.com.ar\/portalurbano\/madame-lu-sonamos-con-una-sociedad-mas-justa-y-diversa-para-todos\/#article\",\"isPartOf\":{\"@id\":\"https:\/\/experienciadevida.com.ar\/portalurbano\/madame-lu-sonamos-con-una-sociedad-mas-justa-y-diversa-para-todos\/\"},\"author\":{\"name\":\"admpu17wp\",\"@id\":\"https:\/\/experienciadevida.com.ar\/portalurbano\/#\/schema\/person\/02dd326b1c4b056e9cc972486934a3a7\"},\"headline\":\"Madame L\u00fa: &#8220;so\u00f1amos con una sociedad m\u00e1s justa y diversa para todos&#8221;\",\"datePublished\":\"2021-03-07T15:43:46+00:00\",\"dateModified\":\"2021-03-07T15:46:50+00:00\",\"mainEntityOfPage\":{\"@id\":\"https:\/\/experienciadevida.com.ar\/portalurbano\/madame-lu-sonamos-con-una-sociedad-mas-justa-y-diversa-para-todos\/\"},\"wordCount\":460,\"publisher\":{\"@id\":\"https:\/\/experienciadevida.com.ar\/portalurbano\/#organization\"},\"articleSection\":[\"Ciudad\",\"Destacadas 2\"],\"inLanguage\":\"es\"},{\"@type\":\"WebPage\",\"@id\":\"https:\/\/experienciadevida.com.ar\/portalurbano\/madame-lu-sonamos-con-una-sociedad-mas-justa-y-diversa-para-todos\/\",\"url\":\"https:\/\/experienciadevida.com.ar\/portalurbano\/madame-lu-sonamos-con-una-sociedad-mas-justa-y-diversa-para-todos\/\",\"name\":\"Madame L\u00fa: \\\"So\u00f1amos con una sociedad m\u00e1s justa y diversa para todos\\\"\",\"isPartOf\":{\"@id\":\"https:\/\/experienciadevida.com.ar\/portalurbano\/#website\"},\"datePublished\":\"2021-03-07T15:43:46+00:00\",\"dateModified\":\"2021-03-07T15:46:50+00:00\",\"description\":\"Madame L\u00fa: \\\"so\u00f1amos con una sociedad m\u00e1s justa y diversa para todos\\\", as\u00ed lo dijo en un comunicado por el d\u00eda de la mujer este lunes.\",\"breadcrumb\":{\"@id\":\"https:\/\/experienciadevida.com.ar\/portalurbano\/madame-lu-sonamos-con-una-sociedad-mas-justa-y-diversa-para-todos\/#breadcrumb\"},\"inLanguage\":\"es\",\"potentialAction\":[{\"@type\":\"ReadAction\",\"target\":[\"https:\/\/experienciadevida.com.ar\/portalurbano\/madame-lu-sonamos-con-una-sociedad-mas-justa-y-diversa-para-todos\/\"]}]},{\"@type\":\"BreadcrumbList\",\"@id\":\"https:\/\/experienciadevida.com.ar\/portalurbano\/madame-lu-sonamos-con-una-sociedad-mas-justa-y-diversa-para-todos\/#breadcrumb\",\"itemListElement\":[{\"@type\":\"ListItem\",\"position\":1,\"name\":\"Portada\",\"item\":\"https:\/\/experienciadevida.com.ar\/portalurbano\/\"},{\"@type\":\"ListItem\",\"position\":2,\"name\":\"Madame L\u00fa: \u00abso\u00f1amos con una sociedad m\u00e1s justa y diversa para todos\u00bb\"}]},{\"@type\":\"WebSite\",\"@id\":\"https:\/\/experienciadevida.com.ar\/portalurbano\/#website\",\"url\":\"https:\/\/experienciadevida.com.ar\/portalurbano\/\",\"name\":\"\",\"description\":\"\",\"publisher\":{\"@id\":\"https:\/\/experienciadevida.com.ar\/portalurbano\/#organization\"},\"potentialAction\":[{\"@type\":\"SearchAction\",\"target\":{\"@type\":\"EntryPoint\",\"urlTemplate\":\"https:\/\/experienciadevida.com.ar\/portalurbano\/?s={search_term_string}\"},\"query-input\":\"required name=search_term_string\"}],\"inLanguage\":\"es\"},{\"@type\":\"Organization\",\"@id\":\"https:\/\/experienciadevida.com.ar\/portalurbano\/#organization\",\"name\":\"Portal Urbano\",\"url\":\"https:\/\/experienciadevida.com.ar\/portalurbano\/\",\"logo\":{\"@type\":\"ImageObject\",\"inLanguage\":\"es\",\"@id\":\"https:\/\/experienciadevida.com.ar\/portalurbano\/#\/schema\/logo\/image\/\",\"url\":\"https:\/\/experienciadevida.com.ar\/portalurbano\/wp-content\/uploads\/2019\/09\/Logo-Original.png\",\"contentUrl\":\"https:\/\/experienciadevida.com.ar\/portalurbano\/wp-content\/uploads\/2019\/09\/Logo-Original.png\",\"width\":2236,\"height\":1216,\"caption\":\"Portal Urbano\"},\"image\":{\"@id\":\"https:\/\/experienciadevida.com.ar\/portalurbano\/#\/schema\/logo\/image\/\"},\"sameAs\":[\"https:\/\/www.facebook.com\/Portal-Urbano-171542830093757\/\",\"https:\/\/twitter.com\/portalurbanook\",\"https:\/\/www.instagram.com\/_portalurbano\/\",\"https:\/\/www.youtube.com\/channel\/UCXhagIfszH8KxFiOok79zbA?view_as=subscriber\"]},{\"@type\":\"Person\",\"@id\":\"https:\/\/experienciadevida.com.ar\/portalurbano\/#\/schema\/person\/02dd326b1c4b056e9cc972486934a3a7\",\"name\":\"admpu17wp\",\"image\":{\"@type\":\"ImageObject\",\"inLanguage\":\"es\",\"@id\":\"https:\/\/experienciadevida.com.ar\/portalurbano\/#\/schema\/person\/image\/\",\"url\":\"https:\/\/secure.gravatar.com\/avatar\/830d4c57adaae6630765e449a6908047?s=96&d=mm&r=g\",\"contentUrl\":\"https:\/\/secure.gravatar.com\/avatar\/830d4c57adaae6630765e449a6908047?s=96&d=mm&r=g\",\"caption\":\"admpu17wp\"}}]}<\/script>\n<!-- \/ Yoast SEO plugin. -->","yoast_head_json":{"title":"Madame L\u00fa: \"So\u00f1amos con una sociedad m\u00e1s justa y diversa para todos\"","description":"Madame L\u00fa: \"so\u00f1amos con una sociedad m\u00e1s justa y diversa para todos\", as\u00ed lo dijo en un comunicado por el d\u00eda de la mujer este lunes.","robots":{"index":"index","follow":"follow","max-snippet":"max-snippet:-1","max-image-preview":"max-image-preview:large","max-video-preview":"max-video-preview:-1"},"canonical":"https:\/\/experienciadevida.com.ar\/portalurbano\/madame-lu-sonamos-con-una-sociedad-mas-justa-y-diversa-para-todos\/","og_locale":"es_ES","og_type":"article","og_title":"Madame L\u00fa: \"So\u00f1amos con una sociedad m\u00e1s justa y diversa para todos\"","og_description":"Madame L\u00fa: \"so\u00f1amos con una sociedad m\u00e1s justa y diversa para todos\", as\u00ed lo dijo en un comunicado por el d\u00eda de la mujer este lunes.","og_url":"https:\/\/experienciadevida.com.ar\/portalurbano\/madame-lu-sonamos-con-una-sociedad-mas-justa-y-diversa-para-todos\/","article_publisher":"https:\/\/www.facebook.com\/Portal-Urbano-171542830093757\/","article_published_time":"2021-03-07T15:43:46+00:00","article_modified_time":"2021-03-07T15:46:50+00:00","og_image":[{"width":765,"height":510,"url":"https:\/\/experienciadevida.com.ar\/portalurbano\/wp-content\/uploads\/2021\/03\/Madame-Lu.jpg","type":"image\/jpeg"}],"author":"admpu17wp","twitter_card":"summary_large_image","twitter_creator":"@portalurbanook","twitter_site":"@portalurbanook","twitter_misc":{"Escrito por":"admpu17wp","Tiempo de lectura":"2 minutos"},"schema":{"@context":"https:\/\/schema.org","@graph":[{"@type":"Article","@id":"https:\/\/experienciadevida.com.ar\/portalurbano\/madame-lu-sonamos-con-una-sociedad-mas-justa-y-diversa-para-todos\/#article","isPartOf":{"@id":"https:\/\/experienciadevida.com.ar\/portalurbano\/madame-lu-sonamos-con-una-sociedad-mas-justa-y-diversa-para-todos\/"},"author":{"name":"admpu17wp","@id":"https:\/\/experienciadevida.com.ar\/portalurbano\/#\/schema\/person\/02dd326b1c4b056e9cc972486934a3a7"},"headline":"Madame L\u00fa: &#8220;so\u00f1amos con una sociedad m\u00e1s justa y diversa para todos&#8221;","datePublished":"2021-03-07T15:43:46+00:00","dateModified":"2021-03-07T15:46:50+00:00","mainEntityOfPage":{"@id":"https:\/\/experienciadevida.com.ar\/portalurbano\/madame-lu-sonamos-con-una-sociedad-mas-justa-y-diversa-para-todos\/"},"wordCount":460,"publisher":{"@id":"https:\/\/experienciadevida.com.ar\/portalurbano\/#organization"},"articleSection":["Ciudad","Destacadas 2"],"inLanguage":"es"},{"@type":"WebPage","@id":"https:\/\/experienciadevida.com.ar\/portalurbano\/madame-lu-sonamos-con-una-sociedad-mas-justa-y-diversa-para-todos\/","url":"https:\/\/experienciadevida.com.ar\/portalurbano\/madame-lu-sonamos-con-una-sociedad-mas-justa-y-diversa-para-todos\/","name":"Madame L\u00fa: \"So\u00f1amos con una sociedad m\u00e1s justa y diversa para todos\"","isPartOf":{"@id":"https:\/\/experienciadevida.com.ar\/portalurbano\/#website"},"datePublished":"2021-03-07T15:43:46+00:00","dateModified":"2021-03-07T15:46:50+00:00","description":"Madame L\u00fa: \"so\u00f1amos con una sociedad m\u00e1s justa y diversa para todos\", as\u00ed lo dijo en un comunicado por el d\u00eda de la mujer este lunes.","breadcrumb":{"@id":"https:\/\/experienciadevida.com.ar\/portalurbano\/madame-lu-sonamos-con-una-sociedad-mas-justa-y-diversa-para-todos\/#breadcrumb"},"inLanguage":"es","potentialAction":[{"@type":"ReadAction","target":["https:\/\/experienciadevida.com.ar\/portalurbano\/madame-lu-sonamos-con-una-sociedad-mas-justa-y-diversa-para-todos\/"]}]},{"@type":"BreadcrumbList","@id":"https:\/\/experienciadevida.com.ar\/portalurbano\/madame-lu-sonamos-con-una-sociedad-mas-justa-y-diversa-para-todos\/#breadcrumb","itemListElement":[{"@type":"ListItem","position":1,"name":"Portada","item":"https:\/\/experienciadevida.com.ar\/portalurbano\/"},{"@type":"ListItem","position":2,"name":"Madame L\u00fa: \u00abso\u00f1amos con una sociedad m\u00e1s justa y diversa para todos\u00bb"}]},{"@type":"WebSite","@id":"https:\/\/experienciadevida.com.ar\/portalurbano\/#website","url":"https:\/\/experienciadevida.com.ar\/portalurbano\/","name":"","description":"","publisher":{"@id":"https:\/\/experienciadevida.com.ar\/portalurbano\/#organization"},"potentialAction":[{"@type":"SearchAction","target":{"@type":"EntryPoint","urlTemplate":"https:\/\/experienciadevida.com.ar\/portalurbano\/?s={search_term_string}"},"query-input":"required name=search_term_string"}],"inLanguage":"es"},{"@type":"Organization","@id":"https:\/\/experienciadevida.com.ar\/portalurbano\/#organization","name":"Portal Urbano","url":"https:\/\/experienciadevida.com.ar\/portalurbano\/","logo":{"@type":"ImageObject","inLanguage":"es","@id":"https:\/\/experienciadevida.com.ar\/portalurbano\/#\/schema\/logo\/image\/","url":"https:\/\/experienciadevida.com.ar\/portalurbano\/wp-content\/uploads\/2019\/09\/Logo-Original.png","contentUrl":"https:\/\/experienciadevida.com.ar\/portalurbano\/wp-content\/uploads\/2019\/09\/Logo-Original.png","width":2236,"height":1216,"caption":"Portal Urbano"},"image":{"@id":"https:\/\/experienciadevida.com.ar\/portalurbano\/#\/schema\/logo\/image\/"},"sameAs":["https:\/\/www.facebook.com\/Portal-Urbano-171542830093757\/","https:\/\/twitter.com\/portalurbanook","https:\/\/www.instagram.com\/_portalurbano\/","https:\/\/www.youtube.com\/channel\/UCXhagIfszH8KxFiOok79zbA?view_as=subscriber"]},{"@type":"Person","@id":"https:\/\/experienciadevida.com.ar\/portalurbano\/#\/schema\/person\/02dd326b1c4b056e9cc972486934a3a7","name":"admpu17wp","image":{"@type":"ImageObject","inLanguage":"es","@id":"https:\/\/experienciadevida.com.ar\/portalurbano\/#\/schema\/person\/image\/","url":"https:\/\/secure.gravatar.com\/avatar\/830d4c57adaae6630765e449a6908047?s=96&d=mm&r=g","contentUrl":"https:\/\/secure.gravatar.com\/avatar\/830d4c57adaae6630765e449a6908047?s=96&d=mm&r=g","caption":"admpu17wp"}}]}},"featured_image_urls":{"full":["https:\/\/experienciadevida.com.ar\/portalurbano\/wp-content\/uploads\/2021\/03\/Madame-Lu.jpg",765,510,false],"thumbnail":["https:\/\/experienciadevida.com.ar\/portalurbano\/wp-content\/uploads\/2021\/03\/Madame-Lu-150x150.jpg",150,150,true],"medium":["https:\/\/experienciadevida.com.ar\/portalurbano\/wp-content\/uploads\/2021\/03\/Madame-Lu-300x200.jpg",300,200,true],"medium_large":["https:\/\/experienciadevida.com.ar\/portalurbano\/wp-content\/uploads\/2021\/03\/Madame-Lu.jpg",640,427,false],"large":["https:\/\/experienciadevida.com.ar\/portalurbano\/wp-content\/uploads\/2021\/03\/Madame-Lu.jpg",640,427,false],"ug_big":["https:\/\/experienciadevida.com.ar\/portalurbano\/wp-content\/uploads\/2021\/03\/Madame-Lu.jpg",765,510,false],"1536x1536":["https:\/\/experienciadevida.com.ar\/portalurbano\/wp-content\/uploads\/2021\/03\/Madame-Lu.jpg",765,510,false],"2048x2048":["https:\/\/experienciadevida.com.ar\/portalurbano\/wp-content\/uploads\/2021\/03\/Madame-Lu.jpg",765,510,false],"newsever-slider-full":["https:\/\/experienciadevida.com.ar\/portalurbano\/wp-content\/uploads\/2021\/03\/Madame-Lu.jpg",765,510,false],"newsever-featured":["https:\/\/experienciadevida.com.ar\/portalurbano\/wp-content\/uploads\/2021\/03\/Madame-Lu.jpg",765,510,false],"newsever-medium":["https:\/\/experienciadevida.com.ar\/portalurbano\/wp-content\/uploads\/2021\/03\/Madame-Lu.jpg",713,475,false],"web-stories-poster-portrait":["https:\/\/experienciadevida.com.ar\/portalurbano\/wp-content\/uploads\/2021\/03\/Madame-Lu.jpg",640,427,false],"web-stories-publisher-logo":["https:\/\/experienciadevida.com.ar\/portalurbano\/wp-content\/uploads\/2021\/03\/Madame-Lu.jpg",96,64,false],"web-stories-thumbnail":["https:\/\/experienciadevida.com.ar\/portalurbano\/wp-content\/uploads\/2021\/03\/Madame-Lu.jpg",150,100,false]},"author_info":{"display_name":"admpu17wp","author_link":"https:\/\/experienciadevida.com.ar\/portalurbano\/author\/admpu17wp\/"},"category_info":"<a href=\"https:\/\/experienciadevida.com.ar\/portalurbano\/category\/ciudad\/\" rel=\"category tag\">Ciudad<\/a> <a href=\"https:\/\/experienciadevida.com.ar\/portalurbano\/category\/destacadas-2\/\" rel=\"category tag\">Destacadas 2<\/a>","tag_info":"Destacadas 2","comment_count":"0","amp_enabled":true,"_links":{"self":[{"href":"https:\/\/experienciadevida.com.ar\/portalurbano\/wp-json\/wp\/v2\/posts\/136788"}],"collection":[{"href":"https:\/\/experienciadevida.com.ar\/portalurbano\/wp-json\/wp\/v2\/posts"}],"about":[{"href":"https:\/\/experienciadevida.com.ar\/portalurbano\/wp-json\/wp\/v2\/types\/post"}],"author":[{"embeddable":true,"href":"https:\/\/experienciadevida.com.ar\/portalurbano\/wp-json\/wp\/v2\/users\/1"}],"replies":[{"embeddable":true,"href":"https:\/\/experienciadevida.com.ar\/portalurbano\/wp-json\/wp\/v2\/comments?post=136788"}],"version-history":[{"count":3,"href":"https:\/\/experienciadevida.com.ar\/portalurbano\/wp-json\/wp\/v2\/posts\/136788\/revisions"}],"predecessor-version":[{"id":136792,"href":"https:\/\/experienciadevida.com.ar\/portalurbano\/wp-json\/wp\/v2\/posts\/136788\/revisions\/136792"}],"wp:featuredmedia":[{"embeddable":true,"href":"https:\/\/experienciadevida.com.ar\/portalurbano\/wp-json\/wp\/v2\/media\/136789"}],"wp:attachment":[{"href":"https:\/\/experienciadevida.com.ar\/portalurbano\/wp-json\/wp\/v2\/media?parent=136788"}],"wp:term":[{"taxonomy":"category","embeddable":true,"href":"https:\/\/experienciadevida.com.ar\/portalurbano\/wp-json\/wp\/v2\/categories?post=136788"},{"taxonomy":"post_tag","embeddable":true,"href":"https:\/\/experienciadevida.com.ar\/portalurbano\/wp-json\/wp\/v2\/tags?post=136788"}],"curies":[{"name":"wp","href":"https:\/\/api.w.org\/{rel}","templated":true}]}}