{"id":136728,"date":"2021-03-06T12:22:04","date_gmt":"2021-03-06T15:22:04","guid":{"rendered":"https:\/\/experienciadevida.com.ar\/portalurbano\/?p=136728"},"modified":"2021-03-06T19:51:31","modified_gmt":"2021-03-06T22:51:31","slug":"el-proximo-16-de-marzo-se-hara-la-asamblea-anual-de-coopelectric","status":"publish","type":"post","link":"https:\/\/experienciadevida.com.ar\/portalurbano\/el-proximo-16-de-marzo-se-hara-la-asamblea-anual-de-coopelectric\/","title":{"rendered":"El pr\u00f3ximo 16 de marzo se har\u00e1 la Asamblea Anual de Coopelectric"},"content":{"rendered":"<p>El pr\u00f3ximo 16 de marzo se har\u00e1 la Asamblea Anual de Coopelectric. En cumplimiento de lo dispuesto por el Estatuto Social y la Ley de Cooperativas N\u00b0 20.337, el Cuerpo de Delegados de Coopelectric &#8211; en tanto representantes leg\u00edtimos de los asociados de Olavarr\u00eda &#8211; el pr\u00f3ximo 16 de marzo analizar\u00e1n en Asamblea General Ordinaria, la gesti\u00f3n institucional llevada adelante por los integrantes del Consejo de Administraci\u00f3n durante el transcurso del Ejercicio Econ\u00f3mico N\u00b0 89 iniciado el 1\u00b0 de julio de 2019 y finalizado el 30 de junio de 2020.<\/p>\n<p>La misma hab\u00eda sido postergada debido a la situaci\u00f3n sanitaria, pero finalmente podr\u00e1 llevarse a cabo seg\u00fan lo dispuesto por los organismos de control y por el Decreto N\u00b0 3488\/20 de la Municipalidad del Partido de Olavarr\u00eda, que autoriz\u00f3 a Coopelectric a convocarla bajo la aplicaci\u00f3n de estrictos protocolos de bioseguridad.<\/p>\n<p>El pr\u00f3ximo 16 de marzo se har\u00e1 la Asamblea anual de coopelectirc, adem\u00e1s de la gesti\u00f3n institucional, se realizar\u00e1 el tratamiento correspondiente y se pondr\u00e1 a consideraci\u00f3n el Balance General, Cuenta de P\u00e9rdidas y Excedentes, Anexos, Notas e Informes de la Auditor\u00eda Externa y la Sindicatura, del Ejercicio Econ\u00f3mico N\u00b0 89 que finaliz\u00f3 con d\u00e9ficit.<\/p>\n","protected":false},"excerpt":{"rendered":"<p>El pr\u00f3ximo 16 de marzo se har\u00e1 la Asamblea Anual de Coopelectric. En cumplimiento de&#8230;<\/p>\n","protected":false},"author":1,"featured_media":0,"comment_status":"closed","ping_status":"closed","sticky":false,"template":"","format":"standard","meta":{"content-type":""},"categories":[27,64],"tags":[],"nelio_content":{"isAutoShareEnabled":false,"autoShareEndMode":"default","automationSources":{"useContentSentences":true,"useSocialTemplates":true,"useCustomSentences":false,"customSentences":[]},"followers":[1],"suggestedReferences":[],"includedReferences":[],"efiUrl":"","efiAlt":"","highlights":[]},"yoast_head":"<!-- This site is optimized with the Yoast SEO plugin v20.7 - https:\/\/yoast.com\/wordpress\/plugins\/seo\/ -->\n<title>El pr\u00f3ximo 16 de febrero se har\u00e1 la asamblea anual de Coopelectric<\/title>\n<meta name=\"description\" content=\"El pr\u00f3ximo 16 de marzo se har\u00e1 la Asamblea Anual de Coopelectric, en cumplimiento de lo dispuesto por el Estatuto Social y la Ley.\" \/>\n<meta name=\"robots\" content=\"index, follow, max-snippet:-1, max-image-preview:large, max-video-preview:-1\" \/>\n<link rel=\"canonical\" href=\"https:\/\/experienciadevida.com.ar\/portalurbano\/el-proximo-16-de-marzo-se-hara-la-asamblea-anual-de-coopelectric\/\" \/>\n<meta property=\"og:locale\" content=\"es_ES\" \/>\n<meta property=\"og:type\" content=\"article\" \/>\n<meta property=\"og:title\" content=\"El pr\u00f3ximo 16 de febrero se har\u00e1 la asamblea anual de Coopelectric\" \/>\n<meta property=\"og:description\" content=\"El pr\u00f3ximo 16 de marzo se har\u00e1 la Asamblea Anual de Coopelectric, en cumplimiento de lo dispuesto por el Estatuto Social y la Ley.\" \/>\n<meta property=\"og:url\" content=\"https:\/\/experienciadevida.com.ar\/portalurbano\/el-proximo-16-de-marzo-se-hara-la-asamblea-anual-de-coopelectric\/\" \/>\n<meta property=\"article:publisher\" content=\"https:\/\/www.facebook.com\/Portal-Urbano-171542830093757\/\" \/>\n<meta property=\"article:published_time\" content=\"2021-03-06T15:22:04+00:00\" \/>\n<meta property=\"article:modified_time\" content=\"2021-03-06T22:51:31+00:00\" \/>\n<meta property=\"og:image\" content=\"https:\/\/experienciadevida.com.ar\/portalurbano\/wp-content\/uploads\/2018\/09\/PARO2-1-4.jpg\" \/>\n\t<meta property=\"og:image:width\" content=\"667\" \/>\n\t<meta property=\"og:image:height\" content=\"445\" \/>\n\t<meta property=\"og:image:type\" content=\"image\/jpeg\" \/>\n<meta name=\"author\" content=\"admpu17wp\" \/>\n<meta name=\"twitter:card\" content=\"summary_large_image\" \/>\n<meta name=\"twitter:creator\" content=\"@portalurbanook\" \/>\n<meta name=\"twitter:site\" content=\"@portalurbanook\" \/>\n<meta name=\"twitter:label1\" content=\"Escrito por\" \/>\n\t<meta name=\"twitter:data1\" content=\"admpu17wp\" \/>\n\t<meta name=\"twitter:label2\" content=\"Tiempo de lectura\" \/>\n\t<meta name=\"twitter:data2\" content=\"1 minuto\" \/>\n<script type=\"application\/ld+json\" class=\"yoast-schema-graph\">{\"@context\":\"https:\/\/schema.org\",\"@graph\":[{\"@type\":\"Article\",\"@id\":\"https:\/\/experienciadevida.com.ar\/portalurbano\/el-proximo-16-de-marzo-se-hara-la-asamblea-anual-de-coopelectric\/#article\",\"isPartOf\":{\"@id\":\"https:\/\/experienciadevida.com.ar\/portalurbano\/el-proximo-16-de-marzo-se-hara-la-asamblea-anual-de-coopelectric\/\"},\"author\":{\"name\":\"admpu17wp\",\"@id\":\"https:\/\/experienciadevida.com.ar\/portalurbano\/#\/schema\/person\/02dd326b1c4b056e9cc972486934a3a7\"},\"headline\":\"El pr\u00f3ximo 16 de marzo se har\u00e1 la Asamblea Anual de Coopelectric\",\"datePublished\":\"2021-03-06T15:22:04+00:00\",\"dateModified\":\"2021-03-06T22:51:31+00:00\",\"mainEntityOfPage\":{\"@id\":\"https:\/\/experienciadevida.com.ar\/portalurbano\/el-proximo-16-de-marzo-se-hara-la-asamblea-anual-de-coopelectric\/\"},\"wordCount\":218,\"publisher\":{\"@id\":\"https:\/\/experienciadevida.com.ar\/portalurbano\/#organization\"},\"articleSection\":[\"Ciudad\",\"Destacadas 2\"],\"inLanguage\":\"es\"},{\"@type\":\"WebPage\",\"@id\":\"https:\/\/experienciadevida.com.ar\/portalurbano\/el-proximo-16-de-marzo-se-hara-la-asamblea-anual-de-coopelectric\/\",\"url\":\"https:\/\/experienciadevida.com.ar\/portalurbano\/el-proximo-16-de-marzo-se-hara-la-asamblea-anual-de-coopelectric\/\",\"name\":\"El pr\u00f3ximo 16 de febrero se har\u00e1 la asamblea anual de Coopelectric\",\"isPartOf\":{\"@id\":\"https:\/\/experienciadevida.com.ar\/portalurbano\/#website\"},\"datePublished\":\"2021-03-06T15:22:04+00:00\",\"dateModified\":\"2021-03-06T22:51:31+00:00\",\"description\":\"El pr\u00f3ximo 16 de marzo se har\u00e1 la Asamblea Anual de Coopelectric, en cumplimiento de lo dispuesto por el Estatuto Social y la Ley.\",\"breadcrumb\":{\"@id\":\"https:\/\/experienciadevida.com.ar\/portalurbano\/el-proximo-16-de-marzo-se-hara-la-asamblea-anual-de-coopelectric\/#breadcrumb\"},\"inLanguage\":\"es\",\"potentialAction\":[{\"@type\":\"ReadAction\",\"target\":[\"https:\/\/experienciadevida.com.ar\/portalurbano\/el-proximo-16-de-marzo-se-hara-la-asamblea-anual-de-coopelectric\/\"]}]},{\"@type\":\"BreadcrumbList\",\"@id\":\"https:\/\/experienciadevida.com.ar\/portalurbano\/el-proximo-16-de-marzo-se-hara-la-asamblea-anual-de-coopelectric\/#breadcrumb\",\"itemListElement\":[{\"@type\":\"ListItem\",\"position\":1,\"name\":\"Portada\",\"item\":\"https:\/\/experienciadevida.com.ar\/portalurbano\/\"},{\"@type\":\"ListItem\",\"position\":2,\"name\":\"El pr\u00f3ximo 16 de marzo se har\u00e1 la Asamblea Anual de Coopelectric\"}]},{\"@type\":\"WebSite\",\"@id\":\"https:\/\/experienciadevida.com.ar\/portalurbano\/#website\",\"url\":\"https:\/\/experienciadevida.com.ar\/portalurbano\/\",\"name\":\"\",\"description\":\"\",\"publisher\":{\"@id\":\"https:\/\/experienciadevida.com.ar\/portalurbano\/#organization\"},\"potentialAction\":[{\"@type\":\"SearchAction\",\"target\":{\"@type\":\"EntryPoint\",\"urlTemplate\":\"https:\/\/experienciadevida.com.ar\/portalurbano\/?s={search_term_string}\"},\"query-input\":\"required name=search_term_string\"}],\"inLanguage\":\"es\"},{\"@type\":\"Organization\",\"@id\":\"https:\/\/experienciadevida.com.ar\/portalurbano\/#organization\",\"name\":\"Portal Urbano\",\"url\":\"https:\/\/experienciadevida.com.ar\/portalurbano\/\",\"logo\":{\"@type\":\"ImageObject\",\"inLanguage\":\"es\",\"@id\":\"https:\/\/experienciadevida.com.ar\/portalurbano\/#\/schema\/logo\/image\/\",\"url\":\"https:\/\/experienciadevida.com.ar\/portalurbano\/wp-content\/uploads\/2019\/09\/Logo-Original.png\",\"contentUrl\":\"https:\/\/experienciadevida.com.ar\/portalurbano\/wp-content\/uploads\/2019\/09\/Logo-Original.png\",\"width\":2236,\"height\":1216,\"caption\":\"Portal Urbano\"},\"image\":{\"@id\":\"https:\/\/experienciadevida.com.ar\/portalurbano\/#\/schema\/logo\/image\/\"},\"sameAs\":[\"https:\/\/www.facebook.com\/Portal-Urbano-171542830093757\/\",\"https:\/\/twitter.com\/portalurbanook\",\"https:\/\/www.instagram.com\/_portalurbano\/\",\"https:\/\/www.youtube.com\/channel\/UCXhagIfszH8KxFiOok79zbA?view_as=subscriber\"]},{\"@type\":\"Person\",\"@id\":\"https:\/\/experienciadevida.com.ar\/portalurbano\/#\/schema\/person\/02dd326b1c4b056e9cc972486934a3a7\",\"name\":\"admpu17wp\",\"image\":{\"@type\":\"ImageObject\",\"inLanguage\":\"es\",\"@id\":\"https:\/\/experienciadevida.com.ar\/portalurbano\/#\/schema\/person\/image\/\",\"url\":\"https:\/\/secure.gravatar.com\/avatar\/830d4c57adaae6630765e449a6908047?s=96&d=mm&r=g\",\"contentUrl\":\"https:\/\/secure.gravatar.com\/avatar\/830d4c57adaae6630765e449a6908047?s=96&d=mm&r=g\",\"caption\":\"admpu17wp\"}}]}<\/script>\n<!-- \/ Yoast SEO plugin. -->","yoast_head_json":{"title":"El pr\u00f3ximo 16 de febrero se har\u00e1 la asamblea anual de Coopelectric","description":"El pr\u00f3ximo 16 de marzo se har\u00e1 la Asamblea Anual de Coopelectric, en cumplimiento de lo dispuesto por el Estatuto Social y la Ley.","robots":{"index":"index","follow":"follow","max-snippet":"max-snippet:-1","max-image-preview":"max-image-preview:large","max-video-preview":"max-video-preview:-1"},"canonical":"https:\/\/experienciadevida.com.ar\/portalurbano\/el-proximo-16-de-marzo-se-hara-la-asamblea-anual-de-coopelectric\/","og_locale":"es_ES","og_type":"article","og_title":"El pr\u00f3ximo 16 de febrero se har\u00e1 la asamblea anual de Coopelectric","og_description":"El pr\u00f3ximo 16 de marzo se har\u00e1 la Asamblea Anual de Coopelectric, en cumplimiento de lo dispuesto por el Estatuto Social y la Ley.","og_url":"https:\/\/experienciadevida.com.ar\/portalurbano\/el-proximo-16-de-marzo-se-hara-la-asamblea-anual-de-coopelectric\/","article_publisher":"https:\/\/www.facebook.com\/Portal-Urbano-171542830093757\/","article_published_time":"2021-03-06T15:22:04+00:00","article_modified_time":"2021-03-06T22:51:31+00:00","og_image":[{"width":667,"height":445,"url":"https:\/\/experienciadevida.com.ar\/portalurbano\/wp-content\/uploads\/2018\/09\/PARO2-1-4.jpg","type":"image\/jpeg"}],"author":"admpu17wp","twitter_card":"summary_large_image","twitter_creator":"@portalurbanook","twitter_site":"@portalurbanook","twitter_misc":{"Escrito por":"admpu17wp","Tiempo de lectura":"1 minuto"},"schema":{"@context":"https:\/\/schema.org","@graph":[{"@type":"Article","@id":"https:\/\/experienciadevida.com.ar\/portalurbano\/el-proximo-16-de-marzo-se-hara-la-asamblea-anual-de-coopelectric\/#article","isPartOf":{"@id":"https:\/\/experienciadevida.com.ar\/portalurbano\/el-proximo-16-de-marzo-se-hara-la-asamblea-anual-de-coopelectric\/"},"author":{"name":"admpu17wp","@id":"https:\/\/experienciadevida.com.ar\/portalurbano\/#\/schema\/person\/02dd326b1c4b056e9cc972486934a3a7"},"headline":"El pr\u00f3ximo 16 de marzo se har\u00e1 la Asamblea Anual de Coopelectric","datePublished":"2021-03-06T15:22:04+00:00","dateModified":"2021-03-06T22:51:31+00:00","mainEntityOfPage":{"@id":"https:\/\/experienciadevida.com.ar\/portalurbano\/el-proximo-16-de-marzo-se-hara-la-asamblea-anual-de-coopelectric\/"},"wordCount":218,"publisher":{"@id":"https:\/\/experienciadevida.com.ar\/portalurbano\/#organization"},"articleSection":["Ciudad","Destacadas 2"],"inLanguage":"es"},{"@type":"WebPage","@id":"https:\/\/experienciadevida.com.ar\/portalurbano\/el-proximo-16-de-marzo-se-hara-la-asamblea-anual-de-coopelectric\/","url":"https:\/\/experienciadevida.com.ar\/portalurbano\/el-proximo-16-de-marzo-se-hara-la-asamblea-anual-de-coopelectric\/","name":"El pr\u00f3ximo 16 de febrero se har\u00e1 la asamblea anual de Coopelectric","isPartOf":{"@id":"https:\/\/experienciadevida.com.ar\/portalurbano\/#website"},"datePublished":"2021-03-06T15:22:04+00:00","dateModified":"2021-03-06T22:51:31+00:00","description":"El pr\u00f3ximo 16 de marzo se har\u00e1 la Asamblea Anual de Coopelectric, en cumplimiento de lo dispuesto por el Estatuto Social y la Ley.","breadcrumb":{"@id":"https:\/\/experienciadevida.com.ar\/portalurbano\/el-proximo-16-de-marzo-se-hara-la-asamblea-anual-de-coopelectric\/#breadcrumb"},"inLanguage":"es","potentialAction":[{"@type":"ReadAction","target":["https:\/\/experienciadevida.com.ar\/portalurbano\/el-proximo-16-de-marzo-se-hara-la-asamblea-anual-de-coopelectric\/"]}]},{"@type":"BreadcrumbList","@id":"https:\/\/experienciadevida.com.ar\/portalurbano\/el-proximo-16-de-marzo-se-hara-la-asamblea-anual-de-coopelectric\/#breadcrumb","itemListElement":[{"@type":"ListItem","position":1,"name":"Portada","item":"https:\/\/experienciadevida.com.ar\/portalurbano\/"},{"@type":"ListItem","position":2,"name":"El pr\u00f3ximo 16 de marzo se har\u00e1 la Asamblea Anual de Coopelectric"}]},{"@type":"WebSite","@id":"https:\/\/experienciadevida.com.ar\/portalurbano\/#website","url":"https:\/\/experienciadevida.com.ar\/portalurbano\/","name":"","description":"","publisher":{"@id":"https:\/\/experienciadevida.com.ar\/portalurbano\/#organization"},"potentialAction":[{"@type":"SearchAction","target":{"@type":"EntryPoint","urlTemplate":"https:\/\/experienciadevida.com.ar\/portalurbano\/?s={search_term_string}"},"query-input":"required name=search_term_string"}],"inLanguage":"es"},{"@type":"Organization","@id":"https:\/\/experienciadevida.com.ar\/portalurbano\/#organization","name":"Portal Urbano","url":"https:\/\/experienciadevida.com.ar\/portalurbano\/","logo":{"@type":"ImageObject","inLanguage":"es","@id":"https:\/\/experienciadevida.com.ar\/portalurbano\/#\/schema\/logo\/image\/","url":"https:\/\/experienciadevida.com.ar\/portalurbano\/wp-content\/uploads\/2019\/09\/Logo-Original.png","contentUrl":"https:\/\/experienciadevida.com.ar\/portalurbano\/wp-content\/uploads\/2019\/09\/Logo-Original.png","width":2236,"height":1216,"caption":"Portal Urbano"},"image":{"@id":"https:\/\/experienciadevida.com.ar\/portalurbano\/#\/schema\/logo\/image\/"},"sameAs":["https:\/\/www.facebook.com\/Portal-Urbano-171542830093757\/","https:\/\/twitter.com\/portalurbanook","https:\/\/www.instagram.com\/_portalurbano\/","https:\/\/www.youtube.com\/channel\/UCXhagIfszH8KxFiOok79zbA?view_as=subscriber"]},{"@type":"Person","@id":"https:\/\/experienciadevida.com.ar\/portalurbano\/#\/schema\/person\/02dd326b1c4b056e9cc972486934a3a7","name":"admpu17wp","image":{"@type":"ImageObject","inLanguage":"es","@id":"https:\/\/experienciadevida.com.ar\/portalurbano\/#\/schema\/person\/image\/","url":"https:\/\/secure.gravatar.com\/avatar\/830d4c57adaae6630765e449a6908047?s=96&d=mm&r=g","contentUrl":"https:\/\/secure.gravatar.com\/avatar\/830d4c57adaae6630765e449a6908047?s=96&d=mm&r=g","caption":"admpu17wp"}}]}},"featured_image_urls":{"full":"","thumbnail":"","medium":"","medium_large":"","large":"","ug_big":"","1536x1536":"","2048x2048":"","newsever-slider-full":"","newsever-featured":"","newsever-medium":"","web-stories-poster-portrait":"","web-stories-publisher-logo":"","web-stories-thumbnail":""},"author_info":{"display_name":"admpu17wp","author_link":"https:\/\/experienciadevida.com.ar\/portalurbano\/author\/admpu17wp\/"},"category_info":"<a href=\"https:\/\/experienciadevida.com.ar\/portalurbano\/category\/ciudad\/\" rel=\"category tag\">Ciudad<\/a> <a href=\"https:\/\/experienciadevida.com.ar\/portalurbano\/category\/destacadas-2\/\" rel=\"category tag\">Destacadas 2<\/a>","tag_info":"Destacadas 2","comment_count":"0","amp_enabled":true,"_links":{"self":[{"href":"https:\/\/experienciadevida.com.ar\/portalurbano\/wp-json\/wp\/v2\/posts\/136728"}],"collection":[{"href":"https:\/\/experienciadevida.com.ar\/portalurbano\/wp-json\/wp\/v2\/posts"}],"about":[{"href":"https:\/\/experienciadevida.com.ar\/portalurbano\/wp-json\/wp\/v2\/types\/post"}],"author":[{"embeddable":true,"href":"https:\/\/experienciadevida.com.ar\/portalurbano\/wp-json\/wp\/v2\/users\/1"}],"replies":[{"embeddable":true,"href":"https:\/\/experienciadevida.com.ar\/portalurbano\/wp-json\/wp\/v2\/comments?post=136728"}],"version-history":[{"count":6,"href":"https:\/\/experienciadevida.com.ar\/portalurbano\/wp-json\/wp\/v2\/posts\/136728\/revisions"}],"predecessor-version":[{"id":136769,"href":"https:\/\/experienciadevida.com.ar\/portalurbano\/wp-json\/wp\/v2\/posts\/136728\/revisions\/136769"}],"wp:attachment":[{"href":"https:\/\/experienciadevida.com.ar\/portalurbano\/wp-json\/wp\/v2\/media?parent=136728"}],"wp:term":[{"taxonomy":"category","embeddable":true,"href":"https:\/\/experienciadevida.com.ar\/portalurbano\/wp-json\/wp\/v2\/categories?post=136728"},{"taxonomy":"post_tag","embeddable":true,"href":"https:\/\/experienciadevida.com.ar\/portalurbano\/wp-json\/wp\/v2\/tags?post=136728"}],"curies":[{"name":"wp","href":"https:\/\/api.w.org\/{rel}","templated":true}]}}