{"id":136715,"date":"2021-03-06T10:37:38","date_gmt":"2021-03-06T13:37:38","guid":{"rendered":"https:\/\/experienciadevida.com.ar\/portalurbano\/?p=136715"},"modified":"2021-03-06T10:40:38","modified_gmt":"2021-03-06T13:40:38","slug":"mercedes-landivar-galli-se-olvido-de-mencionar-que-arranco-la-gestion-2020-con-un-deficit-de-354-millones","status":"publish","type":"post","link":"https:\/\/experienciadevida.com.ar\/portalurbano\/mercedes-landivar-galli-se-olvido-de-mencionar-que-arranco-la-gestion-2020-con-un-deficit-de-354-millones\/","title":{"rendered":"Mercedes Landivar: &#8220;Galli se olvid\u00f3 de mencionar que arranc\u00f3 la gesti\u00f3n 2020 con un d\u00e9ficit de  354 millones&#8221;"},"content":{"rendered":"<p>Mercedes Landivar: &#8220;Galli se olvid\u00f3 de mencionar que arranc\u00f3 la gesti\u00f3n 2020 con un d\u00e9ficit de 354 millones&#8221;, as\u00ed lo expres\u00f3 la concejal a trav\u00e9s de su perfil de <a href=\"https:\/\/www.facebook.com\/mercedes.landivar\">Facebook<\/a> tras el discurso del Intendente de nuestra ciudad en la <a href=\"https:\/\/experienciadevida.com.ar\/portalurbano\/apertura-de-sesiones-2021-el-2020-se-transformo-en-un-ano-bisagra\/\">apertura de sesiones 2021.<\/a><\/p>\n<p>&#8220;Se olvid\u00f3 de mencionar la ayuda financiera del gobierno de Axel Kicillof que le permiti\u00f3 entre otras cosas pagar meses enteros de salarios. Se olvid\u00f3 de mencionar los millones de pesos inyectados en la econom\u00eda local por el gobierno nacional entre ATP, IFE, tarjeta alimentar, potenciar trabajo y bonos a jubilados y AUH&#8221;.<\/p>\n<p>Mercedes Landivar mencion\u00f3 &#8220;se olvid\u00f3 mencionar el trabajo conjunto en la mesa de contenci\u00f3n social de los organismos provinciales y nacionales junto al Ejecutivo Municipal. Se olvid\u00f3 de mencionar el trabajo en conjunto con referentes del Frente de todos para acceder a distintas pol\u00edticas p\u00fablicas del gobierno Nacional Y Provincial. Entre ellas las obras p\u00fablicas que anunci\u00f3 el Ministro Katopodis en nuestra ciudad&#8221;.<\/p>\n<p>&#8220;Se olvid\u00f3 de mencionar las cifras historicas de inversi\u00f3n del Sistema Alimentario Escolar al que el Municipio renunci\u00f3 por no poder administrarlo. Se olvid\u00f3 de mencionar el aporte que el Ministerio de la Comunidad de la Provincia de Bs.As. ha realizado al \u00e1rea social a lo largo del 2020&#8221;.<\/p>\n<p>Por otro lado, &#8220;se olvid\u00f3 de mencionar el ajuste que realiz\u00f3 a los trabajadores de la cultura en sus haberes. Se olvid\u00f3 de mencionar la falta de di\u00e1logo con todos los delegados municipales de las localidades, a los cuales nunca recibi\u00f3, subestimando la demanda real de cada lugar&#8221;.<\/p>\n<p>&#8220;Podr\u00eda seguir. Olvido? o la imposibilidad de reconocer al otro y ser objetivo&#8221;.<\/p>\n<p>Para finalizar Mercedes Landivar expres\u00f3 &#8220;los Olavarrienses estamos sujetos no solo a un nivel de improvisaci\u00f3n alarmante, sino tambi\u00e9n a la incapacidad de un trabajo compartido y participativo que pueda generar certezas en el futuro de nuestro partido&#8221;.<\/p>\n","protected":false},"excerpt":{"rendered":"<p>Mercedes Landivar: &#8220;Galli se olvid\u00f3 de mencionar que arranc\u00f3 la gesti\u00f3n 2020 con un d\u00e9ficit&#8230;<\/p>\n","protected":false},"author":1,"featured_media":136716,"comment_status":"closed","ping_status":"closed","sticky":false,"template":"","format":"standard","meta":{"content-type":""},"categories":[51,43],"tags":[],"nelio_content":{"isAutoShareEnabled":false,"autoShareEndMode":"default","automationSources":{"useContentSentences":true,"useSocialTemplates":true,"useCustomSentences":false,"customSentences":[]},"followers":[1],"suggestedReferences":[],"includedReferences":[],"efiUrl":"","efiAlt":"","highlights":[]},"yoast_head":"<!-- This site is optimized with the Yoast SEO plugin v20.7 - https:\/\/yoast.com\/wordpress\/plugins\/seo\/ -->\n<title>Mercedes Landivar: &quot;Galli se olvid\u00f3 de mencionar que arranc\u00f3 la gesti\u00f3n&quot;<\/title>\n<meta name=\"description\" content=\"Mercedes Landivar: &quot;Galli se olvid\u00f3 de mencionar que arranc\u00f3 la gesti\u00f3n 2020 con un d\u00e9ficit de 354 millones&quot;, as\u00ed lo expres\u00f3 la concejal.\" \/>\n<meta name=\"robots\" content=\"index, follow, max-snippet:-1, max-image-preview:large, max-video-preview:-1\" \/>\n<link rel=\"canonical\" href=\"https:\/\/experienciadevida.com.ar\/portalurbano\/mercedes-landivar-galli-se-olvido-de-mencionar-que-arranco-la-gestion-2020-con-un-deficit-de-354-millones\/\" \/>\n<meta property=\"og:locale\" content=\"es_ES\" \/>\n<meta property=\"og:type\" content=\"article\" \/>\n<meta property=\"og:title\" content=\"Mercedes Landivar: &quot;Galli se olvid\u00f3 de mencionar que arranc\u00f3 la gesti\u00f3n&quot;\" \/>\n<meta property=\"og:description\" content=\"Mercedes Landivar: &quot;Galli se olvid\u00f3 de mencionar que arranc\u00f3 la gesti\u00f3n 2020 con un d\u00e9ficit de 354 millones&quot;, as\u00ed lo expres\u00f3 la concejal.\" \/>\n<meta property=\"og:url\" content=\"https:\/\/experienciadevida.com.ar\/portalurbano\/mercedes-landivar-galli-se-olvido-de-mencionar-que-arranco-la-gestion-2020-con-un-deficit-de-354-millones\/\" \/>\n<meta property=\"article:publisher\" content=\"https:\/\/www.facebook.com\/Portal-Urbano-171542830093757\/\" \/>\n<meta property=\"article:published_time\" content=\"2021-03-06T13:37:38+00:00\" \/>\n<meta property=\"article:modified_time\" content=\"2021-03-06T13:40:38+00:00\" \/>\n<meta property=\"og:image\" content=\"https:\/\/experienciadevida.com.ar\/portalurbano\/wp-content\/uploads\/2021\/03\/157650817_10221905496617965_3846853480756710956_n.jpg\" \/>\n\t<meta property=\"og:image:width\" content=\"720\" \/>\n\t<meta property=\"og:image:height\" content=\"546\" \/>\n\t<meta property=\"og:image:type\" content=\"image\/jpeg\" \/>\n<meta name=\"author\" content=\"admpu17wp\" \/>\n<meta name=\"twitter:card\" content=\"summary_large_image\" \/>\n<meta name=\"twitter:creator\" content=\"@portalurbanook\" \/>\n<meta name=\"twitter:site\" content=\"@portalurbanook\" \/>\n<meta name=\"twitter:label1\" content=\"Escrito por\" \/>\n\t<meta name=\"twitter:data1\" content=\"admpu17wp\" \/>\n\t<meta name=\"twitter:label2\" content=\"Tiempo de lectura\" \/>\n\t<meta name=\"twitter:data2\" content=\"2 minutos\" \/>\n<script type=\"application\/ld+json\" class=\"yoast-schema-graph\">{\"@context\":\"https:\/\/schema.org\",\"@graph\":[{\"@type\":\"Article\",\"@id\":\"https:\/\/experienciadevida.com.ar\/portalurbano\/mercedes-landivar-galli-se-olvido-de-mencionar-que-arranco-la-gestion-2020-con-un-deficit-de-354-millones\/#article\",\"isPartOf\":{\"@id\":\"https:\/\/experienciadevida.com.ar\/portalurbano\/mercedes-landivar-galli-se-olvido-de-mencionar-que-arranco-la-gestion-2020-con-un-deficit-de-354-millones\/\"},\"author\":{\"name\":\"admpu17wp\",\"@id\":\"https:\/\/experienciadevida.com.ar\/portalurbano\/#\/schema\/person\/02dd326b1c4b056e9cc972486934a3a7\"},\"headline\":\"Mercedes Landivar: &#8220;Galli se olvid\u00f3 de mencionar que arranc\u00f3 la gesti\u00f3n 2020 con un d\u00e9ficit de 354 millones&#8221;\",\"datePublished\":\"2021-03-06T13:37:38+00:00\",\"dateModified\":\"2021-03-06T13:40:38+00:00\",\"mainEntityOfPage\":{\"@id\":\"https:\/\/experienciadevida.com.ar\/portalurbano\/mercedes-landivar-galli-se-olvido-de-mencionar-que-arranco-la-gestion-2020-con-un-deficit-de-354-millones\/\"},\"wordCount\":336,\"publisher\":{\"@id\":\"https:\/\/experienciadevida.com.ar\/portalurbano\/#organization\"},\"articleSection\":[\"Destacadas\",\"Pol\u00edtica\"],\"inLanguage\":\"es\"},{\"@type\":\"WebPage\",\"@id\":\"https:\/\/experienciadevida.com.ar\/portalurbano\/mercedes-landivar-galli-se-olvido-de-mencionar-que-arranco-la-gestion-2020-con-un-deficit-de-354-millones\/\",\"url\":\"https:\/\/experienciadevida.com.ar\/portalurbano\/mercedes-landivar-galli-se-olvido-de-mencionar-que-arranco-la-gestion-2020-con-un-deficit-de-354-millones\/\",\"name\":\"Mercedes Landivar: \\\"Galli se olvid\u00f3 de mencionar que arranc\u00f3 la gesti\u00f3n\\\"\",\"isPartOf\":{\"@id\":\"https:\/\/experienciadevida.com.ar\/portalurbano\/#website\"},\"datePublished\":\"2021-03-06T13:37:38+00:00\",\"dateModified\":\"2021-03-06T13:40:38+00:00\",\"description\":\"Mercedes Landivar: \\\"Galli se olvid\u00f3 de mencionar que arranc\u00f3 la gesti\u00f3n 2020 con un d\u00e9ficit de 354 millones\\\", as\u00ed lo expres\u00f3 la concejal.\",\"breadcrumb\":{\"@id\":\"https:\/\/experienciadevida.com.ar\/portalurbano\/mercedes-landivar-galli-se-olvido-de-mencionar-que-arranco-la-gestion-2020-con-un-deficit-de-354-millones\/#breadcrumb\"},\"inLanguage\":\"es\",\"potentialAction\":[{\"@type\":\"ReadAction\",\"target\":[\"https:\/\/experienciadevida.com.ar\/portalurbano\/mercedes-landivar-galli-se-olvido-de-mencionar-que-arranco-la-gestion-2020-con-un-deficit-de-354-millones\/\"]}]},{\"@type\":\"BreadcrumbList\",\"@id\":\"https:\/\/experienciadevida.com.ar\/portalurbano\/mercedes-landivar-galli-se-olvido-de-mencionar-que-arranco-la-gestion-2020-con-un-deficit-de-354-millones\/#breadcrumb\",\"itemListElement\":[{\"@type\":\"ListItem\",\"position\":1,\"name\":\"Portada\",\"item\":\"https:\/\/experienciadevida.com.ar\/portalurbano\/\"},{\"@type\":\"ListItem\",\"position\":2,\"name\":\"Mercedes Landivar: \u00abGalli se olvid\u00f3 de mencionar que arranc\u00f3 la gesti\u00f3n 2020 con un d\u00e9ficit de 354 millones\u00bb\"}]},{\"@type\":\"WebSite\",\"@id\":\"https:\/\/experienciadevida.com.ar\/portalurbano\/#website\",\"url\":\"https:\/\/experienciadevida.com.ar\/portalurbano\/\",\"name\":\"\",\"description\":\"\",\"publisher\":{\"@id\":\"https:\/\/experienciadevida.com.ar\/portalurbano\/#organization\"},\"potentialAction\":[{\"@type\":\"SearchAction\",\"target\":{\"@type\":\"EntryPoint\",\"urlTemplate\":\"https:\/\/experienciadevida.com.ar\/portalurbano\/?s={search_term_string}\"},\"query-input\":\"required name=search_term_string\"}],\"inLanguage\":\"es\"},{\"@type\":\"Organization\",\"@id\":\"https:\/\/experienciadevida.com.ar\/portalurbano\/#organization\",\"name\":\"Portal Urbano\",\"url\":\"https:\/\/experienciadevida.com.ar\/portalurbano\/\",\"logo\":{\"@type\":\"ImageObject\",\"inLanguage\":\"es\",\"@id\":\"https:\/\/experienciadevida.com.ar\/portalurbano\/#\/schema\/logo\/image\/\",\"url\":\"https:\/\/experienciadevida.com.ar\/portalurbano\/wp-content\/uploads\/2019\/09\/Logo-Original.png\",\"contentUrl\":\"https:\/\/experienciadevida.com.ar\/portalurbano\/wp-content\/uploads\/2019\/09\/Logo-Original.png\",\"width\":2236,\"height\":1216,\"caption\":\"Portal Urbano\"},\"image\":{\"@id\":\"https:\/\/experienciadevida.com.ar\/portalurbano\/#\/schema\/logo\/image\/\"},\"sameAs\":[\"https:\/\/www.facebook.com\/Portal-Urbano-171542830093757\/\",\"https:\/\/twitter.com\/portalurbanook\",\"https:\/\/www.instagram.com\/_portalurbano\/\",\"https:\/\/www.youtube.com\/channel\/UCXhagIfszH8KxFiOok79zbA?view_as=subscriber\"]},{\"@type\":\"Person\",\"@id\":\"https:\/\/experienciadevida.com.ar\/portalurbano\/#\/schema\/person\/02dd326b1c4b056e9cc972486934a3a7\",\"name\":\"admpu17wp\",\"image\":{\"@type\":\"ImageObject\",\"inLanguage\":\"es\",\"@id\":\"https:\/\/experienciadevida.com.ar\/portalurbano\/#\/schema\/person\/image\/\",\"url\":\"https:\/\/secure.gravatar.com\/avatar\/830d4c57adaae6630765e449a6908047?s=96&d=mm&r=g\",\"contentUrl\":\"https:\/\/secure.gravatar.com\/avatar\/830d4c57adaae6630765e449a6908047?s=96&d=mm&r=g\",\"caption\":\"admpu17wp\"}}]}<\/script>\n<!-- \/ Yoast SEO plugin. -->","yoast_head_json":{"title":"Mercedes Landivar: \"Galli se olvid\u00f3 de mencionar que arranc\u00f3 la gesti\u00f3n\"","description":"Mercedes Landivar: \"Galli se olvid\u00f3 de mencionar que arranc\u00f3 la gesti\u00f3n 2020 con un d\u00e9ficit de 354 millones\", as\u00ed lo expres\u00f3 la concejal.","robots":{"index":"index","follow":"follow","max-snippet":"max-snippet:-1","max-image-preview":"max-image-preview:large","max-video-preview":"max-video-preview:-1"},"canonical":"https:\/\/experienciadevida.com.ar\/portalurbano\/mercedes-landivar-galli-se-olvido-de-mencionar-que-arranco-la-gestion-2020-con-un-deficit-de-354-millones\/","og_locale":"es_ES","og_type":"article","og_title":"Mercedes Landivar: \"Galli se olvid\u00f3 de mencionar que arranc\u00f3 la gesti\u00f3n\"","og_description":"Mercedes Landivar: \"Galli se olvid\u00f3 de mencionar que arranc\u00f3 la gesti\u00f3n 2020 con un d\u00e9ficit de 354 millones\", as\u00ed lo expres\u00f3 la concejal.","og_url":"https:\/\/experienciadevida.com.ar\/portalurbano\/mercedes-landivar-galli-se-olvido-de-mencionar-que-arranco-la-gestion-2020-con-un-deficit-de-354-millones\/","article_publisher":"https:\/\/www.facebook.com\/Portal-Urbano-171542830093757\/","article_published_time":"2021-03-06T13:37:38+00:00","article_modified_time":"2021-03-06T13:40:38+00:00","og_image":[{"width":720,"height":546,"url":"https:\/\/experienciadevida.com.ar\/portalurbano\/wp-content\/uploads\/2021\/03\/157650817_10221905496617965_3846853480756710956_n.jpg","type":"image\/jpeg"}],"author":"admpu17wp","twitter_card":"summary_large_image","twitter_creator":"@portalurbanook","twitter_site":"@portalurbanook","twitter_misc":{"Escrito por":"admpu17wp","Tiempo de lectura":"2 minutos"},"schema":{"@context":"https:\/\/schema.org","@graph":[{"@type":"Article","@id":"https:\/\/experienciadevida.com.ar\/portalurbano\/mercedes-landivar-galli-se-olvido-de-mencionar-que-arranco-la-gestion-2020-con-un-deficit-de-354-millones\/#article","isPartOf":{"@id":"https:\/\/experienciadevida.com.ar\/portalurbano\/mercedes-landivar-galli-se-olvido-de-mencionar-que-arranco-la-gestion-2020-con-un-deficit-de-354-millones\/"},"author":{"name":"admpu17wp","@id":"https:\/\/experienciadevida.com.ar\/portalurbano\/#\/schema\/person\/02dd326b1c4b056e9cc972486934a3a7"},"headline":"Mercedes Landivar: &#8220;Galli se olvid\u00f3 de mencionar que arranc\u00f3 la gesti\u00f3n 2020 con un d\u00e9ficit de 354 millones&#8221;","datePublished":"2021-03-06T13:37:38+00:00","dateModified":"2021-03-06T13:40:38+00:00","mainEntityOfPage":{"@id":"https:\/\/experienciadevida.com.ar\/portalurbano\/mercedes-landivar-galli-se-olvido-de-mencionar-que-arranco-la-gestion-2020-con-un-deficit-de-354-millones\/"},"wordCount":336,"publisher":{"@id":"https:\/\/experienciadevida.com.ar\/portalurbano\/#organization"},"articleSection":["Destacadas","Pol\u00edtica"],"inLanguage":"es"},{"@type":"WebPage","@id":"https:\/\/experienciadevida.com.ar\/portalurbano\/mercedes-landivar-galli-se-olvido-de-mencionar-que-arranco-la-gestion-2020-con-un-deficit-de-354-millones\/","url":"https:\/\/experienciadevida.com.ar\/portalurbano\/mercedes-landivar-galli-se-olvido-de-mencionar-que-arranco-la-gestion-2020-con-un-deficit-de-354-millones\/","name":"Mercedes Landivar: \"Galli se olvid\u00f3 de mencionar que arranc\u00f3 la gesti\u00f3n\"","isPartOf":{"@id":"https:\/\/experienciadevida.com.ar\/portalurbano\/#website"},"datePublished":"2021-03-06T13:37:38+00:00","dateModified":"2021-03-06T13:40:38+00:00","description":"Mercedes Landivar: \"Galli se olvid\u00f3 de mencionar que arranc\u00f3 la gesti\u00f3n 2020 con un d\u00e9ficit de 354 millones\", as\u00ed lo expres\u00f3 la concejal.","breadcrumb":{"@id":"https:\/\/experienciadevida.com.ar\/portalurbano\/mercedes-landivar-galli-se-olvido-de-mencionar-que-arranco-la-gestion-2020-con-un-deficit-de-354-millones\/#breadcrumb"},"inLanguage":"es","potentialAction":[{"@type":"ReadAction","target":["https:\/\/experienciadevida.com.ar\/portalurbano\/mercedes-landivar-galli-se-olvido-de-mencionar-que-arranco-la-gestion-2020-con-un-deficit-de-354-millones\/"]}]},{"@type":"BreadcrumbList","@id":"https:\/\/experienciadevida.com.ar\/portalurbano\/mercedes-landivar-galli-se-olvido-de-mencionar-que-arranco-la-gestion-2020-con-un-deficit-de-354-millones\/#breadcrumb","itemListElement":[{"@type":"ListItem","position":1,"name":"Portada","item":"https:\/\/experienciadevida.com.ar\/portalurbano\/"},{"@type":"ListItem","position":2,"name":"Mercedes Landivar: \u00abGalli se olvid\u00f3 de mencionar que arranc\u00f3 la gesti\u00f3n 2020 con un d\u00e9ficit de 354 millones\u00bb"}]},{"@type":"WebSite","@id":"https:\/\/experienciadevida.com.ar\/portalurbano\/#website","url":"https:\/\/experienciadevida.com.ar\/portalurbano\/","name":"","description":"","publisher":{"@id":"https:\/\/experienciadevida.com.ar\/portalurbano\/#organization"},"potentialAction":[{"@type":"SearchAction","target":{"@type":"EntryPoint","urlTemplate":"https:\/\/experienciadevida.com.ar\/portalurbano\/?s={search_term_string}"},"query-input":"required name=search_term_string"}],"inLanguage":"es"},{"@type":"Organization","@id":"https:\/\/experienciadevida.com.ar\/portalurbano\/#organization","name":"Portal Urbano","url":"https:\/\/experienciadevida.com.ar\/portalurbano\/","logo":{"@type":"ImageObject","inLanguage":"es","@id":"https:\/\/experienciadevida.com.ar\/portalurbano\/#\/schema\/logo\/image\/","url":"https:\/\/experienciadevida.com.ar\/portalurbano\/wp-content\/uploads\/2019\/09\/Logo-Original.png","contentUrl":"https:\/\/experienciadevida.com.ar\/portalurbano\/wp-content\/uploads\/2019\/09\/Logo-Original.png","width":2236,"height":1216,"caption":"Portal Urbano"},"image":{"@id":"https:\/\/experienciadevida.com.ar\/portalurbano\/#\/schema\/logo\/image\/"},"sameAs":["https:\/\/www.facebook.com\/Portal-Urbano-171542830093757\/","https:\/\/twitter.com\/portalurbanook","https:\/\/www.instagram.com\/_portalurbano\/","https:\/\/www.youtube.com\/channel\/UCXhagIfszH8KxFiOok79zbA?view_as=subscriber"]},{"@type":"Person","@id":"https:\/\/experienciadevida.com.ar\/portalurbano\/#\/schema\/person\/02dd326b1c4b056e9cc972486934a3a7","name":"admpu17wp","image":{"@type":"ImageObject","inLanguage":"es","@id":"https:\/\/experienciadevida.com.ar\/portalurbano\/#\/schema\/person\/image\/","url":"https:\/\/secure.gravatar.com\/avatar\/830d4c57adaae6630765e449a6908047?s=96&d=mm&r=g","contentUrl":"https:\/\/secure.gravatar.com\/avatar\/830d4c57adaae6630765e449a6908047?s=96&d=mm&r=g","caption":"admpu17wp"}}]}},"featured_image_urls":{"full":["https:\/\/experienciadevida.com.ar\/portalurbano\/wp-content\/uploads\/2021\/03\/157650817_10221905496617965_3846853480756710956_n.jpg",720,546,false],"thumbnail":["https:\/\/experienciadevida.com.ar\/portalurbano\/wp-content\/uploads\/2021\/03\/157650817_10221905496617965_3846853480756710956_n-150x150.jpg",150,150,true],"medium":["https:\/\/experienciadevida.com.ar\/portalurbano\/wp-content\/uploads\/2021\/03\/157650817_10221905496617965_3846853480756710956_n-300x228.jpg",300,228,true],"medium_large":["https:\/\/experienciadevida.com.ar\/portalurbano\/wp-content\/uploads\/2021\/03\/157650817_10221905496617965_3846853480756710956_n.jpg",640,485,false],"large":["https:\/\/experienciadevida.com.ar\/portalurbano\/wp-content\/uploads\/2021\/03\/157650817_10221905496617965_3846853480756710956_n.jpg",640,485,false],"ug_big":["https:\/\/experienciadevida.com.ar\/portalurbano\/wp-content\/uploads\/2021\/03\/157650817_10221905496617965_3846853480756710956_n.jpg",720,546,false],"1536x1536":["https:\/\/experienciadevida.com.ar\/portalurbano\/wp-content\/uploads\/2021\/03\/157650817_10221905496617965_3846853480756710956_n.jpg",720,546,false],"2048x2048":["https:\/\/experienciadevida.com.ar\/portalurbano\/wp-content\/uploads\/2021\/03\/157650817_10221905496617965_3846853480756710956_n.jpg",720,546,false],"newsever-slider-full":["https:\/\/experienciadevida.com.ar\/portalurbano\/wp-content\/uploads\/2021\/03\/157650817_10221905496617965_3846853480756710956_n.jpg",720,546,false],"newsever-featured":["https:\/\/experienciadevida.com.ar\/portalurbano\/wp-content\/uploads\/2021\/03\/157650817_10221905496617965_3846853480756710956_n.jpg",720,546,false],"newsever-medium":["https:\/\/experienciadevida.com.ar\/portalurbano\/wp-content\/uploads\/2021\/03\/157650817_10221905496617965_3846853480756710956_n.jpg",626,475,false],"web-stories-poster-portrait":["https:\/\/experienciadevida.com.ar\/portalurbano\/wp-content\/uploads\/2021\/03\/157650817_10221905496617965_3846853480756710956_n.jpg",640,485,false],"web-stories-publisher-logo":["https:\/\/experienciadevida.com.ar\/portalurbano\/wp-content\/uploads\/2021\/03\/157650817_10221905496617965_3846853480756710956_n.jpg",96,73,false],"web-stories-thumbnail":["https:\/\/experienciadevida.com.ar\/portalurbano\/wp-content\/uploads\/2021\/03\/157650817_10221905496617965_3846853480756710956_n.jpg",150,114,false]},"author_info":{"display_name":"admpu17wp","author_link":"https:\/\/experienciadevida.com.ar\/portalurbano\/author\/admpu17wp\/"},"category_info":"<a href=\"https:\/\/experienciadevida.com.ar\/portalurbano\/category\/destacadas\/\" rel=\"category tag\">Destacadas<\/a> <a href=\"https:\/\/experienciadevida.com.ar\/portalurbano\/category\/politica\/\" rel=\"category tag\">Pol\u00edtica<\/a>","tag_info":"Pol\u00edtica","comment_count":"0","amp_enabled":true,"_links":{"self":[{"href":"https:\/\/experienciadevida.com.ar\/portalurbano\/wp-json\/wp\/v2\/posts\/136715"}],"collection":[{"href":"https:\/\/experienciadevida.com.ar\/portalurbano\/wp-json\/wp\/v2\/posts"}],"about":[{"href":"https:\/\/experienciadevida.com.ar\/portalurbano\/wp-json\/wp\/v2\/types\/post"}],"author":[{"embeddable":true,"href":"https:\/\/experienciadevida.com.ar\/portalurbano\/wp-json\/wp\/v2\/users\/1"}],"replies":[{"embeddable":true,"href":"https:\/\/experienciadevida.com.ar\/portalurbano\/wp-json\/wp\/v2\/comments?post=136715"}],"version-history":[{"count":3,"href":"https:\/\/experienciadevida.com.ar\/portalurbano\/wp-json\/wp\/v2\/posts\/136715\/revisions"}],"predecessor-version":[{"id":136719,"href":"https:\/\/experienciadevida.com.ar\/portalurbano\/wp-json\/wp\/v2\/posts\/136715\/revisions\/136719"}],"wp:featuredmedia":[{"embeddable":true,"href":"https:\/\/experienciadevida.com.ar\/portalurbano\/wp-json\/wp\/v2\/media\/136716"}],"wp:attachment":[{"href":"https:\/\/experienciadevida.com.ar\/portalurbano\/wp-json\/wp\/v2\/media?parent=136715"}],"wp:term":[{"taxonomy":"category","embeddable":true,"href":"https:\/\/experienciadevida.com.ar\/portalurbano\/wp-json\/wp\/v2\/categories?post=136715"},{"taxonomy":"post_tag","embeddable":true,"href":"https:\/\/experienciadevida.com.ar\/portalurbano\/wp-json\/wp\/v2\/tags?post=136715"}],"curies":[{"name":"wp","href":"https:\/\/api.w.org\/{rel}","templated":true}]}}