{"id":136705,"date":"2021-03-05T21:39:34","date_gmt":"2021-03-06T00:39:34","guid":{"rendered":"https:\/\/experienciadevida.com.ar\/portalurbano\/?p=136705"},"modified":"2021-03-05T21:42:11","modified_gmt":"2021-03-06T00:42:11","slug":"apertura-de-sesiones-2021-el-2020-se-transformo-en-un-ano-bisagra","status":"publish","type":"post","link":"https:\/\/experienciadevida.com.ar\/portalurbano\/apertura-de-sesiones-2021-el-2020-se-transformo-en-un-ano-bisagra\/","title":{"rendered":"Apertura de sesiones 2021: &#8220;El 2020  se transform\u00f3 en un a\u00f1o bisagra&#8221;"},"content":{"rendered":"<p>Apertura de sesiones 2021: &#8220;El 2020 se transform\u00f3 en un a\u00f1o bisagra&#8221;. En la jornada de este viernes se realiz\u00f3 la apertura de sesiones ordinarias del\u00a0 per\u00edodo 2021 del Consejo Deliberante en la Sociedad Espa\u00f1ola, la misma fue convocada a las 19hs y estuvo encabezada por el Presidente Bruno Cenizo, el Secretario Lanceta y el Intendente de nuestra ciudad Ezequiel Galli.<\/p>\n<p>Adem\u00e1s estuvo presente directores, funcionarios, la Senadora Provincial Lucrecia, el ex Intendente Jos\u00e9 Eseverri, autoridades del Regimiento, Bomberos, polic\u00eda, penitenciarios,\u00a0 de la Sociedad Rural, de la C\u00e1mara Empresaria, Uni\u00f3n de Clubes y dem\u00e1s autoridades de todos los organismos de nuestro Partido.<\/p>\n<p><strong>Per\u00edodo Legislativo proyectos aprobados<\/strong>:<\/p>\n<p>Proyectos de ordenanza 130 (aprobados 44) que corresponden a Juntos por el cambio, proyectos de ordenanza presentadas 3 aprobadas 1.<\/p>\n<p><strong>Interbloque Frente de Todos<\/strong>: proyectos de resoluciones presentados 27 (aprobados 24), proyectos de comunicaci\u00f3n presentados 7 aprobados en su totalidad, proyectos de ordenanza presentados 14 aprobados 7, proyectos de resoluci\u00f3n presentados 115 aprobados 86, pedidos de informes presentados 30 aprobados 24, proyectos de comunicaci\u00f3n presentados 33 y aprobados 27, proyectos de decreto presentados 5 aprobados en su totalidad.<\/p>\n<p><strong>Bloque UCR<\/strong>: proyectos de ordenanza presentados 4 (aprobados en su totalidad), proyecto de resoluci\u00f3n presentados 6 (aprobados en su totalidad), proyectos de comunicaci\u00f3n presentados 2 (aprobados en su totalidad).<\/p>\n<p><strong>Bloque Radicales en Juntos por el Cambio<\/strong>: proyecto de ordenanza presentados 4 (aprobados 1), proyectos de resoluci\u00f3n presentados 4 (aprobados en su totalidad), pedidos de informes presentados 7 (aprobados en su totalidad).<\/p>\n<p><strong>Bloque Cuidemos Olavarr\u00eda<\/strong>: proyecto de ordenanza presentados 4 (aprobados 1), proyecto de resoluci\u00f3n presentados 5 (aprobados 4), proyectos de comunicaci\u00f3n presentados 2 (aprobados en su totalidad),\u00a0 pedidos de informes presentados 7 (aprobados en su totalidad).<\/p>\n<p>&#8220;Presidencia del HCD e instituciones sociales, pol\u00edticas, educativas y vecinos proyectos de ordenanza\u00a0 presentados 12 aprobados 5, proyectos de resoluci\u00f3n presentados 10 aprobados 8,\u00a0 proyectos de comunicaci\u00f3n\u00a0 presentados 3 aprobados en su totalidad&#8221;.<\/p>\n<p>De los proyectos en tratamiento en el per\u00edodo 2020 y a\u00f1os anteriores resultaron sancionadas 96 ordenanzas, comunicaciones 44, decretos 88, pedidos de informe 38, resoluciones 145\u00a0 siendo un total de 414 instrumentos normativos sancionados por el HCD.<\/p>\n<p>Luego tom\u00f3 la palabra el Intendente de nuestra ciudad <a href=\"https:\/\/www.facebook.com\/galliezequiel\">Ezequiel Galli<\/a> en\u00a0 la apertura de sesiones 2021&#8243;hace un a\u00f1o cuando inaugur\u00e1bamos las sesiones ordinarias del HCD realizando el balance de lo hecho en el 2019 y cont\u00e1ndole a la comunidad nuestros objetivos para el 2020, si bien ya habl\u00e1bamos de una pandemia que se acercaba a nuestro pa\u00eds y est\u00e1bamos planificando las primeras acciones en materia de prevenci\u00f3n en Olavarr\u00eda, no nos imagin\u00e1bamos que pocos d\u00edas despu\u00e9s todo iba a cambiar. Ya en enero del 2020, la OMS recibi\u00f3 informaci\u00f3n m\u00e1s detallada de la comisi\u00f3n nacional de salud,\u00a0 sobre el brote de un virus originado en China, a partir de ese momento la difusi\u00f3n de las noticias sobre esta situaci\u00f3n se intensific\u00f3 y a partir de ello nuestro equipo de salud comenz\u00f3 a interiorizarse del tema, cuando para muchos no era una preocupaci\u00f3n empezamos a trabajar prematuramente, prepar\u00e1ndonos para hacerle frente&#8221;.<\/p>\n<p>&#8220;Nuestro equipo de salud liderado por el Doctor Germ\u00e1n Caputo se puso en alerta y sabiendo de la presencia de ciudadanos Chinos\u00a0 en una importante obra decidieron concretar la primera acci\u00f3n en el marco de la pandemia\u00a0 reuni\u00e9ndose con trabajadores de la empresa cementera para evaluar la situaci\u00f3n y delinear estrategias de prevenci\u00f3n, a partir de esa primera acci\u00f3n todo cambi\u00f3 para nuestra gesti\u00f3n y el 2020 se transform\u00f3 en un a\u00f1o bisagra fundamentalmente para los sistemas de salud pero tambi\u00e9n para las dem\u00e1s \u00e1reas de gesti\u00f3n dado que hubo que repensar todo lo proyectado para el a\u00f1o. La llegada a nuestro pa\u00eds del nuevo coronavirus, el desconocimiento inicial de sus consecuencias cl\u00ednicas, epidemiol\u00f3gicas y su mecanismo de contagio obligaron a adaptarnos no s\u00f3lo en los protocolos de atenci\u00f3n m\u00e9dica sino tambi\u00e9n en nuestra vida social, actividades laborales y recreativas&#8221;.<\/p>\n<p>Por otro lado dijo &#8220;siendo Argentina uno de los pa\u00edses donde el virus surgi\u00f3 en forma m\u00e1s tard\u00eda nos permiti\u00f3 observar su comportamiento en el resto del mundo con un pron\u00f3stico muy incierto y preocupante teniendo en cuenta las experiencias vividas en China y Europa, con el objetivo de dar respuesta y cambiar este pron\u00f3stico en nuestra ciudad se conform\u00f3 el comit\u00e9 de crisis integrado por un equipo multidisciplinario de m\u00e9dicos, especialistas en infectolog\u00eda, epidemi\u00f3logos, bioqu\u00edmicos, enfermeros, que nos asesoraron en todas las cuestiones relacionadas al manejo de esta pandemia. En simult\u00e1neo se puso en funcionamiento la sala de situaci\u00f3n de Covid-19, a cargo de la Direcci\u00f3n de epidemiolog\u00eda de nuestra ciudad&#8221;.<\/p>\n<p>&#8220;Mencionamos las acciones m\u00e1s importantes como el primer problema que surgi\u00f3 fue la necesidad de adaptar los protocolos de atenci\u00f3n y proveer de equipo de protecci\u00f3n personal a todo el personal expuesto, la escases y la gran demanda global de este equipamiento requiri\u00f3 la adaptaci\u00f3n de empresas locales para la fabricaci\u00f3n de los mismos, se logr\u00f3 la adquisici\u00f3n de 196mil barbijos 80 mil camisolines e instrumentos necesarios con una inversi\u00f3n de 31 millones de pesos, debido al cierre de instalaciones y al aislamiento tuvimos que reordenar todas las v\u00edas de comunicaci\u00f3n con salud y otras \u00e1reas. Esto permiti\u00f3 asistir a la comunidad, registrando m\u00e1s de 60 mil consultas&#8221;.<\/p>\n<p>A su vez &#8220;controles en los accesos, arcos sanitarios y PCR obligatorio. La realizaci\u00f3n de testeos merece un cap\u00edtulo aparte, siendo uno de los principales pilares de la pandemia,\u00a0 otra cosa importante fue el RTA, requiri\u00f3 adaptar el Hospital y proteger el grupo de mayor riesgo como geri\u00e1tricos. El sistema p\u00fablico se distribuy\u00f3, permitiendo seguir con otras atenciones&#8221;.<\/p>\n<p>&#8220;La aparici\u00f3n de la vacuna trajo una luz de esperanza para este 2021, nos pusimos a disposici\u00f3n, se instal\u00f3 la c\u00e1mara de refrigeraci\u00f3n&#8221;.<\/p>\n<p>Para finalizar mencion\u00f3 &#8220;el 2021 se sigue presentando incierto nuestros objetivos est\u00e1n claros, la salud, lo social y econ\u00f3mico siguen siendo las prioridades fundamentales, pero tambi\u00e9n queremos seguir reactivando y concretando nuevas obras para mejorar la calidad de vida a los Olavarrienses, tenemos la esperanza de salir de una situaci\u00f3n tan compleja y delicada como la del a\u00f1o pasado&#8221;.<\/p>\n","protected":false},"excerpt":{"rendered":"<p>Apertura de sesiones 2021: &#8220;El 2020 se transform\u00f3 en un a\u00f1o bisagra&#8221;. En la jornada&#8230;<\/p>\n","protected":false},"author":1,"featured_media":136706,"comment_status":"closed","ping_status":"closed","sticky":false,"template":"","format":"standard","meta":{"content-type":""},"categories":[64,43],"tags":[],"nelio_content":{"isAutoShareEnabled":false,"autoShareEndMode":"default","automationSources":{"useContentSentences":true,"useSocialTemplates":true,"useCustomSentences":false,"customSentences":[]},"followers":[1],"suggestedReferences":[],"includedReferences":[],"efiUrl":"","efiAlt":"","highlights":[]},"yoast_head":"<!-- This site is optimized with the Yoast SEO plugin v20.7 - https:\/\/yoast.com\/wordpress\/plugins\/seo\/ -->\n<title>Apertura de sesiones 2021: &quot;El 2020 se transform\u00f3 en un a\u00f1o bisagra&quot;<\/title>\n<meta name=\"description\" content=\"Apertura de sesiones 2021: &quot;El 2020 se transform\u00f3 en un a\u00f1o bisagra&quot;, a misma fue convocada a las 19hs y estuvo encabezada por Galli.\" \/>\n<meta name=\"robots\" content=\"index, follow, max-snippet:-1, max-image-preview:large, max-video-preview:-1\" \/>\n<link rel=\"canonical\" href=\"https:\/\/experienciadevida.com.ar\/portalurbano\/apertura-de-sesiones-2021-el-2020-se-transformo-en-un-ano-bisagra\/\" \/>\n<meta property=\"og:locale\" content=\"es_ES\" \/>\n<meta property=\"og:type\" content=\"article\" \/>\n<meta property=\"og:title\" content=\"Apertura de sesiones 2021: &quot;El 2020 se transform\u00f3 en un a\u00f1o bisagra&quot;\" \/>\n<meta property=\"og:description\" content=\"Apertura de sesiones 2021: &quot;El 2020 se transform\u00f3 en un a\u00f1o bisagra&quot;, a misma fue convocada a las 19hs y estuvo encabezada por Galli.\" \/>\n<meta property=\"og:url\" content=\"https:\/\/experienciadevida.com.ar\/portalurbano\/apertura-de-sesiones-2021-el-2020-se-transformo-en-un-ano-bisagra\/\" \/>\n<meta property=\"article:publisher\" content=\"https:\/\/www.facebook.com\/Portal-Urbano-171542830093757\/\" \/>\n<meta property=\"article:published_time\" content=\"2021-03-06T00:39:34+00:00\" \/>\n<meta property=\"article:modified_time\" content=\"2021-03-06T00:42:11+00:00\" \/>\n<meta property=\"og:image\" content=\"https:\/\/experienciadevida.com.ar\/portalurbano\/wp-content\/uploads\/2021\/03\/Apertura-de-sesiones-1.png\" \/>\n\t<meta property=\"og:image:width\" content=\"783\" \/>\n\t<meta property=\"og:image:height\" content=\"492\" \/>\n\t<meta property=\"og:image:type\" content=\"image\/png\" \/>\n<meta name=\"author\" content=\"admpu17wp\" \/>\n<meta name=\"twitter:card\" content=\"summary_large_image\" \/>\n<meta name=\"twitter:creator\" content=\"@portalurbanook\" \/>\n<meta name=\"twitter:site\" content=\"@portalurbanook\" \/>\n<meta name=\"twitter:label1\" content=\"Escrito por\" \/>\n\t<meta name=\"twitter:data1\" content=\"admpu17wp\" \/>\n\t<meta name=\"twitter:label2\" content=\"Tiempo de lectura\" \/>\n\t<meta name=\"twitter:data2\" content=\"5 minutos\" \/>\n<script type=\"application\/ld+json\" class=\"yoast-schema-graph\">{\"@context\":\"https:\/\/schema.org\",\"@graph\":[{\"@type\":\"Article\",\"@id\":\"https:\/\/experienciadevida.com.ar\/portalurbano\/apertura-de-sesiones-2021-el-2020-se-transformo-en-un-ano-bisagra\/#article\",\"isPartOf\":{\"@id\":\"https:\/\/experienciadevida.com.ar\/portalurbano\/apertura-de-sesiones-2021-el-2020-se-transformo-en-un-ano-bisagra\/\"},\"author\":{\"name\":\"admpu17wp\",\"@id\":\"https:\/\/experienciadevida.com.ar\/portalurbano\/#\/schema\/person\/02dd326b1c4b056e9cc972486934a3a7\"},\"headline\":\"Apertura de sesiones 2021: &#8220;El 2020 se transform\u00f3 en un a\u00f1o bisagra&#8221;\",\"datePublished\":\"2021-03-06T00:39:34+00:00\",\"dateModified\":\"2021-03-06T00:42:11+00:00\",\"mainEntityOfPage\":{\"@id\":\"https:\/\/experienciadevida.com.ar\/portalurbano\/apertura-de-sesiones-2021-el-2020-se-transformo-en-un-ano-bisagra\/\"},\"wordCount\":1055,\"publisher\":{\"@id\":\"https:\/\/experienciadevida.com.ar\/portalurbano\/#organization\"},\"articleSection\":[\"Destacadas 2\",\"Pol\u00edtica\"],\"inLanguage\":\"es\"},{\"@type\":\"WebPage\",\"@id\":\"https:\/\/experienciadevida.com.ar\/portalurbano\/apertura-de-sesiones-2021-el-2020-se-transformo-en-un-ano-bisagra\/\",\"url\":\"https:\/\/experienciadevida.com.ar\/portalurbano\/apertura-de-sesiones-2021-el-2020-se-transformo-en-un-ano-bisagra\/\",\"name\":\"Apertura de sesiones 2021: \\\"El 2020 se transform\u00f3 en un a\u00f1o bisagra\\\"\",\"isPartOf\":{\"@id\":\"https:\/\/experienciadevida.com.ar\/portalurbano\/#website\"},\"datePublished\":\"2021-03-06T00:39:34+00:00\",\"dateModified\":\"2021-03-06T00:42:11+00:00\",\"description\":\"Apertura de sesiones 2021: \\\"El 2020 se transform\u00f3 en un a\u00f1o bisagra\\\", a misma fue convocada a las 19hs y estuvo encabezada por Galli.\",\"breadcrumb\":{\"@id\":\"https:\/\/experienciadevida.com.ar\/portalurbano\/apertura-de-sesiones-2021-el-2020-se-transformo-en-un-ano-bisagra\/#breadcrumb\"},\"inLanguage\":\"es\",\"potentialAction\":[{\"@type\":\"ReadAction\",\"target\":[\"https:\/\/experienciadevida.com.ar\/portalurbano\/apertura-de-sesiones-2021-el-2020-se-transformo-en-un-ano-bisagra\/\"]}]},{\"@type\":\"BreadcrumbList\",\"@id\":\"https:\/\/experienciadevida.com.ar\/portalurbano\/apertura-de-sesiones-2021-el-2020-se-transformo-en-un-ano-bisagra\/#breadcrumb\",\"itemListElement\":[{\"@type\":\"ListItem\",\"position\":1,\"name\":\"Portada\",\"item\":\"https:\/\/experienciadevida.com.ar\/portalurbano\/\"},{\"@type\":\"ListItem\",\"position\":2,\"name\":\"Apertura de sesiones 2021: \u00abEl 2020 se transform\u00f3 en un a\u00f1o bisagra\u00bb\"}]},{\"@type\":\"WebSite\",\"@id\":\"https:\/\/experienciadevida.com.ar\/portalurbano\/#website\",\"url\":\"https:\/\/experienciadevida.com.ar\/portalurbano\/\",\"name\":\"\",\"description\":\"\",\"publisher\":{\"@id\":\"https:\/\/experienciadevida.com.ar\/portalurbano\/#organization\"},\"potentialAction\":[{\"@type\":\"SearchAction\",\"target\":{\"@type\":\"EntryPoint\",\"urlTemplate\":\"https:\/\/experienciadevida.com.ar\/portalurbano\/?s={search_term_string}\"},\"query-input\":\"required name=search_term_string\"}],\"inLanguage\":\"es\"},{\"@type\":\"Organization\",\"@id\":\"https:\/\/experienciadevida.com.ar\/portalurbano\/#organization\",\"name\":\"Portal Urbano\",\"url\":\"https:\/\/experienciadevida.com.ar\/portalurbano\/\",\"logo\":{\"@type\":\"ImageObject\",\"inLanguage\":\"es\",\"@id\":\"https:\/\/experienciadevida.com.ar\/portalurbano\/#\/schema\/logo\/image\/\",\"url\":\"https:\/\/experienciadevida.com.ar\/portalurbano\/wp-content\/uploads\/2019\/09\/Logo-Original.png\",\"contentUrl\":\"https:\/\/experienciadevida.com.ar\/portalurbano\/wp-content\/uploads\/2019\/09\/Logo-Original.png\",\"width\":2236,\"height\":1216,\"caption\":\"Portal Urbano\"},\"image\":{\"@id\":\"https:\/\/experienciadevida.com.ar\/portalurbano\/#\/schema\/logo\/image\/\"},\"sameAs\":[\"https:\/\/www.facebook.com\/Portal-Urbano-171542830093757\/\",\"https:\/\/twitter.com\/portalurbanook\",\"https:\/\/www.instagram.com\/_portalurbano\/\",\"https:\/\/www.youtube.com\/channel\/UCXhagIfszH8KxFiOok79zbA?view_as=subscriber\"]},{\"@type\":\"Person\",\"@id\":\"https:\/\/experienciadevida.com.ar\/portalurbano\/#\/schema\/person\/02dd326b1c4b056e9cc972486934a3a7\",\"name\":\"admpu17wp\",\"image\":{\"@type\":\"ImageObject\",\"inLanguage\":\"es\",\"@id\":\"https:\/\/experienciadevida.com.ar\/portalurbano\/#\/schema\/person\/image\/\",\"url\":\"https:\/\/secure.gravatar.com\/avatar\/830d4c57adaae6630765e449a6908047?s=96&d=mm&r=g\",\"contentUrl\":\"https:\/\/secure.gravatar.com\/avatar\/830d4c57adaae6630765e449a6908047?s=96&d=mm&r=g\",\"caption\":\"admpu17wp\"}}]}<\/script>\n<!-- \/ Yoast SEO plugin. -->","yoast_head_json":{"title":"Apertura de sesiones 2021: \"El 2020 se transform\u00f3 en un a\u00f1o bisagra\"","description":"Apertura de sesiones 2021: \"El 2020 se transform\u00f3 en un a\u00f1o bisagra\", a misma fue convocada a las 19hs y estuvo encabezada por Galli.","robots":{"index":"index","follow":"follow","max-snippet":"max-snippet:-1","max-image-preview":"max-image-preview:large","max-video-preview":"max-video-preview:-1"},"canonical":"https:\/\/experienciadevida.com.ar\/portalurbano\/apertura-de-sesiones-2021-el-2020-se-transformo-en-un-ano-bisagra\/","og_locale":"es_ES","og_type":"article","og_title":"Apertura de sesiones 2021: \"El 2020 se transform\u00f3 en un a\u00f1o bisagra\"","og_description":"Apertura de sesiones 2021: \"El 2020 se transform\u00f3 en un a\u00f1o bisagra\", a misma fue convocada a las 19hs y estuvo encabezada por Galli.","og_url":"https:\/\/experienciadevida.com.ar\/portalurbano\/apertura-de-sesiones-2021-el-2020-se-transformo-en-un-ano-bisagra\/","article_publisher":"https:\/\/www.facebook.com\/Portal-Urbano-171542830093757\/","article_published_time":"2021-03-06T00:39:34+00:00","article_modified_time":"2021-03-06T00:42:11+00:00","og_image":[{"width":783,"height":492,"url":"https:\/\/experienciadevida.com.ar\/portalurbano\/wp-content\/uploads\/2021\/03\/Apertura-de-sesiones-1.png","type":"image\/png"}],"author":"admpu17wp","twitter_card":"summary_large_image","twitter_creator":"@portalurbanook","twitter_site":"@portalurbanook","twitter_misc":{"Escrito por":"admpu17wp","Tiempo de lectura":"5 minutos"},"schema":{"@context":"https:\/\/schema.org","@graph":[{"@type":"Article","@id":"https:\/\/experienciadevida.com.ar\/portalurbano\/apertura-de-sesiones-2021-el-2020-se-transformo-en-un-ano-bisagra\/#article","isPartOf":{"@id":"https:\/\/experienciadevida.com.ar\/portalurbano\/apertura-de-sesiones-2021-el-2020-se-transformo-en-un-ano-bisagra\/"},"author":{"name":"admpu17wp","@id":"https:\/\/experienciadevida.com.ar\/portalurbano\/#\/schema\/person\/02dd326b1c4b056e9cc972486934a3a7"},"headline":"Apertura de sesiones 2021: &#8220;El 2020 se transform\u00f3 en un a\u00f1o bisagra&#8221;","datePublished":"2021-03-06T00:39:34+00:00","dateModified":"2021-03-06T00:42:11+00:00","mainEntityOfPage":{"@id":"https:\/\/experienciadevida.com.ar\/portalurbano\/apertura-de-sesiones-2021-el-2020-se-transformo-en-un-ano-bisagra\/"},"wordCount":1055,"publisher":{"@id":"https:\/\/experienciadevida.com.ar\/portalurbano\/#organization"},"articleSection":["Destacadas 2","Pol\u00edtica"],"inLanguage":"es"},{"@type":"WebPage","@id":"https:\/\/experienciadevida.com.ar\/portalurbano\/apertura-de-sesiones-2021-el-2020-se-transformo-en-un-ano-bisagra\/","url":"https:\/\/experienciadevida.com.ar\/portalurbano\/apertura-de-sesiones-2021-el-2020-se-transformo-en-un-ano-bisagra\/","name":"Apertura de sesiones 2021: \"El 2020 se transform\u00f3 en un a\u00f1o bisagra\"","isPartOf":{"@id":"https:\/\/experienciadevida.com.ar\/portalurbano\/#website"},"datePublished":"2021-03-06T00:39:34+00:00","dateModified":"2021-03-06T00:42:11+00:00","description":"Apertura de sesiones 2021: \"El 2020 se transform\u00f3 en un a\u00f1o bisagra\", a misma fue convocada a las 19hs y estuvo encabezada por Galli.","breadcrumb":{"@id":"https:\/\/experienciadevida.com.ar\/portalurbano\/apertura-de-sesiones-2021-el-2020-se-transformo-en-un-ano-bisagra\/#breadcrumb"},"inLanguage":"es","potentialAction":[{"@type":"ReadAction","target":["https:\/\/experienciadevida.com.ar\/portalurbano\/apertura-de-sesiones-2021-el-2020-se-transformo-en-un-ano-bisagra\/"]}]},{"@type":"BreadcrumbList","@id":"https:\/\/experienciadevida.com.ar\/portalurbano\/apertura-de-sesiones-2021-el-2020-se-transformo-en-un-ano-bisagra\/#breadcrumb","itemListElement":[{"@type":"ListItem","position":1,"name":"Portada","item":"https:\/\/experienciadevida.com.ar\/portalurbano\/"},{"@type":"ListItem","position":2,"name":"Apertura de sesiones 2021: \u00abEl 2020 se transform\u00f3 en un a\u00f1o bisagra\u00bb"}]},{"@type":"WebSite","@id":"https:\/\/experienciadevida.com.ar\/portalurbano\/#website","url":"https:\/\/experienciadevida.com.ar\/portalurbano\/","name":"","description":"","publisher":{"@id":"https:\/\/experienciadevida.com.ar\/portalurbano\/#organization"},"potentialAction":[{"@type":"SearchAction","target":{"@type":"EntryPoint","urlTemplate":"https:\/\/experienciadevida.com.ar\/portalurbano\/?s={search_term_string}"},"query-input":"required name=search_term_string"}],"inLanguage":"es"},{"@type":"Organization","@id":"https:\/\/experienciadevida.com.ar\/portalurbano\/#organization","name":"Portal Urbano","url":"https:\/\/experienciadevida.com.ar\/portalurbano\/","logo":{"@type":"ImageObject","inLanguage":"es","@id":"https:\/\/experienciadevida.com.ar\/portalurbano\/#\/schema\/logo\/image\/","url":"https:\/\/experienciadevida.com.ar\/portalurbano\/wp-content\/uploads\/2019\/09\/Logo-Original.png","contentUrl":"https:\/\/experienciadevida.com.ar\/portalurbano\/wp-content\/uploads\/2019\/09\/Logo-Original.png","width":2236,"height":1216,"caption":"Portal Urbano"},"image":{"@id":"https:\/\/experienciadevida.com.ar\/portalurbano\/#\/schema\/logo\/image\/"},"sameAs":["https:\/\/www.facebook.com\/Portal-Urbano-171542830093757\/","https:\/\/twitter.com\/portalurbanook","https:\/\/www.instagram.com\/_portalurbano\/","https:\/\/www.youtube.com\/channel\/UCXhagIfszH8KxFiOok79zbA?view_as=subscriber"]},{"@type":"Person","@id":"https:\/\/experienciadevida.com.ar\/portalurbano\/#\/schema\/person\/02dd326b1c4b056e9cc972486934a3a7","name":"admpu17wp","image":{"@type":"ImageObject","inLanguage":"es","@id":"https:\/\/experienciadevida.com.ar\/portalurbano\/#\/schema\/person\/image\/","url":"https:\/\/secure.gravatar.com\/avatar\/830d4c57adaae6630765e449a6908047?s=96&d=mm&r=g","contentUrl":"https:\/\/secure.gravatar.com\/avatar\/830d4c57adaae6630765e449a6908047?s=96&d=mm&r=g","caption":"admpu17wp"}}]}},"featured_image_urls":{"full":["https:\/\/experienciadevida.com.ar\/portalurbano\/wp-content\/uploads\/2021\/03\/Apertura-de-sesiones-1.png",783,492,false],"thumbnail":["https:\/\/experienciadevida.com.ar\/portalurbano\/wp-content\/uploads\/2021\/03\/Apertura-de-sesiones-1-150x150.png",150,150,true],"medium":["https:\/\/experienciadevida.com.ar\/portalurbano\/wp-content\/uploads\/2021\/03\/Apertura-de-sesiones-1-300x189.png",300,189,true],"medium_large":["https:\/\/experienciadevida.com.ar\/portalurbano\/wp-content\/uploads\/2021\/03\/Apertura-de-sesiones-1-768x483.png",640,403,true],"large":["https:\/\/experienciadevida.com.ar\/portalurbano\/wp-content\/uploads\/2021\/03\/Apertura-de-sesiones-1.png",640,402,false],"ug_big":["https:\/\/experienciadevida.com.ar\/portalurbano\/wp-content\/uploads\/2021\/03\/Apertura-de-sesiones-1-768x483.png",768,483,true],"1536x1536":["https:\/\/experienciadevida.com.ar\/portalurbano\/wp-content\/uploads\/2021\/03\/Apertura-de-sesiones-1.png",783,492,false],"2048x2048":["https:\/\/experienciadevida.com.ar\/portalurbano\/wp-content\/uploads\/2021\/03\/Apertura-de-sesiones-1.png",783,492,false],"newsever-slider-full":["https:\/\/experienciadevida.com.ar\/portalurbano\/wp-content\/uploads\/2021\/03\/Apertura-de-sesiones-1.png",783,492,false],"newsever-featured":["https:\/\/experienciadevida.com.ar\/portalurbano\/wp-content\/uploads\/2021\/03\/Apertura-de-sesiones-1.png",783,492,false],"newsever-medium":["https:\/\/experienciadevida.com.ar\/portalurbano\/wp-content\/uploads\/2021\/03\/Apertura-de-sesiones-1.png",720,452,false],"web-stories-poster-portrait":["https:\/\/experienciadevida.com.ar\/portalurbano\/wp-content\/uploads\/2021\/03\/Apertura-de-sesiones-1.png",640,402,false],"web-stories-publisher-logo":["https:\/\/experienciadevida.com.ar\/portalurbano\/wp-content\/uploads\/2021\/03\/Apertura-de-sesiones-1.png",96,60,false],"web-stories-thumbnail":["https:\/\/experienciadevida.com.ar\/portalurbano\/wp-content\/uploads\/2021\/03\/Apertura-de-sesiones-1.png",150,94,false]},"author_info":{"display_name":"admpu17wp","author_link":"https:\/\/experienciadevida.com.ar\/portalurbano\/author\/admpu17wp\/"},"category_info":"<a href=\"https:\/\/experienciadevida.com.ar\/portalurbano\/category\/destacadas-2\/\" rel=\"category tag\">Destacadas 2<\/a> <a href=\"https:\/\/experienciadevida.com.ar\/portalurbano\/category\/politica\/\" rel=\"category tag\">Pol\u00edtica<\/a>","tag_info":"Pol\u00edtica","comment_count":"0","amp_enabled":true,"_links":{"self":[{"href":"https:\/\/experienciadevida.com.ar\/portalurbano\/wp-json\/wp\/v2\/posts\/136705"}],"collection":[{"href":"https:\/\/experienciadevida.com.ar\/portalurbano\/wp-json\/wp\/v2\/posts"}],"about":[{"href":"https:\/\/experienciadevida.com.ar\/portalurbano\/wp-json\/wp\/v2\/types\/post"}],"author":[{"embeddable":true,"href":"https:\/\/experienciadevida.com.ar\/portalurbano\/wp-json\/wp\/v2\/users\/1"}],"replies":[{"embeddable":true,"href":"https:\/\/experienciadevida.com.ar\/portalurbano\/wp-json\/wp\/v2\/comments?post=136705"}],"version-history":[{"count":3,"href":"https:\/\/experienciadevida.com.ar\/portalurbano\/wp-json\/wp\/v2\/posts\/136705\/revisions"}],"predecessor-version":[{"id":136709,"href":"https:\/\/experienciadevida.com.ar\/portalurbano\/wp-json\/wp\/v2\/posts\/136705\/revisions\/136709"}],"wp:featuredmedia":[{"embeddable":true,"href":"https:\/\/experienciadevida.com.ar\/portalurbano\/wp-json\/wp\/v2\/media\/136706"}],"wp:attachment":[{"href":"https:\/\/experienciadevida.com.ar\/portalurbano\/wp-json\/wp\/v2\/media?parent=136705"}],"wp:term":[{"taxonomy":"category","embeddable":true,"href":"https:\/\/experienciadevida.com.ar\/portalurbano\/wp-json\/wp\/v2\/categories?post=136705"},{"taxonomy":"post_tag","embeddable":true,"href":"https:\/\/experienciadevida.com.ar\/portalurbano\/wp-json\/wp\/v2\/tags?post=136705"}],"curies":[{"name":"wp","href":"https:\/\/api.w.org\/{rel}","templated":true}]}}