{"id":136685,"date":"2021-03-05T16:18:16","date_gmt":"2021-03-05T19:18:16","guid":{"rendered":"https:\/\/experienciadevida.com.ar\/portalurbano\/?p=136685"},"modified":"2021-03-05T16:19:05","modified_gmt":"2021-03-05T19:19:05","slug":"coopelectric-sobre-las-tarifas-asumimos-el-compromiso-social-de-eliminar-la-totalidad-de-las-contribuciones","status":"publish","type":"post","link":"https:\/\/experienciadevida.com.ar\/portalurbano\/coopelectric-sobre-las-tarifas-asumimos-el-compromiso-social-de-eliminar-la-totalidad-de-las-contribuciones\/","title":{"rendered":"Coopelectric sobre las tarifas: &#8220;asumimos el compromiso social de eliminar la totalidad de las contribuciones&#8221;"},"content":{"rendered":"<p>Coopelectric sobre las tarifas: &#8220;asumimos el compromiso social de eliminar la totalidad de las contribuciones&#8221;. Desde coopelectric emitieron un comunicado en el cual sale a aclarar\u00a0 la comunidad sobre la vigencia o no de las contribuciones accionarias en la boleta.<\/p>\n<p>Resulta pertinente aclarar sobre la vigencia o no de las contribuciones accionarias es una atribuci\u00f3n de la Asamblea como m\u00e1ximo \u00f3rgano de gobierno de la Cooperativa, lo cual se enmarca en la Ley de Cooperativas N\u00b0 20.337.<\/p>\n<p>Coopelectric sobre las tarifas, no obstante, es importante destacar que desde Coopelectric se asumi\u00f3 el compromiso social de eliminar la totalidad de las contribuciones accionarias una vez que se aplicara el cuadro tarifario para el Servicio de agua potable y desag\u00fces cloacales que fue aprobado en el mes de diciembre mediante la Ordenanza N\u00b0 4604\/20.<\/p>\n<p>Dichas contribuciones a\u00fan no han sido eliminadas de las facturas, precisamente porque no se ha comenzado<br \/>\na facturar con este nuevo cuadro tarifario.<\/p>\n<p>En tal sentido, y en cumplimiento de lo dispuesto por la Ordenanza mencionada que fue promulgada a trav\u00e9s del Decreto N\u00b0 3409, informamos a los usuarios del Servicio Sanitario los cambios correspondientes al sistema de facturaci\u00f3n:<\/p>\n<p>Coopelectric sobre las tarifas, la lectura de los consumos continuar\u00e1 realiz\u00e1ndose de forma bimestral, pero la facturaci\u00f3n pasar\u00e1 a ser mensual. Es decir, el per\u00edodo y el consumo registrado se dividir\u00e1 para emitir dos comprobantes a partir del mes de marzo\/2021.<\/p>\n<p>Lo dispuesto en los Art. 1, 2 y 3 de la Ordenanza N\u00b0 4604\/20 comenzar\u00e1 a aplicarse a todo comprobante en donde el per\u00edodo facturado sea posterior al 1\u00ba de enero de 2021. Por consiguiente, todo comprobante que incluya per\u00edodo anterior al 1\u00ba de enero ser\u00e1 calculado con la metodolog\u00eda del cuadro\u00a0 tarifario anterior. En la primera facturaci\u00f3n, las lecturas abarcar\u00e1n el per\u00edodo comprendido entre el 15\/30 de diciembre 2020 y el 15\/28 de febrero 2021, por lo que se emitir\u00e1n dos comprobantes que ser\u00e1n enviados uno en el mes de marzo y otro en el mes de abril:<\/p>\n<p>El primero desde el 15\/30 diciembre\/2020 al 15\/30 de enero\/2021, el cual contendr\u00e1 el cuadro y los conceptos de facturaci\u00f3n anteriores.<\/p>\n<p>El segundo, desde el 15\/30 de enero\/2021 al 15\/28 de febrero\/2021 y ser\u00e1 facturado con lo dispuesto por la Ordenanza N\u00ba 4604, por lo que ser\u00e1n eliminados la totalidad de los conceptos de contribuci\u00f3n accionaria.<\/p>\n<p>Para la implementaci\u00f3n de lo normado en el Art. 3 de la Ordenanza N\u00ba 4604 que refiere a la Tarifa Social de Agua:<\/p>\n<p>Se aplicar\u00e1 sobre los servicios Residenciales, Categor\u00eda 02M \u201cServicio Medido\u201d.<\/p>\n<p>El beneficio de la Tarifa Social ser\u00e1 del 30 % sobre la tarifa, hasta los primeros 45 m3 de consumo bimestral. Se cruzar\u00e1 el padr\u00f3n de Obras Sanitarias con el padr\u00f3n de beneficiarios de la Tarifa Social del servicio el\u00e9ctrico dispuesto por el Organismo de Control de Energ\u00eda El\u00e9ctrica de la Provincia de Buenos Aires (OCEBA). A los beneficiarios de la Tarifa Social El\u00e9ctrica que sean titulares del suministro en Obras Sanitarias, se les otorgar\u00e1 de forma autom\u00e1tica la Tarifa Social de Agua, sin necesidad de realizar tr\u00e1mite alguno.<\/p>\n<p>Cabe mencionar que la continuidad de este beneficio estar\u00e1 supeditado al listado emanado desde el OCEBA, por l que si un usuario resulta excluido del beneficio tambi\u00e9n lo estar\u00e1 en Obras Sanitarias.<\/p>\n<p>Para aquellos usuarios que perciban el beneficio en el Servicio El\u00e9ctrico y el mismo no sea trasladado al Servicio de Agua debido a diferencias en la titularidad o por alg\u00fan otro motivo, tendr\u00e1n que solicitar su inclusi\u00f3n en la Tarifa Social de Agua. Para ello, a partir de la recepci\u00f3n de la factura en el mes de abril podr\u00e1n realizar el tr\u00e1mite correspondiente en la sede administrativa de Coopelectric solicitando un<br \/>\nturno con antelaci\u00f3n a trav\u00e9s de &lt;https:\/\/oficinavirtual.coopelectric.com.ar\/turnos\/&gt; https:\/\/oficinavirtual.coopelectric.com.ar\/turnos\/ ; desde la App \u201cTurnos<br \/>\nCoopelectric\u201d o comunic\u00e1ndose de lunes a viernes de 7:30 a 14:30 hs al<br \/>\nCentro de Atenci\u00f3n Telef\u00f3nica 411666\/999).<\/p>\n<p>En tal caso, se aplicar\u00e1 la Tarifa Social en la facturaci\u00f3n que sea emitida con fecha posterior a la realizaci\u00f3n de dicho tr\u00e1mite.<\/p>\n","protected":false},"excerpt":{"rendered":"<p>Coopelectric sobre las tarifas: &#8220;asumimos el compromiso social de eliminar la totalidad de las contribuciones&#8221;&#8230;.<\/p>\n","protected":false},"author":1,"featured_media":0,"comment_status":"closed","ping_status":"closed","sticky":false,"template":"","format":"standard","meta":{"content-type":""},"categories":[27,51],"tags":[],"nelio_content":{"isAutoShareEnabled":false,"autoShareEndMode":"default","automationSources":{"useContentSentences":true,"useSocialTemplates":true,"useCustomSentences":false,"customSentences":[]},"followers":[1],"suggestedReferences":[],"includedReferences":[],"efiUrl":"","efiAlt":"","highlights":[]},"yoast_head":"<!-- This site is optimized with the Yoast SEO plugin v20.7 - https:\/\/yoast.com\/wordpress\/plugins\/seo\/ -->\n<title>Coopelectric sobre las tarifas: &quot;asumimos el compromiso social&quot;<\/title>\n<meta name=\"description\" content=\"Coopelectric sobre las tarifas: &quot;asumimos el compromiso social de eliminar la totalidad de las contribuciones&quot;, y aclararon la situaci\u00f3n.\" \/>\n<meta name=\"robots\" content=\"index, follow, max-snippet:-1, max-image-preview:large, max-video-preview:-1\" \/>\n<link rel=\"canonical\" href=\"https:\/\/experienciadevida.com.ar\/portalurbano\/coopelectric-sobre-las-tarifas-asumimos-el-compromiso-social-de-eliminar-la-totalidad-de-las-contribuciones\/\" \/>\n<meta property=\"og:locale\" content=\"es_ES\" \/>\n<meta property=\"og:type\" content=\"article\" \/>\n<meta property=\"og:title\" content=\"Coopelectric sobre las tarifas: &quot;asumimos el compromiso social&quot;\" \/>\n<meta property=\"og:description\" content=\"Coopelectric sobre las tarifas: &quot;asumimos el compromiso social de eliminar la totalidad de las contribuciones&quot;, y aclararon la situaci\u00f3n.\" \/>\n<meta property=\"og:url\" content=\"https:\/\/experienciadevida.com.ar\/portalurbano\/coopelectric-sobre-las-tarifas-asumimos-el-compromiso-social-de-eliminar-la-totalidad-de-las-contribuciones\/\" \/>\n<meta property=\"article:publisher\" content=\"https:\/\/www.facebook.com\/Portal-Urbano-171542830093757\/\" \/>\n<meta property=\"article:published_time\" content=\"2021-03-05T19:18:16+00:00\" \/>\n<meta property=\"article:modified_time\" content=\"2021-03-05T19:19:05+00:00\" \/>\n<meta property=\"og:image\" content=\"https:\/\/experienciadevida.com.ar\/portalurbano\/wp-content\/uploads\/2018\/09\/PARO2-1-4.jpg\" \/>\n\t<meta property=\"og:image:width\" content=\"667\" \/>\n\t<meta property=\"og:image:height\" content=\"445\" \/>\n\t<meta property=\"og:image:type\" content=\"image\/jpeg\" \/>\n<meta name=\"author\" content=\"admpu17wp\" \/>\n<meta name=\"twitter:card\" content=\"summary_large_image\" \/>\n<meta name=\"twitter:creator\" content=\"@portalurbanook\" \/>\n<meta name=\"twitter:site\" content=\"@portalurbanook\" \/>\n<meta name=\"twitter:label1\" content=\"Escrito por\" \/>\n\t<meta name=\"twitter:data1\" content=\"admpu17wp\" \/>\n\t<meta name=\"twitter:label2\" content=\"Tiempo de lectura\" \/>\n\t<meta name=\"twitter:data2\" content=\"3 minutos\" \/>\n<script type=\"application\/ld+json\" class=\"yoast-schema-graph\">{\"@context\":\"https:\/\/schema.org\",\"@graph\":[{\"@type\":\"Article\",\"@id\":\"https:\/\/experienciadevida.com.ar\/portalurbano\/coopelectric-sobre-las-tarifas-asumimos-el-compromiso-social-de-eliminar-la-totalidad-de-las-contribuciones\/#article\",\"isPartOf\":{\"@id\":\"https:\/\/experienciadevida.com.ar\/portalurbano\/coopelectric-sobre-las-tarifas-asumimos-el-compromiso-social-de-eliminar-la-totalidad-de-las-contribuciones\/\"},\"author\":{\"name\":\"admpu17wp\",\"@id\":\"https:\/\/experienciadevida.com.ar\/portalurbano\/#\/schema\/person\/02dd326b1c4b056e9cc972486934a3a7\"},\"headline\":\"Coopelectric sobre las tarifas: &#8220;asumimos el compromiso social de eliminar la totalidad de las contribuciones&#8221;\",\"datePublished\":\"2021-03-05T19:18:16+00:00\",\"dateModified\":\"2021-03-05T19:19:05+00:00\",\"mainEntityOfPage\":{\"@id\":\"https:\/\/experienciadevida.com.ar\/portalurbano\/coopelectric-sobre-las-tarifas-asumimos-el-compromiso-social-de-eliminar-la-totalidad-de-las-contribuciones\/\"},\"wordCount\":711,\"publisher\":{\"@id\":\"https:\/\/experienciadevida.com.ar\/portalurbano\/#organization\"},\"articleSection\":[\"Ciudad\",\"Destacadas\"],\"inLanguage\":\"es\"},{\"@type\":\"WebPage\",\"@id\":\"https:\/\/experienciadevida.com.ar\/portalurbano\/coopelectric-sobre-las-tarifas-asumimos-el-compromiso-social-de-eliminar-la-totalidad-de-las-contribuciones\/\",\"url\":\"https:\/\/experienciadevida.com.ar\/portalurbano\/coopelectric-sobre-las-tarifas-asumimos-el-compromiso-social-de-eliminar-la-totalidad-de-las-contribuciones\/\",\"name\":\"Coopelectric sobre las tarifas: \\\"asumimos el compromiso social\\\"\",\"isPartOf\":{\"@id\":\"https:\/\/experienciadevida.com.ar\/portalurbano\/#website\"},\"datePublished\":\"2021-03-05T19:18:16+00:00\",\"dateModified\":\"2021-03-05T19:19:05+00:00\",\"description\":\"Coopelectric sobre las tarifas: \\\"asumimos el compromiso social de eliminar la totalidad de las contribuciones\\\", y aclararon la situaci\u00f3n.\",\"breadcrumb\":{\"@id\":\"https:\/\/experienciadevida.com.ar\/portalurbano\/coopelectric-sobre-las-tarifas-asumimos-el-compromiso-social-de-eliminar-la-totalidad-de-las-contribuciones\/#breadcrumb\"},\"inLanguage\":\"es\",\"potentialAction\":[{\"@type\":\"ReadAction\",\"target\":[\"https:\/\/experienciadevida.com.ar\/portalurbano\/coopelectric-sobre-las-tarifas-asumimos-el-compromiso-social-de-eliminar-la-totalidad-de-las-contribuciones\/\"]}]},{\"@type\":\"BreadcrumbList\",\"@id\":\"https:\/\/experienciadevida.com.ar\/portalurbano\/coopelectric-sobre-las-tarifas-asumimos-el-compromiso-social-de-eliminar-la-totalidad-de-las-contribuciones\/#breadcrumb\",\"itemListElement\":[{\"@type\":\"ListItem\",\"position\":1,\"name\":\"Portada\",\"item\":\"https:\/\/experienciadevida.com.ar\/portalurbano\/\"},{\"@type\":\"ListItem\",\"position\":2,\"name\":\"Coopelectric sobre las tarifas: \u00abasumimos el compromiso social de eliminar la totalidad de las contribuciones\u00bb\"}]},{\"@type\":\"WebSite\",\"@id\":\"https:\/\/experienciadevida.com.ar\/portalurbano\/#website\",\"url\":\"https:\/\/experienciadevida.com.ar\/portalurbano\/\",\"name\":\"\",\"description\":\"\",\"publisher\":{\"@id\":\"https:\/\/experienciadevida.com.ar\/portalurbano\/#organization\"},\"potentialAction\":[{\"@type\":\"SearchAction\",\"target\":{\"@type\":\"EntryPoint\",\"urlTemplate\":\"https:\/\/experienciadevida.com.ar\/portalurbano\/?s={search_term_string}\"},\"query-input\":\"required name=search_term_string\"}],\"inLanguage\":\"es\"},{\"@type\":\"Organization\",\"@id\":\"https:\/\/experienciadevida.com.ar\/portalurbano\/#organization\",\"name\":\"Portal Urbano\",\"url\":\"https:\/\/experienciadevida.com.ar\/portalurbano\/\",\"logo\":{\"@type\":\"ImageObject\",\"inLanguage\":\"es\",\"@id\":\"https:\/\/experienciadevida.com.ar\/portalurbano\/#\/schema\/logo\/image\/\",\"url\":\"https:\/\/experienciadevida.com.ar\/portalurbano\/wp-content\/uploads\/2019\/09\/Logo-Original.png\",\"contentUrl\":\"https:\/\/experienciadevida.com.ar\/portalurbano\/wp-content\/uploads\/2019\/09\/Logo-Original.png\",\"width\":2236,\"height\":1216,\"caption\":\"Portal Urbano\"},\"image\":{\"@id\":\"https:\/\/experienciadevida.com.ar\/portalurbano\/#\/schema\/logo\/image\/\"},\"sameAs\":[\"https:\/\/www.facebook.com\/Portal-Urbano-171542830093757\/\",\"https:\/\/twitter.com\/portalurbanook\",\"https:\/\/www.instagram.com\/_portalurbano\/\",\"https:\/\/www.youtube.com\/channel\/UCXhagIfszH8KxFiOok79zbA?view_as=subscriber\"]},{\"@type\":\"Person\",\"@id\":\"https:\/\/experienciadevida.com.ar\/portalurbano\/#\/schema\/person\/02dd326b1c4b056e9cc972486934a3a7\",\"name\":\"admpu17wp\",\"image\":{\"@type\":\"ImageObject\",\"inLanguage\":\"es\",\"@id\":\"https:\/\/experienciadevida.com.ar\/portalurbano\/#\/schema\/person\/image\/\",\"url\":\"https:\/\/secure.gravatar.com\/avatar\/830d4c57adaae6630765e449a6908047?s=96&d=mm&r=g\",\"contentUrl\":\"https:\/\/secure.gravatar.com\/avatar\/830d4c57adaae6630765e449a6908047?s=96&d=mm&r=g\",\"caption\":\"admpu17wp\"}}]}<\/script>\n<!-- \/ Yoast SEO plugin. -->","yoast_head_json":{"title":"Coopelectric sobre las tarifas: \"asumimos el compromiso social\"","description":"Coopelectric sobre las tarifas: \"asumimos el compromiso social de eliminar la totalidad de las contribuciones\", y aclararon la situaci\u00f3n.","robots":{"index":"index","follow":"follow","max-snippet":"max-snippet:-1","max-image-preview":"max-image-preview:large","max-video-preview":"max-video-preview:-1"},"canonical":"https:\/\/experienciadevida.com.ar\/portalurbano\/coopelectric-sobre-las-tarifas-asumimos-el-compromiso-social-de-eliminar-la-totalidad-de-las-contribuciones\/","og_locale":"es_ES","og_type":"article","og_title":"Coopelectric sobre las tarifas: \"asumimos el compromiso social\"","og_description":"Coopelectric sobre las tarifas: \"asumimos el compromiso social de eliminar la totalidad de las contribuciones\", y aclararon la situaci\u00f3n.","og_url":"https:\/\/experienciadevida.com.ar\/portalurbano\/coopelectric-sobre-las-tarifas-asumimos-el-compromiso-social-de-eliminar-la-totalidad-de-las-contribuciones\/","article_publisher":"https:\/\/www.facebook.com\/Portal-Urbano-171542830093757\/","article_published_time":"2021-03-05T19:18:16+00:00","article_modified_time":"2021-03-05T19:19:05+00:00","og_image":[{"width":667,"height":445,"url":"https:\/\/experienciadevida.com.ar\/portalurbano\/wp-content\/uploads\/2018\/09\/PARO2-1-4.jpg","type":"image\/jpeg"}],"author":"admpu17wp","twitter_card":"summary_large_image","twitter_creator":"@portalurbanook","twitter_site":"@portalurbanook","twitter_misc":{"Escrito por":"admpu17wp","Tiempo de lectura":"3 minutos"},"schema":{"@context":"https:\/\/schema.org","@graph":[{"@type":"Article","@id":"https:\/\/experienciadevida.com.ar\/portalurbano\/coopelectric-sobre-las-tarifas-asumimos-el-compromiso-social-de-eliminar-la-totalidad-de-las-contribuciones\/#article","isPartOf":{"@id":"https:\/\/experienciadevida.com.ar\/portalurbano\/coopelectric-sobre-las-tarifas-asumimos-el-compromiso-social-de-eliminar-la-totalidad-de-las-contribuciones\/"},"author":{"name":"admpu17wp","@id":"https:\/\/experienciadevida.com.ar\/portalurbano\/#\/schema\/person\/02dd326b1c4b056e9cc972486934a3a7"},"headline":"Coopelectric sobre las tarifas: &#8220;asumimos el compromiso social de eliminar la totalidad de las contribuciones&#8221;","datePublished":"2021-03-05T19:18:16+00:00","dateModified":"2021-03-05T19:19:05+00:00","mainEntityOfPage":{"@id":"https:\/\/experienciadevida.com.ar\/portalurbano\/coopelectric-sobre-las-tarifas-asumimos-el-compromiso-social-de-eliminar-la-totalidad-de-las-contribuciones\/"},"wordCount":711,"publisher":{"@id":"https:\/\/experienciadevida.com.ar\/portalurbano\/#organization"},"articleSection":["Ciudad","Destacadas"],"inLanguage":"es"},{"@type":"WebPage","@id":"https:\/\/experienciadevida.com.ar\/portalurbano\/coopelectric-sobre-las-tarifas-asumimos-el-compromiso-social-de-eliminar-la-totalidad-de-las-contribuciones\/","url":"https:\/\/experienciadevida.com.ar\/portalurbano\/coopelectric-sobre-las-tarifas-asumimos-el-compromiso-social-de-eliminar-la-totalidad-de-las-contribuciones\/","name":"Coopelectric sobre las tarifas: \"asumimos el compromiso social\"","isPartOf":{"@id":"https:\/\/experienciadevida.com.ar\/portalurbano\/#website"},"datePublished":"2021-03-05T19:18:16+00:00","dateModified":"2021-03-05T19:19:05+00:00","description":"Coopelectric sobre las tarifas: \"asumimos el compromiso social de eliminar la totalidad de las contribuciones\", y aclararon la situaci\u00f3n.","breadcrumb":{"@id":"https:\/\/experienciadevida.com.ar\/portalurbano\/coopelectric-sobre-las-tarifas-asumimos-el-compromiso-social-de-eliminar-la-totalidad-de-las-contribuciones\/#breadcrumb"},"inLanguage":"es","potentialAction":[{"@type":"ReadAction","target":["https:\/\/experienciadevida.com.ar\/portalurbano\/coopelectric-sobre-las-tarifas-asumimos-el-compromiso-social-de-eliminar-la-totalidad-de-las-contribuciones\/"]}]},{"@type":"BreadcrumbList","@id":"https:\/\/experienciadevida.com.ar\/portalurbano\/coopelectric-sobre-las-tarifas-asumimos-el-compromiso-social-de-eliminar-la-totalidad-de-las-contribuciones\/#breadcrumb","itemListElement":[{"@type":"ListItem","position":1,"name":"Portada","item":"https:\/\/experienciadevida.com.ar\/portalurbano\/"},{"@type":"ListItem","position":2,"name":"Coopelectric sobre las tarifas: \u00abasumimos el compromiso social de eliminar la totalidad de las contribuciones\u00bb"}]},{"@type":"WebSite","@id":"https:\/\/experienciadevida.com.ar\/portalurbano\/#website","url":"https:\/\/experienciadevida.com.ar\/portalurbano\/","name":"","description":"","publisher":{"@id":"https:\/\/experienciadevida.com.ar\/portalurbano\/#organization"},"potentialAction":[{"@type":"SearchAction","target":{"@type":"EntryPoint","urlTemplate":"https:\/\/experienciadevida.com.ar\/portalurbano\/?s={search_term_string}"},"query-input":"required name=search_term_string"}],"inLanguage":"es"},{"@type":"Organization","@id":"https:\/\/experienciadevida.com.ar\/portalurbano\/#organization","name":"Portal Urbano","url":"https:\/\/experienciadevida.com.ar\/portalurbano\/","logo":{"@type":"ImageObject","inLanguage":"es","@id":"https:\/\/experienciadevida.com.ar\/portalurbano\/#\/schema\/logo\/image\/","url":"https:\/\/experienciadevida.com.ar\/portalurbano\/wp-content\/uploads\/2019\/09\/Logo-Original.png","contentUrl":"https:\/\/experienciadevida.com.ar\/portalurbano\/wp-content\/uploads\/2019\/09\/Logo-Original.png","width":2236,"height":1216,"caption":"Portal Urbano"},"image":{"@id":"https:\/\/experienciadevida.com.ar\/portalurbano\/#\/schema\/logo\/image\/"},"sameAs":["https:\/\/www.facebook.com\/Portal-Urbano-171542830093757\/","https:\/\/twitter.com\/portalurbanook","https:\/\/www.instagram.com\/_portalurbano\/","https:\/\/www.youtube.com\/channel\/UCXhagIfszH8KxFiOok79zbA?view_as=subscriber"]},{"@type":"Person","@id":"https:\/\/experienciadevida.com.ar\/portalurbano\/#\/schema\/person\/02dd326b1c4b056e9cc972486934a3a7","name":"admpu17wp","image":{"@type":"ImageObject","inLanguage":"es","@id":"https:\/\/experienciadevida.com.ar\/portalurbano\/#\/schema\/person\/image\/","url":"https:\/\/secure.gravatar.com\/avatar\/830d4c57adaae6630765e449a6908047?s=96&d=mm&r=g","contentUrl":"https:\/\/secure.gravatar.com\/avatar\/830d4c57adaae6630765e449a6908047?s=96&d=mm&r=g","caption":"admpu17wp"}}]}},"featured_image_urls":{"full":"","thumbnail":"","medium":"","medium_large":"","large":"","ug_big":"","1536x1536":"","2048x2048":"","newsever-slider-full":"","newsever-featured":"","newsever-medium":"","web-stories-poster-portrait":"","web-stories-publisher-logo":"","web-stories-thumbnail":""},"author_info":{"display_name":"admpu17wp","author_link":"https:\/\/experienciadevida.com.ar\/portalurbano\/author\/admpu17wp\/"},"category_info":"<a href=\"https:\/\/experienciadevida.com.ar\/portalurbano\/category\/ciudad\/\" rel=\"category tag\">Ciudad<\/a> <a href=\"https:\/\/experienciadevida.com.ar\/portalurbano\/category\/destacadas\/\" rel=\"category tag\">Destacadas<\/a>","tag_info":"Destacadas","comment_count":"0","amp_enabled":true,"_links":{"self":[{"href":"https:\/\/experienciadevida.com.ar\/portalurbano\/wp-json\/wp\/v2\/posts\/136685"}],"collection":[{"href":"https:\/\/experienciadevida.com.ar\/portalurbano\/wp-json\/wp\/v2\/posts"}],"about":[{"href":"https:\/\/experienciadevida.com.ar\/portalurbano\/wp-json\/wp\/v2\/types\/post"}],"author":[{"embeddable":true,"href":"https:\/\/experienciadevida.com.ar\/portalurbano\/wp-json\/wp\/v2\/users\/1"}],"replies":[{"embeddable":true,"href":"https:\/\/experienciadevida.com.ar\/portalurbano\/wp-json\/wp\/v2\/comments?post=136685"}],"version-history":[{"count":4,"href":"https:\/\/experienciadevida.com.ar\/portalurbano\/wp-json\/wp\/v2\/posts\/136685\/revisions"}],"predecessor-version":[{"id":136689,"href":"https:\/\/experienciadevida.com.ar\/portalurbano\/wp-json\/wp\/v2\/posts\/136685\/revisions\/136689"}],"wp:attachment":[{"href":"https:\/\/experienciadevida.com.ar\/portalurbano\/wp-json\/wp\/v2\/media?parent=136685"}],"wp:term":[{"taxonomy":"category","embeddable":true,"href":"https:\/\/experienciadevida.com.ar\/portalurbano\/wp-json\/wp\/v2\/categories?post=136685"},{"taxonomy":"post_tag","embeddable":true,"href":"https:\/\/experienciadevida.com.ar\/portalurbano\/wp-json\/wp\/v2\/tags?post=136685"}],"curies":[{"name":"wp","href":"https:\/\/api.w.org\/{rel}","templated":true}]}}