{"id":136653,"date":"2021-03-05T12:24:56","date_gmt":"2021-03-05T15:24:56","guid":{"rendered":"https:\/\/experienciadevida.com.ar\/portalurbano\/?p=136653"},"modified":"2021-03-05T12:37:05","modified_gmt":"2021-03-05T15:37:05","slug":"reforzaran-los-operativos-policiales-en-el-marco-del-ultimo-primer-dia-en-diferentes-lugares","status":"publish","type":"post","link":"https:\/\/experienciadevida.com.ar\/portalurbano\/reforzaran-los-operativos-policiales-en-el-marco-del-ultimo-primer-dia-en-diferentes-lugares\/","title":{"rendered":"Reforzar\u00e1n los operativos policiales en el marco del \u00faltimo primer d\u00eda en diferentes lugares"},"content":{"rendered":"<p>Reforzar\u00e1n los operativos policiales en el marco del \u00faltimo primer d\u00eda en diferentes lugares. La estaci\u00f3n de polic\u00eda departamental a cargo del Comisario Inspector Roberto Landoni, comunica a la comunidad que en virtud de la informaci\u00f3n que circula sobre la realizaci\u00f3n de los denominados &#8220;UPD&#8221;, por parte de los estudiantes que se encuentran en el \u00faltimo a\u00f1o de la secundaria, los cuales se llevar\u00edan a cabo durante la noche del d\u00eda domingo y madrugada del d\u00eda lunes.<\/p>\n<p>Ante esto desde la estaci\u00f3n de polic\u00eda departamental se van a reforzar los operativos y controles sobre el Parque Mitre, distintos espacios verdes y en los sectores de quintas.<\/p>\n<p>Reforzar\u00e1n los operativos policiales en el marco del \u00faltimo primer d\u00eda, y para la realizaci\u00f3n de los mismos se volcar\u00e1 todos los recursos humanos y log\u00edsticos disponibles por parte de la totalidad de las dependencias policiales correspondientes, junto con sus respectivos titulares, contando tambi\u00e9n con la colaboraci\u00f3n del personal de la DDI, drogas il\u00edcitas, grupo de infanter\u00eda y el grupo GAD, as\u00ed como tambi\u00e9n control urbano dependiente de la Subsecretar\u00eda de seguridad Municipal.<\/p>\n<p>As\u00edmismo se recuerda a la comunidad que se encuentra en vigencia hasta el d\u00eda 15 de marzo, el decreto Municipal 745\/2021, el cual en el Art\u00edculo 15 menciona que &#8220;habilita por el plazo de 15 d\u00edas las reuniones sociales de hasta 10 personas tanto al aire libre como en los domicilios o bares&#8221;.<\/p>\n<p>Con relaci\u00f3n a las infracciones que se formulen en las quintas destinadas a alquiler temporario, por violaci\u00f3n a la autorizaci\u00f3n otorgada en el p\u00e1rrafo precedente, la multa se aplicar\u00e1 solidariamente al titular y al locatario de la misma.<\/p>\n","protected":false},"excerpt":{"rendered":"<p>Reforzar\u00e1n los operativos policiales en el marco del \u00faltimo primer d\u00eda en diferentes lugares. La&#8230;<\/p>\n","protected":false},"author":1,"featured_media":0,"comment_status":"closed","ping_status":"closed","sticky":false,"template":"","format":"standard","meta":{"content-type":""},"categories":[64,40],"tags":[],"nelio_content":{"isAutoShareEnabled":false,"autoShareEndMode":"default","automationSources":{"useContentSentences":true,"useSocialTemplates":true,"useCustomSentences":false,"customSentences":[]},"followers":[1],"suggestedReferences":[],"includedReferences":[],"efiUrl":"","efiAlt":"","highlights":[]},"yoast_head":"<!-- This site is optimized with the Yoast SEO plugin v20.7 - https:\/\/yoast.com\/wordpress\/plugins\/seo\/ -->\n<title>Reforzar\u00e1n los operativos policiales en el marco del UPD<\/title>\n<meta name=\"description\" content=\"Reforzar\u00e1n los operativos policiales en el marco del \u00faltimo primer d\u00eda en diferentes lugares, la estaci\u00f3n de polic\u00eda informa a la comunidad.\" \/>\n<meta name=\"robots\" content=\"index, follow, max-snippet:-1, max-image-preview:large, max-video-preview:-1\" \/>\n<link rel=\"canonical\" href=\"https:\/\/experienciadevida.com.ar\/portalurbano\/reforzaran-los-operativos-policiales-en-el-marco-del-ultimo-primer-dia-en-diferentes-lugares\/\" \/>\n<meta property=\"og:locale\" content=\"es_ES\" \/>\n<meta property=\"og:type\" content=\"article\" \/>\n<meta property=\"og:title\" content=\"Reforzar\u00e1n los operativos policiales en el marco del UPD\" \/>\n<meta property=\"og:description\" content=\"Reforzar\u00e1n los operativos policiales en el marco del \u00faltimo primer d\u00eda en diferentes lugares, la estaci\u00f3n de polic\u00eda informa a la comunidad.\" \/>\n<meta property=\"og:url\" content=\"https:\/\/experienciadevida.com.ar\/portalurbano\/reforzaran-los-operativos-policiales-en-el-marco-del-ultimo-primer-dia-en-diferentes-lugares\/\" \/>\n<meta property=\"article:publisher\" content=\"https:\/\/www.facebook.com\/Portal-Urbano-171542830093757\/\" \/>\n<meta property=\"article:published_time\" content=\"2021-03-05T15:24:56+00:00\" \/>\n<meta property=\"article:modified_time\" content=\"2021-03-05T15:37:05+00:00\" \/>\n<meta property=\"og:image\" content=\"https:\/\/experienciadevida.com.ar\/portalurbano\/wp-content\/uploads\/2019\/04\/MOVIL1.jpg\" \/>\n\t<meta property=\"og:image:width\" content=\"800\" \/>\n\t<meta property=\"og:image:height\" content=\"533\" \/>\n\t<meta property=\"og:image:type\" content=\"image\/jpeg\" \/>\n<meta name=\"author\" content=\"admpu17wp\" \/>\n<meta name=\"twitter:card\" content=\"summary_large_image\" \/>\n<meta name=\"twitter:creator\" content=\"@portalurbanook\" \/>\n<meta name=\"twitter:site\" content=\"@portalurbanook\" \/>\n<meta name=\"twitter:label1\" content=\"Escrito por\" \/>\n\t<meta name=\"twitter:data1\" content=\"admpu17wp\" \/>\n\t<meta name=\"twitter:label2\" content=\"Tiempo de lectura\" \/>\n\t<meta name=\"twitter:data2\" content=\"2 minutos\" \/>\n<script type=\"application\/ld+json\" class=\"yoast-schema-graph\">{\"@context\":\"https:\/\/schema.org\",\"@graph\":[{\"@type\":\"Article\",\"@id\":\"https:\/\/experienciadevida.com.ar\/portalurbano\/reforzaran-los-operativos-policiales-en-el-marco-del-ultimo-primer-dia-en-diferentes-lugares\/#article\",\"isPartOf\":{\"@id\":\"https:\/\/experienciadevida.com.ar\/portalurbano\/reforzaran-los-operativos-policiales-en-el-marco-del-ultimo-primer-dia-en-diferentes-lugares\/\"},\"author\":{\"name\":\"admpu17wp\",\"@id\":\"https:\/\/experienciadevida.com.ar\/portalurbano\/#\/schema\/person\/02dd326b1c4b056e9cc972486934a3a7\"},\"headline\":\"Reforzar\u00e1n los operativos policiales en el marco del \u00faltimo primer d\u00eda en diferentes lugares\",\"datePublished\":\"2021-03-05T15:24:56+00:00\",\"dateModified\":\"2021-03-05T15:37:05+00:00\",\"mainEntityOfPage\":{\"@id\":\"https:\/\/experienciadevida.com.ar\/portalurbano\/reforzaran-los-operativos-policiales-en-el-marco-del-ultimo-primer-dia-en-diferentes-lugares\/\"},\"wordCount\":311,\"publisher\":{\"@id\":\"https:\/\/experienciadevida.com.ar\/portalurbano\/#organization\"},\"articleSection\":[\"Destacadas 2\",\"Policiales\"],\"inLanguage\":\"es\"},{\"@type\":\"WebPage\",\"@id\":\"https:\/\/experienciadevida.com.ar\/portalurbano\/reforzaran-los-operativos-policiales-en-el-marco-del-ultimo-primer-dia-en-diferentes-lugares\/\",\"url\":\"https:\/\/experienciadevida.com.ar\/portalurbano\/reforzaran-los-operativos-policiales-en-el-marco-del-ultimo-primer-dia-en-diferentes-lugares\/\",\"name\":\"Reforzar\u00e1n los operativos policiales en el marco del UPD\",\"isPartOf\":{\"@id\":\"https:\/\/experienciadevida.com.ar\/portalurbano\/#website\"},\"datePublished\":\"2021-03-05T15:24:56+00:00\",\"dateModified\":\"2021-03-05T15:37:05+00:00\",\"description\":\"Reforzar\u00e1n los operativos policiales en el marco del \u00faltimo primer d\u00eda en diferentes lugares, la estaci\u00f3n de polic\u00eda informa a la comunidad.\",\"breadcrumb\":{\"@id\":\"https:\/\/experienciadevida.com.ar\/portalurbano\/reforzaran-los-operativos-policiales-en-el-marco-del-ultimo-primer-dia-en-diferentes-lugares\/#breadcrumb\"},\"inLanguage\":\"es\",\"potentialAction\":[{\"@type\":\"ReadAction\",\"target\":[\"https:\/\/experienciadevida.com.ar\/portalurbano\/reforzaran-los-operativos-policiales-en-el-marco-del-ultimo-primer-dia-en-diferentes-lugares\/\"]}]},{\"@type\":\"BreadcrumbList\",\"@id\":\"https:\/\/experienciadevida.com.ar\/portalurbano\/reforzaran-los-operativos-policiales-en-el-marco-del-ultimo-primer-dia-en-diferentes-lugares\/#breadcrumb\",\"itemListElement\":[{\"@type\":\"ListItem\",\"position\":1,\"name\":\"Portada\",\"item\":\"https:\/\/experienciadevida.com.ar\/portalurbano\/\"},{\"@type\":\"ListItem\",\"position\":2,\"name\":\"Reforzar\u00e1n los operativos policiales en el marco del \u00faltimo primer d\u00eda en diferentes lugares\"}]},{\"@type\":\"WebSite\",\"@id\":\"https:\/\/experienciadevida.com.ar\/portalurbano\/#website\",\"url\":\"https:\/\/experienciadevida.com.ar\/portalurbano\/\",\"name\":\"\",\"description\":\"\",\"publisher\":{\"@id\":\"https:\/\/experienciadevida.com.ar\/portalurbano\/#organization\"},\"potentialAction\":[{\"@type\":\"SearchAction\",\"target\":{\"@type\":\"EntryPoint\",\"urlTemplate\":\"https:\/\/experienciadevida.com.ar\/portalurbano\/?s={search_term_string}\"},\"query-input\":\"required name=search_term_string\"}],\"inLanguage\":\"es\"},{\"@type\":\"Organization\",\"@id\":\"https:\/\/experienciadevida.com.ar\/portalurbano\/#organization\",\"name\":\"Portal Urbano\",\"url\":\"https:\/\/experienciadevida.com.ar\/portalurbano\/\",\"logo\":{\"@type\":\"ImageObject\",\"inLanguage\":\"es\",\"@id\":\"https:\/\/experienciadevida.com.ar\/portalurbano\/#\/schema\/logo\/image\/\",\"url\":\"https:\/\/experienciadevida.com.ar\/portalurbano\/wp-content\/uploads\/2019\/09\/Logo-Original.png\",\"contentUrl\":\"https:\/\/experienciadevida.com.ar\/portalurbano\/wp-content\/uploads\/2019\/09\/Logo-Original.png\",\"width\":2236,\"height\":1216,\"caption\":\"Portal Urbano\"},\"image\":{\"@id\":\"https:\/\/experienciadevida.com.ar\/portalurbano\/#\/schema\/logo\/image\/\"},\"sameAs\":[\"https:\/\/www.facebook.com\/Portal-Urbano-171542830093757\/\",\"https:\/\/twitter.com\/portalurbanook\",\"https:\/\/www.instagram.com\/_portalurbano\/\",\"https:\/\/www.youtube.com\/channel\/UCXhagIfszH8KxFiOok79zbA?view_as=subscriber\"]},{\"@type\":\"Person\",\"@id\":\"https:\/\/experienciadevida.com.ar\/portalurbano\/#\/schema\/person\/02dd326b1c4b056e9cc972486934a3a7\",\"name\":\"admpu17wp\",\"image\":{\"@type\":\"ImageObject\",\"inLanguage\":\"es\",\"@id\":\"https:\/\/experienciadevida.com.ar\/portalurbano\/#\/schema\/person\/image\/\",\"url\":\"https:\/\/secure.gravatar.com\/avatar\/830d4c57adaae6630765e449a6908047?s=96&d=mm&r=g\",\"contentUrl\":\"https:\/\/secure.gravatar.com\/avatar\/830d4c57adaae6630765e449a6908047?s=96&d=mm&r=g\",\"caption\":\"admpu17wp\"}}]}<\/script>\n<!-- \/ Yoast SEO plugin. -->","yoast_head_json":{"title":"Reforzar\u00e1n los operativos policiales en el marco del UPD","description":"Reforzar\u00e1n los operativos policiales en el marco del \u00faltimo primer d\u00eda en diferentes lugares, la estaci\u00f3n de polic\u00eda informa a la comunidad.","robots":{"index":"index","follow":"follow","max-snippet":"max-snippet:-1","max-image-preview":"max-image-preview:large","max-video-preview":"max-video-preview:-1"},"canonical":"https:\/\/experienciadevida.com.ar\/portalurbano\/reforzaran-los-operativos-policiales-en-el-marco-del-ultimo-primer-dia-en-diferentes-lugares\/","og_locale":"es_ES","og_type":"article","og_title":"Reforzar\u00e1n los operativos policiales en el marco del UPD","og_description":"Reforzar\u00e1n los operativos policiales en el marco del \u00faltimo primer d\u00eda en diferentes lugares, la estaci\u00f3n de polic\u00eda informa a la comunidad.","og_url":"https:\/\/experienciadevida.com.ar\/portalurbano\/reforzaran-los-operativos-policiales-en-el-marco-del-ultimo-primer-dia-en-diferentes-lugares\/","article_publisher":"https:\/\/www.facebook.com\/Portal-Urbano-171542830093757\/","article_published_time":"2021-03-05T15:24:56+00:00","article_modified_time":"2021-03-05T15:37:05+00:00","og_image":[{"width":800,"height":533,"url":"https:\/\/experienciadevida.com.ar\/portalurbano\/wp-content\/uploads\/2019\/04\/MOVIL1.jpg","type":"image\/jpeg"}],"author":"admpu17wp","twitter_card":"summary_large_image","twitter_creator":"@portalurbanook","twitter_site":"@portalurbanook","twitter_misc":{"Escrito por":"admpu17wp","Tiempo de lectura":"2 minutos"},"schema":{"@context":"https:\/\/schema.org","@graph":[{"@type":"Article","@id":"https:\/\/experienciadevida.com.ar\/portalurbano\/reforzaran-los-operativos-policiales-en-el-marco-del-ultimo-primer-dia-en-diferentes-lugares\/#article","isPartOf":{"@id":"https:\/\/experienciadevida.com.ar\/portalurbano\/reforzaran-los-operativos-policiales-en-el-marco-del-ultimo-primer-dia-en-diferentes-lugares\/"},"author":{"name":"admpu17wp","@id":"https:\/\/experienciadevida.com.ar\/portalurbano\/#\/schema\/person\/02dd326b1c4b056e9cc972486934a3a7"},"headline":"Reforzar\u00e1n los operativos policiales en el marco del \u00faltimo primer d\u00eda en diferentes lugares","datePublished":"2021-03-05T15:24:56+00:00","dateModified":"2021-03-05T15:37:05+00:00","mainEntityOfPage":{"@id":"https:\/\/experienciadevida.com.ar\/portalurbano\/reforzaran-los-operativos-policiales-en-el-marco-del-ultimo-primer-dia-en-diferentes-lugares\/"},"wordCount":311,"publisher":{"@id":"https:\/\/experienciadevida.com.ar\/portalurbano\/#organization"},"articleSection":["Destacadas 2","Policiales"],"inLanguage":"es"},{"@type":"WebPage","@id":"https:\/\/experienciadevida.com.ar\/portalurbano\/reforzaran-los-operativos-policiales-en-el-marco-del-ultimo-primer-dia-en-diferentes-lugares\/","url":"https:\/\/experienciadevida.com.ar\/portalurbano\/reforzaran-los-operativos-policiales-en-el-marco-del-ultimo-primer-dia-en-diferentes-lugares\/","name":"Reforzar\u00e1n los operativos policiales en el marco del UPD","isPartOf":{"@id":"https:\/\/experienciadevida.com.ar\/portalurbano\/#website"},"datePublished":"2021-03-05T15:24:56+00:00","dateModified":"2021-03-05T15:37:05+00:00","description":"Reforzar\u00e1n los operativos policiales en el marco del \u00faltimo primer d\u00eda en diferentes lugares, la estaci\u00f3n de polic\u00eda informa a la comunidad.","breadcrumb":{"@id":"https:\/\/experienciadevida.com.ar\/portalurbano\/reforzaran-los-operativos-policiales-en-el-marco-del-ultimo-primer-dia-en-diferentes-lugares\/#breadcrumb"},"inLanguage":"es","potentialAction":[{"@type":"ReadAction","target":["https:\/\/experienciadevida.com.ar\/portalurbano\/reforzaran-los-operativos-policiales-en-el-marco-del-ultimo-primer-dia-en-diferentes-lugares\/"]}]},{"@type":"BreadcrumbList","@id":"https:\/\/experienciadevida.com.ar\/portalurbano\/reforzaran-los-operativos-policiales-en-el-marco-del-ultimo-primer-dia-en-diferentes-lugares\/#breadcrumb","itemListElement":[{"@type":"ListItem","position":1,"name":"Portada","item":"https:\/\/experienciadevida.com.ar\/portalurbano\/"},{"@type":"ListItem","position":2,"name":"Reforzar\u00e1n los operativos policiales en el marco del \u00faltimo primer d\u00eda en diferentes lugares"}]},{"@type":"WebSite","@id":"https:\/\/experienciadevida.com.ar\/portalurbano\/#website","url":"https:\/\/experienciadevida.com.ar\/portalurbano\/","name":"","description":"","publisher":{"@id":"https:\/\/experienciadevida.com.ar\/portalurbano\/#organization"},"potentialAction":[{"@type":"SearchAction","target":{"@type":"EntryPoint","urlTemplate":"https:\/\/experienciadevida.com.ar\/portalurbano\/?s={search_term_string}"},"query-input":"required name=search_term_string"}],"inLanguage":"es"},{"@type":"Organization","@id":"https:\/\/experienciadevida.com.ar\/portalurbano\/#organization","name":"Portal Urbano","url":"https:\/\/experienciadevida.com.ar\/portalurbano\/","logo":{"@type":"ImageObject","inLanguage":"es","@id":"https:\/\/experienciadevida.com.ar\/portalurbano\/#\/schema\/logo\/image\/","url":"https:\/\/experienciadevida.com.ar\/portalurbano\/wp-content\/uploads\/2019\/09\/Logo-Original.png","contentUrl":"https:\/\/experienciadevida.com.ar\/portalurbano\/wp-content\/uploads\/2019\/09\/Logo-Original.png","width":2236,"height":1216,"caption":"Portal Urbano"},"image":{"@id":"https:\/\/experienciadevida.com.ar\/portalurbano\/#\/schema\/logo\/image\/"},"sameAs":["https:\/\/www.facebook.com\/Portal-Urbano-171542830093757\/","https:\/\/twitter.com\/portalurbanook","https:\/\/www.instagram.com\/_portalurbano\/","https:\/\/www.youtube.com\/channel\/UCXhagIfszH8KxFiOok79zbA?view_as=subscriber"]},{"@type":"Person","@id":"https:\/\/experienciadevida.com.ar\/portalurbano\/#\/schema\/person\/02dd326b1c4b056e9cc972486934a3a7","name":"admpu17wp","image":{"@type":"ImageObject","inLanguage":"es","@id":"https:\/\/experienciadevida.com.ar\/portalurbano\/#\/schema\/person\/image\/","url":"https:\/\/secure.gravatar.com\/avatar\/830d4c57adaae6630765e449a6908047?s=96&d=mm&r=g","contentUrl":"https:\/\/secure.gravatar.com\/avatar\/830d4c57adaae6630765e449a6908047?s=96&d=mm&r=g","caption":"admpu17wp"}}]}},"featured_image_urls":{"full":"","thumbnail":"","medium":"","medium_large":"","large":"","ug_big":"","1536x1536":"","2048x2048":"","newsever-slider-full":"","newsever-featured":"","newsever-medium":"","web-stories-poster-portrait":"","web-stories-publisher-logo":"","web-stories-thumbnail":""},"author_info":{"display_name":"admpu17wp","author_link":"https:\/\/experienciadevida.com.ar\/portalurbano\/author\/admpu17wp\/"},"category_info":"<a href=\"https:\/\/experienciadevida.com.ar\/portalurbano\/category\/destacadas-2\/\" rel=\"category tag\">Destacadas 2<\/a> <a href=\"https:\/\/experienciadevida.com.ar\/portalurbano\/category\/policiales\/\" rel=\"category tag\">Policiales<\/a>","tag_info":"Policiales","comment_count":"0","amp_enabled":true,"_links":{"self":[{"href":"https:\/\/experienciadevida.com.ar\/portalurbano\/wp-json\/wp\/v2\/posts\/136653"}],"collection":[{"href":"https:\/\/experienciadevida.com.ar\/portalurbano\/wp-json\/wp\/v2\/posts"}],"about":[{"href":"https:\/\/experienciadevida.com.ar\/portalurbano\/wp-json\/wp\/v2\/types\/post"}],"author":[{"embeddable":true,"href":"https:\/\/experienciadevida.com.ar\/portalurbano\/wp-json\/wp\/v2\/users\/1"}],"replies":[{"embeddable":true,"href":"https:\/\/experienciadevida.com.ar\/portalurbano\/wp-json\/wp\/v2\/comments?post=136653"}],"version-history":[{"count":4,"href":"https:\/\/experienciadevida.com.ar\/portalurbano\/wp-json\/wp\/v2\/posts\/136653\/revisions"}],"predecessor-version":[{"id":136657,"href":"https:\/\/experienciadevida.com.ar\/portalurbano\/wp-json\/wp\/v2\/posts\/136653\/revisions\/136657"}],"wp:attachment":[{"href":"https:\/\/experienciadevida.com.ar\/portalurbano\/wp-json\/wp\/v2\/media?parent=136653"}],"wp:term":[{"taxonomy":"category","embeddable":true,"href":"https:\/\/experienciadevida.com.ar\/portalurbano\/wp-json\/wp\/v2\/categories?post=136653"},{"taxonomy":"post_tag","embeddable":true,"href":"https:\/\/experienciadevida.com.ar\/portalurbano\/wp-json\/wp\/v2\/tags?post=136653"}],"curies":[{"name":"wp","href":"https:\/\/api.w.org\/{rel}","templated":true}]}}