{"id":136649,"date":"2021-03-05T11:57:42","date_gmt":"2021-03-05T14:57:42","guid":{"rendered":"https:\/\/experienciadevida.com.ar\/portalurbano\/?p=136649"},"modified":"2021-03-05T12:13:51","modified_gmt":"2021-03-05T15:13:51","slug":"en-el-marco-de-las-actividades-por-el-dia-internacional-de-la-mujer-haran-charlas-en-clave-de-genero","status":"publish","type":"post","link":"https:\/\/experienciadevida.com.ar\/portalurbano\/en-el-marco-de-las-actividades-por-el-dia-internacional-de-la-mujer-haran-charlas-en-clave-de-genero\/","title":{"rendered":"En el marco de las actividades por el D\u00eda Internacional de la Mujer har\u00e1n charlas en clave de g\u00e9nero"},"content":{"rendered":"<p>En el marco de las actividades por el D\u00eda Internacional de la Mujer har\u00e1n charlas en clave de g\u00e9nero. Impulsadas por la Direcci\u00f3n de Pol\u00edticas de G\u00e9nero del Municipio de Olavarr\u00eda, N\u00e9stor \u00a8Yuyo\u00a8 Garc\u00eda, el pap\u00e1 de Micaela, brindar\u00e1 una charla virtual sobre el camino de Ley que lleva el nombre de su hija.<\/p>\n<p>Ser\u00e1 este 10 de marzo a las 17:30 horas mediante plataforma Zoom. Se organiza en conjunto con la UNICEN y est\u00e1 destinada a las personas que est\u00e1n cursando la capacitaci\u00f3n que brinda el Municipio, como as\u00ed tambi\u00e9n abierta a la comunidad en general.<\/p>\n<p>En la charla se hablar\u00e1 del recorrido de la Ley Micaela, su aplicaci\u00f3n a nivel local y la importancia de que agentes estatales se capaciten en materia de g\u00e9nero. Moderar\u00e1 el encuentro la Lic. Florencia Caro, coordinadora de las capacitaciones de Ley Micaela del Municipio de Olavarr\u00eda.<\/p>\n<p>La militancia de \u201cYuyo\u201d por la sanci\u00f3n de la Ley en homenaje a su hija asesinada en 2017 fue clave para que, en 2018, se dieran las condiciones para debatir y reglamentar la Ley Nacional 27499, conocida como Ley Micaela, que establece la capacitaci\u00f3n obligatoria y permanente en materia de g\u00e9nero de todo el personal estatal de la gesti\u00f3n p\u00fablica.<\/p>\n<p>A nivel local, nuestro Municipio reglament\u00f3 su aplicaci\u00f3n en el marco de la Ordenanza Municipal 4406\/19 y ya ha capacitado a m\u00e1s de 700 empleadas y empleados.<\/p>\n<p>&nbsp;<\/p>\n","protected":false},"excerpt":{"rendered":"<p>En el marco de las actividades por el D\u00eda Internacional de la Mujer har\u00e1n charlas&#8230;<\/p>\n","protected":false},"author":1,"featured_media":136650,"comment_status":"closed","ping_status":"closed","sticky":false,"template":"","format":"standard","meta":{"content-type":""},"categories":[27,64],"tags":[],"nelio_content":{"isAutoShareEnabled":false,"autoShareEndMode":"default","automationSources":{"useContentSentences":true,"useSocialTemplates":true,"useCustomSentences":false,"customSentences":[]},"followers":[1],"suggestedReferences":[],"includedReferences":[],"efiUrl":"","efiAlt":"","highlights":[]},"yoast_head":"<!-- This site is optimized with the Yoast SEO plugin v20.7 - https:\/\/yoast.com\/wordpress\/plugins\/seo\/ -->\n<title>En el marco de las actividades por el d\u00eda internacional de la mujer<\/title>\n<meta name=\"description\" content=\"En el marco de las actividades por el D\u00eda Internacional de la Mujer har\u00e1n charlas en clave de g\u00e9nero, impulsadas por pol\u00edtica de g\u00e9nero.\" \/>\n<meta name=\"robots\" content=\"index, follow, max-snippet:-1, max-image-preview:large, max-video-preview:-1\" \/>\n<link rel=\"canonical\" href=\"https:\/\/experienciadevida.com.ar\/portalurbano\/en-el-marco-de-las-actividades-por-el-dia-internacional-de-la-mujer-haran-charlas-en-clave-de-genero\/\" \/>\n<meta property=\"og:locale\" content=\"es_ES\" \/>\n<meta property=\"og:type\" content=\"article\" \/>\n<meta property=\"og:title\" content=\"En el marco de las actividades por el d\u00eda internacional de la mujer\" \/>\n<meta property=\"og:description\" content=\"En el marco de las actividades por el D\u00eda Internacional de la Mujer har\u00e1n charlas en clave de g\u00e9nero, impulsadas por pol\u00edtica de g\u00e9nero.\" \/>\n<meta property=\"og:url\" content=\"https:\/\/experienciadevida.com.ar\/portalurbano\/en-el-marco-de-las-actividades-por-el-dia-internacional-de-la-mujer-haran-charlas-en-clave-de-genero\/\" \/>\n<meta property=\"article:publisher\" content=\"https:\/\/www.facebook.com\/Portal-Urbano-171542830093757\/\" \/>\n<meta property=\"article:published_time\" content=\"2021-03-05T14:57:42+00:00\" \/>\n<meta property=\"article:modified_time\" content=\"2021-03-05T15:13:51+00:00\" \/>\n<meta property=\"og:image\" content=\"https:\/\/experienciadevida.com.ar\/portalurbano\/wp-content\/uploads\/2021\/03\/En-el-marco-de-las.jpg\" \/>\n\t<meta property=\"og:image:width\" content=\"1024\" \/>\n\t<meta property=\"og:image:height\" content=\"576\" \/>\n\t<meta property=\"og:image:type\" content=\"image\/jpeg\" \/>\n<meta name=\"author\" content=\"admpu17wp\" \/>\n<meta name=\"twitter:card\" content=\"summary_large_image\" \/>\n<meta name=\"twitter:creator\" content=\"@portalurbanook\" \/>\n<meta name=\"twitter:site\" content=\"@portalurbanook\" \/>\n<meta name=\"twitter:label1\" content=\"Escrito por\" \/>\n\t<meta name=\"twitter:data1\" content=\"admpu17wp\" \/>\n\t<meta name=\"twitter:label2\" content=\"Tiempo de lectura\" \/>\n\t<meta name=\"twitter:data2\" content=\"2 minutos\" \/>\n<script type=\"application\/ld+json\" class=\"yoast-schema-graph\">{\"@context\":\"https:\/\/schema.org\",\"@graph\":[{\"@type\":\"Article\",\"@id\":\"https:\/\/experienciadevida.com.ar\/portalurbano\/en-el-marco-de-las-actividades-por-el-dia-internacional-de-la-mujer-haran-charlas-en-clave-de-genero\/#article\",\"isPartOf\":{\"@id\":\"https:\/\/experienciadevida.com.ar\/portalurbano\/en-el-marco-de-las-actividades-por-el-dia-internacional-de-la-mujer-haran-charlas-en-clave-de-genero\/\"},\"author\":{\"name\":\"admpu17wp\",\"@id\":\"https:\/\/experienciadevida.com.ar\/portalurbano\/#\/schema\/person\/02dd326b1c4b056e9cc972486934a3a7\"},\"headline\":\"En el marco de las actividades por el D\u00eda Internacional de la Mujer har\u00e1n charlas en clave de g\u00e9nero\",\"datePublished\":\"2021-03-05T14:57:42+00:00\",\"dateModified\":\"2021-03-05T15:13:51+00:00\",\"mainEntityOfPage\":{\"@id\":\"https:\/\/experienciadevida.com.ar\/portalurbano\/en-el-marco-de-las-actividades-por-el-dia-internacional-de-la-mujer-haran-charlas-en-clave-de-genero\/\"},\"wordCount\":269,\"publisher\":{\"@id\":\"https:\/\/experienciadevida.com.ar\/portalurbano\/#organization\"},\"articleSection\":[\"Ciudad\",\"Destacadas 2\"],\"inLanguage\":\"es\"},{\"@type\":\"WebPage\",\"@id\":\"https:\/\/experienciadevida.com.ar\/portalurbano\/en-el-marco-de-las-actividades-por-el-dia-internacional-de-la-mujer-haran-charlas-en-clave-de-genero\/\",\"url\":\"https:\/\/experienciadevida.com.ar\/portalurbano\/en-el-marco-de-las-actividades-por-el-dia-internacional-de-la-mujer-haran-charlas-en-clave-de-genero\/\",\"name\":\"En el marco de las actividades por el d\u00eda internacional de la mujer\",\"isPartOf\":{\"@id\":\"https:\/\/experienciadevida.com.ar\/portalurbano\/#website\"},\"datePublished\":\"2021-03-05T14:57:42+00:00\",\"dateModified\":\"2021-03-05T15:13:51+00:00\",\"description\":\"En el marco de las actividades por el D\u00eda Internacional de la Mujer har\u00e1n charlas en clave de g\u00e9nero, impulsadas por pol\u00edtica de g\u00e9nero.\",\"breadcrumb\":{\"@id\":\"https:\/\/experienciadevida.com.ar\/portalurbano\/en-el-marco-de-las-actividades-por-el-dia-internacional-de-la-mujer-haran-charlas-en-clave-de-genero\/#breadcrumb\"},\"inLanguage\":\"es\",\"potentialAction\":[{\"@type\":\"ReadAction\",\"target\":[\"https:\/\/experienciadevida.com.ar\/portalurbano\/en-el-marco-de-las-actividades-por-el-dia-internacional-de-la-mujer-haran-charlas-en-clave-de-genero\/\"]}]},{\"@type\":\"BreadcrumbList\",\"@id\":\"https:\/\/experienciadevida.com.ar\/portalurbano\/en-el-marco-de-las-actividades-por-el-dia-internacional-de-la-mujer-haran-charlas-en-clave-de-genero\/#breadcrumb\",\"itemListElement\":[{\"@type\":\"ListItem\",\"position\":1,\"name\":\"Portada\",\"item\":\"https:\/\/experienciadevida.com.ar\/portalurbano\/\"},{\"@type\":\"ListItem\",\"position\":2,\"name\":\"En el marco de las actividades por el D\u00eda Internacional de la Mujer har\u00e1n charlas en clave de g\u00e9nero\"}]},{\"@type\":\"WebSite\",\"@id\":\"https:\/\/experienciadevida.com.ar\/portalurbano\/#website\",\"url\":\"https:\/\/experienciadevida.com.ar\/portalurbano\/\",\"name\":\"\",\"description\":\"\",\"publisher\":{\"@id\":\"https:\/\/experienciadevida.com.ar\/portalurbano\/#organization\"},\"potentialAction\":[{\"@type\":\"SearchAction\",\"target\":{\"@type\":\"EntryPoint\",\"urlTemplate\":\"https:\/\/experienciadevida.com.ar\/portalurbano\/?s={search_term_string}\"},\"query-input\":\"required name=search_term_string\"}],\"inLanguage\":\"es\"},{\"@type\":\"Organization\",\"@id\":\"https:\/\/experienciadevida.com.ar\/portalurbano\/#organization\",\"name\":\"Portal Urbano\",\"url\":\"https:\/\/experienciadevida.com.ar\/portalurbano\/\",\"logo\":{\"@type\":\"ImageObject\",\"inLanguage\":\"es\",\"@id\":\"https:\/\/experienciadevida.com.ar\/portalurbano\/#\/schema\/logo\/image\/\",\"url\":\"https:\/\/experienciadevida.com.ar\/portalurbano\/wp-content\/uploads\/2019\/09\/Logo-Original.png\",\"contentUrl\":\"https:\/\/experienciadevida.com.ar\/portalurbano\/wp-content\/uploads\/2019\/09\/Logo-Original.png\",\"width\":2236,\"height\":1216,\"caption\":\"Portal Urbano\"},\"image\":{\"@id\":\"https:\/\/experienciadevida.com.ar\/portalurbano\/#\/schema\/logo\/image\/\"},\"sameAs\":[\"https:\/\/www.facebook.com\/Portal-Urbano-171542830093757\/\",\"https:\/\/twitter.com\/portalurbanook\",\"https:\/\/www.instagram.com\/_portalurbano\/\",\"https:\/\/www.youtube.com\/channel\/UCXhagIfszH8KxFiOok79zbA?view_as=subscriber\"]},{\"@type\":\"Person\",\"@id\":\"https:\/\/experienciadevida.com.ar\/portalurbano\/#\/schema\/person\/02dd326b1c4b056e9cc972486934a3a7\",\"name\":\"admpu17wp\",\"image\":{\"@type\":\"ImageObject\",\"inLanguage\":\"es\",\"@id\":\"https:\/\/experienciadevida.com.ar\/portalurbano\/#\/schema\/person\/image\/\",\"url\":\"https:\/\/secure.gravatar.com\/avatar\/830d4c57adaae6630765e449a6908047?s=96&d=mm&r=g\",\"contentUrl\":\"https:\/\/secure.gravatar.com\/avatar\/830d4c57adaae6630765e449a6908047?s=96&d=mm&r=g\",\"caption\":\"admpu17wp\"}}]}<\/script>\n<!-- \/ Yoast SEO plugin. -->","yoast_head_json":{"title":"En el marco de las actividades por el d\u00eda internacional de la mujer","description":"En el marco de las actividades por el D\u00eda Internacional de la Mujer har\u00e1n charlas en clave de g\u00e9nero, impulsadas por pol\u00edtica de g\u00e9nero.","robots":{"index":"index","follow":"follow","max-snippet":"max-snippet:-1","max-image-preview":"max-image-preview:large","max-video-preview":"max-video-preview:-1"},"canonical":"https:\/\/experienciadevida.com.ar\/portalurbano\/en-el-marco-de-las-actividades-por-el-dia-internacional-de-la-mujer-haran-charlas-en-clave-de-genero\/","og_locale":"es_ES","og_type":"article","og_title":"En el marco de las actividades por el d\u00eda internacional de la mujer","og_description":"En el marco de las actividades por el D\u00eda Internacional de la Mujer har\u00e1n charlas en clave de g\u00e9nero, impulsadas por pol\u00edtica de g\u00e9nero.","og_url":"https:\/\/experienciadevida.com.ar\/portalurbano\/en-el-marco-de-las-actividades-por-el-dia-internacional-de-la-mujer-haran-charlas-en-clave-de-genero\/","article_publisher":"https:\/\/www.facebook.com\/Portal-Urbano-171542830093757\/","article_published_time":"2021-03-05T14:57:42+00:00","article_modified_time":"2021-03-05T15:13:51+00:00","og_image":[{"width":1024,"height":576,"url":"https:\/\/experienciadevida.com.ar\/portalurbano\/wp-content\/uploads\/2021\/03\/En-el-marco-de-las.jpg","type":"image\/jpeg"}],"author":"admpu17wp","twitter_card":"summary_large_image","twitter_creator":"@portalurbanook","twitter_site":"@portalurbanook","twitter_misc":{"Escrito por":"admpu17wp","Tiempo de lectura":"2 minutos"},"schema":{"@context":"https:\/\/schema.org","@graph":[{"@type":"Article","@id":"https:\/\/experienciadevida.com.ar\/portalurbano\/en-el-marco-de-las-actividades-por-el-dia-internacional-de-la-mujer-haran-charlas-en-clave-de-genero\/#article","isPartOf":{"@id":"https:\/\/experienciadevida.com.ar\/portalurbano\/en-el-marco-de-las-actividades-por-el-dia-internacional-de-la-mujer-haran-charlas-en-clave-de-genero\/"},"author":{"name":"admpu17wp","@id":"https:\/\/experienciadevida.com.ar\/portalurbano\/#\/schema\/person\/02dd326b1c4b056e9cc972486934a3a7"},"headline":"En el marco de las actividades por el D\u00eda Internacional de la Mujer har\u00e1n charlas en clave de g\u00e9nero","datePublished":"2021-03-05T14:57:42+00:00","dateModified":"2021-03-05T15:13:51+00:00","mainEntityOfPage":{"@id":"https:\/\/experienciadevida.com.ar\/portalurbano\/en-el-marco-de-las-actividades-por-el-dia-internacional-de-la-mujer-haran-charlas-en-clave-de-genero\/"},"wordCount":269,"publisher":{"@id":"https:\/\/experienciadevida.com.ar\/portalurbano\/#organization"},"articleSection":["Ciudad","Destacadas 2"],"inLanguage":"es"},{"@type":"WebPage","@id":"https:\/\/experienciadevida.com.ar\/portalurbano\/en-el-marco-de-las-actividades-por-el-dia-internacional-de-la-mujer-haran-charlas-en-clave-de-genero\/","url":"https:\/\/experienciadevida.com.ar\/portalurbano\/en-el-marco-de-las-actividades-por-el-dia-internacional-de-la-mujer-haran-charlas-en-clave-de-genero\/","name":"En el marco de las actividades por el d\u00eda internacional de la mujer","isPartOf":{"@id":"https:\/\/experienciadevida.com.ar\/portalurbano\/#website"},"datePublished":"2021-03-05T14:57:42+00:00","dateModified":"2021-03-05T15:13:51+00:00","description":"En el marco de las actividades por el D\u00eda Internacional de la Mujer har\u00e1n charlas en clave de g\u00e9nero, impulsadas por pol\u00edtica de g\u00e9nero.","breadcrumb":{"@id":"https:\/\/experienciadevida.com.ar\/portalurbano\/en-el-marco-de-las-actividades-por-el-dia-internacional-de-la-mujer-haran-charlas-en-clave-de-genero\/#breadcrumb"},"inLanguage":"es","potentialAction":[{"@type":"ReadAction","target":["https:\/\/experienciadevida.com.ar\/portalurbano\/en-el-marco-de-las-actividades-por-el-dia-internacional-de-la-mujer-haran-charlas-en-clave-de-genero\/"]}]},{"@type":"BreadcrumbList","@id":"https:\/\/experienciadevida.com.ar\/portalurbano\/en-el-marco-de-las-actividades-por-el-dia-internacional-de-la-mujer-haran-charlas-en-clave-de-genero\/#breadcrumb","itemListElement":[{"@type":"ListItem","position":1,"name":"Portada","item":"https:\/\/experienciadevida.com.ar\/portalurbano\/"},{"@type":"ListItem","position":2,"name":"En el marco de las actividades por el D\u00eda Internacional de la Mujer har\u00e1n charlas en clave de g\u00e9nero"}]},{"@type":"WebSite","@id":"https:\/\/experienciadevida.com.ar\/portalurbano\/#website","url":"https:\/\/experienciadevida.com.ar\/portalurbano\/","name":"","description":"","publisher":{"@id":"https:\/\/experienciadevida.com.ar\/portalurbano\/#organization"},"potentialAction":[{"@type":"SearchAction","target":{"@type":"EntryPoint","urlTemplate":"https:\/\/experienciadevida.com.ar\/portalurbano\/?s={search_term_string}"},"query-input":"required name=search_term_string"}],"inLanguage":"es"},{"@type":"Organization","@id":"https:\/\/experienciadevida.com.ar\/portalurbano\/#organization","name":"Portal Urbano","url":"https:\/\/experienciadevida.com.ar\/portalurbano\/","logo":{"@type":"ImageObject","inLanguage":"es","@id":"https:\/\/experienciadevida.com.ar\/portalurbano\/#\/schema\/logo\/image\/","url":"https:\/\/experienciadevida.com.ar\/portalurbano\/wp-content\/uploads\/2019\/09\/Logo-Original.png","contentUrl":"https:\/\/experienciadevida.com.ar\/portalurbano\/wp-content\/uploads\/2019\/09\/Logo-Original.png","width":2236,"height":1216,"caption":"Portal Urbano"},"image":{"@id":"https:\/\/experienciadevida.com.ar\/portalurbano\/#\/schema\/logo\/image\/"},"sameAs":["https:\/\/www.facebook.com\/Portal-Urbano-171542830093757\/","https:\/\/twitter.com\/portalurbanook","https:\/\/www.instagram.com\/_portalurbano\/","https:\/\/www.youtube.com\/channel\/UCXhagIfszH8KxFiOok79zbA?view_as=subscriber"]},{"@type":"Person","@id":"https:\/\/experienciadevida.com.ar\/portalurbano\/#\/schema\/person\/02dd326b1c4b056e9cc972486934a3a7","name":"admpu17wp","image":{"@type":"ImageObject","inLanguage":"es","@id":"https:\/\/experienciadevida.com.ar\/portalurbano\/#\/schema\/person\/image\/","url":"https:\/\/secure.gravatar.com\/avatar\/830d4c57adaae6630765e449a6908047?s=96&d=mm&r=g","contentUrl":"https:\/\/secure.gravatar.com\/avatar\/830d4c57adaae6630765e449a6908047?s=96&d=mm&r=g","caption":"admpu17wp"}}]}},"featured_image_urls":{"full":["https:\/\/experienciadevida.com.ar\/portalurbano\/wp-content\/uploads\/2021\/03\/En-el-marco-de-las.jpg",1024,576,false],"thumbnail":["https:\/\/experienciadevida.com.ar\/portalurbano\/wp-content\/uploads\/2021\/03\/En-el-marco-de-las-150x150.jpg",150,150,true],"medium":["https:\/\/experienciadevida.com.ar\/portalurbano\/wp-content\/uploads\/2021\/03\/En-el-marco-de-las-300x169.jpg",300,169,true],"medium_large":["https:\/\/experienciadevida.com.ar\/portalurbano\/wp-content\/uploads\/2021\/03\/En-el-marco-de-las-768x432.jpg",640,360,true],"large":["https:\/\/experienciadevida.com.ar\/portalurbano\/wp-content\/uploads\/2021\/03\/En-el-marco-de-las.jpg",640,360,false],"ug_big":["https:\/\/experienciadevida.com.ar\/portalurbano\/wp-content\/uploads\/2021\/03\/En-el-marco-de-las-768x432.jpg",768,432,true],"1536x1536":["https:\/\/experienciadevida.com.ar\/portalurbano\/wp-content\/uploads\/2021\/03\/En-el-marco-de-las.jpg",1024,576,false],"2048x2048":["https:\/\/experienciadevida.com.ar\/portalurbano\/wp-content\/uploads\/2021\/03\/En-el-marco-de-las.jpg",1024,576,false],"newsever-slider-full":["https:\/\/experienciadevida.com.ar\/portalurbano\/wp-content\/uploads\/2021\/03\/En-el-marco-de-las.jpg",1024,576,false],"newsever-featured":["https:\/\/experienciadevida.com.ar\/portalurbano\/wp-content\/uploads\/2021\/03\/En-el-marco-de-las.jpg",1024,576,false],"newsever-medium":["https:\/\/experienciadevida.com.ar\/portalurbano\/wp-content\/uploads\/2021\/03\/En-el-marco-de-las.jpg",720,405,false],"web-stories-poster-portrait":["https:\/\/experienciadevida.com.ar\/portalurbano\/wp-content\/uploads\/2021\/03\/En-el-marco-de-las.jpg",640,360,false],"web-stories-publisher-logo":["https:\/\/experienciadevida.com.ar\/portalurbano\/wp-content\/uploads\/2021\/03\/En-el-marco-de-las.jpg",96,54,false],"web-stories-thumbnail":["https:\/\/experienciadevida.com.ar\/portalurbano\/wp-content\/uploads\/2021\/03\/En-el-marco-de-las.jpg",150,84,false]},"author_info":{"display_name":"admpu17wp","author_link":"https:\/\/experienciadevida.com.ar\/portalurbano\/author\/admpu17wp\/"},"category_info":"<a href=\"https:\/\/experienciadevida.com.ar\/portalurbano\/category\/ciudad\/\" rel=\"category tag\">Ciudad<\/a> <a href=\"https:\/\/experienciadevida.com.ar\/portalurbano\/category\/destacadas-2\/\" rel=\"category tag\">Destacadas 2<\/a>","tag_info":"Destacadas 2","comment_count":"0","amp_enabled":true,"_links":{"self":[{"href":"https:\/\/experienciadevida.com.ar\/portalurbano\/wp-json\/wp\/v2\/posts\/136649"}],"collection":[{"href":"https:\/\/experienciadevida.com.ar\/portalurbano\/wp-json\/wp\/v2\/posts"}],"about":[{"href":"https:\/\/experienciadevida.com.ar\/portalurbano\/wp-json\/wp\/v2\/types\/post"}],"author":[{"embeddable":true,"href":"https:\/\/experienciadevida.com.ar\/portalurbano\/wp-json\/wp\/v2\/users\/1"}],"replies":[{"embeddable":true,"href":"https:\/\/experienciadevida.com.ar\/portalurbano\/wp-json\/wp\/v2\/comments?post=136649"}],"version-history":[{"count":1,"href":"https:\/\/experienciadevida.com.ar\/portalurbano\/wp-json\/wp\/v2\/posts\/136649\/revisions"}],"predecessor-version":[{"id":136651,"href":"https:\/\/experienciadevida.com.ar\/portalurbano\/wp-json\/wp\/v2\/posts\/136649\/revisions\/136651"}],"wp:featuredmedia":[{"embeddable":true,"href":"https:\/\/experienciadevida.com.ar\/portalurbano\/wp-json\/wp\/v2\/media\/136650"}],"wp:attachment":[{"href":"https:\/\/experienciadevida.com.ar\/portalurbano\/wp-json\/wp\/v2\/media?parent=136649"}],"wp:term":[{"taxonomy":"category","embeddable":true,"href":"https:\/\/experienciadevida.com.ar\/portalurbano\/wp-json\/wp\/v2\/categories?post=136649"},{"taxonomy":"post_tag","embeddable":true,"href":"https:\/\/experienciadevida.com.ar\/portalurbano\/wp-json\/wp\/v2\/tags?post=136649"}],"curies":[{"name":"wp","href":"https:\/\/api.w.org\/{rel}","templated":true}]}}