{"id":136634,"date":"2021-03-05T10:37:15","date_gmt":"2021-03-05T13:37:15","guid":{"rendered":"https:\/\/experienciadevida.com.ar\/portalurbano\/?p=136634"},"modified":"2021-03-05T10:41:14","modified_gmt":"2021-03-05T13:41:14","slug":"ultimo-primer-dia-municipio-realizara-un-operativo-especial","status":"publish","type":"post","link":"https:\/\/experienciadevida.com.ar\/portalurbano\/ultimo-primer-dia-municipio-realizara-un-operativo-especial\/","title":{"rendered":"\u00daltimo Primer D\u00eda: Municipio realizar\u00e1 un operativo especial"},"content":{"rendered":"<p>\u00daltimo Primer D\u00eda: Municipio realizar\u00e1 un operativo especial. El pr\u00f3ximo lunes comenzar\u00e1n las clases para estudiantes de secundaria. Como ya es tradicional, j\u00f3venes del \u00faltimo a\u00f1o escolar realizan el festejo denominado \u201c\u00daltimo Primer D\u00eda\u201d y \u2013debido al contexto epidemiol\u00f3gico actual\u2013 se llevar\u00e1 a cabo un operativo especial para acompa\u00f1ar a la juventud.<\/p>\n<p>De esta manera, tal lo acordado en conjunto entre autoridades educativas y funcionarios municipales de las \u00e1reas Salud, Seguridad y Desarrollo Humano, el operativo tendr\u00e1 por objetivo el acompa\u00f1amiento hacia los futuros egresados para que el acontecimiento se desarrolle de manera normal y evitar inconvenientes mayores.<\/p>\n<p>Es as\u00ed que, desde el domingo 7 por la noche hasta la ma\u00f1ana del lunes 8, se dispondr\u00e1n m\u00f3viles \u2013con la colaboraci\u00f3n de Polic\u00eda de la Provincia de Buenos Aires y Polic\u00eda Local\u2013 y personal de Tr\u00e1nsito en puntos estrat\u00e9gicos del Partido de Olavarr\u00eda, para evitar el aglomeramiento de personas.<\/p>\n<p>Asimismo, desde la cartera sanitaria se asegur\u00f3 que \u2013como en cada oportunidad\u2013 todos los servicios del Hospital Municipal estar\u00e1n disponibles y actuantes en caso de que se requiera.<\/p>\n<p>Funcionarios remarcaron que ya se conocen los protocolos sanitarios vigentes, por lo que se solicita a las familias y los j\u00f3venes la realizaci\u00f3n de festejos a consciencia responsable, que respeten las medidas de bioseguridad vigentes para el cuidado de la salud propia y de toda la comunidad.<\/p>\n<p>&nbsp;<\/p>\n","protected":false},"excerpt":{"rendered":"<p>\u00daltimo Primer D\u00eda: Municipio realizar\u00e1 un operativo especial. El pr\u00f3ximo lunes comenzar\u00e1n las clases para&#8230;<\/p>\n","protected":false},"author":1,"featured_media":136635,"comment_status":"closed","ping_status":"closed","sticky":false,"template":"","format":"standard","meta":{"content-type":""},"categories":[27,51],"tags":[],"nelio_content":{"isAutoShareEnabled":false,"autoShareEndMode":"default","automationSources":{"useContentSentences":true,"useSocialTemplates":true,"useCustomSentences":false,"customSentences":[]},"followers":[1],"suggestedReferences":[],"includedReferences":[],"efiUrl":"","efiAlt":"","highlights":[]},"yoast_head":"<!-- This site is optimized with the Yoast SEO plugin v20.7 - https:\/\/yoast.com\/wordpress\/plugins\/seo\/ -->\n<title>\u00daltimo primer d\u00eda: Municipio realizar\u00e1 un operativo especial<\/title>\n<meta name=\"description\" content=\"\u00daltimo Primer D\u00eda: Municipio realizar\u00e1 un operativo especial, el pr\u00f3ximo lunes comenzar\u00e1n las clases para estudiantes de secundaria\" \/>\n<meta name=\"robots\" content=\"index, follow, max-snippet:-1, max-image-preview:large, max-video-preview:-1\" \/>\n<link rel=\"canonical\" href=\"https:\/\/experienciadevida.com.ar\/portalurbano\/ultimo-primer-dia-municipio-realizara-un-operativo-especial\/\" \/>\n<meta property=\"og:locale\" content=\"es_ES\" \/>\n<meta property=\"og:type\" content=\"article\" \/>\n<meta property=\"og:title\" content=\"\u00daltimo primer d\u00eda: Municipio realizar\u00e1 un operativo especial\" \/>\n<meta property=\"og:description\" content=\"\u00daltimo Primer D\u00eda: Municipio realizar\u00e1 un operativo especial, el pr\u00f3ximo lunes comenzar\u00e1n las clases para estudiantes de secundaria\" \/>\n<meta property=\"og:url\" content=\"https:\/\/experienciadevida.com.ar\/portalurbano\/ultimo-primer-dia-municipio-realizara-un-operativo-especial\/\" \/>\n<meta property=\"article:publisher\" content=\"https:\/\/www.facebook.com\/Portal-Urbano-171542830093757\/\" \/>\n<meta property=\"article:published_time\" content=\"2021-03-05T13:37:15+00:00\" \/>\n<meta property=\"article:modified_time\" content=\"2021-03-05T13:41:14+00:00\" \/>\n<meta property=\"og:image\" content=\"https:\/\/experienciadevida.com.ar\/portalurbano\/wp-content\/uploads\/2021\/03\/ultimo-primer-dia.jpg\" \/>\n\t<meta property=\"og:image:width\" content=\"1024\" \/>\n\t<meta property=\"og:image:height\" content=\"683\" \/>\n\t<meta property=\"og:image:type\" content=\"image\/jpeg\" \/>\n<meta name=\"author\" content=\"admpu17wp\" \/>\n<meta name=\"twitter:card\" content=\"summary_large_image\" \/>\n<meta name=\"twitter:creator\" content=\"@portalurbanook\" \/>\n<meta name=\"twitter:site\" content=\"@portalurbanook\" \/>\n<meta name=\"twitter:label1\" content=\"Escrito por\" \/>\n\t<meta name=\"twitter:data1\" content=\"admpu17wp\" \/>\n\t<meta name=\"twitter:label2\" content=\"Tiempo de lectura\" \/>\n\t<meta name=\"twitter:data2\" content=\"1 minuto\" \/>\n<script type=\"application\/ld+json\" class=\"yoast-schema-graph\">{\"@context\":\"https:\/\/schema.org\",\"@graph\":[{\"@type\":\"Article\",\"@id\":\"https:\/\/experienciadevida.com.ar\/portalurbano\/ultimo-primer-dia-municipio-realizara-un-operativo-especial\/#article\",\"isPartOf\":{\"@id\":\"https:\/\/experienciadevida.com.ar\/portalurbano\/ultimo-primer-dia-municipio-realizara-un-operativo-especial\/\"},\"author\":{\"name\":\"admpu17wp\",\"@id\":\"https:\/\/experienciadevida.com.ar\/portalurbano\/#\/schema\/person\/02dd326b1c4b056e9cc972486934a3a7\"},\"headline\":\"\u00daltimo Primer D\u00eda: Municipio realizar\u00e1 un operativo especial\",\"datePublished\":\"2021-03-05T13:37:15+00:00\",\"dateModified\":\"2021-03-05T13:41:14+00:00\",\"mainEntityOfPage\":{\"@id\":\"https:\/\/experienciadevida.com.ar\/portalurbano\/ultimo-primer-dia-municipio-realizara-un-operativo-especial\/\"},\"wordCount\":252,\"publisher\":{\"@id\":\"https:\/\/experienciadevida.com.ar\/portalurbano\/#organization\"},\"articleSection\":[\"Ciudad\",\"Destacadas\"],\"inLanguage\":\"es\"},{\"@type\":\"WebPage\",\"@id\":\"https:\/\/experienciadevida.com.ar\/portalurbano\/ultimo-primer-dia-municipio-realizara-un-operativo-especial\/\",\"url\":\"https:\/\/experienciadevida.com.ar\/portalurbano\/ultimo-primer-dia-municipio-realizara-un-operativo-especial\/\",\"name\":\"\u00daltimo primer d\u00eda: Municipio realizar\u00e1 un operativo especial\",\"isPartOf\":{\"@id\":\"https:\/\/experienciadevida.com.ar\/portalurbano\/#website\"},\"datePublished\":\"2021-03-05T13:37:15+00:00\",\"dateModified\":\"2021-03-05T13:41:14+00:00\",\"description\":\"\u00daltimo Primer D\u00eda: Municipio realizar\u00e1 un operativo especial, el pr\u00f3ximo lunes comenzar\u00e1n las clases para estudiantes de secundaria\",\"breadcrumb\":{\"@id\":\"https:\/\/experienciadevida.com.ar\/portalurbano\/ultimo-primer-dia-municipio-realizara-un-operativo-especial\/#breadcrumb\"},\"inLanguage\":\"es\",\"potentialAction\":[{\"@type\":\"ReadAction\",\"target\":[\"https:\/\/experienciadevida.com.ar\/portalurbano\/ultimo-primer-dia-municipio-realizara-un-operativo-especial\/\"]}]},{\"@type\":\"BreadcrumbList\",\"@id\":\"https:\/\/experienciadevida.com.ar\/portalurbano\/ultimo-primer-dia-municipio-realizara-un-operativo-especial\/#breadcrumb\",\"itemListElement\":[{\"@type\":\"ListItem\",\"position\":1,\"name\":\"Portada\",\"item\":\"https:\/\/experienciadevida.com.ar\/portalurbano\/\"},{\"@type\":\"ListItem\",\"position\":2,\"name\":\"\u00daltimo Primer D\u00eda: Municipio realizar\u00e1 un operativo especial\"}]},{\"@type\":\"WebSite\",\"@id\":\"https:\/\/experienciadevida.com.ar\/portalurbano\/#website\",\"url\":\"https:\/\/experienciadevida.com.ar\/portalurbano\/\",\"name\":\"\",\"description\":\"\",\"publisher\":{\"@id\":\"https:\/\/experienciadevida.com.ar\/portalurbano\/#organization\"},\"potentialAction\":[{\"@type\":\"SearchAction\",\"target\":{\"@type\":\"EntryPoint\",\"urlTemplate\":\"https:\/\/experienciadevida.com.ar\/portalurbano\/?s={search_term_string}\"},\"query-input\":\"required name=search_term_string\"}],\"inLanguage\":\"es\"},{\"@type\":\"Organization\",\"@id\":\"https:\/\/experienciadevida.com.ar\/portalurbano\/#organization\",\"name\":\"Portal Urbano\",\"url\":\"https:\/\/experienciadevida.com.ar\/portalurbano\/\",\"logo\":{\"@type\":\"ImageObject\",\"inLanguage\":\"es\",\"@id\":\"https:\/\/experienciadevida.com.ar\/portalurbano\/#\/schema\/logo\/image\/\",\"url\":\"https:\/\/experienciadevida.com.ar\/portalurbano\/wp-content\/uploads\/2019\/09\/Logo-Original.png\",\"contentUrl\":\"https:\/\/experienciadevida.com.ar\/portalurbano\/wp-content\/uploads\/2019\/09\/Logo-Original.png\",\"width\":2236,\"height\":1216,\"caption\":\"Portal Urbano\"},\"image\":{\"@id\":\"https:\/\/experienciadevida.com.ar\/portalurbano\/#\/schema\/logo\/image\/\"},\"sameAs\":[\"https:\/\/www.facebook.com\/Portal-Urbano-171542830093757\/\",\"https:\/\/twitter.com\/portalurbanook\",\"https:\/\/www.instagram.com\/_portalurbano\/\",\"https:\/\/www.youtube.com\/channel\/UCXhagIfszH8KxFiOok79zbA?view_as=subscriber\"]},{\"@type\":\"Person\",\"@id\":\"https:\/\/experienciadevida.com.ar\/portalurbano\/#\/schema\/person\/02dd326b1c4b056e9cc972486934a3a7\",\"name\":\"admpu17wp\",\"image\":{\"@type\":\"ImageObject\",\"inLanguage\":\"es\",\"@id\":\"https:\/\/experienciadevida.com.ar\/portalurbano\/#\/schema\/person\/image\/\",\"url\":\"https:\/\/secure.gravatar.com\/avatar\/830d4c57adaae6630765e449a6908047?s=96&d=mm&r=g\",\"contentUrl\":\"https:\/\/secure.gravatar.com\/avatar\/830d4c57adaae6630765e449a6908047?s=96&d=mm&r=g\",\"caption\":\"admpu17wp\"}}]}<\/script>\n<!-- \/ Yoast SEO plugin. -->","yoast_head_json":{"title":"\u00daltimo primer d\u00eda: Municipio realizar\u00e1 un operativo especial","description":"\u00daltimo Primer D\u00eda: Municipio realizar\u00e1 un operativo especial, el pr\u00f3ximo lunes comenzar\u00e1n las clases para estudiantes de secundaria","robots":{"index":"index","follow":"follow","max-snippet":"max-snippet:-1","max-image-preview":"max-image-preview:large","max-video-preview":"max-video-preview:-1"},"canonical":"https:\/\/experienciadevida.com.ar\/portalurbano\/ultimo-primer-dia-municipio-realizara-un-operativo-especial\/","og_locale":"es_ES","og_type":"article","og_title":"\u00daltimo primer d\u00eda: Municipio realizar\u00e1 un operativo especial","og_description":"\u00daltimo Primer D\u00eda: Municipio realizar\u00e1 un operativo especial, el pr\u00f3ximo lunes comenzar\u00e1n las clases para estudiantes de secundaria","og_url":"https:\/\/experienciadevida.com.ar\/portalurbano\/ultimo-primer-dia-municipio-realizara-un-operativo-especial\/","article_publisher":"https:\/\/www.facebook.com\/Portal-Urbano-171542830093757\/","article_published_time":"2021-03-05T13:37:15+00:00","article_modified_time":"2021-03-05T13:41:14+00:00","og_image":[{"width":1024,"height":683,"url":"https:\/\/experienciadevida.com.ar\/portalurbano\/wp-content\/uploads\/2021\/03\/ultimo-primer-dia.jpg","type":"image\/jpeg"}],"author":"admpu17wp","twitter_card":"summary_large_image","twitter_creator":"@portalurbanook","twitter_site":"@portalurbanook","twitter_misc":{"Escrito por":"admpu17wp","Tiempo de lectura":"1 minuto"},"schema":{"@context":"https:\/\/schema.org","@graph":[{"@type":"Article","@id":"https:\/\/experienciadevida.com.ar\/portalurbano\/ultimo-primer-dia-municipio-realizara-un-operativo-especial\/#article","isPartOf":{"@id":"https:\/\/experienciadevida.com.ar\/portalurbano\/ultimo-primer-dia-municipio-realizara-un-operativo-especial\/"},"author":{"name":"admpu17wp","@id":"https:\/\/experienciadevida.com.ar\/portalurbano\/#\/schema\/person\/02dd326b1c4b056e9cc972486934a3a7"},"headline":"\u00daltimo Primer D\u00eda: Municipio realizar\u00e1 un operativo especial","datePublished":"2021-03-05T13:37:15+00:00","dateModified":"2021-03-05T13:41:14+00:00","mainEntityOfPage":{"@id":"https:\/\/experienciadevida.com.ar\/portalurbano\/ultimo-primer-dia-municipio-realizara-un-operativo-especial\/"},"wordCount":252,"publisher":{"@id":"https:\/\/experienciadevida.com.ar\/portalurbano\/#organization"},"articleSection":["Ciudad","Destacadas"],"inLanguage":"es"},{"@type":"WebPage","@id":"https:\/\/experienciadevida.com.ar\/portalurbano\/ultimo-primer-dia-municipio-realizara-un-operativo-especial\/","url":"https:\/\/experienciadevida.com.ar\/portalurbano\/ultimo-primer-dia-municipio-realizara-un-operativo-especial\/","name":"\u00daltimo primer d\u00eda: Municipio realizar\u00e1 un operativo especial","isPartOf":{"@id":"https:\/\/experienciadevida.com.ar\/portalurbano\/#website"},"datePublished":"2021-03-05T13:37:15+00:00","dateModified":"2021-03-05T13:41:14+00:00","description":"\u00daltimo Primer D\u00eda: Municipio realizar\u00e1 un operativo especial, el pr\u00f3ximo lunes comenzar\u00e1n las clases para estudiantes de secundaria","breadcrumb":{"@id":"https:\/\/experienciadevida.com.ar\/portalurbano\/ultimo-primer-dia-municipio-realizara-un-operativo-especial\/#breadcrumb"},"inLanguage":"es","potentialAction":[{"@type":"ReadAction","target":["https:\/\/experienciadevida.com.ar\/portalurbano\/ultimo-primer-dia-municipio-realizara-un-operativo-especial\/"]}]},{"@type":"BreadcrumbList","@id":"https:\/\/experienciadevida.com.ar\/portalurbano\/ultimo-primer-dia-municipio-realizara-un-operativo-especial\/#breadcrumb","itemListElement":[{"@type":"ListItem","position":1,"name":"Portada","item":"https:\/\/experienciadevida.com.ar\/portalurbano\/"},{"@type":"ListItem","position":2,"name":"\u00daltimo Primer D\u00eda: Municipio realizar\u00e1 un operativo especial"}]},{"@type":"WebSite","@id":"https:\/\/experienciadevida.com.ar\/portalurbano\/#website","url":"https:\/\/experienciadevida.com.ar\/portalurbano\/","name":"","description":"","publisher":{"@id":"https:\/\/experienciadevida.com.ar\/portalurbano\/#organization"},"potentialAction":[{"@type":"SearchAction","target":{"@type":"EntryPoint","urlTemplate":"https:\/\/experienciadevida.com.ar\/portalurbano\/?s={search_term_string}"},"query-input":"required name=search_term_string"}],"inLanguage":"es"},{"@type":"Organization","@id":"https:\/\/experienciadevida.com.ar\/portalurbano\/#organization","name":"Portal Urbano","url":"https:\/\/experienciadevida.com.ar\/portalurbano\/","logo":{"@type":"ImageObject","inLanguage":"es","@id":"https:\/\/experienciadevida.com.ar\/portalurbano\/#\/schema\/logo\/image\/","url":"https:\/\/experienciadevida.com.ar\/portalurbano\/wp-content\/uploads\/2019\/09\/Logo-Original.png","contentUrl":"https:\/\/experienciadevida.com.ar\/portalurbano\/wp-content\/uploads\/2019\/09\/Logo-Original.png","width":2236,"height":1216,"caption":"Portal Urbano"},"image":{"@id":"https:\/\/experienciadevida.com.ar\/portalurbano\/#\/schema\/logo\/image\/"},"sameAs":["https:\/\/www.facebook.com\/Portal-Urbano-171542830093757\/","https:\/\/twitter.com\/portalurbanook","https:\/\/www.instagram.com\/_portalurbano\/","https:\/\/www.youtube.com\/channel\/UCXhagIfszH8KxFiOok79zbA?view_as=subscriber"]},{"@type":"Person","@id":"https:\/\/experienciadevida.com.ar\/portalurbano\/#\/schema\/person\/02dd326b1c4b056e9cc972486934a3a7","name":"admpu17wp","image":{"@type":"ImageObject","inLanguage":"es","@id":"https:\/\/experienciadevida.com.ar\/portalurbano\/#\/schema\/person\/image\/","url":"https:\/\/secure.gravatar.com\/avatar\/830d4c57adaae6630765e449a6908047?s=96&d=mm&r=g","contentUrl":"https:\/\/secure.gravatar.com\/avatar\/830d4c57adaae6630765e449a6908047?s=96&d=mm&r=g","caption":"admpu17wp"}}]}},"featured_image_urls":{"full":["https:\/\/experienciadevida.com.ar\/portalurbano\/wp-content\/uploads\/2021\/03\/ultimo-primer-dia.jpg",1024,683,false],"thumbnail":["https:\/\/experienciadevida.com.ar\/portalurbano\/wp-content\/uploads\/2021\/03\/ultimo-primer-dia-150x150.jpg",150,150,true],"medium":["https:\/\/experienciadevida.com.ar\/portalurbano\/wp-content\/uploads\/2021\/03\/ultimo-primer-dia-300x200.jpg",300,200,true],"medium_large":["https:\/\/experienciadevida.com.ar\/portalurbano\/wp-content\/uploads\/2021\/03\/ultimo-primer-dia-768x512.jpg",640,427,true],"large":["https:\/\/experienciadevida.com.ar\/portalurbano\/wp-content\/uploads\/2021\/03\/ultimo-primer-dia.jpg",640,427,false],"ug_big":["https:\/\/experienciadevida.com.ar\/portalurbano\/wp-content\/uploads\/2021\/03\/ultimo-primer-dia-768x512.jpg",768,512,true],"1536x1536":["https:\/\/experienciadevida.com.ar\/portalurbano\/wp-content\/uploads\/2021\/03\/ultimo-primer-dia.jpg",1024,683,false],"2048x2048":["https:\/\/experienciadevida.com.ar\/portalurbano\/wp-content\/uploads\/2021\/03\/ultimo-primer-dia.jpg",1024,683,false],"newsever-slider-full":["https:\/\/experienciadevida.com.ar\/portalurbano\/wp-content\/uploads\/2021\/03\/ultimo-primer-dia.jpg",1024,683,false],"newsever-featured":["https:\/\/experienciadevida.com.ar\/portalurbano\/wp-content\/uploads\/2021\/03\/ultimo-primer-dia.jpg",1024,683,false],"newsever-medium":["https:\/\/experienciadevida.com.ar\/portalurbano\/wp-content\/uploads\/2021\/03\/ultimo-primer-dia.jpg",712,475,false],"web-stories-poster-portrait":["https:\/\/experienciadevida.com.ar\/portalurbano\/wp-content\/uploads\/2021\/03\/ultimo-primer-dia.jpg",640,427,false],"web-stories-publisher-logo":["https:\/\/experienciadevida.com.ar\/portalurbano\/wp-content\/uploads\/2021\/03\/ultimo-primer-dia.jpg",96,64,false],"web-stories-thumbnail":["https:\/\/experienciadevida.com.ar\/portalurbano\/wp-content\/uploads\/2021\/03\/ultimo-primer-dia.jpg",150,100,false]},"author_info":{"display_name":"admpu17wp","author_link":"https:\/\/experienciadevida.com.ar\/portalurbano\/author\/admpu17wp\/"},"category_info":"<a href=\"https:\/\/experienciadevida.com.ar\/portalurbano\/category\/ciudad\/\" rel=\"category tag\">Ciudad<\/a> <a href=\"https:\/\/experienciadevida.com.ar\/portalurbano\/category\/destacadas\/\" rel=\"category tag\">Destacadas<\/a>","tag_info":"Destacadas","comment_count":"0","amp_enabled":true,"_links":{"self":[{"href":"https:\/\/experienciadevida.com.ar\/portalurbano\/wp-json\/wp\/v2\/posts\/136634"}],"collection":[{"href":"https:\/\/experienciadevida.com.ar\/portalurbano\/wp-json\/wp\/v2\/posts"}],"about":[{"href":"https:\/\/experienciadevida.com.ar\/portalurbano\/wp-json\/wp\/v2\/types\/post"}],"author":[{"embeddable":true,"href":"https:\/\/experienciadevida.com.ar\/portalurbano\/wp-json\/wp\/v2\/users\/1"}],"replies":[{"embeddable":true,"href":"https:\/\/experienciadevida.com.ar\/portalurbano\/wp-json\/wp\/v2\/comments?post=136634"}],"version-history":[{"count":1,"href":"https:\/\/experienciadevida.com.ar\/portalurbano\/wp-json\/wp\/v2\/posts\/136634\/revisions"}],"predecessor-version":[{"id":136636,"href":"https:\/\/experienciadevida.com.ar\/portalurbano\/wp-json\/wp\/v2\/posts\/136634\/revisions\/136636"}],"wp:featuredmedia":[{"embeddable":true,"href":"https:\/\/experienciadevida.com.ar\/portalurbano\/wp-json\/wp\/v2\/media\/136635"}],"wp:attachment":[{"href":"https:\/\/experienciadevida.com.ar\/portalurbano\/wp-json\/wp\/v2\/media?parent=136634"}],"wp:term":[{"taxonomy":"category","embeddable":true,"href":"https:\/\/experienciadevida.com.ar\/portalurbano\/wp-json\/wp\/v2\/categories?post=136634"},{"taxonomy":"post_tag","embeddable":true,"href":"https:\/\/experienciadevida.com.ar\/portalurbano\/wp-json\/wp\/v2\/tags?post=136634"}],"curies":[{"name":"wp","href":"https:\/\/api.w.org\/{rel}","templated":true}]}}