{"id":136633,"date":"2021-03-05T10:54:55","date_gmt":"2021-03-05T13:54:55","guid":{"rendered":"https:\/\/experienciadevida.com.ar\/portalurbano\/?p=136633"},"modified":"2021-03-05T10:59:21","modified_gmt":"2021-03-05T13:59:21","slug":"ubaldo-garcia-sobre-las-tarifas-de-agua-hay-un-cobro-improcedente","status":"publish","type":"post","link":"https:\/\/experienciadevida.com.ar\/portalurbano\/ubaldo-garcia-sobre-las-tarifas-de-agua-hay-un-cobro-improcedente\/","title":{"rendered":"Ubaldo Garc\u00eda sobre las tarifas de agua: &#8220;hay un cobro improcedente&#8221;"},"content":{"rendered":"<p>Ubaldo Garc\u00eda sobre las tarifas de agua: &#8220;hay un cobro improcedente&#8221;. El Concejal del Bloque Frente de Todos, contador Ubaldo Garc\u00eda, dialog\u00f3 con LU 32 sobre lo facturado en enero y febrero. Advirti\u00f3 que las boletas tienen contribuciones que se pueden ver en la mitad de la misma. En el inicio de la entrevista, record\u00f3 que el 4 de marzo del 2020 se hizo la audiencia por el aumento y el tema sigui\u00f3 vigente durante todo el a\u00f1o.<\/p>\n<p>Los montos que llegaron en enero y febrero , no se sacaron esas contribuciones. \u201c hay un cobro improcedente\u201d, en un proyecto de ordenanza se pide que se dejen de cobrar esos conceptos y qu\u00e9 mecanismo establecer\u00e1 la empresa , para la devoluci\u00f3n.<\/p>\n<p>Ubaldo Garc\u00eda sobre las tarifas de agua, &#8220;el tema viene en forma reiterada desde el 2020 habl\u00e1ndose del tema, discutiendo desde la \u00faltima audiencia del agua que hace un a\u00f1o, fue el 4 de marzo, del 2020 parece que hace mucho porque hemos vivido una pandemia en el medio y los pazos parecen m\u00e1s r\u00e1pido pero hace un a\u00f1o que se viene discutiendo el tema, del agua se ha hecho todo un an\u00e1lisis de costos minuciosos no s\u00f3lo desde el interbloque del frente de todos sino del arco opositor, inclusive se form\u00f3 una comisi\u00f3n especial para analizar los costos que estableci\u00f3 un dictamen luego hubo otro de los concejales oficialistas en\u00a0 definitiva hab\u00eda bases como\u00a0 para considerar que el aumento que sali\u00f3 aprobado en esa ordenanza era excesivo&#8221;.<\/p>\n<p>Por otro lado, &#8220;a partir de esa ordenanza ya sali\u00f3 aprobada el 10 de diciembre del 2020, ten\u00eda un art\u00edculo 2 donde se determinaba la eliminaci\u00f3n de los conceptos de distribuci\u00f3n accionaria transitoria y contribuci\u00f3n por renovaci\u00f3n de medidor, que los usuarios del servicio de agua corriente lo pueden visualizar a mitad de la boleta, despu\u00e9s del total del consumo aparecen estas tres contribuciones que son muy significativas en cuanto a monto porque pr\u00e1cticamente rondan entre el 57 y el 65% del total que paga el vecino. En la ordenanza dec\u00eda que se ten\u00edan que eliminar, a partir de la sanci\u00f3n de la ordenanza&#8221;.<\/p>\n<p>Ubaldo Garc\u00eda sobre las tarifas de agua, &#8220;Qued\u00f3 promulgada el 17 de diciembre, por lo tanto todas las facturas que se efectuaron en enero y febrero a nuestro criterio, no deben contener ni la contribuci\u00f3n accionaria transitoria, ni la contribuci\u00f3n de renovaci\u00f3n de medidor as\u00ed como tampoco la contribuci\u00f3n accionaria original. Los montos que han cobrado tanto en las facturas que han llegado en enero o febrero, siguen existiendo estos conceptos por lo tanto, hay un cobro improcedente, que no es un monto menor ya que es entre el 56 o 57% del total de la factura&#8221;.<\/p>\n<p>A su vez &#8220;lo que nosotros solicitamos en este proyecto de resoluci\u00f3n es que el ejecutivo municipal arbitre los medios para que la cooperativa cumpla con el art\u00edculo 2 de la ordenanza 4,604\/20, aparte para que arbitre los medios de c\u00f3mo la empresa va a devolver esos cobros mal cobrados. Por un lado que deje de cobrar esos conceptos y los que ya ha cobrado los devuelvan&#8221;.<\/p>\n<p>&#8220;Despu\u00e9s est\u00e1 la tarifa social que se implemente, ya que coopelectric inform\u00f3 que va a ser autom\u00e1tico a partir de marzo.\u00a0 Nos llama la atenci\u00f3n que en febrero sigan teniendo las contribuciones, puede ser un error o una omisi\u00f3n de la ordenanza. Esperamos que despu\u00e9s de esta presentaci\u00f3n la empresa emita un comunicado al respecto&#8221;<\/p>\n<p>Adem\u00e1s coment\u00f3 &#8220;expectativas en cuanto al a\u00f1o de sesiones ordinarias, es un a\u00f1o que va a traer much\u00edsimos proyectos ordenanzas y resoluciones, porque hemos recorrido barrios, hablando con vecinos y realmente las necesidades en Olavarr\u00eda son muy grandes, sobre todo con infraestructura, obra p\u00fablica, hay muchos reclamos que hay que atender. Es un a\u00f1o tambi\u00e9n que est\u00e1 lo del transporte interurbano, la recolecci\u00f3n de basura, hay temas importantes es un a\u00f1o electoral por lo que creo que va a ser de mucho trabajo&#8221;.<\/p>\n<p>&#8220;Desde lo pol\u00edtico- econ\u00f3mico y social, a nivel naci\u00f3n esperando que el proceso de vacunaci\u00f3n se consolide, va muy bien, avanzando y que podamos salir de esta pandemia que tanto da\u00f1o nos ha hecho. Ha afectado la actividad econ\u00f3mica, social&#8221;.<\/p>\n","protected":false},"excerpt":{"rendered":"<p>Ubaldo Garc\u00eda sobre las tarifas de agua: &#8220;hay un cobro improcedente&#8221;. El Concejal del Bloque&#8230;<\/p>\n","protected":false},"author":1,"featured_media":119444,"comment_status":"closed","ping_status":"closed","sticky":false,"template":"","format":"standard","meta":{"content-type":""},"categories":[64,43],"tags":[],"nelio_content":{"isAutoShareEnabled":false,"autoShareEndMode":"default","automationSources":{"useContentSentences":true,"useSocialTemplates":true,"useCustomSentences":false,"customSentences":[]},"followers":[1],"suggestedReferences":[],"includedReferences":[],"efiUrl":"","efiAlt":"","highlights":[]},"yoast_head":"<!-- This site is optimized with the Yoast SEO plugin v20.7 - https:\/\/yoast.com\/wordpress\/plugins\/seo\/ -->\n<title>Tarifas de agua: Ubaldo Garc\u00eda &quot;Hay un cobro improcedente&quot;<\/title>\n<meta name=\"description\" content=\"Ubaldo Garc\u00eda sobre las tarifas de agua: &quot;hay un cobro improcedente&quot;, habl\u00f3 sobre el cobro de contribuciones del mes de enero y febrero\" \/>\n<meta name=\"robots\" content=\"index, follow, max-snippet:-1, max-image-preview:large, max-video-preview:-1\" \/>\n<link rel=\"canonical\" href=\"https:\/\/experienciadevida.com.ar\/portalurbano\/ubaldo-garcia-sobre-las-tarifas-de-agua-hay-un-cobro-improcedente\/\" \/>\n<meta property=\"og:locale\" content=\"es_ES\" \/>\n<meta property=\"og:type\" content=\"article\" \/>\n<meta property=\"og:title\" content=\"Tarifas de agua: Ubaldo Garc\u00eda &quot;Hay un cobro improcedente&quot;\" \/>\n<meta property=\"og:description\" content=\"Ubaldo Garc\u00eda sobre las tarifas de agua: &quot;hay un cobro improcedente&quot;, habl\u00f3 sobre el cobro de contribuciones del mes de enero y febrero\" \/>\n<meta property=\"og:url\" content=\"https:\/\/experienciadevida.com.ar\/portalurbano\/ubaldo-garcia-sobre-las-tarifas-de-agua-hay-un-cobro-improcedente\/\" \/>\n<meta property=\"article:publisher\" content=\"https:\/\/www.facebook.com\/Portal-Urbano-171542830093757\/\" \/>\n<meta property=\"article:published_time\" content=\"2021-03-05T13:54:55+00:00\" \/>\n<meta property=\"article:modified_time\" content=\"2021-03-05T13:59:21+00:00\" \/>\n<meta property=\"og:image\" content=\"https:\/\/experienciadevida.com.ar\/portalurbano\/wp-content\/uploads\/2020\/08\/UBALDOGARCIA.jpeg\" \/>\n\t<meta property=\"og:image:width\" content=\"765\" \/>\n\t<meta property=\"og:image:height\" content=\"536\" \/>\n\t<meta property=\"og:image:type\" content=\"image\/jpeg\" \/>\n<meta name=\"author\" content=\"admpu17wp\" \/>\n<meta name=\"twitter:card\" content=\"summary_large_image\" \/>\n<meta name=\"twitter:creator\" content=\"@portalurbanook\" \/>\n<meta name=\"twitter:site\" content=\"@portalurbanook\" \/>\n<meta name=\"twitter:label1\" content=\"Escrito por\" \/>\n\t<meta name=\"twitter:data1\" content=\"admpu17wp\" \/>\n\t<meta name=\"twitter:label2\" content=\"Tiempo de lectura\" \/>\n\t<meta name=\"twitter:data2\" content=\"4 minutos\" \/>\n<script type=\"application\/ld+json\" class=\"yoast-schema-graph\">{\"@context\":\"https:\/\/schema.org\",\"@graph\":[{\"@type\":\"Article\",\"@id\":\"https:\/\/experienciadevida.com.ar\/portalurbano\/ubaldo-garcia-sobre-las-tarifas-de-agua-hay-un-cobro-improcedente\/#article\",\"isPartOf\":{\"@id\":\"https:\/\/experienciadevida.com.ar\/portalurbano\/ubaldo-garcia-sobre-las-tarifas-de-agua-hay-un-cobro-improcedente\/\"},\"author\":{\"name\":\"admpu17wp\",\"@id\":\"https:\/\/experienciadevida.com.ar\/portalurbano\/#\/schema\/person\/02dd326b1c4b056e9cc972486934a3a7\"},\"headline\":\"Ubaldo Garc\u00eda sobre las tarifas de agua: &#8220;hay un cobro improcedente&#8221;\",\"datePublished\":\"2021-03-05T13:54:55+00:00\",\"dateModified\":\"2021-03-05T13:59:21+00:00\",\"mainEntityOfPage\":{\"@id\":\"https:\/\/experienciadevida.com.ar\/portalurbano\/ubaldo-garcia-sobre-las-tarifas-de-agua-hay-un-cobro-improcedente\/\"},\"wordCount\":743,\"publisher\":{\"@id\":\"https:\/\/experienciadevida.com.ar\/portalurbano\/#organization\"},\"articleSection\":[\"Destacadas 2\",\"Pol\u00edtica\"],\"inLanguage\":\"es\"},{\"@type\":\"WebPage\",\"@id\":\"https:\/\/experienciadevida.com.ar\/portalurbano\/ubaldo-garcia-sobre-las-tarifas-de-agua-hay-un-cobro-improcedente\/\",\"url\":\"https:\/\/experienciadevida.com.ar\/portalurbano\/ubaldo-garcia-sobre-las-tarifas-de-agua-hay-un-cobro-improcedente\/\",\"name\":\"Tarifas de agua: Ubaldo Garc\u00eda \\\"Hay un cobro improcedente\\\"\",\"isPartOf\":{\"@id\":\"https:\/\/experienciadevida.com.ar\/portalurbano\/#website\"},\"datePublished\":\"2021-03-05T13:54:55+00:00\",\"dateModified\":\"2021-03-05T13:59:21+00:00\",\"description\":\"Ubaldo Garc\u00eda sobre las tarifas de agua: \\\"hay un cobro improcedente\\\", habl\u00f3 sobre el cobro de contribuciones del mes de enero y febrero\",\"breadcrumb\":{\"@id\":\"https:\/\/experienciadevida.com.ar\/portalurbano\/ubaldo-garcia-sobre-las-tarifas-de-agua-hay-un-cobro-improcedente\/#breadcrumb\"},\"inLanguage\":\"es\",\"potentialAction\":[{\"@type\":\"ReadAction\",\"target\":[\"https:\/\/experienciadevida.com.ar\/portalurbano\/ubaldo-garcia-sobre-las-tarifas-de-agua-hay-un-cobro-improcedente\/\"]}]},{\"@type\":\"BreadcrumbList\",\"@id\":\"https:\/\/experienciadevida.com.ar\/portalurbano\/ubaldo-garcia-sobre-las-tarifas-de-agua-hay-un-cobro-improcedente\/#breadcrumb\",\"itemListElement\":[{\"@type\":\"ListItem\",\"position\":1,\"name\":\"Portada\",\"item\":\"https:\/\/experienciadevida.com.ar\/portalurbano\/\"},{\"@type\":\"ListItem\",\"position\":2,\"name\":\"Ubaldo Garc\u00eda sobre las tarifas de agua: \u00abhay un cobro improcedente\u00bb\"}]},{\"@type\":\"WebSite\",\"@id\":\"https:\/\/experienciadevida.com.ar\/portalurbano\/#website\",\"url\":\"https:\/\/experienciadevida.com.ar\/portalurbano\/\",\"name\":\"\",\"description\":\"\",\"publisher\":{\"@id\":\"https:\/\/experienciadevida.com.ar\/portalurbano\/#organization\"},\"potentialAction\":[{\"@type\":\"SearchAction\",\"target\":{\"@type\":\"EntryPoint\",\"urlTemplate\":\"https:\/\/experienciadevida.com.ar\/portalurbano\/?s={search_term_string}\"},\"query-input\":\"required name=search_term_string\"}],\"inLanguage\":\"es\"},{\"@type\":\"Organization\",\"@id\":\"https:\/\/experienciadevida.com.ar\/portalurbano\/#organization\",\"name\":\"Portal Urbano\",\"url\":\"https:\/\/experienciadevida.com.ar\/portalurbano\/\",\"logo\":{\"@type\":\"ImageObject\",\"inLanguage\":\"es\",\"@id\":\"https:\/\/experienciadevida.com.ar\/portalurbano\/#\/schema\/logo\/image\/\",\"url\":\"https:\/\/experienciadevida.com.ar\/portalurbano\/wp-content\/uploads\/2019\/09\/Logo-Original.png\",\"contentUrl\":\"https:\/\/experienciadevida.com.ar\/portalurbano\/wp-content\/uploads\/2019\/09\/Logo-Original.png\",\"width\":2236,\"height\":1216,\"caption\":\"Portal Urbano\"},\"image\":{\"@id\":\"https:\/\/experienciadevida.com.ar\/portalurbano\/#\/schema\/logo\/image\/\"},\"sameAs\":[\"https:\/\/www.facebook.com\/Portal-Urbano-171542830093757\/\",\"https:\/\/twitter.com\/portalurbanook\",\"https:\/\/www.instagram.com\/_portalurbano\/\",\"https:\/\/www.youtube.com\/channel\/UCXhagIfszH8KxFiOok79zbA?view_as=subscriber\"]},{\"@type\":\"Person\",\"@id\":\"https:\/\/experienciadevida.com.ar\/portalurbano\/#\/schema\/person\/02dd326b1c4b056e9cc972486934a3a7\",\"name\":\"admpu17wp\",\"image\":{\"@type\":\"ImageObject\",\"inLanguage\":\"es\",\"@id\":\"https:\/\/experienciadevida.com.ar\/portalurbano\/#\/schema\/person\/image\/\",\"url\":\"https:\/\/secure.gravatar.com\/avatar\/830d4c57adaae6630765e449a6908047?s=96&d=mm&r=g\",\"contentUrl\":\"https:\/\/secure.gravatar.com\/avatar\/830d4c57adaae6630765e449a6908047?s=96&d=mm&r=g\",\"caption\":\"admpu17wp\"}}]}<\/script>\n<!-- \/ Yoast SEO plugin. -->","yoast_head_json":{"title":"Tarifas de agua: Ubaldo Garc\u00eda \"Hay un cobro improcedente\"","description":"Ubaldo Garc\u00eda sobre las tarifas de agua: \"hay un cobro improcedente\", habl\u00f3 sobre el cobro de contribuciones del mes de enero y febrero","robots":{"index":"index","follow":"follow","max-snippet":"max-snippet:-1","max-image-preview":"max-image-preview:large","max-video-preview":"max-video-preview:-1"},"canonical":"https:\/\/experienciadevida.com.ar\/portalurbano\/ubaldo-garcia-sobre-las-tarifas-de-agua-hay-un-cobro-improcedente\/","og_locale":"es_ES","og_type":"article","og_title":"Tarifas de agua: Ubaldo Garc\u00eda \"Hay un cobro improcedente\"","og_description":"Ubaldo Garc\u00eda sobre las tarifas de agua: \"hay un cobro improcedente\", habl\u00f3 sobre el cobro de contribuciones del mes de enero y febrero","og_url":"https:\/\/experienciadevida.com.ar\/portalurbano\/ubaldo-garcia-sobre-las-tarifas-de-agua-hay-un-cobro-improcedente\/","article_publisher":"https:\/\/www.facebook.com\/Portal-Urbano-171542830093757\/","article_published_time":"2021-03-05T13:54:55+00:00","article_modified_time":"2021-03-05T13:59:21+00:00","og_image":[{"width":765,"height":536,"url":"https:\/\/experienciadevida.com.ar\/portalurbano\/wp-content\/uploads\/2020\/08\/UBALDOGARCIA.jpeg","type":"image\/jpeg"}],"author":"admpu17wp","twitter_card":"summary_large_image","twitter_creator":"@portalurbanook","twitter_site":"@portalurbanook","twitter_misc":{"Escrito por":"admpu17wp","Tiempo de lectura":"4 minutos"},"schema":{"@context":"https:\/\/schema.org","@graph":[{"@type":"Article","@id":"https:\/\/experienciadevida.com.ar\/portalurbano\/ubaldo-garcia-sobre-las-tarifas-de-agua-hay-un-cobro-improcedente\/#article","isPartOf":{"@id":"https:\/\/experienciadevida.com.ar\/portalurbano\/ubaldo-garcia-sobre-las-tarifas-de-agua-hay-un-cobro-improcedente\/"},"author":{"name":"admpu17wp","@id":"https:\/\/experienciadevida.com.ar\/portalurbano\/#\/schema\/person\/02dd326b1c4b056e9cc972486934a3a7"},"headline":"Ubaldo Garc\u00eda sobre las tarifas de agua: &#8220;hay un cobro improcedente&#8221;","datePublished":"2021-03-05T13:54:55+00:00","dateModified":"2021-03-05T13:59:21+00:00","mainEntityOfPage":{"@id":"https:\/\/experienciadevida.com.ar\/portalurbano\/ubaldo-garcia-sobre-las-tarifas-de-agua-hay-un-cobro-improcedente\/"},"wordCount":743,"publisher":{"@id":"https:\/\/experienciadevida.com.ar\/portalurbano\/#organization"},"articleSection":["Destacadas 2","Pol\u00edtica"],"inLanguage":"es"},{"@type":"WebPage","@id":"https:\/\/experienciadevida.com.ar\/portalurbano\/ubaldo-garcia-sobre-las-tarifas-de-agua-hay-un-cobro-improcedente\/","url":"https:\/\/experienciadevida.com.ar\/portalurbano\/ubaldo-garcia-sobre-las-tarifas-de-agua-hay-un-cobro-improcedente\/","name":"Tarifas de agua: Ubaldo Garc\u00eda \"Hay un cobro improcedente\"","isPartOf":{"@id":"https:\/\/experienciadevida.com.ar\/portalurbano\/#website"},"datePublished":"2021-03-05T13:54:55+00:00","dateModified":"2021-03-05T13:59:21+00:00","description":"Ubaldo Garc\u00eda sobre las tarifas de agua: \"hay un cobro improcedente\", habl\u00f3 sobre el cobro de contribuciones del mes de enero y febrero","breadcrumb":{"@id":"https:\/\/experienciadevida.com.ar\/portalurbano\/ubaldo-garcia-sobre-las-tarifas-de-agua-hay-un-cobro-improcedente\/#breadcrumb"},"inLanguage":"es","potentialAction":[{"@type":"ReadAction","target":["https:\/\/experienciadevida.com.ar\/portalurbano\/ubaldo-garcia-sobre-las-tarifas-de-agua-hay-un-cobro-improcedente\/"]}]},{"@type":"BreadcrumbList","@id":"https:\/\/experienciadevida.com.ar\/portalurbano\/ubaldo-garcia-sobre-las-tarifas-de-agua-hay-un-cobro-improcedente\/#breadcrumb","itemListElement":[{"@type":"ListItem","position":1,"name":"Portada","item":"https:\/\/experienciadevida.com.ar\/portalurbano\/"},{"@type":"ListItem","position":2,"name":"Ubaldo Garc\u00eda sobre las tarifas de agua: \u00abhay un cobro improcedente\u00bb"}]},{"@type":"WebSite","@id":"https:\/\/experienciadevida.com.ar\/portalurbano\/#website","url":"https:\/\/experienciadevida.com.ar\/portalurbano\/","name":"","description":"","publisher":{"@id":"https:\/\/experienciadevida.com.ar\/portalurbano\/#organization"},"potentialAction":[{"@type":"SearchAction","target":{"@type":"EntryPoint","urlTemplate":"https:\/\/experienciadevida.com.ar\/portalurbano\/?s={search_term_string}"},"query-input":"required name=search_term_string"}],"inLanguage":"es"},{"@type":"Organization","@id":"https:\/\/experienciadevida.com.ar\/portalurbano\/#organization","name":"Portal Urbano","url":"https:\/\/experienciadevida.com.ar\/portalurbano\/","logo":{"@type":"ImageObject","inLanguage":"es","@id":"https:\/\/experienciadevida.com.ar\/portalurbano\/#\/schema\/logo\/image\/","url":"https:\/\/experienciadevida.com.ar\/portalurbano\/wp-content\/uploads\/2019\/09\/Logo-Original.png","contentUrl":"https:\/\/experienciadevida.com.ar\/portalurbano\/wp-content\/uploads\/2019\/09\/Logo-Original.png","width":2236,"height":1216,"caption":"Portal Urbano"},"image":{"@id":"https:\/\/experienciadevida.com.ar\/portalurbano\/#\/schema\/logo\/image\/"},"sameAs":["https:\/\/www.facebook.com\/Portal-Urbano-171542830093757\/","https:\/\/twitter.com\/portalurbanook","https:\/\/www.instagram.com\/_portalurbano\/","https:\/\/www.youtube.com\/channel\/UCXhagIfszH8KxFiOok79zbA?view_as=subscriber"]},{"@type":"Person","@id":"https:\/\/experienciadevida.com.ar\/portalurbano\/#\/schema\/person\/02dd326b1c4b056e9cc972486934a3a7","name":"admpu17wp","image":{"@type":"ImageObject","inLanguage":"es","@id":"https:\/\/experienciadevida.com.ar\/portalurbano\/#\/schema\/person\/image\/","url":"https:\/\/secure.gravatar.com\/avatar\/830d4c57adaae6630765e449a6908047?s=96&d=mm&r=g","contentUrl":"https:\/\/secure.gravatar.com\/avatar\/830d4c57adaae6630765e449a6908047?s=96&d=mm&r=g","caption":"admpu17wp"}}]}},"featured_image_urls":{"full":["https:\/\/experienciadevida.com.ar\/portalurbano\/wp-content\/uploads\/2020\/08\/UBALDOGARCIA.jpeg",765,536,false],"thumbnail":["https:\/\/experienciadevida.com.ar\/portalurbano\/wp-content\/uploads\/2020\/08\/UBALDOGARCIA-150x150.jpeg",150,150,true],"medium":["https:\/\/experienciadevida.com.ar\/portalurbano\/wp-content\/uploads\/2020\/08\/UBALDOGARCIA-300x210.jpeg",300,210,true],"medium_large":["https:\/\/experienciadevida.com.ar\/portalurbano\/wp-content\/uploads\/2020\/08\/UBALDOGARCIA.jpeg",640,448,false],"large":["https:\/\/experienciadevida.com.ar\/portalurbano\/wp-content\/uploads\/2020\/08\/UBALDOGARCIA.jpeg",640,448,false],"ug_big":["https:\/\/experienciadevida.com.ar\/portalurbano\/wp-content\/uploads\/2020\/08\/UBALDOGARCIA.jpeg",765,536,false],"1536x1536":["https:\/\/experienciadevida.com.ar\/portalurbano\/wp-content\/uploads\/2020\/08\/UBALDOGARCIA.jpeg",765,536,false],"2048x2048":["https:\/\/experienciadevida.com.ar\/portalurbano\/wp-content\/uploads\/2020\/08\/UBALDOGARCIA.jpeg",765,536,false],"newsever-slider-full":["https:\/\/experienciadevida.com.ar\/portalurbano\/wp-content\/uploads\/2020\/08\/UBALDOGARCIA.jpeg",765,536,false],"newsever-featured":["https:\/\/experienciadevida.com.ar\/portalurbano\/wp-content\/uploads\/2020\/08\/UBALDOGARCIA.jpeg",765,536,false],"newsever-medium":["https:\/\/experienciadevida.com.ar\/portalurbano\/wp-content\/uploads\/2020\/08\/UBALDOGARCIA.jpeg",678,475,false],"web-stories-poster-portrait":["https:\/\/experienciadevida.com.ar\/portalurbano\/wp-content\/uploads\/2020\/08\/UBALDOGARCIA.jpeg",640,448,false],"web-stories-publisher-logo":["https:\/\/experienciadevida.com.ar\/portalurbano\/wp-content\/uploads\/2020\/08\/UBALDOGARCIA.jpeg",96,67,false],"web-stories-thumbnail":["https:\/\/experienciadevida.com.ar\/portalurbano\/wp-content\/uploads\/2020\/08\/UBALDOGARCIA.jpeg",150,105,false]},"author_info":{"display_name":"admpu17wp","author_link":"https:\/\/experienciadevida.com.ar\/portalurbano\/author\/admpu17wp\/"},"category_info":"<a href=\"https:\/\/experienciadevida.com.ar\/portalurbano\/category\/destacadas-2\/\" rel=\"category tag\">Destacadas 2<\/a> <a href=\"https:\/\/experienciadevida.com.ar\/portalurbano\/category\/politica\/\" rel=\"category tag\">Pol\u00edtica<\/a>","tag_info":"Pol\u00edtica","comment_count":"0","amp_enabled":true,"_links":{"self":[{"href":"https:\/\/experienciadevida.com.ar\/portalurbano\/wp-json\/wp\/v2\/posts\/136633"}],"collection":[{"href":"https:\/\/experienciadevida.com.ar\/portalurbano\/wp-json\/wp\/v2\/posts"}],"about":[{"href":"https:\/\/experienciadevida.com.ar\/portalurbano\/wp-json\/wp\/v2\/types\/post"}],"author":[{"embeddable":true,"href":"https:\/\/experienciadevida.com.ar\/portalurbano\/wp-json\/wp\/v2\/users\/1"}],"replies":[{"embeddable":true,"href":"https:\/\/experienciadevida.com.ar\/portalurbano\/wp-json\/wp\/v2\/comments?post=136633"}],"version-history":[{"count":4,"href":"https:\/\/experienciadevida.com.ar\/portalurbano\/wp-json\/wp\/v2\/posts\/136633\/revisions"}],"predecessor-version":[{"id":136640,"href":"https:\/\/experienciadevida.com.ar\/portalurbano\/wp-json\/wp\/v2\/posts\/136633\/revisions\/136640"}],"wp:featuredmedia":[{"embeddable":true,"href":"https:\/\/experienciadevida.com.ar\/portalurbano\/wp-json\/wp\/v2\/media\/119444"}],"wp:attachment":[{"href":"https:\/\/experienciadevida.com.ar\/portalurbano\/wp-json\/wp\/v2\/media?parent=136633"}],"wp:term":[{"taxonomy":"category","embeddable":true,"href":"https:\/\/experienciadevida.com.ar\/portalurbano\/wp-json\/wp\/v2\/categories?post=136633"},{"taxonomy":"post_tag","embeddable":true,"href":"https:\/\/experienciadevida.com.ar\/portalurbano\/wp-json\/wp\/v2\/tags?post=136633"}],"curies":[{"name":"wp","href":"https:\/\/api.w.org\/{rel}","templated":true}]}}