{"id":136598,"date":"2021-03-04T21:07:06","date_gmt":"2021-03-05T00:07:06","guid":{"rendered":"https:\/\/experienciadevida.com.ar\/portalurbano\/?p=136598"},"modified":"2021-03-04T21:15:29","modified_gmt":"2021-03-05T00:15:29","slug":"el-intendente-ezequiel-galli-presento-la-primera-prueba-piloto-del-programa-giro","status":"publish","type":"post","link":"https:\/\/experienciadevida.com.ar\/portalurbano\/el-intendente-ezequiel-galli-presento-la-primera-prueba-piloto-del-programa-giro\/","title":{"rendered":"El intendente Ezequiel Galli present\u00f3 la primera prueba piloto del Programa GIRO"},"content":{"rendered":"<p>El intendente <a href=\"https:\/\/www.facebook.com\/galliezequiel\">Ezequiel Galli<\/a> present\u00f3 la primera prueba piloto del Programa GIRO. En una conferencia de prensa realizada en CORIM, el intendente Ezequiel Galli present\u00f3 la primera prueba piloto del programa GIRO.<\/p>\n<p>Estuvo acompa\u00f1ado por el secretario de Desarrollo Econ\u00f3mico Julio Valetutto, el presidente de la Junta Vecinal de Los Robles Javier Fr\u00edas y Emilia Diaz y Larissa Sakamoto como parte del equipo de GIRO.<\/p>\n<p>Tambi\u00e9n estuvieron presentes los secretarios de Gobierno Hilario Galli y Mantenimiento y Obras P\u00fablicas Julio Ferraro y el gerente de Operaciones de Transporte Malvinas Marcos Panaggio.<\/p>\n<p>En la presentaci\u00f3n se detall\u00f3 que, luego de una fase de investigaci\u00f3n que inici\u00f3 en septiembre de 2020, el programa GIRO (Gesti\u00f3n Integral de Residuos Olavarr\u00eda) ha comenzado una prueba piloto en 160 hogares del Barrio Los Robles, en la cual se probar\u00e1 la separaci\u00f3n domiciliaria de residuos en tres corrientes y dos sistemas de recolecci\u00f3n.<\/p>\n<p>El Intendente Ezequiel Galli present\u00f3 la primera prueba piloto del programa GIRO, entre los puntos m\u00e1s destacados de la conferencia de prensa, se hizo referencia a que la implementaci\u00f3n de GIRO se trata de un proceso largo que involucra a toda la comunidad, desde vecinos\/as hasta las autoridades municipales, desde trabajadores\/as informales hasta la empresa de recolecci\u00f3n.<\/p>\n<p>A su vez, se desatac\u00f3 que estas iniciativas son las que permiten que Olavarr\u00eda se mantenga a la vanguardia como una ciudad limpia y moderna. Este programa permitir\u00e1 potenciar lo bueno y generar oportunidades nuevas para olavarrienses.<\/p>\n<p>\u201cEste gran equipo se ha formado en los \u00faltimos meses y ha conformado el Programa GIRO. Aqu\u00ed estamos parte del equipo, porque tambi\u00e9n lo conforman integrantes de la Fundaci\u00f3n McKinsey.org y \u00e1reas del Municipio, como tambi\u00e9n Transporte Malvinas. Esta prueba piloto comienza en Los Robles\u201d, anunci\u00f3 el intendente Ezequiel Galli.<\/p>\n<p>Asimismo indic\u00f3 que \u201ceste equipo est\u00e1 pensando la gesti\u00f3n de residuos de una manera diferente. Para nosotros es un orgullo haber sido seleccionados y estamos convencidos de que vamos a tener un buen resultado. Estamos trabajando a consciencia, con ganas de dar un \u2018Giro\u2019 a la gesti\u00f3n de residuos. La importancia de tener una gesti\u00f3n de residuos prolijos, sustentable. Queremos enterrar menos residuos\u201d.<\/p>\n<p>\u201cEmpezamos con el compromiso de los vecinos. Vamos a comenzar con 160 familias del Barrio Los Robles. Veremos si de esta manera podemos pensar en una vuelta de rosca sustentable en el tiempo y que los olavarrienses podamos tener una ciudad m\u00e1s limpia\u201d, concluy\u00f3.<\/p>\n<p>El secretario de Desarrollo Econ\u00f3mico, Julio Valetutto, dijo: \u201cestamos felices hoy ac\u00e1. Este proyecto tiene que ver con todos los olavarrienses, la salud, la econom\u00eda, la forma de vida y es un gran desaf\u00edo. Este proyecto puede cambiar muchas cosas en Olavarr\u00eda. Estoy muy agradecido con todos quienes forman parte del proyecto. Es un esfuerzo enorme, un mont\u00f3n de gente trabajando\u201d. \u201cNosotros tenemos una buena gesti\u00f3n de residuos y queremos tener una ciudad moderna, sustentable, que genere empleo inclusivo, que seamos una ciudad modelo. Esto va a cambiar la vida de todos y para bien, es una gran oportunidad. Seamos conscientes que los protagonistas somos todos y nos cambia la vida diaria y genera oportunidades de generar valor. Espero que podamos dar este paso y ser una ciudad como tenemos que ser\u201d, agreg\u00f3.<\/p>\n<p>Javier Fr\u00edas, presidente de la Junta Vecinal del Barrio Los Robles, agradeci\u00f3 la invitaci\u00f3n y se mostr\u00f3 orgulloso de que el barrio haya sido elegido para este primer piloto.<\/p>\n<p>GIRO es parte de una transformaci\u00f3n hacia una Olavarr\u00eda m\u00e1s sustentable, productiva y socialmente inclusiva.<\/p>\n<p>Desde hace 10 d\u00edas, el equipo de GIRO realiza recorridas por el barrio e informa a los vecinos sobre todos los cambios. Este acompa\u00f1amiento continuar\u00e1 durante las pr\u00f3ximas semanas. El equipo de GIRO coincidi\u00f3 en que es muy importante que todos conozcan los diferentes aspectos de esta prueba, ya que esperan poder evaluar los desaf\u00edos que enfrentan los vecinos para hacer la separaci\u00f3n en sus casas y entender qu\u00e9 sistema de recolecci\u00f3n es mejor tanto para ellos como para maximizar los materiales recuperados.<\/p>\n<p>Durante la conferencia, tambi\u00e9n se remarc\u00f3 que GIRO es una oportunidad para crecer como comunidad y entender c\u00f3mo lo que cada uno hace en su casa impacta ambiental y socialmente en toda la ciudad.<\/p>\n<p>\u00bfC\u00f3mo ser\u00e1 la prueba piloto?<\/p>\n<p>Esta prueba piloto, que se desarrollar\u00e1 entre Rossi, Av. del Maestro, Lavalle y Aramburu, tiene dos objetivos principales: trabajar junto a los vecinos para que empiecen a separar sus residuos en tres corrientes: reciclables, compostables y basura; y a la vez, probar dos sistemas de recolecci\u00f3n: uno en el que las tres corrientes son recolectadas puerta a puerta en d\u00edas diferenciados y otro en el que los vecinos deben acercar sus reciclables hasta un contendedor el d\u00eda que quieran.<\/p>\n<p>En este sentido, la subsecretaria de Empresas e Inversiones del Municipio Emilia D\u00edaz manifest\u00f3 que \u201cvemos un gran compromiso y muchas ganas de sumarse a este proyecto que nos va a cambiar mucho. La gesti\u00f3n integral va m\u00e1s all\u00e1 de la cuesti\u00f3n ambiental, tiene un costado social muy importante\u201d.<\/p>\n<p>\u201cEl piloto que comenzamos el martes se divide en dos sistemas: por una parte en el sistema 1 los martes y s\u00e1bados se recolecta la basura y el jueves los compostables \u2013puerta a puerta\u2013 y los vencinos tienen un contenedor para los reciclables. En el sistema 2 hay 4 d\u00edas de recolecci\u00f3n puerta a puerta: martes y s\u00e1bados basura, jueves compostable y viernes reciclable\u201d, explic\u00f3.<\/p>\n<p>Luego concluy\u00f3 que \u201cvamos a evaluar si realmente cumple con las necesidades de los vecinos del lugar. As\u00ed iremos avanzando. Estuvimos y estamos en territorio todo el tiempo tambi\u00e9n. Que se sumen, consulten, estamos a disposici\u00f3n\u201d.<\/p>\n<p>En el marco del programa GIRO se cre\u00f3 una planta de clasificaci\u00f3n para los materiales reciclables y una planta de compostaje. La planta de reciclables, adem\u00e1s, est\u00e1 elaborada desde la perspectiva de la inclusi\u00f3n social.<\/p>\n<p>Con la prueba piloto se evaluar\u00e1n los desaf\u00edos que enfrentan los vecinos para hacer la separaci\u00f3n en sus casas y entender qu\u00e9 sistema de recolecci\u00f3n es mejor tanto para ellos como para maximizar los materiales recuperados.<\/p>\n<p>Por \u00faltimo, Larissa Sakamoto de Fundaci\u00f3n McKinsey asegur\u00f3 que \u201cpara la fundaci\u00f3n, este programa que desarrollamos es un ejemplo de lo que una ciudad de tama\u00f1o mediano puede lograr en Latinoam\u00e9rica. GIRO es la muestra de lo que podemos lograr cuando se trabaja con vecinos y otras entidades\u201d.<\/p>\n<p>\u201cEstamos pidiendo una transformaci\u00f3n muy grande y los buenos resultados en el primer d\u00eda nos motivan a seguir trabajando. Este proyecto nos ayudar\u00e1 a llevar reciclaje y compostable a toda Argentina\u201d, cerr\u00f3.<\/p>\n<p>Para m\u00e1s informaci\u00f3n se puede consultar la p\u00e1gina web de GIRO: giro.olavarria.gov.ar o a trav\u00e9s de las redes sociales Facebook e Instagram: giro.olavarr\u00eda.<\/p>\n<p><a href=\"https:\/\/experienciadevida.com.ar\/portalurbano\/el-intendente-ezequiel-galli-presento-la-primera-prueba-piloto-del-programa-giro\/el-intendente-ezequiel\/\" rel=\"attachment wp-att-136603\"><img decoding=\"async\" class=\"alignnone size-full wp-image-136603\" src=\"https:\/\/experienciadevida.com.ar\/portalurbano\/wp-content\/uploads\/2021\/03\/El-Intendente-Ezequiel-e1614903190954.jpg\" alt=\"El Intendente Ezequiel\" width=\"765\" height=\"511\" \/><\/a><\/p>\n<p><a href=\"https:\/\/experienciadevida.com.ar\/portalurbano\/el-intendente-ezequiel-galli-presento-la-primera-prueba-piloto-del-programa-giro\/ezequiel-galli-3\/\" rel=\"attachment wp-att-136604\"><img decoding=\"async\" class=\"alignnone size-full wp-image-136604\" src=\"https:\/\/experienciadevida.com.ar\/portalurbano\/wp-content\/uploads\/2021\/03\/Ezequiel-Galli-e1614903261643.jpg\" alt=\"Ezequiel Galli\" width=\"765\" height=\"511\" \/><\/a><\/p>\n<p><a href=\"https:\/\/experienciadevida.com.ar\/portalurbano\/el-intendente-ezequiel-galli-presento-la-primera-prueba-piloto-del-programa-giro\/galli-96\/\" rel=\"attachment wp-att-136605\"><img decoding=\"async\" class=\"alignnone size-full wp-image-136605\" src=\"https:\/\/experienciadevida.com.ar\/portalurbano\/wp-content\/uploads\/2021\/03\/Galli-e1614903320530.jpg\" alt=\"Galli\" width=\"765\" height=\"511\" \/><\/a><\/p>\n","protected":false},"excerpt":{"rendered":"<p>El intendente Ezequiel Galli present\u00f3 la primera prueba piloto del Programa GIRO. En una conferencia&#8230;<\/p>\n","protected":false},"author":1,"featured_media":136599,"comment_status":"closed","ping_status":"closed","sticky":false,"template":"","format":"standard","meta":{"content-type":""},"categories":[27,64],"tags":[],"nelio_content":{"isAutoShareEnabled":false,"autoShareEndMode":"default","automationSources":{"useContentSentences":true,"useSocialTemplates":true,"useCustomSentences":false,"customSentences":[]},"followers":[1],"suggestedReferences":[],"includedReferences":[],"efiUrl":"","efiAlt":"","highlights":[]},"yoast_head":"<!-- This site is optimized with the Yoast SEO plugin v20.7 - https:\/\/yoast.com\/wordpress\/plugins\/seo\/ -->\n<title>El Intendente Ezequiel Galli present\u00f3 la primera prueba piloto de GIRO<\/title>\n<meta name=\"description\" content=\"El intendente Ezequiel Galli present\u00f3 la primera prueba piloto del Programa GIRO, fue en una conferencia realizada en CORIM\" \/>\n<meta name=\"robots\" content=\"index, follow, max-snippet:-1, max-image-preview:large, max-video-preview:-1\" \/>\n<link rel=\"canonical\" href=\"https:\/\/experienciadevida.com.ar\/portalurbano\/el-intendente-ezequiel-galli-presento-la-primera-prueba-piloto-del-programa-giro\/\" \/>\n<meta property=\"og:locale\" content=\"es_ES\" \/>\n<meta property=\"og:type\" content=\"article\" \/>\n<meta property=\"og:title\" content=\"El Intendente Ezequiel Galli present\u00f3 la primera prueba piloto de GIRO\" \/>\n<meta property=\"og:description\" content=\"El intendente Ezequiel Galli present\u00f3 la primera prueba piloto del Programa GIRO, fue en una conferencia realizada en CORIM\" \/>\n<meta property=\"og:url\" content=\"https:\/\/experienciadevida.com.ar\/portalurbano\/el-intendente-ezequiel-galli-presento-la-primera-prueba-piloto-del-programa-giro\/\" \/>\n<meta property=\"article:publisher\" content=\"https:\/\/www.facebook.com\/Portal-Urbano-171542830093757\/\" \/>\n<meta property=\"article:published_time\" content=\"2021-03-05T00:07:06+00:00\" \/>\n<meta property=\"article:modified_time\" content=\"2021-03-05T00:15:29+00:00\" \/>\n<meta property=\"og:image\" content=\"https:\/\/experienciadevida.com.ar\/portalurbano\/wp-content\/uploads\/2021\/03\/El-intendente-Ezequiel-Galli-presento-e1614903156580.jpg\" \/>\n\t<meta property=\"og:image:width\" content=\"765\" \/>\n\t<meta property=\"og:image:height\" content=\"511\" \/>\n\t<meta property=\"og:image:type\" content=\"image\/jpeg\" \/>\n<meta name=\"author\" content=\"admpu17wp\" \/>\n<meta name=\"twitter:card\" content=\"summary_large_image\" \/>\n<meta name=\"twitter:creator\" content=\"@portalurbanook\" \/>\n<meta name=\"twitter:site\" content=\"@portalurbanook\" \/>\n<meta name=\"twitter:label1\" content=\"Escrito por\" \/>\n\t<meta name=\"twitter:data1\" content=\"admpu17wp\" \/>\n\t<meta name=\"twitter:label2\" content=\"Tiempo de lectura\" \/>\n\t<meta name=\"twitter:data2\" content=\"6 minutos\" \/>\n<script type=\"application\/ld+json\" class=\"yoast-schema-graph\">{\"@context\":\"https:\/\/schema.org\",\"@graph\":[{\"@type\":\"Article\",\"@id\":\"https:\/\/experienciadevida.com.ar\/portalurbano\/el-intendente-ezequiel-galli-presento-la-primera-prueba-piloto-del-programa-giro\/#article\",\"isPartOf\":{\"@id\":\"https:\/\/experienciadevida.com.ar\/portalurbano\/el-intendente-ezequiel-galli-presento-la-primera-prueba-piloto-del-programa-giro\/\"},\"author\":{\"name\":\"admpu17wp\",\"@id\":\"https:\/\/experienciadevida.com.ar\/portalurbano\/#\/schema\/person\/02dd326b1c4b056e9cc972486934a3a7\"},\"headline\":\"El intendente Ezequiel Galli present\u00f3 la primera prueba piloto del Programa GIRO\",\"datePublished\":\"2021-03-05T00:07:06+00:00\",\"dateModified\":\"2021-03-05T00:15:29+00:00\",\"mainEntityOfPage\":{\"@id\":\"https:\/\/experienciadevida.com.ar\/portalurbano\/el-intendente-ezequiel-galli-presento-la-primera-prueba-piloto-del-programa-giro\/\"},\"wordCount\":1185,\"publisher\":{\"@id\":\"https:\/\/experienciadevida.com.ar\/portalurbano\/#organization\"},\"articleSection\":[\"Ciudad\",\"Destacadas 2\"],\"inLanguage\":\"es\"},{\"@type\":\"WebPage\",\"@id\":\"https:\/\/experienciadevida.com.ar\/portalurbano\/el-intendente-ezequiel-galli-presento-la-primera-prueba-piloto-del-programa-giro\/\",\"url\":\"https:\/\/experienciadevida.com.ar\/portalurbano\/el-intendente-ezequiel-galli-presento-la-primera-prueba-piloto-del-programa-giro\/\",\"name\":\"El Intendente Ezequiel Galli present\u00f3 la primera prueba piloto de GIRO\",\"isPartOf\":{\"@id\":\"https:\/\/experienciadevida.com.ar\/portalurbano\/#website\"},\"datePublished\":\"2021-03-05T00:07:06+00:00\",\"dateModified\":\"2021-03-05T00:15:29+00:00\",\"description\":\"El intendente Ezequiel Galli present\u00f3 la primera prueba piloto del Programa GIRO, fue en una conferencia realizada en CORIM\",\"breadcrumb\":{\"@id\":\"https:\/\/experienciadevida.com.ar\/portalurbano\/el-intendente-ezequiel-galli-presento-la-primera-prueba-piloto-del-programa-giro\/#breadcrumb\"},\"inLanguage\":\"es\",\"potentialAction\":[{\"@type\":\"ReadAction\",\"target\":[\"https:\/\/experienciadevida.com.ar\/portalurbano\/el-intendente-ezequiel-galli-presento-la-primera-prueba-piloto-del-programa-giro\/\"]}]},{\"@type\":\"BreadcrumbList\",\"@id\":\"https:\/\/experienciadevida.com.ar\/portalurbano\/el-intendente-ezequiel-galli-presento-la-primera-prueba-piloto-del-programa-giro\/#breadcrumb\",\"itemListElement\":[{\"@type\":\"ListItem\",\"position\":1,\"name\":\"Portada\",\"item\":\"https:\/\/experienciadevida.com.ar\/portalurbano\/\"},{\"@type\":\"ListItem\",\"position\":2,\"name\":\"El intendente Ezequiel Galli present\u00f3 la primera prueba piloto del Programa GIRO\"}]},{\"@type\":\"WebSite\",\"@id\":\"https:\/\/experienciadevida.com.ar\/portalurbano\/#website\",\"url\":\"https:\/\/experienciadevida.com.ar\/portalurbano\/\",\"name\":\"\",\"description\":\"\",\"publisher\":{\"@id\":\"https:\/\/experienciadevida.com.ar\/portalurbano\/#organization\"},\"potentialAction\":[{\"@type\":\"SearchAction\",\"target\":{\"@type\":\"EntryPoint\",\"urlTemplate\":\"https:\/\/experienciadevida.com.ar\/portalurbano\/?s={search_term_string}\"},\"query-input\":\"required name=search_term_string\"}],\"inLanguage\":\"es\"},{\"@type\":\"Organization\",\"@id\":\"https:\/\/experienciadevida.com.ar\/portalurbano\/#organization\",\"name\":\"Portal Urbano\",\"url\":\"https:\/\/experienciadevida.com.ar\/portalurbano\/\",\"logo\":{\"@type\":\"ImageObject\",\"inLanguage\":\"es\",\"@id\":\"https:\/\/experienciadevida.com.ar\/portalurbano\/#\/schema\/logo\/image\/\",\"url\":\"https:\/\/experienciadevida.com.ar\/portalurbano\/wp-content\/uploads\/2019\/09\/Logo-Original.png\",\"contentUrl\":\"https:\/\/experienciadevida.com.ar\/portalurbano\/wp-content\/uploads\/2019\/09\/Logo-Original.png\",\"width\":2236,\"height\":1216,\"caption\":\"Portal Urbano\"},\"image\":{\"@id\":\"https:\/\/experienciadevida.com.ar\/portalurbano\/#\/schema\/logo\/image\/\"},\"sameAs\":[\"https:\/\/www.facebook.com\/Portal-Urbano-171542830093757\/\",\"https:\/\/twitter.com\/portalurbanook\",\"https:\/\/www.instagram.com\/_portalurbano\/\",\"https:\/\/www.youtube.com\/channel\/UCXhagIfszH8KxFiOok79zbA?view_as=subscriber\"]},{\"@type\":\"Person\",\"@id\":\"https:\/\/experienciadevida.com.ar\/portalurbano\/#\/schema\/person\/02dd326b1c4b056e9cc972486934a3a7\",\"name\":\"admpu17wp\",\"image\":{\"@type\":\"ImageObject\",\"inLanguage\":\"es\",\"@id\":\"https:\/\/experienciadevida.com.ar\/portalurbano\/#\/schema\/person\/image\/\",\"url\":\"https:\/\/secure.gravatar.com\/avatar\/830d4c57adaae6630765e449a6908047?s=96&d=mm&r=g\",\"contentUrl\":\"https:\/\/secure.gravatar.com\/avatar\/830d4c57adaae6630765e449a6908047?s=96&d=mm&r=g\",\"caption\":\"admpu17wp\"}}]}<\/script>\n<!-- \/ Yoast SEO plugin. -->","yoast_head_json":{"title":"El Intendente Ezequiel Galli present\u00f3 la primera prueba piloto de GIRO","description":"El intendente Ezequiel Galli present\u00f3 la primera prueba piloto del Programa GIRO, fue en una conferencia realizada en CORIM","robots":{"index":"index","follow":"follow","max-snippet":"max-snippet:-1","max-image-preview":"max-image-preview:large","max-video-preview":"max-video-preview:-1"},"canonical":"https:\/\/experienciadevida.com.ar\/portalurbano\/el-intendente-ezequiel-galli-presento-la-primera-prueba-piloto-del-programa-giro\/","og_locale":"es_ES","og_type":"article","og_title":"El Intendente Ezequiel Galli present\u00f3 la primera prueba piloto de GIRO","og_description":"El intendente Ezequiel Galli present\u00f3 la primera prueba piloto del Programa GIRO, fue en una conferencia realizada en CORIM","og_url":"https:\/\/experienciadevida.com.ar\/portalurbano\/el-intendente-ezequiel-galli-presento-la-primera-prueba-piloto-del-programa-giro\/","article_publisher":"https:\/\/www.facebook.com\/Portal-Urbano-171542830093757\/","article_published_time":"2021-03-05T00:07:06+00:00","article_modified_time":"2021-03-05T00:15:29+00:00","og_image":[{"width":765,"height":511,"url":"https:\/\/experienciadevida.com.ar\/portalurbano\/wp-content\/uploads\/2021\/03\/El-intendente-Ezequiel-Galli-presento-e1614903156580.jpg","type":"image\/jpeg"}],"author":"admpu17wp","twitter_card":"summary_large_image","twitter_creator":"@portalurbanook","twitter_site":"@portalurbanook","twitter_misc":{"Escrito por":"admpu17wp","Tiempo de lectura":"6 minutos"},"schema":{"@context":"https:\/\/schema.org","@graph":[{"@type":"Article","@id":"https:\/\/experienciadevida.com.ar\/portalurbano\/el-intendente-ezequiel-galli-presento-la-primera-prueba-piloto-del-programa-giro\/#article","isPartOf":{"@id":"https:\/\/experienciadevida.com.ar\/portalurbano\/el-intendente-ezequiel-galli-presento-la-primera-prueba-piloto-del-programa-giro\/"},"author":{"name":"admpu17wp","@id":"https:\/\/experienciadevida.com.ar\/portalurbano\/#\/schema\/person\/02dd326b1c4b056e9cc972486934a3a7"},"headline":"El intendente Ezequiel Galli present\u00f3 la primera prueba piloto del Programa GIRO","datePublished":"2021-03-05T00:07:06+00:00","dateModified":"2021-03-05T00:15:29+00:00","mainEntityOfPage":{"@id":"https:\/\/experienciadevida.com.ar\/portalurbano\/el-intendente-ezequiel-galli-presento-la-primera-prueba-piloto-del-programa-giro\/"},"wordCount":1185,"publisher":{"@id":"https:\/\/experienciadevida.com.ar\/portalurbano\/#organization"},"articleSection":["Ciudad","Destacadas 2"],"inLanguage":"es"},{"@type":"WebPage","@id":"https:\/\/experienciadevida.com.ar\/portalurbano\/el-intendente-ezequiel-galli-presento-la-primera-prueba-piloto-del-programa-giro\/","url":"https:\/\/experienciadevida.com.ar\/portalurbano\/el-intendente-ezequiel-galli-presento-la-primera-prueba-piloto-del-programa-giro\/","name":"El Intendente Ezequiel Galli present\u00f3 la primera prueba piloto de GIRO","isPartOf":{"@id":"https:\/\/experienciadevida.com.ar\/portalurbano\/#website"},"datePublished":"2021-03-05T00:07:06+00:00","dateModified":"2021-03-05T00:15:29+00:00","description":"El intendente Ezequiel Galli present\u00f3 la primera prueba piloto del Programa GIRO, fue en una conferencia realizada en CORIM","breadcrumb":{"@id":"https:\/\/experienciadevida.com.ar\/portalurbano\/el-intendente-ezequiel-galli-presento-la-primera-prueba-piloto-del-programa-giro\/#breadcrumb"},"inLanguage":"es","potentialAction":[{"@type":"ReadAction","target":["https:\/\/experienciadevida.com.ar\/portalurbano\/el-intendente-ezequiel-galli-presento-la-primera-prueba-piloto-del-programa-giro\/"]}]},{"@type":"BreadcrumbList","@id":"https:\/\/experienciadevida.com.ar\/portalurbano\/el-intendente-ezequiel-galli-presento-la-primera-prueba-piloto-del-programa-giro\/#breadcrumb","itemListElement":[{"@type":"ListItem","position":1,"name":"Portada","item":"https:\/\/experienciadevida.com.ar\/portalurbano\/"},{"@type":"ListItem","position":2,"name":"El intendente Ezequiel Galli present\u00f3 la primera prueba piloto del Programa GIRO"}]},{"@type":"WebSite","@id":"https:\/\/experienciadevida.com.ar\/portalurbano\/#website","url":"https:\/\/experienciadevida.com.ar\/portalurbano\/","name":"","description":"","publisher":{"@id":"https:\/\/experienciadevida.com.ar\/portalurbano\/#organization"},"potentialAction":[{"@type":"SearchAction","target":{"@type":"EntryPoint","urlTemplate":"https:\/\/experienciadevida.com.ar\/portalurbano\/?s={search_term_string}"},"query-input":"required name=search_term_string"}],"inLanguage":"es"},{"@type":"Organization","@id":"https:\/\/experienciadevida.com.ar\/portalurbano\/#organization","name":"Portal Urbano","url":"https:\/\/experienciadevida.com.ar\/portalurbano\/","logo":{"@type":"ImageObject","inLanguage":"es","@id":"https:\/\/experienciadevida.com.ar\/portalurbano\/#\/schema\/logo\/image\/","url":"https:\/\/experienciadevida.com.ar\/portalurbano\/wp-content\/uploads\/2019\/09\/Logo-Original.png","contentUrl":"https:\/\/experienciadevida.com.ar\/portalurbano\/wp-content\/uploads\/2019\/09\/Logo-Original.png","width":2236,"height":1216,"caption":"Portal Urbano"},"image":{"@id":"https:\/\/experienciadevida.com.ar\/portalurbano\/#\/schema\/logo\/image\/"},"sameAs":["https:\/\/www.facebook.com\/Portal-Urbano-171542830093757\/","https:\/\/twitter.com\/portalurbanook","https:\/\/www.instagram.com\/_portalurbano\/","https:\/\/www.youtube.com\/channel\/UCXhagIfszH8KxFiOok79zbA?view_as=subscriber"]},{"@type":"Person","@id":"https:\/\/experienciadevida.com.ar\/portalurbano\/#\/schema\/person\/02dd326b1c4b056e9cc972486934a3a7","name":"admpu17wp","image":{"@type":"ImageObject","inLanguage":"es","@id":"https:\/\/experienciadevida.com.ar\/portalurbano\/#\/schema\/person\/image\/","url":"https:\/\/secure.gravatar.com\/avatar\/830d4c57adaae6630765e449a6908047?s=96&d=mm&r=g","contentUrl":"https:\/\/secure.gravatar.com\/avatar\/830d4c57adaae6630765e449a6908047?s=96&d=mm&r=g","caption":"admpu17wp"}}]}},"featured_image_urls":{"full":["https:\/\/experienciadevida.com.ar\/portalurbano\/wp-content\/uploads\/2021\/03\/El-intendente-Ezequiel-Galli-presento-e1614903156580.jpg",765,511,false],"thumbnail":["https:\/\/experienciadevida.com.ar\/portalurbano\/wp-content\/uploads\/2021\/03\/El-intendente-Ezequiel-Galli-presento-150x150.jpg",150,150,true],"medium":["https:\/\/experienciadevida.com.ar\/portalurbano\/wp-content\/uploads\/2021\/03\/El-intendente-Ezequiel-Galli-presento-300x201.jpg",300,201,true],"medium_large":["https:\/\/experienciadevida.com.ar\/portalurbano\/wp-content\/uploads\/2021\/03\/El-intendente-Ezequiel-Galli-presento-768x513.jpg",640,428,true],"large":["https:\/\/experienciadevida.com.ar\/portalurbano\/wp-content\/uploads\/2021\/03\/El-intendente-Ezequiel-Galli-presento-1024x684.jpg",640,428,true],"ug_big":["https:\/\/experienciadevida.com.ar\/portalurbano\/wp-content\/uploads\/2021\/03\/El-intendente-Ezequiel-Galli-presento-768x513.jpg",768,513,true],"1536x1536":["https:\/\/experienciadevida.com.ar\/portalurbano\/wp-content\/uploads\/2021\/03\/El-intendente-Ezequiel-Galli-presento-1536x1027.jpg",1536,1027,true],"2048x2048":["https:\/\/experienciadevida.com.ar\/portalurbano\/wp-content\/uploads\/2021\/03\/El-intendente-Ezequiel-Galli-presento-2048x1369.jpg",2048,1369,true],"newsever-slider-full":["https:\/\/experienciadevida.com.ar\/portalurbano\/wp-content\/uploads\/2021\/03\/El-intendente-Ezequiel-Galli-presento-e1614903156580.jpg",765,511,false],"newsever-featured":["https:\/\/experienciadevida.com.ar\/portalurbano\/wp-content\/uploads\/2021\/03\/El-intendente-Ezequiel-Galli-presento-e1614903156580.jpg",765,511,false],"newsever-medium":["https:\/\/experienciadevida.com.ar\/portalurbano\/wp-content\/uploads\/2021\/03\/El-intendente-Ezequiel-Galli-presento-e1614903156580.jpg",711,475,false],"web-stories-poster-portrait":["https:\/\/experienciadevida.com.ar\/portalurbano\/wp-content\/uploads\/2021\/03\/El-intendente-Ezequiel-Galli-presento-e1614903156580.jpg",640,428,false],"web-stories-publisher-logo":["https:\/\/experienciadevida.com.ar\/portalurbano\/wp-content\/uploads\/2021\/03\/El-intendente-Ezequiel-Galli-presento-e1614903156580.jpg",96,64,false],"web-stories-thumbnail":["https:\/\/experienciadevida.com.ar\/portalurbano\/wp-content\/uploads\/2021\/03\/El-intendente-Ezequiel-Galli-presento-e1614903156580.jpg",150,100,false]},"author_info":{"display_name":"admpu17wp","author_link":"https:\/\/experienciadevida.com.ar\/portalurbano\/author\/admpu17wp\/"},"category_info":"<a href=\"https:\/\/experienciadevida.com.ar\/portalurbano\/category\/ciudad\/\" rel=\"category tag\">Ciudad<\/a> <a href=\"https:\/\/experienciadevida.com.ar\/portalurbano\/category\/destacadas-2\/\" rel=\"category tag\">Destacadas 2<\/a>","tag_info":"Destacadas 2","comment_count":"0","amp_enabled":true,"_links":{"self":[{"href":"https:\/\/experienciadevida.com.ar\/portalurbano\/wp-json\/wp\/v2\/posts\/136598"}],"collection":[{"href":"https:\/\/experienciadevida.com.ar\/portalurbano\/wp-json\/wp\/v2\/posts"}],"about":[{"href":"https:\/\/experienciadevida.com.ar\/portalurbano\/wp-json\/wp\/v2\/types\/post"}],"author":[{"embeddable":true,"href":"https:\/\/experienciadevida.com.ar\/portalurbano\/wp-json\/wp\/v2\/users\/1"}],"replies":[{"embeddable":true,"href":"https:\/\/experienciadevida.com.ar\/portalurbano\/wp-json\/wp\/v2\/comments?post=136598"}],"version-history":[{"count":4,"href":"https:\/\/experienciadevida.com.ar\/portalurbano\/wp-json\/wp\/v2\/posts\/136598\/revisions"}],"predecessor-version":[{"id":136606,"href":"https:\/\/experienciadevida.com.ar\/portalurbano\/wp-json\/wp\/v2\/posts\/136598\/revisions\/136606"}],"wp:featuredmedia":[{"embeddable":true,"href":"https:\/\/experienciadevida.com.ar\/portalurbano\/wp-json\/wp\/v2\/media\/136599"}],"wp:attachment":[{"href":"https:\/\/experienciadevida.com.ar\/portalurbano\/wp-json\/wp\/v2\/media?parent=136598"}],"wp:term":[{"taxonomy":"category","embeddable":true,"href":"https:\/\/experienciadevida.com.ar\/portalurbano\/wp-json\/wp\/v2\/categories?post=136598"},{"taxonomy":"post_tag","embeddable":true,"href":"https:\/\/experienciadevida.com.ar\/portalurbano\/wp-json\/wp\/v2\/tags?post=136598"}],"curies":[{"name":"wp","href":"https:\/\/api.w.org\/{rel}","templated":true}]}}