{"id":136563,"date":"2021-03-04T12:39:58","date_gmt":"2021-03-04T15:39:58","guid":{"rendered":"https:\/\/experienciadevida.com.ar\/portalurbano\/?p=136563"},"modified":"2021-03-04T12:45:14","modified_gmt":"2021-03-04T15:45:14","slug":"se-entregaron-reconocimientos-a-mujeres-destacadas-de-2019","status":"publish","type":"post","link":"https:\/\/experienciadevida.com.ar\/portalurbano\/se-entregaron-reconocimientos-a-mujeres-destacadas-de-2019\/","title":{"rendered":"Se entregaron reconocimientos a mujeres destacadas de 2019"},"content":{"rendered":"<p>Se entregaron reconocimientos a mujeres destacadas de 2019. En la ma\u00f1ana de este jueves, en el patio del edificio del Honorable Concejo Deliberante y cumpliendo las normas sanitarias vigentes, se entregaron los reconocimientos pendientes a las mujeres que fueron reconocidas por su labor en la comunidad olavarriense durante el a\u00f1o 2019.<\/p>\n<p>En marzo de 2020, y en el marco del D\u00eda Internacional de la Mujer, mujeres dedicadas a distintas labores fueron elegidas por una Comisi\u00f3n Interna del Ente Legislativo local por su colaboraci\u00f3n a la sociedad.<\/p>\n<p>En este encuentro que fue encabezado por el presidente de la instituci\u00f3n, Bruno Cenizo, se les entreg\u00f3 las estatuillas a las siguientes mujeres:<\/p>\n<p>Compromiso con la Empresa: Mar\u00eda Jos\u00e9 y Guadalupe Herrera (Metal\u00fargica Herrera): manejan la hist\u00f3rica empresa ubicada en Colonia Hinojo que tiene m\u00e1s de 30 a\u00f1os de trayectoria, d\u00f3nde se realizan todo tipo de trabajos para transportistas.<\/p>\n<p>Compromiso con la Ruralidad: Andrea Alejandra Becker: docente, productora, emprendedora y trabajadora social en el \u00e1mbito rural.<\/p>\n<p>Compromiso con la Salud: Mar\u00eda Esther Gatella: m\u00e9dica, fue titular y hoy jubilada de las Direcci\u00f3n APS (Atenci\u00f3n Primaria de la Salud).<\/p>\n<p>Compromiso Socio-Comunitario: Miriam Alicia Vel\u00e1zquez: Administra un comedor comunitario donde\u00a0 durante la semana dan alimentos y los s\u00e1bados reciben a padres y ni\u00f1os. Tambi\u00e9n organiza pr\u00e1cticas de ciclismo, batucada y percusi\u00f3n.<\/p>\n<p>Compromiso con la Pol\u00edtica: Marisel Cides: abogada, especializada en Violencia Familiar y de G\u00e9nero Maltrato Infantil, escribana, mediadora e incansable militante en pol\u00edtica.<\/p>\n<p>Compromiso con el Arte y la Cultura: Silvia Fari\u00f1a: profesora de franc\u00e9s, arte dram\u00e1tico, int\u00e9rprete y mimo.<\/p>\n<p>Compromiso con la Informaci\u00f3n: Alicia Cabri: Reconocid\u00edsima periodista de la ciudad de la ciudad, quien desempe\u00f1a su profesi\u00f3n desde el a\u00f1o 1979 en Radio Olavarr\u00eda. El galard\u00f3n fue recibido por Fabricio Lucio en<br \/>\nrepresentaci\u00f3n de Alicia Cabri.<\/p>\n<p>Compromiso con el Deporte (Elsa Lafasi): Representa al club El Fort\u00edn, colaboradora, cocinera y trabajadora incansable por el bienestar del club y sus chicos.<\/p>\n<p><a href=\"https:\/\/experienciadevida.com.ar\/portalurbano\/se-entregaron-reconocimientos-a-mujeres-destacadas-de-2019\/se-entregaron\/\" rel=\"attachment wp-att-136566\"><img decoding=\"async\" class=\"alignnone size-full wp-image-136566\" src=\"https:\/\/experienciadevida.com.ar\/portalurbano\/wp-content\/uploads\/2021\/03\/Se-entregaron.jpg\" alt=\"Se entregaron\" width=\"1280\" height=\"855\" srcset=\"https:\/\/experienciadevida.com.ar\/portalurbano\/wp-content\/uploads\/2021\/03\/Se-entregaron.jpg 1280w, https:\/\/experienciadevida.com.ar\/portalurbano\/wp-content\/uploads\/2021\/03\/Se-entregaron-300x200.jpg 300w, https:\/\/experienciadevida.com.ar\/portalurbano\/wp-content\/uploads\/2021\/03\/Se-entregaron-1024x684.jpg 1024w, https:\/\/experienciadevida.com.ar\/portalurbano\/wp-content\/uploads\/2021\/03\/Se-entregaron-768x513.jpg 768w\" sizes=\"(max-width: 1280px) 100vw, 1280px\" \/><\/a><\/p>\n<p><a href=\"https:\/\/experienciadevida.com.ar\/portalurbano\/se-entregaron-reconocimientos-a-mujeres-destacadas-de-2019\/reconocimiento-8\/\" rel=\"attachment wp-att-136568\"><img decoding=\"async\" class=\"alignnone size-full wp-image-136568\" src=\"https:\/\/experienciadevida.com.ar\/portalurbano\/wp-content\/uploads\/2021\/03\/Reconocimiento.jpg\" alt=\"Reconocimiento \" width=\"1280\" height=\"855\" srcset=\"https:\/\/experienciadevida.com.ar\/portalurbano\/wp-content\/uploads\/2021\/03\/Reconocimiento.jpg 1280w, https:\/\/experienciadevida.com.ar\/portalurbano\/wp-content\/uploads\/2021\/03\/Reconocimiento-300x200.jpg 300w, https:\/\/experienciadevida.com.ar\/portalurbano\/wp-content\/uploads\/2021\/03\/Reconocimiento-1024x684.jpg 1024w, https:\/\/experienciadevida.com.ar\/portalurbano\/wp-content\/uploads\/2021\/03\/Reconocimiento-768x513.jpg 768w\" sizes=\"(max-width: 1280px) 100vw, 1280px\" \/><\/a><\/p>\n<p><a href=\"https:\/\/experienciadevida.com.ar\/portalurbano\/se-entregaron-reconocimientos-a-mujeres-destacadas-de-2019\/a-mujeres\/\" rel=\"attachment wp-att-136569\"><img decoding=\"async\" class=\"alignnone size-full wp-image-136569\" src=\"https:\/\/experienciadevida.com.ar\/portalurbano\/wp-content\/uploads\/2021\/03\/a-mujeres.jpg\" alt=\"a mujeres \" width=\"987\" height=\"659\" srcset=\"https:\/\/experienciadevida.com.ar\/portalurbano\/wp-content\/uploads\/2021\/03\/a-mujeres.jpg 987w, https:\/\/experienciadevida.com.ar\/portalurbano\/wp-content\/uploads\/2021\/03\/a-mujeres-300x200.jpg 300w, https:\/\/experienciadevida.com.ar\/portalurbano\/wp-content\/uploads\/2021\/03\/a-mujeres-768x513.jpg 768w\" sizes=\"(max-width: 987px) 100vw, 987px\" \/><\/a><\/p>\n<p><a href=\"https:\/\/experienciadevida.com.ar\/portalurbano\/se-entregaron-reconocimientos-a-mujeres-destacadas-de-2019\/mujeres-4\/\" rel=\"attachment wp-att-136570\"><img decoding=\"async\" class=\"alignnone size-full wp-image-136570\" src=\"https:\/\/experienciadevida.com.ar\/portalurbano\/wp-content\/uploads\/2021\/03\/mujeres.jpg\" alt=\"mujeres \" width=\"1098\" height=\"734\" srcset=\"https:\/\/experienciadevida.com.ar\/portalurbano\/wp-content\/uploads\/2021\/03\/mujeres.jpg 1098w, https:\/\/experienciadevida.com.ar\/portalurbano\/wp-content\/uploads\/2021\/03\/mujeres-300x201.jpg 300w, https:\/\/experienciadevida.com.ar\/portalurbano\/wp-content\/uploads\/2021\/03\/mujeres-1024x685.jpg 1024w, https:\/\/experienciadevida.com.ar\/portalurbano\/wp-content\/uploads\/2021\/03\/mujeres-768x513.jpg 768w\" sizes=\"(max-width: 1098px) 100vw, 1098px\" \/><\/a><\/p>\n<p><a href=\"https:\/\/experienciadevida.com.ar\/portalurbano\/se-entregaron-reconocimientos-a-mujeres-destacadas-de-2019\/entregaron\/\" rel=\"attachment wp-att-136571\"><img decoding=\"async\" class=\"alignnone size-full wp-image-136571\" src=\"https:\/\/experienciadevida.com.ar\/portalurbano\/wp-content\/uploads\/2021\/03\/entregaron.jpg\" alt=\"entregaron \" width=\"999\" height=\"667\" srcset=\"https:\/\/experienciadevida.com.ar\/portalurbano\/wp-content\/uploads\/2021\/03\/entregaron.jpg 999w, https:\/\/experienciadevida.com.ar\/portalurbano\/wp-content\/uploads\/2021\/03\/entregaron-300x200.jpg 300w, https:\/\/experienciadevida.com.ar\/portalurbano\/wp-content\/uploads\/2021\/03\/entregaron-768x513.jpg 768w\" sizes=\"(max-width: 999px) 100vw, 999px\" \/><\/a><\/p>\n<p><a href=\"https:\/\/experienciadevida.com.ar\/portalurbano\/se-entregaron-reconocimientos-a-mujeres-destacadas-de-2019\/a-lafasi\/\" rel=\"attachment wp-att-136572\"><img decoding=\"async\" class=\"alignnone size-full wp-image-136572\" src=\"https:\/\/experienciadevida.com.ar\/portalurbano\/wp-content\/uploads\/2021\/03\/a-lafasi.jpg\" alt=\"\" width=\"1122\" height=\"750\" srcset=\"https:\/\/experienciadevida.com.ar\/portalurbano\/wp-content\/uploads\/2021\/03\/a-lafasi.jpg 1122w, https:\/\/experienciadevida.com.ar\/portalurbano\/wp-content\/uploads\/2021\/03\/a-lafasi-300x201.jpg 300w, https:\/\/experienciadevida.com.ar\/portalurbano\/wp-content\/uploads\/2021\/03\/a-lafasi-1024x684.jpg 1024w, https:\/\/experienciadevida.com.ar\/portalurbano\/wp-content\/uploads\/2021\/03\/a-lafasi-768x513.jpg 768w\" sizes=\"(max-width: 1122px) 100vw, 1122px\" \/><\/a><\/p>\n<p><a href=\"https:\/\/experienciadevida.com.ar\/portalurbano\/se-entregaron-reconocimientos-a-mujeres-destacadas-de-2019\/a-lucio\/\" rel=\"attachment wp-att-136573\"><img decoding=\"async\" class=\"alignnone size-full wp-image-136573\" src=\"https:\/\/experienciadevida.com.ar\/portalurbano\/wp-content\/uploads\/2021\/03\/a-lucio.jpg\" alt=\"\" width=\"1280\" height=\"855\" srcset=\"https:\/\/experienciadevida.com.ar\/portalurbano\/wp-content\/uploads\/2021\/03\/a-lucio.jpg 1280w, https:\/\/experienciadevida.com.ar\/portalurbano\/wp-content\/uploads\/2021\/03\/a-lucio-300x200.jpg 300w, https:\/\/experienciadevida.com.ar\/portalurbano\/wp-content\/uploads\/2021\/03\/a-lucio-1024x684.jpg 1024w, https:\/\/experienciadevida.com.ar\/portalurbano\/wp-content\/uploads\/2021\/03\/a-lucio-768x513.jpg 768w\" sizes=\"(max-width: 1280px) 100vw, 1280px\" \/><\/a><\/p>\n<p><a href=\"https:\/\/experienciadevida.com.ar\/portalurbano\/se-entregaron-reconocimientos-a-mujeres-destacadas-de-2019\/a-velazquez\/\" rel=\"attachment wp-att-136574\"><img decoding=\"async\" class=\"alignnone size-full wp-image-136574\" src=\"https:\/\/experienciadevida.com.ar\/portalurbano\/wp-content\/uploads\/2021\/03\/a-velazquez.jpg\" alt=\"\" width=\"1280\" height=\"855\" srcset=\"https:\/\/experienciadevida.com.ar\/portalurbano\/wp-content\/uploads\/2021\/03\/a-velazquez.jpg 1280w, https:\/\/experienciadevida.com.ar\/portalurbano\/wp-content\/uploads\/2021\/03\/a-velazquez-300x200.jpg 300w, https:\/\/experienciadevida.com.ar\/portalurbano\/wp-content\/uploads\/2021\/03\/a-velazquez-1024x684.jpg 1024w, https:\/\/experienciadevida.com.ar\/portalurbano\/wp-content\/uploads\/2021\/03\/a-velazquez-768x513.jpg 768w\" sizes=\"(max-width: 1280px) 100vw, 1280px\" \/><\/a><\/p>\n","protected":false},"excerpt":{"rendered":"<p>Se entregaron reconocimientos a mujeres destacadas de 2019. En la ma\u00f1ana de este jueves, en&#8230;<\/p>\n","protected":false},"author":1,"featured_media":136564,"comment_status":"closed","ping_status":"closed","sticky":false,"template":"","format":"standard","meta":{"content-type":""},"categories":[51,43],"tags":[],"nelio_content":{"isAutoShareEnabled":false,"autoShareEndMode":"default","automationSources":{"useContentSentences":true,"useSocialTemplates":true,"useCustomSentences":false,"customSentences":[]},"followers":[1],"suggestedReferences":[],"includedReferences":[],"efiUrl":"","efiAlt":"","highlights":[]},"yoast_head":"<!-- This site is optimized with the Yoast SEO plugin v20.7 - https:\/\/yoast.com\/wordpress\/plugins\/seo\/ -->\n<title>Se entregaron reconocimientos a mujeres destacadas de 2019<\/title>\n<meta name=\"description\" content=\"Se entregaron reconocimientos a mujeres destacadas de 2019. En la ma\u00f1ana de este jueves, en el patio del edificio del Honorable Concejo\" \/>\n<meta name=\"robots\" content=\"index, follow, max-snippet:-1, max-image-preview:large, max-video-preview:-1\" \/>\n<link rel=\"canonical\" href=\"https:\/\/experienciadevida.com.ar\/portalurbano\/se-entregaron-reconocimientos-a-mujeres-destacadas-de-2019\/\" \/>\n<meta property=\"og:locale\" content=\"es_ES\" \/>\n<meta property=\"og:type\" content=\"article\" \/>\n<meta property=\"og:title\" content=\"Se entregaron reconocimientos a mujeres destacadas de 2019\" \/>\n<meta property=\"og:description\" content=\"Se entregaron reconocimientos a mujeres destacadas de 2019. En la ma\u00f1ana de este jueves, en el patio del edificio del Honorable Concejo\" \/>\n<meta property=\"og:url\" content=\"https:\/\/experienciadevida.com.ar\/portalurbano\/se-entregaron-reconocimientos-a-mujeres-destacadas-de-2019\/\" \/>\n<meta property=\"article:publisher\" content=\"https:\/\/www.facebook.com\/Portal-Urbano-171542830093757\/\" \/>\n<meta property=\"article:published_time\" content=\"2021-03-04T15:39:58+00:00\" \/>\n<meta property=\"article:modified_time\" content=\"2021-03-04T15:45:14+00:00\" \/>\n<meta property=\"og:image\" content=\"https:\/\/experienciadevida.com.ar\/portalurbano\/wp-content\/uploads\/2021\/03\/Se-entregaron-reconocimientos-a-mujeres.jpg\" \/>\n\t<meta property=\"og:image:width\" content=\"1151\" \/>\n\t<meta property=\"og:image:height\" content=\"768\" \/>\n\t<meta property=\"og:image:type\" content=\"image\/jpeg\" \/>\n<meta name=\"author\" content=\"admpu17wp\" \/>\n<meta name=\"twitter:card\" content=\"summary_large_image\" \/>\n<meta name=\"twitter:creator\" content=\"@portalurbanook\" \/>\n<meta name=\"twitter:site\" content=\"@portalurbanook\" \/>\n<meta name=\"twitter:label1\" content=\"Escrito por\" \/>\n\t<meta name=\"twitter:data1\" content=\"admpu17wp\" \/>\n\t<meta name=\"twitter:label2\" content=\"Tiempo de lectura\" \/>\n\t<meta name=\"twitter:data2\" content=\"3 minutos\" \/>\n<script type=\"application\/ld+json\" class=\"yoast-schema-graph\">{\"@context\":\"https:\/\/schema.org\",\"@graph\":[{\"@type\":\"Article\",\"@id\":\"https:\/\/experienciadevida.com.ar\/portalurbano\/se-entregaron-reconocimientos-a-mujeres-destacadas-de-2019\/#article\",\"isPartOf\":{\"@id\":\"https:\/\/experienciadevida.com.ar\/portalurbano\/se-entregaron-reconocimientos-a-mujeres-destacadas-de-2019\/\"},\"author\":{\"name\":\"admpu17wp\",\"@id\":\"https:\/\/experienciadevida.com.ar\/portalurbano\/#\/schema\/person\/02dd326b1c4b056e9cc972486934a3a7\"},\"headline\":\"Se entregaron reconocimientos a mujeres destacadas de 2019\",\"datePublished\":\"2021-03-04T15:39:58+00:00\",\"dateModified\":\"2021-03-04T15:45:14+00:00\",\"mainEntityOfPage\":{\"@id\":\"https:\/\/experienciadevida.com.ar\/portalurbano\/se-entregaron-reconocimientos-a-mujeres-destacadas-de-2019\/\"},\"wordCount\":356,\"publisher\":{\"@id\":\"https:\/\/experienciadevida.com.ar\/portalurbano\/#organization\"},\"articleSection\":[\"Destacadas\",\"Pol\u00edtica\"],\"inLanguage\":\"es\"},{\"@type\":\"WebPage\",\"@id\":\"https:\/\/experienciadevida.com.ar\/portalurbano\/se-entregaron-reconocimientos-a-mujeres-destacadas-de-2019\/\",\"url\":\"https:\/\/experienciadevida.com.ar\/portalurbano\/se-entregaron-reconocimientos-a-mujeres-destacadas-de-2019\/\",\"name\":\"Se entregaron reconocimientos a mujeres destacadas de 2019\",\"isPartOf\":{\"@id\":\"https:\/\/experienciadevida.com.ar\/portalurbano\/#website\"},\"datePublished\":\"2021-03-04T15:39:58+00:00\",\"dateModified\":\"2021-03-04T15:45:14+00:00\",\"description\":\"Se entregaron reconocimientos a mujeres destacadas de 2019. En la ma\u00f1ana de este jueves, en el patio del edificio del Honorable Concejo\",\"breadcrumb\":{\"@id\":\"https:\/\/experienciadevida.com.ar\/portalurbano\/se-entregaron-reconocimientos-a-mujeres-destacadas-de-2019\/#breadcrumb\"},\"inLanguage\":\"es\",\"potentialAction\":[{\"@type\":\"ReadAction\",\"target\":[\"https:\/\/experienciadevida.com.ar\/portalurbano\/se-entregaron-reconocimientos-a-mujeres-destacadas-de-2019\/\"]}]},{\"@type\":\"BreadcrumbList\",\"@id\":\"https:\/\/experienciadevida.com.ar\/portalurbano\/se-entregaron-reconocimientos-a-mujeres-destacadas-de-2019\/#breadcrumb\",\"itemListElement\":[{\"@type\":\"ListItem\",\"position\":1,\"name\":\"Portada\",\"item\":\"https:\/\/experienciadevida.com.ar\/portalurbano\/\"},{\"@type\":\"ListItem\",\"position\":2,\"name\":\"Se entregaron reconocimientos a mujeres destacadas de 2019\"}]},{\"@type\":\"WebSite\",\"@id\":\"https:\/\/experienciadevida.com.ar\/portalurbano\/#website\",\"url\":\"https:\/\/experienciadevida.com.ar\/portalurbano\/\",\"name\":\"\",\"description\":\"\",\"publisher\":{\"@id\":\"https:\/\/experienciadevida.com.ar\/portalurbano\/#organization\"},\"potentialAction\":[{\"@type\":\"SearchAction\",\"target\":{\"@type\":\"EntryPoint\",\"urlTemplate\":\"https:\/\/experienciadevida.com.ar\/portalurbano\/?s={search_term_string}\"},\"query-input\":\"required name=search_term_string\"}],\"inLanguage\":\"es\"},{\"@type\":\"Organization\",\"@id\":\"https:\/\/experienciadevida.com.ar\/portalurbano\/#organization\",\"name\":\"Portal Urbano\",\"url\":\"https:\/\/experienciadevida.com.ar\/portalurbano\/\",\"logo\":{\"@type\":\"ImageObject\",\"inLanguage\":\"es\",\"@id\":\"https:\/\/experienciadevida.com.ar\/portalurbano\/#\/schema\/logo\/image\/\",\"url\":\"https:\/\/experienciadevida.com.ar\/portalurbano\/wp-content\/uploads\/2019\/09\/Logo-Original.png\",\"contentUrl\":\"https:\/\/experienciadevida.com.ar\/portalurbano\/wp-content\/uploads\/2019\/09\/Logo-Original.png\",\"width\":2236,\"height\":1216,\"caption\":\"Portal Urbano\"},\"image\":{\"@id\":\"https:\/\/experienciadevida.com.ar\/portalurbano\/#\/schema\/logo\/image\/\"},\"sameAs\":[\"https:\/\/www.facebook.com\/Portal-Urbano-171542830093757\/\",\"https:\/\/twitter.com\/portalurbanook\",\"https:\/\/www.instagram.com\/_portalurbano\/\",\"https:\/\/www.youtube.com\/channel\/UCXhagIfszH8KxFiOok79zbA?view_as=subscriber\"]},{\"@type\":\"Person\",\"@id\":\"https:\/\/experienciadevida.com.ar\/portalurbano\/#\/schema\/person\/02dd326b1c4b056e9cc972486934a3a7\",\"name\":\"admpu17wp\",\"image\":{\"@type\":\"ImageObject\",\"inLanguage\":\"es\",\"@id\":\"https:\/\/experienciadevida.com.ar\/portalurbano\/#\/schema\/person\/image\/\",\"url\":\"https:\/\/secure.gravatar.com\/avatar\/830d4c57adaae6630765e449a6908047?s=96&d=mm&r=g\",\"contentUrl\":\"https:\/\/secure.gravatar.com\/avatar\/830d4c57adaae6630765e449a6908047?s=96&d=mm&r=g\",\"caption\":\"admpu17wp\"}}]}<\/script>\n<!-- \/ Yoast SEO plugin. -->","yoast_head_json":{"title":"Se entregaron reconocimientos a mujeres destacadas de 2019","description":"Se entregaron reconocimientos a mujeres destacadas de 2019. En la ma\u00f1ana de este jueves, en el patio del edificio del Honorable Concejo","robots":{"index":"index","follow":"follow","max-snippet":"max-snippet:-1","max-image-preview":"max-image-preview:large","max-video-preview":"max-video-preview:-1"},"canonical":"https:\/\/experienciadevida.com.ar\/portalurbano\/se-entregaron-reconocimientos-a-mujeres-destacadas-de-2019\/","og_locale":"es_ES","og_type":"article","og_title":"Se entregaron reconocimientos a mujeres destacadas de 2019","og_description":"Se entregaron reconocimientos a mujeres destacadas de 2019. En la ma\u00f1ana de este jueves, en el patio del edificio del Honorable Concejo","og_url":"https:\/\/experienciadevida.com.ar\/portalurbano\/se-entregaron-reconocimientos-a-mujeres-destacadas-de-2019\/","article_publisher":"https:\/\/www.facebook.com\/Portal-Urbano-171542830093757\/","article_published_time":"2021-03-04T15:39:58+00:00","article_modified_time":"2021-03-04T15:45:14+00:00","og_image":[{"width":1151,"height":768,"url":"https:\/\/experienciadevida.com.ar\/portalurbano\/wp-content\/uploads\/2021\/03\/Se-entregaron-reconocimientos-a-mujeres.jpg","type":"image\/jpeg"}],"author":"admpu17wp","twitter_card":"summary_large_image","twitter_creator":"@portalurbanook","twitter_site":"@portalurbanook","twitter_misc":{"Escrito por":"admpu17wp","Tiempo de lectura":"3 minutos"},"schema":{"@context":"https:\/\/schema.org","@graph":[{"@type":"Article","@id":"https:\/\/experienciadevida.com.ar\/portalurbano\/se-entregaron-reconocimientos-a-mujeres-destacadas-de-2019\/#article","isPartOf":{"@id":"https:\/\/experienciadevida.com.ar\/portalurbano\/se-entregaron-reconocimientos-a-mujeres-destacadas-de-2019\/"},"author":{"name":"admpu17wp","@id":"https:\/\/experienciadevida.com.ar\/portalurbano\/#\/schema\/person\/02dd326b1c4b056e9cc972486934a3a7"},"headline":"Se entregaron reconocimientos a mujeres destacadas de 2019","datePublished":"2021-03-04T15:39:58+00:00","dateModified":"2021-03-04T15:45:14+00:00","mainEntityOfPage":{"@id":"https:\/\/experienciadevida.com.ar\/portalurbano\/se-entregaron-reconocimientos-a-mujeres-destacadas-de-2019\/"},"wordCount":356,"publisher":{"@id":"https:\/\/experienciadevida.com.ar\/portalurbano\/#organization"},"articleSection":["Destacadas","Pol\u00edtica"],"inLanguage":"es"},{"@type":"WebPage","@id":"https:\/\/experienciadevida.com.ar\/portalurbano\/se-entregaron-reconocimientos-a-mujeres-destacadas-de-2019\/","url":"https:\/\/experienciadevida.com.ar\/portalurbano\/se-entregaron-reconocimientos-a-mujeres-destacadas-de-2019\/","name":"Se entregaron reconocimientos a mujeres destacadas de 2019","isPartOf":{"@id":"https:\/\/experienciadevida.com.ar\/portalurbano\/#website"},"datePublished":"2021-03-04T15:39:58+00:00","dateModified":"2021-03-04T15:45:14+00:00","description":"Se entregaron reconocimientos a mujeres destacadas de 2019. En la ma\u00f1ana de este jueves, en el patio del edificio del Honorable Concejo","breadcrumb":{"@id":"https:\/\/experienciadevida.com.ar\/portalurbano\/se-entregaron-reconocimientos-a-mujeres-destacadas-de-2019\/#breadcrumb"},"inLanguage":"es","potentialAction":[{"@type":"ReadAction","target":["https:\/\/experienciadevida.com.ar\/portalurbano\/se-entregaron-reconocimientos-a-mujeres-destacadas-de-2019\/"]}]},{"@type":"BreadcrumbList","@id":"https:\/\/experienciadevida.com.ar\/portalurbano\/se-entregaron-reconocimientos-a-mujeres-destacadas-de-2019\/#breadcrumb","itemListElement":[{"@type":"ListItem","position":1,"name":"Portada","item":"https:\/\/experienciadevida.com.ar\/portalurbano\/"},{"@type":"ListItem","position":2,"name":"Se entregaron reconocimientos a mujeres destacadas de 2019"}]},{"@type":"WebSite","@id":"https:\/\/experienciadevida.com.ar\/portalurbano\/#website","url":"https:\/\/experienciadevida.com.ar\/portalurbano\/","name":"","description":"","publisher":{"@id":"https:\/\/experienciadevida.com.ar\/portalurbano\/#organization"},"potentialAction":[{"@type":"SearchAction","target":{"@type":"EntryPoint","urlTemplate":"https:\/\/experienciadevida.com.ar\/portalurbano\/?s={search_term_string}"},"query-input":"required name=search_term_string"}],"inLanguage":"es"},{"@type":"Organization","@id":"https:\/\/experienciadevida.com.ar\/portalurbano\/#organization","name":"Portal Urbano","url":"https:\/\/experienciadevida.com.ar\/portalurbano\/","logo":{"@type":"ImageObject","inLanguage":"es","@id":"https:\/\/experienciadevida.com.ar\/portalurbano\/#\/schema\/logo\/image\/","url":"https:\/\/experienciadevida.com.ar\/portalurbano\/wp-content\/uploads\/2019\/09\/Logo-Original.png","contentUrl":"https:\/\/experienciadevida.com.ar\/portalurbano\/wp-content\/uploads\/2019\/09\/Logo-Original.png","width":2236,"height":1216,"caption":"Portal Urbano"},"image":{"@id":"https:\/\/experienciadevida.com.ar\/portalurbano\/#\/schema\/logo\/image\/"},"sameAs":["https:\/\/www.facebook.com\/Portal-Urbano-171542830093757\/","https:\/\/twitter.com\/portalurbanook","https:\/\/www.instagram.com\/_portalurbano\/","https:\/\/www.youtube.com\/channel\/UCXhagIfszH8KxFiOok79zbA?view_as=subscriber"]},{"@type":"Person","@id":"https:\/\/experienciadevida.com.ar\/portalurbano\/#\/schema\/person\/02dd326b1c4b056e9cc972486934a3a7","name":"admpu17wp","image":{"@type":"ImageObject","inLanguage":"es","@id":"https:\/\/experienciadevida.com.ar\/portalurbano\/#\/schema\/person\/image\/","url":"https:\/\/secure.gravatar.com\/avatar\/830d4c57adaae6630765e449a6908047?s=96&d=mm&r=g","contentUrl":"https:\/\/secure.gravatar.com\/avatar\/830d4c57adaae6630765e449a6908047?s=96&d=mm&r=g","caption":"admpu17wp"}}]}},"featured_image_urls":{"full":["https:\/\/experienciadevida.com.ar\/portalurbano\/wp-content\/uploads\/2021\/03\/Se-entregaron-reconocimientos-a-mujeres.jpg",1151,768,false],"thumbnail":["https:\/\/experienciadevida.com.ar\/portalurbano\/wp-content\/uploads\/2021\/03\/Se-entregaron-reconocimientos-a-mujeres-150x150.jpg",150,150,true],"medium":["https:\/\/experienciadevida.com.ar\/portalurbano\/wp-content\/uploads\/2021\/03\/Se-entregaron-reconocimientos-a-mujeres-300x200.jpg",300,200,true],"medium_large":["https:\/\/experienciadevida.com.ar\/portalurbano\/wp-content\/uploads\/2021\/03\/Se-entregaron-reconocimientos-a-mujeres-768x512.jpg",640,427,true],"large":["https:\/\/experienciadevida.com.ar\/portalurbano\/wp-content\/uploads\/2021\/03\/Se-entregaron-reconocimientos-a-mujeres-1024x683.jpg",640,427,true],"ug_big":["https:\/\/experienciadevida.com.ar\/portalurbano\/wp-content\/uploads\/2021\/03\/Se-entregaron-reconocimientos-a-mujeres-768x512.jpg",768,512,true],"1536x1536":["https:\/\/experienciadevida.com.ar\/portalurbano\/wp-content\/uploads\/2021\/03\/Se-entregaron-reconocimientos-a-mujeres.jpg",1151,768,false],"2048x2048":["https:\/\/experienciadevida.com.ar\/portalurbano\/wp-content\/uploads\/2021\/03\/Se-entregaron-reconocimientos-a-mujeres.jpg",1151,768,false],"newsever-slider-full":["https:\/\/experienciadevida.com.ar\/portalurbano\/wp-content\/uploads\/2021\/03\/Se-entregaron-reconocimientos-a-mujeres.jpg",1151,768,false],"newsever-featured":["https:\/\/experienciadevida.com.ar\/portalurbano\/wp-content\/uploads\/2021\/03\/Se-entregaron-reconocimientos-a-mujeres.jpg",1024,683,false],"newsever-medium":["https:\/\/experienciadevida.com.ar\/portalurbano\/wp-content\/uploads\/2021\/03\/Se-entregaron-reconocimientos-a-mujeres.jpg",712,475,false],"web-stories-poster-portrait":["https:\/\/experienciadevida.com.ar\/portalurbano\/wp-content\/uploads\/2021\/03\/Se-entregaron-reconocimientos-a-mujeres.jpg",640,427,false],"web-stories-publisher-logo":["https:\/\/experienciadevida.com.ar\/portalurbano\/wp-content\/uploads\/2021\/03\/Se-entregaron-reconocimientos-a-mujeres.jpg",96,64,false],"web-stories-thumbnail":["https:\/\/experienciadevida.com.ar\/portalurbano\/wp-content\/uploads\/2021\/03\/Se-entregaron-reconocimientos-a-mujeres.jpg",150,100,false]},"author_info":{"display_name":"admpu17wp","author_link":"https:\/\/experienciadevida.com.ar\/portalurbano\/author\/admpu17wp\/"},"category_info":"<a href=\"https:\/\/experienciadevida.com.ar\/portalurbano\/category\/destacadas\/\" rel=\"category tag\">Destacadas<\/a> <a href=\"https:\/\/experienciadevida.com.ar\/portalurbano\/category\/politica\/\" rel=\"category tag\">Pol\u00edtica<\/a>","tag_info":"Pol\u00edtica","comment_count":"0","amp_enabled":true,"_links":{"self":[{"href":"https:\/\/experienciadevida.com.ar\/portalurbano\/wp-json\/wp\/v2\/posts\/136563"}],"collection":[{"href":"https:\/\/experienciadevida.com.ar\/portalurbano\/wp-json\/wp\/v2\/posts"}],"about":[{"href":"https:\/\/experienciadevida.com.ar\/portalurbano\/wp-json\/wp\/v2\/types\/post"}],"author":[{"embeddable":true,"href":"https:\/\/experienciadevida.com.ar\/portalurbano\/wp-json\/wp\/v2\/users\/1"}],"replies":[{"embeddable":true,"href":"https:\/\/experienciadevida.com.ar\/portalurbano\/wp-json\/wp\/v2\/comments?post=136563"}],"version-history":[{"count":3,"href":"https:\/\/experienciadevida.com.ar\/portalurbano\/wp-json\/wp\/v2\/posts\/136563\/revisions"}],"predecessor-version":[{"id":136575,"href":"https:\/\/experienciadevida.com.ar\/portalurbano\/wp-json\/wp\/v2\/posts\/136563\/revisions\/136575"}],"wp:featuredmedia":[{"embeddable":true,"href":"https:\/\/experienciadevida.com.ar\/portalurbano\/wp-json\/wp\/v2\/media\/136564"}],"wp:attachment":[{"href":"https:\/\/experienciadevida.com.ar\/portalurbano\/wp-json\/wp\/v2\/media?parent=136563"}],"wp:term":[{"taxonomy":"category","embeddable":true,"href":"https:\/\/experienciadevida.com.ar\/portalurbano\/wp-json\/wp\/v2\/categories?post=136563"},{"taxonomy":"post_tag","embeddable":true,"href":"https:\/\/experienciadevida.com.ar\/portalurbano\/wp-json\/wp\/v2\/tags?post=136563"}],"curies":[{"name":"wp","href":"https:\/\/api.w.org\/{rel}","templated":true}]}}