{"id":136554,"date":"2021-03-04T12:21:24","date_gmt":"2021-03-04T15:21:24","guid":{"rendered":"https:\/\/experienciadevida.com.ar\/portalurbano\/?p=136554"},"modified":"2021-03-04T12:21:49","modified_gmt":"2021-03-04T15:21:49","slug":"servicio-alimentario-escolar-en-olavarria-se-asiste-a-12-500-alumnos","status":"publish","type":"post","link":"https:\/\/experienciadevida.com.ar\/portalurbano\/servicio-alimentario-escolar-en-olavarria-se-asiste-a-12-500-alumnos\/","title":{"rendered":"Servicio Alimentario Escolar: en Olavarr\u00eda se asiste a 12 500 alumnos"},"content":{"rendered":"<p>Servicio Alimentario Escolar: en Olavarr\u00eda se asiste a 12 500 alumnos, el consejero Leo Wagner, encargado del Servicio Alimentario y de Transporte, dialog\u00f3 con LU 32 sobre la organizaci\u00f3n para este nuevo ciclo lectivo.<\/p>\n<p>En cuanto al Servicio Alimentario, expres\u00f3 que el aumento de los m\u00f3dulos es para la log\u00edstica, es decir que las distribuidoras se encarguen de repartir en las escuelas , las bolsas preparadas por ellas. El cupo de Olavarr\u00eda es de 12 628 pero en la actualidad la asistencia es para 12 500 chicos y chicas.<\/p>\n<p>Explic\u00f3 que con dos camiones antes llegaba toda la mercader\u00eda y ahora, tal vez, necesiten 5<\/p>\n<p>En cuanto al transporte escolar, tambi\u00e9n tiene un aumento del 31,5 % y se estableci\u00f3 que el cupo puede ser del 100 %, ya que los alumnos que traslada suelen ser hermanos y all\u00ed se arma la burbuja, seg\u00fan explic\u00f3<\/p>\n<p>Servicio alimentario escolar &#8220;el SAE sigue con la modalidad entrega de bolsas porque el comedor sigue cerrado, pero lo que cambi\u00f3 ahora es que las distribuidoras van a llevar las bolsas armadas al\u00a0 establecimiento educativo para que sean entregadas. La provincia implement\u00f3 el monto para que se haga la log\u00edstica, y que pueda la distribuidora armar\u00a0 las bolsas&#8221;.<\/p>\n<p>&#8220;Con los productos estamos bien en lo que se entrega porque tenemos 32 productos mensuales, y los precios venimos manej\u00e1ndolos bastante bien con la distribuidora, y se le podr\u00eda poner alg\u00fan producto pero este aumento se dio m\u00e1s para la log\u00edstica, ya que el armado de bolsas y el traslado es mucho m\u00e1s caro ya que en un cami\u00f3n donde llevas los bultos cerrados capaz que te entran cinco m\u00e1s el armado que lo hace la distribuidora, entonces la Provincia lo que pens\u00f3 es implementar en log\u00edstica y si se le puede agregar alg\u00fan producto lo estudiaremos para el mes de abril. Nosotros la compra de marzo ya el pedido estaba hecho desde febrero, como es tanta mercader\u00eda que uno compra el proveedor lo tiene que comprar antes&#8221;.<\/p>\n<p>Servicio alimentario escolar &#8220;en este momento hay faltante de aceite, arroz, muchas veces pasa por distintos motivos, lo que pide la provincia est\u00e1 bien armado. Hay\u00a0 productos que no pueden faltar en el armado de bolsas pero despu\u00e9s pueden variar, hay frutas, masitas dulces y secas, la leche no puede faltar tampoco, hay un par de productos que la provincia te dice que tienen que estar, tambi\u00e9n hay que ver si la distribuidora tiene ese producto&#8221;.<\/p>\n<p>&#8220;Se entregaron todos productos secos, nosotros tambi\u00e9n tenemos productos para cel\u00edacos, para diab\u00e9ticos, en pandemia no pudimos entregar productos como verduras frescas, cuando el SAE funciona en el comedor escolar tenes otros alimentos y productos frescos, pero cambi\u00f3 todo. La cantidad son 12.500 chicos, el cupo que tenemos nosotros es de 12 mil, por ah\u00ed var\u00eda. Lo van a recibir porque el cupo aprobado en primaria&#8221;.<\/p>\n<p>Para finalizar dijo &#8220;vino un aumento para los transportistas, que ya el a\u00f1o pasado hab\u00eda invertido la provincia. Las escuelas que no est\u00e1n empezando por distintos motivos el transportista no empieza por eso&#8221;.<\/p>\n<p>&#8220;A medida que va pasando el tiempo todo se va a ir acomodando&#8221;.<\/p>\n<p>Fuente: Radio Olavarr\u00eda<\/p>\n","protected":false},"excerpt":{"rendered":"<p>Servicio Alimentario Escolar: en Olavarr\u00eda se asiste a 12 500 alumnos, el consejero Leo Wagner,&#8230;<\/p>\n","protected":false},"author":1,"featured_media":108655,"comment_status":"closed","ping_status":"closed","sticky":false,"template":"","format":"standard","meta":{"content-type":""},"categories":[27,64],"tags":[],"nelio_content":{"isAutoShareEnabled":false,"autoShareEndMode":"default","automationSources":{"useContentSentences":true,"useSocialTemplates":true,"useCustomSentences":false,"customSentences":[]},"followers":[1],"suggestedReferences":[],"includedReferences":[],"efiUrl":"","efiAlt":"","highlights":[]},"yoast_head":"<!-- This site is optimized with the Yoast SEO plugin v20.7 - https:\/\/yoast.com\/wordpress\/plugins\/seo\/ -->\n<title>Servicio alimentario escolar: En Olavarr\u00eda se asiste a 12.500 alumnos<\/title>\n<meta name=\"description\" content=\"Servicio Alimentario Escolar: en Olavarr\u00eda se asiste a 12 500 alumnos, el consejero Leo Wagner, encargado sobre la organizaci\u00f3n el nuevo ciclo\" \/>\n<meta name=\"robots\" content=\"index, follow, max-snippet:-1, max-image-preview:large, max-video-preview:-1\" \/>\n<link rel=\"canonical\" href=\"https:\/\/experienciadevida.com.ar\/portalurbano\/servicio-alimentario-escolar-en-olavarria-se-asiste-a-12-500-alumnos\/\" \/>\n<meta property=\"og:locale\" content=\"es_ES\" \/>\n<meta property=\"og:type\" content=\"article\" \/>\n<meta property=\"og:title\" content=\"Servicio alimentario escolar: En Olavarr\u00eda se asiste a 12.500 alumnos\" \/>\n<meta property=\"og:description\" content=\"Servicio Alimentario Escolar: en Olavarr\u00eda se asiste a 12 500 alumnos, el consejero Leo Wagner, encargado sobre la organizaci\u00f3n el nuevo ciclo\" \/>\n<meta property=\"og:url\" content=\"https:\/\/experienciadevida.com.ar\/portalurbano\/servicio-alimentario-escolar-en-olavarria-se-asiste-a-12-500-alumnos\/\" \/>\n<meta property=\"article:publisher\" content=\"https:\/\/www.facebook.com\/Portal-Urbano-171542830093757\/\" \/>\n<meta property=\"article:published_time\" content=\"2021-03-04T15:21:24+00:00\" \/>\n<meta property=\"article:modified_time\" content=\"2021-03-04T15:21:49+00:00\" \/>\n<meta property=\"og:image\" content=\"https:\/\/experienciadevida.com.ar\/portalurbano\/wp-content\/uploads\/2020\/05\/SAE-e1588694505987.jpg\" \/>\n\t<meta property=\"og:image:width\" content=\"765\" \/>\n\t<meta property=\"og:image:height\" content=\"510\" \/>\n\t<meta property=\"og:image:type\" content=\"image\/jpeg\" \/>\n<meta name=\"author\" content=\"admpu17wp\" \/>\n<meta name=\"twitter:card\" content=\"summary_large_image\" \/>\n<meta name=\"twitter:creator\" content=\"@portalurbanook\" \/>\n<meta name=\"twitter:site\" content=\"@portalurbanook\" \/>\n<meta name=\"twitter:label1\" content=\"Escrito por\" \/>\n\t<meta name=\"twitter:data1\" content=\"admpu17wp\" \/>\n\t<meta name=\"twitter:label2\" content=\"Tiempo de lectura\" \/>\n\t<meta name=\"twitter:data2\" content=\"3 minutos\" \/>\n<script type=\"application\/ld+json\" class=\"yoast-schema-graph\">{\"@context\":\"https:\/\/schema.org\",\"@graph\":[{\"@type\":\"Article\",\"@id\":\"https:\/\/experienciadevida.com.ar\/portalurbano\/servicio-alimentario-escolar-en-olavarria-se-asiste-a-12-500-alumnos\/#article\",\"isPartOf\":{\"@id\":\"https:\/\/experienciadevida.com.ar\/portalurbano\/servicio-alimentario-escolar-en-olavarria-se-asiste-a-12-500-alumnos\/\"},\"author\":{\"name\":\"admpu17wp\",\"@id\":\"https:\/\/experienciadevida.com.ar\/portalurbano\/#\/schema\/person\/02dd326b1c4b056e9cc972486934a3a7\"},\"headline\":\"Servicio Alimentario Escolar: en Olavarr\u00eda se asiste a 12 500 alumnos\",\"datePublished\":\"2021-03-04T15:21:24+00:00\",\"dateModified\":\"2021-03-04T15:21:49+00:00\",\"mainEntityOfPage\":{\"@id\":\"https:\/\/experienciadevida.com.ar\/portalurbano\/servicio-alimentario-escolar-en-olavarria-se-asiste-a-12-500-alumnos\/\"},\"wordCount\":546,\"publisher\":{\"@id\":\"https:\/\/experienciadevida.com.ar\/portalurbano\/#organization\"},\"articleSection\":[\"Ciudad\",\"Destacadas 2\"],\"inLanguage\":\"es\"},{\"@type\":\"WebPage\",\"@id\":\"https:\/\/experienciadevida.com.ar\/portalurbano\/servicio-alimentario-escolar-en-olavarria-se-asiste-a-12-500-alumnos\/\",\"url\":\"https:\/\/experienciadevida.com.ar\/portalurbano\/servicio-alimentario-escolar-en-olavarria-se-asiste-a-12-500-alumnos\/\",\"name\":\"Servicio alimentario escolar: En Olavarr\u00eda se asiste a 12.500 alumnos\",\"isPartOf\":{\"@id\":\"https:\/\/experienciadevida.com.ar\/portalurbano\/#website\"},\"datePublished\":\"2021-03-04T15:21:24+00:00\",\"dateModified\":\"2021-03-04T15:21:49+00:00\",\"description\":\"Servicio Alimentario Escolar: en Olavarr\u00eda se asiste a 12 500 alumnos, el consejero Leo Wagner, encargado sobre la organizaci\u00f3n el nuevo ciclo\",\"breadcrumb\":{\"@id\":\"https:\/\/experienciadevida.com.ar\/portalurbano\/servicio-alimentario-escolar-en-olavarria-se-asiste-a-12-500-alumnos\/#breadcrumb\"},\"inLanguage\":\"es\",\"potentialAction\":[{\"@type\":\"ReadAction\",\"target\":[\"https:\/\/experienciadevida.com.ar\/portalurbano\/servicio-alimentario-escolar-en-olavarria-se-asiste-a-12-500-alumnos\/\"]}]},{\"@type\":\"BreadcrumbList\",\"@id\":\"https:\/\/experienciadevida.com.ar\/portalurbano\/servicio-alimentario-escolar-en-olavarria-se-asiste-a-12-500-alumnos\/#breadcrumb\",\"itemListElement\":[{\"@type\":\"ListItem\",\"position\":1,\"name\":\"Portada\",\"item\":\"https:\/\/experienciadevida.com.ar\/portalurbano\/\"},{\"@type\":\"ListItem\",\"position\":2,\"name\":\"Servicio Alimentario Escolar: en Olavarr\u00eda se asiste a 12 500 alumnos\"}]},{\"@type\":\"WebSite\",\"@id\":\"https:\/\/experienciadevida.com.ar\/portalurbano\/#website\",\"url\":\"https:\/\/experienciadevida.com.ar\/portalurbano\/\",\"name\":\"\",\"description\":\"\",\"publisher\":{\"@id\":\"https:\/\/experienciadevida.com.ar\/portalurbano\/#organization\"},\"potentialAction\":[{\"@type\":\"SearchAction\",\"target\":{\"@type\":\"EntryPoint\",\"urlTemplate\":\"https:\/\/experienciadevida.com.ar\/portalurbano\/?s={search_term_string}\"},\"query-input\":\"required name=search_term_string\"}],\"inLanguage\":\"es\"},{\"@type\":\"Organization\",\"@id\":\"https:\/\/experienciadevida.com.ar\/portalurbano\/#organization\",\"name\":\"Portal Urbano\",\"url\":\"https:\/\/experienciadevida.com.ar\/portalurbano\/\",\"logo\":{\"@type\":\"ImageObject\",\"inLanguage\":\"es\",\"@id\":\"https:\/\/experienciadevida.com.ar\/portalurbano\/#\/schema\/logo\/image\/\",\"url\":\"https:\/\/experienciadevida.com.ar\/portalurbano\/wp-content\/uploads\/2019\/09\/Logo-Original.png\",\"contentUrl\":\"https:\/\/experienciadevida.com.ar\/portalurbano\/wp-content\/uploads\/2019\/09\/Logo-Original.png\",\"width\":2236,\"height\":1216,\"caption\":\"Portal Urbano\"},\"image\":{\"@id\":\"https:\/\/experienciadevida.com.ar\/portalurbano\/#\/schema\/logo\/image\/\"},\"sameAs\":[\"https:\/\/www.facebook.com\/Portal-Urbano-171542830093757\/\",\"https:\/\/twitter.com\/portalurbanook\",\"https:\/\/www.instagram.com\/_portalurbano\/\",\"https:\/\/www.youtube.com\/channel\/UCXhagIfszH8KxFiOok79zbA?view_as=subscriber\"]},{\"@type\":\"Person\",\"@id\":\"https:\/\/experienciadevida.com.ar\/portalurbano\/#\/schema\/person\/02dd326b1c4b056e9cc972486934a3a7\",\"name\":\"admpu17wp\",\"image\":{\"@type\":\"ImageObject\",\"inLanguage\":\"es\",\"@id\":\"https:\/\/experienciadevida.com.ar\/portalurbano\/#\/schema\/person\/image\/\",\"url\":\"https:\/\/secure.gravatar.com\/avatar\/830d4c57adaae6630765e449a6908047?s=96&d=mm&r=g\",\"contentUrl\":\"https:\/\/secure.gravatar.com\/avatar\/830d4c57adaae6630765e449a6908047?s=96&d=mm&r=g\",\"caption\":\"admpu17wp\"}}]}<\/script>\n<!-- \/ Yoast SEO plugin. -->","yoast_head_json":{"title":"Servicio alimentario escolar: En Olavarr\u00eda se asiste a 12.500 alumnos","description":"Servicio Alimentario Escolar: en Olavarr\u00eda se asiste a 12 500 alumnos, el consejero Leo Wagner, encargado sobre la organizaci\u00f3n el nuevo ciclo","robots":{"index":"index","follow":"follow","max-snippet":"max-snippet:-1","max-image-preview":"max-image-preview:large","max-video-preview":"max-video-preview:-1"},"canonical":"https:\/\/experienciadevida.com.ar\/portalurbano\/servicio-alimentario-escolar-en-olavarria-se-asiste-a-12-500-alumnos\/","og_locale":"es_ES","og_type":"article","og_title":"Servicio alimentario escolar: En Olavarr\u00eda se asiste a 12.500 alumnos","og_description":"Servicio Alimentario Escolar: en Olavarr\u00eda se asiste a 12 500 alumnos, el consejero Leo Wagner, encargado sobre la organizaci\u00f3n el nuevo ciclo","og_url":"https:\/\/experienciadevida.com.ar\/portalurbano\/servicio-alimentario-escolar-en-olavarria-se-asiste-a-12-500-alumnos\/","article_publisher":"https:\/\/www.facebook.com\/Portal-Urbano-171542830093757\/","article_published_time":"2021-03-04T15:21:24+00:00","article_modified_time":"2021-03-04T15:21:49+00:00","og_image":[{"width":765,"height":510,"url":"https:\/\/experienciadevida.com.ar\/portalurbano\/wp-content\/uploads\/2020\/05\/SAE-e1588694505987.jpg","type":"image\/jpeg"}],"author":"admpu17wp","twitter_card":"summary_large_image","twitter_creator":"@portalurbanook","twitter_site":"@portalurbanook","twitter_misc":{"Escrito por":"admpu17wp","Tiempo de lectura":"3 minutos"},"schema":{"@context":"https:\/\/schema.org","@graph":[{"@type":"Article","@id":"https:\/\/experienciadevida.com.ar\/portalurbano\/servicio-alimentario-escolar-en-olavarria-se-asiste-a-12-500-alumnos\/#article","isPartOf":{"@id":"https:\/\/experienciadevida.com.ar\/portalurbano\/servicio-alimentario-escolar-en-olavarria-se-asiste-a-12-500-alumnos\/"},"author":{"name":"admpu17wp","@id":"https:\/\/experienciadevida.com.ar\/portalurbano\/#\/schema\/person\/02dd326b1c4b056e9cc972486934a3a7"},"headline":"Servicio Alimentario Escolar: en Olavarr\u00eda se asiste a 12 500 alumnos","datePublished":"2021-03-04T15:21:24+00:00","dateModified":"2021-03-04T15:21:49+00:00","mainEntityOfPage":{"@id":"https:\/\/experienciadevida.com.ar\/portalurbano\/servicio-alimentario-escolar-en-olavarria-se-asiste-a-12-500-alumnos\/"},"wordCount":546,"publisher":{"@id":"https:\/\/experienciadevida.com.ar\/portalurbano\/#organization"},"articleSection":["Ciudad","Destacadas 2"],"inLanguage":"es"},{"@type":"WebPage","@id":"https:\/\/experienciadevida.com.ar\/portalurbano\/servicio-alimentario-escolar-en-olavarria-se-asiste-a-12-500-alumnos\/","url":"https:\/\/experienciadevida.com.ar\/portalurbano\/servicio-alimentario-escolar-en-olavarria-se-asiste-a-12-500-alumnos\/","name":"Servicio alimentario escolar: En Olavarr\u00eda se asiste a 12.500 alumnos","isPartOf":{"@id":"https:\/\/experienciadevida.com.ar\/portalurbano\/#website"},"datePublished":"2021-03-04T15:21:24+00:00","dateModified":"2021-03-04T15:21:49+00:00","description":"Servicio Alimentario Escolar: en Olavarr\u00eda se asiste a 12 500 alumnos, el consejero Leo Wagner, encargado sobre la organizaci\u00f3n el nuevo ciclo","breadcrumb":{"@id":"https:\/\/experienciadevida.com.ar\/portalurbano\/servicio-alimentario-escolar-en-olavarria-se-asiste-a-12-500-alumnos\/#breadcrumb"},"inLanguage":"es","potentialAction":[{"@type":"ReadAction","target":["https:\/\/experienciadevida.com.ar\/portalurbano\/servicio-alimentario-escolar-en-olavarria-se-asiste-a-12-500-alumnos\/"]}]},{"@type":"BreadcrumbList","@id":"https:\/\/experienciadevida.com.ar\/portalurbano\/servicio-alimentario-escolar-en-olavarria-se-asiste-a-12-500-alumnos\/#breadcrumb","itemListElement":[{"@type":"ListItem","position":1,"name":"Portada","item":"https:\/\/experienciadevida.com.ar\/portalurbano\/"},{"@type":"ListItem","position":2,"name":"Servicio Alimentario Escolar: en Olavarr\u00eda se asiste a 12 500 alumnos"}]},{"@type":"WebSite","@id":"https:\/\/experienciadevida.com.ar\/portalurbano\/#website","url":"https:\/\/experienciadevida.com.ar\/portalurbano\/","name":"","description":"","publisher":{"@id":"https:\/\/experienciadevida.com.ar\/portalurbano\/#organization"},"potentialAction":[{"@type":"SearchAction","target":{"@type":"EntryPoint","urlTemplate":"https:\/\/experienciadevida.com.ar\/portalurbano\/?s={search_term_string}"},"query-input":"required name=search_term_string"}],"inLanguage":"es"},{"@type":"Organization","@id":"https:\/\/experienciadevida.com.ar\/portalurbano\/#organization","name":"Portal Urbano","url":"https:\/\/experienciadevida.com.ar\/portalurbano\/","logo":{"@type":"ImageObject","inLanguage":"es","@id":"https:\/\/experienciadevida.com.ar\/portalurbano\/#\/schema\/logo\/image\/","url":"https:\/\/experienciadevida.com.ar\/portalurbano\/wp-content\/uploads\/2019\/09\/Logo-Original.png","contentUrl":"https:\/\/experienciadevida.com.ar\/portalurbano\/wp-content\/uploads\/2019\/09\/Logo-Original.png","width":2236,"height":1216,"caption":"Portal Urbano"},"image":{"@id":"https:\/\/experienciadevida.com.ar\/portalurbano\/#\/schema\/logo\/image\/"},"sameAs":["https:\/\/www.facebook.com\/Portal-Urbano-171542830093757\/","https:\/\/twitter.com\/portalurbanook","https:\/\/www.instagram.com\/_portalurbano\/","https:\/\/www.youtube.com\/channel\/UCXhagIfszH8KxFiOok79zbA?view_as=subscriber"]},{"@type":"Person","@id":"https:\/\/experienciadevida.com.ar\/portalurbano\/#\/schema\/person\/02dd326b1c4b056e9cc972486934a3a7","name":"admpu17wp","image":{"@type":"ImageObject","inLanguage":"es","@id":"https:\/\/experienciadevida.com.ar\/portalurbano\/#\/schema\/person\/image\/","url":"https:\/\/secure.gravatar.com\/avatar\/830d4c57adaae6630765e449a6908047?s=96&d=mm&r=g","contentUrl":"https:\/\/secure.gravatar.com\/avatar\/830d4c57adaae6630765e449a6908047?s=96&d=mm&r=g","caption":"admpu17wp"}}]}},"featured_image_urls":{"full":["https:\/\/experienciadevida.com.ar\/portalurbano\/wp-content\/uploads\/2020\/05\/SAE-e1588694505987.jpg",765,510,false],"thumbnail":["https:\/\/experienciadevida.com.ar\/portalurbano\/wp-content\/uploads\/2020\/05\/SAE-150x150.jpg",150,150,true],"medium":["https:\/\/experienciadevida.com.ar\/portalurbano\/wp-content\/uploads\/2020\/05\/SAE-300x200.jpg",300,200,true],"medium_large":["https:\/\/experienciadevida.com.ar\/portalurbano\/wp-content\/uploads\/2020\/05\/SAE-768x512.jpg",640,427,true],"large":["https:\/\/experienciadevida.com.ar\/portalurbano\/wp-content\/uploads\/2020\/05\/SAE-1024x683.jpg",640,427,true],"ug_big":["https:\/\/experienciadevida.com.ar\/portalurbano\/wp-content\/uploads\/2020\/05\/SAE-768x512.jpg",768,512,true],"1536x1536":["https:\/\/experienciadevida.com.ar\/portalurbano\/wp-content\/uploads\/2020\/05\/SAE-1536x1024.jpg",1536,1024,true],"2048x2048":["https:\/\/experienciadevida.com.ar\/portalurbano\/wp-content\/uploads\/2020\/05\/SAE-e1588694505987.jpg",765,510,false],"newsever-slider-full":["https:\/\/experienciadevida.com.ar\/portalurbano\/wp-content\/uploads\/2020\/05\/SAE-e1588694505987.jpg",765,510,false],"newsever-featured":["https:\/\/experienciadevida.com.ar\/portalurbano\/wp-content\/uploads\/2020\/05\/SAE-e1588694505987.jpg",765,510,false],"newsever-medium":["https:\/\/experienciadevida.com.ar\/portalurbano\/wp-content\/uploads\/2020\/05\/SAE-e1588694505987.jpg",713,475,false],"web-stories-poster-portrait":["https:\/\/experienciadevida.com.ar\/portalurbano\/wp-content\/uploads\/2020\/05\/SAE-e1588694505987.jpg",640,427,false],"web-stories-publisher-logo":["https:\/\/experienciadevida.com.ar\/portalurbano\/wp-content\/uploads\/2020\/05\/SAE-e1588694505987.jpg",96,64,false],"web-stories-thumbnail":["https:\/\/experienciadevida.com.ar\/portalurbano\/wp-content\/uploads\/2020\/05\/SAE-e1588694505987.jpg",150,100,false]},"author_info":{"display_name":"admpu17wp","author_link":"https:\/\/experienciadevida.com.ar\/portalurbano\/author\/admpu17wp\/"},"category_info":"<a href=\"https:\/\/experienciadevida.com.ar\/portalurbano\/category\/ciudad\/\" rel=\"category tag\">Ciudad<\/a> <a href=\"https:\/\/experienciadevida.com.ar\/portalurbano\/category\/destacadas-2\/\" rel=\"category tag\">Destacadas 2<\/a>","tag_info":"Destacadas 2","comment_count":"0","amp_enabled":true,"_links":{"self":[{"href":"https:\/\/experienciadevida.com.ar\/portalurbano\/wp-json\/wp\/v2\/posts\/136554"}],"collection":[{"href":"https:\/\/experienciadevida.com.ar\/portalurbano\/wp-json\/wp\/v2\/posts"}],"about":[{"href":"https:\/\/experienciadevida.com.ar\/portalurbano\/wp-json\/wp\/v2\/types\/post"}],"author":[{"embeddable":true,"href":"https:\/\/experienciadevida.com.ar\/portalurbano\/wp-json\/wp\/v2\/users\/1"}],"replies":[{"embeddable":true,"href":"https:\/\/experienciadevida.com.ar\/portalurbano\/wp-json\/wp\/v2\/comments?post=136554"}],"version-history":[{"count":2,"href":"https:\/\/experienciadevida.com.ar\/portalurbano\/wp-json\/wp\/v2\/posts\/136554\/revisions"}],"predecessor-version":[{"id":136556,"href":"https:\/\/experienciadevida.com.ar\/portalurbano\/wp-json\/wp\/v2\/posts\/136554\/revisions\/136556"}],"wp:featuredmedia":[{"embeddable":true,"href":"https:\/\/experienciadevida.com.ar\/portalurbano\/wp-json\/wp\/v2\/media\/108655"}],"wp:attachment":[{"href":"https:\/\/experienciadevida.com.ar\/portalurbano\/wp-json\/wp\/v2\/media?parent=136554"}],"wp:term":[{"taxonomy":"category","embeddable":true,"href":"https:\/\/experienciadevida.com.ar\/portalurbano\/wp-json\/wp\/v2\/categories?post=136554"},{"taxonomy":"post_tag","embeddable":true,"href":"https:\/\/experienciadevida.com.ar\/portalurbano\/wp-json\/wp\/v2\/tags?post=136554"}],"curies":[{"name":"wp","href":"https:\/\/api.w.org\/{rel}","templated":true}]}}