{"id":136532,"date":"2021-03-04T10:23:55","date_gmt":"2021-03-04T13:23:55","guid":{"rendered":"https:\/\/experienciadevida.com.ar\/portalurbano\/?p=136532"},"modified":"2021-03-04T10:28:47","modified_gmt":"2021-03-04T13:28:47","slug":"69-femicidios-en-63-dias-emergencia-ni-una-menos","status":"publish","type":"post","link":"https:\/\/experienciadevida.com.ar\/portalurbano\/69-femicidios-en-63-dias-emergencia-ni-una-menos\/","title":{"rendered":"69 femicidios en 63 d\u00edas: emergencia ni una menos"},"content":{"rendered":"<p>69 femicidios en 63 d\u00edas: emergencia ni una menos. Durante la ma\u00f1ana del martes, integrantes de Mumala Olavarr\u00eda se sumaron a una iniciativa que se replic\u00f3 por dicho movimiento a lo largo y ancho del pa\u00eds.<\/p>\n<p>La misma tuvo lugar en la plaza central, all\u00ed se dispusieron a charlar con vecinas, vecinos y comerciantes con el objetivo de contarles y solicitar firmas a modo de acompa\u00f1amiento al proyecto de ley que este espacio pretende impulsar, incitando a las c\u00e1maras Legislativas a que declaren la emergencia &#8220;ni una menos&#8221;, porque as\u00ed la sociedad lo demanda, al conocer la veracidad de los datos compartidos con la misma, y que expresan que el 2020\u00a0 dej\u00f3 un total de 329 muertes violentas de mujeres, lesbianas, travestis y trans de las cuales 270 son femicidios directos.<\/p>\n<p>Desde el primero de enero a la fecha habiendo transcurrido 63 d\u00edas los datos de Femicidios &#8211; Lesbi &#8211; Trans &#8211; Travesticidios del laboratorio &#8220;mujeres, disidencias, derechos&#8221; reflejan lo siguiente:<\/p>\n<p>69 femicidios en 63 d\u00edas, 69 son las muertes violentas de mujeres, travestis y trans en la Argentina de las cuales:<\/p>\n<p>47 son Femicidios vinculados y trans- travesticidios.\u00a0 1 cada 30hs .<\/p>\n<p>9 muertes violentas asociadas al g\u00e9nero, vinculadas a econom\u00edas delictivas o colaterales y robos.<\/p>\n<p>10 muertes violentas de mujeres en proceso de investigaci\u00f3n.<\/p>\n<p>3 suicidios femicidas.<\/p>\n<p>Asimismo se registraron 64 intentos de femicidios.<\/p>\n<p>El 17 % de los Femicidios fue perpetrado por integrantes de las fuerzas de seguridad, un aumento del 5% respecto a\u00a0 lo registrado en el mes de enero. (12%)<\/p>\n<p>Otro dato relevante es el aumento del porcentaje de denuncias previas que hab\u00edan realizado las v\u00edctimas. Se observa un 29% frente a un promedio del 20% de meses anteriores.<\/p>\n<p>Son 55 los ni\u00f1os,\u00a0 y adolescentes que se quedaron sin madre.<\/p>\n<p>&#8220;Exigimos al Gobierno Nacional la declaraci\u00f3n de la #EmergenciaNiUnaMenos con el objetivo de reasignar y priorizar recursos humanos y econ\u00f3micos para la atenci\u00f3n integral de mujeres e integrantes del colectivo LGTBIQ+.<\/p>\n<p>Por otro lado, invitan a sumarse la juntada de firmas por la Declaraci\u00f3n de la<br \/>\n#EmergenciaNiUnaMenos. A trav\u00e9s del siguiente link:<br \/>\nhttps:\/\/www.change.org\/p\/congreso-de-la-naci%C3%B3n-argentina-emergencia-nacional-en-violencia-de-g%C3%A9nero-en-argentina-emergencianiunamenos<\/p>\n<p>El Estado y los gobiernos deben asumir su responsabilidad.<\/p>\n<p><a href=\"https:\/\/experienciadevida.com.ar\/portalurbano\/69-femicidios-en-63-dias-emergencia-ni-una-menos\/69-femicidios\/\" rel=\"attachment wp-att-136538\"><img decoding=\"async\" class=\"alignnone size-full wp-image-136538\" src=\"https:\/\/experienciadevida.com.ar\/portalurbano\/wp-content\/uploads\/2021\/03\/69-femicidios.jpeg\" alt=\"69 femicidios\" width=\"765\" height=\"510\" srcset=\"https:\/\/experienciadevida.com.ar\/portalurbano\/wp-content\/uploads\/2021\/03\/69-femicidios.jpeg 765w, https:\/\/experienciadevida.com.ar\/portalurbano\/wp-content\/uploads\/2021\/03\/69-femicidios-300x200.jpeg 300w\" sizes=\"(max-width: 765px) 100vw, 765px\" \/><\/a><\/p>\n","protected":false},"excerpt":{"rendered":"<p>69 femicidios en 63 d\u00edas: emergencia ni una menos. Durante la ma\u00f1ana del martes, integrantes&#8230;<\/p>\n","protected":false},"author":1,"featured_media":136534,"comment_status":"closed","ping_status":"closed","sticky":false,"template":"","format":"standard","meta":{"content-type":""},"categories":[27,64],"tags":[],"nelio_content":{"isAutoShareEnabled":false,"autoShareEndMode":"default","automationSources":{"useContentSentences":true,"useSocialTemplates":true,"useCustomSentences":false,"customSentences":[]},"followers":[1],"suggestedReferences":[],"includedReferences":[],"efiUrl":"","efiAlt":"","highlights":[]},"yoast_head":"<!-- This site is optimized with the Yoast SEO plugin v20.7 - https:\/\/yoast.com\/wordpress\/plugins\/seo\/ -->\n<title>69 femicidios en 63 d\u00edas: Emergencia ni una menos<\/title>\n<meta name=\"description\" content=\"69 femicidios en 63 d\u00edas: emergencia ni una menos. Durante la ma\u00f1ana del martes, integrantes de Mumala, se sumaron a una iniciativa\" \/>\n<meta name=\"robots\" content=\"index, follow, max-snippet:-1, max-image-preview:large, max-video-preview:-1\" \/>\n<link rel=\"canonical\" href=\"https:\/\/experienciadevida.com.ar\/portalurbano\/69-femicidios-en-63-dias-emergencia-ni-una-menos\/\" \/>\n<meta property=\"og:locale\" content=\"es_ES\" \/>\n<meta property=\"og:type\" content=\"article\" \/>\n<meta property=\"og:title\" content=\"69 femicidios en 63 d\u00edas: Emergencia ni una menos\" \/>\n<meta property=\"og:description\" content=\"69 femicidios en 63 d\u00edas: emergencia ni una menos. Durante la ma\u00f1ana del martes, integrantes de Mumala, se sumaron a una iniciativa\" \/>\n<meta property=\"og:url\" content=\"https:\/\/experienciadevida.com.ar\/portalurbano\/69-femicidios-en-63-dias-emergencia-ni-una-menos\/\" \/>\n<meta property=\"article:publisher\" content=\"https:\/\/www.facebook.com\/Portal-Urbano-171542830093757\/\" \/>\n<meta property=\"article:published_time\" content=\"2021-03-04T13:23:55+00:00\" \/>\n<meta property=\"article:modified_time\" content=\"2021-03-04T13:28:47+00:00\" \/>\n<meta property=\"og:image\" content=\"https:\/\/experienciadevida.com.ar\/portalurbano\/wp-content\/uploads\/2021\/03\/69-femicidios-en-63-dias.jpeg\" \/>\n\t<meta property=\"og:image:width\" content=\"700\" \/>\n\t<meta property=\"og:image:height\" content=\"467\" \/>\n\t<meta property=\"og:image:type\" content=\"image\/jpeg\" \/>\n<meta name=\"author\" content=\"admpu17wp\" \/>\n<meta name=\"twitter:card\" content=\"summary_large_image\" \/>\n<meta name=\"twitter:creator\" content=\"@portalurbanook\" \/>\n<meta name=\"twitter:site\" content=\"@portalurbanook\" \/>\n<meta name=\"twitter:label1\" content=\"Escrito por\" \/>\n\t<meta name=\"twitter:data1\" content=\"admpu17wp\" \/>\n\t<meta name=\"twitter:label2\" content=\"Tiempo de lectura\" \/>\n\t<meta name=\"twitter:data2\" content=\"2 minutos\" \/>\n<script type=\"application\/ld+json\" class=\"yoast-schema-graph\">{\"@context\":\"https:\/\/schema.org\",\"@graph\":[{\"@type\":\"Article\",\"@id\":\"https:\/\/experienciadevida.com.ar\/portalurbano\/69-femicidios-en-63-dias-emergencia-ni-una-menos\/#article\",\"isPartOf\":{\"@id\":\"https:\/\/experienciadevida.com.ar\/portalurbano\/69-femicidios-en-63-dias-emergencia-ni-una-menos\/\"},\"author\":{\"name\":\"admpu17wp\",\"@id\":\"https:\/\/experienciadevida.com.ar\/portalurbano\/#\/schema\/person\/02dd326b1c4b056e9cc972486934a3a7\"},\"headline\":\"69 femicidios en 63 d\u00edas: emergencia ni una menos\",\"datePublished\":\"2021-03-04T13:23:55+00:00\",\"dateModified\":\"2021-03-04T13:28:47+00:00\",\"mainEntityOfPage\":{\"@id\":\"https:\/\/experienciadevida.com.ar\/portalurbano\/69-femicidios-en-63-dias-emergencia-ni-una-menos\/\"},\"wordCount\":372,\"publisher\":{\"@id\":\"https:\/\/experienciadevida.com.ar\/portalurbano\/#organization\"},\"articleSection\":[\"Ciudad\",\"Destacadas 2\"],\"inLanguage\":\"es\"},{\"@type\":\"WebPage\",\"@id\":\"https:\/\/experienciadevida.com.ar\/portalurbano\/69-femicidios-en-63-dias-emergencia-ni-una-menos\/\",\"url\":\"https:\/\/experienciadevida.com.ar\/portalurbano\/69-femicidios-en-63-dias-emergencia-ni-una-menos\/\",\"name\":\"69 femicidios en 63 d\u00edas: Emergencia ni una menos\",\"isPartOf\":{\"@id\":\"https:\/\/experienciadevida.com.ar\/portalurbano\/#website\"},\"datePublished\":\"2021-03-04T13:23:55+00:00\",\"dateModified\":\"2021-03-04T13:28:47+00:00\",\"description\":\"69 femicidios en 63 d\u00edas: emergencia ni una menos. Durante la ma\u00f1ana del martes, integrantes de Mumala, se sumaron a una iniciativa\",\"breadcrumb\":{\"@id\":\"https:\/\/experienciadevida.com.ar\/portalurbano\/69-femicidios-en-63-dias-emergencia-ni-una-menos\/#breadcrumb\"},\"inLanguage\":\"es\",\"potentialAction\":[{\"@type\":\"ReadAction\",\"target\":[\"https:\/\/experienciadevida.com.ar\/portalurbano\/69-femicidios-en-63-dias-emergencia-ni-una-menos\/\"]}]},{\"@type\":\"BreadcrumbList\",\"@id\":\"https:\/\/experienciadevida.com.ar\/portalurbano\/69-femicidios-en-63-dias-emergencia-ni-una-menos\/#breadcrumb\",\"itemListElement\":[{\"@type\":\"ListItem\",\"position\":1,\"name\":\"Portada\",\"item\":\"https:\/\/experienciadevida.com.ar\/portalurbano\/\"},{\"@type\":\"ListItem\",\"position\":2,\"name\":\"69 femicidios en 63 d\u00edas: emergencia ni una menos\"}]},{\"@type\":\"WebSite\",\"@id\":\"https:\/\/experienciadevida.com.ar\/portalurbano\/#website\",\"url\":\"https:\/\/experienciadevida.com.ar\/portalurbano\/\",\"name\":\"\",\"description\":\"\",\"publisher\":{\"@id\":\"https:\/\/experienciadevida.com.ar\/portalurbano\/#organization\"},\"potentialAction\":[{\"@type\":\"SearchAction\",\"target\":{\"@type\":\"EntryPoint\",\"urlTemplate\":\"https:\/\/experienciadevida.com.ar\/portalurbano\/?s={search_term_string}\"},\"query-input\":\"required name=search_term_string\"}],\"inLanguage\":\"es\"},{\"@type\":\"Organization\",\"@id\":\"https:\/\/experienciadevida.com.ar\/portalurbano\/#organization\",\"name\":\"Portal Urbano\",\"url\":\"https:\/\/experienciadevida.com.ar\/portalurbano\/\",\"logo\":{\"@type\":\"ImageObject\",\"inLanguage\":\"es\",\"@id\":\"https:\/\/experienciadevida.com.ar\/portalurbano\/#\/schema\/logo\/image\/\",\"url\":\"https:\/\/experienciadevida.com.ar\/portalurbano\/wp-content\/uploads\/2019\/09\/Logo-Original.png\",\"contentUrl\":\"https:\/\/experienciadevida.com.ar\/portalurbano\/wp-content\/uploads\/2019\/09\/Logo-Original.png\",\"width\":2236,\"height\":1216,\"caption\":\"Portal Urbano\"},\"image\":{\"@id\":\"https:\/\/experienciadevida.com.ar\/portalurbano\/#\/schema\/logo\/image\/\"},\"sameAs\":[\"https:\/\/www.facebook.com\/Portal-Urbano-171542830093757\/\",\"https:\/\/twitter.com\/portalurbanook\",\"https:\/\/www.instagram.com\/_portalurbano\/\",\"https:\/\/www.youtube.com\/channel\/UCXhagIfszH8KxFiOok79zbA?view_as=subscriber\"]},{\"@type\":\"Person\",\"@id\":\"https:\/\/experienciadevida.com.ar\/portalurbano\/#\/schema\/person\/02dd326b1c4b056e9cc972486934a3a7\",\"name\":\"admpu17wp\",\"image\":{\"@type\":\"ImageObject\",\"inLanguage\":\"es\",\"@id\":\"https:\/\/experienciadevida.com.ar\/portalurbano\/#\/schema\/person\/image\/\",\"url\":\"https:\/\/secure.gravatar.com\/avatar\/830d4c57adaae6630765e449a6908047?s=96&d=mm&r=g\",\"contentUrl\":\"https:\/\/secure.gravatar.com\/avatar\/830d4c57adaae6630765e449a6908047?s=96&d=mm&r=g\",\"caption\":\"admpu17wp\"}}]}<\/script>\n<!-- \/ Yoast SEO plugin. -->","yoast_head_json":{"title":"69 femicidios en 63 d\u00edas: Emergencia ni una menos","description":"69 femicidios en 63 d\u00edas: emergencia ni una menos. Durante la ma\u00f1ana del martes, integrantes de Mumala, se sumaron a una iniciativa","robots":{"index":"index","follow":"follow","max-snippet":"max-snippet:-1","max-image-preview":"max-image-preview:large","max-video-preview":"max-video-preview:-1"},"canonical":"https:\/\/experienciadevida.com.ar\/portalurbano\/69-femicidios-en-63-dias-emergencia-ni-una-menos\/","og_locale":"es_ES","og_type":"article","og_title":"69 femicidios en 63 d\u00edas: Emergencia ni una menos","og_description":"69 femicidios en 63 d\u00edas: emergencia ni una menos. Durante la ma\u00f1ana del martes, integrantes de Mumala, se sumaron a una iniciativa","og_url":"https:\/\/experienciadevida.com.ar\/portalurbano\/69-femicidios-en-63-dias-emergencia-ni-una-menos\/","article_publisher":"https:\/\/www.facebook.com\/Portal-Urbano-171542830093757\/","article_published_time":"2021-03-04T13:23:55+00:00","article_modified_time":"2021-03-04T13:28:47+00:00","og_image":[{"width":700,"height":467,"url":"https:\/\/experienciadevida.com.ar\/portalurbano\/wp-content\/uploads\/2021\/03\/69-femicidios-en-63-dias.jpeg","type":"image\/jpeg"}],"author":"admpu17wp","twitter_card":"summary_large_image","twitter_creator":"@portalurbanook","twitter_site":"@portalurbanook","twitter_misc":{"Escrito por":"admpu17wp","Tiempo de lectura":"2 minutos"},"schema":{"@context":"https:\/\/schema.org","@graph":[{"@type":"Article","@id":"https:\/\/experienciadevida.com.ar\/portalurbano\/69-femicidios-en-63-dias-emergencia-ni-una-menos\/#article","isPartOf":{"@id":"https:\/\/experienciadevida.com.ar\/portalurbano\/69-femicidios-en-63-dias-emergencia-ni-una-menos\/"},"author":{"name":"admpu17wp","@id":"https:\/\/experienciadevida.com.ar\/portalurbano\/#\/schema\/person\/02dd326b1c4b056e9cc972486934a3a7"},"headline":"69 femicidios en 63 d\u00edas: emergencia ni una menos","datePublished":"2021-03-04T13:23:55+00:00","dateModified":"2021-03-04T13:28:47+00:00","mainEntityOfPage":{"@id":"https:\/\/experienciadevida.com.ar\/portalurbano\/69-femicidios-en-63-dias-emergencia-ni-una-menos\/"},"wordCount":372,"publisher":{"@id":"https:\/\/experienciadevida.com.ar\/portalurbano\/#organization"},"articleSection":["Ciudad","Destacadas 2"],"inLanguage":"es"},{"@type":"WebPage","@id":"https:\/\/experienciadevida.com.ar\/portalurbano\/69-femicidios-en-63-dias-emergencia-ni-una-menos\/","url":"https:\/\/experienciadevida.com.ar\/portalurbano\/69-femicidios-en-63-dias-emergencia-ni-una-menos\/","name":"69 femicidios en 63 d\u00edas: Emergencia ni una menos","isPartOf":{"@id":"https:\/\/experienciadevida.com.ar\/portalurbano\/#website"},"datePublished":"2021-03-04T13:23:55+00:00","dateModified":"2021-03-04T13:28:47+00:00","description":"69 femicidios en 63 d\u00edas: emergencia ni una menos. Durante la ma\u00f1ana del martes, integrantes de Mumala, se sumaron a una iniciativa","breadcrumb":{"@id":"https:\/\/experienciadevida.com.ar\/portalurbano\/69-femicidios-en-63-dias-emergencia-ni-una-menos\/#breadcrumb"},"inLanguage":"es","potentialAction":[{"@type":"ReadAction","target":["https:\/\/experienciadevida.com.ar\/portalurbano\/69-femicidios-en-63-dias-emergencia-ni-una-menos\/"]}]},{"@type":"BreadcrumbList","@id":"https:\/\/experienciadevida.com.ar\/portalurbano\/69-femicidios-en-63-dias-emergencia-ni-una-menos\/#breadcrumb","itemListElement":[{"@type":"ListItem","position":1,"name":"Portada","item":"https:\/\/experienciadevida.com.ar\/portalurbano\/"},{"@type":"ListItem","position":2,"name":"69 femicidios en 63 d\u00edas: emergencia ni una menos"}]},{"@type":"WebSite","@id":"https:\/\/experienciadevida.com.ar\/portalurbano\/#website","url":"https:\/\/experienciadevida.com.ar\/portalurbano\/","name":"","description":"","publisher":{"@id":"https:\/\/experienciadevida.com.ar\/portalurbano\/#organization"},"potentialAction":[{"@type":"SearchAction","target":{"@type":"EntryPoint","urlTemplate":"https:\/\/experienciadevida.com.ar\/portalurbano\/?s={search_term_string}"},"query-input":"required name=search_term_string"}],"inLanguage":"es"},{"@type":"Organization","@id":"https:\/\/experienciadevida.com.ar\/portalurbano\/#organization","name":"Portal Urbano","url":"https:\/\/experienciadevida.com.ar\/portalurbano\/","logo":{"@type":"ImageObject","inLanguage":"es","@id":"https:\/\/experienciadevida.com.ar\/portalurbano\/#\/schema\/logo\/image\/","url":"https:\/\/experienciadevida.com.ar\/portalurbano\/wp-content\/uploads\/2019\/09\/Logo-Original.png","contentUrl":"https:\/\/experienciadevida.com.ar\/portalurbano\/wp-content\/uploads\/2019\/09\/Logo-Original.png","width":2236,"height":1216,"caption":"Portal Urbano"},"image":{"@id":"https:\/\/experienciadevida.com.ar\/portalurbano\/#\/schema\/logo\/image\/"},"sameAs":["https:\/\/www.facebook.com\/Portal-Urbano-171542830093757\/","https:\/\/twitter.com\/portalurbanook","https:\/\/www.instagram.com\/_portalurbano\/","https:\/\/www.youtube.com\/channel\/UCXhagIfszH8KxFiOok79zbA?view_as=subscriber"]},{"@type":"Person","@id":"https:\/\/experienciadevida.com.ar\/portalurbano\/#\/schema\/person\/02dd326b1c4b056e9cc972486934a3a7","name":"admpu17wp","image":{"@type":"ImageObject","inLanguage":"es","@id":"https:\/\/experienciadevida.com.ar\/portalurbano\/#\/schema\/person\/image\/","url":"https:\/\/secure.gravatar.com\/avatar\/830d4c57adaae6630765e449a6908047?s=96&d=mm&r=g","contentUrl":"https:\/\/secure.gravatar.com\/avatar\/830d4c57adaae6630765e449a6908047?s=96&d=mm&r=g","caption":"admpu17wp"}}]}},"featured_image_urls":{"full":["https:\/\/experienciadevida.com.ar\/portalurbano\/wp-content\/uploads\/2021\/03\/69-femicidios-en-63-dias.jpeg",700,467,false],"thumbnail":["https:\/\/experienciadevida.com.ar\/portalurbano\/wp-content\/uploads\/2021\/03\/69-femicidios-en-63-dias-150x150.jpeg",150,150,true],"medium":["https:\/\/experienciadevida.com.ar\/portalurbano\/wp-content\/uploads\/2021\/03\/69-femicidios-en-63-dias-300x200.jpeg",300,200,true],"medium_large":["https:\/\/experienciadevida.com.ar\/portalurbano\/wp-content\/uploads\/2021\/03\/69-femicidios-en-63-dias.jpeg",640,427,false],"large":["https:\/\/experienciadevida.com.ar\/portalurbano\/wp-content\/uploads\/2021\/03\/69-femicidios-en-63-dias.jpeg",640,427,false],"ug_big":["https:\/\/experienciadevida.com.ar\/portalurbano\/wp-content\/uploads\/2021\/03\/69-femicidios-en-63-dias.jpeg",700,467,false],"1536x1536":["https:\/\/experienciadevida.com.ar\/portalurbano\/wp-content\/uploads\/2021\/03\/69-femicidios-en-63-dias.jpeg",700,467,false],"2048x2048":["https:\/\/experienciadevida.com.ar\/portalurbano\/wp-content\/uploads\/2021\/03\/69-femicidios-en-63-dias.jpeg",700,467,false],"newsever-slider-full":["https:\/\/experienciadevida.com.ar\/portalurbano\/wp-content\/uploads\/2021\/03\/69-femicidios-en-63-dias.jpeg",700,467,false],"newsever-featured":["https:\/\/experienciadevida.com.ar\/portalurbano\/wp-content\/uploads\/2021\/03\/69-femicidios-en-63-dias.jpeg",700,467,false],"newsever-medium":["https:\/\/experienciadevida.com.ar\/portalurbano\/wp-content\/uploads\/2021\/03\/69-femicidios-en-63-dias.jpeg",700,467,false],"web-stories-poster-portrait":["https:\/\/experienciadevida.com.ar\/portalurbano\/wp-content\/uploads\/2021\/03\/69-femicidios-en-63-dias.jpeg",640,427,false],"web-stories-publisher-logo":["https:\/\/experienciadevida.com.ar\/portalurbano\/wp-content\/uploads\/2021\/03\/69-femicidios-en-63-dias.jpeg",96,64,false],"web-stories-thumbnail":["https:\/\/experienciadevida.com.ar\/portalurbano\/wp-content\/uploads\/2021\/03\/69-femicidios-en-63-dias.jpeg",150,100,false]},"author_info":{"display_name":"admpu17wp","author_link":"https:\/\/experienciadevida.com.ar\/portalurbano\/author\/admpu17wp\/"},"category_info":"<a href=\"https:\/\/experienciadevida.com.ar\/portalurbano\/category\/ciudad\/\" rel=\"category tag\">Ciudad<\/a> <a href=\"https:\/\/experienciadevida.com.ar\/portalurbano\/category\/destacadas-2\/\" rel=\"category tag\">Destacadas 2<\/a>","tag_info":"Destacadas 2","comment_count":"0","amp_enabled":true,"_links":{"self":[{"href":"https:\/\/experienciadevida.com.ar\/portalurbano\/wp-json\/wp\/v2\/posts\/136532"}],"collection":[{"href":"https:\/\/experienciadevida.com.ar\/portalurbano\/wp-json\/wp\/v2\/posts"}],"about":[{"href":"https:\/\/experienciadevida.com.ar\/portalurbano\/wp-json\/wp\/v2\/types\/post"}],"author":[{"embeddable":true,"href":"https:\/\/experienciadevida.com.ar\/portalurbano\/wp-json\/wp\/v2\/users\/1"}],"replies":[{"embeddable":true,"href":"https:\/\/experienciadevida.com.ar\/portalurbano\/wp-json\/wp\/v2\/comments?post=136532"}],"version-history":[{"count":4,"href":"https:\/\/experienciadevida.com.ar\/portalurbano\/wp-json\/wp\/v2\/posts\/136532\/revisions"}],"predecessor-version":[{"id":136539,"href":"https:\/\/experienciadevida.com.ar\/portalurbano\/wp-json\/wp\/v2\/posts\/136532\/revisions\/136539"}],"wp:featuredmedia":[{"embeddable":true,"href":"https:\/\/experienciadevida.com.ar\/portalurbano\/wp-json\/wp\/v2\/media\/136534"}],"wp:attachment":[{"href":"https:\/\/experienciadevida.com.ar\/portalurbano\/wp-json\/wp\/v2\/media?parent=136532"}],"wp:term":[{"taxonomy":"category","embeddable":true,"href":"https:\/\/experienciadevida.com.ar\/portalurbano\/wp-json\/wp\/v2\/categories?post=136532"},{"taxonomy":"post_tag","embeddable":true,"href":"https:\/\/experienciadevida.com.ar\/portalurbano\/wp-json\/wp\/v2\/tags?post=136532"}],"curies":[{"name":"wp","href":"https:\/\/api.w.org\/{rel}","templated":true}]}}