{"id":136469,"date":"2021-03-03T11:29:56","date_gmt":"2021-03-03T14:29:56","guid":{"rendered":"https:\/\/experienciadevida.com.ar\/portalurbano\/?p=136469"},"modified":"2021-03-03T12:00:23","modified_gmt":"2021-03-03T15:00:23","slug":"lanzan-una-campana-para-desalentar-los-festejos-por-el-ultimo-primer-dia-de-clases","status":"publish","type":"post","link":"https:\/\/experienciadevida.com.ar\/portalurbano\/lanzan-una-campana-para-desalentar-los-festejos-por-el-ultimo-primer-dia-de-clases\/","title":{"rendered":"Lanzan una campa\u00f1a para desalentar los festejos por el \u00daltimo Primer D\u00eda de clases"},"content":{"rendered":"<p>Lanzan una campa\u00f1a para desalentar los festejos por el \u00daltimo Primer D\u00eda de clases, el defensor del pueblo Adjunto bonaerense, Walter Martello dialog\u00f3 con Radio Olavarr\u00eda. Expres\u00f3 que en algunas escuelas har\u00e1n encuentros, como por ejemplo desayunos, para evitar que el \u00daltimo Primer D\u00eda, sea con ingesta de alcohol.<\/p>\n<p>La campa\u00f1a que busca concientizar sobre los riesgos que implica realizar en plena pandemia de coronavirus festejos en el marco del denominado \u00daltimo Primer D\u00eda de clases .con el que los y las estudiantes suelen celebrar el inicio del ciclo lectivo de \u00faltimo a\u00f1o de la secundaria.<\/p>\n<p>Martello se\u00f1al\u00f3 que en Argentina se dan dos situaciones: es donde se da el mayor consumo de alcohol y que cada vez es a m\u00e1s temprana edad<\/p>\n<p>Lanzan una campa\u00f1a para desalentar los festejos por\u00a0 el \u00faltimo primer d\u00eda de clases&#8221;Es la tercer campa\u00f1a de estas caracter\u00edsticas que iniciamos s\u00f3lo que este a\u00f1o hay complicaciones, por la posibilidad de contagio de Covid-19, nosotros lo que estamos pidiendo a los j\u00f3venes particularmente es que posterguen este a\u00f1o de festejo, ya que entramos en breve en la etapa oto\u00f1o- invierno y est\u00e1 la posibilidad del incremento de contagio m\u00e1s all\u00e1 de la campa\u00f1a de vacunaci\u00f3n, entendiendo que la combinaci\u00f3n de festejo y la fiesta de alcohol en exceso puede determinar que contagien no solamente a sus compa\u00f1eros sino que terminan contagiando a docentes y a sus familiares y seres queridos&#8221;.<\/p>\n<p>Por otro lado mencion\u00f3 &#8220;por ahora no se logr\u00f3 controlar por eso estamos insistiendo en la campa\u00f1a, lo que estamos tratando es que los padres hablen con sus hijos. Sabemos que para ellos es un a\u00f1o muy complicado que los alej\u00f3 de sus compa\u00f1eros, afectos pero que lamentablemente tenemos esta situaci\u00f3n, que nos sigue atravesando y hay que evitar que los contagios se incrementen&#8221;.<\/p>\n<p>&#8220;Creemos que hay m\u00e1s conciencia en todo lo que tiene que ver el sistema educativo, muchos colegios est\u00e1n poniendo sus instalaciones para realizar una especie de desayunos all\u00ed, para que no lleguen en un estado de alcoholismo y puedan mantener los protocolos, pero eso de nada va a servir si los chicos se juntan previamente en situaciones masivas que despu\u00e9s van a terminar trasladando a sus burbujas y la escuela. Lamentablemente la Argentina tiene dos situaciones muy dram\u00e1ticas respecto al consumo de alcohol, la primera que somos el pa\u00eds de Am\u00e9rica Latina de mayor consumo, superando a otros pa\u00edses y la segunda es que somos el pa\u00eds que hay consumo problem\u00e1tico a m\u00e1s temprana edad&#8221;.<\/p>\n<p>A su vez dijo &#8220;recomendamos que sean encuentros reducidos,\u00a0 para que lleguen a la escuela en condiciones de poder realizar la clase&#8221;.<\/p>\n<p>Fuente: Radio Olavarr\u00eda<\/p>\n","protected":false},"excerpt":{"rendered":"<p>Lanzan una campa\u00f1a para desalentar los festejos por el \u00daltimo Primer D\u00eda de clases, el&#8230;<\/p>\n","protected":false},"author":1,"featured_media":108738,"comment_status":"closed","ping_status":"closed","sticky":false,"template":"","format":"standard","meta":{"content-type":""},"categories":[64,44],"tags":[],"nelio_content":{"isAutoShareEnabled":false,"autoShareEndMode":"default","automationSources":{"useContentSentences":true,"useSocialTemplates":true,"useCustomSentences":false,"customSentences":[]},"followers":[1],"suggestedReferences":[],"includedReferences":[],"efiUrl":"","efiAlt":"","highlights":[]},"yoast_head":"<!-- This site is optimized with the Yoast SEO plugin v20.7 - https:\/\/yoast.com\/wordpress\/plugins\/seo\/ -->\n<title>Lanzan una campa\u00f1a para desalentar los festejos por el \u00faltimo primer d\u00eda<\/title>\n<meta name=\"description\" content=\"Lanzan una campa\u00f1a para desalentar los festejos por el \u00daltimo Primer D\u00eda de clases, Walter Martello dijo que habr\u00e1 un desayuno\" \/>\n<meta name=\"robots\" content=\"index, follow, max-snippet:-1, max-image-preview:large, max-video-preview:-1\" \/>\n<link rel=\"canonical\" href=\"https:\/\/experienciadevida.com.ar\/portalurbano\/lanzan-una-campana-para-desalentar-los-festejos-por-el-ultimo-primer-dia-de-clases\/\" \/>\n<meta property=\"og:locale\" content=\"es_ES\" \/>\n<meta property=\"og:type\" content=\"article\" \/>\n<meta property=\"og:title\" content=\"Lanzan una campa\u00f1a para desalentar los festejos por el \u00faltimo primer d\u00eda\" \/>\n<meta property=\"og:description\" content=\"Lanzan una campa\u00f1a para desalentar los festejos por el \u00daltimo Primer D\u00eda de clases, Walter Martello dijo que habr\u00e1 un desayuno\" \/>\n<meta property=\"og:url\" content=\"https:\/\/experienciadevida.com.ar\/portalurbano\/lanzan-una-campana-para-desalentar-los-festejos-por-el-ultimo-primer-dia-de-clases\/\" \/>\n<meta property=\"article:publisher\" content=\"https:\/\/www.facebook.com\/Portal-Urbano-171542830093757\/\" \/>\n<meta property=\"article:published_time\" content=\"2021-03-03T14:29:56+00:00\" \/>\n<meta property=\"article:modified_time\" content=\"2021-03-03T15:00:23+00:00\" \/>\n<meta property=\"og:image\" content=\"https:\/\/experienciadevida.com.ar\/portalurbano\/wp-content\/uploads\/2020\/05\/DEFENSORIA.jpg\" \/>\n\t<meta property=\"og:image:width\" content=\"765\" \/>\n\t<meta property=\"og:image:height\" content=\"554\" \/>\n\t<meta property=\"og:image:type\" content=\"image\/jpeg\" \/>\n<meta name=\"author\" content=\"admpu17wp\" \/>\n<meta name=\"twitter:card\" content=\"summary_large_image\" \/>\n<meta name=\"twitter:creator\" content=\"@portalurbanook\" \/>\n<meta name=\"twitter:site\" content=\"@portalurbanook\" \/>\n<meta name=\"twitter:label1\" content=\"Escrito por\" \/>\n\t<meta name=\"twitter:data1\" content=\"admpu17wp\" \/>\n\t<meta name=\"twitter:label2\" content=\"Tiempo de lectura\" \/>\n\t<meta name=\"twitter:data2\" content=\"2 minutos\" \/>\n<script type=\"application\/ld+json\" class=\"yoast-schema-graph\">{\"@context\":\"https:\/\/schema.org\",\"@graph\":[{\"@type\":\"Article\",\"@id\":\"https:\/\/experienciadevida.com.ar\/portalurbano\/lanzan-una-campana-para-desalentar-los-festejos-por-el-ultimo-primer-dia-de-clases\/#article\",\"isPartOf\":{\"@id\":\"https:\/\/experienciadevida.com.ar\/portalurbano\/lanzan-una-campana-para-desalentar-los-festejos-por-el-ultimo-primer-dia-de-clases\/\"},\"author\":{\"name\":\"admpu17wp\",\"@id\":\"https:\/\/experienciadevida.com.ar\/portalurbano\/#\/schema\/person\/02dd326b1c4b056e9cc972486934a3a7\"},\"headline\":\"Lanzan una campa\u00f1a para desalentar los festejos por el \u00daltimo Primer D\u00eda de clases\",\"datePublished\":\"2021-03-03T14:29:56+00:00\",\"dateModified\":\"2021-03-03T15:00:23+00:00\",\"mainEntityOfPage\":{\"@id\":\"https:\/\/experienciadevida.com.ar\/portalurbano\/lanzan-una-campana-para-desalentar-los-festejos-por-el-ultimo-primer-dia-de-clases\/\"},\"wordCount\":494,\"publisher\":{\"@id\":\"https:\/\/experienciadevida.com.ar\/portalurbano\/#organization\"},\"articleSection\":[\"Destacadas 2\",\"Provincia\"],\"inLanguage\":\"es\"},{\"@type\":\"WebPage\",\"@id\":\"https:\/\/experienciadevida.com.ar\/portalurbano\/lanzan-una-campana-para-desalentar-los-festejos-por-el-ultimo-primer-dia-de-clases\/\",\"url\":\"https:\/\/experienciadevida.com.ar\/portalurbano\/lanzan-una-campana-para-desalentar-los-festejos-por-el-ultimo-primer-dia-de-clases\/\",\"name\":\"Lanzan una campa\u00f1a para desalentar los festejos por el \u00faltimo primer d\u00eda\",\"isPartOf\":{\"@id\":\"https:\/\/experienciadevida.com.ar\/portalurbano\/#website\"},\"datePublished\":\"2021-03-03T14:29:56+00:00\",\"dateModified\":\"2021-03-03T15:00:23+00:00\",\"description\":\"Lanzan una campa\u00f1a para desalentar los festejos por el \u00daltimo Primer D\u00eda de clases, Walter Martello dijo que habr\u00e1 un desayuno\",\"breadcrumb\":{\"@id\":\"https:\/\/experienciadevida.com.ar\/portalurbano\/lanzan-una-campana-para-desalentar-los-festejos-por-el-ultimo-primer-dia-de-clases\/#breadcrumb\"},\"inLanguage\":\"es\",\"potentialAction\":[{\"@type\":\"ReadAction\",\"target\":[\"https:\/\/experienciadevida.com.ar\/portalurbano\/lanzan-una-campana-para-desalentar-los-festejos-por-el-ultimo-primer-dia-de-clases\/\"]}]},{\"@type\":\"BreadcrumbList\",\"@id\":\"https:\/\/experienciadevida.com.ar\/portalurbano\/lanzan-una-campana-para-desalentar-los-festejos-por-el-ultimo-primer-dia-de-clases\/#breadcrumb\",\"itemListElement\":[{\"@type\":\"ListItem\",\"position\":1,\"name\":\"Portada\",\"item\":\"https:\/\/experienciadevida.com.ar\/portalurbano\/\"},{\"@type\":\"ListItem\",\"position\":2,\"name\":\"Lanzan una campa\u00f1a para desalentar los festejos por el \u00daltimo Primer D\u00eda de clases\"}]},{\"@type\":\"WebSite\",\"@id\":\"https:\/\/experienciadevida.com.ar\/portalurbano\/#website\",\"url\":\"https:\/\/experienciadevida.com.ar\/portalurbano\/\",\"name\":\"\",\"description\":\"\",\"publisher\":{\"@id\":\"https:\/\/experienciadevida.com.ar\/portalurbano\/#organization\"},\"potentialAction\":[{\"@type\":\"SearchAction\",\"target\":{\"@type\":\"EntryPoint\",\"urlTemplate\":\"https:\/\/experienciadevida.com.ar\/portalurbano\/?s={search_term_string}\"},\"query-input\":\"required name=search_term_string\"}],\"inLanguage\":\"es\"},{\"@type\":\"Organization\",\"@id\":\"https:\/\/experienciadevida.com.ar\/portalurbano\/#organization\",\"name\":\"Portal Urbano\",\"url\":\"https:\/\/experienciadevida.com.ar\/portalurbano\/\",\"logo\":{\"@type\":\"ImageObject\",\"inLanguage\":\"es\",\"@id\":\"https:\/\/experienciadevida.com.ar\/portalurbano\/#\/schema\/logo\/image\/\",\"url\":\"https:\/\/experienciadevida.com.ar\/portalurbano\/wp-content\/uploads\/2019\/09\/Logo-Original.png\",\"contentUrl\":\"https:\/\/experienciadevida.com.ar\/portalurbano\/wp-content\/uploads\/2019\/09\/Logo-Original.png\",\"width\":2236,\"height\":1216,\"caption\":\"Portal Urbano\"},\"image\":{\"@id\":\"https:\/\/experienciadevida.com.ar\/portalurbano\/#\/schema\/logo\/image\/\"},\"sameAs\":[\"https:\/\/www.facebook.com\/Portal-Urbano-171542830093757\/\",\"https:\/\/twitter.com\/portalurbanook\",\"https:\/\/www.instagram.com\/_portalurbano\/\",\"https:\/\/www.youtube.com\/channel\/UCXhagIfszH8KxFiOok79zbA?view_as=subscriber\"]},{\"@type\":\"Person\",\"@id\":\"https:\/\/experienciadevida.com.ar\/portalurbano\/#\/schema\/person\/02dd326b1c4b056e9cc972486934a3a7\",\"name\":\"admpu17wp\",\"image\":{\"@type\":\"ImageObject\",\"inLanguage\":\"es\",\"@id\":\"https:\/\/experienciadevida.com.ar\/portalurbano\/#\/schema\/person\/image\/\",\"url\":\"https:\/\/secure.gravatar.com\/avatar\/830d4c57adaae6630765e449a6908047?s=96&d=mm&r=g\",\"contentUrl\":\"https:\/\/secure.gravatar.com\/avatar\/830d4c57adaae6630765e449a6908047?s=96&d=mm&r=g\",\"caption\":\"admpu17wp\"}}]}<\/script>\n<!-- \/ Yoast SEO plugin. -->","yoast_head_json":{"title":"Lanzan una campa\u00f1a para desalentar los festejos por el \u00faltimo primer d\u00eda","description":"Lanzan una campa\u00f1a para desalentar los festejos por el \u00daltimo Primer D\u00eda de clases, Walter Martello dijo que habr\u00e1 un desayuno","robots":{"index":"index","follow":"follow","max-snippet":"max-snippet:-1","max-image-preview":"max-image-preview:large","max-video-preview":"max-video-preview:-1"},"canonical":"https:\/\/experienciadevida.com.ar\/portalurbano\/lanzan-una-campana-para-desalentar-los-festejos-por-el-ultimo-primer-dia-de-clases\/","og_locale":"es_ES","og_type":"article","og_title":"Lanzan una campa\u00f1a para desalentar los festejos por el \u00faltimo primer d\u00eda","og_description":"Lanzan una campa\u00f1a para desalentar los festejos por el \u00daltimo Primer D\u00eda de clases, Walter Martello dijo que habr\u00e1 un desayuno","og_url":"https:\/\/experienciadevida.com.ar\/portalurbano\/lanzan-una-campana-para-desalentar-los-festejos-por-el-ultimo-primer-dia-de-clases\/","article_publisher":"https:\/\/www.facebook.com\/Portal-Urbano-171542830093757\/","article_published_time":"2021-03-03T14:29:56+00:00","article_modified_time":"2021-03-03T15:00:23+00:00","og_image":[{"width":765,"height":554,"url":"https:\/\/experienciadevida.com.ar\/portalurbano\/wp-content\/uploads\/2020\/05\/DEFENSORIA.jpg","type":"image\/jpeg"}],"author":"admpu17wp","twitter_card":"summary_large_image","twitter_creator":"@portalurbanook","twitter_site":"@portalurbanook","twitter_misc":{"Escrito por":"admpu17wp","Tiempo de lectura":"2 minutos"},"schema":{"@context":"https:\/\/schema.org","@graph":[{"@type":"Article","@id":"https:\/\/experienciadevida.com.ar\/portalurbano\/lanzan-una-campana-para-desalentar-los-festejos-por-el-ultimo-primer-dia-de-clases\/#article","isPartOf":{"@id":"https:\/\/experienciadevida.com.ar\/portalurbano\/lanzan-una-campana-para-desalentar-los-festejos-por-el-ultimo-primer-dia-de-clases\/"},"author":{"name":"admpu17wp","@id":"https:\/\/experienciadevida.com.ar\/portalurbano\/#\/schema\/person\/02dd326b1c4b056e9cc972486934a3a7"},"headline":"Lanzan una campa\u00f1a para desalentar los festejos por el \u00daltimo Primer D\u00eda de clases","datePublished":"2021-03-03T14:29:56+00:00","dateModified":"2021-03-03T15:00:23+00:00","mainEntityOfPage":{"@id":"https:\/\/experienciadevida.com.ar\/portalurbano\/lanzan-una-campana-para-desalentar-los-festejos-por-el-ultimo-primer-dia-de-clases\/"},"wordCount":494,"publisher":{"@id":"https:\/\/experienciadevida.com.ar\/portalurbano\/#organization"},"articleSection":["Destacadas 2","Provincia"],"inLanguage":"es"},{"@type":"WebPage","@id":"https:\/\/experienciadevida.com.ar\/portalurbano\/lanzan-una-campana-para-desalentar-los-festejos-por-el-ultimo-primer-dia-de-clases\/","url":"https:\/\/experienciadevida.com.ar\/portalurbano\/lanzan-una-campana-para-desalentar-los-festejos-por-el-ultimo-primer-dia-de-clases\/","name":"Lanzan una campa\u00f1a para desalentar los festejos por el \u00faltimo primer d\u00eda","isPartOf":{"@id":"https:\/\/experienciadevida.com.ar\/portalurbano\/#website"},"datePublished":"2021-03-03T14:29:56+00:00","dateModified":"2021-03-03T15:00:23+00:00","description":"Lanzan una campa\u00f1a para desalentar los festejos por el \u00daltimo Primer D\u00eda de clases, Walter Martello dijo que habr\u00e1 un desayuno","breadcrumb":{"@id":"https:\/\/experienciadevida.com.ar\/portalurbano\/lanzan-una-campana-para-desalentar-los-festejos-por-el-ultimo-primer-dia-de-clases\/#breadcrumb"},"inLanguage":"es","potentialAction":[{"@type":"ReadAction","target":["https:\/\/experienciadevida.com.ar\/portalurbano\/lanzan-una-campana-para-desalentar-los-festejos-por-el-ultimo-primer-dia-de-clases\/"]}]},{"@type":"BreadcrumbList","@id":"https:\/\/experienciadevida.com.ar\/portalurbano\/lanzan-una-campana-para-desalentar-los-festejos-por-el-ultimo-primer-dia-de-clases\/#breadcrumb","itemListElement":[{"@type":"ListItem","position":1,"name":"Portada","item":"https:\/\/experienciadevida.com.ar\/portalurbano\/"},{"@type":"ListItem","position":2,"name":"Lanzan una campa\u00f1a para desalentar los festejos por el \u00daltimo Primer D\u00eda de clases"}]},{"@type":"WebSite","@id":"https:\/\/experienciadevida.com.ar\/portalurbano\/#website","url":"https:\/\/experienciadevida.com.ar\/portalurbano\/","name":"","description":"","publisher":{"@id":"https:\/\/experienciadevida.com.ar\/portalurbano\/#organization"},"potentialAction":[{"@type":"SearchAction","target":{"@type":"EntryPoint","urlTemplate":"https:\/\/experienciadevida.com.ar\/portalurbano\/?s={search_term_string}"},"query-input":"required name=search_term_string"}],"inLanguage":"es"},{"@type":"Organization","@id":"https:\/\/experienciadevida.com.ar\/portalurbano\/#organization","name":"Portal Urbano","url":"https:\/\/experienciadevida.com.ar\/portalurbano\/","logo":{"@type":"ImageObject","inLanguage":"es","@id":"https:\/\/experienciadevida.com.ar\/portalurbano\/#\/schema\/logo\/image\/","url":"https:\/\/experienciadevida.com.ar\/portalurbano\/wp-content\/uploads\/2019\/09\/Logo-Original.png","contentUrl":"https:\/\/experienciadevida.com.ar\/portalurbano\/wp-content\/uploads\/2019\/09\/Logo-Original.png","width":2236,"height":1216,"caption":"Portal Urbano"},"image":{"@id":"https:\/\/experienciadevida.com.ar\/portalurbano\/#\/schema\/logo\/image\/"},"sameAs":["https:\/\/www.facebook.com\/Portal-Urbano-171542830093757\/","https:\/\/twitter.com\/portalurbanook","https:\/\/www.instagram.com\/_portalurbano\/","https:\/\/www.youtube.com\/channel\/UCXhagIfszH8KxFiOok79zbA?view_as=subscriber"]},{"@type":"Person","@id":"https:\/\/experienciadevida.com.ar\/portalurbano\/#\/schema\/person\/02dd326b1c4b056e9cc972486934a3a7","name":"admpu17wp","image":{"@type":"ImageObject","inLanguage":"es","@id":"https:\/\/experienciadevida.com.ar\/portalurbano\/#\/schema\/person\/image\/","url":"https:\/\/secure.gravatar.com\/avatar\/830d4c57adaae6630765e449a6908047?s=96&d=mm&r=g","contentUrl":"https:\/\/secure.gravatar.com\/avatar\/830d4c57adaae6630765e449a6908047?s=96&d=mm&r=g","caption":"admpu17wp"}}]}},"featured_image_urls":{"full":["https:\/\/experienciadevida.com.ar\/portalurbano\/wp-content\/uploads\/2020\/05\/DEFENSORIA.jpg",765,554,false],"thumbnail":["https:\/\/experienciadevida.com.ar\/portalurbano\/wp-content\/uploads\/2020\/05\/DEFENSORIA-150x150.jpg",150,150,true],"medium":["https:\/\/experienciadevida.com.ar\/portalurbano\/wp-content\/uploads\/2020\/05\/DEFENSORIA-300x217.jpg",300,217,true],"medium_large":["https:\/\/experienciadevida.com.ar\/portalurbano\/wp-content\/uploads\/2020\/05\/DEFENSORIA.jpg",640,463,false],"large":["https:\/\/experienciadevida.com.ar\/portalurbano\/wp-content\/uploads\/2020\/05\/DEFENSORIA.jpg",640,463,false],"ug_big":["https:\/\/experienciadevida.com.ar\/portalurbano\/wp-content\/uploads\/2020\/05\/DEFENSORIA.jpg",765,554,false],"1536x1536":["https:\/\/experienciadevida.com.ar\/portalurbano\/wp-content\/uploads\/2020\/05\/DEFENSORIA.jpg",765,554,false],"2048x2048":["https:\/\/experienciadevida.com.ar\/portalurbano\/wp-content\/uploads\/2020\/05\/DEFENSORIA.jpg",765,554,false],"newsever-slider-full":["https:\/\/experienciadevida.com.ar\/portalurbano\/wp-content\/uploads\/2020\/05\/DEFENSORIA.jpg",765,554,false],"newsever-featured":["https:\/\/experienciadevida.com.ar\/portalurbano\/wp-content\/uploads\/2020\/05\/DEFENSORIA.jpg",765,554,false],"newsever-medium":["https:\/\/experienciadevida.com.ar\/portalurbano\/wp-content\/uploads\/2020\/05\/DEFENSORIA.jpg",656,475,false],"web-stories-poster-portrait":["https:\/\/experienciadevida.com.ar\/portalurbano\/wp-content\/uploads\/2020\/05\/DEFENSORIA.jpg",640,463,false],"web-stories-publisher-logo":["https:\/\/experienciadevida.com.ar\/portalurbano\/wp-content\/uploads\/2020\/05\/DEFENSORIA.jpg",96,70,false],"web-stories-thumbnail":["https:\/\/experienciadevida.com.ar\/portalurbano\/wp-content\/uploads\/2020\/05\/DEFENSORIA.jpg",150,109,false]},"author_info":{"display_name":"admpu17wp","author_link":"https:\/\/experienciadevida.com.ar\/portalurbano\/author\/admpu17wp\/"},"category_info":"<a href=\"https:\/\/experienciadevida.com.ar\/portalurbano\/category\/destacadas-2\/\" rel=\"category tag\">Destacadas 2<\/a> <a href=\"https:\/\/experienciadevida.com.ar\/portalurbano\/category\/provincia\/\" rel=\"category tag\">Provincia<\/a>","tag_info":"Provincia","comment_count":"0","amp_enabled":true,"_links":{"self":[{"href":"https:\/\/experienciadevida.com.ar\/portalurbano\/wp-json\/wp\/v2\/posts\/136469"}],"collection":[{"href":"https:\/\/experienciadevida.com.ar\/portalurbano\/wp-json\/wp\/v2\/posts"}],"about":[{"href":"https:\/\/experienciadevida.com.ar\/portalurbano\/wp-json\/wp\/v2\/types\/post"}],"author":[{"embeddable":true,"href":"https:\/\/experienciadevida.com.ar\/portalurbano\/wp-json\/wp\/v2\/users\/1"}],"replies":[{"embeddable":true,"href":"https:\/\/experienciadevida.com.ar\/portalurbano\/wp-json\/wp\/v2\/comments?post=136469"}],"version-history":[{"count":3,"href":"https:\/\/experienciadevida.com.ar\/portalurbano\/wp-json\/wp\/v2\/posts\/136469\/revisions"}],"predecessor-version":[{"id":136472,"href":"https:\/\/experienciadevida.com.ar\/portalurbano\/wp-json\/wp\/v2\/posts\/136469\/revisions\/136472"}],"wp:featuredmedia":[{"embeddable":true,"href":"https:\/\/experienciadevida.com.ar\/portalurbano\/wp-json\/wp\/v2\/media\/108738"}],"wp:attachment":[{"href":"https:\/\/experienciadevida.com.ar\/portalurbano\/wp-json\/wp\/v2\/media?parent=136469"}],"wp:term":[{"taxonomy":"category","embeddable":true,"href":"https:\/\/experienciadevida.com.ar\/portalurbano\/wp-json\/wp\/v2\/categories?post=136469"},{"taxonomy":"post_tag","embeddable":true,"href":"https:\/\/experienciadevida.com.ar\/portalurbano\/wp-json\/wp\/v2\/tags?post=136469"}],"curies":[{"name":"wp","href":"https:\/\/api.w.org\/{rel}","templated":true}]}}