{"id":136454,"date":"2021-03-03T10:31:35","date_gmt":"2021-03-03T13:31:35","guid":{"rendered":"https:\/\/experienciadevida.com.ar\/portalurbano\/?p=136454"},"modified":"2021-03-03T10:36:39","modified_gmt":"2021-03-03T13:36:39","slug":"protagonismo-radical-piso-fuerte-en-la-septima","status":"publish","type":"post","link":"https:\/\/experienciadevida.com.ar\/portalurbano\/protagonismo-radical-piso-fuerte-en-la-septima\/","title":{"rendered":"Protagonismo Radical pis\u00f3 fuerte en la S\u00e9ptima"},"content":{"rendered":"<p>Protagonismo Radical pis\u00f3 fuerte en la S\u00e9ptima. En el d\u00eda de ayer se realiz\u00f3 un acto en la localidad de 25 de Mayo encabezado por el senador nacional Mart\u00edn Lousteau y el intendente de San Isidro Gustavo Posse, acompa\u00f1ados por el olavarriense Franco Cominotto, referente del radicalismo en esta secci\u00f3n electoral. Gran acompa\u00f1amiento del radicalismo de Olavarr\u00eda encabezados por los candidatos Gonzalo Dolagaray y Bel\u00e9n Vergel.<\/p>\n<p>Con la idea fuerte de construir una gran victoria en la interna provincial del 21 de marzo, los principales referentes y candidatos de la Lista 14 \u201cProtagonismo Radical\u201d se hicieron presentes en la localidad bonaerense, convocando a una gran cantidad de afiliados y seguidores en el complejo Greenplot. La campa\u00f1a va entrando en la recta final y las actividades cobran intensidad.<\/p>\n<p>Franco Cominotto, candidato a secretario general del Comit\u00e9 Provincia, puso el \u00e9nfasis en reconocer a los responsables del armado del espacio en la s\u00e9ptima secci\u00f3n, \u201cun espacio joven y novedoso que no para de crecer\u201d.<\/p>\n<p>Posteriormente, El intendente de San Isidro, Gustavo Posse, sostuvo que los comicios del 21 de marzo, \u201cpondr\u00e1n a la UCR en el lugar que debe estar\u201d. \u201cLo que tenemos en claro, desde este espacio, es que el radicalismo nunca m\u00e1s va a firmar un cheque en blanco. Para eso tenemos que ser protagonistas\u201d, dijo.<br \/>\nMart\u00edn Lousteau fue el encargado de cerrar el acto: \u201cTenemos que dejar de ser el partido del lamento y el reclamo, abandonar el esp\u00edritu de minor\u00eda. Nada se puede lograr si nos seguimos sintiendo minor\u00eda\u201d, dijo.<br \/>\n\u201cQueremos un radicalismo con vocaci\u00f3n por gestionar, no que est\u00e9 c\u00f3modo en la superestructura, queremos un partido radical que asuma la incomodidad que significa gestionar para cambiar las cosas\u201d, agreg\u00f3 y dijo no tener dudas \u201cdel triunfo\u201d en las internas del 21 de marzo, convocando a trabajar \u201cpara ganar en todos los distritos\u201d.<br \/>\nUn numeroso grupo de olavarrienses se hizo presente en el encuentro, quienes adem\u00e1s vienen trabajando fuertemente en Olavarr\u00eda para continuar siendo la conducci\u00f3n de la UCR, encabezados por el candidato a Presidente Gonzalo Dolagaray, la candidata a Vice Bel\u00e9n Vergel, Gustavo G\u00f3mez candidato a Secretario General, Luc\u00eda Pereira candidata a Tesorera, y el actual Presidente de la UCR de Olavarr\u00eda Francisco Gonzalez. La futura conducci\u00f3n de la Juventud Radical, y un numeroso grupo de militantes y dirigentes.<\/p>\n","protected":false},"excerpt":{"rendered":"<p>Protagonismo Radical pis\u00f3 fuerte en la S\u00e9ptima. En el d\u00eda de ayer se realiz\u00f3 un&#8230;<\/p>\n","protected":false},"author":1,"featured_media":136455,"comment_status":"closed","ping_status":"closed","sticky":false,"template":"","format":"standard","meta":{"content-type":""},"categories":[51,43],"tags":[],"nelio_content":{"isAutoShareEnabled":false,"autoShareEndMode":"default","automationSources":{"useContentSentences":true,"useSocialTemplates":true,"useCustomSentences":false,"customSentences":[]},"followers":[1],"suggestedReferences":[],"includedReferences":[],"efiUrl":"","efiAlt":"","highlights":[]},"yoast_head":"<!-- This site is optimized with the Yoast SEO plugin v20.7 - https:\/\/yoast.com\/wordpress\/plugins\/seo\/ -->\n<title>Protagonismo radical pis\u00f3 fuerte en la s\u00e9ptima<\/title>\n<meta name=\"description\" content=\"Protagonismo Radical pis\u00f3 fuerte en la S\u00e9ptima. En el d\u00eda de ayer se realiz\u00f3 un acto en la localidad de 25 de Mayo encabezado por Lousteau.\" \/>\n<meta name=\"robots\" content=\"index, follow, max-snippet:-1, max-image-preview:large, max-video-preview:-1\" \/>\n<link rel=\"canonical\" href=\"https:\/\/experienciadevida.com.ar\/portalurbano\/protagonismo-radical-piso-fuerte-en-la-septima\/\" \/>\n<meta property=\"og:locale\" content=\"es_ES\" \/>\n<meta property=\"og:type\" content=\"article\" \/>\n<meta property=\"og:title\" content=\"Protagonismo radical pis\u00f3 fuerte en la s\u00e9ptima\" \/>\n<meta property=\"og:description\" content=\"Protagonismo Radical pis\u00f3 fuerte en la S\u00e9ptima. En el d\u00eda de ayer se realiz\u00f3 un acto en la localidad de 25 de Mayo encabezado por Lousteau.\" \/>\n<meta property=\"og:url\" content=\"https:\/\/experienciadevida.com.ar\/portalurbano\/protagonismo-radical-piso-fuerte-en-la-septima\/\" \/>\n<meta property=\"article:publisher\" content=\"https:\/\/www.facebook.com\/Portal-Urbano-171542830093757\/\" \/>\n<meta property=\"article:published_time\" content=\"2021-03-03T13:31:35+00:00\" \/>\n<meta property=\"article:modified_time\" content=\"2021-03-03T13:36:39+00:00\" \/>\n<meta property=\"og:image\" content=\"https:\/\/experienciadevida.com.ar\/portalurbano\/wp-content\/uploads\/2021\/03\/Protagonismo-Radical-piso-fuerte.jpeg\" \/>\n\t<meta property=\"og:image:width\" content=\"1280\" \/>\n\t<meta property=\"og:image:height\" content=\"854\" \/>\n\t<meta property=\"og:image:type\" content=\"image\/jpeg\" \/>\n<meta name=\"author\" content=\"admpu17wp\" \/>\n<meta name=\"twitter:card\" content=\"summary_large_image\" \/>\n<meta name=\"twitter:creator\" content=\"@portalurbanook\" \/>\n<meta name=\"twitter:site\" content=\"@portalurbanook\" \/>\n<meta name=\"twitter:label1\" content=\"Escrito por\" \/>\n\t<meta name=\"twitter:data1\" content=\"admpu17wp\" \/>\n\t<meta name=\"twitter:label2\" content=\"Tiempo de lectura\" \/>\n\t<meta name=\"twitter:data2\" content=\"2 minutos\" \/>\n<script type=\"application\/ld+json\" class=\"yoast-schema-graph\">{\"@context\":\"https:\/\/schema.org\",\"@graph\":[{\"@type\":\"Article\",\"@id\":\"https:\/\/experienciadevida.com.ar\/portalurbano\/protagonismo-radical-piso-fuerte-en-la-septima\/#article\",\"isPartOf\":{\"@id\":\"https:\/\/experienciadevida.com.ar\/portalurbano\/protagonismo-radical-piso-fuerte-en-la-septima\/\"},\"author\":{\"name\":\"admpu17wp\",\"@id\":\"https:\/\/experienciadevida.com.ar\/portalurbano\/#\/schema\/person\/02dd326b1c4b056e9cc972486934a3a7\"},\"headline\":\"Protagonismo Radical pis\u00f3 fuerte en la S\u00e9ptima\",\"datePublished\":\"2021-03-03T13:31:35+00:00\",\"dateModified\":\"2021-03-03T13:36:39+00:00\",\"mainEntityOfPage\":{\"@id\":\"https:\/\/experienciadevida.com.ar\/portalurbano\/protagonismo-radical-piso-fuerte-en-la-septima\/\"},\"wordCount\":412,\"publisher\":{\"@id\":\"https:\/\/experienciadevida.com.ar\/portalurbano\/#organization\"},\"articleSection\":[\"Destacadas\",\"Pol\u00edtica\"],\"inLanguage\":\"es\"},{\"@type\":\"WebPage\",\"@id\":\"https:\/\/experienciadevida.com.ar\/portalurbano\/protagonismo-radical-piso-fuerte-en-la-septima\/\",\"url\":\"https:\/\/experienciadevida.com.ar\/portalurbano\/protagonismo-radical-piso-fuerte-en-la-septima\/\",\"name\":\"Protagonismo radical pis\u00f3 fuerte en la s\u00e9ptima\",\"isPartOf\":{\"@id\":\"https:\/\/experienciadevida.com.ar\/portalurbano\/#website\"},\"datePublished\":\"2021-03-03T13:31:35+00:00\",\"dateModified\":\"2021-03-03T13:36:39+00:00\",\"description\":\"Protagonismo Radical pis\u00f3 fuerte en la S\u00e9ptima. En el d\u00eda de ayer se realiz\u00f3 un acto en la localidad de 25 de Mayo encabezado por Lousteau.\",\"breadcrumb\":{\"@id\":\"https:\/\/experienciadevida.com.ar\/portalurbano\/protagonismo-radical-piso-fuerte-en-la-septima\/#breadcrumb\"},\"inLanguage\":\"es\",\"potentialAction\":[{\"@type\":\"ReadAction\",\"target\":[\"https:\/\/experienciadevida.com.ar\/portalurbano\/protagonismo-radical-piso-fuerte-en-la-septima\/\"]}]},{\"@type\":\"BreadcrumbList\",\"@id\":\"https:\/\/experienciadevida.com.ar\/portalurbano\/protagonismo-radical-piso-fuerte-en-la-septima\/#breadcrumb\",\"itemListElement\":[{\"@type\":\"ListItem\",\"position\":1,\"name\":\"Portada\",\"item\":\"https:\/\/experienciadevida.com.ar\/portalurbano\/\"},{\"@type\":\"ListItem\",\"position\":2,\"name\":\"Protagonismo Radical pis\u00f3 fuerte en la S\u00e9ptima\"}]},{\"@type\":\"WebSite\",\"@id\":\"https:\/\/experienciadevida.com.ar\/portalurbano\/#website\",\"url\":\"https:\/\/experienciadevida.com.ar\/portalurbano\/\",\"name\":\"\",\"description\":\"\",\"publisher\":{\"@id\":\"https:\/\/experienciadevida.com.ar\/portalurbano\/#organization\"},\"potentialAction\":[{\"@type\":\"SearchAction\",\"target\":{\"@type\":\"EntryPoint\",\"urlTemplate\":\"https:\/\/experienciadevida.com.ar\/portalurbano\/?s={search_term_string}\"},\"query-input\":\"required name=search_term_string\"}],\"inLanguage\":\"es\"},{\"@type\":\"Organization\",\"@id\":\"https:\/\/experienciadevida.com.ar\/portalurbano\/#organization\",\"name\":\"Portal Urbano\",\"url\":\"https:\/\/experienciadevida.com.ar\/portalurbano\/\",\"logo\":{\"@type\":\"ImageObject\",\"inLanguage\":\"es\",\"@id\":\"https:\/\/experienciadevida.com.ar\/portalurbano\/#\/schema\/logo\/image\/\",\"url\":\"https:\/\/experienciadevida.com.ar\/portalurbano\/wp-content\/uploads\/2019\/09\/Logo-Original.png\",\"contentUrl\":\"https:\/\/experienciadevida.com.ar\/portalurbano\/wp-content\/uploads\/2019\/09\/Logo-Original.png\",\"width\":2236,\"height\":1216,\"caption\":\"Portal Urbano\"},\"image\":{\"@id\":\"https:\/\/experienciadevida.com.ar\/portalurbano\/#\/schema\/logo\/image\/\"},\"sameAs\":[\"https:\/\/www.facebook.com\/Portal-Urbano-171542830093757\/\",\"https:\/\/twitter.com\/portalurbanook\",\"https:\/\/www.instagram.com\/_portalurbano\/\",\"https:\/\/www.youtube.com\/channel\/UCXhagIfszH8KxFiOok79zbA?view_as=subscriber\"]},{\"@type\":\"Person\",\"@id\":\"https:\/\/experienciadevida.com.ar\/portalurbano\/#\/schema\/person\/02dd326b1c4b056e9cc972486934a3a7\",\"name\":\"admpu17wp\",\"image\":{\"@type\":\"ImageObject\",\"inLanguage\":\"es\",\"@id\":\"https:\/\/experienciadevida.com.ar\/portalurbano\/#\/schema\/person\/image\/\",\"url\":\"https:\/\/secure.gravatar.com\/avatar\/830d4c57adaae6630765e449a6908047?s=96&d=mm&r=g\",\"contentUrl\":\"https:\/\/secure.gravatar.com\/avatar\/830d4c57adaae6630765e449a6908047?s=96&d=mm&r=g\",\"caption\":\"admpu17wp\"}}]}<\/script>\n<!-- \/ Yoast SEO plugin. -->","yoast_head_json":{"title":"Protagonismo radical pis\u00f3 fuerte en la s\u00e9ptima","description":"Protagonismo Radical pis\u00f3 fuerte en la S\u00e9ptima. En el d\u00eda de ayer se realiz\u00f3 un acto en la localidad de 25 de Mayo encabezado por Lousteau.","robots":{"index":"index","follow":"follow","max-snippet":"max-snippet:-1","max-image-preview":"max-image-preview:large","max-video-preview":"max-video-preview:-1"},"canonical":"https:\/\/experienciadevida.com.ar\/portalurbano\/protagonismo-radical-piso-fuerte-en-la-septima\/","og_locale":"es_ES","og_type":"article","og_title":"Protagonismo radical pis\u00f3 fuerte en la s\u00e9ptima","og_description":"Protagonismo Radical pis\u00f3 fuerte en la S\u00e9ptima. En el d\u00eda de ayer se realiz\u00f3 un acto en la localidad de 25 de Mayo encabezado por Lousteau.","og_url":"https:\/\/experienciadevida.com.ar\/portalurbano\/protagonismo-radical-piso-fuerte-en-la-septima\/","article_publisher":"https:\/\/www.facebook.com\/Portal-Urbano-171542830093757\/","article_published_time":"2021-03-03T13:31:35+00:00","article_modified_time":"2021-03-03T13:36:39+00:00","og_image":[{"width":1280,"height":854,"url":"https:\/\/experienciadevida.com.ar\/portalurbano\/wp-content\/uploads\/2021\/03\/Protagonismo-Radical-piso-fuerte.jpeg","type":"image\/jpeg"}],"author":"admpu17wp","twitter_card":"summary_large_image","twitter_creator":"@portalurbanook","twitter_site":"@portalurbanook","twitter_misc":{"Escrito por":"admpu17wp","Tiempo de lectura":"2 minutos"},"schema":{"@context":"https:\/\/schema.org","@graph":[{"@type":"Article","@id":"https:\/\/experienciadevida.com.ar\/portalurbano\/protagonismo-radical-piso-fuerte-en-la-septima\/#article","isPartOf":{"@id":"https:\/\/experienciadevida.com.ar\/portalurbano\/protagonismo-radical-piso-fuerte-en-la-septima\/"},"author":{"name":"admpu17wp","@id":"https:\/\/experienciadevida.com.ar\/portalurbano\/#\/schema\/person\/02dd326b1c4b056e9cc972486934a3a7"},"headline":"Protagonismo Radical pis\u00f3 fuerte en la S\u00e9ptima","datePublished":"2021-03-03T13:31:35+00:00","dateModified":"2021-03-03T13:36:39+00:00","mainEntityOfPage":{"@id":"https:\/\/experienciadevida.com.ar\/portalurbano\/protagonismo-radical-piso-fuerte-en-la-septima\/"},"wordCount":412,"publisher":{"@id":"https:\/\/experienciadevida.com.ar\/portalurbano\/#organization"},"articleSection":["Destacadas","Pol\u00edtica"],"inLanguage":"es"},{"@type":"WebPage","@id":"https:\/\/experienciadevida.com.ar\/portalurbano\/protagonismo-radical-piso-fuerte-en-la-septima\/","url":"https:\/\/experienciadevida.com.ar\/portalurbano\/protagonismo-radical-piso-fuerte-en-la-septima\/","name":"Protagonismo radical pis\u00f3 fuerte en la s\u00e9ptima","isPartOf":{"@id":"https:\/\/experienciadevida.com.ar\/portalurbano\/#website"},"datePublished":"2021-03-03T13:31:35+00:00","dateModified":"2021-03-03T13:36:39+00:00","description":"Protagonismo Radical pis\u00f3 fuerte en la S\u00e9ptima. En el d\u00eda de ayer se realiz\u00f3 un acto en la localidad de 25 de Mayo encabezado por Lousteau.","breadcrumb":{"@id":"https:\/\/experienciadevida.com.ar\/portalurbano\/protagonismo-radical-piso-fuerte-en-la-septima\/#breadcrumb"},"inLanguage":"es","potentialAction":[{"@type":"ReadAction","target":["https:\/\/experienciadevida.com.ar\/portalurbano\/protagonismo-radical-piso-fuerte-en-la-septima\/"]}]},{"@type":"BreadcrumbList","@id":"https:\/\/experienciadevida.com.ar\/portalurbano\/protagonismo-radical-piso-fuerte-en-la-septima\/#breadcrumb","itemListElement":[{"@type":"ListItem","position":1,"name":"Portada","item":"https:\/\/experienciadevida.com.ar\/portalurbano\/"},{"@type":"ListItem","position":2,"name":"Protagonismo Radical pis\u00f3 fuerte en la S\u00e9ptima"}]},{"@type":"WebSite","@id":"https:\/\/experienciadevida.com.ar\/portalurbano\/#website","url":"https:\/\/experienciadevida.com.ar\/portalurbano\/","name":"","description":"","publisher":{"@id":"https:\/\/experienciadevida.com.ar\/portalurbano\/#organization"},"potentialAction":[{"@type":"SearchAction","target":{"@type":"EntryPoint","urlTemplate":"https:\/\/experienciadevida.com.ar\/portalurbano\/?s={search_term_string}"},"query-input":"required name=search_term_string"}],"inLanguage":"es"},{"@type":"Organization","@id":"https:\/\/experienciadevida.com.ar\/portalurbano\/#organization","name":"Portal Urbano","url":"https:\/\/experienciadevida.com.ar\/portalurbano\/","logo":{"@type":"ImageObject","inLanguage":"es","@id":"https:\/\/experienciadevida.com.ar\/portalurbano\/#\/schema\/logo\/image\/","url":"https:\/\/experienciadevida.com.ar\/portalurbano\/wp-content\/uploads\/2019\/09\/Logo-Original.png","contentUrl":"https:\/\/experienciadevida.com.ar\/portalurbano\/wp-content\/uploads\/2019\/09\/Logo-Original.png","width":2236,"height":1216,"caption":"Portal Urbano"},"image":{"@id":"https:\/\/experienciadevida.com.ar\/portalurbano\/#\/schema\/logo\/image\/"},"sameAs":["https:\/\/www.facebook.com\/Portal-Urbano-171542830093757\/","https:\/\/twitter.com\/portalurbanook","https:\/\/www.instagram.com\/_portalurbano\/","https:\/\/www.youtube.com\/channel\/UCXhagIfszH8KxFiOok79zbA?view_as=subscriber"]},{"@type":"Person","@id":"https:\/\/experienciadevida.com.ar\/portalurbano\/#\/schema\/person\/02dd326b1c4b056e9cc972486934a3a7","name":"admpu17wp","image":{"@type":"ImageObject","inLanguage":"es","@id":"https:\/\/experienciadevida.com.ar\/portalurbano\/#\/schema\/person\/image\/","url":"https:\/\/secure.gravatar.com\/avatar\/830d4c57adaae6630765e449a6908047?s=96&d=mm&r=g","contentUrl":"https:\/\/secure.gravatar.com\/avatar\/830d4c57adaae6630765e449a6908047?s=96&d=mm&r=g","caption":"admpu17wp"}}]}},"featured_image_urls":{"full":["https:\/\/experienciadevida.com.ar\/portalurbano\/wp-content\/uploads\/2021\/03\/Protagonismo-Radical-piso-fuerte.jpeg",1280,854,false],"thumbnail":["https:\/\/experienciadevida.com.ar\/portalurbano\/wp-content\/uploads\/2021\/03\/Protagonismo-Radical-piso-fuerte-150x150.jpeg",150,150,true],"medium":["https:\/\/experienciadevida.com.ar\/portalurbano\/wp-content\/uploads\/2021\/03\/Protagonismo-Radical-piso-fuerte-300x200.jpeg",300,200,true],"medium_large":["https:\/\/experienciadevida.com.ar\/portalurbano\/wp-content\/uploads\/2021\/03\/Protagonismo-Radical-piso-fuerte-768x512.jpeg",640,427,true],"large":["https:\/\/experienciadevida.com.ar\/portalurbano\/wp-content\/uploads\/2021\/03\/Protagonismo-Radical-piso-fuerte-1024x683.jpeg",640,427,true],"ug_big":["https:\/\/experienciadevida.com.ar\/portalurbano\/wp-content\/uploads\/2021\/03\/Protagonismo-Radical-piso-fuerte-768x512.jpeg",768,512,true],"1536x1536":["https:\/\/experienciadevida.com.ar\/portalurbano\/wp-content\/uploads\/2021\/03\/Protagonismo-Radical-piso-fuerte.jpeg",1280,854,false],"2048x2048":["https:\/\/experienciadevida.com.ar\/portalurbano\/wp-content\/uploads\/2021\/03\/Protagonismo-Radical-piso-fuerte.jpeg",1280,854,false],"newsever-slider-full":["https:\/\/experienciadevida.com.ar\/portalurbano\/wp-content\/uploads\/2021\/03\/Protagonismo-Radical-piso-fuerte.jpeg",1267,845,false],"newsever-featured":["https:\/\/experienciadevida.com.ar\/portalurbano\/wp-content\/uploads\/2021\/03\/Protagonismo-Radical-piso-fuerte.jpeg",1024,683,false],"newsever-medium":["https:\/\/experienciadevida.com.ar\/portalurbano\/wp-content\/uploads\/2021\/03\/Protagonismo-Radical-piso-fuerte.jpeg",712,475,false],"web-stories-poster-portrait":["https:\/\/experienciadevida.com.ar\/portalurbano\/wp-content\/uploads\/2021\/03\/Protagonismo-Radical-piso-fuerte.jpeg",640,427,false],"web-stories-publisher-logo":["https:\/\/experienciadevida.com.ar\/portalurbano\/wp-content\/uploads\/2021\/03\/Protagonismo-Radical-piso-fuerte.jpeg",96,64,false],"web-stories-thumbnail":["https:\/\/experienciadevida.com.ar\/portalurbano\/wp-content\/uploads\/2021\/03\/Protagonismo-Radical-piso-fuerte.jpeg",150,100,false]},"author_info":{"display_name":"admpu17wp","author_link":"https:\/\/experienciadevida.com.ar\/portalurbano\/author\/admpu17wp\/"},"category_info":"<a href=\"https:\/\/experienciadevida.com.ar\/portalurbano\/category\/destacadas\/\" rel=\"category tag\">Destacadas<\/a> <a href=\"https:\/\/experienciadevida.com.ar\/portalurbano\/category\/politica\/\" rel=\"category tag\">Pol\u00edtica<\/a>","tag_info":"Pol\u00edtica","comment_count":"0","amp_enabled":true,"_links":{"self":[{"href":"https:\/\/experienciadevida.com.ar\/portalurbano\/wp-json\/wp\/v2\/posts\/136454"}],"collection":[{"href":"https:\/\/experienciadevida.com.ar\/portalurbano\/wp-json\/wp\/v2\/posts"}],"about":[{"href":"https:\/\/experienciadevida.com.ar\/portalurbano\/wp-json\/wp\/v2\/types\/post"}],"author":[{"embeddable":true,"href":"https:\/\/experienciadevida.com.ar\/portalurbano\/wp-json\/wp\/v2\/users\/1"}],"replies":[{"embeddable":true,"href":"https:\/\/experienciadevida.com.ar\/portalurbano\/wp-json\/wp\/v2\/comments?post=136454"}],"version-history":[{"count":1,"href":"https:\/\/experienciadevida.com.ar\/portalurbano\/wp-json\/wp\/v2\/posts\/136454\/revisions"}],"predecessor-version":[{"id":136456,"href":"https:\/\/experienciadevida.com.ar\/portalurbano\/wp-json\/wp\/v2\/posts\/136454\/revisions\/136456"}],"wp:featuredmedia":[{"embeddable":true,"href":"https:\/\/experienciadevida.com.ar\/portalurbano\/wp-json\/wp\/v2\/media\/136455"}],"wp:attachment":[{"href":"https:\/\/experienciadevida.com.ar\/portalurbano\/wp-json\/wp\/v2\/media?parent=136454"}],"wp:term":[{"taxonomy":"category","embeddable":true,"href":"https:\/\/experienciadevida.com.ar\/portalurbano\/wp-json\/wp\/v2\/categories?post=136454"},{"taxonomy":"post_tag","embeddable":true,"href":"https:\/\/experienciadevida.com.ar\/portalurbano\/wp-json\/wp\/v2\/tags?post=136454"}],"curies":[{"name":"wp","href":"https:\/\/api.w.org\/{rel}","templated":true}]}}