{"id":136439,"date":"2021-03-02T23:18:08","date_gmt":"2021-03-03T02:18:08","guid":{"rendered":"https:\/\/experienciadevida.com.ar\/portalurbano\/?p=136439"},"modified":"2021-03-02T23:21:28","modified_gmt":"2021-03-03T02:21:28","slug":"charla-debate-sobre-cooperativismo-servicios-publicos-y-transparencia","status":"publish","type":"post","link":"https:\/\/experienciadevida.com.ar\/portalurbano\/charla-debate-sobre-cooperativismo-servicios-publicos-y-transparencia\/","title":{"rendered":"Charla debate sobre &#8220;Cooperativismo, servicios p\u00fablicos y transparencia"},"content":{"rendered":"<p>Charla debate sobre &#8220;Cooperativismo, servicios p\u00fablicos y transparencia.&#8221;La Asociaci\u00f3n de Usuarios Nueva Energ\u00eda realiz\u00f3 una charla debate sobre \u201cCooperativismo, servicios p\u00fablicos y transparencia\u201d, con entrada libre y gratuita e inscripci\u00f3n previa.<\/p>\n<p>El evento cont\u00f3 con la presencia de treinta personas en el predio La Polvareda, con autorizaci\u00f3n de la Provincia, cumpliendo el respectivo protocolo sanitario.<\/p>\n<p>Se hizo un repaso de la historia del cooperativismo desde los pioneros de Rochdale de 1844 a las etapas de su desarrollo en la Argentina, en especial las cooperativas de distribuci\u00f3n de electricidad. Se analizaron los valores y principios del cooperativismo y la regulaci\u00f3n legal de las cooperativas. Se defini\u00f3 el concepto de servicio p\u00fablico y sus caracteres y se hizo un cuadro de situaci\u00f3n de las cooperativas de distribuci\u00f3n de electricidad y agua en la Provincia de Buenos Aires, su marco regulatorio y los organismos de control. Tambi\u00e9n se toc\u00f3 el tema de la necesidad de la transparencia activa, de contar con informaci\u00f3n accesible, plena y completa, para conocimiento del asociado, orientado a la efectiva participaci\u00f3n en el control democr\u00e1tico de las cooperativas.<\/p>\n<p>Tuvo la participaci\u00f3n de miembros de Nueva Energ\u00eda, entre ellos, el ex secretario de hacienda municipal, Alcides Go\u00f1i, el ex concejal radical Jos\u00e9 Luis Argui\u00f1ena, el ex concejal peronista Julio Pibuel, como as\u00ed tambi\u00e9n miembros activos con inserci\u00f3n en distintas \u00e1reas de la actividad comunitaria olavarriense, como Rub\u00e9n Buscarini, Silvia Canga, Lorena Merlo, In\u00e9s del \u00c1guila, Esteban Ram\u00edrez, Marcelo Dom\u00ednguez, Mario Bonifacio, Daniel Rom\u00e1n. Marcela Gianelli, Kevin Brizzio, Patricia Casta\u00f1ares. Coordin\u00f3 la actividad Luis Cavalli.<\/p>\n<p>Sobre el final se manifest\u00f3 entre los presentes la alta satisfacci\u00f3n de constatar el inter\u00e9s de los olavarrienses en el debate sobre temas de inter\u00e9s p\u00fablico y bien com\u00fan, reconociendo la importancia de la educaci\u00f3n, la formaci\u00f3n y la capacitaci\u00f3n.<\/p>\n<p><a href=\"https:\/\/experienciadevida.com.ar\/portalurbano\/charla-debate-sobre-cooperativismo-servicios-publicos-y-transparencia\/charla-36\/\" rel=\"attachment wp-att-136444\"><img decoding=\"async\" class=\"alignnone size-full wp-image-136444\" src=\"https:\/\/experienciadevida.com.ar\/portalurbano\/wp-content\/uploads\/2021\/03\/Charla.jpg\" alt=\"charla\" width=\"1040\" height=\"780\" srcset=\"https:\/\/experienciadevida.com.ar\/portalurbano\/wp-content\/uploads\/2021\/03\/Charla.jpg 1040w, https:\/\/experienciadevida.com.ar\/portalurbano\/wp-content\/uploads\/2021\/03\/Charla-300x225.jpg 300w, https:\/\/experienciadevida.com.ar\/portalurbano\/wp-content\/uploads\/2021\/03\/Charla-1024x768.jpg 1024w, https:\/\/experienciadevida.com.ar\/portalurbano\/wp-content\/uploads\/2021\/03\/Charla-768x576.jpg 768w\" sizes=\"(max-width: 1040px) 100vw, 1040px\" \/><\/a><\/p>\n","protected":false},"excerpt":{"rendered":"<p>Charla debate sobre &#8220;Cooperativismo, servicios p\u00fablicos y transparencia.&#8221;La Asociaci\u00f3n de Usuarios Nueva Energ\u00eda realiz\u00f3 una&#8230;<\/p>\n","protected":false},"author":1,"featured_media":136440,"comment_status":"closed","ping_status":"closed","sticky":false,"template":"","format":"standard","meta":{"content-type":""},"categories":[27,64],"tags":[],"nelio_content":{"isAutoShareEnabled":false,"autoShareEndMode":"default","automationSources":{"useContentSentences":true,"useSocialTemplates":true,"useCustomSentences":false,"customSentences":[]},"followers":[1],"suggestedReferences":[],"includedReferences":[],"efiUrl":"","efiAlt":"","highlights":[]},"yoast_head":"<!-- This site is optimized with the Yoast SEO plugin v20.7 - https:\/\/yoast.com\/wordpress\/plugins\/seo\/ -->\n<title>Charla debate sobre &quot;Cooperativismo, servicios p\u00fablicos y transparencia&quot;<\/title>\n<meta name=\"description\" content=\"Charla debate sobre &quot;Cooperativismo, servicios p\u00fablicos y transparencia, con entrada libre y gratuita e inscripci\u00f3n previa con protocolos.\" \/>\n<meta name=\"robots\" content=\"index, follow, max-snippet:-1, max-image-preview:large, max-video-preview:-1\" \/>\n<link rel=\"canonical\" href=\"https:\/\/experienciadevida.com.ar\/portalurbano\/charla-debate-sobre-cooperativismo-servicios-publicos-y-transparencia\/\" \/>\n<meta property=\"og:locale\" content=\"es_ES\" \/>\n<meta property=\"og:type\" content=\"article\" \/>\n<meta property=\"og:title\" content=\"Charla debate sobre &quot;Cooperativismo, servicios p\u00fablicos y transparencia&quot;\" \/>\n<meta property=\"og:description\" content=\"Charla debate sobre &quot;Cooperativismo, servicios p\u00fablicos y transparencia, con entrada libre y gratuita e inscripci\u00f3n previa con protocolos.\" \/>\n<meta property=\"og:url\" content=\"https:\/\/experienciadevida.com.ar\/portalurbano\/charla-debate-sobre-cooperativismo-servicios-publicos-y-transparencia\/\" \/>\n<meta property=\"article:publisher\" content=\"https:\/\/www.facebook.com\/Portal-Urbano-171542830093757\/\" \/>\n<meta property=\"article:published_time\" content=\"2021-03-03T02:18:08+00:00\" \/>\n<meta property=\"article:modified_time\" content=\"2021-03-03T02:21:28+00:00\" \/>\n<meta property=\"og:image\" content=\"https:\/\/experienciadevida.com.ar\/portalurbano\/wp-content\/uploads\/2021\/03\/Charla-debate.jpg\" \/>\n\t<meta property=\"og:image:width\" content=\"1040\" \/>\n\t<meta property=\"og:image:height\" content=\"780\" \/>\n\t<meta property=\"og:image:type\" content=\"image\/jpeg\" \/>\n<meta name=\"author\" content=\"admpu17wp\" \/>\n<meta name=\"twitter:card\" content=\"summary_large_image\" \/>\n<meta name=\"twitter:creator\" content=\"@portalurbanook\" \/>\n<meta name=\"twitter:site\" content=\"@portalurbanook\" \/>\n<meta name=\"twitter:label1\" content=\"Escrito por\" \/>\n\t<meta name=\"twitter:data1\" content=\"admpu17wp\" \/>\n\t<meta name=\"twitter:label2\" content=\"Tiempo de lectura\" \/>\n\t<meta name=\"twitter:data2\" content=\"2 minutos\" \/>\n<script type=\"application\/ld+json\" class=\"yoast-schema-graph\">{\"@context\":\"https:\/\/schema.org\",\"@graph\":[{\"@type\":\"Article\",\"@id\":\"https:\/\/experienciadevida.com.ar\/portalurbano\/charla-debate-sobre-cooperativismo-servicios-publicos-y-transparencia\/#article\",\"isPartOf\":{\"@id\":\"https:\/\/experienciadevida.com.ar\/portalurbano\/charla-debate-sobre-cooperativismo-servicios-publicos-y-transparencia\/\"},\"author\":{\"name\":\"admpu17wp\",\"@id\":\"https:\/\/experienciadevida.com.ar\/portalurbano\/#\/schema\/person\/02dd326b1c4b056e9cc972486934a3a7\"},\"headline\":\"Charla debate sobre &#8220;Cooperativismo, servicios p\u00fablicos y transparencia\",\"datePublished\":\"2021-03-03T02:18:08+00:00\",\"dateModified\":\"2021-03-03T02:21:28+00:00\",\"mainEntityOfPage\":{\"@id\":\"https:\/\/experienciadevida.com.ar\/portalurbano\/charla-debate-sobre-cooperativismo-servicios-publicos-y-transparencia\/\"},\"wordCount\":338,\"publisher\":{\"@id\":\"https:\/\/experienciadevida.com.ar\/portalurbano\/#organization\"},\"articleSection\":[\"Ciudad\",\"Destacadas 2\"],\"inLanguage\":\"es\"},{\"@type\":\"WebPage\",\"@id\":\"https:\/\/experienciadevida.com.ar\/portalurbano\/charla-debate-sobre-cooperativismo-servicios-publicos-y-transparencia\/\",\"url\":\"https:\/\/experienciadevida.com.ar\/portalurbano\/charla-debate-sobre-cooperativismo-servicios-publicos-y-transparencia\/\",\"name\":\"Charla debate sobre \\\"Cooperativismo, servicios p\u00fablicos y transparencia\\\"\",\"isPartOf\":{\"@id\":\"https:\/\/experienciadevida.com.ar\/portalurbano\/#website\"},\"datePublished\":\"2021-03-03T02:18:08+00:00\",\"dateModified\":\"2021-03-03T02:21:28+00:00\",\"description\":\"Charla debate sobre \\\"Cooperativismo, servicios p\u00fablicos y transparencia, con entrada libre y gratuita e inscripci\u00f3n previa con protocolos.\",\"breadcrumb\":{\"@id\":\"https:\/\/experienciadevida.com.ar\/portalurbano\/charla-debate-sobre-cooperativismo-servicios-publicos-y-transparencia\/#breadcrumb\"},\"inLanguage\":\"es\",\"potentialAction\":[{\"@type\":\"ReadAction\",\"target\":[\"https:\/\/experienciadevida.com.ar\/portalurbano\/charla-debate-sobre-cooperativismo-servicios-publicos-y-transparencia\/\"]}]},{\"@type\":\"BreadcrumbList\",\"@id\":\"https:\/\/experienciadevida.com.ar\/portalurbano\/charla-debate-sobre-cooperativismo-servicios-publicos-y-transparencia\/#breadcrumb\",\"itemListElement\":[{\"@type\":\"ListItem\",\"position\":1,\"name\":\"Portada\",\"item\":\"https:\/\/experienciadevida.com.ar\/portalurbano\/\"},{\"@type\":\"ListItem\",\"position\":2,\"name\":\"Charla debate sobre \u00abCooperativismo, servicios p\u00fablicos y transparencia\"}]},{\"@type\":\"WebSite\",\"@id\":\"https:\/\/experienciadevida.com.ar\/portalurbano\/#website\",\"url\":\"https:\/\/experienciadevida.com.ar\/portalurbano\/\",\"name\":\"\",\"description\":\"\",\"publisher\":{\"@id\":\"https:\/\/experienciadevida.com.ar\/portalurbano\/#organization\"},\"potentialAction\":[{\"@type\":\"SearchAction\",\"target\":{\"@type\":\"EntryPoint\",\"urlTemplate\":\"https:\/\/experienciadevida.com.ar\/portalurbano\/?s={search_term_string}\"},\"query-input\":\"required name=search_term_string\"}],\"inLanguage\":\"es\"},{\"@type\":\"Organization\",\"@id\":\"https:\/\/experienciadevida.com.ar\/portalurbano\/#organization\",\"name\":\"Portal Urbano\",\"url\":\"https:\/\/experienciadevida.com.ar\/portalurbano\/\",\"logo\":{\"@type\":\"ImageObject\",\"inLanguage\":\"es\",\"@id\":\"https:\/\/experienciadevida.com.ar\/portalurbano\/#\/schema\/logo\/image\/\",\"url\":\"https:\/\/experienciadevida.com.ar\/portalurbano\/wp-content\/uploads\/2019\/09\/Logo-Original.png\",\"contentUrl\":\"https:\/\/experienciadevida.com.ar\/portalurbano\/wp-content\/uploads\/2019\/09\/Logo-Original.png\",\"width\":2236,\"height\":1216,\"caption\":\"Portal Urbano\"},\"image\":{\"@id\":\"https:\/\/experienciadevida.com.ar\/portalurbano\/#\/schema\/logo\/image\/\"},\"sameAs\":[\"https:\/\/www.facebook.com\/Portal-Urbano-171542830093757\/\",\"https:\/\/twitter.com\/portalurbanook\",\"https:\/\/www.instagram.com\/_portalurbano\/\",\"https:\/\/www.youtube.com\/channel\/UCXhagIfszH8KxFiOok79zbA?view_as=subscriber\"]},{\"@type\":\"Person\",\"@id\":\"https:\/\/experienciadevida.com.ar\/portalurbano\/#\/schema\/person\/02dd326b1c4b056e9cc972486934a3a7\",\"name\":\"admpu17wp\",\"image\":{\"@type\":\"ImageObject\",\"inLanguage\":\"es\",\"@id\":\"https:\/\/experienciadevida.com.ar\/portalurbano\/#\/schema\/person\/image\/\",\"url\":\"https:\/\/secure.gravatar.com\/avatar\/830d4c57adaae6630765e449a6908047?s=96&d=mm&r=g\",\"contentUrl\":\"https:\/\/secure.gravatar.com\/avatar\/830d4c57adaae6630765e449a6908047?s=96&d=mm&r=g\",\"caption\":\"admpu17wp\"}}]}<\/script>\n<!-- \/ Yoast SEO plugin. -->","yoast_head_json":{"title":"Charla debate sobre \"Cooperativismo, servicios p\u00fablicos y transparencia\"","description":"Charla debate sobre \"Cooperativismo, servicios p\u00fablicos y transparencia, con entrada libre y gratuita e inscripci\u00f3n previa con protocolos.","robots":{"index":"index","follow":"follow","max-snippet":"max-snippet:-1","max-image-preview":"max-image-preview:large","max-video-preview":"max-video-preview:-1"},"canonical":"https:\/\/experienciadevida.com.ar\/portalurbano\/charla-debate-sobre-cooperativismo-servicios-publicos-y-transparencia\/","og_locale":"es_ES","og_type":"article","og_title":"Charla debate sobre \"Cooperativismo, servicios p\u00fablicos y transparencia\"","og_description":"Charla debate sobre \"Cooperativismo, servicios p\u00fablicos y transparencia, con entrada libre y gratuita e inscripci\u00f3n previa con protocolos.","og_url":"https:\/\/experienciadevida.com.ar\/portalurbano\/charla-debate-sobre-cooperativismo-servicios-publicos-y-transparencia\/","article_publisher":"https:\/\/www.facebook.com\/Portal-Urbano-171542830093757\/","article_published_time":"2021-03-03T02:18:08+00:00","article_modified_time":"2021-03-03T02:21:28+00:00","og_image":[{"width":1040,"height":780,"url":"https:\/\/experienciadevida.com.ar\/portalurbano\/wp-content\/uploads\/2021\/03\/Charla-debate.jpg","type":"image\/jpeg"}],"author":"admpu17wp","twitter_card":"summary_large_image","twitter_creator":"@portalurbanook","twitter_site":"@portalurbanook","twitter_misc":{"Escrito por":"admpu17wp","Tiempo de lectura":"2 minutos"},"schema":{"@context":"https:\/\/schema.org","@graph":[{"@type":"Article","@id":"https:\/\/experienciadevida.com.ar\/portalurbano\/charla-debate-sobre-cooperativismo-servicios-publicos-y-transparencia\/#article","isPartOf":{"@id":"https:\/\/experienciadevida.com.ar\/portalurbano\/charla-debate-sobre-cooperativismo-servicios-publicos-y-transparencia\/"},"author":{"name":"admpu17wp","@id":"https:\/\/experienciadevida.com.ar\/portalurbano\/#\/schema\/person\/02dd326b1c4b056e9cc972486934a3a7"},"headline":"Charla debate sobre &#8220;Cooperativismo, servicios p\u00fablicos y transparencia","datePublished":"2021-03-03T02:18:08+00:00","dateModified":"2021-03-03T02:21:28+00:00","mainEntityOfPage":{"@id":"https:\/\/experienciadevida.com.ar\/portalurbano\/charla-debate-sobre-cooperativismo-servicios-publicos-y-transparencia\/"},"wordCount":338,"publisher":{"@id":"https:\/\/experienciadevida.com.ar\/portalurbano\/#organization"},"articleSection":["Ciudad","Destacadas 2"],"inLanguage":"es"},{"@type":"WebPage","@id":"https:\/\/experienciadevida.com.ar\/portalurbano\/charla-debate-sobre-cooperativismo-servicios-publicos-y-transparencia\/","url":"https:\/\/experienciadevida.com.ar\/portalurbano\/charla-debate-sobre-cooperativismo-servicios-publicos-y-transparencia\/","name":"Charla debate sobre \"Cooperativismo, servicios p\u00fablicos y transparencia\"","isPartOf":{"@id":"https:\/\/experienciadevida.com.ar\/portalurbano\/#website"},"datePublished":"2021-03-03T02:18:08+00:00","dateModified":"2021-03-03T02:21:28+00:00","description":"Charla debate sobre \"Cooperativismo, servicios p\u00fablicos y transparencia, con entrada libre y gratuita e inscripci\u00f3n previa con protocolos.","breadcrumb":{"@id":"https:\/\/experienciadevida.com.ar\/portalurbano\/charla-debate-sobre-cooperativismo-servicios-publicos-y-transparencia\/#breadcrumb"},"inLanguage":"es","potentialAction":[{"@type":"ReadAction","target":["https:\/\/experienciadevida.com.ar\/portalurbano\/charla-debate-sobre-cooperativismo-servicios-publicos-y-transparencia\/"]}]},{"@type":"BreadcrumbList","@id":"https:\/\/experienciadevida.com.ar\/portalurbano\/charla-debate-sobre-cooperativismo-servicios-publicos-y-transparencia\/#breadcrumb","itemListElement":[{"@type":"ListItem","position":1,"name":"Portada","item":"https:\/\/experienciadevida.com.ar\/portalurbano\/"},{"@type":"ListItem","position":2,"name":"Charla debate sobre \u00abCooperativismo, servicios p\u00fablicos y transparencia"}]},{"@type":"WebSite","@id":"https:\/\/experienciadevida.com.ar\/portalurbano\/#website","url":"https:\/\/experienciadevida.com.ar\/portalurbano\/","name":"","description":"","publisher":{"@id":"https:\/\/experienciadevida.com.ar\/portalurbano\/#organization"},"potentialAction":[{"@type":"SearchAction","target":{"@type":"EntryPoint","urlTemplate":"https:\/\/experienciadevida.com.ar\/portalurbano\/?s={search_term_string}"},"query-input":"required name=search_term_string"}],"inLanguage":"es"},{"@type":"Organization","@id":"https:\/\/experienciadevida.com.ar\/portalurbano\/#organization","name":"Portal Urbano","url":"https:\/\/experienciadevida.com.ar\/portalurbano\/","logo":{"@type":"ImageObject","inLanguage":"es","@id":"https:\/\/experienciadevida.com.ar\/portalurbano\/#\/schema\/logo\/image\/","url":"https:\/\/experienciadevida.com.ar\/portalurbano\/wp-content\/uploads\/2019\/09\/Logo-Original.png","contentUrl":"https:\/\/experienciadevida.com.ar\/portalurbano\/wp-content\/uploads\/2019\/09\/Logo-Original.png","width":2236,"height":1216,"caption":"Portal Urbano"},"image":{"@id":"https:\/\/experienciadevida.com.ar\/portalurbano\/#\/schema\/logo\/image\/"},"sameAs":["https:\/\/www.facebook.com\/Portal-Urbano-171542830093757\/","https:\/\/twitter.com\/portalurbanook","https:\/\/www.instagram.com\/_portalurbano\/","https:\/\/www.youtube.com\/channel\/UCXhagIfszH8KxFiOok79zbA?view_as=subscriber"]},{"@type":"Person","@id":"https:\/\/experienciadevida.com.ar\/portalurbano\/#\/schema\/person\/02dd326b1c4b056e9cc972486934a3a7","name":"admpu17wp","image":{"@type":"ImageObject","inLanguage":"es","@id":"https:\/\/experienciadevida.com.ar\/portalurbano\/#\/schema\/person\/image\/","url":"https:\/\/secure.gravatar.com\/avatar\/830d4c57adaae6630765e449a6908047?s=96&d=mm&r=g","contentUrl":"https:\/\/secure.gravatar.com\/avatar\/830d4c57adaae6630765e449a6908047?s=96&d=mm&r=g","caption":"admpu17wp"}}]}},"featured_image_urls":{"full":["https:\/\/experienciadevida.com.ar\/portalurbano\/wp-content\/uploads\/2021\/03\/Charla-debate.jpg",1040,780,false],"thumbnail":["https:\/\/experienciadevida.com.ar\/portalurbano\/wp-content\/uploads\/2021\/03\/Charla-debate-150x150.jpg",150,150,true],"medium":["https:\/\/experienciadevida.com.ar\/portalurbano\/wp-content\/uploads\/2021\/03\/Charla-debate-300x225.jpg",300,225,true],"medium_large":["https:\/\/experienciadevida.com.ar\/portalurbano\/wp-content\/uploads\/2021\/03\/Charla-debate-768x576.jpg",640,480,true],"large":["https:\/\/experienciadevida.com.ar\/portalurbano\/wp-content\/uploads\/2021\/03\/Charla-debate-1024x768.jpg",640,480,true],"ug_big":["https:\/\/experienciadevida.com.ar\/portalurbano\/wp-content\/uploads\/2021\/03\/Charla-debate-768x576.jpg",768,576,true],"1536x1536":["https:\/\/experienciadevida.com.ar\/portalurbano\/wp-content\/uploads\/2021\/03\/Charla-debate.jpg",1040,780,false],"2048x2048":["https:\/\/experienciadevida.com.ar\/portalurbano\/wp-content\/uploads\/2021\/03\/Charla-debate.jpg",1040,780,false],"newsever-slider-full":["https:\/\/experienciadevida.com.ar\/portalurbano\/wp-content\/uploads\/2021\/03\/Charla-debate.jpg",1040,780,false],"newsever-featured":["https:\/\/experienciadevida.com.ar\/portalurbano\/wp-content\/uploads\/2021\/03\/Charla-debate.jpg",1024,768,false],"newsever-medium":["https:\/\/experienciadevida.com.ar\/portalurbano\/wp-content\/uploads\/2021\/03\/Charla-debate.jpg",633,475,false],"web-stories-poster-portrait":["https:\/\/experienciadevida.com.ar\/portalurbano\/wp-content\/uploads\/2021\/03\/Charla-debate.jpg",640,480,false],"web-stories-publisher-logo":["https:\/\/experienciadevida.com.ar\/portalurbano\/wp-content\/uploads\/2021\/03\/Charla-debate.jpg",96,72,false],"web-stories-thumbnail":["https:\/\/experienciadevida.com.ar\/portalurbano\/wp-content\/uploads\/2021\/03\/Charla-debate.jpg",150,113,false]},"author_info":{"display_name":"admpu17wp","author_link":"https:\/\/experienciadevida.com.ar\/portalurbano\/author\/admpu17wp\/"},"category_info":"<a href=\"https:\/\/experienciadevida.com.ar\/portalurbano\/category\/ciudad\/\" rel=\"category tag\">Ciudad<\/a> <a href=\"https:\/\/experienciadevida.com.ar\/portalurbano\/category\/destacadas-2\/\" rel=\"category tag\">Destacadas 2<\/a>","tag_info":"Destacadas 2","comment_count":"0","amp_enabled":true,"_links":{"self":[{"href":"https:\/\/experienciadevida.com.ar\/portalurbano\/wp-json\/wp\/v2\/posts\/136439"}],"collection":[{"href":"https:\/\/experienciadevida.com.ar\/portalurbano\/wp-json\/wp\/v2\/posts"}],"about":[{"href":"https:\/\/experienciadevida.com.ar\/portalurbano\/wp-json\/wp\/v2\/types\/post"}],"author":[{"embeddable":true,"href":"https:\/\/experienciadevida.com.ar\/portalurbano\/wp-json\/wp\/v2\/users\/1"}],"replies":[{"embeddable":true,"href":"https:\/\/experienciadevida.com.ar\/portalurbano\/wp-json\/wp\/v2\/comments?post=136439"}],"version-history":[{"count":4,"href":"https:\/\/experienciadevida.com.ar\/portalurbano\/wp-json\/wp\/v2\/posts\/136439\/revisions"}],"predecessor-version":[{"id":136445,"href":"https:\/\/experienciadevida.com.ar\/portalurbano\/wp-json\/wp\/v2\/posts\/136439\/revisions\/136445"}],"wp:featuredmedia":[{"embeddable":true,"href":"https:\/\/experienciadevida.com.ar\/portalurbano\/wp-json\/wp\/v2\/media\/136440"}],"wp:attachment":[{"href":"https:\/\/experienciadevida.com.ar\/portalurbano\/wp-json\/wp\/v2\/media?parent=136439"}],"wp:term":[{"taxonomy":"category","embeddable":true,"href":"https:\/\/experienciadevida.com.ar\/portalurbano\/wp-json\/wp\/v2\/categories?post=136439"},{"taxonomy":"post_tag","embeddable":true,"href":"https:\/\/experienciadevida.com.ar\/portalurbano\/wp-json\/wp\/v2\/tags?post=136439"}],"curies":[{"name":"wp","href":"https:\/\/api.w.org\/{rel}","templated":true}]}}