{"id":136416,"date":"2021-03-02T12:41:06","date_gmt":"2021-03-02T15:41:06","guid":{"rendered":"https:\/\/experienciadevida.com.ar\/portalurbano\/?p=136416"},"modified":"2021-03-02T12:44:42","modified_gmt":"2021-03-02T15:44:42","slug":"se-puso-en-marcha-la-obra-de-repavimentacion-de-la-avenida-ituzaingo","status":"publish","type":"post","link":"https:\/\/experienciadevida.com.ar\/portalurbano\/se-puso-en-marcha-la-obra-de-repavimentacion-de-la-avenida-ituzaingo\/","title":{"rendered":"Se puso en marcha la obra de repavimentaci\u00f3n de la avenida Ituzaing\u00f3"},"content":{"rendered":"<p>Se puso en marcha la obra de repavimentaci\u00f3n de la avenida Ituzaing\u00f3. En la ma\u00f1ana de este martes, el intendente Ezequiel Galli, recorri\u00f3 el comienzo de la obra de repavimentaci\u00f3n de la Avda. Ituzaing\u00f3, que se desarrolla entre las calles Grimaldi y Merlo.<\/p>\n<p>Esta obra es fundamental, teniendo en cuenta que se trata de una de las avenidas de mayor circulaci\u00f3n vehicular, debido a la gran actividad comercial que se registra a diario en el sector.<\/p>\n<p>Se puso en marcha la obra de\u00a0 repavimentaci\u00f3n\u00a0 que permitir\u00e1 mejorar las condiciones de transitabilidad y seguridad vial, teniendo en cuenta que actualmente el pavimento se encuentra deteriorado, con una importante proliferaci\u00f3n de baches, que dificulta el tr\u00e1nsito.<\/p>\n<p>Tras recorrer la zona de trabajo, junto al secretario de Mantenimiento y Obras P\u00fablicas Julio Ferraro, el Intendente mostr\u00f3 su satisfacci\u00f3n por el reinicio y la concreci\u00f3n de una obra, que se ejecuta con recursos del Gobierno Provincial.<\/p>\n<p>\u201cLa repavimentaci\u00f3n con hormig\u00f3n simple va a hacer que la transitabilidad de la avenida Ituzaing\u00f3 tenga una mejor\u00eda importante. Es una avenida muy transitada. Celebramos que se haya reiniciado esta obra, que hab\u00eda sido postergada y que lamentablemente tuvo que ser paralizada\u201d, manifest\u00f3.<\/p>\n<p>Adem\u00e1s Galli adelant\u00f3 que \u201cen forma conjunta se ejecutar\u00e1 la obra para un cruce seguro de la autopista Fortabat con Ruta 51, estamos muy expectantes con esta obra, que va a mejorar considerablemente la seguridad vial en ese punto de la ciudad\u201d.<\/p>\n<p>El Intendente manifest\u00f3 que \u201cestas obras no s\u00f3lo mejoran el tr\u00e1nsito en la ciudad, al descongestionarse, con v\u00edas m\u00e1s r\u00e1pidas, sino que tambi\u00e9n fundamentalmente permiten un tr\u00e1nsito m\u00e1s seguro\u201d.<\/p>\n<p>Se trata de una obra que fue demanda por los vecinos y que fue gestionada oportunamente por el Municipio \u2013en distintas oportunidades- ante los organismos competentes en el \u00e1mbito provincial.<\/p>\n<p>Las tareas empezaron en las primeras horas de la jornada con el levantamiento del pavimento en mal estado, para luego construir una nueva base de tosca y luego realizar el hormigonado correspondiente.<\/p>\n<p>Cabe aclarar que en dicho sector el tr\u00e1nsito se encuentra interrumpido, desde este martes y durante la ejecuci\u00f3n de la obra, por lo cual se solicita circular con extrema precauci\u00f3n y respetar la se\u00f1alizaci\u00f3n existente, a los efectos de evitar inconvenientes mayores en el tr\u00e1nsito y resguardar la seguridad de quienes se encuentran trabajando all\u00ed.<\/p>\n<p>&nbsp;<\/p>\n","protected":false},"excerpt":{"rendered":"<p>Se puso en marcha la obra de repavimentaci\u00f3n de la avenida Ituzaing\u00f3. En la ma\u00f1ana&#8230;<\/p>\n","protected":false},"author":1,"featured_media":136417,"comment_status":"closed","ping_status":"closed","sticky":false,"template":"","format":"standard","meta":{"content-type":""},"categories":[27,51],"tags":[],"nelio_content":{"isAutoShareEnabled":false,"autoShareEndMode":"default","automationSources":{"useContentSentences":true,"useSocialTemplates":true,"useCustomSentences":false,"customSentences":[]},"followers":[1],"suggestedReferences":[],"includedReferences":[],"efiUrl":"","efiAlt":"","highlights":[]},"yoast_head":"<!-- This site is optimized with the Yoast SEO plugin v20.7 - https:\/\/yoast.com\/wordpress\/plugins\/seo\/ -->\n<title>Se puso en marcha la obra de repavimentaci\u00f3n de la Av. Ituzaing\u00f3<\/title>\n<meta name=\"description\" content=\"Se puso en marcha la obra de repavimentaci\u00f3n de la avenida Ituzaing\u00f3, Galli, recorri\u00f3 el comienzo de la obra de repavimentaci\u00f3n de Ituzaing\u00f3.\" \/>\n<meta name=\"robots\" content=\"index, follow, max-snippet:-1, max-image-preview:large, max-video-preview:-1\" \/>\n<link rel=\"canonical\" href=\"https:\/\/experienciadevida.com.ar\/portalurbano\/se-puso-en-marcha-la-obra-de-repavimentacion-de-la-avenida-ituzaingo\/\" \/>\n<meta property=\"og:locale\" content=\"es_ES\" \/>\n<meta property=\"og:type\" content=\"article\" \/>\n<meta property=\"og:title\" content=\"Se puso en marcha la obra de repavimentaci\u00f3n de la Av. Ituzaing\u00f3\" \/>\n<meta property=\"og:description\" content=\"Se puso en marcha la obra de repavimentaci\u00f3n de la avenida Ituzaing\u00f3, Galli, recorri\u00f3 el comienzo de la obra de repavimentaci\u00f3n de Ituzaing\u00f3.\" \/>\n<meta property=\"og:url\" content=\"https:\/\/experienciadevida.com.ar\/portalurbano\/se-puso-en-marcha-la-obra-de-repavimentacion-de-la-avenida-ituzaingo\/\" \/>\n<meta property=\"article:publisher\" content=\"https:\/\/www.facebook.com\/Portal-Urbano-171542830093757\/\" \/>\n<meta property=\"article:published_time\" content=\"2021-03-02T15:41:06+00:00\" \/>\n<meta property=\"article:modified_time\" content=\"2021-03-02T15:44:42+00:00\" \/>\n<meta property=\"og:image\" content=\"https:\/\/experienciadevida.com.ar\/portalurbano\/wp-content\/uploads\/2021\/03\/Se-puso-en-marcha.jpg\" \/>\n\t<meta property=\"og:image:width\" content=\"1024\" \/>\n\t<meta property=\"og:image:height\" content=\"682\" \/>\n\t<meta property=\"og:image:type\" content=\"image\/jpeg\" \/>\n<meta name=\"author\" content=\"admpu17wp\" \/>\n<meta name=\"twitter:card\" content=\"summary_large_image\" \/>\n<meta name=\"twitter:creator\" content=\"@portalurbanook\" \/>\n<meta name=\"twitter:site\" content=\"@portalurbanook\" \/>\n<meta name=\"twitter:label1\" content=\"Escrito por\" \/>\n\t<meta name=\"twitter:data1\" content=\"admpu17wp\" \/>\n\t<meta name=\"twitter:label2\" content=\"Tiempo de lectura\" \/>\n\t<meta name=\"twitter:data2\" content=\"2 minutos\" \/>\n<script type=\"application\/ld+json\" class=\"yoast-schema-graph\">{\"@context\":\"https:\/\/schema.org\",\"@graph\":[{\"@type\":\"Article\",\"@id\":\"https:\/\/experienciadevida.com.ar\/portalurbano\/se-puso-en-marcha-la-obra-de-repavimentacion-de-la-avenida-ituzaingo\/#article\",\"isPartOf\":{\"@id\":\"https:\/\/experienciadevida.com.ar\/portalurbano\/se-puso-en-marcha-la-obra-de-repavimentacion-de-la-avenida-ituzaingo\/\"},\"author\":{\"name\":\"admpu17wp\",\"@id\":\"https:\/\/experienciadevida.com.ar\/portalurbano\/#\/schema\/person\/02dd326b1c4b056e9cc972486934a3a7\"},\"headline\":\"Se puso en marcha la obra de repavimentaci\u00f3n de la avenida Ituzaing\u00f3\",\"datePublished\":\"2021-03-02T15:41:06+00:00\",\"dateModified\":\"2021-03-02T15:44:42+00:00\",\"mainEntityOfPage\":{\"@id\":\"https:\/\/experienciadevida.com.ar\/portalurbano\/se-puso-en-marcha-la-obra-de-repavimentacion-de-la-avenida-ituzaingo\/\"},\"wordCount\":425,\"publisher\":{\"@id\":\"https:\/\/experienciadevida.com.ar\/portalurbano\/#organization\"},\"articleSection\":[\"Ciudad\",\"Destacadas\"],\"inLanguage\":\"es\"},{\"@type\":\"WebPage\",\"@id\":\"https:\/\/experienciadevida.com.ar\/portalurbano\/se-puso-en-marcha-la-obra-de-repavimentacion-de-la-avenida-ituzaingo\/\",\"url\":\"https:\/\/experienciadevida.com.ar\/portalurbano\/se-puso-en-marcha-la-obra-de-repavimentacion-de-la-avenida-ituzaingo\/\",\"name\":\"Se puso en marcha la obra de repavimentaci\u00f3n de la Av. Ituzaing\u00f3\",\"isPartOf\":{\"@id\":\"https:\/\/experienciadevida.com.ar\/portalurbano\/#website\"},\"datePublished\":\"2021-03-02T15:41:06+00:00\",\"dateModified\":\"2021-03-02T15:44:42+00:00\",\"description\":\"Se puso en marcha la obra de repavimentaci\u00f3n de la avenida Ituzaing\u00f3, Galli, recorri\u00f3 el comienzo de la obra de repavimentaci\u00f3n de Ituzaing\u00f3.\",\"breadcrumb\":{\"@id\":\"https:\/\/experienciadevida.com.ar\/portalurbano\/se-puso-en-marcha-la-obra-de-repavimentacion-de-la-avenida-ituzaingo\/#breadcrumb\"},\"inLanguage\":\"es\",\"potentialAction\":[{\"@type\":\"ReadAction\",\"target\":[\"https:\/\/experienciadevida.com.ar\/portalurbano\/se-puso-en-marcha-la-obra-de-repavimentacion-de-la-avenida-ituzaingo\/\"]}]},{\"@type\":\"BreadcrumbList\",\"@id\":\"https:\/\/experienciadevida.com.ar\/portalurbano\/se-puso-en-marcha-la-obra-de-repavimentacion-de-la-avenida-ituzaingo\/#breadcrumb\",\"itemListElement\":[{\"@type\":\"ListItem\",\"position\":1,\"name\":\"Portada\",\"item\":\"https:\/\/experienciadevida.com.ar\/portalurbano\/\"},{\"@type\":\"ListItem\",\"position\":2,\"name\":\"Se puso en marcha la obra de repavimentaci\u00f3n de la avenida Ituzaing\u00f3\"}]},{\"@type\":\"WebSite\",\"@id\":\"https:\/\/experienciadevida.com.ar\/portalurbano\/#website\",\"url\":\"https:\/\/experienciadevida.com.ar\/portalurbano\/\",\"name\":\"\",\"description\":\"\",\"publisher\":{\"@id\":\"https:\/\/experienciadevida.com.ar\/portalurbano\/#organization\"},\"potentialAction\":[{\"@type\":\"SearchAction\",\"target\":{\"@type\":\"EntryPoint\",\"urlTemplate\":\"https:\/\/experienciadevida.com.ar\/portalurbano\/?s={search_term_string}\"},\"query-input\":\"required name=search_term_string\"}],\"inLanguage\":\"es\"},{\"@type\":\"Organization\",\"@id\":\"https:\/\/experienciadevida.com.ar\/portalurbano\/#organization\",\"name\":\"Portal Urbano\",\"url\":\"https:\/\/experienciadevida.com.ar\/portalurbano\/\",\"logo\":{\"@type\":\"ImageObject\",\"inLanguage\":\"es\",\"@id\":\"https:\/\/experienciadevida.com.ar\/portalurbano\/#\/schema\/logo\/image\/\",\"url\":\"https:\/\/experienciadevida.com.ar\/portalurbano\/wp-content\/uploads\/2019\/09\/Logo-Original.png\",\"contentUrl\":\"https:\/\/experienciadevida.com.ar\/portalurbano\/wp-content\/uploads\/2019\/09\/Logo-Original.png\",\"width\":2236,\"height\":1216,\"caption\":\"Portal Urbano\"},\"image\":{\"@id\":\"https:\/\/experienciadevida.com.ar\/portalurbano\/#\/schema\/logo\/image\/\"},\"sameAs\":[\"https:\/\/www.facebook.com\/Portal-Urbano-171542830093757\/\",\"https:\/\/twitter.com\/portalurbanook\",\"https:\/\/www.instagram.com\/_portalurbano\/\",\"https:\/\/www.youtube.com\/channel\/UCXhagIfszH8KxFiOok79zbA?view_as=subscriber\"]},{\"@type\":\"Person\",\"@id\":\"https:\/\/experienciadevida.com.ar\/portalurbano\/#\/schema\/person\/02dd326b1c4b056e9cc972486934a3a7\",\"name\":\"admpu17wp\",\"image\":{\"@type\":\"ImageObject\",\"inLanguage\":\"es\",\"@id\":\"https:\/\/experienciadevida.com.ar\/portalurbano\/#\/schema\/person\/image\/\",\"url\":\"https:\/\/secure.gravatar.com\/avatar\/830d4c57adaae6630765e449a6908047?s=96&d=mm&r=g\",\"contentUrl\":\"https:\/\/secure.gravatar.com\/avatar\/830d4c57adaae6630765e449a6908047?s=96&d=mm&r=g\",\"caption\":\"admpu17wp\"}}]}<\/script>\n<!-- \/ Yoast SEO plugin. -->","yoast_head_json":{"title":"Se puso en marcha la obra de repavimentaci\u00f3n de la Av. Ituzaing\u00f3","description":"Se puso en marcha la obra de repavimentaci\u00f3n de la avenida Ituzaing\u00f3, Galli, recorri\u00f3 el comienzo de la obra de repavimentaci\u00f3n de Ituzaing\u00f3.","robots":{"index":"index","follow":"follow","max-snippet":"max-snippet:-1","max-image-preview":"max-image-preview:large","max-video-preview":"max-video-preview:-1"},"canonical":"https:\/\/experienciadevida.com.ar\/portalurbano\/se-puso-en-marcha-la-obra-de-repavimentacion-de-la-avenida-ituzaingo\/","og_locale":"es_ES","og_type":"article","og_title":"Se puso en marcha la obra de repavimentaci\u00f3n de la Av. Ituzaing\u00f3","og_description":"Se puso en marcha la obra de repavimentaci\u00f3n de la avenida Ituzaing\u00f3, Galli, recorri\u00f3 el comienzo de la obra de repavimentaci\u00f3n de Ituzaing\u00f3.","og_url":"https:\/\/experienciadevida.com.ar\/portalurbano\/se-puso-en-marcha-la-obra-de-repavimentacion-de-la-avenida-ituzaingo\/","article_publisher":"https:\/\/www.facebook.com\/Portal-Urbano-171542830093757\/","article_published_time":"2021-03-02T15:41:06+00:00","article_modified_time":"2021-03-02T15:44:42+00:00","og_image":[{"width":1024,"height":682,"url":"https:\/\/experienciadevida.com.ar\/portalurbano\/wp-content\/uploads\/2021\/03\/Se-puso-en-marcha.jpg","type":"image\/jpeg"}],"author":"admpu17wp","twitter_card":"summary_large_image","twitter_creator":"@portalurbanook","twitter_site":"@portalurbanook","twitter_misc":{"Escrito por":"admpu17wp","Tiempo de lectura":"2 minutos"},"schema":{"@context":"https:\/\/schema.org","@graph":[{"@type":"Article","@id":"https:\/\/experienciadevida.com.ar\/portalurbano\/se-puso-en-marcha-la-obra-de-repavimentacion-de-la-avenida-ituzaingo\/#article","isPartOf":{"@id":"https:\/\/experienciadevida.com.ar\/portalurbano\/se-puso-en-marcha-la-obra-de-repavimentacion-de-la-avenida-ituzaingo\/"},"author":{"name":"admpu17wp","@id":"https:\/\/experienciadevida.com.ar\/portalurbano\/#\/schema\/person\/02dd326b1c4b056e9cc972486934a3a7"},"headline":"Se puso en marcha la obra de repavimentaci\u00f3n de la avenida Ituzaing\u00f3","datePublished":"2021-03-02T15:41:06+00:00","dateModified":"2021-03-02T15:44:42+00:00","mainEntityOfPage":{"@id":"https:\/\/experienciadevida.com.ar\/portalurbano\/se-puso-en-marcha-la-obra-de-repavimentacion-de-la-avenida-ituzaingo\/"},"wordCount":425,"publisher":{"@id":"https:\/\/experienciadevida.com.ar\/portalurbano\/#organization"},"articleSection":["Ciudad","Destacadas"],"inLanguage":"es"},{"@type":"WebPage","@id":"https:\/\/experienciadevida.com.ar\/portalurbano\/se-puso-en-marcha-la-obra-de-repavimentacion-de-la-avenida-ituzaingo\/","url":"https:\/\/experienciadevida.com.ar\/portalurbano\/se-puso-en-marcha-la-obra-de-repavimentacion-de-la-avenida-ituzaingo\/","name":"Se puso en marcha la obra de repavimentaci\u00f3n de la Av. Ituzaing\u00f3","isPartOf":{"@id":"https:\/\/experienciadevida.com.ar\/portalurbano\/#website"},"datePublished":"2021-03-02T15:41:06+00:00","dateModified":"2021-03-02T15:44:42+00:00","description":"Se puso en marcha la obra de repavimentaci\u00f3n de la avenida Ituzaing\u00f3, Galli, recorri\u00f3 el comienzo de la obra de repavimentaci\u00f3n de Ituzaing\u00f3.","breadcrumb":{"@id":"https:\/\/experienciadevida.com.ar\/portalurbano\/se-puso-en-marcha-la-obra-de-repavimentacion-de-la-avenida-ituzaingo\/#breadcrumb"},"inLanguage":"es","potentialAction":[{"@type":"ReadAction","target":["https:\/\/experienciadevida.com.ar\/portalurbano\/se-puso-en-marcha-la-obra-de-repavimentacion-de-la-avenida-ituzaingo\/"]}]},{"@type":"BreadcrumbList","@id":"https:\/\/experienciadevida.com.ar\/portalurbano\/se-puso-en-marcha-la-obra-de-repavimentacion-de-la-avenida-ituzaingo\/#breadcrumb","itemListElement":[{"@type":"ListItem","position":1,"name":"Portada","item":"https:\/\/experienciadevida.com.ar\/portalurbano\/"},{"@type":"ListItem","position":2,"name":"Se puso en marcha la obra de repavimentaci\u00f3n de la avenida Ituzaing\u00f3"}]},{"@type":"WebSite","@id":"https:\/\/experienciadevida.com.ar\/portalurbano\/#website","url":"https:\/\/experienciadevida.com.ar\/portalurbano\/","name":"","description":"","publisher":{"@id":"https:\/\/experienciadevida.com.ar\/portalurbano\/#organization"},"potentialAction":[{"@type":"SearchAction","target":{"@type":"EntryPoint","urlTemplate":"https:\/\/experienciadevida.com.ar\/portalurbano\/?s={search_term_string}"},"query-input":"required name=search_term_string"}],"inLanguage":"es"},{"@type":"Organization","@id":"https:\/\/experienciadevida.com.ar\/portalurbano\/#organization","name":"Portal Urbano","url":"https:\/\/experienciadevida.com.ar\/portalurbano\/","logo":{"@type":"ImageObject","inLanguage":"es","@id":"https:\/\/experienciadevida.com.ar\/portalurbano\/#\/schema\/logo\/image\/","url":"https:\/\/experienciadevida.com.ar\/portalurbano\/wp-content\/uploads\/2019\/09\/Logo-Original.png","contentUrl":"https:\/\/experienciadevida.com.ar\/portalurbano\/wp-content\/uploads\/2019\/09\/Logo-Original.png","width":2236,"height":1216,"caption":"Portal Urbano"},"image":{"@id":"https:\/\/experienciadevida.com.ar\/portalurbano\/#\/schema\/logo\/image\/"},"sameAs":["https:\/\/www.facebook.com\/Portal-Urbano-171542830093757\/","https:\/\/twitter.com\/portalurbanook","https:\/\/www.instagram.com\/_portalurbano\/","https:\/\/www.youtube.com\/channel\/UCXhagIfszH8KxFiOok79zbA?view_as=subscriber"]},{"@type":"Person","@id":"https:\/\/experienciadevida.com.ar\/portalurbano\/#\/schema\/person\/02dd326b1c4b056e9cc972486934a3a7","name":"admpu17wp","image":{"@type":"ImageObject","inLanguage":"es","@id":"https:\/\/experienciadevida.com.ar\/portalurbano\/#\/schema\/person\/image\/","url":"https:\/\/secure.gravatar.com\/avatar\/830d4c57adaae6630765e449a6908047?s=96&d=mm&r=g","contentUrl":"https:\/\/secure.gravatar.com\/avatar\/830d4c57adaae6630765e449a6908047?s=96&d=mm&r=g","caption":"admpu17wp"}}]}},"featured_image_urls":{"full":["https:\/\/experienciadevida.com.ar\/portalurbano\/wp-content\/uploads\/2021\/03\/Se-puso-en-marcha.jpg",1024,682,false],"thumbnail":["https:\/\/experienciadevida.com.ar\/portalurbano\/wp-content\/uploads\/2021\/03\/Se-puso-en-marcha-150x150.jpg",150,150,true],"medium":["https:\/\/experienciadevida.com.ar\/portalurbano\/wp-content\/uploads\/2021\/03\/Se-puso-en-marcha-300x200.jpg",300,200,true],"medium_large":["https:\/\/experienciadevida.com.ar\/portalurbano\/wp-content\/uploads\/2021\/03\/Se-puso-en-marcha-768x512.jpg",640,427,true],"large":["https:\/\/experienciadevida.com.ar\/portalurbano\/wp-content\/uploads\/2021\/03\/Se-puso-en-marcha.jpg",640,426,false],"ug_big":["https:\/\/experienciadevida.com.ar\/portalurbano\/wp-content\/uploads\/2021\/03\/Se-puso-en-marcha-768x512.jpg",768,512,true],"1536x1536":["https:\/\/experienciadevida.com.ar\/portalurbano\/wp-content\/uploads\/2021\/03\/Se-puso-en-marcha.jpg",1024,682,false],"2048x2048":["https:\/\/experienciadevida.com.ar\/portalurbano\/wp-content\/uploads\/2021\/03\/Se-puso-en-marcha.jpg",1024,682,false],"newsever-slider-full":["https:\/\/experienciadevida.com.ar\/portalurbano\/wp-content\/uploads\/2021\/03\/Se-puso-en-marcha.jpg",1024,682,false],"newsever-featured":["https:\/\/experienciadevida.com.ar\/portalurbano\/wp-content\/uploads\/2021\/03\/Se-puso-en-marcha.jpg",1024,682,false],"newsever-medium":["https:\/\/experienciadevida.com.ar\/portalurbano\/wp-content\/uploads\/2021\/03\/Se-puso-en-marcha.jpg",713,475,false],"web-stories-poster-portrait":["https:\/\/experienciadevida.com.ar\/portalurbano\/wp-content\/uploads\/2021\/03\/Se-puso-en-marcha.jpg",640,426,false],"web-stories-publisher-logo":["https:\/\/experienciadevida.com.ar\/portalurbano\/wp-content\/uploads\/2021\/03\/Se-puso-en-marcha.jpg",96,64,false],"web-stories-thumbnail":["https:\/\/experienciadevida.com.ar\/portalurbano\/wp-content\/uploads\/2021\/03\/Se-puso-en-marcha.jpg",150,100,false]},"author_info":{"display_name":"admpu17wp","author_link":"https:\/\/experienciadevida.com.ar\/portalurbano\/author\/admpu17wp\/"},"category_info":"<a href=\"https:\/\/experienciadevida.com.ar\/portalurbano\/category\/ciudad\/\" rel=\"category tag\">Ciudad<\/a> <a href=\"https:\/\/experienciadevida.com.ar\/portalurbano\/category\/destacadas\/\" rel=\"category tag\">Destacadas<\/a>","tag_info":"Destacadas","comment_count":"0","amp_enabled":true,"_links":{"self":[{"href":"https:\/\/experienciadevida.com.ar\/portalurbano\/wp-json\/wp\/v2\/posts\/136416"}],"collection":[{"href":"https:\/\/experienciadevida.com.ar\/portalurbano\/wp-json\/wp\/v2\/posts"}],"about":[{"href":"https:\/\/experienciadevida.com.ar\/portalurbano\/wp-json\/wp\/v2\/types\/post"}],"author":[{"embeddable":true,"href":"https:\/\/experienciadevida.com.ar\/portalurbano\/wp-json\/wp\/v2\/users\/1"}],"replies":[{"embeddable":true,"href":"https:\/\/experienciadevida.com.ar\/portalurbano\/wp-json\/wp\/v2\/comments?post=136416"}],"version-history":[{"count":3,"href":"https:\/\/experienciadevida.com.ar\/portalurbano\/wp-json\/wp\/v2\/posts\/136416\/revisions"}],"predecessor-version":[{"id":136420,"href":"https:\/\/experienciadevida.com.ar\/portalurbano\/wp-json\/wp\/v2\/posts\/136416\/revisions\/136420"}],"wp:featuredmedia":[{"embeddable":true,"href":"https:\/\/experienciadevida.com.ar\/portalurbano\/wp-json\/wp\/v2\/media\/136417"}],"wp:attachment":[{"href":"https:\/\/experienciadevida.com.ar\/portalurbano\/wp-json\/wp\/v2\/media?parent=136416"}],"wp:term":[{"taxonomy":"category","embeddable":true,"href":"https:\/\/experienciadevida.com.ar\/portalurbano\/wp-json\/wp\/v2\/categories?post=136416"},{"taxonomy":"post_tag","embeddable":true,"href":"https:\/\/experienciadevida.com.ar\/portalurbano\/wp-json\/wp\/v2\/tags?post=136416"}],"curies":[{"name":"wp","href":"https:\/\/api.w.org\/{rel}","templated":true}]}}