{"id":136392,"date":"2021-03-02T11:50:32","date_gmt":"2021-03-02T14:50:32","guid":{"rendered":"https:\/\/experienciadevida.com.ar\/portalurbano\/?p=136392"},"modified":"2021-03-02T12:01:03","modified_gmt":"2021-03-02T15:01:03","slug":"se-iniciaron-trabajos-de-conservacion-de-pavimento-se-solicita-circular-con-precaucion","status":"publish","type":"post","link":"https:\/\/experienciadevida.com.ar\/portalurbano\/se-iniciaron-trabajos-de-conservacion-de-pavimento-se-solicita-circular-con-precaucion\/","title":{"rendered":"Se iniciaron trabajos de conservaci\u00f3n de pavimento: se solicita circular con precauci\u00f3n"},"content":{"rendered":"<p>Se iniciaron trabajos de conservaci\u00f3n de pavimento. Esta ma\u00f1ana se iniciaron trabajos de conservaci\u00f3n de pavimentos de hormig\u00f3n en el sector de Saavedra y Dorrego, en el marco de un plan integral que comprende un total de mil metros cuadrados en distintos puntos de la ciudad.<\/p>\n<p>En este sentido, el intendente Ezequiel Galli, acompa\u00f1ado por el secretario de Mantenimiento y Obras P\u00fablicas Julio Ferraro y el director de Pavimentaci\u00f3n Walter Cabri recorrieron la zona de trabajo.<\/p>\n<p>Actualmente la empresa Demoliciones Olavarr\u00eda -a cargo de la obra- puso en marcha las tareas de reparaci\u00f3n, teniendo en cuenta que por las altas temperaturas el pavimento se levant\u00f3 por encima del nivel, dificultando la transitabilidad.<\/p>\n<p>Se prev\u00e9 que la obra finalice el pr\u00f3ximo viernes 12 de marzo, por lo cual durante la ejecuci\u00f3n de la misma, el tr\u00e1nsito permanecer\u00e1 interrumpido en el tramo mencionado. Se solicita circular con precauci\u00f3n y respetar la se\u00f1alizaci\u00f3n.<\/p>\n","protected":false},"excerpt":{"rendered":"<p>Se iniciaron trabajos de conservaci\u00f3n de pavimento. Esta ma\u00f1ana se iniciaron trabajos de conservaci\u00f3n de&#8230;<\/p>\n","protected":false},"author":1,"featured_media":136394,"comment_status":"closed","ping_status":"closed","sticky":false,"template":"","format":"standard","meta":{"content-type":""},"categories":[27,51],"tags":[],"nelio_content":{"isAutoShareEnabled":false,"autoShareEndMode":"default","automationSources":{"useContentSentences":true,"useSocialTemplates":true,"useCustomSentences":false,"customSentences":[]},"followers":[1],"suggestedReferences":[],"includedReferences":[],"efiUrl":"","efiAlt":"","highlights":[]},"yoast_head":"<!-- This site is optimized with the Yoast SEO plugin v20.7 - https:\/\/yoast.com\/wordpress\/plugins\/seo\/ -->\n<title>Se iniciaron trabajos de conservaci\u00f3n de pavimento<\/title>\n<meta name=\"description\" content=\"Se iniciaron trabajos de conservaci\u00f3n de pavimento, en el marco de un plan integral que comprende mil cuadrados en distintos puntos.\" \/>\n<meta name=\"robots\" content=\"index, follow, max-snippet:-1, max-image-preview:large, max-video-preview:-1\" \/>\n<link rel=\"canonical\" href=\"https:\/\/experienciadevida.com.ar\/portalurbano\/se-iniciaron-trabajos-de-conservacion-de-pavimento-se-solicita-circular-con-precaucion\/\" \/>\n<meta property=\"og:locale\" content=\"es_ES\" \/>\n<meta property=\"og:type\" content=\"article\" \/>\n<meta property=\"og:title\" content=\"Se iniciaron trabajos de conservaci\u00f3n de pavimento\" \/>\n<meta property=\"og:description\" content=\"Se iniciaron trabajos de conservaci\u00f3n de pavimento, en el marco de un plan integral que comprende mil cuadrados en distintos puntos.\" \/>\n<meta property=\"og:url\" content=\"https:\/\/experienciadevida.com.ar\/portalurbano\/se-iniciaron-trabajos-de-conservacion-de-pavimento-se-solicita-circular-con-precaucion\/\" \/>\n<meta property=\"article:publisher\" content=\"https:\/\/www.facebook.com\/Portal-Urbano-171542830093757\/\" \/>\n<meta property=\"article:published_time\" content=\"2021-03-02T14:50:32+00:00\" \/>\n<meta property=\"article:modified_time\" content=\"2021-03-02T15:01:03+00:00\" \/>\n<meta property=\"og:image\" content=\"https:\/\/experienciadevida.com.ar\/portalurbano\/wp-content\/uploads\/2021\/03\/Se-iniciaron-trabajos-de-conservacion-e1614696619631.jpg\" \/>\n\t<meta property=\"og:image:width\" content=\"765\" \/>\n\t<meta property=\"og:image:height\" content=\"511\" \/>\n\t<meta property=\"og:image:type\" content=\"image\/jpeg\" \/>\n<meta name=\"author\" content=\"admpu17wp\" \/>\n<meta name=\"twitter:card\" content=\"summary_large_image\" \/>\n<meta name=\"twitter:creator\" content=\"@portalurbanook\" \/>\n<meta name=\"twitter:site\" content=\"@portalurbanook\" \/>\n<meta name=\"twitter:label1\" content=\"Escrito por\" \/>\n\t<meta name=\"twitter:data1\" content=\"admpu17wp\" \/>\n\t<meta name=\"twitter:label2\" content=\"Tiempo de lectura\" \/>\n\t<meta name=\"twitter:data2\" content=\"1 minuto\" \/>\n<script type=\"application\/ld+json\" class=\"yoast-schema-graph\">{\"@context\":\"https:\/\/schema.org\",\"@graph\":[{\"@type\":\"Article\",\"@id\":\"https:\/\/experienciadevida.com.ar\/portalurbano\/se-iniciaron-trabajos-de-conservacion-de-pavimento-se-solicita-circular-con-precaucion\/#article\",\"isPartOf\":{\"@id\":\"https:\/\/experienciadevida.com.ar\/portalurbano\/se-iniciaron-trabajos-de-conservacion-de-pavimento-se-solicita-circular-con-precaucion\/\"},\"author\":{\"name\":\"admpu17wp\",\"@id\":\"https:\/\/experienciadevida.com.ar\/portalurbano\/#\/schema\/person\/02dd326b1c4b056e9cc972486934a3a7\"},\"headline\":\"Se iniciaron trabajos de conservaci\u00f3n de pavimento: se solicita circular con precauci\u00f3n\",\"datePublished\":\"2021-03-02T14:50:32+00:00\",\"dateModified\":\"2021-03-02T15:01:03+00:00\",\"mainEntityOfPage\":{\"@id\":\"https:\/\/experienciadevida.com.ar\/portalurbano\/se-iniciaron-trabajos-de-conservacion-de-pavimento-se-solicita-circular-con-precaucion\/\"},\"wordCount\":178,\"publisher\":{\"@id\":\"https:\/\/experienciadevida.com.ar\/portalurbano\/#organization\"},\"articleSection\":[\"Ciudad\",\"Destacadas\"],\"inLanguage\":\"es\"},{\"@type\":\"WebPage\",\"@id\":\"https:\/\/experienciadevida.com.ar\/portalurbano\/se-iniciaron-trabajos-de-conservacion-de-pavimento-se-solicita-circular-con-precaucion\/\",\"url\":\"https:\/\/experienciadevida.com.ar\/portalurbano\/se-iniciaron-trabajos-de-conservacion-de-pavimento-se-solicita-circular-con-precaucion\/\",\"name\":\"Se iniciaron trabajos de conservaci\u00f3n de pavimento\",\"isPartOf\":{\"@id\":\"https:\/\/experienciadevida.com.ar\/portalurbano\/#website\"},\"datePublished\":\"2021-03-02T14:50:32+00:00\",\"dateModified\":\"2021-03-02T15:01:03+00:00\",\"description\":\"Se iniciaron trabajos de conservaci\u00f3n de pavimento, en el marco de un plan integral que comprende mil cuadrados en distintos puntos.\",\"breadcrumb\":{\"@id\":\"https:\/\/experienciadevida.com.ar\/portalurbano\/se-iniciaron-trabajos-de-conservacion-de-pavimento-se-solicita-circular-con-precaucion\/#breadcrumb\"},\"inLanguage\":\"es\",\"potentialAction\":[{\"@type\":\"ReadAction\",\"target\":[\"https:\/\/experienciadevida.com.ar\/portalurbano\/se-iniciaron-trabajos-de-conservacion-de-pavimento-se-solicita-circular-con-precaucion\/\"]}]},{\"@type\":\"BreadcrumbList\",\"@id\":\"https:\/\/experienciadevida.com.ar\/portalurbano\/se-iniciaron-trabajos-de-conservacion-de-pavimento-se-solicita-circular-con-precaucion\/#breadcrumb\",\"itemListElement\":[{\"@type\":\"ListItem\",\"position\":1,\"name\":\"Portada\",\"item\":\"https:\/\/experienciadevida.com.ar\/portalurbano\/\"},{\"@type\":\"ListItem\",\"position\":2,\"name\":\"Se iniciaron trabajos de conservaci\u00f3n de pavimento: se solicita circular con precauci\u00f3n\"}]},{\"@type\":\"WebSite\",\"@id\":\"https:\/\/experienciadevida.com.ar\/portalurbano\/#website\",\"url\":\"https:\/\/experienciadevida.com.ar\/portalurbano\/\",\"name\":\"\",\"description\":\"\",\"publisher\":{\"@id\":\"https:\/\/experienciadevida.com.ar\/portalurbano\/#organization\"},\"potentialAction\":[{\"@type\":\"SearchAction\",\"target\":{\"@type\":\"EntryPoint\",\"urlTemplate\":\"https:\/\/experienciadevida.com.ar\/portalurbano\/?s={search_term_string}\"},\"query-input\":\"required name=search_term_string\"}],\"inLanguage\":\"es\"},{\"@type\":\"Organization\",\"@id\":\"https:\/\/experienciadevida.com.ar\/portalurbano\/#organization\",\"name\":\"Portal Urbano\",\"url\":\"https:\/\/experienciadevida.com.ar\/portalurbano\/\",\"logo\":{\"@type\":\"ImageObject\",\"inLanguage\":\"es\",\"@id\":\"https:\/\/experienciadevida.com.ar\/portalurbano\/#\/schema\/logo\/image\/\",\"url\":\"https:\/\/experienciadevida.com.ar\/portalurbano\/wp-content\/uploads\/2019\/09\/Logo-Original.png\",\"contentUrl\":\"https:\/\/experienciadevida.com.ar\/portalurbano\/wp-content\/uploads\/2019\/09\/Logo-Original.png\",\"width\":2236,\"height\":1216,\"caption\":\"Portal Urbano\"},\"image\":{\"@id\":\"https:\/\/experienciadevida.com.ar\/portalurbano\/#\/schema\/logo\/image\/\"},\"sameAs\":[\"https:\/\/www.facebook.com\/Portal-Urbano-171542830093757\/\",\"https:\/\/twitter.com\/portalurbanook\",\"https:\/\/www.instagram.com\/_portalurbano\/\",\"https:\/\/www.youtube.com\/channel\/UCXhagIfszH8KxFiOok79zbA?view_as=subscriber\"]},{\"@type\":\"Person\",\"@id\":\"https:\/\/experienciadevida.com.ar\/portalurbano\/#\/schema\/person\/02dd326b1c4b056e9cc972486934a3a7\",\"name\":\"admpu17wp\",\"image\":{\"@type\":\"ImageObject\",\"inLanguage\":\"es\",\"@id\":\"https:\/\/experienciadevida.com.ar\/portalurbano\/#\/schema\/person\/image\/\",\"url\":\"https:\/\/secure.gravatar.com\/avatar\/830d4c57adaae6630765e449a6908047?s=96&d=mm&r=g\",\"contentUrl\":\"https:\/\/secure.gravatar.com\/avatar\/830d4c57adaae6630765e449a6908047?s=96&d=mm&r=g\",\"caption\":\"admpu17wp\"}}]}<\/script>\n<!-- \/ Yoast SEO plugin. -->","yoast_head_json":{"title":"Se iniciaron trabajos de conservaci\u00f3n de pavimento","description":"Se iniciaron trabajos de conservaci\u00f3n de pavimento, en el marco de un plan integral que comprende mil cuadrados en distintos puntos.","robots":{"index":"index","follow":"follow","max-snippet":"max-snippet:-1","max-image-preview":"max-image-preview:large","max-video-preview":"max-video-preview:-1"},"canonical":"https:\/\/experienciadevida.com.ar\/portalurbano\/se-iniciaron-trabajos-de-conservacion-de-pavimento-se-solicita-circular-con-precaucion\/","og_locale":"es_ES","og_type":"article","og_title":"Se iniciaron trabajos de conservaci\u00f3n de pavimento","og_description":"Se iniciaron trabajos de conservaci\u00f3n de pavimento, en el marco de un plan integral que comprende mil cuadrados en distintos puntos.","og_url":"https:\/\/experienciadevida.com.ar\/portalurbano\/se-iniciaron-trabajos-de-conservacion-de-pavimento-se-solicita-circular-con-precaucion\/","article_publisher":"https:\/\/www.facebook.com\/Portal-Urbano-171542830093757\/","article_published_time":"2021-03-02T14:50:32+00:00","article_modified_time":"2021-03-02T15:01:03+00:00","og_image":[{"width":765,"height":511,"url":"https:\/\/experienciadevida.com.ar\/portalurbano\/wp-content\/uploads\/2021\/03\/Se-iniciaron-trabajos-de-conservacion-e1614696619631.jpg","type":"image\/jpeg"}],"author":"admpu17wp","twitter_card":"summary_large_image","twitter_creator":"@portalurbanook","twitter_site":"@portalurbanook","twitter_misc":{"Escrito por":"admpu17wp","Tiempo de lectura":"1 minuto"},"schema":{"@context":"https:\/\/schema.org","@graph":[{"@type":"Article","@id":"https:\/\/experienciadevida.com.ar\/portalurbano\/se-iniciaron-trabajos-de-conservacion-de-pavimento-se-solicita-circular-con-precaucion\/#article","isPartOf":{"@id":"https:\/\/experienciadevida.com.ar\/portalurbano\/se-iniciaron-trabajos-de-conservacion-de-pavimento-se-solicita-circular-con-precaucion\/"},"author":{"name":"admpu17wp","@id":"https:\/\/experienciadevida.com.ar\/portalurbano\/#\/schema\/person\/02dd326b1c4b056e9cc972486934a3a7"},"headline":"Se iniciaron trabajos de conservaci\u00f3n de pavimento: se solicita circular con precauci\u00f3n","datePublished":"2021-03-02T14:50:32+00:00","dateModified":"2021-03-02T15:01:03+00:00","mainEntityOfPage":{"@id":"https:\/\/experienciadevida.com.ar\/portalurbano\/se-iniciaron-trabajos-de-conservacion-de-pavimento-se-solicita-circular-con-precaucion\/"},"wordCount":178,"publisher":{"@id":"https:\/\/experienciadevida.com.ar\/portalurbano\/#organization"},"articleSection":["Ciudad","Destacadas"],"inLanguage":"es"},{"@type":"WebPage","@id":"https:\/\/experienciadevida.com.ar\/portalurbano\/se-iniciaron-trabajos-de-conservacion-de-pavimento-se-solicita-circular-con-precaucion\/","url":"https:\/\/experienciadevida.com.ar\/portalurbano\/se-iniciaron-trabajos-de-conservacion-de-pavimento-se-solicita-circular-con-precaucion\/","name":"Se iniciaron trabajos de conservaci\u00f3n de pavimento","isPartOf":{"@id":"https:\/\/experienciadevida.com.ar\/portalurbano\/#website"},"datePublished":"2021-03-02T14:50:32+00:00","dateModified":"2021-03-02T15:01:03+00:00","description":"Se iniciaron trabajos de conservaci\u00f3n de pavimento, en el marco de un plan integral que comprende mil cuadrados en distintos puntos.","breadcrumb":{"@id":"https:\/\/experienciadevida.com.ar\/portalurbano\/se-iniciaron-trabajos-de-conservacion-de-pavimento-se-solicita-circular-con-precaucion\/#breadcrumb"},"inLanguage":"es","potentialAction":[{"@type":"ReadAction","target":["https:\/\/experienciadevida.com.ar\/portalurbano\/se-iniciaron-trabajos-de-conservacion-de-pavimento-se-solicita-circular-con-precaucion\/"]}]},{"@type":"BreadcrumbList","@id":"https:\/\/experienciadevida.com.ar\/portalurbano\/se-iniciaron-trabajos-de-conservacion-de-pavimento-se-solicita-circular-con-precaucion\/#breadcrumb","itemListElement":[{"@type":"ListItem","position":1,"name":"Portada","item":"https:\/\/experienciadevida.com.ar\/portalurbano\/"},{"@type":"ListItem","position":2,"name":"Se iniciaron trabajos de conservaci\u00f3n de pavimento: se solicita circular con precauci\u00f3n"}]},{"@type":"WebSite","@id":"https:\/\/experienciadevida.com.ar\/portalurbano\/#website","url":"https:\/\/experienciadevida.com.ar\/portalurbano\/","name":"","description":"","publisher":{"@id":"https:\/\/experienciadevida.com.ar\/portalurbano\/#organization"},"potentialAction":[{"@type":"SearchAction","target":{"@type":"EntryPoint","urlTemplate":"https:\/\/experienciadevida.com.ar\/portalurbano\/?s={search_term_string}"},"query-input":"required name=search_term_string"}],"inLanguage":"es"},{"@type":"Organization","@id":"https:\/\/experienciadevida.com.ar\/portalurbano\/#organization","name":"Portal Urbano","url":"https:\/\/experienciadevida.com.ar\/portalurbano\/","logo":{"@type":"ImageObject","inLanguage":"es","@id":"https:\/\/experienciadevida.com.ar\/portalurbano\/#\/schema\/logo\/image\/","url":"https:\/\/experienciadevida.com.ar\/portalurbano\/wp-content\/uploads\/2019\/09\/Logo-Original.png","contentUrl":"https:\/\/experienciadevida.com.ar\/portalurbano\/wp-content\/uploads\/2019\/09\/Logo-Original.png","width":2236,"height":1216,"caption":"Portal Urbano"},"image":{"@id":"https:\/\/experienciadevida.com.ar\/portalurbano\/#\/schema\/logo\/image\/"},"sameAs":["https:\/\/www.facebook.com\/Portal-Urbano-171542830093757\/","https:\/\/twitter.com\/portalurbanook","https:\/\/www.instagram.com\/_portalurbano\/","https:\/\/www.youtube.com\/channel\/UCXhagIfszH8KxFiOok79zbA?view_as=subscriber"]},{"@type":"Person","@id":"https:\/\/experienciadevida.com.ar\/portalurbano\/#\/schema\/person\/02dd326b1c4b056e9cc972486934a3a7","name":"admpu17wp","image":{"@type":"ImageObject","inLanguage":"es","@id":"https:\/\/experienciadevida.com.ar\/portalurbano\/#\/schema\/person\/image\/","url":"https:\/\/secure.gravatar.com\/avatar\/830d4c57adaae6630765e449a6908047?s=96&d=mm&r=g","contentUrl":"https:\/\/secure.gravatar.com\/avatar\/830d4c57adaae6630765e449a6908047?s=96&d=mm&r=g","caption":"admpu17wp"}}]}},"featured_image_urls":{"full":["https:\/\/experienciadevida.com.ar\/portalurbano\/wp-content\/uploads\/2021\/03\/Se-iniciaron-trabajos-de-conservacion-e1614696619631.jpg",765,511,false],"thumbnail":["https:\/\/experienciadevida.com.ar\/portalurbano\/wp-content\/uploads\/2021\/03\/Se-iniciaron-trabajos-de-conservacion-150x150.jpg",150,150,true],"medium":["https:\/\/experienciadevida.com.ar\/portalurbano\/wp-content\/uploads\/2021\/03\/Se-iniciaron-trabajos-de-conservacion-300x201.jpg",300,201,true],"medium_large":["https:\/\/experienciadevida.com.ar\/portalurbano\/wp-content\/uploads\/2021\/03\/Se-iniciaron-trabajos-de-conservacion-768x513.jpg",640,428,true],"large":["https:\/\/experienciadevida.com.ar\/portalurbano\/wp-content\/uploads\/2021\/03\/Se-iniciaron-trabajos-de-conservacion-1024x684.jpg",640,428,true],"ug_big":["https:\/\/experienciadevida.com.ar\/portalurbano\/wp-content\/uploads\/2021\/03\/Se-iniciaron-trabajos-de-conservacion-768x513.jpg",768,513,true],"1536x1536":["https:\/\/experienciadevida.com.ar\/portalurbano\/wp-content\/uploads\/2021\/03\/Se-iniciaron-trabajos-de-conservacion-1536x1027.jpg",1536,1027,true],"2048x2048":["https:\/\/experienciadevida.com.ar\/portalurbano\/wp-content\/uploads\/2021\/03\/Se-iniciaron-trabajos-de-conservacion-2048x1369.jpg",2048,1369,true],"newsever-slider-full":["https:\/\/experienciadevida.com.ar\/portalurbano\/wp-content\/uploads\/2021\/03\/Se-iniciaron-trabajos-de-conservacion-e1614696619631.jpg",765,511,false],"newsever-featured":["https:\/\/experienciadevida.com.ar\/portalurbano\/wp-content\/uploads\/2021\/03\/Se-iniciaron-trabajos-de-conservacion-e1614696619631.jpg",765,511,false],"newsever-medium":["https:\/\/experienciadevida.com.ar\/portalurbano\/wp-content\/uploads\/2021\/03\/Se-iniciaron-trabajos-de-conservacion-e1614696619631.jpg",711,475,false],"web-stories-poster-portrait":["https:\/\/experienciadevida.com.ar\/portalurbano\/wp-content\/uploads\/2021\/03\/Se-iniciaron-trabajos-de-conservacion-e1614696619631.jpg",640,428,false],"web-stories-publisher-logo":["https:\/\/experienciadevida.com.ar\/portalurbano\/wp-content\/uploads\/2021\/03\/Se-iniciaron-trabajos-de-conservacion-e1614696619631.jpg",96,64,false],"web-stories-thumbnail":["https:\/\/experienciadevida.com.ar\/portalurbano\/wp-content\/uploads\/2021\/03\/Se-iniciaron-trabajos-de-conservacion-e1614696619631.jpg",150,100,false]},"author_info":{"display_name":"admpu17wp","author_link":"https:\/\/experienciadevida.com.ar\/portalurbano\/author\/admpu17wp\/"},"category_info":"<a href=\"https:\/\/experienciadevida.com.ar\/portalurbano\/category\/ciudad\/\" rel=\"category tag\">Ciudad<\/a> <a href=\"https:\/\/experienciadevida.com.ar\/portalurbano\/category\/destacadas\/\" rel=\"category tag\">Destacadas<\/a>","tag_info":"Destacadas","comment_count":"0","amp_enabled":true,"_links":{"self":[{"href":"https:\/\/experienciadevida.com.ar\/portalurbano\/wp-json\/wp\/v2\/posts\/136392"}],"collection":[{"href":"https:\/\/experienciadevida.com.ar\/portalurbano\/wp-json\/wp\/v2\/posts"}],"about":[{"href":"https:\/\/experienciadevida.com.ar\/portalurbano\/wp-json\/wp\/v2\/types\/post"}],"author":[{"embeddable":true,"href":"https:\/\/experienciadevida.com.ar\/portalurbano\/wp-json\/wp\/v2\/users\/1"}],"replies":[{"embeddable":true,"href":"https:\/\/experienciadevida.com.ar\/portalurbano\/wp-json\/wp\/v2\/comments?post=136392"}],"version-history":[{"count":2,"href":"https:\/\/experienciadevida.com.ar\/portalurbano\/wp-json\/wp\/v2\/posts\/136392\/revisions"}],"predecessor-version":[{"id":136397,"href":"https:\/\/experienciadevida.com.ar\/portalurbano\/wp-json\/wp\/v2\/posts\/136392\/revisions\/136397"}],"wp:featuredmedia":[{"embeddable":true,"href":"https:\/\/experienciadevida.com.ar\/portalurbano\/wp-json\/wp\/v2\/media\/136394"}],"wp:attachment":[{"href":"https:\/\/experienciadevida.com.ar\/portalurbano\/wp-json\/wp\/v2\/media?parent=136392"}],"wp:term":[{"taxonomy":"category","embeddable":true,"href":"https:\/\/experienciadevida.com.ar\/portalurbano\/wp-json\/wp\/v2\/categories?post=136392"},{"taxonomy":"post_tag","embeddable":true,"href":"https:\/\/experienciadevida.com.ar\/portalurbano\/wp-json\/wp\/v2\/tags?post=136392"}],"curies":[{"name":"wp","href":"https:\/\/api.w.org\/{rel}","templated":true}]}}