{"id":136309,"date":"2021-03-01T10:31:37","date_gmt":"2021-03-01T13:31:37","guid":{"rendered":"https:\/\/experienciadevida.com.ar\/portalurbano\/?p=136309"},"modified":"2021-03-01T10:41:23","modified_gmt":"2021-03-01T13:41:23","slug":"galli-es-un-dia-que-estabamos-esperando-con-muchas-expectativas","status":"publish","type":"post","link":"https:\/\/experienciadevida.com.ar\/portalurbano\/galli-es-un-dia-que-estabamos-esperando-con-muchas-expectativas\/","title":{"rendered":"Galli: \u201cEs un d\u00eda que est\u00e1bamos esperando con muchas expectativas\u201d"},"content":{"rendered":"<p>Galli: \u201cEs un d\u00eda que est\u00e1bamos esperando con muchas expectativas\u201d. En la ma\u00f1ana de este lunes, el intendente Ezequiel Galli visit\u00f3 el Jard\u00edn de Infantes N\u00ba 929 y el Jard\u00edn Maternal Municipal \u201cArco Iris\u201d, ubicado en el Servicio Territorial N\u00ba 4.<\/p>\n<p>En la oportunidad, el Intendente fue recibido por el equipo docente de cada instituci\u00f3n y familiares, quienes acompa\u00f1aron a los ni\u00f1os y las ni\u00f1as, en su primer d\u00eda de clases, que fue tan esperado.<\/p>\n<p>El comienzo de ciclo lectivo de manera presencial, en el nivel inicial, se dio bajo estrictos protocolos de bioseguridad establecidos para el regreso a las aulas, con la finalidad de garantizar la salud y las medidas de prevenci\u00f3n.<\/p>\n<p>\u201cEs un d\u00eda que est\u00e1bamos esperando con muchas expectativas. Siempre sostuvimos que la educaci\u00f3n es nuestra prioridad. As\u00ed lo demostramos en estos cinco a\u00f1os de gesti\u00f3n\u201d, sostuvo Galli.<\/p>\n<p>Al mismo tiempo agreg\u00f3 que \u201ces importante que los chicos regresen a las aulas, siempre teniendo en cuenta todas las medidas de bioseguridad requeridas en los protocolos. Es fundamental volver a clases, no s\u00f3lo desde el punto de vista de la incorporaci\u00f3n de contenidos pedag\u00f3gicos, sino desde su vinculaci\u00f3n con sus pares\u201d.<\/p>\n<p>\u201cDesde el Municipio, nuestro equipo, siempre estar\u00e1 a disposici\u00f3n de todas las distintas instituciones educativas para transcurrir esta \u201cnueva normalidad\u201d de la mejor forma posible\u201d, concluy\u00f3.<\/p>\n<p>Durante la recorrida por el Jard\u00edn Maternal \u201cArco Iris\u201d, el Intendente estuvo acompa\u00f1ado por el secretario de Desarrollo Humano y Calidad de Vida Diego Robbiani, la subsecretaria de Desarrollo Social Silvana Rosales y a directora de Unidad de Desarrollo Infantil Sandra Bilbao.<\/p>\n<p>En el caso de los Maternales Municipales se realizar\u00e1 una adaptaci\u00f3n con 4 ni\u00f1os\/as y responsables que los acompa\u00f1en, m\u00e1s una docente. Luego de la adaptaci\u00f3n, habr\u00e1 dos burbujas de nueve ni\u00f1os\/as y una docente (de acuerdo a la matr\u00edcula de cada Jard\u00edn), m\u00e1s un personal auxiliar que har\u00e1 tareas de sanitizaci\u00f3n durante la jornada.<\/p>\n<p>Es importante remarcar tambi\u00e9n que al finalizar cada turno se realizar\u00e1 la higienizaci\u00f3n de todas las salas y que en cada espacio (tambi\u00e9n de los Centros de D\u00eda y las Callejeadas) habr\u00e1 un espacio exclusivo para aislamiento en caso que se detecte alg\u00fan ni\u00f1o, ni\u00f1a o adolescente con s\u00edntomas compatibles a Covid19.<\/p>\n<p><a href=\"https:\/\/experienciadevida.com.ar\/portalurbano\/galli-es-un-dia-que-estabamos-esperando-con-muchas-expectativas\/es-un-dia\/\" rel=\"attachment wp-att-136312\"><img decoding=\"async\" class=\"alignnone size-full wp-image-136312\" src=\"https:\/\/experienciadevida.com.ar\/portalurbano\/wp-content\/uploads\/2021\/03\/es-un-dia.jpg\" alt=\"es un d\u00eda \" width=\"765\" height=\"511\" srcset=\"https:\/\/experienciadevida.com.ar\/portalurbano\/wp-content\/uploads\/2021\/03\/es-un-dia.jpg 765w, https:\/\/experienciadevida.com.ar\/portalurbano\/wp-content\/uploads\/2021\/03\/es-un-dia-300x200.jpg 300w\" sizes=\"(max-width: 765px) 100vw, 765px\" \/><\/a><\/p>\n<p><a href=\"https:\/\/experienciadevida.com.ar\/portalurbano\/galli-es-un-dia-que-estabamos-esperando-con-muchas-expectativas\/que-estabamos\/\" rel=\"attachment wp-att-136314\"><img decoding=\"async\" class=\"alignnone size-full wp-image-136314\" src=\"https:\/\/experienciadevida.com.ar\/portalurbano\/wp-content\/uploads\/2021\/03\/que-estabamos.jpg\" alt=\"que est\u00e1bamos \" width=\"765\" height=\"511\" srcset=\"https:\/\/experienciadevida.com.ar\/portalurbano\/wp-content\/uploads\/2021\/03\/que-estabamos.jpg 765w, https:\/\/experienciadevida.com.ar\/portalurbano\/wp-content\/uploads\/2021\/03\/que-estabamos-300x200.jpg 300w\" sizes=\"(max-width: 765px) 100vw, 765px\" \/><\/a><\/p>\n<p><a href=\"https:\/\/experienciadevida.com.ar\/portalurbano\/galli-es-un-dia-que-estabamos-esperando-con-muchas-expectativas\/inicio-ciclo-lectivo-2021-4-scaled\/\" rel=\"attachment wp-att-136315\"><img decoding=\"async\" class=\"alignnone size-full wp-image-136315\" src=\"https:\/\/experienciadevida.com.ar\/portalurbano\/wp-content\/uploads\/2021\/03\/Inicio-Ciclo-Lectivo-2021-4-scaled-1.jpg\" alt=\"\" width=\"765\" height=\"511\" srcset=\"https:\/\/experienciadevida.com.ar\/portalurbano\/wp-content\/uploads\/2021\/03\/Inicio-Ciclo-Lectivo-2021-4-scaled-1.jpg 765w, https:\/\/experienciadevida.com.ar\/portalurbano\/wp-content\/uploads\/2021\/03\/Inicio-Ciclo-Lectivo-2021-4-scaled-1-300x200.jpg 300w\" sizes=\"(max-width: 765px) 100vw, 765px\" \/><\/a><\/p>\n","protected":false},"excerpt":{"rendered":"<p>Galli: \u201cEs un d\u00eda que est\u00e1bamos esperando con muchas expectativas\u201d. En la ma\u00f1ana de este&#8230;<\/p>\n","protected":false},"author":1,"featured_media":136310,"comment_status":"closed","ping_status":"closed","sticky":false,"template":"","format":"standard","meta":{"content-type":""},"categories":[27,64],"tags":[],"nelio_content":{"isAutoShareEnabled":false,"autoShareEndMode":"default","automationSources":{"useContentSentences":true,"useSocialTemplates":true,"useCustomSentences":false,"customSentences":[]},"followers":[1],"suggestedReferences":[],"includedReferences":[],"efiUrl":"","efiAlt":"","highlights":[]},"yoast_head":"<!-- This site is optimized with the Yoast SEO plugin v20.7 - https:\/\/yoast.com\/wordpress\/plugins\/seo\/ -->\n<title>Galli: &quot;Es un d\u00eda que est\u00e1bamos esperando con muchas expectativas&quot;<\/title>\n<meta name=\"description\" content=\"Galli: \u201cEs un d\u00eda que est\u00e1bamos esperando con muchas expectativas\u201d, visit\u00f3 el Jard\u00edn de Infantes N\u00ba 929 y el Jard\u00edn Maternal \u201cArco Iris\u201d\" \/>\n<meta name=\"robots\" content=\"index, follow, max-snippet:-1, max-image-preview:large, max-video-preview:-1\" \/>\n<link rel=\"canonical\" href=\"https:\/\/experienciadevida.com.ar\/portalurbano\/galli-es-un-dia-que-estabamos-esperando-con-muchas-expectativas\/\" \/>\n<meta property=\"og:locale\" content=\"es_ES\" \/>\n<meta property=\"og:type\" content=\"article\" \/>\n<meta property=\"og:title\" content=\"Galli: &quot;Es un d\u00eda que est\u00e1bamos esperando con muchas expectativas&quot;\" \/>\n<meta property=\"og:description\" content=\"Galli: \u201cEs un d\u00eda que est\u00e1bamos esperando con muchas expectativas\u201d, visit\u00f3 el Jard\u00edn de Infantes N\u00ba 929 y el Jard\u00edn Maternal \u201cArco Iris\u201d\" \/>\n<meta property=\"og:url\" content=\"https:\/\/experienciadevida.com.ar\/portalurbano\/galli-es-un-dia-que-estabamos-esperando-con-muchas-expectativas\/\" \/>\n<meta property=\"article:publisher\" content=\"https:\/\/www.facebook.com\/Portal-Urbano-171542830093757\/\" \/>\n<meta property=\"article:published_time\" content=\"2021-03-01T13:31:37+00:00\" \/>\n<meta property=\"article:modified_time\" content=\"2021-03-01T13:41:23+00:00\" \/>\n<meta property=\"og:image\" content=\"https:\/\/experienciadevida.com.ar\/portalurbano\/wp-content\/uploads\/2021\/03\/Inicio-Ciclo-Lectivo-2021-2-scaled-1-e1614605482131.jpg\" \/>\n\t<meta property=\"og:image:width\" content=\"765\" \/>\n\t<meta property=\"og:image:height\" content=\"511\" \/>\n\t<meta property=\"og:image:type\" content=\"image\/jpeg\" \/>\n<meta name=\"author\" content=\"admpu17wp\" \/>\n<meta name=\"twitter:card\" content=\"summary_large_image\" \/>\n<meta name=\"twitter:creator\" content=\"@portalurbanook\" \/>\n<meta name=\"twitter:site\" content=\"@portalurbanook\" \/>\n<meta name=\"twitter:label1\" content=\"Escrito por\" \/>\n\t<meta name=\"twitter:data1\" content=\"admpu17wp\" \/>\n\t<meta name=\"twitter:label2\" content=\"Tiempo de lectura\" \/>\n\t<meta name=\"twitter:data2\" content=\"3 minutos\" \/>\n<script type=\"application\/ld+json\" class=\"yoast-schema-graph\">{\"@context\":\"https:\/\/schema.org\",\"@graph\":[{\"@type\":\"Article\",\"@id\":\"https:\/\/experienciadevida.com.ar\/portalurbano\/galli-es-un-dia-que-estabamos-esperando-con-muchas-expectativas\/#article\",\"isPartOf\":{\"@id\":\"https:\/\/experienciadevida.com.ar\/portalurbano\/galli-es-un-dia-que-estabamos-esperando-con-muchas-expectativas\/\"},\"author\":{\"name\":\"admpu17wp\",\"@id\":\"https:\/\/experienciadevida.com.ar\/portalurbano\/#\/schema\/person\/02dd326b1c4b056e9cc972486934a3a7\"},\"headline\":\"Galli: \u201cEs un d\u00eda que est\u00e1bamos esperando con muchas expectativas\u201d\",\"datePublished\":\"2021-03-01T13:31:37+00:00\",\"dateModified\":\"2021-03-01T13:41:23+00:00\",\"mainEntityOfPage\":{\"@id\":\"https:\/\/experienciadevida.com.ar\/portalurbano\/galli-es-un-dia-que-estabamos-esperando-con-muchas-expectativas\/\"},\"wordCount\":420,\"publisher\":{\"@id\":\"https:\/\/experienciadevida.com.ar\/portalurbano\/#organization\"},\"articleSection\":[\"Ciudad\",\"Destacadas 2\"],\"inLanguage\":\"es\"},{\"@type\":\"WebPage\",\"@id\":\"https:\/\/experienciadevida.com.ar\/portalurbano\/galli-es-un-dia-que-estabamos-esperando-con-muchas-expectativas\/\",\"url\":\"https:\/\/experienciadevida.com.ar\/portalurbano\/galli-es-un-dia-que-estabamos-esperando-con-muchas-expectativas\/\",\"name\":\"Galli: \\\"Es un d\u00eda que est\u00e1bamos esperando con muchas expectativas\\\"\",\"isPartOf\":{\"@id\":\"https:\/\/experienciadevida.com.ar\/portalurbano\/#website\"},\"datePublished\":\"2021-03-01T13:31:37+00:00\",\"dateModified\":\"2021-03-01T13:41:23+00:00\",\"description\":\"Galli: \u201cEs un d\u00eda que est\u00e1bamos esperando con muchas expectativas\u201d, visit\u00f3 el Jard\u00edn de Infantes N\u00ba 929 y el Jard\u00edn Maternal \u201cArco Iris\u201d\",\"breadcrumb\":{\"@id\":\"https:\/\/experienciadevida.com.ar\/portalurbano\/galli-es-un-dia-que-estabamos-esperando-con-muchas-expectativas\/#breadcrumb\"},\"inLanguage\":\"es\",\"potentialAction\":[{\"@type\":\"ReadAction\",\"target\":[\"https:\/\/experienciadevida.com.ar\/portalurbano\/galli-es-un-dia-que-estabamos-esperando-con-muchas-expectativas\/\"]}]},{\"@type\":\"BreadcrumbList\",\"@id\":\"https:\/\/experienciadevida.com.ar\/portalurbano\/galli-es-un-dia-que-estabamos-esperando-con-muchas-expectativas\/#breadcrumb\",\"itemListElement\":[{\"@type\":\"ListItem\",\"position\":1,\"name\":\"Portada\",\"item\":\"https:\/\/experienciadevida.com.ar\/portalurbano\/\"},{\"@type\":\"ListItem\",\"position\":2,\"name\":\"Galli: \u201cEs un d\u00eda que est\u00e1bamos esperando con muchas expectativas\u201d\"}]},{\"@type\":\"WebSite\",\"@id\":\"https:\/\/experienciadevida.com.ar\/portalurbano\/#website\",\"url\":\"https:\/\/experienciadevida.com.ar\/portalurbano\/\",\"name\":\"\",\"description\":\"\",\"publisher\":{\"@id\":\"https:\/\/experienciadevida.com.ar\/portalurbano\/#organization\"},\"potentialAction\":[{\"@type\":\"SearchAction\",\"target\":{\"@type\":\"EntryPoint\",\"urlTemplate\":\"https:\/\/experienciadevida.com.ar\/portalurbano\/?s={search_term_string}\"},\"query-input\":\"required name=search_term_string\"}],\"inLanguage\":\"es\"},{\"@type\":\"Organization\",\"@id\":\"https:\/\/experienciadevida.com.ar\/portalurbano\/#organization\",\"name\":\"Portal Urbano\",\"url\":\"https:\/\/experienciadevida.com.ar\/portalurbano\/\",\"logo\":{\"@type\":\"ImageObject\",\"inLanguage\":\"es\",\"@id\":\"https:\/\/experienciadevida.com.ar\/portalurbano\/#\/schema\/logo\/image\/\",\"url\":\"https:\/\/experienciadevida.com.ar\/portalurbano\/wp-content\/uploads\/2019\/09\/Logo-Original.png\",\"contentUrl\":\"https:\/\/experienciadevida.com.ar\/portalurbano\/wp-content\/uploads\/2019\/09\/Logo-Original.png\",\"width\":2236,\"height\":1216,\"caption\":\"Portal Urbano\"},\"image\":{\"@id\":\"https:\/\/experienciadevida.com.ar\/portalurbano\/#\/schema\/logo\/image\/\"},\"sameAs\":[\"https:\/\/www.facebook.com\/Portal-Urbano-171542830093757\/\",\"https:\/\/twitter.com\/portalurbanook\",\"https:\/\/www.instagram.com\/_portalurbano\/\",\"https:\/\/www.youtube.com\/channel\/UCXhagIfszH8KxFiOok79zbA?view_as=subscriber\"]},{\"@type\":\"Person\",\"@id\":\"https:\/\/experienciadevida.com.ar\/portalurbano\/#\/schema\/person\/02dd326b1c4b056e9cc972486934a3a7\",\"name\":\"admpu17wp\",\"image\":{\"@type\":\"ImageObject\",\"inLanguage\":\"es\",\"@id\":\"https:\/\/experienciadevida.com.ar\/portalurbano\/#\/schema\/person\/image\/\",\"url\":\"https:\/\/secure.gravatar.com\/avatar\/830d4c57adaae6630765e449a6908047?s=96&d=mm&r=g\",\"contentUrl\":\"https:\/\/secure.gravatar.com\/avatar\/830d4c57adaae6630765e449a6908047?s=96&d=mm&r=g\",\"caption\":\"admpu17wp\"}}]}<\/script>\n<!-- \/ Yoast SEO plugin. -->","yoast_head_json":{"title":"Galli: \"Es un d\u00eda que est\u00e1bamos esperando con muchas expectativas\"","description":"Galli: \u201cEs un d\u00eda que est\u00e1bamos esperando con muchas expectativas\u201d, visit\u00f3 el Jard\u00edn de Infantes N\u00ba 929 y el Jard\u00edn Maternal \u201cArco Iris\u201d","robots":{"index":"index","follow":"follow","max-snippet":"max-snippet:-1","max-image-preview":"max-image-preview:large","max-video-preview":"max-video-preview:-1"},"canonical":"https:\/\/experienciadevida.com.ar\/portalurbano\/galli-es-un-dia-que-estabamos-esperando-con-muchas-expectativas\/","og_locale":"es_ES","og_type":"article","og_title":"Galli: \"Es un d\u00eda que est\u00e1bamos esperando con muchas expectativas\"","og_description":"Galli: \u201cEs un d\u00eda que est\u00e1bamos esperando con muchas expectativas\u201d, visit\u00f3 el Jard\u00edn de Infantes N\u00ba 929 y el Jard\u00edn Maternal \u201cArco Iris\u201d","og_url":"https:\/\/experienciadevida.com.ar\/portalurbano\/galli-es-un-dia-que-estabamos-esperando-con-muchas-expectativas\/","article_publisher":"https:\/\/www.facebook.com\/Portal-Urbano-171542830093757\/","article_published_time":"2021-03-01T13:31:37+00:00","article_modified_time":"2021-03-01T13:41:23+00:00","og_image":[{"width":765,"height":511,"url":"https:\/\/experienciadevida.com.ar\/portalurbano\/wp-content\/uploads\/2021\/03\/Inicio-Ciclo-Lectivo-2021-2-scaled-1-e1614605482131.jpg","type":"image\/jpeg"}],"author":"admpu17wp","twitter_card":"summary_large_image","twitter_creator":"@portalurbanook","twitter_site":"@portalurbanook","twitter_misc":{"Escrito por":"admpu17wp","Tiempo de lectura":"3 minutos"},"schema":{"@context":"https:\/\/schema.org","@graph":[{"@type":"Article","@id":"https:\/\/experienciadevida.com.ar\/portalurbano\/galli-es-un-dia-que-estabamos-esperando-con-muchas-expectativas\/#article","isPartOf":{"@id":"https:\/\/experienciadevida.com.ar\/portalurbano\/galli-es-un-dia-que-estabamos-esperando-con-muchas-expectativas\/"},"author":{"name":"admpu17wp","@id":"https:\/\/experienciadevida.com.ar\/portalurbano\/#\/schema\/person\/02dd326b1c4b056e9cc972486934a3a7"},"headline":"Galli: \u201cEs un d\u00eda que est\u00e1bamos esperando con muchas expectativas\u201d","datePublished":"2021-03-01T13:31:37+00:00","dateModified":"2021-03-01T13:41:23+00:00","mainEntityOfPage":{"@id":"https:\/\/experienciadevida.com.ar\/portalurbano\/galli-es-un-dia-que-estabamos-esperando-con-muchas-expectativas\/"},"wordCount":420,"publisher":{"@id":"https:\/\/experienciadevida.com.ar\/portalurbano\/#organization"},"articleSection":["Ciudad","Destacadas 2"],"inLanguage":"es"},{"@type":"WebPage","@id":"https:\/\/experienciadevida.com.ar\/portalurbano\/galli-es-un-dia-que-estabamos-esperando-con-muchas-expectativas\/","url":"https:\/\/experienciadevida.com.ar\/portalurbano\/galli-es-un-dia-que-estabamos-esperando-con-muchas-expectativas\/","name":"Galli: \"Es un d\u00eda que est\u00e1bamos esperando con muchas expectativas\"","isPartOf":{"@id":"https:\/\/experienciadevida.com.ar\/portalurbano\/#website"},"datePublished":"2021-03-01T13:31:37+00:00","dateModified":"2021-03-01T13:41:23+00:00","description":"Galli: \u201cEs un d\u00eda que est\u00e1bamos esperando con muchas expectativas\u201d, visit\u00f3 el Jard\u00edn de Infantes N\u00ba 929 y el Jard\u00edn Maternal \u201cArco Iris\u201d","breadcrumb":{"@id":"https:\/\/experienciadevida.com.ar\/portalurbano\/galli-es-un-dia-que-estabamos-esperando-con-muchas-expectativas\/#breadcrumb"},"inLanguage":"es","potentialAction":[{"@type":"ReadAction","target":["https:\/\/experienciadevida.com.ar\/portalurbano\/galli-es-un-dia-que-estabamos-esperando-con-muchas-expectativas\/"]}]},{"@type":"BreadcrumbList","@id":"https:\/\/experienciadevida.com.ar\/portalurbano\/galli-es-un-dia-que-estabamos-esperando-con-muchas-expectativas\/#breadcrumb","itemListElement":[{"@type":"ListItem","position":1,"name":"Portada","item":"https:\/\/experienciadevida.com.ar\/portalurbano\/"},{"@type":"ListItem","position":2,"name":"Galli: \u201cEs un d\u00eda que est\u00e1bamos esperando con muchas expectativas\u201d"}]},{"@type":"WebSite","@id":"https:\/\/experienciadevida.com.ar\/portalurbano\/#website","url":"https:\/\/experienciadevida.com.ar\/portalurbano\/","name":"","description":"","publisher":{"@id":"https:\/\/experienciadevida.com.ar\/portalurbano\/#organization"},"potentialAction":[{"@type":"SearchAction","target":{"@type":"EntryPoint","urlTemplate":"https:\/\/experienciadevida.com.ar\/portalurbano\/?s={search_term_string}"},"query-input":"required name=search_term_string"}],"inLanguage":"es"},{"@type":"Organization","@id":"https:\/\/experienciadevida.com.ar\/portalurbano\/#organization","name":"Portal Urbano","url":"https:\/\/experienciadevida.com.ar\/portalurbano\/","logo":{"@type":"ImageObject","inLanguage":"es","@id":"https:\/\/experienciadevida.com.ar\/portalurbano\/#\/schema\/logo\/image\/","url":"https:\/\/experienciadevida.com.ar\/portalurbano\/wp-content\/uploads\/2019\/09\/Logo-Original.png","contentUrl":"https:\/\/experienciadevida.com.ar\/portalurbano\/wp-content\/uploads\/2019\/09\/Logo-Original.png","width":2236,"height":1216,"caption":"Portal Urbano"},"image":{"@id":"https:\/\/experienciadevida.com.ar\/portalurbano\/#\/schema\/logo\/image\/"},"sameAs":["https:\/\/www.facebook.com\/Portal-Urbano-171542830093757\/","https:\/\/twitter.com\/portalurbanook","https:\/\/www.instagram.com\/_portalurbano\/","https:\/\/www.youtube.com\/channel\/UCXhagIfszH8KxFiOok79zbA?view_as=subscriber"]},{"@type":"Person","@id":"https:\/\/experienciadevida.com.ar\/portalurbano\/#\/schema\/person\/02dd326b1c4b056e9cc972486934a3a7","name":"admpu17wp","image":{"@type":"ImageObject","inLanguage":"es","@id":"https:\/\/experienciadevida.com.ar\/portalurbano\/#\/schema\/person\/image\/","url":"https:\/\/secure.gravatar.com\/avatar\/830d4c57adaae6630765e449a6908047?s=96&d=mm&r=g","contentUrl":"https:\/\/secure.gravatar.com\/avatar\/830d4c57adaae6630765e449a6908047?s=96&d=mm&r=g","caption":"admpu17wp"}}]}},"featured_image_urls":{"full":["https:\/\/experienciadevida.com.ar\/portalurbano\/wp-content\/uploads\/2021\/03\/Inicio-Ciclo-Lectivo-2021-2-scaled-1-e1614605482131.jpg",765,511,false],"thumbnail":["https:\/\/experienciadevida.com.ar\/portalurbano\/wp-content\/uploads\/2021\/03\/Inicio-Ciclo-Lectivo-2021-2-scaled-1-150x150.jpg",150,150,true],"medium":["https:\/\/experienciadevida.com.ar\/portalurbano\/wp-content\/uploads\/2021\/03\/Inicio-Ciclo-Lectivo-2021-2-scaled-1-300x201.jpg",300,201,true],"medium_large":["https:\/\/experienciadevida.com.ar\/portalurbano\/wp-content\/uploads\/2021\/03\/Inicio-Ciclo-Lectivo-2021-2-scaled-1-768x513.jpg",640,428,true],"large":["https:\/\/experienciadevida.com.ar\/portalurbano\/wp-content\/uploads\/2021\/03\/Inicio-Ciclo-Lectivo-2021-2-scaled-1-1024x684.jpg",640,428,true],"ug_big":["https:\/\/experienciadevida.com.ar\/portalurbano\/wp-content\/uploads\/2021\/03\/Inicio-Ciclo-Lectivo-2021-2-scaled-1-768x513.jpg",768,513,true],"1536x1536":["https:\/\/experienciadevida.com.ar\/portalurbano\/wp-content\/uploads\/2021\/03\/Inicio-Ciclo-Lectivo-2021-2-scaled-1-1536x1027.jpg",1536,1027,true],"2048x2048":["https:\/\/experienciadevida.com.ar\/portalurbano\/wp-content\/uploads\/2021\/03\/Inicio-Ciclo-Lectivo-2021-2-scaled-1-2048x1369.jpg",2048,1369,true],"newsever-slider-full":["https:\/\/experienciadevida.com.ar\/portalurbano\/wp-content\/uploads\/2021\/03\/Inicio-Ciclo-Lectivo-2021-2-scaled-1-e1614605482131.jpg",765,511,false],"newsever-featured":["https:\/\/experienciadevida.com.ar\/portalurbano\/wp-content\/uploads\/2021\/03\/Inicio-Ciclo-Lectivo-2021-2-scaled-1-e1614605482131.jpg",765,511,false],"newsever-medium":["https:\/\/experienciadevida.com.ar\/portalurbano\/wp-content\/uploads\/2021\/03\/Inicio-Ciclo-Lectivo-2021-2-scaled-1-e1614605482131.jpg",711,475,false],"web-stories-poster-portrait":["https:\/\/experienciadevida.com.ar\/portalurbano\/wp-content\/uploads\/2021\/03\/Inicio-Ciclo-Lectivo-2021-2-scaled-1-e1614605482131.jpg",640,428,false],"web-stories-publisher-logo":["https:\/\/experienciadevida.com.ar\/portalurbano\/wp-content\/uploads\/2021\/03\/Inicio-Ciclo-Lectivo-2021-2-scaled-1-e1614605482131.jpg",96,64,false],"web-stories-thumbnail":["https:\/\/experienciadevida.com.ar\/portalurbano\/wp-content\/uploads\/2021\/03\/Inicio-Ciclo-Lectivo-2021-2-scaled-1-e1614605482131.jpg",150,100,false]},"author_info":{"display_name":"admpu17wp","author_link":"https:\/\/experienciadevida.com.ar\/portalurbano\/author\/admpu17wp\/"},"category_info":"<a href=\"https:\/\/experienciadevida.com.ar\/portalurbano\/category\/ciudad\/\" rel=\"category tag\">Ciudad<\/a> <a href=\"https:\/\/experienciadevida.com.ar\/portalurbano\/category\/destacadas-2\/\" rel=\"category tag\">Destacadas 2<\/a>","tag_info":"Destacadas 2","comment_count":"0","amp_enabled":true,"_links":{"self":[{"href":"https:\/\/experienciadevida.com.ar\/portalurbano\/wp-json\/wp\/v2\/posts\/136309"}],"collection":[{"href":"https:\/\/experienciadevida.com.ar\/portalurbano\/wp-json\/wp\/v2\/posts"}],"about":[{"href":"https:\/\/experienciadevida.com.ar\/portalurbano\/wp-json\/wp\/v2\/types\/post"}],"author":[{"embeddable":true,"href":"https:\/\/experienciadevida.com.ar\/portalurbano\/wp-json\/wp\/v2\/users\/1"}],"replies":[{"embeddable":true,"href":"https:\/\/experienciadevida.com.ar\/portalurbano\/wp-json\/wp\/v2\/comments?post=136309"}],"version-history":[{"count":3,"href":"https:\/\/experienciadevida.com.ar\/portalurbano\/wp-json\/wp\/v2\/posts\/136309\/revisions"}],"predecessor-version":[{"id":136313,"href":"https:\/\/experienciadevida.com.ar\/portalurbano\/wp-json\/wp\/v2\/posts\/136309\/revisions\/136313"}],"wp:featuredmedia":[{"embeddable":true,"href":"https:\/\/experienciadevida.com.ar\/portalurbano\/wp-json\/wp\/v2\/media\/136310"}],"wp:attachment":[{"href":"https:\/\/experienciadevida.com.ar\/portalurbano\/wp-json\/wp\/v2\/media?parent=136309"}],"wp:term":[{"taxonomy":"category","embeddable":true,"href":"https:\/\/experienciadevida.com.ar\/portalurbano\/wp-json\/wp\/v2\/categories?post=136309"},{"taxonomy":"post_tag","embeddable":true,"href":"https:\/\/experienciadevida.com.ar\/portalurbano\/wp-json\/wp\/v2\/tags?post=136309"}],"curies":[{"name":"wp","href":"https:\/\/api.w.org\/{rel}","templated":true}]}}