{"id":136292,"date":"2021-03-01T07:33:14","date_gmt":"2021-03-01T10:33:14","guid":{"rendered":"https:\/\/experienciadevida.com.ar\/portalurbano\/?p=136292"},"modified":"2021-03-01T07:33:14","modified_gmt":"2021-03-01T10:33:14","slug":"plenario-de-secretarios-generales-del-suteba-por-amplisima-mayoria-se-aprobo-la-propuesta-salarial","status":"publish","type":"post","link":"https:\/\/experienciadevida.com.ar\/portalurbano\/plenario-de-secretarios-generales-del-suteba-por-amplisima-mayoria-se-aprobo-la-propuesta-salarial\/","title":{"rendered":"Plenario de Secretarios Generales del Suteba: Por ampl\u00edsima mayor\u00eda se aprob\u00f3 la propuesta salarial"},"content":{"rendered":"<p>En el d\u00eda de ayer sesion\u00f3 el Plenario de Secretarios Generales del SUTEBA, con las representantes de las Seccionales del SUTEBA de toda la Provincia que trajeron la voz de los Delegados, luego de las reuniones realizadas ayer para analizar la propuesta del Gobierno Provincial.<\/p>\n<hr \/>\n<p>El Plenario inici\u00f3 bajo la advocaci\u00f3n de Vilma Pantolini, compa\u00f1era recientemente fallecida y protagonista incondicional de la historia de nuestra Organizaci\u00f3n Sindical, quien fue recordada con un minuto de aplausos de todos los presentes.<\/p>\n<p><strong>Luego de un profundo debate, el Plenario de Secretarios Generales del SUTEBA aprob\u00f3 por ampl\u00edsima mayor\u00eda las propuestas salariales planteadas en el \u00e1mbito de la Paritaria Nacional y en la Paritaria Provincial, incluyendo otros puntos que son fundamentales para el conjunto de la docencia.<\/strong><\/p>\n<p><strong>\u00a0<\/strong><strong>Fue aceptada por ampl\u00edsima mayor\u00eda la siguiente propuesta salarial que se recepcion\u00f3 en la PARITARIA PROVINCIAL:<\/strong><\/p>\n<ul>\n<li>Aumento promedio de 35,1%, aplicado en tres tramos trimestrales con los salarios de marzo, julio y septiembre respectivamente<\/li>\n<\/ul>\n<p>&nbsp;<\/p>\n<ul>\n<li>Todo es remunerativo<\/li>\n<\/ul>\n<p>&nbsp;<\/p>\n<ul>\n<li>Consolida el b\u00e1sico<\/li>\n<\/ul>\n<p>&nbsp;<\/p>\n<ul>\n<li>Todo el aumento impacta en Jubilados<\/li>\n<\/ul>\n<p>&nbsp;<\/p>\n<ul>\n<li>Recompone, anticipa y supera inflaci\u00f3n prevista m\u00e1s de 6%<\/li>\n<\/ul>\n<p>&nbsp;<\/p>\n<ul>\n<li>Actualizaci\u00f3n en septiembre en caso que la inflaci\u00f3n sea m\u00e1s alta<\/li>\n<\/ul>\n<p>&nbsp;<\/p>\n<ul>\n<li>Es de 9 meses con revisiones acordadas, con nueva negociaci\u00f3n en noviembre<\/li>\n<\/ul>\n<p><strong>Asimismo, el Plenario aprob\u00f3 por unanimidad las siguientes resoluciones:<\/strong><\/p>\n<p>&nbsp;<\/p>\n<p>&#8211;\u00a0\u00a0\u00a0\u00a0\u00a0\u00a0\u00a0\u00a0\u00a0\u00a0\u00a0Ratificar que el cumplimiento estricto de los protocolos es fundamental requisito para el desarrollo de actividades presenciales. El Plan Jurisdiccional debe garantizarse en toda la Provincia.<\/p>\n<p>&nbsp;<\/p>\n<p>&#8211;\u00a0\u00a0\u00a0\u00a0\u00a0\u00a0\u00a0\u00a0\u00a0\u00a0\u00a0Reconocer la valiosa e hist\u00f3rica Campa\u00f1a de Vacunaci\u00f3n que sit\u00faa a los Docentes como grupo prioritario y que en la provincia de Buenos Aires se est\u00e9 garantizando su implementaci\u00f3n.<\/p>\n<p>&nbsp;<\/p>\n<p>&#8211;\u00a0\u00a0\u00a0\u00a0\u00a0\u00a0\u00a0\u00a0\u00a0\u00a0\u00a0Ratificar al Plan Jurisdiccional como instrumento que garantiza derechos y organiza las acciones sindicales desde cada Escuela, y desde el sindicato en el control y demanda de su cumplimiento.<\/p>\n<p>&nbsp;<\/p>\n<p>&#8211;\u00a0\u00a0\u00a0\u00a0\u00a0\u00a0\u00a0\u00a0\u00a0\u00a0\u00a0Demandar que las problem\u00e1ticas edilicias pendientes de resoluci\u00f3n se dinamicen de manera urgente, tanto los planes de obras que son de responsabilidad de los Consejos Escolares, y\/o de los Municipios (FFE), y\/o de Infraestructura Provincial y\/o Nacional.<\/p>\n<p>&nbsp;<\/p>\n<p>&#8211;\u00a0\u00a0\u00a0\u00a0\u00a0\u00a0\u00a0\u00a0\u00a0\u00a0\u00a0La provisi\u00f3n de art\u00edculos de limpieza y de los insumos de resguardo para Docentes y Auxiliares es una condici\u00f3n fundamental del Plan Jurisdiccional y hay un importante presupuesto Provincial destinado. Por eso, reiterar la demanda a las autoridades responsables de la provisi\u00f3n inmediata de los insumos, en los distritos y\/o Escuelas en los que a\u00fan no se hayan entregado.<\/p>\n<p>&nbsp;<\/p>\n<p>&#8211;\u00a0\u00a0\u00a0\u00a0\u00a0\u00a0\u00a0\u00a0\u00a0\u00a0\u00a0Acompa\u00f1ar las peticiones de las Comunidades Educativas.<\/p>\n<p>&nbsp;<\/p>\n<p>&#8211;\u00a0\u00a0\u00a0\u00a0\u00a0\u00a0\u00a0\u00a0\u00a0\u00a0\u00a0Exigir la inmediata implementaci\u00f3n de normativa provincial para Dispensas Parentales por cuidado de Ni\u00f1xs.<\/p>\n<p>&nbsp;<\/p>\n<p>&#8211;\u00a0\u00a0\u00a0\u00a0\u00a0\u00a0\u00a0\u00a0\u00a0\u00a0\u00a0Solicitar la Convocatoria urgente a la cobertura pendiente de Cargos Docentes y de Auxiliares.<\/p>\n<p>&nbsp;<\/p>\n<p>&#8211;\u00a0\u00a0\u00a0\u00a0\u00a0\u00a0\u00a0\u00a0\u00a0\u00a0\u00a0Reiterar la demanda de cobertura de cupos de SAE, especialmente en Escuelas en comunidades en condiciones de mayor vulnerabilidad. Reconociendo que, ante nuestro planteo, el Gobierno Provincial aumenta el valor del Bols\u00f3n Alimentario y resuelve que se entregue armado a las Escuelas.<\/p>\n<p>&nbsp;<\/p>\n<p>&#8211;\u00a0\u00a0\u00a0\u00a0\u00a0\u00a0\u00a0\u00a0\u00a0\u00a0\u00a0Plantear que se siga dando continuidad a las Comisiones T\u00e9cnicas Laborales y de Salud Laboral, y a los \u00e1mbitos de Cogesti\u00f3n y a la CMJ. En los distritos, que tambi\u00e9n se convoquen peri\u00f3dicamente a las UEGD y los Comit\u00e9s Mixtos de Salud.<\/p>\n<p>&nbsp;<\/p>\n<p>&#8211;\u00a0\u00a0\u00a0\u00a0\u00a0\u00a0\u00a0\u00a0\u00a0\u00a0\u00a0Exigir al IOMA el funcionamiento que garantice el acceso al Derecho a la Salud de nuestros representados.<\/p>\n<p>&nbsp;<\/p>\n<p>&#8211;\u00a0\u00a0\u00a0\u00a0\u00a0\u00a0\u00a0\u00a0\u00a0\u00a0\u00a0Seguir reclamando la nulidad de sumarios y presumarios iniciados en el 2018 a Docentes de la Secundaria 16 del distrito de Moreno.<\/p>\n<p>&nbsp;<\/p>\n<p>&#8211;\u00a0\u00a0\u00a0\u00a0\u00a0\u00a0\u00a0\u00a0\u00a0\u00a0\u00a0Repudiar las escenas acontecidas el s\u00e1bado 27\/02 en Plaza de Mayo, en la movilizaci\u00f3n convocada por sectores de la derecha con concepciones fascistas, antidemocr\u00e1ticas y violentas. Similares a las de los golpes del \u201855 y del \u201876 y ocurridos recientemente en pa\u00edses de Latinoam\u00e9rica.<\/p>\n<p>&nbsp;<\/p>\n<p>&#8211;\u00a0\u00a0\u00a0\u00a0\u00a0\u00a0\u00a0\u00a0\u00a0\u00a0\u00a0Seguir sosteniendo las banderas de los 30 mil, de las Madres y Abuelas de Plaza de Mayo. \u00a1Nunca M\u00e1s es Nunca M\u00e1s!<\/p>\n<p>&nbsp;<\/p>\n<p>&#8211;\u00a0\u00a0\u00a0\u00a0\u00a0\u00a0\u00a0\u00a0\u00a0\u00a0\u00a0Adhesi\u00f3n a la Jornada Internacional del 08\/03.<\/p>\n<p>&nbsp;<\/p>\n<p>&#8211;\u00a0\u00a0\u00a0\u00a0\u00a0\u00a0\u00a0\u00a0\u00a0\u00a0\u00a0Solidaridad con todos los conflictos laborales, de defensa de los puestos de trabajo y por salario de lxs Trabajadorxs de diferentes sectores.<\/p>\n<p>&nbsp;<\/p>\n<p>&#8211;\u00a0\u00a0\u00a0\u00a0\u00a0\u00a0\u00a0\u00a0\u00a0\u00a0\u00a0Basta de violencia contra las mujeres. Justicia por \u00darsula y todas las Pibas que nos faltan.<\/p>\n<p>&nbsp;<\/p>\n<p>&#8211;\u00a0\u00a0\u00a0\u00a0\u00a0\u00a0\u00a0\u00a0\u00a0\u00a0\u00a0Basta de Violencia Institucional. Justicia por Lucas Ver\u00f3n.<\/p>\n<p>&nbsp;<\/p>\n<p>&#8211;\u00a0\u00a0\u00a0\u00a0\u00a0\u00a0\u00a0\u00a0\u00a0\u00a0\u00a0Expresar nuestro respaldo y plena solidaridad a las compa\u00f1eras y la Secretaria General del SUTEBA Jun\u00edn, quienes sufrieron una situaci\u00f3n violenta por parte de un sector de sindicatos de la CGT de Jun\u00edn. Se enviar\u00e1 una carta a este sector de la CGT para repudiar estos hechos de plano y exigirle que no sucedan nunca m\u00e1s. Ning\u00fan tipo de violencia puede ser el camino para la resoluci\u00f3n de conflictos entre Trabajadores.<\/p>\n<p><strong>Desde el SUTEBA valoramos y reivindicamos el impresionante trabajo y el firme compromiso de todas las Docentes de toda la provincia de Buenos Aires con la Educaci\u00f3n P\u00fablica, los Estudiantes y las Comunidades Educativas.<\/strong><\/p>\n<p><strong>\u00a0<\/strong>\u00a1De esta manera, nuestra Organizaci\u00f3n Sindical contin\u00faa accionando firmemente en defensa de los derechos de lxs Trabajadores de la Educaci\u00f3n bonaerenses y la Educaci\u00f3n P\u00fablica!<\/p>\n<p>&nbsp;<\/p>\n","protected":false},"excerpt":{"rendered":"<p>En el d\u00eda de ayer sesion\u00f3 el Plenario de Secretarios Generales del SUTEBA, con las&#8230;<\/p>\n","protected":false},"author":1,"featured_media":0,"comment_status":"closed","ping_status":"closed","sticky":false,"template":"","format":"standard","meta":{"content-type":""},"categories":[27,51],"tags":[],"nelio_content":{"isAutoShareEnabled":false,"autoShareEndMode":"default","automationSources":{"useContentSentences":true,"useSocialTemplates":true,"useCustomSentences":false,"customSentences":[]},"followers":[1],"suggestedReferences":[],"includedReferences":[],"efiUrl":"","efiAlt":"","highlights":[]},"yoast_head":"<!-- This site is optimized with the Yoast SEO plugin v20.7 - https:\/\/yoast.com\/wordpress\/plugins\/seo\/ -->\n<title>Plenario de Secretarios Generales del Suteba: Por ampl\u00edsima mayor\u00eda se aprob\u00f3 la propuesta salarial -<\/title>\n<meta name=\"robots\" content=\"index, follow, max-snippet:-1, max-image-preview:large, max-video-preview:-1\" \/>\n<link rel=\"canonical\" href=\"https:\/\/experienciadevida.com.ar\/portalurbano\/plenario-de-secretarios-generales-del-suteba-por-amplisima-mayoria-se-aprobo-la-propuesta-salarial\/\" \/>\n<meta property=\"og:locale\" content=\"es_ES\" \/>\n<meta property=\"og:type\" content=\"article\" \/>\n<meta property=\"og:title\" content=\"Plenario de Secretarios Generales del Suteba: Por ampl\u00edsima mayor\u00eda se aprob\u00f3 la propuesta salarial -\" \/>\n<meta property=\"og:description\" content=\"En el d\u00eda de ayer sesion\u00f3 el Plenario de Secretarios Generales del SUTEBA, con las...\" \/>\n<meta property=\"og:url\" content=\"https:\/\/experienciadevida.com.ar\/portalurbano\/plenario-de-secretarios-generales-del-suteba-por-amplisima-mayoria-se-aprobo-la-propuesta-salarial\/\" \/>\n<meta property=\"article:publisher\" content=\"https:\/\/www.facebook.com\/Portal-Urbano-171542830093757\/\" \/>\n<meta property=\"article:published_time\" content=\"2021-03-01T10:33:14+00:00\" \/>\n<meta property=\"og:image\" content=\"https:\/\/experienciadevida.com.ar\/portalurbano\/wp-content\/uploads\/2018\/12\/SUTEBA-1-e1544738160881.jpg\" \/>\n\t<meta property=\"og:image:width\" content=\"800\" \/>\n\t<meta property=\"og:image:height\" content=\"343\" \/>\n\t<meta property=\"og:image:type\" content=\"image\/jpeg\" \/>\n<meta name=\"author\" content=\"admpu17wp\" \/>\n<meta name=\"twitter:card\" content=\"summary_large_image\" \/>\n<meta name=\"twitter:creator\" content=\"@portalurbanook\" \/>\n<meta name=\"twitter:site\" content=\"@portalurbanook\" \/>\n<meta name=\"twitter:label1\" content=\"Escrito por\" \/>\n\t<meta name=\"twitter:data1\" content=\"admpu17wp\" \/>\n\t<meta name=\"twitter:label2\" content=\"Tiempo de lectura\" \/>\n\t<meta name=\"twitter:data2\" content=\"4 minutos\" \/>\n<script type=\"application\/ld+json\" class=\"yoast-schema-graph\">{\"@context\":\"https:\/\/schema.org\",\"@graph\":[{\"@type\":\"Article\",\"@id\":\"https:\/\/experienciadevida.com.ar\/portalurbano\/plenario-de-secretarios-generales-del-suteba-por-amplisima-mayoria-se-aprobo-la-propuesta-salarial\/#article\",\"isPartOf\":{\"@id\":\"https:\/\/experienciadevida.com.ar\/portalurbano\/plenario-de-secretarios-generales-del-suteba-por-amplisima-mayoria-se-aprobo-la-propuesta-salarial\/\"},\"author\":{\"name\":\"admpu17wp\",\"@id\":\"https:\/\/experienciadevida.com.ar\/portalurbano\/#\/schema\/person\/02dd326b1c4b056e9cc972486934a3a7\"},\"headline\":\"Plenario de Secretarios Generales del Suteba: Por ampl\u00edsima mayor\u00eda se aprob\u00f3 la propuesta salarial\",\"datePublished\":\"2021-03-01T10:33:14+00:00\",\"dateModified\":\"2021-03-01T10:33:14+00:00\",\"mainEntityOfPage\":{\"@id\":\"https:\/\/experienciadevida.com.ar\/portalurbano\/plenario-de-secretarios-generales-del-suteba-por-amplisima-mayoria-se-aprobo-la-propuesta-salarial\/\"},\"wordCount\":911,\"publisher\":{\"@id\":\"https:\/\/experienciadevida.com.ar\/portalurbano\/#organization\"},\"articleSection\":[\"Ciudad\",\"Destacadas\"],\"inLanguage\":\"es\"},{\"@type\":\"WebPage\",\"@id\":\"https:\/\/experienciadevida.com.ar\/portalurbano\/plenario-de-secretarios-generales-del-suteba-por-amplisima-mayoria-se-aprobo-la-propuesta-salarial\/\",\"url\":\"https:\/\/experienciadevida.com.ar\/portalurbano\/plenario-de-secretarios-generales-del-suteba-por-amplisima-mayoria-se-aprobo-la-propuesta-salarial\/\",\"name\":\"Plenario de Secretarios Generales del Suteba: Por ampl\u00edsima mayor\u00eda se aprob\u00f3 la propuesta salarial -\",\"isPartOf\":{\"@id\":\"https:\/\/experienciadevida.com.ar\/portalurbano\/#website\"},\"datePublished\":\"2021-03-01T10:33:14+00:00\",\"dateModified\":\"2021-03-01T10:33:14+00:00\",\"breadcrumb\":{\"@id\":\"https:\/\/experienciadevida.com.ar\/portalurbano\/plenario-de-secretarios-generales-del-suteba-por-amplisima-mayoria-se-aprobo-la-propuesta-salarial\/#breadcrumb\"},\"inLanguage\":\"es\",\"potentialAction\":[{\"@type\":\"ReadAction\",\"target\":[\"https:\/\/experienciadevida.com.ar\/portalurbano\/plenario-de-secretarios-generales-del-suteba-por-amplisima-mayoria-se-aprobo-la-propuesta-salarial\/\"]}]},{\"@type\":\"BreadcrumbList\",\"@id\":\"https:\/\/experienciadevida.com.ar\/portalurbano\/plenario-de-secretarios-generales-del-suteba-por-amplisima-mayoria-se-aprobo-la-propuesta-salarial\/#breadcrumb\",\"itemListElement\":[{\"@type\":\"ListItem\",\"position\":1,\"name\":\"Portada\",\"item\":\"https:\/\/experienciadevida.com.ar\/portalurbano\/\"},{\"@type\":\"ListItem\",\"position\":2,\"name\":\"Plenario de Secretarios Generales del Suteba: Por ampl\u00edsima mayor\u00eda se aprob\u00f3 la propuesta salarial\"}]},{\"@type\":\"WebSite\",\"@id\":\"https:\/\/experienciadevida.com.ar\/portalurbano\/#website\",\"url\":\"https:\/\/experienciadevida.com.ar\/portalurbano\/\",\"name\":\"\",\"description\":\"\",\"publisher\":{\"@id\":\"https:\/\/experienciadevida.com.ar\/portalurbano\/#organization\"},\"potentialAction\":[{\"@type\":\"SearchAction\",\"target\":{\"@type\":\"EntryPoint\",\"urlTemplate\":\"https:\/\/experienciadevida.com.ar\/portalurbano\/?s={search_term_string}\"},\"query-input\":\"required name=search_term_string\"}],\"inLanguage\":\"es\"},{\"@type\":\"Organization\",\"@id\":\"https:\/\/experienciadevida.com.ar\/portalurbano\/#organization\",\"name\":\"Portal Urbano\",\"url\":\"https:\/\/experienciadevida.com.ar\/portalurbano\/\",\"logo\":{\"@type\":\"ImageObject\",\"inLanguage\":\"es\",\"@id\":\"https:\/\/experienciadevida.com.ar\/portalurbano\/#\/schema\/logo\/image\/\",\"url\":\"https:\/\/experienciadevida.com.ar\/portalurbano\/wp-content\/uploads\/2019\/09\/Logo-Original.png\",\"contentUrl\":\"https:\/\/experienciadevida.com.ar\/portalurbano\/wp-content\/uploads\/2019\/09\/Logo-Original.png\",\"width\":2236,\"height\":1216,\"caption\":\"Portal Urbano\"},\"image\":{\"@id\":\"https:\/\/experienciadevida.com.ar\/portalurbano\/#\/schema\/logo\/image\/\"},\"sameAs\":[\"https:\/\/www.facebook.com\/Portal-Urbano-171542830093757\/\",\"https:\/\/twitter.com\/portalurbanook\",\"https:\/\/www.instagram.com\/_portalurbano\/\",\"https:\/\/www.youtube.com\/channel\/UCXhagIfszH8KxFiOok79zbA?view_as=subscriber\"]},{\"@type\":\"Person\",\"@id\":\"https:\/\/experienciadevida.com.ar\/portalurbano\/#\/schema\/person\/02dd326b1c4b056e9cc972486934a3a7\",\"name\":\"admpu17wp\",\"image\":{\"@type\":\"ImageObject\",\"inLanguage\":\"es\",\"@id\":\"https:\/\/experienciadevida.com.ar\/portalurbano\/#\/schema\/person\/image\/\",\"url\":\"https:\/\/secure.gravatar.com\/avatar\/830d4c57adaae6630765e449a6908047?s=96&d=mm&r=g\",\"contentUrl\":\"https:\/\/secure.gravatar.com\/avatar\/830d4c57adaae6630765e449a6908047?s=96&d=mm&r=g\",\"caption\":\"admpu17wp\"}}]}<\/script>\n<!-- \/ Yoast SEO plugin. -->","yoast_head_json":{"title":"Plenario de Secretarios Generales del Suteba: Por ampl\u00edsima mayor\u00eda se aprob\u00f3 la propuesta salarial -","robots":{"index":"index","follow":"follow","max-snippet":"max-snippet:-1","max-image-preview":"max-image-preview:large","max-video-preview":"max-video-preview:-1"},"canonical":"https:\/\/experienciadevida.com.ar\/portalurbano\/plenario-de-secretarios-generales-del-suteba-por-amplisima-mayoria-se-aprobo-la-propuesta-salarial\/","og_locale":"es_ES","og_type":"article","og_title":"Plenario de Secretarios Generales del Suteba: Por ampl\u00edsima mayor\u00eda se aprob\u00f3 la propuesta salarial -","og_description":"En el d\u00eda de ayer sesion\u00f3 el Plenario de Secretarios Generales del SUTEBA, con las...","og_url":"https:\/\/experienciadevida.com.ar\/portalurbano\/plenario-de-secretarios-generales-del-suteba-por-amplisima-mayoria-se-aprobo-la-propuesta-salarial\/","article_publisher":"https:\/\/www.facebook.com\/Portal-Urbano-171542830093757\/","article_published_time":"2021-03-01T10:33:14+00:00","og_image":[{"width":800,"height":343,"url":"https:\/\/experienciadevida.com.ar\/portalurbano\/wp-content\/uploads\/2018\/12\/SUTEBA-1-e1544738160881.jpg","type":"image\/jpeg"}],"author":"admpu17wp","twitter_card":"summary_large_image","twitter_creator":"@portalurbanook","twitter_site":"@portalurbanook","twitter_misc":{"Escrito por":"admpu17wp","Tiempo de lectura":"4 minutos"},"schema":{"@context":"https:\/\/schema.org","@graph":[{"@type":"Article","@id":"https:\/\/experienciadevida.com.ar\/portalurbano\/plenario-de-secretarios-generales-del-suteba-por-amplisima-mayoria-se-aprobo-la-propuesta-salarial\/#article","isPartOf":{"@id":"https:\/\/experienciadevida.com.ar\/portalurbano\/plenario-de-secretarios-generales-del-suteba-por-amplisima-mayoria-se-aprobo-la-propuesta-salarial\/"},"author":{"name":"admpu17wp","@id":"https:\/\/experienciadevida.com.ar\/portalurbano\/#\/schema\/person\/02dd326b1c4b056e9cc972486934a3a7"},"headline":"Plenario de Secretarios Generales del Suteba: Por ampl\u00edsima mayor\u00eda se aprob\u00f3 la propuesta salarial","datePublished":"2021-03-01T10:33:14+00:00","dateModified":"2021-03-01T10:33:14+00:00","mainEntityOfPage":{"@id":"https:\/\/experienciadevida.com.ar\/portalurbano\/plenario-de-secretarios-generales-del-suteba-por-amplisima-mayoria-se-aprobo-la-propuesta-salarial\/"},"wordCount":911,"publisher":{"@id":"https:\/\/experienciadevida.com.ar\/portalurbano\/#organization"},"articleSection":["Ciudad","Destacadas"],"inLanguage":"es"},{"@type":"WebPage","@id":"https:\/\/experienciadevida.com.ar\/portalurbano\/plenario-de-secretarios-generales-del-suteba-por-amplisima-mayoria-se-aprobo-la-propuesta-salarial\/","url":"https:\/\/experienciadevida.com.ar\/portalurbano\/plenario-de-secretarios-generales-del-suteba-por-amplisima-mayoria-se-aprobo-la-propuesta-salarial\/","name":"Plenario de Secretarios Generales del Suteba: Por ampl\u00edsima mayor\u00eda se aprob\u00f3 la propuesta salarial -","isPartOf":{"@id":"https:\/\/experienciadevida.com.ar\/portalurbano\/#website"},"datePublished":"2021-03-01T10:33:14+00:00","dateModified":"2021-03-01T10:33:14+00:00","breadcrumb":{"@id":"https:\/\/experienciadevida.com.ar\/portalurbano\/plenario-de-secretarios-generales-del-suteba-por-amplisima-mayoria-se-aprobo-la-propuesta-salarial\/#breadcrumb"},"inLanguage":"es","potentialAction":[{"@type":"ReadAction","target":["https:\/\/experienciadevida.com.ar\/portalurbano\/plenario-de-secretarios-generales-del-suteba-por-amplisima-mayoria-se-aprobo-la-propuesta-salarial\/"]}]},{"@type":"BreadcrumbList","@id":"https:\/\/experienciadevida.com.ar\/portalurbano\/plenario-de-secretarios-generales-del-suteba-por-amplisima-mayoria-se-aprobo-la-propuesta-salarial\/#breadcrumb","itemListElement":[{"@type":"ListItem","position":1,"name":"Portada","item":"https:\/\/experienciadevida.com.ar\/portalurbano\/"},{"@type":"ListItem","position":2,"name":"Plenario de Secretarios Generales del Suteba: Por ampl\u00edsima mayor\u00eda se aprob\u00f3 la propuesta salarial"}]},{"@type":"WebSite","@id":"https:\/\/experienciadevida.com.ar\/portalurbano\/#website","url":"https:\/\/experienciadevida.com.ar\/portalurbano\/","name":"","description":"","publisher":{"@id":"https:\/\/experienciadevida.com.ar\/portalurbano\/#organization"},"potentialAction":[{"@type":"SearchAction","target":{"@type":"EntryPoint","urlTemplate":"https:\/\/experienciadevida.com.ar\/portalurbano\/?s={search_term_string}"},"query-input":"required name=search_term_string"}],"inLanguage":"es"},{"@type":"Organization","@id":"https:\/\/experienciadevida.com.ar\/portalurbano\/#organization","name":"Portal Urbano","url":"https:\/\/experienciadevida.com.ar\/portalurbano\/","logo":{"@type":"ImageObject","inLanguage":"es","@id":"https:\/\/experienciadevida.com.ar\/portalurbano\/#\/schema\/logo\/image\/","url":"https:\/\/experienciadevida.com.ar\/portalurbano\/wp-content\/uploads\/2019\/09\/Logo-Original.png","contentUrl":"https:\/\/experienciadevida.com.ar\/portalurbano\/wp-content\/uploads\/2019\/09\/Logo-Original.png","width":2236,"height":1216,"caption":"Portal Urbano"},"image":{"@id":"https:\/\/experienciadevida.com.ar\/portalurbano\/#\/schema\/logo\/image\/"},"sameAs":["https:\/\/www.facebook.com\/Portal-Urbano-171542830093757\/","https:\/\/twitter.com\/portalurbanook","https:\/\/www.instagram.com\/_portalurbano\/","https:\/\/www.youtube.com\/channel\/UCXhagIfszH8KxFiOok79zbA?view_as=subscriber"]},{"@type":"Person","@id":"https:\/\/experienciadevida.com.ar\/portalurbano\/#\/schema\/person\/02dd326b1c4b056e9cc972486934a3a7","name":"admpu17wp","image":{"@type":"ImageObject","inLanguage":"es","@id":"https:\/\/experienciadevida.com.ar\/portalurbano\/#\/schema\/person\/image\/","url":"https:\/\/secure.gravatar.com\/avatar\/830d4c57adaae6630765e449a6908047?s=96&d=mm&r=g","contentUrl":"https:\/\/secure.gravatar.com\/avatar\/830d4c57adaae6630765e449a6908047?s=96&d=mm&r=g","caption":"admpu17wp"}}]}},"featured_image_urls":{"full":"","thumbnail":"","medium":"","medium_large":"","large":"","ug_big":"","1536x1536":"","2048x2048":"","newsever-slider-full":"","newsever-featured":"","newsever-medium":"","web-stories-poster-portrait":"","web-stories-publisher-logo":"","web-stories-thumbnail":""},"author_info":{"display_name":"admpu17wp","author_link":"https:\/\/experienciadevida.com.ar\/portalurbano\/author\/admpu17wp\/"},"category_info":"<a href=\"https:\/\/experienciadevida.com.ar\/portalurbano\/category\/ciudad\/\" rel=\"category tag\">Ciudad<\/a> <a href=\"https:\/\/experienciadevida.com.ar\/portalurbano\/category\/destacadas\/\" rel=\"category tag\">Destacadas<\/a>","tag_info":"Destacadas","comment_count":"0","amp_enabled":true,"_links":{"self":[{"href":"https:\/\/experienciadevida.com.ar\/portalurbano\/wp-json\/wp\/v2\/posts\/136292"}],"collection":[{"href":"https:\/\/experienciadevida.com.ar\/portalurbano\/wp-json\/wp\/v2\/posts"}],"about":[{"href":"https:\/\/experienciadevida.com.ar\/portalurbano\/wp-json\/wp\/v2\/types\/post"}],"author":[{"embeddable":true,"href":"https:\/\/experienciadevida.com.ar\/portalurbano\/wp-json\/wp\/v2\/users\/1"}],"replies":[{"embeddable":true,"href":"https:\/\/experienciadevida.com.ar\/portalurbano\/wp-json\/wp\/v2\/comments?post=136292"}],"version-history":[{"count":1,"href":"https:\/\/experienciadevida.com.ar\/portalurbano\/wp-json\/wp\/v2\/posts\/136292\/revisions"}],"predecessor-version":[{"id":136293,"href":"https:\/\/experienciadevida.com.ar\/portalurbano\/wp-json\/wp\/v2\/posts\/136292\/revisions\/136293"}],"wp:attachment":[{"href":"https:\/\/experienciadevida.com.ar\/portalurbano\/wp-json\/wp\/v2\/media?parent=136292"}],"wp:term":[{"taxonomy":"category","embeddable":true,"href":"https:\/\/experienciadevida.com.ar\/portalurbano\/wp-json\/wp\/v2\/categories?post=136292"},{"taxonomy":"post_tag","embeddable":true,"href":"https:\/\/experienciadevida.com.ar\/portalurbano\/wp-json\/wp\/v2\/tags?post=136292"}],"curies":[{"name":"wp","href":"https:\/\/api.w.org\/{rel}","templated":true}]}}