{"id":136246,"date":"2021-02-28T20:01:30","date_gmt":"2021-02-28T23:01:30","guid":{"rendered":"https:\/\/experienciadevida.com.ar\/portalurbano\/?p=136246"},"modified":"2021-02-28T20:04:31","modified_gmt":"2021-02-28T23:04:31","slug":"buscamos-la-unidad-con-la-idea-de-construir-un-camino-comun","status":"publish","type":"post","link":"https:\/\/experienciadevida.com.ar\/portalurbano\/buscamos-la-unidad-con-la-idea-de-construir-un-camino-comun\/","title":{"rendered":"&#8220;Buscamos la unidad con la idea de construir un camino com\u00fan&#8221;"},"content":{"rendered":"<p>&#8220;Buscamos la unidad con la idea de construir un camino com\u00fan&#8221;, mencion\u00f3 el Presidente de la junta promotora vecinalista. En la jornada del s\u00e1bado, estuvo en nuestra ciudad el Presidente de la Junta Promotora vecinalistas, quien estuvo haciendo una recorrida por la s\u00e9ptima secci\u00f3n electoral.<\/p>\n<p>Este medio dialog\u00f3 con el Presidente de la junta promotora quien coment\u00f3 &#8220;<em>buscamos la unidad con la idea de construir un camino com\u00fan&#8221;.<\/em><\/p>\n<p><em>&#8220;Venimos recorriendo las distintas secciones electorales, el POT ha ido consolidando la representaci\u00f3n de la s\u00e9ptima secci\u00f3n electoral de los distintos distritos, por este motivo decidimos encontrarnos para estrechar v\u00ednculos adem\u00e1s de tener reuniones mensuales. Vamos a participar de un plenario vecinalista en Necochea el pr\u00f3ximo s\u00e1bado, para profundizar distintos temas&#8221;.<\/em><\/p>\n<p><em>&#8220;Buscamos la unidad con la idea de construir un camino com\u00fan. El a\u00f1o pasado iniciamos en el mes de septiembre charlas, contactos a trav\u00e9s de las redes sociales porque entend\u00edamos que la situaci\u00f3n de los partidos vecinales cuando participan de un proceso eleccionario se encuentran con la dificultad de participar con una boleta corta muchas veces que son sobrepasadas por las dimensiones de los partidos tradicionales&#8221;.<\/em><\/p>\n<p><em>&#8220;Hay otras dificultades que tal vez no son tan visibles para los vecinos&#8221;.<\/em><\/p>\n<p>Por \u00faltimo mencion\u00f3 &#8220;<em>buscamos la unidad con la idea de construir un camino com\u00fan, que no es tan\u00a0 sencillo porque los partidos vecinales en la Provincia de Buenos Aires son muchos, por lo que hay que dejar de lado lo ideol\u00f3gico&#8221;.<\/em><\/p>\n<p><em>&#8220;Estamos en el armado del partido vecinalista, tenemos que cumplir ciertas etapas, es un proceso&#8221; , remarc\u00f3.<\/em><\/p>\n","protected":false},"excerpt":{"rendered":"<p>&#8220;Buscamos la unidad con la idea de construir un camino com\u00fan&#8221;, mencion\u00f3 el Presidente de&#8230;<\/p>\n","protected":false},"author":1,"featured_media":136253,"comment_status":"closed","ping_status":"closed","sticky":false,"template":"","format":"standard","meta":{"content-type":""},"categories":[27,51],"tags":[],"nelio_content":{"isAutoShareEnabled":false,"autoShareEndMode":"default","automationSources":{"useContentSentences":true,"useSocialTemplates":true,"useCustomSentences":false,"customSentences":[]},"followers":[1],"suggestedReferences":[],"includedReferences":[],"efiUrl":"","efiAlt":"","highlights":[]},"yoast_head":"<!-- This site is optimized with the Yoast SEO plugin v20.7 - https:\/\/yoast.com\/wordpress\/plugins\/seo\/ -->\n<title>&quot;Buscamos la unidad con la idea de construir un camino com\u00fan&quot;<\/title>\n<meta name=\"description\" content=\"&quot;Buscamos la unidad con la idea de construir un camino com\u00fan&quot;, mencion\u00f3 el Presidente de la junta promotora vecinalista, este s\u00e1bado.\" \/>\n<meta name=\"robots\" content=\"index, follow, max-snippet:-1, max-image-preview:large, max-video-preview:-1\" \/>\n<link rel=\"canonical\" href=\"https:\/\/experienciadevida.com.ar\/portalurbano\/buscamos-la-unidad-con-la-idea-de-construir-un-camino-comun\/\" \/>\n<meta property=\"og:locale\" content=\"es_ES\" \/>\n<meta property=\"og:type\" content=\"article\" \/>\n<meta property=\"og:title\" content=\"&quot;Buscamos la unidad con la idea de construir un camino com\u00fan&quot;\" \/>\n<meta property=\"og:description\" content=\"&quot;Buscamos la unidad con la idea de construir un camino com\u00fan&quot;, mencion\u00f3 el Presidente de la junta promotora vecinalista, este s\u00e1bado.\" \/>\n<meta property=\"og:url\" content=\"https:\/\/experienciadevida.com.ar\/portalurbano\/buscamos-la-unidad-con-la-idea-de-construir-un-camino-comun\/\" \/>\n<meta property=\"article:publisher\" content=\"https:\/\/www.facebook.com\/Portal-Urbano-171542830093757\/\" \/>\n<meta property=\"article:published_time\" content=\"2021-02-28T23:01:30+00:00\" \/>\n<meta property=\"article:modified_time\" content=\"2021-02-28T23:04:31+00:00\" \/>\n<meta property=\"og:image\" content=\"https:\/\/experienciadevida.com.ar\/portalurbano\/wp-content\/uploads\/2021\/02\/Buscamos-la-unidad.jpg\" \/>\n\t<meta property=\"og:image:width\" content=\"1280\" \/>\n\t<meta property=\"og:image:height\" content=\"853\" \/>\n\t<meta property=\"og:image:type\" content=\"image\/jpeg\" \/>\n<meta name=\"author\" content=\"admpu17wp\" \/>\n<meta name=\"twitter:card\" content=\"summary_large_image\" \/>\n<meta name=\"twitter:creator\" content=\"@portalurbanook\" \/>\n<meta name=\"twitter:site\" content=\"@portalurbanook\" \/>\n<meta name=\"twitter:label1\" content=\"Escrito por\" \/>\n\t<meta name=\"twitter:data1\" content=\"admpu17wp\" \/>\n\t<meta name=\"twitter:label2\" content=\"Tiempo de lectura\" \/>\n\t<meta name=\"twitter:data2\" content=\"2 minutos\" \/>\n<script type=\"application\/ld+json\" class=\"yoast-schema-graph\">{\"@context\":\"https:\/\/schema.org\",\"@graph\":[{\"@type\":\"Article\",\"@id\":\"https:\/\/experienciadevida.com.ar\/portalurbano\/buscamos-la-unidad-con-la-idea-de-construir-un-camino-comun\/#article\",\"isPartOf\":{\"@id\":\"https:\/\/experienciadevida.com.ar\/portalurbano\/buscamos-la-unidad-con-la-idea-de-construir-un-camino-comun\/\"},\"author\":{\"name\":\"admpu17wp\",\"@id\":\"https:\/\/experienciadevida.com.ar\/portalurbano\/#\/schema\/person\/02dd326b1c4b056e9cc972486934a3a7\"},\"headline\":\"&#8220;Buscamos la unidad con la idea de construir un camino com\u00fan&#8221;\",\"datePublished\":\"2021-02-28T23:01:30+00:00\",\"dateModified\":\"2021-02-28T23:04:31+00:00\",\"mainEntityOfPage\":{\"@id\":\"https:\/\/experienciadevida.com.ar\/portalurbano\/buscamos-la-unidad-con-la-idea-de-construir-un-camino-comun\/\"},\"wordCount\":286,\"publisher\":{\"@id\":\"https:\/\/experienciadevida.com.ar\/portalurbano\/#organization\"},\"articleSection\":[\"Ciudad\",\"Destacadas\"],\"inLanguage\":\"es\"},{\"@type\":\"WebPage\",\"@id\":\"https:\/\/experienciadevida.com.ar\/portalurbano\/buscamos-la-unidad-con-la-idea-de-construir-un-camino-comun\/\",\"url\":\"https:\/\/experienciadevida.com.ar\/portalurbano\/buscamos-la-unidad-con-la-idea-de-construir-un-camino-comun\/\",\"name\":\"\\\"Buscamos la unidad con la idea de construir un camino com\u00fan\\\"\",\"isPartOf\":{\"@id\":\"https:\/\/experienciadevida.com.ar\/portalurbano\/#website\"},\"datePublished\":\"2021-02-28T23:01:30+00:00\",\"dateModified\":\"2021-02-28T23:04:31+00:00\",\"description\":\"\\\"Buscamos la unidad con la idea de construir un camino com\u00fan\\\", mencion\u00f3 el Presidente de la junta promotora vecinalista, este s\u00e1bado.\",\"breadcrumb\":{\"@id\":\"https:\/\/experienciadevida.com.ar\/portalurbano\/buscamos-la-unidad-con-la-idea-de-construir-un-camino-comun\/#breadcrumb\"},\"inLanguage\":\"es\",\"potentialAction\":[{\"@type\":\"ReadAction\",\"target\":[\"https:\/\/experienciadevida.com.ar\/portalurbano\/buscamos-la-unidad-con-la-idea-de-construir-un-camino-comun\/\"]}]},{\"@type\":\"BreadcrumbList\",\"@id\":\"https:\/\/experienciadevida.com.ar\/portalurbano\/buscamos-la-unidad-con-la-idea-de-construir-un-camino-comun\/#breadcrumb\",\"itemListElement\":[{\"@type\":\"ListItem\",\"position\":1,\"name\":\"Portada\",\"item\":\"https:\/\/experienciadevida.com.ar\/portalurbano\/\"},{\"@type\":\"ListItem\",\"position\":2,\"name\":\"\u00abBuscamos la unidad con la idea de construir un camino com\u00fan\u00bb\"}]},{\"@type\":\"WebSite\",\"@id\":\"https:\/\/experienciadevida.com.ar\/portalurbano\/#website\",\"url\":\"https:\/\/experienciadevida.com.ar\/portalurbano\/\",\"name\":\"\",\"description\":\"\",\"publisher\":{\"@id\":\"https:\/\/experienciadevida.com.ar\/portalurbano\/#organization\"},\"potentialAction\":[{\"@type\":\"SearchAction\",\"target\":{\"@type\":\"EntryPoint\",\"urlTemplate\":\"https:\/\/experienciadevida.com.ar\/portalurbano\/?s={search_term_string}\"},\"query-input\":\"required name=search_term_string\"}],\"inLanguage\":\"es\"},{\"@type\":\"Organization\",\"@id\":\"https:\/\/experienciadevida.com.ar\/portalurbano\/#organization\",\"name\":\"Portal Urbano\",\"url\":\"https:\/\/experienciadevida.com.ar\/portalurbano\/\",\"logo\":{\"@type\":\"ImageObject\",\"inLanguage\":\"es\",\"@id\":\"https:\/\/experienciadevida.com.ar\/portalurbano\/#\/schema\/logo\/image\/\",\"url\":\"https:\/\/experienciadevida.com.ar\/portalurbano\/wp-content\/uploads\/2019\/09\/Logo-Original.png\",\"contentUrl\":\"https:\/\/experienciadevida.com.ar\/portalurbano\/wp-content\/uploads\/2019\/09\/Logo-Original.png\",\"width\":2236,\"height\":1216,\"caption\":\"Portal Urbano\"},\"image\":{\"@id\":\"https:\/\/experienciadevida.com.ar\/portalurbano\/#\/schema\/logo\/image\/\"},\"sameAs\":[\"https:\/\/www.facebook.com\/Portal-Urbano-171542830093757\/\",\"https:\/\/twitter.com\/portalurbanook\",\"https:\/\/www.instagram.com\/_portalurbano\/\",\"https:\/\/www.youtube.com\/channel\/UCXhagIfszH8KxFiOok79zbA?view_as=subscriber\"]},{\"@type\":\"Person\",\"@id\":\"https:\/\/experienciadevida.com.ar\/portalurbano\/#\/schema\/person\/02dd326b1c4b056e9cc972486934a3a7\",\"name\":\"admpu17wp\",\"image\":{\"@type\":\"ImageObject\",\"inLanguage\":\"es\",\"@id\":\"https:\/\/experienciadevida.com.ar\/portalurbano\/#\/schema\/person\/image\/\",\"url\":\"https:\/\/secure.gravatar.com\/avatar\/830d4c57adaae6630765e449a6908047?s=96&d=mm&r=g\",\"contentUrl\":\"https:\/\/secure.gravatar.com\/avatar\/830d4c57adaae6630765e449a6908047?s=96&d=mm&r=g\",\"caption\":\"admpu17wp\"}}]}<\/script>\n<!-- \/ Yoast SEO plugin. -->","yoast_head_json":{"title":"\"Buscamos la unidad con la idea de construir un camino com\u00fan\"","description":"\"Buscamos la unidad con la idea de construir un camino com\u00fan\", mencion\u00f3 el Presidente de la junta promotora vecinalista, este s\u00e1bado.","robots":{"index":"index","follow":"follow","max-snippet":"max-snippet:-1","max-image-preview":"max-image-preview:large","max-video-preview":"max-video-preview:-1"},"canonical":"https:\/\/experienciadevida.com.ar\/portalurbano\/buscamos-la-unidad-con-la-idea-de-construir-un-camino-comun\/","og_locale":"es_ES","og_type":"article","og_title":"\"Buscamos la unidad con la idea de construir un camino com\u00fan\"","og_description":"\"Buscamos la unidad con la idea de construir un camino com\u00fan\", mencion\u00f3 el Presidente de la junta promotora vecinalista, este s\u00e1bado.","og_url":"https:\/\/experienciadevida.com.ar\/portalurbano\/buscamos-la-unidad-con-la-idea-de-construir-un-camino-comun\/","article_publisher":"https:\/\/www.facebook.com\/Portal-Urbano-171542830093757\/","article_published_time":"2021-02-28T23:01:30+00:00","article_modified_time":"2021-02-28T23:04:31+00:00","og_image":[{"width":1280,"height":853,"url":"https:\/\/experienciadevida.com.ar\/portalurbano\/wp-content\/uploads\/2021\/02\/Buscamos-la-unidad.jpg","type":"image\/jpeg"}],"author":"admpu17wp","twitter_card":"summary_large_image","twitter_creator":"@portalurbanook","twitter_site":"@portalurbanook","twitter_misc":{"Escrito por":"admpu17wp","Tiempo de lectura":"2 minutos"},"schema":{"@context":"https:\/\/schema.org","@graph":[{"@type":"Article","@id":"https:\/\/experienciadevida.com.ar\/portalurbano\/buscamos-la-unidad-con-la-idea-de-construir-un-camino-comun\/#article","isPartOf":{"@id":"https:\/\/experienciadevida.com.ar\/portalurbano\/buscamos-la-unidad-con-la-idea-de-construir-un-camino-comun\/"},"author":{"name":"admpu17wp","@id":"https:\/\/experienciadevida.com.ar\/portalurbano\/#\/schema\/person\/02dd326b1c4b056e9cc972486934a3a7"},"headline":"&#8220;Buscamos la unidad con la idea de construir un camino com\u00fan&#8221;","datePublished":"2021-02-28T23:01:30+00:00","dateModified":"2021-02-28T23:04:31+00:00","mainEntityOfPage":{"@id":"https:\/\/experienciadevida.com.ar\/portalurbano\/buscamos-la-unidad-con-la-idea-de-construir-un-camino-comun\/"},"wordCount":286,"publisher":{"@id":"https:\/\/experienciadevida.com.ar\/portalurbano\/#organization"},"articleSection":["Ciudad","Destacadas"],"inLanguage":"es"},{"@type":"WebPage","@id":"https:\/\/experienciadevida.com.ar\/portalurbano\/buscamos-la-unidad-con-la-idea-de-construir-un-camino-comun\/","url":"https:\/\/experienciadevida.com.ar\/portalurbano\/buscamos-la-unidad-con-la-idea-de-construir-un-camino-comun\/","name":"\"Buscamos la unidad con la idea de construir un camino com\u00fan\"","isPartOf":{"@id":"https:\/\/experienciadevida.com.ar\/portalurbano\/#website"},"datePublished":"2021-02-28T23:01:30+00:00","dateModified":"2021-02-28T23:04:31+00:00","description":"\"Buscamos la unidad con la idea de construir un camino com\u00fan\", mencion\u00f3 el Presidente de la junta promotora vecinalista, este s\u00e1bado.","breadcrumb":{"@id":"https:\/\/experienciadevida.com.ar\/portalurbano\/buscamos-la-unidad-con-la-idea-de-construir-un-camino-comun\/#breadcrumb"},"inLanguage":"es","potentialAction":[{"@type":"ReadAction","target":["https:\/\/experienciadevida.com.ar\/portalurbano\/buscamos-la-unidad-con-la-idea-de-construir-un-camino-comun\/"]}]},{"@type":"BreadcrumbList","@id":"https:\/\/experienciadevida.com.ar\/portalurbano\/buscamos-la-unidad-con-la-idea-de-construir-un-camino-comun\/#breadcrumb","itemListElement":[{"@type":"ListItem","position":1,"name":"Portada","item":"https:\/\/experienciadevida.com.ar\/portalurbano\/"},{"@type":"ListItem","position":2,"name":"\u00abBuscamos la unidad con la idea de construir un camino com\u00fan\u00bb"}]},{"@type":"WebSite","@id":"https:\/\/experienciadevida.com.ar\/portalurbano\/#website","url":"https:\/\/experienciadevida.com.ar\/portalurbano\/","name":"","description":"","publisher":{"@id":"https:\/\/experienciadevida.com.ar\/portalurbano\/#organization"},"potentialAction":[{"@type":"SearchAction","target":{"@type":"EntryPoint","urlTemplate":"https:\/\/experienciadevida.com.ar\/portalurbano\/?s={search_term_string}"},"query-input":"required name=search_term_string"}],"inLanguage":"es"},{"@type":"Organization","@id":"https:\/\/experienciadevida.com.ar\/portalurbano\/#organization","name":"Portal Urbano","url":"https:\/\/experienciadevida.com.ar\/portalurbano\/","logo":{"@type":"ImageObject","inLanguage":"es","@id":"https:\/\/experienciadevida.com.ar\/portalurbano\/#\/schema\/logo\/image\/","url":"https:\/\/experienciadevida.com.ar\/portalurbano\/wp-content\/uploads\/2019\/09\/Logo-Original.png","contentUrl":"https:\/\/experienciadevida.com.ar\/portalurbano\/wp-content\/uploads\/2019\/09\/Logo-Original.png","width":2236,"height":1216,"caption":"Portal Urbano"},"image":{"@id":"https:\/\/experienciadevida.com.ar\/portalurbano\/#\/schema\/logo\/image\/"},"sameAs":["https:\/\/www.facebook.com\/Portal-Urbano-171542830093757\/","https:\/\/twitter.com\/portalurbanook","https:\/\/www.instagram.com\/_portalurbano\/","https:\/\/www.youtube.com\/channel\/UCXhagIfszH8KxFiOok79zbA?view_as=subscriber"]},{"@type":"Person","@id":"https:\/\/experienciadevida.com.ar\/portalurbano\/#\/schema\/person\/02dd326b1c4b056e9cc972486934a3a7","name":"admpu17wp","image":{"@type":"ImageObject","inLanguage":"es","@id":"https:\/\/experienciadevida.com.ar\/portalurbano\/#\/schema\/person\/image\/","url":"https:\/\/secure.gravatar.com\/avatar\/830d4c57adaae6630765e449a6908047?s=96&d=mm&r=g","contentUrl":"https:\/\/secure.gravatar.com\/avatar\/830d4c57adaae6630765e449a6908047?s=96&d=mm&r=g","caption":"admpu17wp"}}]}},"featured_image_urls":{"full":["https:\/\/experienciadevida.com.ar\/portalurbano\/wp-content\/uploads\/2021\/02\/Buscamos-la-unidad.jpg",1280,853,false],"thumbnail":["https:\/\/experienciadevida.com.ar\/portalurbano\/wp-content\/uploads\/2021\/02\/Buscamos-la-unidad-150x150.jpg",150,150,true],"medium":["https:\/\/experienciadevida.com.ar\/portalurbano\/wp-content\/uploads\/2021\/02\/Buscamos-la-unidad-300x200.jpg",300,200,true],"medium_large":["https:\/\/experienciadevida.com.ar\/portalurbano\/wp-content\/uploads\/2021\/02\/Buscamos-la-unidad-768x512.jpg",640,427,true],"large":["https:\/\/experienciadevida.com.ar\/portalurbano\/wp-content\/uploads\/2021\/02\/Buscamos-la-unidad-1024x682.jpg",640,426,true],"ug_big":["https:\/\/experienciadevida.com.ar\/portalurbano\/wp-content\/uploads\/2021\/02\/Buscamos-la-unidad-768x512.jpg",768,512,true],"1536x1536":["https:\/\/experienciadevida.com.ar\/portalurbano\/wp-content\/uploads\/2021\/02\/Buscamos-la-unidad.jpg",1280,853,false],"2048x2048":["https:\/\/experienciadevida.com.ar\/portalurbano\/wp-content\/uploads\/2021\/02\/Buscamos-la-unidad.jpg",1280,853,false],"newsever-slider-full":["https:\/\/experienciadevida.com.ar\/portalurbano\/wp-content\/uploads\/2021\/02\/Buscamos-la-unidad.jpg",1268,845,false],"newsever-featured":["https:\/\/experienciadevida.com.ar\/portalurbano\/wp-content\/uploads\/2021\/02\/Buscamos-la-unidad.jpg",1024,682,false],"newsever-medium":["https:\/\/experienciadevida.com.ar\/portalurbano\/wp-content\/uploads\/2021\/02\/Buscamos-la-unidad.jpg",713,475,false],"web-stories-poster-portrait":["https:\/\/experienciadevida.com.ar\/portalurbano\/wp-content\/uploads\/2021\/02\/Buscamos-la-unidad.jpg",640,427,false],"web-stories-publisher-logo":["https:\/\/experienciadevida.com.ar\/portalurbano\/wp-content\/uploads\/2021\/02\/Buscamos-la-unidad.jpg",96,64,false],"web-stories-thumbnail":["https:\/\/experienciadevida.com.ar\/portalurbano\/wp-content\/uploads\/2021\/02\/Buscamos-la-unidad.jpg",150,100,false]},"author_info":{"display_name":"admpu17wp","author_link":"https:\/\/experienciadevida.com.ar\/portalurbano\/author\/admpu17wp\/"},"category_info":"<a href=\"https:\/\/experienciadevida.com.ar\/portalurbano\/category\/ciudad\/\" rel=\"category tag\">Ciudad<\/a> <a href=\"https:\/\/experienciadevida.com.ar\/portalurbano\/category\/destacadas\/\" rel=\"category tag\">Destacadas<\/a>","tag_info":"Destacadas","comment_count":"0","amp_enabled":true,"_links":{"self":[{"href":"https:\/\/experienciadevida.com.ar\/portalurbano\/wp-json\/wp\/v2\/posts\/136246"}],"collection":[{"href":"https:\/\/experienciadevida.com.ar\/portalurbano\/wp-json\/wp\/v2\/posts"}],"about":[{"href":"https:\/\/experienciadevida.com.ar\/portalurbano\/wp-json\/wp\/v2\/types\/post"}],"author":[{"embeddable":true,"href":"https:\/\/experienciadevida.com.ar\/portalurbano\/wp-json\/wp\/v2\/users\/1"}],"replies":[{"embeddable":true,"href":"https:\/\/experienciadevida.com.ar\/portalurbano\/wp-json\/wp\/v2\/comments?post=136246"}],"version-history":[{"count":4,"href":"https:\/\/experienciadevida.com.ar\/portalurbano\/wp-json\/wp\/v2\/posts\/136246\/revisions"}],"predecessor-version":[{"id":136255,"href":"https:\/\/experienciadevida.com.ar\/portalurbano\/wp-json\/wp\/v2\/posts\/136246\/revisions\/136255"}],"wp:featuredmedia":[{"embeddable":true,"href":"https:\/\/experienciadevida.com.ar\/portalurbano\/wp-json\/wp\/v2\/media\/136253"}],"wp:attachment":[{"href":"https:\/\/experienciadevida.com.ar\/portalurbano\/wp-json\/wp\/v2\/media?parent=136246"}],"wp:term":[{"taxonomy":"category","embeddable":true,"href":"https:\/\/experienciadevida.com.ar\/portalurbano\/wp-json\/wp\/v2\/categories?post=136246"},{"taxonomy":"post_tag","embeddable":true,"href":"https:\/\/experienciadevida.com.ar\/portalurbano\/wp-json\/wp\/v2\/tags?post=136246"}],"curies":[{"name":"wp","href":"https:\/\/api.w.org\/{rel}","templated":true}]}}