{"id":136234,"date":"2021-02-28T11:34:11","date_gmt":"2021-02-28T14:34:11","guid":{"rendered":"https:\/\/experienciadevida.com.ar\/portalurbano\/?p=136234"},"modified":"2021-02-28T11:39:20","modified_gmt":"2021-02-28T14:39:20","slug":"tribuna-docente-rechaza-la-propuesta-salarial-a-la-baja-y-contra-la-presencialidad-sin-condiciones","status":"publish","type":"post","link":"https:\/\/experienciadevida.com.ar\/portalurbano\/tribuna-docente-rechaza-la-propuesta-salarial-a-la-baja-y-contra-la-presencialidad-sin-condiciones\/","title":{"rendered":"Tribuna Docente rechaza la propuesta salarial a la baja y contra la presencialidad sin condiciones\u00a0"},"content":{"rendered":"<p><strong>Vamos al Paro de 48 hs de no inicio el 1 y 2 de Marzo &#8211; propuesta salarial a la baja<\/strong><\/p>\n<p>Entre gallos y medianoche el gobierno de Axel Kicillof present\u00f3 una propuesta salarial el viernes a la noche para cerrar la paritaria docente antes del inicio de clases del 1 de Marzo. Esta propuesta consolida el salario docente por debajo de la canasta de pobreza, que hoy est\u00e1 en $56.000. Por ejemplo, el salario de una maestra sin antig\u00fcedad en marzo queda $ 15.000 debajo de la l\u00ednea de pobreza. Un preceptor sin antig\u00fcedad, $20.000 por debajo. Ni con el aumento de todo el a\u00f1o un maestro alcanzar\u00eda el salario de pobreza.<\/p>\n<p>La proyecci\u00f3n inflacionaria se ubica en el 50% seg\u00fan el c\u00e1lculo del Banco Central, pero Kicillof presenta una propuesta paritaria que perder\u00e1 un 15% este a\u00f1o y que se suma a la p\u00e9rdida del a\u00f1o pasado de un 8.5%. Este<br \/>\nporcentaje del 34% no va en su totalidad a los jubilados ya que abarca sumas en negro como el Incentivo Docente y otras. Tampoco hay clausula gatillo, solo &#8220;revisi\u00f3n&#8221; si fuera necesario en el \u00faltimo trimestre.<\/p>\n<p>A esto se suma que el gobierno no garantiza las condiciones de seguridad en las escuelas para avanzar en la presencialidad. Mientras se flexibilizan las condiciones sanitarias, de higiene y de infraestructura para la<br \/>\npresencialidad, no ha habido obras y hay escuelas que siguen derruidas. Esto lo comprobamos en nuestra ciudad con lo que ocurre con la Escuela 50.<\/p>\n<p>Las condiciones de salubridad, seguridad e higiene no han sido satisfechas. Tampoco est\u00e1n resueltas las condiciones elementales para la educaci\u00f3n virtual: la conectividad y los equipos siguen a cargo del bolsillo y de las posibilidades de docentes y familias.<\/p>\n<p>El gobierno de Kicillof busca la foto del inicio de clases con salarios de pobreza, a costa de mayores contagios y un derrumbe de la educaci\u00f3n. Baradel, junto al FUDB, tienen un acuerdo para imponer la presencialidad sin garantizar las condiciones sanitarias y con salarios insuficientes ante la creciente inflaci\u00f3n.<\/p>\n<p>En su integraci\u00f3n al gobierno, la conducci\u00f3n del SUTEBA difunde la propuesta 48 hs antes del inicio del ciclo lectivo, tratando de presentar reuniones convocadas de apuro como excusas para la aprobaci\u00f3n. No han llamado a asambleas previas, ni presentado un mandato para considerar la propuesta salarial, lo mismo en relaci\u00f3n a las condiciones sanitarias para el regreso a la presencialidad. Su \u00fanica preocupaci\u00f3n es sostener la pol\u00edtica del gobierno. Por su lado, UDOCBA rechaza la propuesta salarial pero, como el a\u00f1o pasado, no convoca a medidas de fuerza.<\/p>\n<p>Llamamos a que SUTEBA y el FUDB rompan su acuerdo con el gobierno y que convoquen a un paro de NO INICIO de 48 hs, el 1 y 2 de marzo, como lo han resuelto los SUTEBAS Multicolor, llamando a asambleas para debatir con el<br \/>\nconjunto de la docencia.<\/p>\n<p>Desde Tribuna Docente Olavarr\u00eda vamos masivamente al paro de 48 hs el dia 1 y 2 de Marzo que continua el 8 de Marzo, paro internacional por las mujeres. Estas medidas confluyen con el paro de varias provincias: CABA<br \/>\n(ADEMYS), Neuqu\u00e9n, Mendoza, Santa Cruz, Chaco, Entre R\u00edos, Tucum\u00e1n, Catamarca, Formosa, Tierra del Fuego y Salta.<\/p>\n<p><strong>Vamos al paro el 1 y el 2 de Marzo por:<\/strong><\/p>\n<p>\u25cf Rechazo de la oferta insuficiente y tramposa del Gobierno y el SUTEBA. Aumento salarial de emergencia del 50%. Por un b\u00e1sico nacional \u00fanico de $56.000 para todas las escalas y cargos y respeto a las categor\u00edas del estatuto docente. No al impuesto a las ganancias sobre salarios.<\/p>\n<p>\u25cf Que se respete el \u00edndice epidemiol\u00f3gico de la Sociedad Argentina de Pediatr\u00eda (SAP) \u2013 menos de 20 casos cada 100 mil habitantes (medidos en los \u00faltimos 15 d\u00edas), para considerar la viabilidad del regreso a la presencialidad.<\/p>\n<p>\u25cf Obras de reparaci\u00f3n, construcci\u00f3n de aulas y escuelas, para garantizar las condiciones de bioseguridad. Provisi\u00f3n de elementos de protecci\u00f3n e insumos de limpieza e higiene para todos los edificios escolares.<\/p>\n<p>\u25cf Cronograma cierto de vacunaci\u00f3n de docentes y auxiliares en el marco de un plan de vacunaci\u00f3n universal. Repudio al uso de vacunas a los amigos del gobierno.<\/p>\n<p>\u25cf Creaci\u00f3n de nuevos cargos de docentes y auxiliares bajo derechos estatutarios. Rechazo al avance de la precarizaci\u00f3n laboral. Respeto a la jornada laboral. Garant\u00eda salarial para todos los docentes sin cargo<br \/>\nequivalente a un cargo.<\/p>\n<p>\u25cf Conectividad gratuita y entrega de dispositivos para docentes y estudiantes. Mientras eso se garantiza, bono extraordinario para docentes y becas para los estudiantes para hacer frente a esos gastos.<\/p>\n<p>\u25cf Universalizaci\u00f3n del SAE en todos los niveles con alimentos en cantidad y calidad nutricional adecuadas para les estudiantes.<\/p>\n<p>\u25cf Aumento de emergencia del presupuesto educativo, en base al no pago de la deuda. Plata para educaci\u00f3n y no para el FMI.<\/p>\n","protected":false},"excerpt":{"rendered":"<p>Vamos al Paro de 48 hs de no inicio el 1 y 2 de Marzo&#8230;<\/p>\n","protected":false},"author":1,"featured_media":136235,"comment_status":"closed","ping_status":"closed","sticky":false,"template":"","format":"standard","meta":{"content-type":""},"categories":[27,51],"tags":[621],"nelio_content":{"isAutoShareEnabled":false,"autoShareEndMode":"default","automationSources":{"useContentSentences":true,"useSocialTemplates":true,"useCustomSentences":false,"customSentences":[]},"followers":[1],"suggestedReferences":[],"includedReferences":[],"efiUrl":"","efiAlt":"","highlights":[]},"yoast_head":"<!-- This site is optimized with the Yoast SEO plugin v20.7 - https:\/\/yoast.com\/wordpress\/plugins\/seo\/ -->\n<title>Tribuna Docente rechaza la propuesta salarial a la baja y contra la<\/title>\n<meta name=\"description\" content=\"Entre gallos y medianoche el gobierno de Axel Kicillof present\u00f3 una propuesta salarial el viernes a la noche para cerrar la paritaria docente\" \/>\n<meta name=\"robots\" content=\"index, follow, max-snippet:-1, max-image-preview:large, max-video-preview:-1\" \/>\n<link rel=\"canonical\" href=\"https:\/\/experienciadevida.com.ar\/portalurbano\/tribuna-docente-rechaza-la-propuesta-salarial-a-la-baja-y-contra-la-presencialidad-sin-condiciones\/\" \/>\n<meta property=\"og:locale\" content=\"es_ES\" \/>\n<meta property=\"og:type\" content=\"article\" \/>\n<meta property=\"og:title\" content=\"Tribuna Docente rechaza la propuesta salarial a la baja y contra la\" \/>\n<meta property=\"og:description\" content=\"Entre gallos y medianoche el gobierno de Axel Kicillof present\u00f3 una propuesta salarial el viernes a la noche para cerrar la paritaria docente\" \/>\n<meta property=\"og:url\" content=\"https:\/\/experienciadevida.com.ar\/portalurbano\/tribuna-docente-rechaza-la-propuesta-salarial-a-la-baja-y-contra-la-presencialidad-sin-condiciones\/\" \/>\n<meta property=\"article:publisher\" content=\"https:\/\/www.facebook.com\/Portal-Urbano-171542830093757\/\" \/>\n<meta property=\"article:published_time\" content=\"2021-02-28T14:34:11+00:00\" \/>\n<meta property=\"article:modified_time\" content=\"2021-02-28T14:39:20+00:00\" \/>\n<meta property=\"og:image\" content=\"https:\/\/experienciadevida.com.ar\/portalurbano\/wp-content\/uploads\/2021\/02\/Flyer-paro-1-y2-e1614522840233.jpg\" \/>\n\t<meta property=\"og:image:width\" content=\"800\" \/>\n\t<meta property=\"og:image:height\" content=\"980\" \/>\n\t<meta property=\"og:image:type\" content=\"image\/jpeg\" \/>\n<meta name=\"author\" content=\"admpu17wp\" \/>\n<meta name=\"twitter:card\" content=\"summary_large_image\" \/>\n<meta name=\"twitter:creator\" content=\"@portalurbanook\" \/>\n<meta name=\"twitter:site\" content=\"@portalurbanook\" \/>\n<meta name=\"twitter:label1\" content=\"Escrito por\" \/>\n\t<meta name=\"twitter:data1\" content=\"admpu17wp\" \/>\n\t<meta name=\"twitter:label2\" content=\"Tiempo de lectura\" \/>\n\t<meta name=\"twitter:data2\" content=\"4 minutos\" \/>\n<script type=\"application\/ld+json\" class=\"yoast-schema-graph\">{\"@context\":\"https:\/\/schema.org\",\"@graph\":[{\"@type\":\"Article\",\"@id\":\"https:\/\/experienciadevida.com.ar\/portalurbano\/tribuna-docente-rechaza-la-propuesta-salarial-a-la-baja-y-contra-la-presencialidad-sin-condiciones\/#article\",\"isPartOf\":{\"@id\":\"https:\/\/experienciadevida.com.ar\/portalurbano\/tribuna-docente-rechaza-la-propuesta-salarial-a-la-baja-y-contra-la-presencialidad-sin-condiciones\/\"},\"author\":{\"name\":\"admpu17wp\",\"@id\":\"https:\/\/experienciadevida.com.ar\/portalurbano\/#\/schema\/person\/02dd326b1c4b056e9cc972486934a3a7\"},\"headline\":\"Tribuna Docente rechaza la propuesta salarial a la baja y contra la presencialidad sin condiciones\u00a0\",\"datePublished\":\"2021-02-28T14:34:11+00:00\",\"dateModified\":\"2021-02-28T14:39:20+00:00\",\"mainEntityOfPage\":{\"@id\":\"https:\/\/experienciadevida.com.ar\/portalurbano\/tribuna-docente-rechaza-la-propuesta-salarial-a-la-baja-y-contra-la-presencialidad-sin-condiciones\/\"},\"wordCount\":815,\"publisher\":{\"@id\":\"https:\/\/experienciadevida.com.ar\/portalurbano\/#organization\"},\"keywords\":[\"tribuna docente\"],\"articleSection\":[\"Ciudad\",\"Destacadas\"],\"inLanguage\":\"es\"},{\"@type\":\"WebPage\",\"@id\":\"https:\/\/experienciadevida.com.ar\/portalurbano\/tribuna-docente-rechaza-la-propuesta-salarial-a-la-baja-y-contra-la-presencialidad-sin-condiciones\/\",\"url\":\"https:\/\/experienciadevida.com.ar\/portalurbano\/tribuna-docente-rechaza-la-propuesta-salarial-a-la-baja-y-contra-la-presencialidad-sin-condiciones\/\",\"name\":\"Tribuna Docente rechaza la propuesta salarial a la baja y contra la\",\"isPartOf\":{\"@id\":\"https:\/\/experienciadevida.com.ar\/portalurbano\/#website\"},\"datePublished\":\"2021-02-28T14:34:11+00:00\",\"dateModified\":\"2021-02-28T14:39:20+00:00\",\"description\":\"Entre gallos y medianoche el gobierno de Axel Kicillof present\u00f3 una propuesta salarial el viernes a la noche para cerrar la paritaria docente\",\"breadcrumb\":{\"@id\":\"https:\/\/experienciadevida.com.ar\/portalurbano\/tribuna-docente-rechaza-la-propuesta-salarial-a-la-baja-y-contra-la-presencialidad-sin-condiciones\/#breadcrumb\"},\"inLanguage\":\"es\",\"potentialAction\":[{\"@type\":\"ReadAction\",\"target\":[\"https:\/\/experienciadevida.com.ar\/portalurbano\/tribuna-docente-rechaza-la-propuesta-salarial-a-la-baja-y-contra-la-presencialidad-sin-condiciones\/\"]}]},{\"@type\":\"BreadcrumbList\",\"@id\":\"https:\/\/experienciadevida.com.ar\/portalurbano\/tribuna-docente-rechaza-la-propuesta-salarial-a-la-baja-y-contra-la-presencialidad-sin-condiciones\/#breadcrumb\",\"itemListElement\":[{\"@type\":\"ListItem\",\"position\":1,\"name\":\"Portada\",\"item\":\"https:\/\/experienciadevida.com.ar\/portalurbano\/\"},{\"@type\":\"ListItem\",\"position\":2,\"name\":\"Tribuna Docente rechaza la propuesta salarial a la baja y contra la presencialidad sin condiciones\u00a0\"}]},{\"@type\":\"WebSite\",\"@id\":\"https:\/\/experienciadevida.com.ar\/portalurbano\/#website\",\"url\":\"https:\/\/experienciadevida.com.ar\/portalurbano\/\",\"name\":\"\",\"description\":\"\",\"publisher\":{\"@id\":\"https:\/\/experienciadevida.com.ar\/portalurbano\/#organization\"},\"potentialAction\":[{\"@type\":\"SearchAction\",\"target\":{\"@type\":\"EntryPoint\",\"urlTemplate\":\"https:\/\/experienciadevida.com.ar\/portalurbano\/?s={search_term_string}\"},\"query-input\":\"required name=search_term_string\"}],\"inLanguage\":\"es\"},{\"@type\":\"Organization\",\"@id\":\"https:\/\/experienciadevida.com.ar\/portalurbano\/#organization\",\"name\":\"Portal Urbano\",\"url\":\"https:\/\/experienciadevida.com.ar\/portalurbano\/\",\"logo\":{\"@type\":\"ImageObject\",\"inLanguage\":\"es\",\"@id\":\"https:\/\/experienciadevida.com.ar\/portalurbano\/#\/schema\/logo\/image\/\",\"url\":\"https:\/\/experienciadevida.com.ar\/portalurbano\/wp-content\/uploads\/2019\/09\/Logo-Original.png\",\"contentUrl\":\"https:\/\/experienciadevida.com.ar\/portalurbano\/wp-content\/uploads\/2019\/09\/Logo-Original.png\",\"width\":2236,\"height\":1216,\"caption\":\"Portal Urbano\"},\"image\":{\"@id\":\"https:\/\/experienciadevida.com.ar\/portalurbano\/#\/schema\/logo\/image\/\"},\"sameAs\":[\"https:\/\/www.facebook.com\/Portal-Urbano-171542830093757\/\",\"https:\/\/twitter.com\/portalurbanook\",\"https:\/\/www.instagram.com\/_portalurbano\/\",\"https:\/\/www.youtube.com\/channel\/UCXhagIfszH8KxFiOok79zbA?view_as=subscriber\"]},{\"@type\":\"Person\",\"@id\":\"https:\/\/experienciadevida.com.ar\/portalurbano\/#\/schema\/person\/02dd326b1c4b056e9cc972486934a3a7\",\"name\":\"admpu17wp\",\"image\":{\"@type\":\"ImageObject\",\"inLanguage\":\"es\",\"@id\":\"https:\/\/experienciadevida.com.ar\/portalurbano\/#\/schema\/person\/image\/\",\"url\":\"https:\/\/secure.gravatar.com\/avatar\/830d4c57adaae6630765e449a6908047?s=96&d=mm&r=g\",\"contentUrl\":\"https:\/\/secure.gravatar.com\/avatar\/830d4c57adaae6630765e449a6908047?s=96&d=mm&r=g\",\"caption\":\"admpu17wp\"}}]}<\/script>\n<!-- \/ Yoast SEO plugin. -->","yoast_head_json":{"title":"Tribuna Docente rechaza la propuesta salarial a la baja y contra la","description":"Entre gallos y medianoche el gobierno de Axel Kicillof present\u00f3 una propuesta salarial el viernes a la noche para cerrar la paritaria docente","robots":{"index":"index","follow":"follow","max-snippet":"max-snippet:-1","max-image-preview":"max-image-preview:large","max-video-preview":"max-video-preview:-1"},"canonical":"https:\/\/experienciadevida.com.ar\/portalurbano\/tribuna-docente-rechaza-la-propuesta-salarial-a-la-baja-y-contra-la-presencialidad-sin-condiciones\/","og_locale":"es_ES","og_type":"article","og_title":"Tribuna Docente rechaza la propuesta salarial a la baja y contra la","og_description":"Entre gallos y medianoche el gobierno de Axel Kicillof present\u00f3 una propuesta salarial el viernes a la noche para cerrar la paritaria docente","og_url":"https:\/\/experienciadevida.com.ar\/portalurbano\/tribuna-docente-rechaza-la-propuesta-salarial-a-la-baja-y-contra-la-presencialidad-sin-condiciones\/","article_publisher":"https:\/\/www.facebook.com\/Portal-Urbano-171542830093757\/","article_published_time":"2021-02-28T14:34:11+00:00","article_modified_time":"2021-02-28T14:39:20+00:00","og_image":[{"width":800,"height":980,"url":"https:\/\/experienciadevida.com.ar\/portalurbano\/wp-content\/uploads\/2021\/02\/Flyer-paro-1-y2-e1614522840233.jpg","type":"image\/jpeg"}],"author":"admpu17wp","twitter_card":"summary_large_image","twitter_creator":"@portalurbanook","twitter_site":"@portalurbanook","twitter_misc":{"Escrito por":"admpu17wp","Tiempo de lectura":"4 minutos"},"schema":{"@context":"https:\/\/schema.org","@graph":[{"@type":"Article","@id":"https:\/\/experienciadevida.com.ar\/portalurbano\/tribuna-docente-rechaza-la-propuesta-salarial-a-la-baja-y-contra-la-presencialidad-sin-condiciones\/#article","isPartOf":{"@id":"https:\/\/experienciadevida.com.ar\/portalurbano\/tribuna-docente-rechaza-la-propuesta-salarial-a-la-baja-y-contra-la-presencialidad-sin-condiciones\/"},"author":{"name":"admpu17wp","@id":"https:\/\/experienciadevida.com.ar\/portalurbano\/#\/schema\/person\/02dd326b1c4b056e9cc972486934a3a7"},"headline":"Tribuna Docente rechaza la propuesta salarial a la baja y contra la presencialidad sin condiciones\u00a0","datePublished":"2021-02-28T14:34:11+00:00","dateModified":"2021-02-28T14:39:20+00:00","mainEntityOfPage":{"@id":"https:\/\/experienciadevida.com.ar\/portalurbano\/tribuna-docente-rechaza-la-propuesta-salarial-a-la-baja-y-contra-la-presencialidad-sin-condiciones\/"},"wordCount":815,"publisher":{"@id":"https:\/\/experienciadevida.com.ar\/portalurbano\/#organization"},"keywords":["tribuna docente"],"articleSection":["Ciudad","Destacadas"],"inLanguage":"es"},{"@type":"WebPage","@id":"https:\/\/experienciadevida.com.ar\/portalurbano\/tribuna-docente-rechaza-la-propuesta-salarial-a-la-baja-y-contra-la-presencialidad-sin-condiciones\/","url":"https:\/\/experienciadevida.com.ar\/portalurbano\/tribuna-docente-rechaza-la-propuesta-salarial-a-la-baja-y-contra-la-presencialidad-sin-condiciones\/","name":"Tribuna Docente rechaza la propuesta salarial a la baja y contra la","isPartOf":{"@id":"https:\/\/experienciadevida.com.ar\/portalurbano\/#website"},"datePublished":"2021-02-28T14:34:11+00:00","dateModified":"2021-02-28T14:39:20+00:00","description":"Entre gallos y medianoche el gobierno de Axel Kicillof present\u00f3 una propuesta salarial el viernes a la noche para cerrar la paritaria docente","breadcrumb":{"@id":"https:\/\/experienciadevida.com.ar\/portalurbano\/tribuna-docente-rechaza-la-propuesta-salarial-a-la-baja-y-contra-la-presencialidad-sin-condiciones\/#breadcrumb"},"inLanguage":"es","potentialAction":[{"@type":"ReadAction","target":["https:\/\/experienciadevida.com.ar\/portalurbano\/tribuna-docente-rechaza-la-propuesta-salarial-a-la-baja-y-contra-la-presencialidad-sin-condiciones\/"]}]},{"@type":"BreadcrumbList","@id":"https:\/\/experienciadevida.com.ar\/portalurbano\/tribuna-docente-rechaza-la-propuesta-salarial-a-la-baja-y-contra-la-presencialidad-sin-condiciones\/#breadcrumb","itemListElement":[{"@type":"ListItem","position":1,"name":"Portada","item":"https:\/\/experienciadevida.com.ar\/portalurbano\/"},{"@type":"ListItem","position":2,"name":"Tribuna Docente rechaza la propuesta salarial a la baja y contra la presencialidad sin condiciones\u00a0"}]},{"@type":"WebSite","@id":"https:\/\/experienciadevida.com.ar\/portalurbano\/#website","url":"https:\/\/experienciadevida.com.ar\/portalurbano\/","name":"","description":"","publisher":{"@id":"https:\/\/experienciadevida.com.ar\/portalurbano\/#organization"},"potentialAction":[{"@type":"SearchAction","target":{"@type":"EntryPoint","urlTemplate":"https:\/\/experienciadevida.com.ar\/portalurbano\/?s={search_term_string}"},"query-input":"required name=search_term_string"}],"inLanguage":"es"},{"@type":"Organization","@id":"https:\/\/experienciadevida.com.ar\/portalurbano\/#organization","name":"Portal Urbano","url":"https:\/\/experienciadevida.com.ar\/portalurbano\/","logo":{"@type":"ImageObject","inLanguage":"es","@id":"https:\/\/experienciadevida.com.ar\/portalurbano\/#\/schema\/logo\/image\/","url":"https:\/\/experienciadevida.com.ar\/portalurbano\/wp-content\/uploads\/2019\/09\/Logo-Original.png","contentUrl":"https:\/\/experienciadevida.com.ar\/portalurbano\/wp-content\/uploads\/2019\/09\/Logo-Original.png","width":2236,"height":1216,"caption":"Portal Urbano"},"image":{"@id":"https:\/\/experienciadevida.com.ar\/portalurbano\/#\/schema\/logo\/image\/"},"sameAs":["https:\/\/www.facebook.com\/Portal-Urbano-171542830093757\/","https:\/\/twitter.com\/portalurbanook","https:\/\/www.instagram.com\/_portalurbano\/","https:\/\/www.youtube.com\/channel\/UCXhagIfszH8KxFiOok79zbA?view_as=subscriber"]},{"@type":"Person","@id":"https:\/\/experienciadevida.com.ar\/portalurbano\/#\/schema\/person\/02dd326b1c4b056e9cc972486934a3a7","name":"admpu17wp","image":{"@type":"ImageObject","inLanguage":"es","@id":"https:\/\/experienciadevida.com.ar\/portalurbano\/#\/schema\/person\/image\/","url":"https:\/\/secure.gravatar.com\/avatar\/830d4c57adaae6630765e449a6908047?s=96&d=mm&r=g","contentUrl":"https:\/\/secure.gravatar.com\/avatar\/830d4c57adaae6630765e449a6908047?s=96&d=mm&r=g","caption":"admpu17wp"}}]}},"featured_image_urls":{"full":["https:\/\/experienciadevida.com.ar\/portalurbano\/wp-content\/uploads\/2021\/02\/Flyer-paro-1-y2-e1614522840233.jpg",800,980,false],"thumbnail":["https:\/\/experienciadevida.com.ar\/portalurbano\/wp-content\/uploads\/2021\/02\/Flyer-paro-1-y2-150x150.jpg",150,150,true],"medium":["https:\/\/experienciadevida.com.ar\/portalurbano\/wp-content\/uploads\/2021\/02\/Flyer-paro-1-y2-245x300.jpg",245,300,true],"medium_large":["https:\/\/experienciadevida.com.ar\/portalurbano\/wp-content\/uploads\/2021\/02\/Flyer-paro-1-y2-768x941.jpg",640,784,true],"large":["https:\/\/experienciadevida.com.ar\/portalurbano\/wp-content\/uploads\/2021\/02\/Flyer-paro-1-y2-836x1024.jpg",640,784,true],"ug_big":["https:\/\/experienciadevida.com.ar\/portalurbano\/wp-content\/uploads\/2021\/02\/Flyer-paro-1-y2-627x768.jpg",627,768,true],"1536x1536":["https:\/\/experienciadevida.com.ar\/portalurbano\/wp-content\/uploads\/2021\/02\/Flyer-paro-1-y2-e1614522840233.jpg",800,980,false],"2048x2048":["https:\/\/experienciadevida.com.ar\/portalurbano\/wp-content\/uploads\/2021\/02\/Flyer-paro-1-y2-e1614522840233.jpg",800,980,false],"newsever-slider-full":["https:\/\/experienciadevida.com.ar\/portalurbano\/wp-content\/uploads\/2021\/02\/Flyer-paro-1-y2-e1614522840233.jpg",690,845,false],"newsever-featured":["https:\/\/experienciadevida.com.ar\/portalurbano\/wp-content\/uploads\/2021\/02\/Flyer-paro-1-y2-e1614522840233.jpg",800,980,false],"newsever-medium":["https:\/\/experienciadevida.com.ar\/portalurbano\/wp-content\/uploads\/2021\/02\/Flyer-paro-1-y2-e1614522840233.jpg",388,475,false],"web-stories-poster-portrait":["https:\/\/experienciadevida.com.ar\/portalurbano\/wp-content\/uploads\/2021\/02\/Flyer-paro-1-y2-e1614522840233.jpg",640,784,false],"web-stories-publisher-logo":["https:\/\/experienciadevida.com.ar\/portalurbano\/wp-content\/uploads\/2021\/02\/Flyer-paro-1-y2-e1614522840233.jpg",78,96,false],"web-stories-thumbnail":["https:\/\/experienciadevida.com.ar\/portalurbano\/wp-content\/uploads\/2021\/02\/Flyer-paro-1-y2-e1614522840233.jpg",150,184,false]},"author_info":{"display_name":"admpu17wp","author_link":"https:\/\/experienciadevida.com.ar\/portalurbano\/author\/admpu17wp\/"},"category_info":"<a href=\"https:\/\/experienciadevida.com.ar\/portalurbano\/category\/ciudad\/\" rel=\"category tag\">Ciudad<\/a> <a href=\"https:\/\/experienciadevida.com.ar\/portalurbano\/category\/destacadas\/\" rel=\"category tag\">Destacadas<\/a>","tag_info":"Destacadas","comment_count":"0","amp_enabled":true,"_links":{"self":[{"href":"https:\/\/experienciadevida.com.ar\/portalurbano\/wp-json\/wp\/v2\/posts\/136234"}],"collection":[{"href":"https:\/\/experienciadevida.com.ar\/portalurbano\/wp-json\/wp\/v2\/posts"}],"about":[{"href":"https:\/\/experienciadevida.com.ar\/portalurbano\/wp-json\/wp\/v2\/types\/post"}],"author":[{"embeddable":true,"href":"https:\/\/experienciadevida.com.ar\/portalurbano\/wp-json\/wp\/v2\/users\/1"}],"replies":[{"embeddable":true,"href":"https:\/\/experienciadevida.com.ar\/portalurbano\/wp-json\/wp\/v2\/comments?post=136234"}],"version-history":[{"count":2,"href":"https:\/\/experienciadevida.com.ar\/portalurbano\/wp-json\/wp\/v2\/posts\/136234\/revisions"}],"predecessor-version":[{"id":136237,"href":"https:\/\/experienciadevida.com.ar\/portalurbano\/wp-json\/wp\/v2\/posts\/136234\/revisions\/136237"}],"wp:featuredmedia":[{"embeddable":true,"href":"https:\/\/experienciadevida.com.ar\/portalurbano\/wp-json\/wp\/v2\/media\/136235"}],"wp:attachment":[{"href":"https:\/\/experienciadevida.com.ar\/portalurbano\/wp-json\/wp\/v2\/media?parent=136234"}],"wp:term":[{"taxonomy":"category","embeddable":true,"href":"https:\/\/experienciadevida.com.ar\/portalurbano\/wp-json\/wp\/v2\/categories?post=136234"},{"taxonomy":"post_tag","embeddable":true,"href":"https:\/\/experienciadevida.com.ar\/portalurbano\/wp-json\/wp\/v2\/tags?post=136234"}],"curies":[{"name":"wp","href":"https:\/\/api.w.org\/{rel}","templated":true}]}}