{"id":136215,"date":"2021-02-27T17:54:04","date_gmt":"2021-02-27T20:54:04","guid":{"rendered":"https:\/\/experienciadevida.com.ar\/portalurbano\/?p=136215"},"modified":"2021-02-27T17:56:05","modified_gmt":"2021-02-27T20:56:05","slug":"tras-robos-ocurridos-en-parque-sur-realizaron-un-allanamiento-y-secuestraron-armas","status":"publish","type":"post","link":"https:\/\/experienciadevida.com.ar\/portalurbano\/tras-robos-ocurridos-en-parque-sur-realizaron-un-allanamiento-y-secuestraron-armas\/","title":{"rendered":"Tras robos ocurridos en parque sur realizaron un allanamiento y secuestraron armas"},"content":{"rendered":"<p>El personal policial de la comisar\u00eda primera junto con el personal de la comisar\u00eda segunda, polic\u00eda local y grupo GAD realizaron un allanamiento otorgado por el Juzgado de garant\u00edas n\u00b01 en un domicilio ubicado en la calle Aguilar al 1100.<\/p>\n<p>All\u00ed se procedi\u00f3 al secuestro de un arma de fuego tipo carabina calibre 22, un arma de fuego tipo Revolver calibre 22, 55 municiones calibre 22, prendas de vestir, as\u00ed como tambi\u00e9n se procedi\u00f3 al secuestro de plantas de marihuana.<\/p>\n<p>El allanamiento se realiz\u00f3 a ra\u00edz de varios robos ocurridos en Parque Sur.<\/p>\n<p>Los elementos secuestrados fueron llevados hacia la comisar\u00eda primera, y para con el morador de la vivienda se le iniciaron las actuaciones de rigor.<\/p>\n<p>En el hecho intervino la UFIn \u00b04.<\/p>\n","protected":false},"excerpt":{"rendered":"<p>El personal policial de la comisar\u00eda primera junto con el personal de la comisar\u00eda segunda,&#8230;<\/p>\n","protected":false},"author":1,"featured_media":136216,"comment_status":"closed","ping_status":"closed","sticky":false,"template":"","format":"standard","meta":{"content-type":""},"categories":[64,40],"tags":[],"nelio_content":{"isAutoShareEnabled":false,"autoShareEndMode":"default","automationSources":{"useContentSentences":true,"useSocialTemplates":true,"useCustomSentences":false,"customSentences":[]},"followers":[1],"suggestedReferences":[],"includedReferences":[],"efiUrl":"","efiAlt":"","highlights":[]},"yoast_head":"<!-- This site is optimized with the Yoast SEO plugin v20.7 - https:\/\/yoast.com\/wordpress\/plugins\/seo\/ -->\n<title>Tras robos ocurridos en parque sur realizaron un allanamiento y secuestraron armas -<\/title>\n<meta name=\"robots\" content=\"index, follow, max-snippet:-1, max-image-preview:large, max-video-preview:-1\" \/>\n<link rel=\"canonical\" href=\"https:\/\/experienciadevida.com.ar\/portalurbano\/tras-robos-ocurridos-en-parque-sur-realizaron-un-allanamiento-y-secuestraron-armas\/\" \/>\n<meta property=\"og:locale\" content=\"es_ES\" \/>\n<meta property=\"og:type\" content=\"article\" \/>\n<meta property=\"og:title\" content=\"Tras robos ocurridos en parque sur realizaron un allanamiento y secuestraron armas -\" \/>\n<meta property=\"og:description\" content=\"El personal policial de la comisar\u00eda primera junto con el personal de la comisar\u00eda segunda,...\" \/>\n<meta property=\"og:url\" content=\"https:\/\/experienciadevida.com.ar\/portalurbano\/tras-robos-ocurridos-en-parque-sur-realizaron-un-allanamiento-y-secuestraron-armas\/\" \/>\n<meta property=\"article:publisher\" content=\"https:\/\/www.facebook.com\/Portal-Urbano-171542830093757\/\" \/>\n<meta property=\"article:published_time\" content=\"2021-02-27T20:54:04+00:00\" \/>\n<meta property=\"article:modified_time\" content=\"2021-02-27T20:56:05+00:00\" \/>\n<meta property=\"og:image\" content=\"https:\/\/experienciadevida.com.ar\/portalurbano\/wp-content\/uploads\/2021\/02\/4d9d44bc-0813-4e65-9bf9-1d1731bcad96.jpg\" \/>\n\t<meta property=\"og:image:width\" content=\"765\" \/>\n\t<meta property=\"og:image:height\" content=\"649\" \/>\n\t<meta property=\"og:image:type\" content=\"image\/jpeg\" \/>\n<meta name=\"author\" content=\"admpu17wp\" \/>\n<meta name=\"twitter:card\" content=\"summary_large_image\" \/>\n<meta name=\"twitter:creator\" content=\"@portalurbanook\" \/>\n<meta name=\"twitter:site\" content=\"@portalurbanook\" \/>\n<meta name=\"twitter:label1\" content=\"Escrito por\" \/>\n\t<meta name=\"twitter:data1\" content=\"admpu17wp\" \/>\n\t<meta name=\"twitter:label2\" content=\"Tiempo de lectura\" \/>\n\t<meta name=\"twitter:data2\" content=\"1 minuto\" \/>\n<script type=\"application\/ld+json\" class=\"yoast-schema-graph\">{\"@context\":\"https:\/\/schema.org\",\"@graph\":[{\"@type\":\"Article\",\"@id\":\"https:\/\/experienciadevida.com.ar\/portalurbano\/tras-robos-ocurridos-en-parque-sur-realizaron-un-allanamiento-y-secuestraron-armas\/#article\",\"isPartOf\":{\"@id\":\"https:\/\/experienciadevida.com.ar\/portalurbano\/tras-robos-ocurridos-en-parque-sur-realizaron-un-allanamiento-y-secuestraron-armas\/\"},\"author\":{\"name\":\"admpu17wp\",\"@id\":\"https:\/\/experienciadevida.com.ar\/portalurbano\/#\/schema\/person\/02dd326b1c4b056e9cc972486934a3a7\"},\"headline\":\"Tras robos ocurridos en parque sur realizaron un allanamiento y secuestraron armas\",\"datePublished\":\"2021-02-27T20:54:04+00:00\",\"dateModified\":\"2021-02-27T20:56:05+00:00\",\"mainEntityOfPage\":{\"@id\":\"https:\/\/experienciadevida.com.ar\/portalurbano\/tras-robos-ocurridos-en-parque-sur-realizaron-un-allanamiento-y-secuestraron-armas\/\"},\"wordCount\":137,\"publisher\":{\"@id\":\"https:\/\/experienciadevida.com.ar\/portalurbano\/#organization\"},\"articleSection\":[\"Destacadas 2\",\"Policiales\"],\"inLanguage\":\"es\"},{\"@type\":\"WebPage\",\"@id\":\"https:\/\/experienciadevida.com.ar\/portalurbano\/tras-robos-ocurridos-en-parque-sur-realizaron-un-allanamiento-y-secuestraron-armas\/\",\"url\":\"https:\/\/experienciadevida.com.ar\/portalurbano\/tras-robos-ocurridos-en-parque-sur-realizaron-un-allanamiento-y-secuestraron-armas\/\",\"name\":\"Tras robos ocurridos en parque sur realizaron un allanamiento y secuestraron armas -\",\"isPartOf\":{\"@id\":\"https:\/\/experienciadevida.com.ar\/portalurbano\/#website\"},\"datePublished\":\"2021-02-27T20:54:04+00:00\",\"dateModified\":\"2021-02-27T20:56:05+00:00\",\"breadcrumb\":{\"@id\":\"https:\/\/experienciadevida.com.ar\/portalurbano\/tras-robos-ocurridos-en-parque-sur-realizaron-un-allanamiento-y-secuestraron-armas\/#breadcrumb\"},\"inLanguage\":\"es\",\"potentialAction\":[{\"@type\":\"ReadAction\",\"target\":[\"https:\/\/experienciadevida.com.ar\/portalurbano\/tras-robos-ocurridos-en-parque-sur-realizaron-un-allanamiento-y-secuestraron-armas\/\"]}]},{\"@type\":\"BreadcrumbList\",\"@id\":\"https:\/\/experienciadevida.com.ar\/portalurbano\/tras-robos-ocurridos-en-parque-sur-realizaron-un-allanamiento-y-secuestraron-armas\/#breadcrumb\",\"itemListElement\":[{\"@type\":\"ListItem\",\"position\":1,\"name\":\"Portada\",\"item\":\"https:\/\/experienciadevida.com.ar\/portalurbano\/\"},{\"@type\":\"ListItem\",\"position\":2,\"name\":\"Tras robos ocurridos en parque sur realizaron un allanamiento y secuestraron armas\"}]},{\"@type\":\"WebSite\",\"@id\":\"https:\/\/experienciadevida.com.ar\/portalurbano\/#website\",\"url\":\"https:\/\/experienciadevida.com.ar\/portalurbano\/\",\"name\":\"\",\"description\":\"\",\"publisher\":{\"@id\":\"https:\/\/experienciadevida.com.ar\/portalurbano\/#organization\"},\"potentialAction\":[{\"@type\":\"SearchAction\",\"target\":{\"@type\":\"EntryPoint\",\"urlTemplate\":\"https:\/\/experienciadevida.com.ar\/portalurbano\/?s={search_term_string}\"},\"query-input\":\"required name=search_term_string\"}],\"inLanguage\":\"es\"},{\"@type\":\"Organization\",\"@id\":\"https:\/\/experienciadevida.com.ar\/portalurbano\/#organization\",\"name\":\"Portal Urbano\",\"url\":\"https:\/\/experienciadevida.com.ar\/portalurbano\/\",\"logo\":{\"@type\":\"ImageObject\",\"inLanguage\":\"es\",\"@id\":\"https:\/\/experienciadevida.com.ar\/portalurbano\/#\/schema\/logo\/image\/\",\"url\":\"https:\/\/experienciadevida.com.ar\/portalurbano\/wp-content\/uploads\/2019\/09\/Logo-Original.png\",\"contentUrl\":\"https:\/\/experienciadevida.com.ar\/portalurbano\/wp-content\/uploads\/2019\/09\/Logo-Original.png\",\"width\":2236,\"height\":1216,\"caption\":\"Portal Urbano\"},\"image\":{\"@id\":\"https:\/\/experienciadevida.com.ar\/portalurbano\/#\/schema\/logo\/image\/\"},\"sameAs\":[\"https:\/\/www.facebook.com\/Portal-Urbano-171542830093757\/\",\"https:\/\/twitter.com\/portalurbanook\",\"https:\/\/www.instagram.com\/_portalurbano\/\",\"https:\/\/www.youtube.com\/channel\/UCXhagIfszH8KxFiOok79zbA?view_as=subscriber\"]},{\"@type\":\"Person\",\"@id\":\"https:\/\/experienciadevida.com.ar\/portalurbano\/#\/schema\/person\/02dd326b1c4b056e9cc972486934a3a7\",\"name\":\"admpu17wp\",\"image\":{\"@type\":\"ImageObject\",\"inLanguage\":\"es\",\"@id\":\"https:\/\/experienciadevida.com.ar\/portalurbano\/#\/schema\/person\/image\/\",\"url\":\"https:\/\/secure.gravatar.com\/avatar\/830d4c57adaae6630765e449a6908047?s=96&d=mm&r=g\",\"contentUrl\":\"https:\/\/secure.gravatar.com\/avatar\/830d4c57adaae6630765e449a6908047?s=96&d=mm&r=g\",\"caption\":\"admpu17wp\"}}]}<\/script>\n<!-- \/ Yoast SEO plugin. -->","yoast_head_json":{"title":"Tras robos ocurridos en parque sur realizaron un allanamiento y secuestraron armas -","robots":{"index":"index","follow":"follow","max-snippet":"max-snippet:-1","max-image-preview":"max-image-preview:large","max-video-preview":"max-video-preview:-1"},"canonical":"https:\/\/experienciadevida.com.ar\/portalurbano\/tras-robos-ocurridos-en-parque-sur-realizaron-un-allanamiento-y-secuestraron-armas\/","og_locale":"es_ES","og_type":"article","og_title":"Tras robos ocurridos en parque sur realizaron un allanamiento y secuestraron armas -","og_description":"El personal policial de la comisar\u00eda primera junto con el personal de la comisar\u00eda segunda,...","og_url":"https:\/\/experienciadevida.com.ar\/portalurbano\/tras-robos-ocurridos-en-parque-sur-realizaron-un-allanamiento-y-secuestraron-armas\/","article_publisher":"https:\/\/www.facebook.com\/Portal-Urbano-171542830093757\/","article_published_time":"2021-02-27T20:54:04+00:00","article_modified_time":"2021-02-27T20:56:05+00:00","og_image":[{"width":765,"height":649,"url":"https:\/\/experienciadevida.com.ar\/portalurbano\/wp-content\/uploads\/2021\/02\/4d9d44bc-0813-4e65-9bf9-1d1731bcad96.jpg","type":"image\/jpeg"}],"author":"admpu17wp","twitter_card":"summary_large_image","twitter_creator":"@portalurbanook","twitter_site":"@portalurbanook","twitter_misc":{"Escrito por":"admpu17wp","Tiempo de lectura":"1 minuto"},"schema":{"@context":"https:\/\/schema.org","@graph":[{"@type":"Article","@id":"https:\/\/experienciadevida.com.ar\/portalurbano\/tras-robos-ocurridos-en-parque-sur-realizaron-un-allanamiento-y-secuestraron-armas\/#article","isPartOf":{"@id":"https:\/\/experienciadevida.com.ar\/portalurbano\/tras-robos-ocurridos-en-parque-sur-realizaron-un-allanamiento-y-secuestraron-armas\/"},"author":{"name":"admpu17wp","@id":"https:\/\/experienciadevida.com.ar\/portalurbano\/#\/schema\/person\/02dd326b1c4b056e9cc972486934a3a7"},"headline":"Tras robos ocurridos en parque sur realizaron un allanamiento y secuestraron armas","datePublished":"2021-02-27T20:54:04+00:00","dateModified":"2021-02-27T20:56:05+00:00","mainEntityOfPage":{"@id":"https:\/\/experienciadevida.com.ar\/portalurbano\/tras-robos-ocurridos-en-parque-sur-realizaron-un-allanamiento-y-secuestraron-armas\/"},"wordCount":137,"publisher":{"@id":"https:\/\/experienciadevida.com.ar\/portalurbano\/#organization"},"articleSection":["Destacadas 2","Policiales"],"inLanguage":"es"},{"@type":"WebPage","@id":"https:\/\/experienciadevida.com.ar\/portalurbano\/tras-robos-ocurridos-en-parque-sur-realizaron-un-allanamiento-y-secuestraron-armas\/","url":"https:\/\/experienciadevida.com.ar\/portalurbano\/tras-robos-ocurridos-en-parque-sur-realizaron-un-allanamiento-y-secuestraron-armas\/","name":"Tras robos ocurridos en parque sur realizaron un allanamiento y secuestraron armas -","isPartOf":{"@id":"https:\/\/experienciadevida.com.ar\/portalurbano\/#website"},"datePublished":"2021-02-27T20:54:04+00:00","dateModified":"2021-02-27T20:56:05+00:00","breadcrumb":{"@id":"https:\/\/experienciadevida.com.ar\/portalurbano\/tras-robos-ocurridos-en-parque-sur-realizaron-un-allanamiento-y-secuestraron-armas\/#breadcrumb"},"inLanguage":"es","potentialAction":[{"@type":"ReadAction","target":["https:\/\/experienciadevida.com.ar\/portalurbano\/tras-robos-ocurridos-en-parque-sur-realizaron-un-allanamiento-y-secuestraron-armas\/"]}]},{"@type":"BreadcrumbList","@id":"https:\/\/experienciadevida.com.ar\/portalurbano\/tras-robos-ocurridos-en-parque-sur-realizaron-un-allanamiento-y-secuestraron-armas\/#breadcrumb","itemListElement":[{"@type":"ListItem","position":1,"name":"Portada","item":"https:\/\/experienciadevida.com.ar\/portalurbano\/"},{"@type":"ListItem","position":2,"name":"Tras robos ocurridos en parque sur realizaron un allanamiento y secuestraron armas"}]},{"@type":"WebSite","@id":"https:\/\/experienciadevida.com.ar\/portalurbano\/#website","url":"https:\/\/experienciadevida.com.ar\/portalurbano\/","name":"","description":"","publisher":{"@id":"https:\/\/experienciadevida.com.ar\/portalurbano\/#organization"},"potentialAction":[{"@type":"SearchAction","target":{"@type":"EntryPoint","urlTemplate":"https:\/\/experienciadevida.com.ar\/portalurbano\/?s={search_term_string}"},"query-input":"required name=search_term_string"}],"inLanguage":"es"},{"@type":"Organization","@id":"https:\/\/experienciadevida.com.ar\/portalurbano\/#organization","name":"Portal Urbano","url":"https:\/\/experienciadevida.com.ar\/portalurbano\/","logo":{"@type":"ImageObject","inLanguage":"es","@id":"https:\/\/experienciadevida.com.ar\/portalurbano\/#\/schema\/logo\/image\/","url":"https:\/\/experienciadevida.com.ar\/portalurbano\/wp-content\/uploads\/2019\/09\/Logo-Original.png","contentUrl":"https:\/\/experienciadevida.com.ar\/portalurbano\/wp-content\/uploads\/2019\/09\/Logo-Original.png","width":2236,"height":1216,"caption":"Portal Urbano"},"image":{"@id":"https:\/\/experienciadevida.com.ar\/portalurbano\/#\/schema\/logo\/image\/"},"sameAs":["https:\/\/www.facebook.com\/Portal-Urbano-171542830093757\/","https:\/\/twitter.com\/portalurbanook","https:\/\/www.instagram.com\/_portalurbano\/","https:\/\/www.youtube.com\/channel\/UCXhagIfszH8KxFiOok79zbA?view_as=subscriber"]},{"@type":"Person","@id":"https:\/\/experienciadevida.com.ar\/portalurbano\/#\/schema\/person\/02dd326b1c4b056e9cc972486934a3a7","name":"admpu17wp","image":{"@type":"ImageObject","inLanguage":"es","@id":"https:\/\/experienciadevida.com.ar\/portalurbano\/#\/schema\/person\/image\/","url":"https:\/\/secure.gravatar.com\/avatar\/830d4c57adaae6630765e449a6908047?s=96&d=mm&r=g","contentUrl":"https:\/\/secure.gravatar.com\/avatar\/830d4c57adaae6630765e449a6908047?s=96&d=mm&r=g","caption":"admpu17wp"}}]}},"featured_image_urls":{"full":["https:\/\/experienciadevida.com.ar\/portalurbano\/wp-content\/uploads\/2021\/02\/4d9d44bc-0813-4e65-9bf9-1d1731bcad96.jpg",765,649,false],"thumbnail":["https:\/\/experienciadevida.com.ar\/portalurbano\/wp-content\/uploads\/2021\/02\/4d9d44bc-0813-4e65-9bf9-1d1731bcad96-150x150.jpg",150,150,true],"medium":["https:\/\/experienciadevida.com.ar\/portalurbano\/wp-content\/uploads\/2021\/02\/4d9d44bc-0813-4e65-9bf9-1d1731bcad96-300x255.jpg",300,255,true],"medium_large":["https:\/\/experienciadevida.com.ar\/portalurbano\/wp-content\/uploads\/2021\/02\/4d9d44bc-0813-4e65-9bf9-1d1731bcad96.jpg",640,543,false],"large":["https:\/\/experienciadevida.com.ar\/portalurbano\/wp-content\/uploads\/2021\/02\/4d9d44bc-0813-4e65-9bf9-1d1731bcad96.jpg",640,543,false],"ug_big":["https:\/\/experienciadevida.com.ar\/portalurbano\/wp-content\/uploads\/2021\/02\/4d9d44bc-0813-4e65-9bf9-1d1731bcad96.jpg",765,649,false],"1536x1536":["https:\/\/experienciadevida.com.ar\/portalurbano\/wp-content\/uploads\/2021\/02\/4d9d44bc-0813-4e65-9bf9-1d1731bcad96.jpg",765,649,false],"2048x2048":["https:\/\/experienciadevida.com.ar\/portalurbano\/wp-content\/uploads\/2021\/02\/4d9d44bc-0813-4e65-9bf9-1d1731bcad96.jpg",765,649,false],"newsever-slider-full":["https:\/\/experienciadevida.com.ar\/portalurbano\/wp-content\/uploads\/2021\/02\/4d9d44bc-0813-4e65-9bf9-1d1731bcad96.jpg",765,649,false],"newsever-featured":["https:\/\/experienciadevida.com.ar\/portalurbano\/wp-content\/uploads\/2021\/02\/4d9d44bc-0813-4e65-9bf9-1d1731bcad96.jpg",765,649,false],"newsever-medium":["https:\/\/experienciadevida.com.ar\/portalurbano\/wp-content\/uploads\/2021\/02\/4d9d44bc-0813-4e65-9bf9-1d1731bcad96.jpg",560,475,false],"web-stories-poster-portrait":["https:\/\/experienciadevida.com.ar\/portalurbano\/wp-content\/uploads\/2021\/02\/4d9d44bc-0813-4e65-9bf9-1d1731bcad96.jpg",640,543,false],"web-stories-publisher-logo":["https:\/\/experienciadevida.com.ar\/portalurbano\/wp-content\/uploads\/2021\/02\/4d9d44bc-0813-4e65-9bf9-1d1731bcad96.jpg",96,81,false],"web-stories-thumbnail":["https:\/\/experienciadevida.com.ar\/portalurbano\/wp-content\/uploads\/2021\/02\/4d9d44bc-0813-4e65-9bf9-1d1731bcad96.jpg",150,127,false]},"author_info":{"display_name":"admpu17wp","author_link":"https:\/\/experienciadevida.com.ar\/portalurbano\/author\/admpu17wp\/"},"category_info":"<a href=\"https:\/\/experienciadevida.com.ar\/portalurbano\/category\/destacadas-2\/\" rel=\"category tag\">Destacadas 2<\/a> <a href=\"https:\/\/experienciadevida.com.ar\/portalurbano\/category\/policiales\/\" rel=\"category tag\">Policiales<\/a>","tag_info":"Policiales","comment_count":"0","amp_enabled":true,"_links":{"self":[{"href":"https:\/\/experienciadevida.com.ar\/portalurbano\/wp-json\/wp\/v2\/posts\/136215"}],"collection":[{"href":"https:\/\/experienciadevida.com.ar\/portalurbano\/wp-json\/wp\/v2\/posts"}],"about":[{"href":"https:\/\/experienciadevida.com.ar\/portalurbano\/wp-json\/wp\/v2\/types\/post"}],"author":[{"embeddable":true,"href":"https:\/\/experienciadevida.com.ar\/portalurbano\/wp-json\/wp\/v2\/users\/1"}],"replies":[{"embeddable":true,"href":"https:\/\/experienciadevida.com.ar\/portalurbano\/wp-json\/wp\/v2\/comments?post=136215"}],"version-history":[{"count":3,"href":"https:\/\/experienciadevida.com.ar\/portalurbano\/wp-json\/wp\/v2\/posts\/136215\/revisions"}],"predecessor-version":[{"id":136219,"href":"https:\/\/experienciadevida.com.ar\/portalurbano\/wp-json\/wp\/v2\/posts\/136215\/revisions\/136219"}],"wp:featuredmedia":[{"embeddable":true,"href":"https:\/\/experienciadevida.com.ar\/portalurbano\/wp-json\/wp\/v2\/media\/136216"}],"wp:attachment":[{"href":"https:\/\/experienciadevida.com.ar\/portalurbano\/wp-json\/wp\/v2\/media?parent=136215"}],"wp:term":[{"taxonomy":"category","embeddable":true,"href":"https:\/\/experienciadevida.com.ar\/portalurbano\/wp-json\/wp\/v2\/categories?post=136215"},{"taxonomy":"post_tag","embeddable":true,"href":"https:\/\/experienciadevida.com.ar\/portalurbano\/wp-json\/wp\/v2\/tags?post=136215"}],"curies":[{"name":"wp","href":"https:\/\/api.w.org\/{rel}","templated":true}]}}