{"id":136087,"date":"2021-02-26T15:40:21","date_gmt":"2021-02-26T18:40:21","guid":{"rendered":"https:\/\/experienciadevida.com.ar\/portalurbano\/?p=136087"},"modified":"2021-02-26T15:44:43","modified_gmt":"2021-02-26T18:44:43","slug":"franco-illescas-queremos-darle-al-radicalismo-la-mejor-conduccion","status":"publish","type":"post","link":"https:\/\/experienciadevida.com.ar\/portalurbano\/franco-illescas-queremos-darle-al-radicalismo-la-mejor-conduccion\/","title":{"rendered":"Franco Illescas: &#8220;Queremos darle al radicalismo la mejor conducci\u00f3n&#8221;"},"content":{"rendered":"<p>Franco Illescas: &#8220;Queremos darle al radicalismo\u00a0 la mejor conducci\u00f3n&#8221;. En la jornada de este viernes se inaugur\u00f3 el local Partidario de Adelante Olavarr\u00eda, que se encuentra ubicado en la calle Vicente L\u00f3pez 2607. All\u00ed estuvieron presentes el polit\u00f3logo Andr\u00e9s <a href=\"https:\/\/experienciadevida.com.ar\/portalurbano\/el-politologo-andres-malamud-llega-a-olavarria-para-brindar-su-apoyo-a-franco-illescas\/\">Malamud<\/a>, \u00a0candidato a Convencional Nacional del Radicalismo, la Diputada Provincial y vicepresidenta del Comit\u00e9 Nacional de la UCR Alejandra Lorden y el Senador Provincial Alejandro Cellillo y Franco Illescas.<\/p>\n<p><a href=\"https:\/\/www.facebook.com\/franco.illescas.1\">Franco Illescas<\/a> mencion\u00f3<em> &#8220;estoy orgulloso de la gente que nos acompa\u00f1a d\u00eda a d\u00eda, tenemos un grupo de personas que est\u00e1n trabajando con nosotros, en equipos t\u00e9cnicos en la campa\u00f1a de las elecciones internas del pr\u00f3ximo 21, pero no solamente eso es lo que tenemos sino que tenemos el respaldo de gente prestigiosa que nos acompa\u00f1a d\u00eda a d\u00eda tambi\u00e9n y a veces desde la distancia porque no pueden estar ac\u00e1, hoy para m\u00ed es un honor tener con nosotros\u00a0 a estos referentes provinciales, locales\u00a0 e internacionales, que nos est\u00e1n acompa\u00f1ando y nos est\u00e1n brindando su apoyo&#8221;.<\/em><\/p>\n<p><em>&#8220;Adem\u00e1s de compartir nuestra opini\u00f3n hoy es dar la inauguraci\u00f3n a este local partidario, el cual puede estar funcionando hoy en d\u00eda gracias a la colaboraci\u00f3n de nuestro referentes de la provincia, de nuestros concejales de ac\u00e1 de Olavarr\u00eda Celeste Arouxet y Guillermo Lascano,\u00a0 y la colaboraci\u00f3n de un mont\u00f3n de personas que hacen posible que de ahora en m\u00e1s el radicalismo tenga un espacio para el cual puedan intercambiar ideas y sumarse al proyecto tan ambicioso que tenemos. Tenemos que tener la esencia que ten\u00edan nuestros antecesores pol\u00edticos, que tambi\u00e9n nos representaron pero hoy tenemos que trabajar en lo generacional&#8221;.<\/em><\/p>\n<p>Por \u00faltimo Franco Illescas dijo <em>&#8220;queremos darle al radicalismo de Olavarr\u00eda y de la provincia la mejor conducci\u00f3n, estuvimos trabajando 4 a\u00f1os dentro de un proyecto en el cual vali\u00f3\u00a0 para poder tener hoy en d\u00eda la cantidad de intendentes y legisladores en las distintas ciudades y hoy podemos hablar de un radicalismo que est\u00e1 totalmente unido en la provincia y que esta apoyando a cada una de las localidades de la lista 123, con la que estamos trabajando para generar proyectos en todas las ciudades para poder Gobernar&#8221;.<\/em><\/p>\n","protected":false},"excerpt":{"rendered":"<p>Franco Illescas: &#8220;Queremos darle al radicalismo\u00a0 la mejor conducci\u00f3n&#8221;. En la jornada de este viernes&#8230;<\/p>\n","protected":false},"author":1,"featured_media":136088,"comment_status":"closed","ping_status":"closed","sticky":false,"template":"","format":"standard","meta":{"content-type":""},"categories":[51,43],"tags":[],"nelio_content":{"isAutoShareEnabled":false,"autoShareEndMode":"default","automationSources":{"useContentSentences":true,"useSocialTemplates":true,"useCustomSentences":false,"customSentences":[]},"followers":[1],"suggestedReferences":[],"includedReferences":[],"efiUrl":"","efiAlt":"","highlights":[]},"yoast_head":"<!-- This site is optimized with the Yoast SEO plugin v20.7 - https:\/\/yoast.com\/wordpress\/plugins\/seo\/ -->\n<title>Franco Illescas: &quot;Queremos darle al radicalismo la mejor conducci\u00f3n&quot;<\/title>\n<meta name=\"description\" content=\"Franco Illescas: &quot;Queremos darle al radicalismo\u00a0 la mejor conducci\u00f3n&quot; En la jornada de este viernes se inaugur\u00f3 el local de Adelante Olavarr\u00eda\" \/>\n<meta name=\"robots\" content=\"index, follow, max-snippet:-1, max-image-preview:large, max-video-preview:-1\" \/>\n<link rel=\"canonical\" href=\"https:\/\/experienciadevida.com.ar\/portalurbano\/franco-illescas-queremos-darle-al-radicalismo-la-mejor-conduccion\/\" \/>\n<meta property=\"og:locale\" content=\"es_ES\" \/>\n<meta property=\"og:type\" content=\"article\" \/>\n<meta property=\"og:title\" content=\"Franco Illescas: &quot;Queremos darle al radicalismo la mejor conducci\u00f3n&quot;\" \/>\n<meta property=\"og:description\" content=\"Franco Illescas: &quot;Queremos darle al radicalismo\u00a0 la mejor conducci\u00f3n&quot; En la jornada de este viernes se inaugur\u00f3 el local de Adelante Olavarr\u00eda\" \/>\n<meta property=\"og:url\" content=\"https:\/\/experienciadevida.com.ar\/portalurbano\/franco-illescas-queremos-darle-al-radicalismo-la-mejor-conduccion\/\" \/>\n<meta property=\"article:publisher\" content=\"https:\/\/www.facebook.com\/Portal-Urbano-171542830093757\/\" \/>\n<meta property=\"article:published_time\" content=\"2021-02-26T18:40:21+00:00\" \/>\n<meta property=\"article:modified_time\" content=\"2021-02-26T18:44:43+00:00\" \/>\n<meta property=\"og:image\" content=\"https:\/\/experienciadevida.com.ar\/portalurbano\/wp-content\/uploads\/2021\/02\/Conferencia.jpg\" \/>\n\t<meta property=\"og:image:width\" content=\"765\" \/>\n\t<meta property=\"og:image:height\" content=\"484\" \/>\n\t<meta property=\"og:image:type\" content=\"image\/jpeg\" \/>\n<meta name=\"author\" content=\"admpu17wp\" \/>\n<meta name=\"twitter:card\" content=\"summary_large_image\" \/>\n<meta name=\"twitter:creator\" content=\"@portalurbanook\" \/>\n<meta name=\"twitter:site\" content=\"@portalurbanook\" \/>\n<meta name=\"twitter:label1\" content=\"Escrito por\" \/>\n\t<meta name=\"twitter:data1\" content=\"admpu17wp\" \/>\n\t<meta name=\"twitter:label2\" content=\"Tiempo de lectura\" \/>\n\t<meta name=\"twitter:data2\" content=\"2 minutos\" \/>\n<script type=\"application\/ld+json\" class=\"yoast-schema-graph\">{\"@context\":\"https:\/\/schema.org\",\"@graph\":[{\"@type\":\"Article\",\"@id\":\"https:\/\/experienciadevida.com.ar\/portalurbano\/franco-illescas-queremos-darle-al-radicalismo-la-mejor-conduccion\/#article\",\"isPartOf\":{\"@id\":\"https:\/\/experienciadevida.com.ar\/portalurbano\/franco-illescas-queremos-darle-al-radicalismo-la-mejor-conduccion\/\"},\"author\":{\"name\":\"admpu17wp\",\"@id\":\"https:\/\/experienciadevida.com.ar\/portalurbano\/#\/schema\/person\/02dd326b1c4b056e9cc972486934a3a7\"},\"headline\":\"Franco Illescas: &#8220;Queremos darle al radicalismo la mejor conducci\u00f3n&#8221;\",\"datePublished\":\"2021-02-26T18:40:21+00:00\",\"dateModified\":\"2021-02-26T18:44:43+00:00\",\"mainEntityOfPage\":{\"@id\":\"https:\/\/experienciadevida.com.ar\/portalurbano\/franco-illescas-queremos-darle-al-radicalismo-la-mejor-conduccion\/\"},\"wordCount\":396,\"publisher\":{\"@id\":\"https:\/\/experienciadevida.com.ar\/portalurbano\/#organization\"},\"articleSection\":[\"Destacadas\",\"Pol\u00edtica\"],\"inLanguage\":\"es\"},{\"@type\":\"WebPage\",\"@id\":\"https:\/\/experienciadevida.com.ar\/portalurbano\/franco-illescas-queremos-darle-al-radicalismo-la-mejor-conduccion\/\",\"url\":\"https:\/\/experienciadevida.com.ar\/portalurbano\/franco-illescas-queremos-darle-al-radicalismo-la-mejor-conduccion\/\",\"name\":\"Franco Illescas: \\\"Queremos darle al radicalismo la mejor conducci\u00f3n\\\"\",\"isPartOf\":{\"@id\":\"https:\/\/experienciadevida.com.ar\/portalurbano\/#website\"},\"datePublished\":\"2021-02-26T18:40:21+00:00\",\"dateModified\":\"2021-02-26T18:44:43+00:00\",\"description\":\"Franco Illescas: \\\"Queremos darle al radicalismo\u00a0 la mejor conducci\u00f3n\\\" En la jornada de este viernes se inaugur\u00f3 el local de Adelante Olavarr\u00eda\",\"breadcrumb\":{\"@id\":\"https:\/\/experienciadevida.com.ar\/portalurbano\/franco-illescas-queremos-darle-al-radicalismo-la-mejor-conduccion\/#breadcrumb\"},\"inLanguage\":\"es\",\"potentialAction\":[{\"@type\":\"ReadAction\",\"target\":[\"https:\/\/experienciadevida.com.ar\/portalurbano\/franco-illescas-queremos-darle-al-radicalismo-la-mejor-conduccion\/\"]}]},{\"@type\":\"BreadcrumbList\",\"@id\":\"https:\/\/experienciadevida.com.ar\/portalurbano\/franco-illescas-queremos-darle-al-radicalismo-la-mejor-conduccion\/#breadcrumb\",\"itemListElement\":[{\"@type\":\"ListItem\",\"position\":1,\"name\":\"Portada\",\"item\":\"https:\/\/experienciadevida.com.ar\/portalurbano\/\"},{\"@type\":\"ListItem\",\"position\":2,\"name\":\"Franco Illescas: \u00abQueremos darle al radicalismo la mejor conducci\u00f3n\u00bb\"}]},{\"@type\":\"WebSite\",\"@id\":\"https:\/\/experienciadevida.com.ar\/portalurbano\/#website\",\"url\":\"https:\/\/experienciadevida.com.ar\/portalurbano\/\",\"name\":\"\",\"description\":\"\",\"publisher\":{\"@id\":\"https:\/\/experienciadevida.com.ar\/portalurbano\/#organization\"},\"potentialAction\":[{\"@type\":\"SearchAction\",\"target\":{\"@type\":\"EntryPoint\",\"urlTemplate\":\"https:\/\/experienciadevida.com.ar\/portalurbano\/?s={search_term_string}\"},\"query-input\":\"required name=search_term_string\"}],\"inLanguage\":\"es\"},{\"@type\":\"Organization\",\"@id\":\"https:\/\/experienciadevida.com.ar\/portalurbano\/#organization\",\"name\":\"Portal Urbano\",\"url\":\"https:\/\/experienciadevida.com.ar\/portalurbano\/\",\"logo\":{\"@type\":\"ImageObject\",\"inLanguage\":\"es\",\"@id\":\"https:\/\/experienciadevida.com.ar\/portalurbano\/#\/schema\/logo\/image\/\",\"url\":\"https:\/\/experienciadevida.com.ar\/portalurbano\/wp-content\/uploads\/2019\/09\/Logo-Original.png\",\"contentUrl\":\"https:\/\/experienciadevida.com.ar\/portalurbano\/wp-content\/uploads\/2019\/09\/Logo-Original.png\",\"width\":2236,\"height\":1216,\"caption\":\"Portal Urbano\"},\"image\":{\"@id\":\"https:\/\/experienciadevida.com.ar\/portalurbano\/#\/schema\/logo\/image\/\"},\"sameAs\":[\"https:\/\/www.facebook.com\/Portal-Urbano-171542830093757\/\",\"https:\/\/twitter.com\/portalurbanook\",\"https:\/\/www.instagram.com\/_portalurbano\/\",\"https:\/\/www.youtube.com\/channel\/UCXhagIfszH8KxFiOok79zbA?view_as=subscriber\"]},{\"@type\":\"Person\",\"@id\":\"https:\/\/experienciadevida.com.ar\/portalurbano\/#\/schema\/person\/02dd326b1c4b056e9cc972486934a3a7\",\"name\":\"admpu17wp\",\"image\":{\"@type\":\"ImageObject\",\"inLanguage\":\"es\",\"@id\":\"https:\/\/experienciadevida.com.ar\/portalurbano\/#\/schema\/person\/image\/\",\"url\":\"https:\/\/secure.gravatar.com\/avatar\/830d4c57adaae6630765e449a6908047?s=96&d=mm&r=g\",\"contentUrl\":\"https:\/\/secure.gravatar.com\/avatar\/830d4c57adaae6630765e449a6908047?s=96&d=mm&r=g\",\"caption\":\"admpu17wp\"}}]}<\/script>\n<!-- \/ Yoast SEO plugin. -->","yoast_head_json":{"title":"Franco Illescas: \"Queremos darle al radicalismo la mejor conducci\u00f3n\"","description":"Franco Illescas: \"Queremos darle al radicalismo\u00a0 la mejor conducci\u00f3n\" En la jornada de este viernes se inaugur\u00f3 el local de Adelante Olavarr\u00eda","robots":{"index":"index","follow":"follow","max-snippet":"max-snippet:-1","max-image-preview":"max-image-preview:large","max-video-preview":"max-video-preview:-1"},"canonical":"https:\/\/experienciadevida.com.ar\/portalurbano\/franco-illescas-queremos-darle-al-radicalismo-la-mejor-conduccion\/","og_locale":"es_ES","og_type":"article","og_title":"Franco Illescas: \"Queremos darle al radicalismo la mejor conducci\u00f3n\"","og_description":"Franco Illescas: \"Queremos darle al radicalismo\u00a0 la mejor conducci\u00f3n\" En la jornada de este viernes se inaugur\u00f3 el local de Adelante Olavarr\u00eda","og_url":"https:\/\/experienciadevida.com.ar\/portalurbano\/franco-illescas-queremos-darle-al-radicalismo-la-mejor-conduccion\/","article_publisher":"https:\/\/www.facebook.com\/Portal-Urbano-171542830093757\/","article_published_time":"2021-02-26T18:40:21+00:00","article_modified_time":"2021-02-26T18:44:43+00:00","og_image":[{"width":765,"height":484,"url":"https:\/\/experienciadevida.com.ar\/portalurbano\/wp-content\/uploads\/2021\/02\/Conferencia.jpg","type":"image\/jpeg"}],"author":"admpu17wp","twitter_card":"summary_large_image","twitter_creator":"@portalurbanook","twitter_site":"@portalurbanook","twitter_misc":{"Escrito por":"admpu17wp","Tiempo de lectura":"2 minutos"},"schema":{"@context":"https:\/\/schema.org","@graph":[{"@type":"Article","@id":"https:\/\/experienciadevida.com.ar\/portalurbano\/franco-illescas-queremos-darle-al-radicalismo-la-mejor-conduccion\/#article","isPartOf":{"@id":"https:\/\/experienciadevida.com.ar\/portalurbano\/franco-illescas-queremos-darle-al-radicalismo-la-mejor-conduccion\/"},"author":{"name":"admpu17wp","@id":"https:\/\/experienciadevida.com.ar\/portalurbano\/#\/schema\/person\/02dd326b1c4b056e9cc972486934a3a7"},"headline":"Franco Illescas: &#8220;Queremos darle al radicalismo la mejor conducci\u00f3n&#8221;","datePublished":"2021-02-26T18:40:21+00:00","dateModified":"2021-02-26T18:44:43+00:00","mainEntityOfPage":{"@id":"https:\/\/experienciadevida.com.ar\/portalurbano\/franco-illescas-queremos-darle-al-radicalismo-la-mejor-conduccion\/"},"wordCount":396,"publisher":{"@id":"https:\/\/experienciadevida.com.ar\/portalurbano\/#organization"},"articleSection":["Destacadas","Pol\u00edtica"],"inLanguage":"es"},{"@type":"WebPage","@id":"https:\/\/experienciadevida.com.ar\/portalurbano\/franco-illescas-queremos-darle-al-radicalismo-la-mejor-conduccion\/","url":"https:\/\/experienciadevida.com.ar\/portalurbano\/franco-illescas-queremos-darle-al-radicalismo-la-mejor-conduccion\/","name":"Franco Illescas: \"Queremos darle al radicalismo la mejor conducci\u00f3n\"","isPartOf":{"@id":"https:\/\/experienciadevida.com.ar\/portalurbano\/#website"},"datePublished":"2021-02-26T18:40:21+00:00","dateModified":"2021-02-26T18:44:43+00:00","description":"Franco Illescas: \"Queremos darle al radicalismo\u00a0 la mejor conducci\u00f3n\" En la jornada de este viernes se inaugur\u00f3 el local de Adelante Olavarr\u00eda","breadcrumb":{"@id":"https:\/\/experienciadevida.com.ar\/portalurbano\/franco-illescas-queremos-darle-al-radicalismo-la-mejor-conduccion\/#breadcrumb"},"inLanguage":"es","potentialAction":[{"@type":"ReadAction","target":["https:\/\/experienciadevida.com.ar\/portalurbano\/franco-illescas-queremos-darle-al-radicalismo-la-mejor-conduccion\/"]}]},{"@type":"BreadcrumbList","@id":"https:\/\/experienciadevida.com.ar\/portalurbano\/franco-illescas-queremos-darle-al-radicalismo-la-mejor-conduccion\/#breadcrumb","itemListElement":[{"@type":"ListItem","position":1,"name":"Portada","item":"https:\/\/experienciadevida.com.ar\/portalurbano\/"},{"@type":"ListItem","position":2,"name":"Franco Illescas: \u00abQueremos darle al radicalismo la mejor conducci\u00f3n\u00bb"}]},{"@type":"WebSite","@id":"https:\/\/experienciadevida.com.ar\/portalurbano\/#website","url":"https:\/\/experienciadevida.com.ar\/portalurbano\/","name":"","description":"","publisher":{"@id":"https:\/\/experienciadevida.com.ar\/portalurbano\/#organization"},"potentialAction":[{"@type":"SearchAction","target":{"@type":"EntryPoint","urlTemplate":"https:\/\/experienciadevida.com.ar\/portalurbano\/?s={search_term_string}"},"query-input":"required name=search_term_string"}],"inLanguage":"es"},{"@type":"Organization","@id":"https:\/\/experienciadevida.com.ar\/portalurbano\/#organization","name":"Portal Urbano","url":"https:\/\/experienciadevida.com.ar\/portalurbano\/","logo":{"@type":"ImageObject","inLanguage":"es","@id":"https:\/\/experienciadevida.com.ar\/portalurbano\/#\/schema\/logo\/image\/","url":"https:\/\/experienciadevida.com.ar\/portalurbano\/wp-content\/uploads\/2019\/09\/Logo-Original.png","contentUrl":"https:\/\/experienciadevida.com.ar\/portalurbano\/wp-content\/uploads\/2019\/09\/Logo-Original.png","width":2236,"height":1216,"caption":"Portal Urbano"},"image":{"@id":"https:\/\/experienciadevida.com.ar\/portalurbano\/#\/schema\/logo\/image\/"},"sameAs":["https:\/\/www.facebook.com\/Portal-Urbano-171542830093757\/","https:\/\/twitter.com\/portalurbanook","https:\/\/www.instagram.com\/_portalurbano\/","https:\/\/www.youtube.com\/channel\/UCXhagIfszH8KxFiOok79zbA?view_as=subscriber"]},{"@type":"Person","@id":"https:\/\/experienciadevida.com.ar\/portalurbano\/#\/schema\/person\/02dd326b1c4b056e9cc972486934a3a7","name":"admpu17wp","image":{"@type":"ImageObject","inLanguage":"es","@id":"https:\/\/experienciadevida.com.ar\/portalurbano\/#\/schema\/person\/image\/","url":"https:\/\/secure.gravatar.com\/avatar\/830d4c57adaae6630765e449a6908047?s=96&d=mm&r=g","contentUrl":"https:\/\/secure.gravatar.com\/avatar\/830d4c57adaae6630765e449a6908047?s=96&d=mm&r=g","caption":"admpu17wp"}}]}},"featured_image_urls":{"full":["https:\/\/experienciadevida.com.ar\/portalurbano\/wp-content\/uploads\/2021\/02\/Conferencia.jpg",765,484,false],"thumbnail":["https:\/\/experienciadevida.com.ar\/portalurbano\/wp-content\/uploads\/2021\/02\/Conferencia-150x150.jpg",150,150,true],"medium":["https:\/\/experienciadevida.com.ar\/portalurbano\/wp-content\/uploads\/2021\/02\/Conferencia-300x190.jpg",300,190,true],"medium_large":["https:\/\/experienciadevida.com.ar\/portalurbano\/wp-content\/uploads\/2021\/02\/Conferencia.jpg",640,405,false],"large":["https:\/\/experienciadevida.com.ar\/portalurbano\/wp-content\/uploads\/2021\/02\/Conferencia.jpg",640,405,false],"ug_big":["https:\/\/experienciadevida.com.ar\/portalurbano\/wp-content\/uploads\/2021\/02\/Conferencia.jpg",765,484,false],"1536x1536":["https:\/\/experienciadevida.com.ar\/portalurbano\/wp-content\/uploads\/2021\/02\/Conferencia.jpg",765,484,false],"2048x2048":["https:\/\/experienciadevida.com.ar\/portalurbano\/wp-content\/uploads\/2021\/02\/Conferencia.jpg",765,484,false],"newsever-slider-full":["https:\/\/experienciadevida.com.ar\/portalurbano\/wp-content\/uploads\/2021\/02\/Conferencia.jpg",765,484,false],"newsever-featured":["https:\/\/experienciadevida.com.ar\/portalurbano\/wp-content\/uploads\/2021\/02\/Conferencia.jpg",765,484,false],"newsever-medium":["https:\/\/experienciadevida.com.ar\/portalurbano\/wp-content\/uploads\/2021\/02\/Conferencia.jpg",720,456,false],"web-stories-poster-portrait":["https:\/\/experienciadevida.com.ar\/portalurbano\/wp-content\/uploads\/2021\/02\/Conferencia.jpg",640,405,false],"web-stories-publisher-logo":["https:\/\/experienciadevida.com.ar\/portalurbano\/wp-content\/uploads\/2021\/02\/Conferencia.jpg",96,61,false],"web-stories-thumbnail":["https:\/\/experienciadevida.com.ar\/portalurbano\/wp-content\/uploads\/2021\/02\/Conferencia.jpg",150,95,false]},"author_info":{"display_name":"admpu17wp","author_link":"https:\/\/experienciadevida.com.ar\/portalurbano\/author\/admpu17wp\/"},"category_info":"<a href=\"https:\/\/experienciadevida.com.ar\/portalurbano\/category\/destacadas\/\" rel=\"category tag\">Destacadas<\/a> <a href=\"https:\/\/experienciadevida.com.ar\/portalurbano\/category\/politica\/\" rel=\"category tag\">Pol\u00edtica<\/a>","tag_info":"Pol\u00edtica","comment_count":"0","amp_enabled":true,"_links":{"self":[{"href":"https:\/\/experienciadevida.com.ar\/portalurbano\/wp-json\/wp\/v2\/posts\/136087"}],"collection":[{"href":"https:\/\/experienciadevida.com.ar\/portalurbano\/wp-json\/wp\/v2\/posts"}],"about":[{"href":"https:\/\/experienciadevida.com.ar\/portalurbano\/wp-json\/wp\/v2\/types\/post"}],"author":[{"embeddable":true,"href":"https:\/\/experienciadevida.com.ar\/portalurbano\/wp-json\/wp\/v2\/users\/1"}],"replies":[{"embeddable":true,"href":"https:\/\/experienciadevida.com.ar\/portalurbano\/wp-json\/wp\/v2\/comments?post=136087"}],"version-history":[{"count":4,"href":"https:\/\/experienciadevida.com.ar\/portalurbano\/wp-json\/wp\/v2\/posts\/136087\/revisions"}],"predecessor-version":[{"id":136090,"href":"https:\/\/experienciadevida.com.ar\/portalurbano\/wp-json\/wp\/v2\/posts\/136087\/revisions\/136090"}],"wp:featuredmedia":[{"embeddable":true,"href":"https:\/\/experienciadevida.com.ar\/portalurbano\/wp-json\/wp\/v2\/media\/136088"}],"wp:attachment":[{"href":"https:\/\/experienciadevida.com.ar\/portalurbano\/wp-json\/wp\/v2\/media?parent=136087"}],"wp:term":[{"taxonomy":"category","embeddable":true,"href":"https:\/\/experienciadevida.com.ar\/portalurbano\/wp-json\/wp\/v2\/categories?post=136087"},{"taxonomy":"post_tag","embeddable":true,"href":"https:\/\/experienciadevida.com.ar\/portalurbano\/wp-json\/wp\/v2\/tags?post=136087"}],"curies":[{"name":"wp","href":"https:\/\/api.w.org\/{rel}","templated":true}]}}