{"id":136004,"date":"2021-02-25T13:43:40","date_gmt":"2021-02-25T16:43:40","guid":{"rendered":"https:\/\/experienciadevida.com.ar\/portalurbano\/?p=136004"},"modified":"2021-02-25T13:44:17","modified_gmt":"2021-02-25T16:44:17","slug":"ines-cremier-sobre-la-actividad-del-dia-de-la-mujer-es-una-lucha-para-reclamar-derechos-que-nos-corresponden","status":"publish","type":"post","link":"https:\/\/experienciadevida.com.ar\/portalurbano\/ines-cremier-sobre-la-actividad-del-dia-de-la-mujer-es-una-lucha-para-reclamar-derechos-que-nos-corresponden\/","title":{"rendered":"Ines Cremier sobre la actividad del d\u00eda de la mujer: &#8220;es una lucha para reclamar derechos que nos corresponden&#8221;"},"content":{"rendered":"<p>Ines Cremier sobre la actividad del d\u00eda de la mujer: &#8220;es una lucha para reclamar derechos que nos corresponden&#8221; <a href=\"https:\/\/experienciadevida.com.ar\/portalurbano\/el-foro-olavarria-prepara-el-dia-de-la-mujer-de-manera-virtual\/\">El Foro Olavarr\u00eda prepara el d\u00eda de la mujer de manera virtual<\/a>. Este medio dialog\u00f3 con la concejal In\u00e9s Creimer quien nos cont\u00f3 detalles del evento.<\/p>\n<p><a href=\"https:\/\/www.facebook.com\/ines.creimer\">In\u00e9s Creimer<\/a> <em>&#8220;nosotros\u00a0 hemos venido haciendo en pandemia algunos streaming con un vivo a la gorra, artistas locales,\u00a0 y\u00a0 el carnaval. Se aproxima el 8 de marzo y los preparativos para la conmemoraci\u00f3n del d\u00eda internacional de la mujer, nos pareci\u00f3 que tambi\u00e9n ten\u00edamos que estar presentes y tener una propuesta desde nuestro espacio&#8221;.<\/em><\/p>\n<p><em>&#8220;El vivo se realizar\u00e1 desde la Casa &#8220;Chino&#8221; Correa con una propuesta art\u00edstica y un documental con testimonios de mujeres&#8221;.<\/em><\/p>\n<p>In\u00e9s Creimer sobre la actividad del d\u00eda de la mujer remarc\u00f3 que &#8220;<em>la problem\u00e1tica que atravesamos las mujeres es hist\u00f3rica, una lucha por reclamar aquellos derechos que nos corresponden y que no nos son respetados, que tiene que ver con la violencia que sufrimos las mujeres en varios aspectos de la vida de cada una y que llevado a su m\u00e1xima expresi\u00f3n se termina transformando en un tremendo dolor ps\u00edquico y corporal. Es una lucha que venimos llevando las mujeres desde hace a\u00f1os y que a partir de ni una menos se ha venido transformando en una lucha organizada&#8221;.\u00a0<\/em><\/p>\n<p><em>&#8220;El 8M es una fecha que haba de un reclamo tambi\u00e9n en relaci\u00f3n a los derechos laborales de las mujeres y es una fecha que no deber\u00edamos pasar por alto porque est\u00e1 bien claro y m\u00e1s que comprobado que si no somos nosotras quienes reclamamos por nuestros derechos nadie m\u00e1s lo va a hacer, es un desaf\u00edo que tenemos las mujeres y como siempre sostengo es un desaf\u00edo que vamos pasando, desde edades m\u00e1s tempranas tienen en claro cu\u00e1les son los derechos que les corresponden y hay que reclamarlos para que sean respetados&#8221;.\u00a0<\/em><\/p>\n<p>Por otro lado In\u00e9s Creimer sobre la actividad del d\u00eda de la mujer mencion\u00f3 &#8220;<em>a\u00f1o a a\u00f1o se est\u00e1 visibilizando, luchando sobre cu\u00e1l es el camino que tenemos que seguir recorriendo y poco a poco las que somos m\u00e1s grandes pasamos la &#8220;posta&#8221; a las que son m\u00e1s j\u00f3venes y que afortunadamente tienen mucha m\u00e1s fuerza&#8221;.<\/em><\/p>\n<p>Por \u00faltimo remarco que el 8M a las 21hs por las redes del Foro Olavarr\u00eda estar\u00e1 el evento por el d\u00eda internacional de la mujer con la participaci\u00f3n de j\u00f3venes artistas, m\u00fasica y artistas pl\u00e1sticos.<\/p>\n","protected":false},"excerpt":{"rendered":"<p>Ines Cremier sobre la actividad del d\u00eda de la mujer: &#8220;es una lucha para reclamar&#8230;<\/p>\n","protected":false},"author":1,"featured_media":118108,"comment_status":"closed","ping_status":"closed","sticky":false,"template":"","format":"standard","meta":{"content-type":""},"categories":[27,64],"tags":[],"nelio_content":{"isAutoShareEnabled":false,"autoShareEndMode":"default","automationSources":{"useContentSentences":true,"useSocialTemplates":true,"useCustomSentences":false,"customSentences":[]},"followers":[1],"suggestedReferences":[],"includedReferences":[],"efiUrl":"","efiAlt":"","highlights":[]},"yoast_head":"<!-- This site is optimized with the Yoast SEO plugin v20.7 - https:\/\/yoast.com\/wordpress\/plugins\/seo\/ -->\n<title>In\u00e9s Cremier sobre la actividad del d\u00eda de la mujer: &quot;Es una lucha&quot;<\/title>\n<meta name=\"description\" content=\"Ines Cremier sobre la actividad del d\u00eda de la mujer: &quot;es una lucha para reclamar derechos que nos corresponden&quot; mencion\u00f3.\" \/>\n<meta name=\"robots\" content=\"index, follow, max-snippet:-1, max-image-preview:large, max-video-preview:-1\" \/>\n<link rel=\"canonical\" href=\"https:\/\/experienciadevida.com.ar\/portalurbano\/ines-cremier-sobre-la-actividad-del-dia-de-la-mujer-es-una-lucha-para-reclamar-derechos-que-nos-corresponden\/\" \/>\n<meta property=\"og:locale\" content=\"es_ES\" \/>\n<meta property=\"og:type\" content=\"article\" \/>\n<meta property=\"og:title\" content=\"In\u00e9s Cremier sobre la actividad del d\u00eda de la mujer: &quot;Es una lucha&quot;\" \/>\n<meta property=\"og:description\" content=\"Ines Cremier sobre la actividad del d\u00eda de la mujer: &quot;es una lucha para reclamar derechos que nos corresponden&quot; mencion\u00f3.\" \/>\n<meta property=\"og:url\" content=\"https:\/\/experienciadevida.com.ar\/portalurbano\/ines-cremier-sobre-la-actividad-del-dia-de-la-mujer-es-una-lucha-para-reclamar-derechos-que-nos-corresponden\/\" \/>\n<meta property=\"article:publisher\" content=\"https:\/\/www.facebook.com\/Portal-Urbano-171542830093757\/\" \/>\n<meta property=\"article:published_time\" content=\"2021-02-25T16:43:40+00:00\" \/>\n<meta property=\"article:modified_time\" content=\"2021-02-25T16:44:17+00:00\" \/>\n<meta property=\"og:image\" content=\"https:\/\/experienciadevida.com.ar\/portalurbano\/wp-content\/uploads\/2020\/08\/inescreimer1308-e1597435286950.jpg\" \/>\n\t<meta property=\"og:image:width\" content=\"750\" \/>\n\t<meta property=\"og:image:height\" content=\"445\" \/>\n\t<meta property=\"og:image:type\" content=\"image\/jpeg\" \/>\n<meta name=\"author\" content=\"admpu17wp\" \/>\n<meta name=\"twitter:card\" content=\"summary_large_image\" \/>\n<meta name=\"twitter:creator\" content=\"@portalurbanook\" \/>\n<meta name=\"twitter:site\" content=\"@portalurbanook\" \/>\n<meta name=\"twitter:label1\" content=\"Escrito por\" \/>\n\t<meta name=\"twitter:data1\" content=\"admpu17wp\" \/>\n\t<meta name=\"twitter:label2\" content=\"Tiempo de lectura\" \/>\n\t<meta name=\"twitter:data2\" content=\"2 minutos\" \/>\n<script type=\"application\/ld+json\" class=\"yoast-schema-graph\">{\"@context\":\"https:\/\/schema.org\",\"@graph\":[{\"@type\":\"Article\",\"@id\":\"https:\/\/experienciadevida.com.ar\/portalurbano\/ines-cremier-sobre-la-actividad-del-dia-de-la-mujer-es-una-lucha-para-reclamar-derechos-que-nos-corresponden\/#article\",\"isPartOf\":{\"@id\":\"https:\/\/experienciadevida.com.ar\/portalurbano\/ines-cremier-sobre-la-actividad-del-dia-de-la-mujer-es-una-lucha-para-reclamar-derechos-que-nos-corresponden\/\"},\"author\":{\"name\":\"admpu17wp\",\"@id\":\"https:\/\/experienciadevida.com.ar\/portalurbano\/#\/schema\/person\/02dd326b1c4b056e9cc972486934a3a7\"},\"headline\":\"Ines Cremier sobre la actividad del d\u00eda de la mujer: &#8220;es una lucha para reclamar derechos que nos corresponden&#8221;\",\"datePublished\":\"2021-02-25T16:43:40+00:00\",\"dateModified\":\"2021-02-25T16:44:17+00:00\",\"mainEntityOfPage\":{\"@id\":\"https:\/\/experienciadevida.com.ar\/portalurbano\/ines-cremier-sobre-la-actividad-del-dia-de-la-mujer-es-una-lucha-para-reclamar-derechos-que-nos-corresponden\/\"},\"wordCount\":463,\"publisher\":{\"@id\":\"https:\/\/experienciadevida.com.ar\/portalurbano\/#organization\"},\"articleSection\":[\"Ciudad\",\"Destacadas 2\"],\"inLanguage\":\"es\"},{\"@type\":\"WebPage\",\"@id\":\"https:\/\/experienciadevida.com.ar\/portalurbano\/ines-cremier-sobre-la-actividad-del-dia-de-la-mujer-es-una-lucha-para-reclamar-derechos-que-nos-corresponden\/\",\"url\":\"https:\/\/experienciadevida.com.ar\/portalurbano\/ines-cremier-sobre-la-actividad-del-dia-de-la-mujer-es-una-lucha-para-reclamar-derechos-que-nos-corresponden\/\",\"name\":\"In\u00e9s Cremier sobre la actividad del d\u00eda de la mujer: \\\"Es una lucha\\\"\",\"isPartOf\":{\"@id\":\"https:\/\/experienciadevida.com.ar\/portalurbano\/#website\"},\"datePublished\":\"2021-02-25T16:43:40+00:00\",\"dateModified\":\"2021-02-25T16:44:17+00:00\",\"description\":\"Ines Cremier sobre la actividad del d\u00eda de la mujer: \\\"es una lucha para reclamar derechos que nos corresponden\\\" mencion\u00f3.\",\"breadcrumb\":{\"@id\":\"https:\/\/experienciadevida.com.ar\/portalurbano\/ines-cremier-sobre-la-actividad-del-dia-de-la-mujer-es-una-lucha-para-reclamar-derechos-que-nos-corresponden\/#breadcrumb\"},\"inLanguage\":\"es\",\"potentialAction\":[{\"@type\":\"ReadAction\",\"target\":[\"https:\/\/experienciadevida.com.ar\/portalurbano\/ines-cremier-sobre-la-actividad-del-dia-de-la-mujer-es-una-lucha-para-reclamar-derechos-que-nos-corresponden\/\"]}]},{\"@type\":\"BreadcrumbList\",\"@id\":\"https:\/\/experienciadevida.com.ar\/portalurbano\/ines-cremier-sobre-la-actividad-del-dia-de-la-mujer-es-una-lucha-para-reclamar-derechos-que-nos-corresponden\/#breadcrumb\",\"itemListElement\":[{\"@type\":\"ListItem\",\"position\":1,\"name\":\"Portada\",\"item\":\"https:\/\/experienciadevida.com.ar\/portalurbano\/\"},{\"@type\":\"ListItem\",\"position\":2,\"name\":\"Ines Cremier sobre la actividad del d\u00eda de la mujer: \u00abes una lucha para reclamar derechos que nos corresponden\u00bb\"}]},{\"@type\":\"WebSite\",\"@id\":\"https:\/\/experienciadevida.com.ar\/portalurbano\/#website\",\"url\":\"https:\/\/experienciadevida.com.ar\/portalurbano\/\",\"name\":\"\",\"description\":\"\",\"publisher\":{\"@id\":\"https:\/\/experienciadevida.com.ar\/portalurbano\/#organization\"},\"potentialAction\":[{\"@type\":\"SearchAction\",\"target\":{\"@type\":\"EntryPoint\",\"urlTemplate\":\"https:\/\/experienciadevida.com.ar\/portalurbano\/?s={search_term_string}\"},\"query-input\":\"required name=search_term_string\"}],\"inLanguage\":\"es\"},{\"@type\":\"Organization\",\"@id\":\"https:\/\/experienciadevida.com.ar\/portalurbano\/#organization\",\"name\":\"Portal Urbano\",\"url\":\"https:\/\/experienciadevida.com.ar\/portalurbano\/\",\"logo\":{\"@type\":\"ImageObject\",\"inLanguage\":\"es\",\"@id\":\"https:\/\/experienciadevida.com.ar\/portalurbano\/#\/schema\/logo\/image\/\",\"url\":\"https:\/\/experienciadevida.com.ar\/portalurbano\/wp-content\/uploads\/2019\/09\/Logo-Original.png\",\"contentUrl\":\"https:\/\/experienciadevida.com.ar\/portalurbano\/wp-content\/uploads\/2019\/09\/Logo-Original.png\",\"width\":2236,\"height\":1216,\"caption\":\"Portal Urbano\"},\"image\":{\"@id\":\"https:\/\/experienciadevida.com.ar\/portalurbano\/#\/schema\/logo\/image\/\"},\"sameAs\":[\"https:\/\/www.facebook.com\/Portal-Urbano-171542830093757\/\",\"https:\/\/twitter.com\/portalurbanook\",\"https:\/\/www.instagram.com\/_portalurbano\/\",\"https:\/\/www.youtube.com\/channel\/UCXhagIfszH8KxFiOok79zbA?view_as=subscriber\"]},{\"@type\":\"Person\",\"@id\":\"https:\/\/experienciadevida.com.ar\/portalurbano\/#\/schema\/person\/02dd326b1c4b056e9cc972486934a3a7\",\"name\":\"admpu17wp\",\"image\":{\"@type\":\"ImageObject\",\"inLanguage\":\"es\",\"@id\":\"https:\/\/experienciadevida.com.ar\/portalurbano\/#\/schema\/person\/image\/\",\"url\":\"https:\/\/secure.gravatar.com\/avatar\/830d4c57adaae6630765e449a6908047?s=96&d=mm&r=g\",\"contentUrl\":\"https:\/\/secure.gravatar.com\/avatar\/830d4c57adaae6630765e449a6908047?s=96&d=mm&r=g\",\"caption\":\"admpu17wp\"}}]}<\/script>\n<!-- \/ Yoast SEO plugin. -->","yoast_head_json":{"title":"In\u00e9s Cremier sobre la actividad del d\u00eda de la mujer: \"Es una lucha\"","description":"Ines Cremier sobre la actividad del d\u00eda de la mujer: \"es una lucha para reclamar derechos que nos corresponden\" mencion\u00f3.","robots":{"index":"index","follow":"follow","max-snippet":"max-snippet:-1","max-image-preview":"max-image-preview:large","max-video-preview":"max-video-preview:-1"},"canonical":"https:\/\/experienciadevida.com.ar\/portalurbano\/ines-cremier-sobre-la-actividad-del-dia-de-la-mujer-es-una-lucha-para-reclamar-derechos-que-nos-corresponden\/","og_locale":"es_ES","og_type":"article","og_title":"In\u00e9s Cremier sobre la actividad del d\u00eda de la mujer: \"Es una lucha\"","og_description":"Ines Cremier sobre la actividad del d\u00eda de la mujer: \"es una lucha para reclamar derechos que nos corresponden\" mencion\u00f3.","og_url":"https:\/\/experienciadevida.com.ar\/portalurbano\/ines-cremier-sobre-la-actividad-del-dia-de-la-mujer-es-una-lucha-para-reclamar-derechos-que-nos-corresponden\/","article_publisher":"https:\/\/www.facebook.com\/Portal-Urbano-171542830093757\/","article_published_time":"2021-02-25T16:43:40+00:00","article_modified_time":"2021-02-25T16:44:17+00:00","og_image":[{"width":750,"height":445,"url":"https:\/\/experienciadevida.com.ar\/portalurbano\/wp-content\/uploads\/2020\/08\/inescreimer1308-e1597435286950.jpg","type":"image\/jpeg"}],"author":"admpu17wp","twitter_card":"summary_large_image","twitter_creator":"@portalurbanook","twitter_site":"@portalurbanook","twitter_misc":{"Escrito por":"admpu17wp","Tiempo de lectura":"2 minutos"},"schema":{"@context":"https:\/\/schema.org","@graph":[{"@type":"Article","@id":"https:\/\/experienciadevida.com.ar\/portalurbano\/ines-cremier-sobre-la-actividad-del-dia-de-la-mujer-es-una-lucha-para-reclamar-derechos-que-nos-corresponden\/#article","isPartOf":{"@id":"https:\/\/experienciadevida.com.ar\/portalurbano\/ines-cremier-sobre-la-actividad-del-dia-de-la-mujer-es-una-lucha-para-reclamar-derechos-que-nos-corresponden\/"},"author":{"name":"admpu17wp","@id":"https:\/\/experienciadevida.com.ar\/portalurbano\/#\/schema\/person\/02dd326b1c4b056e9cc972486934a3a7"},"headline":"Ines Cremier sobre la actividad del d\u00eda de la mujer: &#8220;es una lucha para reclamar derechos que nos corresponden&#8221;","datePublished":"2021-02-25T16:43:40+00:00","dateModified":"2021-02-25T16:44:17+00:00","mainEntityOfPage":{"@id":"https:\/\/experienciadevida.com.ar\/portalurbano\/ines-cremier-sobre-la-actividad-del-dia-de-la-mujer-es-una-lucha-para-reclamar-derechos-que-nos-corresponden\/"},"wordCount":463,"publisher":{"@id":"https:\/\/experienciadevida.com.ar\/portalurbano\/#organization"},"articleSection":["Ciudad","Destacadas 2"],"inLanguage":"es"},{"@type":"WebPage","@id":"https:\/\/experienciadevida.com.ar\/portalurbano\/ines-cremier-sobre-la-actividad-del-dia-de-la-mujer-es-una-lucha-para-reclamar-derechos-que-nos-corresponden\/","url":"https:\/\/experienciadevida.com.ar\/portalurbano\/ines-cremier-sobre-la-actividad-del-dia-de-la-mujer-es-una-lucha-para-reclamar-derechos-que-nos-corresponden\/","name":"In\u00e9s Cremier sobre la actividad del d\u00eda de la mujer: \"Es una lucha\"","isPartOf":{"@id":"https:\/\/experienciadevida.com.ar\/portalurbano\/#website"},"datePublished":"2021-02-25T16:43:40+00:00","dateModified":"2021-02-25T16:44:17+00:00","description":"Ines Cremier sobre la actividad del d\u00eda de la mujer: \"es una lucha para reclamar derechos que nos corresponden\" mencion\u00f3.","breadcrumb":{"@id":"https:\/\/experienciadevida.com.ar\/portalurbano\/ines-cremier-sobre-la-actividad-del-dia-de-la-mujer-es-una-lucha-para-reclamar-derechos-que-nos-corresponden\/#breadcrumb"},"inLanguage":"es","potentialAction":[{"@type":"ReadAction","target":["https:\/\/experienciadevida.com.ar\/portalurbano\/ines-cremier-sobre-la-actividad-del-dia-de-la-mujer-es-una-lucha-para-reclamar-derechos-que-nos-corresponden\/"]}]},{"@type":"BreadcrumbList","@id":"https:\/\/experienciadevida.com.ar\/portalurbano\/ines-cremier-sobre-la-actividad-del-dia-de-la-mujer-es-una-lucha-para-reclamar-derechos-que-nos-corresponden\/#breadcrumb","itemListElement":[{"@type":"ListItem","position":1,"name":"Portada","item":"https:\/\/experienciadevida.com.ar\/portalurbano\/"},{"@type":"ListItem","position":2,"name":"Ines Cremier sobre la actividad del d\u00eda de la mujer: \u00abes una lucha para reclamar derechos que nos corresponden\u00bb"}]},{"@type":"WebSite","@id":"https:\/\/experienciadevida.com.ar\/portalurbano\/#website","url":"https:\/\/experienciadevida.com.ar\/portalurbano\/","name":"","description":"","publisher":{"@id":"https:\/\/experienciadevida.com.ar\/portalurbano\/#organization"},"potentialAction":[{"@type":"SearchAction","target":{"@type":"EntryPoint","urlTemplate":"https:\/\/experienciadevida.com.ar\/portalurbano\/?s={search_term_string}"},"query-input":"required name=search_term_string"}],"inLanguage":"es"},{"@type":"Organization","@id":"https:\/\/experienciadevida.com.ar\/portalurbano\/#organization","name":"Portal Urbano","url":"https:\/\/experienciadevida.com.ar\/portalurbano\/","logo":{"@type":"ImageObject","inLanguage":"es","@id":"https:\/\/experienciadevida.com.ar\/portalurbano\/#\/schema\/logo\/image\/","url":"https:\/\/experienciadevida.com.ar\/portalurbano\/wp-content\/uploads\/2019\/09\/Logo-Original.png","contentUrl":"https:\/\/experienciadevida.com.ar\/portalurbano\/wp-content\/uploads\/2019\/09\/Logo-Original.png","width":2236,"height":1216,"caption":"Portal Urbano"},"image":{"@id":"https:\/\/experienciadevida.com.ar\/portalurbano\/#\/schema\/logo\/image\/"},"sameAs":["https:\/\/www.facebook.com\/Portal-Urbano-171542830093757\/","https:\/\/twitter.com\/portalurbanook","https:\/\/www.instagram.com\/_portalurbano\/","https:\/\/www.youtube.com\/channel\/UCXhagIfszH8KxFiOok79zbA?view_as=subscriber"]},{"@type":"Person","@id":"https:\/\/experienciadevida.com.ar\/portalurbano\/#\/schema\/person\/02dd326b1c4b056e9cc972486934a3a7","name":"admpu17wp","image":{"@type":"ImageObject","inLanguage":"es","@id":"https:\/\/experienciadevida.com.ar\/portalurbano\/#\/schema\/person\/image\/","url":"https:\/\/secure.gravatar.com\/avatar\/830d4c57adaae6630765e449a6908047?s=96&d=mm&r=g","contentUrl":"https:\/\/secure.gravatar.com\/avatar\/830d4c57adaae6630765e449a6908047?s=96&d=mm&r=g","caption":"admpu17wp"}}]}},"featured_image_urls":{"full":["https:\/\/experienciadevida.com.ar\/portalurbano\/wp-content\/uploads\/2020\/08\/inescreimer1308-e1597435286950.jpg",750,445,false],"thumbnail":["https:\/\/experienciadevida.com.ar\/portalurbano\/wp-content\/uploads\/2020\/08\/inescreimer1308-150x150.jpg",150,150,true],"medium":["https:\/\/experienciadevida.com.ar\/portalurbano\/wp-content\/uploads\/2020\/08\/inescreimer1308-300x178.jpg",300,178,true],"medium_large":["https:\/\/experienciadevida.com.ar\/portalurbano\/wp-content\/uploads\/2020\/08\/inescreimer1308-768x455.jpg",640,379,true],"large":["https:\/\/experienciadevida.com.ar\/portalurbano\/wp-content\/uploads\/2020\/08\/inescreimer1308-1024x607.jpg",640,379,true],"ug_big":["https:\/\/experienciadevida.com.ar\/portalurbano\/wp-content\/uploads\/2020\/08\/inescreimer1308-768x455.jpg",768,455,true],"1536x1536":["https:\/\/experienciadevida.com.ar\/portalurbano\/wp-content\/uploads\/2020\/08\/inescreimer1308-e1597435286950.jpg",750,445,false],"2048x2048":["https:\/\/experienciadevida.com.ar\/portalurbano\/wp-content\/uploads\/2020\/08\/inescreimer1308-e1597435286950.jpg",750,445,false],"newsever-slider-full":["https:\/\/experienciadevida.com.ar\/portalurbano\/wp-content\/uploads\/2020\/08\/inescreimer1308-e1597435286950.jpg",750,445,false],"newsever-featured":["https:\/\/experienciadevida.com.ar\/portalurbano\/wp-content\/uploads\/2020\/08\/inescreimer1308-e1597435286950.jpg",750,445,false],"newsever-medium":["https:\/\/experienciadevida.com.ar\/portalurbano\/wp-content\/uploads\/2020\/08\/inescreimer1308-e1597435286950.jpg",720,427,false],"web-stories-poster-portrait":["https:\/\/experienciadevida.com.ar\/portalurbano\/wp-content\/uploads\/2020\/08\/inescreimer1308-e1597435286950.jpg",640,380,false],"web-stories-publisher-logo":["https:\/\/experienciadevida.com.ar\/portalurbano\/wp-content\/uploads\/2020\/08\/inescreimer1308-e1597435286950.jpg",96,57,false],"web-stories-thumbnail":["https:\/\/experienciadevida.com.ar\/portalurbano\/wp-content\/uploads\/2020\/08\/inescreimer1308-e1597435286950.jpg",150,89,false]},"author_info":{"display_name":"admpu17wp","author_link":"https:\/\/experienciadevida.com.ar\/portalurbano\/author\/admpu17wp\/"},"category_info":"<a href=\"https:\/\/experienciadevida.com.ar\/portalurbano\/category\/ciudad\/\" rel=\"category tag\">Ciudad<\/a> <a href=\"https:\/\/experienciadevida.com.ar\/portalurbano\/category\/destacadas-2\/\" rel=\"category tag\">Destacadas 2<\/a>","tag_info":"Destacadas 2","comment_count":"0","amp_enabled":true,"_links":{"self":[{"href":"https:\/\/experienciadevida.com.ar\/portalurbano\/wp-json\/wp\/v2\/posts\/136004"}],"collection":[{"href":"https:\/\/experienciadevida.com.ar\/portalurbano\/wp-json\/wp\/v2\/posts"}],"about":[{"href":"https:\/\/experienciadevida.com.ar\/portalurbano\/wp-json\/wp\/v2\/types\/post"}],"author":[{"embeddable":true,"href":"https:\/\/experienciadevida.com.ar\/portalurbano\/wp-json\/wp\/v2\/users\/1"}],"replies":[{"embeddable":true,"href":"https:\/\/experienciadevida.com.ar\/portalurbano\/wp-json\/wp\/v2\/comments?post=136004"}],"version-history":[{"count":4,"href":"https:\/\/experienciadevida.com.ar\/portalurbano\/wp-json\/wp\/v2\/posts\/136004\/revisions"}],"predecessor-version":[{"id":136009,"href":"https:\/\/experienciadevida.com.ar\/portalurbano\/wp-json\/wp\/v2\/posts\/136004\/revisions\/136009"}],"wp:featuredmedia":[{"embeddable":true,"href":"https:\/\/experienciadevida.com.ar\/portalurbano\/wp-json\/wp\/v2\/media\/118108"}],"wp:attachment":[{"href":"https:\/\/experienciadevida.com.ar\/portalurbano\/wp-json\/wp\/v2\/media?parent=136004"}],"wp:term":[{"taxonomy":"category","embeddable":true,"href":"https:\/\/experienciadevida.com.ar\/portalurbano\/wp-json\/wp\/v2\/categories?post=136004"},{"taxonomy":"post_tag","embeddable":true,"href":"https:\/\/experienciadevida.com.ar\/portalurbano\/wp-json\/wp\/v2\/tags?post=136004"}],"curies":[{"name":"wp","href":"https:\/\/api.w.org\/{rel}","templated":true}]}}