{"id":135991,"date":"2021-02-25T11:21:45","date_gmt":"2021-02-25T14:21:45","guid":{"rendered":"https:\/\/experienciadevida.com.ar\/portalurbano\/?p=135991"},"modified":"2021-02-25T11:27:35","modified_gmt":"2021-02-25T14:27:35","slug":"se-realizo-el-acto-oficial-por-el-243o-aniversario-del-nacimiento-del-general-jose-de-san-martin","status":"publish","type":"post","link":"https:\/\/experienciadevida.com.ar\/portalurbano\/se-realizo-el-acto-oficial-por-el-243o-aniversario-del-nacimiento-del-general-jose-de-san-martin\/","title":{"rendered":"Se realiz\u00f3 el acto oficial por el 243\u00ba Aniversario del Nacimiento del General Jos\u00e9 de San Mart\u00edn"},"content":{"rendered":"<p>Se realiz\u00f3 el acto oficial por el 243\u00ba Aniversario del Nacimiento del General Jos\u00e9 de San Mart\u00edn. Este 25 de febrero de 2021 al cumplirse 243 a\u00f1os del nacimiento del General Jos\u00e9 de San Mart\u00edn, este jueves por la ma\u00f1ana se llev\u00f3 a cabo un emotivo acto conmemorativo en la plazoleta\u00a0 Aguado, ubicada en el Parque del Bicentenario, al pie del monumento donde se erige la figura del pr\u00f3cer.<\/p>\n<p><a href=\"https:\/\/experienciadevida.com.ar\/portalurbano\/se-realizo-el-acto-oficial-por-el-243o-aniversario-del-nacimiento-del-general-jose-de-san-martin\/se-realizo-2\/\" rel=\"attachment wp-att-135995\"><img decoding=\"async\" class=\"alignnone size-full wp-image-135995\" src=\"https:\/\/experienciadevida.com.ar\/portalurbano\/wp-content\/uploads\/2021\/02\/Se-realizo-1.jpg\" alt=\"Se realiz\u00f3\" width=\"765\" height=\"510\" srcset=\"https:\/\/experienciadevida.com.ar\/portalurbano\/wp-content\/uploads\/2021\/02\/Se-realizo-1.jpg 765w, https:\/\/experienciadevida.com.ar\/portalurbano\/wp-content\/uploads\/2021\/02\/Se-realizo-1-300x200.jpg 300w\" sizes=\"(max-width: 765px) 100vw, 765px\" \/><\/a><\/p>\n<p>El general dej\u00f3 su marca en cada pa\u00eds de Latinoam\u00e9rica al que fue. Para 1817 complet\u00f3 una de las gestas m\u00e1s extraordinarias: el Cruce de los Andes. La herencia de los valores sanmartinianos refuerzan el sentimiento de una naci\u00f3n convencida de que los principios democr\u00e1ticos, el respeto por los derechos humanos y el desarrollo con inclusi\u00f3n social son los pilares para la construcci\u00f3n de una sociedad m\u00e1s justa y equitativa.<\/p>\n<p>Se realiz\u00f3 el acto oficial por el 243 aniversario del nacimiento del General Jos\u00e9 de San Mart\u00edn, el acto fue encabezado por el Intendente Interino Juan Mujica, el Jefe del Regimiento de Caballer\u00eda de Tanques 2 Teniente Coronel Cristian Castellanos, el Jefe del Escuadr\u00f3n de Ingenieros Blindado 1 Mayor Nicol\u00e1s Augusto Etienot, el Presidente del Concejo Deliberante Bruno Cenizo, el Presidente de la Asociaci\u00f3n Cultural Sanmartiniana H\u00e9ctor Hoyos, el Presidente del Consejo Escolar Bruno Di Carlo, representantes de la Asociaci\u00f3n Veteranos de Guerra \u201c2 de Abril\u201d, Uni\u00f3n de Soldados Continentales, Bomberos Voluntarios, junto a concejales, autoridades municipales, educativas, militares y fuerzas de seguridad.<\/p>\n<p><a href=\"https:\/\/experienciadevida.com.ar\/portalurbano\/se-realizo-el-acto-oficial-por-el-243o-aniversario-del-nacimiento-del-general-jose-de-san-martin\/el-acto\/\" rel=\"attachment wp-att-135996\"><img decoding=\"async\" class=\"alignnone size-full wp-image-135996\" src=\"https:\/\/experienciadevida.com.ar\/portalurbano\/wp-content\/uploads\/2021\/02\/el-acto.jpg\" alt=\"el acto\" width=\"765\" height=\"510\" srcset=\"https:\/\/experienciadevida.com.ar\/portalurbano\/wp-content\/uploads\/2021\/02\/el-acto.jpg 765w, https:\/\/experienciadevida.com.ar\/portalurbano\/wp-content\/uploads\/2021\/02\/el-acto-300x200.jpg 300w\" sizes=\"(max-width: 765px) 100vw, 765px\" \/><\/a><\/p>\n<p>En primer lugar el Jefe de Tropas Teniente Primero Mat\u00edas Ariel Sarrautte, present\u00f3 la Agrupaci\u00f3n Padre de la Patria al Jefe del Regimiento de Caballer\u00eda de Tanques 2 Teniente Coronel Cristian Castellanos. Luego el Intendente Interino Juan Mujica realiz\u00f3 el tradicional saludo y seguidamente se entonaron las estrofas del Himno Nacional Argentino.<\/p>\n<p>Posteriormente, el Intendente Interino Juan Mujica junto al Presidente del Concejo Deliberante Bruno Cenizo fueron los primeros en colocar la ofrenda floral en el Monumento al Libertador, en representaci\u00f3n de toda la comunidad olavarriense.<\/p>\n<p>Seguidamente hicieron lo propio el Jefe del Regimiento de Caballer\u00eda de Tanques 2, Teniente Coronel Cristian Castellanos, el Jefe del Escuadr\u00f3n de Ingenieros Blindado 1 Mayor Nicol\u00e1s Augusto Etienot, en representaci\u00f3n de la Guarnici\u00f3n Ej\u00e9rcito Olavarr\u00eda.<\/p>\n<p><a href=\"https:\/\/experienciadevida.com.ar\/portalurbano\/se-realizo-el-acto-oficial-por-el-243o-aniversario-del-nacimiento-del-general-jose-de-san-martin\/oficial-2\/\" rel=\"attachment wp-att-135997\"><img decoding=\"async\" class=\"alignnone size-full wp-image-135997\" src=\"https:\/\/experienciadevida.com.ar\/portalurbano\/wp-content\/uploads\/2021\/02\/oficial.jpg\" alt=\"oficial\" width=\"765\" height=\"510\" srcset=\"https:\/\/experienciadevida.com.ar\/portalurbano\/wp-content\/uploads\/2021\/02\/oficial.jpg 765w, https:\/\/experienciadevida.com.ar\/portalurbano\/wp-content\/uploads\/2021\/02\/oficial-300x200.jpg 300w\" sizes=\"(max-width: 765px) 100vw, 765px\" \/><\/a><\/p>\n<p>Se realiz\u00f3 el acto oficial, al finalizar fue el turno del presidente de la Asociaci\u00f3n Cultural Sanmartiniana H\u00e9ctor Hoyos junto a la vicepresidenta Marta Cataldi y Germ\u00e1n L\u00f3pez por el Regimiento.<\/p>\n<p>Para referirse a esta emotiva, la Capitana Victoria Harasimovich del Escuadr\u00f3n de Ingenieros Blindado 1, \u201cSan Ignacio de Loyola\u201d hizo uso de palabra, destacando gran parte de la historia y legado del Libertador de Am\u00e9rica.<\/p>\n<p>\u201cCre\u00f3 el Ej\u00e9rcito de los Andes, una fuerza capaz de cometer inimaginables proezas en pos de la libertad. Demostr\u00f3 su valor y bravura en una conmovedora victoria en el Combate de San Lorenzo a orillas del R\u00edo Paran\u00e1, el 3 de febrero de 1.813. Por ella, \u00e9l y sus granaderos fueron la inspiraci\u00f3n de libertad y esp\u00edritu patri\u00f3tico para todos aquellos que todav\u00eda no estaban convencidos de que todo era posible\u201d, manifest\u00f3.<\/p>\n<p>Tambi\u00e9n subray\u00f3 que \u201cel Libertador se destac\u00f3 por ser un hombre austero, \u00edntegro, culto y polifac\u00e9tico, hablaba varios idiomas, ten\u00eda conocimientos de dibujo, po\u00e9tica, ret\u00f3rica, esgrima, baile, matem\u00e1tica, historia y geograf\u00eda y es mundialmente reconocido como un eximio estratega, un gran pol\u00edtico y un inigualable militar\u201d.<\/p>\n<p>\u201cSus acciones siempre se caracterizaron por tener como objetivo la excelencia de su propia persona y de sus subalternos. A lo largo de sus 72 a\u00f1os de vida, sufri\u00f3 muchas enfermedades pero nunca le impidi\u00f3 que pudiera cumplir con la misi\u00f3n que se hab\u00eda impuesto y luchar victorioso en Chacabuco y Maip\u00fa y con su ej\u00e9rcito navegar por el Oc\u00e9ano Pac\u00edfico para llegar a las costas del Per\u00fa para independizarlo y asegurar la libertad americana como la hab\u00eda planeado\u201d, reconoci\u00f3.<\/p>\n<p>Se realiz\u00f3 el acto oficial y la Capitana Victoria Harasimovich del Escuadr\u00f3n de Ingenieros Blindado 1, en su discurso expres\u00f3 que el General Jos\u00e9 de San Mart\u00edn \u201cnunca dej\u00f3 de preocuparse de su tierra natal y continu\u00f3 defendiendo la independencia americana, en intercambio epistolares o reuniones diplom\u00e1ticas expresaba su visi\u00f3n sobre la cultura de Am\u00e9rica y especialmente de nuestra naci\u00f3n\u201d.<\/p>\n<p><em>\u201cPas\u00f3 a la eternidad el 17 de agosto de 1.850 en Boulogne sur Mer, Francia, rodeado del amor de su familia y cumpliendo el voto solemne que hab\u00eda hecho el de jam\u00e1s haber derramado sangre de compatriotas y no haber desenvainado su sable corvo en lucha entre hermanos y por cuestiones pol\u00edticas\u201d,\u00a0<\/em>concluy\u00f3.<\/p>\n<p>Tras las palabras emotivas se enton\u00f3 la Marcha de San Lorenzo, luego se retiraron las banderas y se despidieron a las banderas nacionales de guerra, con la Marcha de Ituzaing\u00f3.<\/p>\n<p>Uno de los momentos m\u00e1s sobresalientes y que cautiv\u00f3 la atenci\u00f3n de todos, fue la presentaci\u00f3n de Agust\u00edn Abdala, un ni\u00f1o de 4 a\u00f1os, un ferviente admirador del General Jos\u00e9 de San Mart\u00edn, quien asisti\u00f3 al acto acompa\u00f1ado de sus familiares, vestido de granadero, para rendirle honor a su gran h\u00e9roe, el gran Libertador, al recordarse 243 a\u00f1os de su nacimiento en Yapey\u00fa, provincia de Corrientes, un 25 de febrero de 1778.<\/p>\n<p><em>\u00a0<\/em><a href=\"https:\/\/experienciadevida.com.ar\/portalurbano\/se-realizo-el-acto-oficial-por-el-243o-aniversario-del-nacimiento-del-general-jose-de-san-martin\/acto-natalicio-san-martin-1-scaled\/\" rel=\"attachment wp-att-135998\"><img decoding=\"async\" class=\"alignnone size-full wp-image-135998\" src=\"https:\/\/experienciadevida.com.ar\/portalurbano\/wp-content\/uploads\/2021\/02\/Acto-Natalicio-San-Martin-1-scaled-1-e1614263217506.jpg\" alt=\"\" width=\"765\" height=\"510\" \/><\/a><\/p>\n<p><a href=\"https:\/\/experienciadevida.com.ar\/portalurbano\/se-realizo-el-acto-oficial-por-el-243o-aniversario-del-nacimiento-del-general-jose-de-san-martin\/acto-natalicio-san-martin-6-scaled\/\" rel=\"attachment wp-att-135999\"><img decoding=\"async\" class=\"alignnone size-full wp-image-135999\" src=\"https:\/\/experienciadevida.com.ar\/portalurbano\/wp-content\/uploads\/2021\/02\/Acto-Natalicio-San-Martin-6-scaled-1.jpg\" alt=\"\" width=\"765\" height=\"510\" srcset=\"https:\/\/experienciadevida.com.ar\/portalurbano\/wp-content\/uploads\/2021\/02\/Acto-Natalicio-San-Martin-6-scaled-1.jpg 765w, https:\/\/experienciadevida.com.ar\/portalurbano\/wp-content\/uploads\/2021\/02\/Acto-Natalicio-San-Martin-6-scaled-1-300x200.jpg 300w\" sizes=\"(max-width: 765px) 100vw, 765px\" \/><\/a><\/p>\n","protected":false},"excerpt":{"rendered":"<p>Se realiz\u00f3 el acto oficial por el 243\u00ba Aniversario del Nacimiento del General Jos\u00e9 de&#8230;<\/p>\n","protected":false},"author":1,"featured_media":135992,"comment_status":"closed","ping_status":"closed","sticky":false,"template":"","format":"standard","meta":{"content-type":""},"categories":[27,51],"tags":[],"nelio_content":{"isAutoShareEnabled":false,"autoShareEndMode":"default","automationSources":{"useContentSentences":true,"useSocialTemplates":true,"useCustomSentences":false,"customSentences":[]},"followers":[1],"suggestedReferences":[],"includedReferences":[],"efiUrl":"","efiAlt":"","highlights":[]},"yoast_head":"<!-- This site is optimized with the Yoast SEO plugin v20.7 - https:\/\/yoast.com\/wordpress\/plugins\/seo\/ -->\n<title>Se realiz\u00f3 el acto por el 243 aniversario del nacimiento de San Mart\u00edn<\/title>\n<meta name=\"description\" content=\"Se realiz\u00f3 el acto oficial por el 243\u00ba Aniversario del Nacimiento del General Jos\u00e9 de San Mart\u00edn en la plazoleta\u00a0 Aguado, a la ma\u00f1ana.\" \/>\n<meta name=\"robots\" content=\"index, follow, max-snippet:-1, max-image-preview:large, max-video-preview:-1\" \/>\n<link rel=\"canonical\" href=\"https:\/\/experienciadevida.com.ar\/portalurbano\/se-realizo-el-acto-oficial-por-el-243o-aniversario-del-nacimiento-del-general-jose-de-san-martin\/\" \/>\n<meta property=\"og:locale\" content=\"es_ES\" \/>\n<meta property=\"og:type\" content=\"article\" \/>\n<meta property=\"og:title\" content=\"Se realiz\u00f3 el acto por el 243 aniversario del nacimiento de San Mart\u00edn\" \/>\n<meta property=\"og:description\" content=\"Se realiz\u00f3 el acto oficial por el 243\u00ba Aniversario del Nacimiento del General Jos\u00e9 de San Mart\u00edn en la plazoleta\u00a0 Aguado, a la ma\u00f1ana.\" \/>\n<meta property=\"og:url\" content=\"https:\/\/experienciadevida.com.ar\/portalurbano\/se-realizo-el-acto-oficial-por-el-243o-aniversario-del-nacimiento-del-general-jose-de-san-martin\/\" \/>\n<meta property=\"article:publisher\" content=\"https:\/\/www.facebook.com\/Portal-Urbano-171542830093757\/\" \/>\n<meta property=\"article:published_time\" content=\"2021-02-25T14:21:45+00:00\" \/>\n<meta property=\"article:modified_time\" content=\"2021-02-25T14:27:35+00:00\" \/>\n<meta property=\"og:image\" content=\"https:\/\/experienciadevida.com.ar\/portalurbano\/wp-content\/uploads\/2021\/02\/Se-realizo-el-acto-oficial-e1614262878803.jpg\" \/>\n\t<meta property=\"og:image:width\" content=\"765\" \/>\n\t<meta property=\"og:image:height\" content=\"510\" \/>\n\t<meta property=\"og:image:type\" content=\"image\/jpeg\" \/>\n<meta name=\"author\" content=\"admpu17wp\" \/>\n<meta name=\"twitter:card\" content=\"summary_large_image\" \/>\n<meta name=\"twitter:creator\" content=\"@portalurbanook\" \/>\n<meta name=\"twitter:site\" content=\"@portalurbanook\" \/>\n<meta name=\"twitter:label1\" content=\"Escrito por\" \/>\n\t<meta name=\"twitter:data1\" content=\"admpu17wp\" \/>\n\t<meta name=\"twitter:label2\" content=\"Tiempo de lectura\" \/>\n\t<meta name=\"twitter:data2\" content=\"5 minutos\" \/>\n<script type=\"application\/ld+json\" class=\"yoast-schema-graph\">{\"@context\":\"https:\/\/schema.org\",\"@graph\":[{\"@type\":\"Article\",\"@id\":\"https:\/\/experienciadevida.com.ar\/portalurbano\/se-realizo-el-acto-oficial-por-el-243o-aniversario-del-nacimiento-del-general-jose-de-san-martin\/#article\",\"isPartOf\":{\"@id\":\"https:\/\/experienciadevida.com.ar\/portalurbano\/se-realizo-el-acto-oficial-por-el-243o-aniversario-del-nacimiento-del-general-jose-de-san-martin\/\"},\"author\":{\"name\":\"admpu17wp\",\"@id\":\"https:\/\/experienciadevida.com.ar\/portalurbano\/#\/schema\/person\/02dd326b1c4b056e9cc972486934a3a7\"},\"headline\":\"Se realiz\u00f3 el acto oficial por el 243\u00ba Aniversario del Nacimiento del General Jos\u00e9 de San Mart\u00edn\",\"datePublished\":\"2021-02-25T14:21:45+00:00\",\"dateModified\":\"2021-02-25T14:27:35+00:00\",\"mainEntityOfPage\":{\"@id\":\"https:\/\/experienciadevida.com.ar\/portalurbano\/se-realizo-el-acto-oficial-por-el-243o-aniversario-del-nacimiento-del-general-jose-de-san-martin\/\"},\"wordCount\":915,\"publisher\":{\"@id\":\"https:\/\/experienciadevida.com.ar\/portalurbano\/#organization\"},\"articleSection\":[\"Ciudad\",\"Destacadas\"],\"inLanguage\":\"es\"},{\"@type\":\"WebPage\",\"@id\":\"https:\/\/experienciadevida.com.ar\/portalurbano\/se-realizo-el-acto-oficial-por-el-243o-aniversario-del-nacimiento-del-general-jose-de-san-martin\/\",\"url\":\"https:\/\/experienciadevida.com.ar\/portalurbano\/se-realizo-el-acto-oficial-por-el-243o-aniversario-del-nacimiento-del-general-jose-de-san-martin\/\",\"name\":\"Se realiz\u00f3 el acto por el 243 aniversario del nacimiento de San Mart\u00edn\",\"isPartOf\":{\"@id\":\"https:\/\/experienciadevida.com.ar\/portalurbano\/#website\"},\"datePublished\":\"2021-02-25T14:21:45+00:00\",\"dateModified\":\"2021-02-25T14:27:35+00:00\",\"description\":\"Se realiz\u00f3 el acto oficial por el 243\u00ba Aniversario del Nacimiento del General Jos\u00e9 de San Mart\u00edn en la plazoleta\u00a0 Aguado, a la ma\u00f1ana.\",\"breadcrumb\":{\"@id\":\"https:\/\/experienciadevida.com.ar\/portalurbano\/se-realizo-el-acto-oficial-por-el-243o-aniversario-del-nacimiento-del-general-jose-de-san-martin\/#breadcrumb\"},\"inLanguage\":\"es\",\"potentialAction\":[{\"@type\":\"ReadAction\",\"target\":[\"https:\/\/experienciadevida.com.ar\/portalurbano\/se-realizo-el-acto-oficial-por-el-243o-aniversario-del-nacimiento-del-general-jose-de-san-martin\/\"]}]},{\"@type\":\"BreadcrumbList\",\"@id\":\"https:\/\/experienciadevida.com.ar\/portalurbano\/se-realizo-el-acto-oficial-por-el-243o-aniversario-del-nacimiento-del-general-jose-de-san-martin\/#breadcrumb\",\"itemListElement\":[{\"@type\":\"ListItem\",\"position\":1,\"name\":\"Portada\",\"item\":\"https:\/\/experienciadevida.com.ar\/portalurbano\/\"},{\"@type\":\"ListItem\",\"position\":2,\"name\":\"Se realiz\u00f3 el acto oficial por el 243\u00ba Aniversario del Nacimiento del General Jos\u00e9 de San Mart\u00edn\"}]},{\"@type\":\"WebSite\",\"@id\":\"https:\/\/experienciadevida.com.ar\/portalurbano\/#website\",\"url\":\"https:\/\/experienciadevida.com.ar\/portalurbano\/\",\"name\":\"\",\"description\":\"\",\"publisher\":{\"@id\":\"https:\/\/experienciadevida.com.ar\/portalurbano\/#organization\"},\"potentialAction\":[{\"@type\":\"SearchAction\",\"target\":{\"@type\":\"EntryPoint\",\"urlTemplate\":\"https:\/\/experienciadevida.com.ar\/portalurbano\/?s={search_term_string}\"},\"query-input\":\"required name=search_term_string\"}],\"inLanguage\":\"es\"},{\"@type\":\"Organization\",\"@id\":\"https:\/\/experienciadevida.com.ar\/portalurbano\/#organization\",\"name\":\"Portal Urbano\",\"url\":\"https:\/\/experienciadevida.com.ar\/portalurbano\/\",\"logo\":{\"@type\":\"ImageObject\",\"inLanguage\":\"es\",\"@id\":\"https:\/\/experienciadevida.com.ar\/portalurbano\/#\/schema\/logo\/image\/\",\"url\":\"https:\/\/experienciadevida.com.ar\/portalurbano\/wp-content\/uploads\/2019\/09\/Logo-Original.png\",\"contentUrl\":\"https:\/\/experienciadevida.com.ar\/portalurbano\/wp-content\/uploads\/2019\/09\/Logo-Original.png\",\"width\":2236,\"height\":1216,\"caption\":\"Portal Urbano\"},\"image\":{\"@id\":\"https:\/\/experienciadevida.com.ar\/portalurbano\/#\/schema\/logo\/image\/\"},\"sameAs\":[\"https:\/\/www.facebook.com\/Portal-Urbano-171542830093757\/\",\"https:\/\/twitter.com\/portalurbanook\",\"https:\/\/www.instagram.com\/_portalurbano\/\",\"https:\/\/www.youtube.com\/channel\/UCXhagIfszH8KxFiOok79zbA?view_as=subscriber\"]},{\"@type\":\"Person\",\"@id\":\"https:\/\/experienciadevida.com.ar\/portalurbano\/#\/schema\/person\/02dd326b1c4b056e9cc972486934a3a7\",\"name\":\"admpu17wp\",\"image\":{\"@type\":\"ImageObject\",\"inLanguage\":\"es\",\"@id\":\"https:\/\/experienciadevida.com.ar\/portalurbano\/#\/schema\/person\/image\/\",\"url\":\"https:\/\/secure.gravatar.com\/avatar\/830d4c57adaae6630765e449a6908047?s=96&d=mm&r=g\",\"contentUrl\":\"https:\/\/secure.gravatar.com\/avatar\/830d4c57adaae6630765e449a6908047?s=96&d=mm&r=g\",\"caption\":\"admpu17wp\"}}]}<\/script>\n<!-- \/ Yoast SEO plugin. -->","yoast_head_json":{"title":"Se realiz\u00f3 el acto por el 243 aniversario del nacimiento de San Mart\u00edn","description":"Se realiz\u00f3 el acto oficial por el 243\u00ba Aniversario del Nacimiento del General Jos\u00e9 de San Mart\u00edn en la plazoleta\u00a0 Aguado, a la ma\u00f1ana.","robots":{"index":"index","follow":"follow","max-snippet":"max-snippet:-1","max-image-preview":"max-image-preview:large","max-video-preview":"max-video-preview:-1"},"canonical":"https:\/\/experienciadevida.com.ar\/portalurbano\/se-realizo-el-acto-oficial-por-el-243o-aniversario-del-nacimiento-del-general-jose-de-san-martin\/","og_locale":"es_ES","og_type":"article","og_title":"Se realiz\u00f3 el acto por el 243 aniversario del nacimiento de San Mart\u00edn","og_description":"Se realiz\u00f3 el acto oficial por el 243\u00ba Aniversario del Nacimiento del General Jos\u00e9 de San Mart\u00edn en la plazoleta\u00a0 Aguado, a la ma\u00f1ana.","og_url":"https:\/\/experienciadevida.com.ar\/portalurbano\/se-realizo-el-acto-oficial-por-el-243o-aniversario-del-nacimiento-del-general-jose-de-san-martin\/","article_publisher":"https:\/\/www.facebook.com\/Portal-Urbano-171542830093757\/","article_published_time":"2021-02-25T14:21:45+00:00","article_modified_time":"2021-02-25T14:27:35+00:00","og_image":[{"width":765,"height":510,"url":"https:\/\/experienciadevida.com.ar\/portalurbano\/wp-content\/uploads\/2021\/02\/Se-realizo-el-acto-oficial-e1614262878803.jpg","type":"image\/jpeg"}],"author":"admpu17wp","twitter_card":"summary_large_image","twitter_creator":"@portalurbanook","twitter_site":"@portalurbanook","twitter_misc":{"Escrito por":"admpu17wp","Tiempo de lectura":"5 minutos"},"schema":{"@context":"https:\/\/schema.org","@graph":[{"@type":"Article","@id":"https:\/\/experienciadevida.com.ar\/portalurbano\/se-realizo-el-acto-oficial-por-el-243o-aniversario-del-nacimiento-del-general-jose-de-san-martin\/#article","isPartOf":{"@id":"https:\/\/experienciadevida.com.ar\/portalurbano\/se-realizo-el-acto-oficial-por-el-243o-aniversario-del-nacimiento-del-general-jose-de-san-martin\/"},"author":{"name":"admpu17wp","@id":"https:\/\/experienciadevida.com.ar\/portalurbano\/#\/schema\/person\/02dd326b1c4b056e9cc972486934a3a7"},"headline":"Se realiz\u00f3 el acto oficial por el 243\u00ba Aniversario del Nacimiento del General Jos\u00e9 de San Mart\u00edn","datePublished":"2021-02-25T14:21:45+00:00","dateModified":"2021-02-25T14:27:35+00:00","mainEntityOfPage":{"@id":"https:\/\/experienciadevida.com.ar\/portalurbano\/se-realizo-el-acto-oficial-por-el-243o-aniversario-del-nacimiento-del-general-jose-de-san-martin\/"},"wordCount":915,"publisher":{"@id":"https:\/\/experienciadevida.com.ar\/portalurbano\/#organization"},"articleSection":["Ciudad","Destacadas"],"inLanguage":"es"},{"@type":"WebPage","@id":"https:\/\/experienciadevida.com.ar\/portalurbano\/se-realizo-el-acto-oficial-por-el-243o-aniversario-del-nacimiento-del-general-jose-de-san-martin\/","url":"https:\/\/experienciadevida.com.ar\/portalurbano\/se-realizo-el-acto-oficial-por-el-243o-aniversario-del-nacimiento-del-general-jose-de-san-martin\/","name":"Se realiz\u00f3 el acto por el 243 aniversario del nacimiento de San Mart\u00edn","isPartOf":{"@id":"https:\/\/experienciadevida.com.ar\/portalurbano\/#website"},"datePublished":"2021-02-25T14:21:45+00:00","dateModified":"2021-02-25T14:27:35+00:00","description":"Se realiz\u00f3 el acto oficial por el 243\u00ba Aniversario del Nacimiento del General Jos\u00e9 de San Mart\u00edn en la plazoleta\u00a0 Aguado, a la ma\u00f1ana.","breadcrumb":{"@id":"https:\/\/experienciadevida.com.ar\/portalurbano\/se-realizo-el-acto-oficial-por-el-243o-aniversario-del-nacimiento-del-general-jose-de-san-martin\/#breadcrumb"},"inLanguage":"es","potentialAction":[{"@type":"ReadAction","target":["https:\/\/experienciadevida.com.ar\/portalurbano\/se-realizo-el-acto-oficial-por-el-243o-aniversario-del-nacimiento-del-general-jose-de-san-martin\/"]}]},{"@type":"BreadcrumbList","@id":"https:\/\/experienciadevida.com.ar\/portalurbano\/se-realizo-el-acto-oficial-por-el-243o-aniversario-del-nacimiento-del-general-jose-de-san-martin\/#breadcrumb","itemListElement":[{"@type":"ListItem","position":1,"name":"Portada","item":"https:\/\/experienciadevida.com.ar\/portalurbano\/"},{"@type":"ListItem","position":2,"name":"Se realiz\u00f3 el acto oficial por el 243\u00ba Aniversario del Nacimiento del General Jos\u00e9 de San Mart\u00edn"}]},{"@type":"WebSite","@id":"https:\/\/experienciadevida.com.ar\/portalurbano\/#website","url":"https:\/\/experienciadevida.com.ar\/portalurbano\/","name":"","description":"","publisher":{"@id":"https:\/\/experienciadevida.com.ar\/portalurbano\/#organization"},"potentialAction":[{"@type":"SearchAction","target":{"@type":"EntryPoint","urlTemplate":"https:\/\/experienciadevida.com.ar\/portalurbano\/?s={search_term_string}"},"query-input":"required name=search_term_string"}],"inLanguage":"es"},{"@type":"Organization","@id":"https:\/\/experienciadevida.com.ar\/portalurbano\/#organization","name":"Portal Urbano","url":"https:\/\/experienciadevida.com.ar\/portalurbano\/","logo":{"@type":"ImageObject","inLanguage":"es","@id":"https:\/\/experienciadevida.com.ar\/portalurbano\/#\/schema\/logo\/image\/","url":"https:\/\/experienciadevida.com.ar\/portalurbano\/wp-content\/uploads\/2019\/09\/Logo-Original.png","contentUrl":"https:\/\/experienciadevida.com.ar\/portalurbano\/wp-content\/uploads\/2019\/09\/Logo-Original.png","width":2236,"height":1216,"caption":"Portal Urbano"},"image":{"@id":"https:\/\/experienciadevida.com.ar\/portalurbano\/#\/schema\/logo\/image\/"},"sameAs":["https:\/\/www.facebook.com\/Portal-Urbano-171542830093757\/","https:\/\/twitter.com\/portalurbanook","https:\/\/www.instagram.com\/_portalurbano\/","https:\/\/www.youtube.com\/channel\/UCXhagIfszH8KxFiOok79zbA?view_as=subscriber"]},{"@type":"Person","@id":"https:\/\/experienciadevida.com.ar\/portalurbano\/#\/schema\/person\/02dd326b1c4b056e9cc972486934a3a7","name":"admpu17wp","image":{"@type":"ImageObject","inLanguage":"es","@id":"https:\/\/experienciadevida.com.ar\/portalurbano\/#\/schema\/person\/image\/","url":"https:\/\/secure.gravatar.com\/avatar\/830d4c57adaae6630765e449a6908047?s=96&d=mm&r=g","contentUrl":"https:\/\/secure.gravatar.com\/avatar\/830d4c57adaae6630765e449a6908047?s=96&d=mm&r=g","caption":"admpu17wp"}}]}},"featured_image_urls":{"full":["https:\/\/experienciadevida.com.ar\/portalurbano\/wp-content\/uploads\/2021\/02\/Se-realizo-el-acto-oficial-e1614262878803.jpg",765,510,false],"thumbnail":["https:\/\/experienciadevida.com.ar\/portalurbano\/wp-content\/uploads\/2021\/02\/Se-realizo-el-acto-oficial-150x150.jpg",150,150,true],"medium":["https:\/\/experienciadevida.com.ar\/portalurbano\/wp-content\/uploads\/2021\/02\/Se-realizo-el-acto-oficial-300x200.jpg",300,200,true],"medium_large":["https:\/\/experienciadevida.com.ar\/portalurbano\/wp-content\/uploads\/2021\/02\/Se-realizo-el-acto-oficial-768x512.jpg",640,427,true],"large":["https:\/\/experienciadevida.com.ar\/portalurbano\/wp-content\/uploads\/2021\/02\/Se-realizo-el-acto-oficial-1024x683.jpg",640,427,true],"ug_big":["https:\/\/experienciadevida.com.ar\/portalurbano\/wp-content\/uploads\/2021\/02\/Se-realizo-el-acto-oficial-768x512.jpg",768,512,true],"1536x1536":["https:\/\/experienciadevida.com.ar\/portalurbano\/wp-content\/uploads\/2021\/02\/Se-realizo-el-acto-oficial-1536x1024.jpg",1536,1024,true],"2048x2048":["https:\/\/experienciadevida.com.ar\/portalurbano\/wp-content\/uploads\/2021\/02\/Se-realizo-el-acto-oficial-2048x1366.jpg",2048,1366,true],"newsever-slider-full":["https:\/\/experienciadevida.com.ar\/portalurbano\/wp-content\/uploads\/2021\/02\/Se-realizo-el-acto-oficial-e1614262878803.jpg",765,510,false],"newsever-featured":["https:\/\/experienciadevida.com.ar\/portalurbano\/wp-content\/uploads\/2021\/02\/Se-realizo-el-acto-oficial-e1614262878803.jpg",765,510,false],"newsever-medium":["https:\/\/experienciadevida.com.ar\/portalurbano\/wp-content\/uploads\/2021\/02\/Se-realizo-el-acto-oficial-e1614262878803.jpg",713,475,false],"web-stories-poster-portrait":["https:\/\/experienciadevida.com.ar\/portalurbano\/wp-content\/uploads\/2021\/02\/Se-realizo-el-acto-oficial-e1614262878803.jpg",640,427,false],"web-stories-publisher-logo":["https:\/\/experienciadevida.com.ar\/portalurbano\/wp-content\/uploads\/2021\/02\/Se-realizo-el-acto-oficial-e1614262878803.jpg",96,64,false],"web-stories-thumbnail":["https:\/\/experienciadevida.com.ar\/portalurbano\/wp-content\/uploads\/2021\/02\/Se-realizo-el-acto-oficial-e1614262878803.jpg",150,100,false]},"author_info":{"display_name":"admpu17wp","author_link":"https:\/\/experienciadevida.com.ar\/portalurbano\/author\/admpu17wp\/"},"category_info":"<a href=\"https:\/\/experienciadevida.com.ar\/portalurbano\/category\/ciudad\/\" rel=\"category tag\">Ciudad<\/a> <a href=\"https:\/\/experienciadevida.com.ar\/portalurbano\/category\/destacadas\/\" rel=\"category tag\">Destacadas<\/a>","tag_info":"Destacadas","comment_count":"0","amp_enabled":true,"_links":{"self":[{"href":"https:\/\/experienciadevida.com.ar\/portalurbano\/wp-json\/wp\/v2\/posts\/135991"}],"collection":[{"href":"https:\/\/experienciadevida.com.ar\/portalurbano\/wp-json\/wp\/v2\/posts"}],"about":[{"href":"https:\/\/experienciadevida.com.ar\/portalurbano\/wp-json\/wp\/v2\/types\/post"}],"author":[{"embeddable":true,"href":"https:\/\/experienciadevida.com.ar\/portalurbano\/wp-json\/wp\/v2\/users\/1"}],"replies":[{"embeddable":true,"href":"https:\/\/experienciadevida.com.ar\/portalurbano\/wp-json\/wp\/v2\/comments?post=135991"}],"version-history":[{"count":3,"href":"https:\/\/experienciadevida.com.ar\/portalurbano\/wp-json\/wp\/v2\/posts\/135991\/revisions"}],"predecessor-version":[{"id":135994,"href":"https:\/\/experienciadevida.com.ar\/portalurbano\/wp-json\/wp\/v2\/posts\/135991\/revisions\/135994"}],"wp:featuredmedia":[{"embeddable":true,"href":"https:\/\/experienciadevida.com.ar\/portalurbano\/wp-json\/wp\/v2\/media\/135992"}],"wp:attachment":[{"href":"https:\/\/experienciadevida.com.ar\/portalurbano\/wp-json\/wp\/v2\/media?parent=135991"}],"wp:term":[{"taxonomy":"category","embeddable":true,"href":"https:\/\/experienciadevida.com.ar\/portalurbano\/wp-json\/wp\/v2\/categories?post=135991"},{"taxonomy":"post_tag","embeddable":true,"href":"https:\/\/experienciadevida.com.ar\/portalurbano\/wp-json\/wp\/v2\/tags?post=135991"}],"curies":[{"name":"wp","href":"https:\/\/api.w.org\/{rel}","templated":true}]}}