{"id":135970,"date":"2021-02-25T10:09:03","date_gmt":"2021-02-25T13:09:03","guid":{"rendered":"https:\/\/experienciadevida.com.ar\/portalurbano\/?p=135970"},"modified":"2021-02-25T10:11:03","modified_gmt":"2021-02-25T13:11:03","slug":"comienza-la-actividad-en-jardines-centros-de-dia-y-callejeadas","status":"publish","type":"post","link":"https:\/\/experienciadevida.com.ar\/portalurbano\/comienza-la-actividad-en-jardines-centros-de-dia-y-callejeadas\/","title":{"rendered":"Comienza la actividad en Jardines, Centros de D\u00eda y Callejeadas"},"content":{"rendered":"<p>Comienza la actividad en Jardines, Centros de D\u00eda y Callejeadas. A partir del lunes 1\u00b0 de marzo, los equipos de la Subsecretar\u00eda de Desarrollo Social del Municipio -dependientes de la Secretar\u00eda de Desarrollo Humano y Calidad de Vida\u2013 comienzan con la actividad 2021 en Jardines Maternales, Centros de D\u00eda y Callejeadas.<\/p>\n<p>En el caso de los Jardines, la actividad en los espacios -de lunes a viernes- se dividir\u00e1 en doble turno: por la ma\u00f1ana en el horario de 8 a 11 horas y en la tarde de 13 a 16 horas, a excepci\u00f3n de los jardines Colores (Sierra Chica) y Gotitas de Roc\u00edo (Sierras Bayas) que debido a la matr\u00edcula s\u00f3lo funcionar\u00e1n en turno ma\u00f1ana.<\/p>\n<p>La subsecretaria de Desarrollo Social Silvana Rosales indic\u00f3 que \u201cpor protocolo no pueden concurrir m\u00e1s de tres horas y solamente abriremos -por ahora\u2013 Sala de 2 a\u00f1os, ya que con beb\u00e9s y deambuladores es muy dif\u00edcil no tener contacto estrecho al acompa\u00f1arlos\u201d.<\/p>\n<p>Comienza la actividad en jardines, centros de d\u00eda y callejeadas, en este sentido, la directora de Unidad de Desarrollo Infantil Sandra Bilbao explic\u00f3 que las primeras semanas -y progresivamente- se realizar\u00e1 la adaptaci\u00f3n con 4 ni\u00f1os\/as y responsables que los acompa\u00f1en, m\u00e1s una docente.<\/p>\n<p>Luego de la adaptaci\u00f3n, habr\u00e1 dos burbujas de nueve ni\u00f1os\/as y una docente (de acuerdo a la matr\u00edcula de cada Jard\u00edn), m\u00e1s un personal auxiliar que har\u00e1 tareas de sanitizaci\u00f3n durante la jornada. Es importante remarcar tambi\u00e9n que al finalizar cada turno se realizar\u00e1 la higienizaci\u00f3n de todas las salas y que en cada espacio (tambi\u00e9n de los Centros de D\u00eda y las Callejeadas) habr\u00e1 un espacio exclusivo para aislamiento en caso que se detecte alg\u00fan ni\u00f1o, ni\u00f1a o adolescente con s\u00edntomas compatibles a Covid-19.<\/p>\n<p><em>\u201cTodo el personal va a tener su material de higiene: barbijos, m\u00e1scaras faciales y sanitizante. Se tomar\u00e1 la temperatura al ingreso al Jard\u00edn y el lugar estar\u00e1 se\u00f1alizado. Por otra parte, en este verano, las docentes participaron de capacitaciones de Atenci\u00f3n Primaria de la Salud y de Seguridad e Higiene. En el protocolo nosotros agregamos que las \u2018se\u00f1os\u2019 puedan cambiar pa\u00f1ales. Siempre lo hicieron con guantes y con la seguridad que implica, as\u00ed que este a\u00f1o tambi\u00e9n se va a realizar\u201d,\u00a0<\/em>explic\u00f3 Rosales.<\/p>\n<p>Comienza la actividad en jardines, centros de d\u00eda y callejeadas, respecto al proyecto integral, destac\u00f3 que \u201carrancamos el lunes con Sala de 2 a\u00f1os y los docentes, de todos modos, tienen planificado el desarrollo del a\u00f1o. Lo han armado de tal manera que lo pueden realizar de manera virtual o presencial. Es decir que si hay alguna burbuja que debe aislarse, de manera virtual los docentes pueden continuar con el seguimiento pedag\u00f3gico y educativo\u201d.<\/p>\n<p>Las funcionarias indicaron que cada familia tendr\u00e1 disponible el protocolo sanitario a seguir en caso de que se presenten s\u00edntomas compatibles con Covid19 en el Jard\u00edn. Asimismo, se\u00f1alaron que cada ni\u00f1o\/a tendr\u00e1 su material did\u00e1ctico y sillitas identificadas y que deber\u00e1n concurrir con mochila y objetos personales.<\/p>\n<p>Tanto en Centros de D\u00eda como Callejeadas tambi\u00e9n se dividir\u00e1n en burbujas por turnos. En todos los servicios municipales se respetar\u00e1n los protocolos estrictos pensados para el inicio y desarrollo de las actividades y en un trabajo mancomunado con la Secretar\u00eda de Salud.<\/p>\n<p>Los Centros de D\u00eda 1, 2, 4, 5 y 7 desarrollar\u00e1n la actividad de lunes a viernes en el horario de 8 a 17 horas, divididos de la siguiente manera:<\/p>\n<p>De 8 a 10 horas: burbuja de 6 a 7 a\u00f1os y burbuja de 8 a 9 a\u00f1os.<\/p>\n<p>De 10 a 10:30 horas: limpieza y desinfecci\u00f3n.<\/p>\n<p>De 10:30 a 12:30 horas: burbuja de 10 a 11 a\u00f1os y burbuja de 12 a 14 a\u00f1os.<\/p>\n<p>De 12:30 a 13:00 horas: limpieza y desinfecci\u00f3n.<\/p>\n<p>De 13 a 14:30 horas: burbuja de 6 a 7 a\u00f1os y burbuja de 8 a 9 a\u00f1os.<\/p>\n<p>De 14:30 a 15:00 horas: limpieza y desinfecci\u00f3n.<\/p>\n<p>De 15 a 16:30 horas: burbuja de 10 a 11 a\u00f1os y burbuja de 12 a 14 a\u00f1os.<\/p>\n<p>De 16:30 a 17 horas: limpieza y desinfecci\u00f3n.<\/p>\n<p>Para estos servicios, las funcionarias del \u00e1rea de Desarrollo Social remarcaron que las actividades dependen del funcionamiento escolar: \u201cno podemos hablar todav\u00eda de una matr\u00edcula fija porque depende de que abran o no los establecimientos educativos a los que los chicos concurren\u201d.<\/p>\n<p><em>\u201cPor el momento, as\u00ed pensamos el desarrollo de los Centros de D\u00eda. Al igual que los Jardines -y tambi\u00e9n Callejeadas\u2013 el personal planific\u00f3 las actividades de ac\u00e1 a fin de a\u00f1o, pero depende de la situaci\u00f3n sanitaria que tengamos la manera en que se lleve a cabo\u201d,\u00a0<\/em>sostuvo la subsecretaria Silvana Rosales.<\/p>\n<p>Por \u00faltimo, se refirieron al comienzo de la actividad en Callejeadas. Las de Hinojo, Facundo Quiroga, El Progreso y Alberdi funcionar\u00e1n tres veces por semana a partir del 1\u00b0 de marzo, con dos burbujas por turno: de 17 a 18 horas lo har\u00e1n los ni\u00f1os\/as de 8 y 9 a\u00f1os y de 10 y 11 a\u00f1os; de 18:30 a 19:30 horas ser\u00e1 de 12 a 14 y de 15 a 18 a\u00f1os.<\/p>\n<p>El inicio de las Callejeadas restantes se dar\u00e1 de manera paulatina con el correr de los d\u00edas.<\/p>\n<p>&nbsp;<\/p>\n<div class=\"at-below-post addthis_tool\" data-url=\"https:\/\/www.olavarria.gov.ar\/comienza-la-actividad-en-jardines-centros-de-dia-y-callejeadas\/\" data-title=\"Comienza la actividad en Jardines, Centros de D\u00eda y Callejeadas | Municipalidad del Partido de Olavarr\u00eda\">\n<div id=\"atstbx\" class=\"at-share-tbx-element addthis-smartlayers addthis-animated at4-show\" role=\"region\" aria-labelledby=\"at-8ebc4ac8-d81c-407c-ba9a-0ea044f64974\">\n<p>&nbsp;<\/p>\n<div class=\"at-share-btn-elements\"><\/div>\n<\/div>\n<\/div>\n","protected":false},"excerpt":{"rendered":"<p>Comienza la actividad en Jardines, Centros de D\u00eda y Callejeadas. A partir del lunes 1\u00b0&#8230;<\/p>\n","protected":false},"author":1,"featured_media":135971,"comment_status":"closed","ping_status":"closed","sticky":false,"template":"","format":"standard","meta":{"content-type":""},"categories":[27,64],"tags":[],"nelio_content":{"isAutoShareEnabled":false,"autoShareEndMode":"default","automationSources":{"useContentSentences":true,"useSocialTemplates":true,"useCustomSentences":false,"customSentences":[]},"followers":[1],"suggestedReferences":[],"includedReferences":[],"efiUrl":"","efiAlt":"","highlights":[]},"yoast_head":"<!-- This site is optimized with the Yoast SEO plugin v20.7 - https:\/\/yoast.com\/wordpress\/plugins\/seo\/ -->\n<title>Comienza la actividad en jardines, centros de d\u00eda y callejeadas<\/title>\n<meta name=\"description\" content=\"Comienza la actividad en Jardines, Centros de D\u00eda y Callejeadas, se dividir\u00e1n en dos turnos en algunos casos y se cumpliran los protocolos.\" \/>\n<meta name=\"robots\" content=\"index, follow, max-snippet:-1, max-image-preview:large, max-video-preview:-1\" \/>\n<link rel=\"canonical\" href=\"https:\/\/experienciadevida.com.ar\/portalurbano\/comienza-la-actividad-en-jardines-centros-de-dia-y-callejeadas\/\" \/>\n<meta property=\"og:locale\" content=\"es_ES\" \/>\n<meta property=\"og:type\" content=\"article\" \/>\n<meta property=\"og:title\" content=\"Comienza la actividad en jardines, centros de d\u00eda y callejeadas\" \/>\n<meta property=\"og:description\" content=\"Comienza la actividad en Jardines, Centros de D\u00eda y Callejeadas, se dividir\u00e1n en dos turnos en algunos casos y se cumpliran los protocolos.\" \/>\n<meta property=\"og:url\" content=\"https:\/\/experienciadevida.com.ar\/portalurbano\/comienza-la-actividad-en-jardines-centros-de-dia-y-callejeadas\/\" \/>\n<meta property=\"article:publisher\" content=\"https:\/\/www.facebook.com\/Portal-Urbano-171542830093757\/\" \/>\n<meta property=\"article:published_time\" content=\"2021-02-25T13:09:03+00:00\" \/>\n<meta property=\"article:modified_time\" content=\"2021-02-25T13:11:03+00:00\" \/>\n<meta property=\"og:image\" content=\"https:\/\/experienciadevida.com.ar\/portalurbano\/wp-content\/uploads\/2021\/02\/Comienza-la-actividad-en-Jardines.jpg\" \/>\n\t<meta property=\"og:image:width\" content=\"1024\" \/>\n\t<meta property=\"og:image:height\" content=\"766\" \/>\n\t<meta property=\"og:image:type\" content=\"image\/jpeg\" \/>\n<meta name=\"author\" content=\"admpu17wp\" \/>\n<meta name=\"twitter:card\" content=\"summary_large_image\" \/>\n<meta name=\"twitter:creator\" content=\"@portalurbanook\" \/>\n<meta name=\"twitter:site\" content=\"@portalurbanook\" \/>\n<meta name=\"twitter:label1\" content=\"Escrito por\" \/>\n\t<meta name=\"twitter:data1\" content=\"admpu17wp\" \/>\n\t<meta name=\"twitter:label2\" content=\"Tiempo de lectura\" \/>\n\t<meta name=\"twitter:data2\" content=\"4 minutos\" \/>\n<script type=\"application\/ld+json\" class=\"yoast-schema-graph\">{\"@context\":\"https:\/\/schema.org\",\"@graph\":[{\"@type\":\"Article\",\"@id\":\"https:\/\/experienciadevida.com.ar\/portalurbano\/comienza-la-actividad-en-jardines-centros-de-dia-y-callejeadas\/#article\",\"isPartOf\":{\"@id\":\"https:\/\/experienciadevida.com.ar\/portalurbano\/comienza-la-actividad-en-jardines-centros-de-dia-y-callejeadas\/\"},\"author\":{\"name\":\"admpu17wp\",\"@id\":\"https:\/\/experienciadevida.com.ar\/portalurbano\/#\/schema\/person\/02dd326b1c4b056e9cc972486934a3a7\"},\"headline\":\"Comienza la actividad en Jardines, Centros de D\u00eda y Callejeadas\",\"datePublished\":\"2021-02-25T13:09:03+00:00\",\"dateModified\":\"2021-02-25T13:11:03+00:00\",\"mainEntityOfPage\":{\"@id\":\"https:\/\/experienciadevida.com.ar\/portalurbano\/comienza-la-actividad-en-jardines-centros-de-dia-y-callejeadas\/\"},\"wordCount\":891,\"publisher\":{\"@id\":\"https:\/\/experienciadevida.com.ar\/portalurbano\/#organization\"},\"articleSection\":[\"Ciudad\",\"Destacadas 2\"],\"inLanguage\":\"es\"},{\"@type\":\"WebPage\",\"@id\":\"https:\/\/experienciadevida.com.ar\/portalurbano\/comienza-la-actividad-en-jardines-centros-de-dia-y-callejeadas\/\",\"url\":\"https:\/\/experienciadevida.com.ar\/portalurbano\/comienza-la-actividad-en-jardines-centros-de-dia-y-callejeadas\/\",\"name\":\"Comienza la actividad en jardines, centros de d\u00eda y callejeadas\",\"isPartOf\":{\"@id\":\"https:\/\/experienciadevida.com.ar\/portalurbano\/#website\"},\"datePublished\":\"2021-02-25T13:09:03+00:00\",\"dateModified\":\"2021-02-25T13:11:03+00:00\",\"description\":\"Comienza la actividad en Jardines, Centros de D\u00eda y Callejeadas, se dividir\u00e1n en dos turnos en algunos casos y se cumpliran los protocolos.\",\"breadcrumb\":{\"@id\":\"https:\/\/experienciadevida.com.ar\/portalurbano\/comienza-la-actividad-en-jardines-centros-de-dia-y-callejeadas\/#breadcrumb\"},\"inLanguage\":\"es\",\"potentialAction\":[{\"@type\":\"ReadAction\",\"target\":[\"https:\/\/experienciadevida.com.ar\/portalurbano\/comienza-la-actividad-en-jardines-centros-de-dia-y-callejeadas\/\"]}]},{\"@type\":\"BreadcrumbList\",\"@id\":\"https:\/\/experienciadevida.com.ar\/portalurbano\/comienza-la-actividad-en-jardines-centros-de-dia-y-callejeadas\/#breadcrumb\",\"itemListElement\":[{\"@type\":\"ListItem\",\"position\":1,\"name\":\"Portada\",\"item\":\"https:\/\/experienciadevida.com.ar\/portalurbano\/\"},{\"@type\":\"ListItem\",\"position\":2,\"name\":\"Comienza la actividad en Jardines, Centros de D\u00eda y Callejeadas\"}]},{\"@type\":\"WebSite\",\"@id\":\"https:\/\/experienciadevida.com.ar\/portalurbano\/#website\",\"url\":\"https:\/\/experienciadevida.com.ar\/portalurbano\/\",\"name\":\"\",\"description\":\"\",\"publisher\":{\"@id\":\"https:\/\/experienciadevida.com.ar\/portalurbano\/#organization\"},\"potentialAction\":[{\"@type\":\"SearchAction\",\"target\":{\"@type\":\"EntryPoint\",\"urlTemplate\":\"https:\/\/experienciadevida.com.ar\/portalurbano\/?s={search_term_string}\"},\"query-input\":\"required name=search_term_string\"}],\"inLanguage\":\"es\"},{\"@type\":\"Organization\",\"@id\":\"https:\/\/experienciadevida.com.ar\/portalurbano\/#organization\",\"name\":\"Portal Urbano\",\"url\":\"https:\/\/experienciadevida.com.ar\/portalurbano\/\",\"logo\":{\"@type\":\"ImageObject\",\"inLanguage\":\"es\",\"@id\":\"https:\/\/experienciadevida.com.ar\/portalurbano\/#\/schema\/logo\/image\/\",\"url\":\"https:\/\/experienciadevida.com.ar\/portalurbano\/wp-content\/uploads\/2019\/09\/Logo-Original.png\",\"contentUrl\":\"https:\/\/experienciadevida.com.ar\/portalurbano\/wp-content\/uploads\/2019\/09\/Logo-Original.png\",\"width\":2236,\"height\":1216,\"caption\":\"Portal Urbano\"},\"image\":{\"@id\":\"https:\/\/experienciadevida.com.ar\/portalurbano\/#\/schema\/logo\/image\/\"},\"sameAs\":[\"https:\/\/www.facebook.com\/Portal-Urbano-171542830093757\/\",\"https:\/\/twitter.com\/portalurbanook\",\"https:\/\/www.instagram.com\/_portalurbano\/\",\"https:\/\/www.youtube.com\/channel\/UCXhagIfszH8KxFiOok79zbA?view_as=subscriber\"]},{\"@type\":\"Person\",\"@id\":\"https:\/\/experienciadevida.com.ar\/portalurbano\/#\/schema\/person\/02dd326b1c4b056e9cc972486934a3a7\",\"name\":\"admpu17wp\",\"image\":{\"@type\":\"ImageObject\",\"inLanguage\":\"es\",\"@id\":\"https:\/\/experienciadevida.com.ar\/portalurbano\/#\/schema\/person\/image\/\",\"url\":\"https:\/\/secure.gravatar.com\/avatar\/830d4c57adaae6630765e449a6908047?s=96&d=mm&r=g\",\"contentUrl\":\"https:\/\/secure.gravatar.com\/avatar\/830d4c57adaae6630765e449a6908047?s=96&d=mm&r=g\",\"caption\":\"admpu17wp\"}}]}<\/script>\n<!-- \/ Yoast SEO plugin. -->","yoast_head_json":{"title":"Comienza la actividad en jardines, centros de d\u00eda y callejeadas","description":"Comienza la actividad en Jardines, Centros de D\u00eda y Callejeadas, se dividir\u00e1n en dos turnos en algunos casos y se cumpliran los protocolos.","robots":{"index":"index","follow":"follow","max-snippet":"max-snippet:-1","max-image-preview":"max-image-preview:large","max-video-preview":"max-video-preview:-1"},"canonical":"https:\/\/experienciadevida.com.ar\/portalurbano\/comienza-la-actividad-en-jardines-centros-de-dia-y-callejeadas\/","og_locale":"es_ES","og_type":"article","og_title":"Comienza la actividad en jardines, centros de d\u00eda y callejeadas","og_description":"Comienza la actividad en Jardines, Centros de D\u00eda y Callejeadas, se dividir\u00e1n en dos turnos en algunos casos y se cumpliran los protocolos.","og_url":"https:\/\/experienciadevida.com.ar\/portalurbano\/comienza-la-actividad-en-jardines-centros-de-dia-y-callejeadas\/","article_publisher":"https:\/\/www.facebook.com\/Portal-Urbano-171542830093757\/","article_published_time":"2021-02-25T13:09:03+00:00","article_modified_time":"2021-02-25T13:11:03+00:00","og_image":[{"width":1024,"height":766,"url":"https:\/\/experienciadevida.com.ar\/portalurbano\/wp-content\/uploads\/2021\/02\/Comienza-la-actividad-en-Jardines.jpg","type":"image\/jpeg"}],"author":"admpu17wp","twitter_card":"summary_large_image","twitter_creator":"@portalurbanook","twitter_site":"@portalurbanook","twitter_misc":{"Escrito por":"admpu17wp","Tiempo de lectura":"4 minutos"},"schema":{"@context":"https:\/\/schema.org","@graph":[{"@type":"Article","@id":"https:\/\/experienciadevida.com.ar\/portalurbano\/comienza-la-actividad-en-jardines-centros-de-dia-y-callejeadas\/#article","isPartOf":{"@id":"https:\/\/experienciadevida.com.ar\/portalurbano\/comienza-la-actividad-en-jardines-centros-de-dia-y-callejeadas\/"},"author":{"name":"admpu17wp","@id":"https:\/\/experienciadevida.com.ar\/portalurbano\/#\/schema\/person\/02dd326b1c4b056e9cc972486934a3a7"},"headline":"Comienza la actividad en Jardines, Centros de D\u00eda y Callejeadas","datePublished":"2021-02-25T13:09:03+00:00","dateModified":"2021-02-25T13:11:03+00:00","mainEntityOfPage":{"@id":"https:\/\/experienciadevida.com.ar\/portalurbano\/comienza-la-actividad-en-jardines-centros-de-dia-y-callejeadas\/"},"wordCount":891,"publisher":{"@id":"https:\/\/experienciadevida.com.ar\/portalurbano\/#organization"},"articleSection":["Ciudad","Destacadas 2"],"inLanguage":"es"},{"@type":"WebPage","@id":"https:\/\/experienciadevida.com.ar\/portalurbano\/comienza-la-actividad-en-jardines-centros-de-dia-y-callejeadas\/","url":"https:\/\/experienciadevida.com.ar\/portalurbano\/comienza-la-actividad-en-jardines-centros-de-dia-y-callejeadas\/","name":"Comienza la actividad en jardines, centros de d\u00eda y callejeadas","isPartOf":{"@id":"https:\/\/experienciadevida.com.ar\/portalurbano\/#website"},"datePublished":"2021-02-25T13:09:03+00:00","dateModified":"2021-02-25T13:11:03+00:00","description":"Comienza la actividad en Jardines, Centros de D\u00eda y Callejeadas, se dividir\u00e1n en dos turnos en algunos casos y se cumpliran los protocolos.","breadcrumb":{"@id":"https:\/\/experienciadevida.com.ar\/portalurbano\/comienza-la-actividad-en-jardines-centros-de-dia-y-callejeadas\/#breadcrumb"},"inLanguage":"es","potentialAction":[{"@type":"ReadAction","target":["https:\/\/experienciadevida.com.ar\/portalurbano\/comienza-la-actividad-en-jardines-centros-de-dia-y-callejeadas\/"]}]},{"@type":"BreadcrumbList","@id":"https:\/\/experienciadevida.com.ar\/portalurbano\/comienza-la-actividad-en-jardines-centros-de-dia-y-callejeadas\/#breadcrumb","itemListElement":[{"@type":"ListItem","position":1,"name":"Portada","item":"https:\/\/experienciadevida.com.ar\/portalurbano\/"},{"@type":"ListItem","position":2,"name":"Comienza la actividad en Jardines, Centros de D\u00eda y Callejeadas"}]},{"@type":"WebSite","@id":"https:\/\/experienciadevida.com.ar\/portalurbano\/#website","url":"https:\/\/experienciadevida.com.ar\/portalurbano\/","name":"","description":"","publisher":{"@id":"https:\/\/experienciadevida.com.ar\/portalurbano\/#organization"},"potentialAction":[{"@type":"SearchAction","target":{"@type":"EntryPoint","urlTemplate":"https:\/\/experienciadevida.com.ar\/portalurbano\/?s={search_term_string}"},"query-input":"required name=search_term_string"}],"inLanguage":"es"},{"@type":"Organization","@id":"https:\/\/experienciadevida.com.ar\/portalurbano\/#organization","name":"Portal Urbano","url":"https:\/\/experienciadevida.com.ar\/portalurbano\/","logo":{"@type":"ImageObject","inLanguage":"es","@id":"https:\/\/experienciadevida.com.ar\/portalurbano\/#\/schema\/logo\/image\/","url":"https:\/\/experienciadevida.com.ar\/portalurbano\/wp-content\/uploads\/2019\/09\/Logo-Original.png","contentUrl":"https:\/\/experienciadevida.com.ar\/portalurbano\/wp-content\/uploads\/2019\/09\/Logo-Original.png","width":2236,"height":1216,"caption":"Portal Urbano"},"image":{"@id":"https:\/\/experienciadevida.com.ar\/portalurbano\/#\/schema\/logo\/image\/"},"sameAs":["https:\/\/www.facebook.com\/Portal-Urbano-171542830093757\/","https:\/\/twitter.com\/portalurbanook","https:\/\/www.instagram.com\/_portalurbano\/","https:\/\/www.youtube.com\/channel\/UCXhagIfszH8KxFiOok79zbA?view_as=subscriber"]},{"@type":"Person","@id":"https:\/\/experienciadevida.com.ar\/portalurbano\/#\/schema\/person\/02dd326b1c4b056e9cc972486934a3a7","name":"admpu17wp","image":{"@type":"ImageObject","inLanguage":"es","@id":"https:\/\/experienciadevida.com.ar\/portalurbano\/#\/schema\/person\/image\/","url":"https:\/\/secure.gravatar.com\/avatar\/830d4c57adaae6630765e449a6908047?s=96&d=mm&r=g","contentUrl":"https:\/\/secure.gravatar.com\/avatar\/830d4c57adaae6630765e449a6908047?s=96&d=mm&r=g","caption":"admpu17wp"}}]}},"featured_image_urls":{"full":["https:\/\/experienciadevida.com.ar\/portalurbano\/wp-content\/uploads\/2021\/02\/Comienza-la-actividad-en-Jardines.jpg",1024,766,false],"thumbnail":["https:\/\/experienciadevida.com.ar\/portalurbano\/wp-content\/uploads\/2021\/02\/Comienza-la-actividad-en-Jardines-150x150.jpg",150,150,true],"medium":["https:\/\/experienciadevida.com.ar\/portalurbano\/wp-content\/uploads\/2021\/02\/Comienza-la-actividad-en-Jardines-300x224.jpg",300,224,true],"medium_large":["https:\/\/experienciadevida.com.ar\/portalurbano\/wp-content\/uploads\/2021\/02\/Comienza-la-actividad-en-Jardines-768x575.jpg",640,479,true],"large":["https:\/\/experienciadevida.com.ar\/portalurbano\/wp-content\/uploads\/2021\/02\/Comienza-la-actividad-en-Jardines.jpg",640,479,false],"ug_big":["https:\/\/experienciadevida.com.ar\/portalurbano\/wp-content\/uploads\/2021\/02\/Comienza-la-actividad-en-Jardines-768x575.jpg",768,575,true],"1536x1536":["https:\/\/experienciadevida.com.ar\/portalurbano\/wp-content\/uploads\/2021\/02\/Comienza-la-actividad-en-Jardines.jpg",1024,766,false],"2048x2048":["https:\/\/experienciadevida.com.ar\/portalurbano\/wp-content\/uploads\/2021\/02\/Comienza-la-actividad-en-Jardines.jpg",1024,766,false],"newsever-slider-full":["https:\/\/experienciadevida.com.ar\/portalurbano\/wp-content\/uploads\/2021\/02\/Comienza-la-actividad-en-Jardines.jpg",1024,766,false],"newsever-featured":["https:\/\/experienciadevida.com.ar\/portalurbano\/wp-content\/uploads\/2021\/02\/Comienza-la-actividad-en-Jardines.jpg",1024,766,false],"newsever-medium":["https:\/\/experienciadevida.com.ar\/portalurbano\/wp-content\/uploads\/2021\/02\/Comienza-la-actividad-en-Jardines.jpg",635,475,false],"web-stories-poster-portrait":["https:\/\/experienciadevida.com.ar\/portalurbano\/wp-content\/uploads\/2021\/02\/Comienza-la-actividad-en-Jardines.jpg",640,479,false],"web-stories-publisher-logo":["https:\/\/experienciadevida.com.ar\/portalurbano\/wp-content\/uploads\/2021\/02\/Comienza-la-actividad-en-Jardines.jpg",96,72,false],"web-stories-thumbnail":["https:\/\/experienciadevida.com.ar\/portalurbano\/wp-content\/uploads\/2021\/02\/Comienza-la-actividad-en-Jardines.jpg",150,112,false]},"author_info":{"display_name":"admpu17wp","author_link":"https:\/\/experienciadevida.com.ar\/portalurbano\/author\/admpu17wp\/"},"category_info":"<a href=\"https:\/\/experienciadevida.com.ar\/portalurbano\/category\/ciudad\/\" rel=\"category tag\">Ciudad<\/a> <a href=\"https:\/\/experienciadevida.com.ar\/portalurbano\/category\/destacadas-2\/\" rel=\"category tag\">Destacadas 2<\/a>","tag_info":"Destacadas 2","comment_count":"0","amp_enabled":true,"_links":{"self":[{"href":"https:\/\/experienciadevida.com.ar\/portalurbano\/wp-json\/wp\/v2\/posts\/135970"}],"collection":[{"href":"https:\/\/experienciadevida.com.ar\/portalurbano\/wp-json\/wp\/v2\/posts"}],"about":[{"href":"https:\/\/experienciadevida.com.ar\/portalurbano\/wp-json\/wp\/v2\/types\/post"}],"author":[{"embeddable":true,"href":"https:\/\/experienciadevida.com.ar\/portalurbano\/wp-json\/wp\/v2\/users\/1"}],"replies":[{"embeddable":true,"href":"https:\/\/experienciadevida.com.ar\/portalurbano\/wp-json\/wp\/v2\/comments?post=135970"}],"version-history":[{"count":2,"href":"https:\/\/experienciadevida.com.ar\/portalurbano\/wp-json\/wp\/v2\/posts\/135970\/revisions"}],"predecessor-version":[{"id":135973,"href":"https:\/\/experienciadevida.com.ar\/portalurbano\/wp-json\/wp\/v2\/posts\/135970\/revisions\/135973"}],"wp:featuredmedia":[{"embeddable":true,"href":"https:\/\/experienciadevida.com.ar\/portalurbano\/wp-json\/wp\/v2\/media\/135971"}],"wp:attachment":[{"href":"https:\/\/experienciadevida.com.ar\/portalurbano\/wp-json\/wp\/v2\/media?parent=135970"}],"wp:term":[{"taxonomy":"category","embeddable":true,"href":"https:\/\/experienciadevida.com.ar\/portalurbano\/wp-json\/wp\/v2\/categories?post=135970"},{"taxonomy":"post_tag","embeddable":true,"href":"https:\/\/experienciadevida.com.ar\/portalurbano\/wp-json\/wp\/v2\/tags?post=135970"}],"curies":[{"name":"wp","href":"https:\/\/api.w.org\/{rel}","templated":true}]}}