{"id":135935,"date":"2021-02-24T17:44:51","date_gmt":"2021-02-24T20:44:51","guid":{"rendered":"https:\/\/experienciadevida.com.ar\/portalurbano\/?p=135935"},"modified":"2021-02-24T17:45:28","modified_gmt":"2021-02-24T20:45:28","slug":"el-foro-olavarria-prepara-el-dia-de-la-mujer-de-manera-virtual","status":"publish","type":"post","link":"https:\/\/experienciadevida.com.ar\/portalurbano\/el-foro-olavarria-prepara-el-dia-de-la-mujer-de-manera-virtual\/","title":{"rendered":"El Foro Olavarr\u00eda prepara el d\u00eda de la mujer de manera virtual"},"content":{"rendered":"<p>El Foro Olavarr\u00eda prepara el d\u00eda de la mujer de manera virtual. La propuesta ser\u00e1 transmitida el lunes 8 de marzo a las 21 horas, a trav\u00e9s de las redes del <a href=\"https:\/\/www.facebook.com\/Foroolavarria\">Foro Olavarr\u00eda<\/a>. Contar\u00e1 con intervenciones art\u00edsticas acerca de la tem\u00e1tica y testimonios de mujeres.<\/p>\n<p>El Foro Olavarr\u00eda, espacio conducido por la concejal In\u00e9s Creimer y el Concejal <a href=\"https:\/\/www.facebook.com\/rodriguezolav\">Eduardo Rodr\u00edguez,<\/a> se encuentra trabajando en los preparativos del vivo D\u00eda de la Mujer, una propuesta por streaming para acompa\u00f1ar activamente la fecha. Al igual que otras transmisiones anteriores ser\u00e1 a trav\u00e9s de las plataformas de Facebook Live y YouTube.<\/p>\n<p>El Foro Olavarr\u00eda prepara el d\u00eda de la mujer, y para esta oportunidad habr\u00e1 distintas intervenciones art\u00edsticas de la mano de talentosas artistas locales. La Maywa, d\u00fao conformado por Male Pallero,\u00a0 Marina Mart\u00ednez, estar\u00e1 presentando su agradable m\u00fasica y poes\u00eda sobre la tem\u00e1tica.<\/p>\n<p>Tambi\u00e9n habr\u00e1 producciones de dibujo y pintura en vivo de la mano de Antonia Ayesa, quien deleitar\u00e1 al p\u00fablico con toda la sutileza de su pincel. A su vez, se compartir\u00e1 material audiovisual pregrabado de testimonios de distintas mujeres dando su visi\u00f3n sobre lo que significa ser mujer en nuestras sociedades.<\/p>\n<p>La Casa Eduardo \u201cChino\u201d Correa, sede oficial del Foro Olavarr\u00eda y el Frente Renovador, ser\u00e1 anfitriona del vivo D\u00eda de la Mujer que, al igual que las propuestas anteriores del espacio, ser\u00e1 transmitido a trav\u00e9s de las plataformas de Facebook Live y YouTube el d\u00eda lunes 8 de marzo a las 21 horas. Para la conducci\u00f3n del streaming se confirm\u00f3 la presencia de Solange Rivarola Vales quien estar\u00e1 acompa\u00f1ada por Luis Donatelli.<\/p>\n<p>El Foro Olavarr\u00eda prepara el d\u00eda de la mujer, y manifestaron que &#8220;se trata de un acompa\u00f1amiento activo en este d\u00eda hist\u00f3rico\u201d. Adem\u00e1s, se\u00f1alaron que esta fecha \u201cno se trata de una celebraci\u00f3n, sino m\u00e1s bien de un d\u00eda de lucha por los derechos de las mujeres, de concientizaci\u00f3n y sensibilizaci\u00f3n sobre una tem\u00e1tica que nos atraviesa como sociedad\u201d.<\/p>\n<p>Para m\u00e1s informaci\u00f3n del VIVO Dia de la Mujer y otras propuestas del Foro Olavarr\u00eda, acercarse a la Casa Eduardo \u201cChino\u201d Correa, en Belgrano 3222. O contactarse a trav\u00e9s de las v\u00edas de comunicaci\u00f3n:<\/p>\n<p>WhatsApp: 2284 554873<\/p>\n<p>E-Mail: foroolavarria@gmail.com<\/p>\n<p>P\u00e1gina Web: www.foroolavarria.org<\/p>\n","protected":false},"excerpt":{"rendered":"<p>El Foro Olavarr\u00eda prepara el d\u00eda de la mujer de manera virtual. La propuesta ser\u00e1&#8230;<\/p>\n","protected":false},"author":1,"featured_media":135936,"comment_status":"closed","ping_status":"closed","sticky":false,"template":"","format":"standard","meta":{"content-type":""},"categories":[27],"tags":[],"nelio_content":{"isAutoShareEnabled":false,"autoShareEndMode":"default","automationSources":{"useContentSentences":true,"useSocialTemplates":true,"useCustomSentences":false,"customSentences":[]},"followers":[1],"suggestedReferences":[],"includedReferences":[],"efiUrl":"","efiAlt":"","highlights":[]},"yoast_head":"<!-- This site is optimized with the Yoast SEO plugin v20.7 - https:\/\/yoast.com\/wordpress\/plugins\/seo\/ -->\n<title>El Foro Olavarr\u00eda prepara el d\u00eda de la mujer de manera virtual<\/title>\n<meta name=\"description\" content=\"El Foro Olavarr\u00eda prepara el d\u00eda de la mujer de manera virtual. La propuesta ser\u00e1 transmitida el lunes 8 de marzo a las 21 horas.\" \/>\n<meta name=\"robots\" content=\"index, follow, max-snippet:-1, max-image-preview:large, max-video-preview:-1\" \/>\n<link rel=\"canonical\" href=\"https:\/\/experienciadevida.com.ar\/portalurbano\/el-foro-olavarria-prepara-el-dia-de-la-mujer-de-manera-virtual\/\" \/>\n<meta property=\"og:locale\" content=\"es_ES\" \/>\n<meta property=\"og:type\" content=\"article\" \/>\n<meta property=\"og:title\" content=\"El Foro Olavarr\u00eda prepara el d\u00eda de la mujer de manera virtual\" \/>\n<meta property=\"og:description\" content=\"El Foro Olavarr\u00eda prepara el d\u00eda de la mujer de manera virtual. La propuesta ser\u00e1 transmitida el lunes 8 de marzo a las 21 horas.\" \/>\n<meta property=\"og:url\" content=\"https:\/\/experienciadevida.com.ar\/portalurbano\/el-foro-olavarria-prepara-el-dia-de-la-mujer-de-manera-virtual\/\" \/>\n<meta property=\"article:publisher\" content=\"https:\/\/www.facebook.com\/Portal-Urbano-171542830093757\/\" \/>\n<meta property=\"article:published_time\" content=\"2021-02-24T20:44:51+00:00\" \/>\n<meta property=\"article:modified_time\" content=\"2021-02-24T20:45:28+00:00\" \/>\n<meta property=\"og:image\" content=\"https:\/\/experienciadevida.com.ar\/portalurbano\/wp-content\/uploads\/2021\/02\/El-Foro-Olavarria-prepara-e1614198727594.jpeg\" \/>\n\t<meta property=\"og:image:width\" content=\"765\" \/>\n\t<meta property=\"og:image:height\" content=\"574\" \/>\n\t<meta property=\"og:image:type\" content=\"image\/jpeg\" \/>\n<meta name=\"author\" content=\"admpu17wp\" \/>\n<meta name=\"twitter:card\" content=\"summary_large_image\" \/>\n<meta name=\"twitter:creator\" content=\"@portalurbanook\" \/>\n<meta name=\"twitter:site\" content=\"@portalurbanook\" \/>\n<meta name=\"twitter:label1\" content=\"Escrito por\" \/>\n\t<meta name=\"twitter:data1\" content=\"admpu17wp\" \/>\n\t<meta name=\"twitter:label2\" content=\"Tiempo de lectura\" \/>\n\t<meta name=\"twitter:data2\" content=\"2 minutos\" \/>\n<script type=\"application\/ld+json\" class=\"yoast-schema-graph\">{\"@context\":\"https:\/\/schema.org\",\"@graph\":[{\"@type\":\"Article\",\"@id\":\"https:\/\/experienciadevida.com.ar\/portalurbano\/el-foro-olavarria-prepara-el-dia-de-la-mujer-de-manera-virtual\/#article\",\"isPartOf\":{\"@id\":\"https:\/\/experienciadevida.com.ar\/portalurbano\/el-foro-olavarria-prepara-el-dia-de-la-mujer-de-manera-virtual\/\"},\"author\":{\"name\":\"admpu17wp\",\"@id\":\"https:\/\/experienciadevida.com.ar\/portalurbano\/#\/schema\/person\/02dd326b1c4b056e9cc972486934a3a7\"},\"headline\":\"El Foro Olavarr\u00eda prepara el d\u00eda de la mujer de manera virtual\",\"datePublished\":\"2021-02-24T20:44:51+00:00\",\"dateModified\":\"2021-02-24T20:45:28+00:00\",\"mainEntityOfPage\":{\"@id\":\"https:\/\/experienciadevida.com.ar\/portalurbano\/el-foro-olavarria-prepara-el-dia-de-la-mujer-de-manera-virtual\/\"},\"wordCount\":425,\"publisher\":{\"@id\":\"https:\/\/experienciadevida.com.ar\/portalurbano\/#organization\"},\"articleSection\":[\"Ciudad\"],\"inLanguage\":\"es\"},{\"@type\":\"WebPage\",\"@id\":\"https:\/\/experienciadevida.com.ar\/portalurbano\/el-foro-olavarria-prepara-el-dia-de-la-mujer-de-manera-virtual\/\",\"url\":\"https:\/\/experienciadevida.com.ar\/portalurbano\/el-foro-olavarria-prepara-el-dia-de-la-mujer-de-manera-virtual\/\",\"name\":\"El Foro Olavarr\u00eda prepara el d\u00eda de la mujer de manera virtual\",\"isPartOf\":{\"@id\":\"https:\/\/experienciadevida.com.ar\/portalurbano\/#website\"},\"datePublished\":\"2021-02-24T20:44:51+00:00\",\"dateModified\":\"2021-02-24T20:45:28+00:00\",\"description\":\"El Foro Olavarr\u00eda prepara el d\u00eda de la mujer de manera virtual. La propuesta ser\u00e1 transmitida el lunes 8 de marzo a las 21 horas.\",\"breadcrumb\":{\"@id\":\"https:\/\/experienciadevida.com.ar\/portalurbano\/el-foro-olavarria-prepara-el-dia-de-la-mujer-de-manera-virtual\/#breadcrumb\"},\"inLanguage\":\"es\",\"potentialAction\":[{\"@type\":\"ReadAction\",\"target\":[\"https:\/\/experienciadevida.com.ar\/portalurbano\/el-foro-olavarria-prepara-el-dia-de-la-mujer-de-manera-virtual\/\"]}]},{\"@type\":\"BreadcrumbList\",\"@id\":\"https:\/\/experienciadevida.com.ar\/portalurbano\/el-foro-olavarria-prepara-el-dia-de-la-mujer-de-manera-virtual\/#breadcrumb\",\"itemListElement\":[{\"@type\":\"ListItem\",\"position\":1,\"name\":\"Portada\",\"item\":\"https:\/\/experienciadevida.com.ar\/portalurbano\/\"},{\"@type\":\"ListItem\",\"position\":2,\"name\":\"El Foro Olavarr\u00eda prepara el d\u00eda de la mujer de manera virtual\"}]},{\"@type\":\"WebSite\",\"@id\":\"https:\/\/experienciadevida.com.ar\/portalurbano\/#website\",\"url\":\"https:\/\/experienciadevida.com.ar\/portalurbano\/\",\"name\":\"\",\"description\":\"\",\"publisher\":{\"@id\":\"https:\/\/experienciadevida.com.ar\/portalurbano\/#organization\"},\"potentialAction\":[{\"@type\":\"SearchAction\",\"target\":{\"@type\":\"EntryPoint\",\"urlTemplate\":\"https:\/\/experienciadevida.com.ar\/portalurbano\/?s={search_term_string}\"},\"query-input\":\"required name=search_term_string\"}],\"inLanguage\":\"es\"},{\"@type\":\"Organization\",\"@id\":\"https:\/\/experienciadevida.com.ar\/portalurbano\/#organization\",\"name\":\"Portal Urbano\",\"url\":\"https:\/\/experienciadevida.com.ar\/portalurbano\/\",\"logo\":{\"@type\":\"ImageObject\",\"inLanguage\":\"es\",\"@id\":\"https:\/\/experienciadevida.com.ar\/portalurbano\/#\/schema\/logo\/image\/\",\"url\":\"https:\/\/experienciadevida.com.ar\/portalurbano\/wp-content\/uploads\/2019\/09\/Logo-Original.png\",\"contentUrl\":\"https:\/\/experienciadevida.com.ar\/portalurbano\/wp-content\/uploads\/2019\/09\/Logo-Original.png\",\"width\":2236,\"height\":1216,\"caption\":\"Portal Urbano\"},\"image\":{\"@id\":\"https:\/\/experienciadevida.com.ar\/portalurbano\/#\/schema\/logo\/image\/\"},\"sameAs\":[\"https:\/\/www.facebook.com\/Portal-Urbano-171542830093757\/\",\"https:\/\/twitter.com\/portalurbanook\",\"https:\/\/www.instagram.com\/_portalurbano\/\",\"https:\/\/www.youtube.com\/channel\/UCXhagIfszH8KxFiOok79zbA?view_as=subscriber\"]},{\"@type\":\"Person\",\"@id\":\"https:\/\/experienciadevida.com.ar\/portalurbano\/#\/schema\/person\/02dd326b1c4b056e9cc972486934a3a7\",\"name\":\"admpu17wp\",\"image\":{\"@type\":\"ImageObject\",\"inLanguage\":\"es\",\"@id\":\"https:\/\/experienciadevida.com.ar\/portalurbano\/#\/schema\/person\/image\/\",\"url\":\"https:\/\/secure.gravatar.com\/avatar\/830d4c57adaae6630765e449a6908047?s=96&d=mm&r=g\",\"contentUrl\":\"https:\/\/secure.gravatar.com\/avatar\/830d4c57adaae6630765e449a6908047?s=96&d=mm&r=g\",\"caption\":\"admpu17wp\"}}]}<\/script>\n<!-- \/ Yoast SEO plugin. -->","yoast_head_json":{"title":"El Foro Olavarr\u00eda prepara el d\u00eda de la mujer de manera virtual","description":"El Foro Olavarr\u00eda prepara el d\u00eda de la mujer de manera virtual. La propuesta ser\u00e1 transmitida el lunes 8 de marzo a las 21 horas.","robots":{"index":"index","follow":"follow","max-snippet":"max-snippet:-1","max-image-preview":"max-image-preview:large","max-video-preview":"max-video-preview:-1"},"canonical":"https:\/\/experienciadevida.com.ar\/portalurbano\/el-foro-olavarria-prepara-el-dia-de-la-mujer-de-manera-virtual\/","og_locale":"es_ES","og_type":"article","og_title":"El Foro Olavarr\u00eda prepara el d\u00eda de la mujer de manera virtual","og_description":"El Foro Olavarr\u00eda prepara el d\u00eda de la mujer de manera virtual. La propuesta ser\u00e1 transmitida el lunes 8 de marzo a las 21 horas.","og_url":"https:\/\/experienciadevida.com.ar\/portalurbano\/el-foro-olavarria-prepara-el-dia-de-la-mujer-de-manera-virtual\/","article_publisher":"https:\/\/www.facebook.com\/Portal-Urbano-171542830093757\/","article_published_time":"2021-02-24T20:44:51+00:00","article_modified_time":"2021-02-24T20:45:28+00:00","og_image":[{"width":765,"height":574,"url":"https:\/\/experienciadevida.com.ar\/portalurbano\/wp-content\/uploads\/2021\/02\/El-Foro-Olavarria-prepara-e1614198727594.jpeg","type":"image\/jpeg"}],"author":"admpu17wp","twitter_card":"summary_large_image","twitter_creator":"@portalurbanook","twitter_site":"@portalurbanook","twitter_misc":{"Escrito por":"admpu17wp","Tiempo de lectura":"2 minutos"},"schema":{"@context":"https:\/\/schema.org","@graph":[{"@type":"Article","@id":"https:\/\/experienciadevida.com.ar\/portalurbano\/el-foro-olavarria-prepara-el-dia-de-la-mujer-de-manera-virtual\/#article","isPartOf":{"@id":"https:\/\/experienciadevida.com.ar\/portalurbano\/el-foro-olavarria-prepara-el-dia-de-la-mujer-de-manera-virtual\/"},"author":{"name":"admpu17wp","@id":"https:\/\/experienciadevida.com.ar\/portalurbano\/#\/schema\/person\/02dd326b1c4b056e9cc972486934a3a7"},"headline":"El Foro Olavarr\u00eda prepara el d\u00eda de la mujer de manera virtual","datePublished":"2021-02-24T20:44:51+00:00","dateModified":"2021-02-24T20:45:28+00:00","mainEntityOfPage":{"@id":"https:\/\/experienciadevida.com.ar\/portalurbano\/el-foro-olavarria-prepara-el-dia-de-la-mujer-de-manera-virtual\/"},"wordCount":425,"publisher":{"@id":"https:\/\/experienciadevida.com.ar\/portalurbano\/#organization"},"articleSection":["Ciudad"],"inLanguage":"es"},{"@type":"WebPage","@id":"https:\/\/experienciadevida.com.ar\/portalurbano\/el-foro-olavarria-prepara-el-dia-de-la-mujer-de-manera-virtual\/","url":"https:\/\/experienciadevida.com.ar\/portalurbano\/el-foro-olavarria-prepara-el-dia-de-la-mujer-de-manera-virtual\/","name":"El Foro Olavarr\u00eda prepara el d\u00eda de la mujer de manera virtual","isPartOf":{"@id":"https:\/\/experienciadevida.com.ar\/portalurbano\/#website"},"datePublished":"2021-02-24T20:44:51+00:00","dateModified":"2021-02-24T20:45:28+00:00","description":"El Foro Olavarr\u00eda prepara el d\u00eda de la mujer de manera virtual. La propuesta ser\u00e1 transmitida el lunes 8 de marzo a las 21 horas.","breadcrumb":{"@id":"https:\/\/experienciadevida.com.ar\/portalurbano\/el-foro-olavarria-prepara-el-dia-de-la-mujer-de-manera-virtual\/#breadcrumb"},"inLanguage":"es","potentialAction":[{"@type":"ReadAction","target":["https:\/\/experienciadevida.com.ar\/portalurbano\/el-foro-olavarria-prepara-el-dia-de-la-mujer-de-manera-virtual\/"]}]},{"@type":"BreadcrumbList","@id":"https:\/\/experienciadevida.com.ar\/portalurbano\/el-foro-olavarria-prepara-el-dia-de-la-mujer-de-manera-virtual\/#breadcrumb","itemListElement":[{"@type":"ListItem","position":1,"name":"Portada","item":"https:\/\/experienciadevida.com.ar\/portalurbano\/"},{"@type":"ListItem","position":2,"name":"El Foro Olavarr\u00eda prepara el d\u00eda de la mujer de manera virtual"}]},{"@type":"WebSite","@id":"https:\/\/experienciadevida.com.ar\/portalurbano\/#website","url":"https:\/\/experienciadevida.com.ar\/portalurbano\/","name":"","description":"","publisher":{"@id":"https:\/\/experienciadevida.com.ar\/portalurbano\/#organization"},"potentialAction":[{"@type":"SearchAction","target":{"@type":"EntryPoint","urlTemplate":"https:\/\/experienciadevida.com.ar\/portalurbano\/?s={search_term_string}"},"query-input":"required name=search_term_string"}],"inLanguage":"es"},{"@type":"Organization","@id":"https:\/\/experienciadevida.com.ar\/portalurbano\/#organization","name":"Portal Urbano","url":"https:\/\/experienciadevida.com.ar\/portalurbano\/","logo":{"@type":"ImageObject","inLanguage":"es","@id":"https:\/\/experienciadevida.com.ar\/portalurbano\/#\/schema\/logo\/image\/","url":"https:\/\/experienciadevida.com.ar\/portalurbano\/wp-content\/uploads\/2019\/09\/Logo-Original.png","contentUrl":"https:\/\/experienciadevida.com.ar\/portalurbano\/wp-content\/uploads\/2019\/09\/Logo-Original.png","width":2236,"height":1216,"caption":"Portal Urbano"},"image":{"@id":"https:\/\/experienciadevida.com.ar\/portalurbano\/#\/schema\/logo\/image\/"},"sameAs":["https:\/\/www.facebook.com\/Portal-Urbano-171542830093757\/","https:\/\/twitter.com\/portalurbanook","https:\/\/www.instagram.com\/_portalurbano\/","https:\/\/www.youtube.com\/channel\/UCXhagIfszH8KxFiOok79zbA?view_as=subscriber"]},{"@type":"Person","@id":"https:\/\/experienciadevida.com.ar\/portalurbano\/#\/schema\/person\/02dd326b1c4b056e9cc972486934a3a7","name":"admpu17wp","image":{"@type":"ImageObject","inLanguage":"es","@id":"https:\/\/experienciadevida.com.ar\/portalurbano\/#\/schema\/person\/image\/","url":"https:\/\/secure.gravatar.com\/avatar\/830d4c57adaae6630765e449a6908047?s=96&d=mm&r=g","contentUrl":"https:\/\/secure.gravatar.com\/avatar\/830d4c57adaae6630765e449a6908047?s=96&d=mm&r=g","caption":"admpu17wp"}}]}},"featured_image_urls":{"full":["https:\/\/experienciadevida.com.ar\/portalurbano\/wp-content\/uploads\/2021\/02\/El-Foro-Olavarria-prepara-e1614198727594.jpeg",765,574,false],"thumbnail":["https:\/\/experienciadevida.com.ar\/portalurbano\/wp-content\/uploads\/2021\/02\/El-Foro-Olavarria-prepara-150x150.jpeg",150,150,true],"medium":["https:\/\/experienciadevida.com.ar\/portalurbano\/wp-content\/uploads\/2021\/02\/El-Foro-Olavarria-prepara-300x225.jpeg",300,225,true],"medium_large":["https:\/\/experienciadevida.com.ar\/portalurbano\/wp-content\/uploads\/2021\/02\/El-Foro-Olavarria-prepara-768x576.jpeg",640,480,true],"large":["https:\/\/experienciadevida.com.ar\/portalurbano\/wp-content\/uploads\/2021\/02\/El-Foro-Olavarria-prepara-e1614198727594.jpeg",640,480,false],"ug_big":["https:\/\/experienciadevida.com.ar\/portalurbano\/wp-content\/uploads\/2021\/02\/El-Foro-Olavarria-prepara-768x576.jpeg",768,576,true],"1536x1536":["https:\/\/experienciadevida.com.ar\/portalurbano\/wp-content\/uploads\/2021\/02\/El-Foro-Olavarria-prepara-e1614198727594.jpeg",765,574,false],"2048x2048":["https:\/\/experienciadevida.com.ar\/portalurbano\/wp-content\/uploads\/2021\/02\/El-Foro-Olavarria-prepara-e1614198727594.jpeg",765,574,false],"newsever-slider-full":["https:\/\/experienciadevida.com.ar\/portalurbano\/wp-content\/uploads\/2021\/02\/El-Foro-Olavarria-prepara-e1614198727594.jpeg",765,574,false],"newsever-featured":["https:\/\/experienciadevida.com.ar\/portalurbano\/wp-content\/uploads\/2021\/02\/El-Foro-Olavarria-prepara-e1614198727594.jpeg",765,574,false],"newsever-medium":["https:\/\/experienciadevida.com.ar\/portalurbano\/wp-content\/uploads\/2021\/02\/El-Foro-Olavarria-prepara-e1614198727594.jpeg",633,475,false],"web-stories-poster-portrait":["https:\/\/experienciadevida.com.ar\/portalurbano\/wp-content\/uploads\/2021\/02\/El-Foro-Olavarria-prepara-e1614198727594.jpeg",640,480,false],"web-stories-publisher-logo":["https:\/\/experienciadevida.com.ar\/portalurbano\/wp-content\/uploads\/2021\/02\/El-Foro-Olavarria-prepara-e1614198727594.jpeg",96,72,false],"web-stories-thumbnail":["https:\/\/experienciadevida.com.ar\/portalurbano\/wp-content\/uploads\/2021\/02\/El-Foro-Olavarria-prepara-e1614198727594.jpeg",150,113,false]},"author_info":{"display_name":"admpu17wp","author_link":"https:\/\/experienciadevida.com.ar\/portalurbano\/author\/admpu17wp\/"},"category_info":"<a href=\"https:\/\/experienciadevida.com.ar\/portalurbano\/category\/ciudad\/\" rel=\"category tag\">Ciudad<\/a>","tag_info":"Ciudad","comment_count":"0","amp_enabled":true,"_links":{"self":[{"href":"https:\/\/experienciadevida.com.ar\/portalurbano\/wp-json\/wp\/v2\/posts\/135935"}],"collection":[{"href":"https:\/\/experienciadevida.com.ar\/portalurbano\/wp-json\/wp\/v2\/posts"}],"about":[{"href":"https:\/\/experienciadevida.com.ar\/portalurbano\/wp-json\/wp\/v2\/types\/post"}],"author":[{"embeddable":true,"href":"https:\/\/experienciadevida.com.ar\/portalurbano\/wp-json\/wp\/v2\/users\/1"}],"replies":[{"embeddable":true,"href":"https:\/\/experienciadevida.com.ar\/portalurbano\/wp-json\/wp\/v2\/comments?post=135935"}],"version-history":[{"count":1,"href":"https:\/\/experienciadevida.com.ar\/portalurbano\/wp-json\/wp\/v2\/posts\/135935\/revisions"}],"predecessor-version":[{"id":135937,"href":"https:\/\/experienciadevida.com.ar\/portalurbano\/wp-json\/wp\/v2\/posts\/135935\/revisions\/135937"}],"wp:featuredmedia":[{"embeddable":true,"href":"https:\/\/experienciadevida.com.ar\/portalurbano\/wp-json\/wp\/v2\/media\/135936"}],"wp:attachment":[{"href":"https:\/\/experienciadevida.com.ar\/portalurbano\/wp-json\/wp\/v2\/media?parent=135935"}],"wp:term":[{"taxonomy":"category","embeddable":true,"href":"https:\/\/experienciadevida.com.ar\/portalurbano\/wp-json\/wp\/v2\/categories?post=135935"},{"taxonomy":"post_tag","embeddable":true,"href":"https:\/\/experienciadevida.com.ar\/portalurbano\/wp-json\/wp\/v2\/tags?post=135935"}],"curies":[{"name":"wp","href":"https:\/\/api.w.org\/{rel}","templated":true}]}}