{"id":135912,"date":"2021-02-24T13:01:02","date_gmt":"2021-02-24T16:01:02","guid":{"rendered":"https:\/\/experienciadevida.com.ar\/portalurbano\/?p=135912"},"modified":"2021-02-24T13:01:40","modified_gmt":"2021-02-24T16:01:40","slug":"robbiani-estamos-muy-contentos-de-poder-dar-inicio-con-las-actividades","status":"publish","type":"post","link":"https:\/\/experienciadevida.com.ar\/portalurbano\/robbiani-estamos-muy-contentos-de-poder-dar-inicio-con-las-actividades\/","title":{"rendered":"Robbiani: \u201cEstamos muy contentos de poder dar inicio con las actividades\u201d"},"content":{"rendered":"<p>Robbiani: \u201cEstamos muy contentos de poder dar inicio con las actividades\u201d. \u201cCon la intenci\u00f3n de reiniciar los servicios municipales, en las \u00e1reas de Desarrollo Social, Deportes, Cultura, Derechos, Igualdad y Oportunidades, se viene trabajando desde hace casi dos meses con los protocolos para el comienzo de las actividades, tanto en los Jardines Maternales Municipales, Centros de D\u00eda y Callejeadas\u201d, expres\u00f3 el secretario de Desarrollo Humano y Calidad de Vida del Municipio Diego Robbiani, en relaci\u00f3n al comienzo de las actividades educativas, recreativas y sociales, a partir de la pr\u00f3xima semana en Jardines Maternales, Centros de D\u00eda y Callejeadas.<\/p>\n<p>Robbiani aclar\u00f3 puntualmente que \u201cen el caso de los jardines maternales van a comenzar a funcionar con ni\u00f1os y ni\u00f1as de dos a\u00f1os, para evitar la complejidad de que en la burbuja tengan que estar involucrados los padres\u201d.<\/p>\n<p>El funcionario municipal subray\u00f3 que \u201ces importante comenzar a trabajar porque los ni\u00f1os, ni\u00f1as y adolescentes no tuvieron los espacios de contenci\u00f3n, de educaci\u00f3n no formal. Es clave el rol del Municipio en este aspecto\u201d.<\/p>\n<p>\u201cEstamos muy contentos de poder dar inicio a estas actividades, con limitaciones propias que surgen de los protocolos, que a medida que pase el tiempo y si seguimos en esta baja de los casos positivos de Covid19 durante el a\u00f1o y la vacunaci\u00f3n -que es clave para regresar a la normalidad relativa- vamos a volver con el normal funcionamiento de estos servicios\u201d, consider\u00f3 finalmente el secretario de Desarrollo Humano y Calidad de Vida del Municipio.<\/p>\n","protected":false},"excerpt":{"rendered":"<p>Robbiani: \u201cEstamos muy contentos de poder dar inicio con las actividades\u201d. \u201cCon la intenci\u00f3n de&#8230;<\/p>\n","protected":false},"author":1,"featured_media":135913,"comment_status":"closed","ping_status":"closed","sticky":false,"template":"","format":"standard","meta":{"content-type":""},"categories":[27,64],"tags":[],"nelio_content":{"isAutoShareEnabled":false,"autoShareEndMode":"default","automationSources":{"useContentSentences":true,"useSocialTemplates":true,"useCustomSentences":false,"customSentences":[]},"followers":[1],"suggestedReferences":[],"includedReferences":[],"efiUrl":"","efiAlt":"","highlights":[]},"yoast_head":"<!-- This site is optimized with the Yoast SEO plugin v20.7 - https:\/\/yoast.com\/wordpress\/plugins\/seo\/ -->\n<title>Robbiani: &quot;Estamos muy contentos de poder dar inicio con las actividades&quot;<\/title>\n<meta name=\"description\" content=\"Robbiani: \u201cEstamos muy contentos de poder dar inicio con las actividades\u201d. \u201cCon la intenci\u00f3n de reiniciar los servicios municipales.\" \/>\n<meta name=\"robots\" content=\"index, follow, max-snippet:-1, max-image-preview:large, max-video-preview:-1\" \/>\n<link rel=\"canonical\" href=\"https:\/\/experienciadevida.com.ar\/portalurbano\/robbiani-estamos-muy-contentos-de-poder-dar-inicio-con-las-actividades\/\" \/>\n<meta property=\"og:locale\" content=\"es_ES\" \/>\n<meta property=\"og:type\" content=\"article\" \/>\n<meta property=\"og:title\" content=\"Robbiani: &quot;Estamos muy contentos de poder dar inicio con las actividades&quot;\" \/>\n<meta property=\"og:description\" content=\"Robbiani: \u201cEstamos muy contentos de poder dar inicio con las actividades\u201d. \u201cCon la intenci\u00f3n de reiniciar los servicios municipales.\" \/>\n<meta property=\"og:url\" content=\"https:\/\/experienciadevida.com.ar\/portalurbano\/robbiani-estamos-muy-contentos-de-poder-dar-inicio-con-las-actividades\/\" \/>\n<meta property=\"article:publisher\" content=\"https:\/\/www.facebook.com\/Portal-Urbano-171542830093757\/\" \/>\n<meta property=\"article:published_time\" content=\"2021-02-24T16:01:02+00:00\" \/>\n<meta property=\"article:modified_time\" content=\"2021-02-24T16:01:40+00:00\" \/>\n<meta property=\"og:image\" content=\"https:\/\/experienciadevida.com.ar\/portalurbano\/wp-content\/uploads\/2021\/02\/Robbiani.jpg\" \/>\n\t<meta property=\"og:image:width\" content=\"1012\" \/>\n\t<meta property=\"og:image:height\" content=\"707\" \/>\n\t<meta property=\"og:image:type\" content=\"image\/jpeg\" \/>\n<meta name=\"author\" content=\"admpu17wp\" \/>\n<meta name=\"twitter:card\" content=\"summary_large_image\" \/>\n<meta name=\"twitter:creator\" content=\"@portalurbanook\" \/>\n<meta name=\"twitter:site\" content=\"@portalurbanook\" \/>\n<meta name=\"twitter:label1\" content=\"Escrito por\" \/>\n\t<meta name=\"twitter:data1\" content=\"admpu17wp\" \/>\n\t<meta name=\"twitter:label2\" content=\"Tiempo de lectura\" \/>\n\t<meta name=\"twitter:data2\" content=\"2 minutos\" \/>\n<script type=\"application\/ld+json\" class=\"yoast-schema-graph\">{\"@context\":\"https:\/\/schema.org\",\"@graph\":[{\"@type\":\"Article\",\"@id\":\"https:\/\/experienciadevida.com.ar\/portalurbano\/robbiani-estamos-muy-contentos-de-poder-dar-inicio-con-las-actividades\/#article\",\"isPartOf\":{\"@id\":\"https:\/\/experienciadevida.com.ar\/portalurbano\/robbiani-estamos-muy-contentos-de-poder-dar-inicio-con-las-actividades\/\"},\"author\":{\"name\":\"admpu17wp\",\"@id\":\"https:\/\/experienciadevida.com.ar\/portalurbano\/#\/schema\/person\/02dd326b1c4b056e9cc972486934a3a7\"},\"headline\":\"Robbiani: \u201cEstamos muy contentos de poder dar inicio con las actividades\u201d\",\"datePublished\":\"2021-02-24T16:01:02+00:00\",\"dateModified\":\"2021-02-24T16:01:40+00:00\",\"mainEntityOfPage\":{\"@id\":\"https:\/\/experienciadevida.com.ar\/portalurbano\/robbiani-estamos-muy-contentos-de-poder-dar-inicio-con-las-actividades\/\"},\"wordCount\":271,\"publisher\":{\"@id\":\"https:\/\/experienciadevida.com.ar\/portalurbano\/#organization\"},\"articleSection\":[\"Ciudad\",\"Destacadas 2\"],\"inLanguage\":\"es\"},{\"@type\":\"WebPage\",\"@id\":\"https:\/\/experienciadevida.com.ar\/portalurbano\/robbiani-estamos-muy-contentos-de-poder-dar-inicio-con-las-actividades\/\",\"url\":\"https:\/\/experienciadevida.com.ar\/portalurbano\/robbiani-estamos-muy-contentos-de-poder-dar-inicio-con-las-actividades\/\",\"name\":\"Robbiani: \\\"Estamos muy contentos de poder dar inicio con las actividades\\\"\",\"isPartOf\":{\"@id\":\"https:\/\/experienciadevida.com.ar\/portalurbano\/#website\"},\"datePublished\":\"2021-02-24T16:01:02+00:00\",\"dateModified\":\"2021-02-24T16:01:40+00:00\",\"description\":\"Robbiani: \u201cEstamos muy contentos de poder dar inicio con las actividades\u201d. \u201cCon la intenci\u00f3n de reiniciar los servicios municipales.\",\"breadcrumb\":{\"@id\":\"https:\/\/experienciadevida.com.ar\/portalurbano\/robbiani-estamos-muy-contentos-de-poder-dar-inicio-con-las-actividades\/#breadcrumb\"},\"inLanguage\":\"es\",\"potentialAction\":[{\"@type\":\"ReadAction\",\"target\":[\"https:\/\/experienciadevida.com.ar\/portalurbano\/robbiani-estamos-muy-contentos-de-poder-dar-inicio-con-las-actividades\/\"]}]},{\"@type\":\"BreadcrumbList\",\"@id\":\"https:\/\/experienciadevida.com.ar\/portalurbano\/robbiani-estamos-muy-contentos-de-poder-dar-inicio-con-las-actividades\/#breadcrumb\",\"itemListElement\":[{\"@type\":\"ListItem\",\"position\":1,\"name\":\"Portada\",\"item\":\"https:\/\/experienciadevida.com.ar\/portalurbano\/\"},{\"@type\":\"ListItem\",\"position\":2,\"name\":\"Robbiani: \u201cEstamos muy contentos de poder dar inicio con las actividades\u201d\"}]},{\"@type\":\"WebSite\",\"@id\":\"https:\/\/experienciadevida.com.ar\/portalurbano\/#website\",\"url\":\"https:\/\/experienciadevida.com.ar\/portalurbano\/\",\"name\":\"\",\"description\":\"\",\"publisher\":{\"@id\":\"https:\/\/experienciadevida.com.ar\/portalurbano\/#organization\"},\"potentialAction\":[{\"@type\":\"SearchAction\",\"target\":{\"@type\":\"EntryPoint\",\"urlTemplate\":\"https:\/\/experienciadevida.com.ar\/portalurbano\/?s={search_term_string}\"},\"query-input\":\"required name=search_term_string\"}],\"inLanguage\":\"es\"},{\"@type\":\"Organization\",\"@id\":\"https:\/\/experienciadevida.com.ar\/portalurbano\/#organization\",\"name\":\"Portal Urbano\",\"url\":\"https:\/\/experienciadevida.com.ar\/portalurbano\/\",\"logo\":{\"@type\":\"ImageObject\",\"inLanguage\":\"es\",\"@id\":\"https:\/\/experienciadevida.com.ar\/portalurbano\/#\/schema\/logo\/image\/\",\"url\":\"https:\/\/experienciadevida.com.ar\/portalurbano\/wp-content\/uploads\/2019\/09\/Logo-Original.png\",\"contentUrl\":\"https:\/\/experienciadevida.com.ar\/portalurbano\/wp-content\/uploads\/2019\/09\/Logo-Original.png\",\"width\":2236,\"height\":1216,\"caption\":\"Portal Urbano\"},\"image\":{\"@id\":\"https:\/\/experienciadevida.com.ar\/portalurbano\/#\/schema\/logo\/image\/\"},\"sameAs\":[\"https:\/\/www.facebook.com\/Portal-Urbano-171542830093757\/\",\"https:\/\/twitter.com\/portalurbanook\",\"https:\/\/www.instagram.com\/_portalurbano\/\",\"https:\/\/www.youtube.com\/channel\/UCXhagIfszH8KxFiOok79zbA?view_as=subscriber\"]},{\"@type\":\"Person\",\"@id\":\"https:\/\/experienciadevida.com.ar\/portalurbano\/#\/schema\/person\/02dd326b1c4b056e9cc972486934a3a7\",\"name\":\"admpu17wp\",\"image\":{\"@type\":\"ImageObject\",\"inLanguage\":\"es\",\"@id\":\"https:\/\/experienciadevida.com.ar\/portalurbano\/#\/schema\/person\/image\/\",\"url\":\"https:\/\/secure.gravatar.com\/avatar\/830d4c57adaae6630765e449a6908047?s=96&d=mm&r=g\",\"contentUrl\":\"https:\/\/secure.gravatar.com\/avatar\/830d4c57adaae6630765e449a6908047?s=96&d=mm&r=g\",\"caption\":\"admpu17wp\"}}]}<\/script>\n<!-- \/ Yoast SEO plugin. -->","yoast_head_json":{"title":"Robbiani: \"Estamos muy contentos de poder dar inicio con las actividades\"","description":"Robbiani: \u201cEstamos muy contentos de poder dar inicio con las actividades\u201d. \u201cCon la intenci\u00f3n de reiniciar los servicios municipales.","robots":{"index":"index","follow":"follow","max-snippet":"max-snippet:-1","max-image-preview":"max-image-preview:large","max-video-preview":"max-video-preview:-1"},"canonical":"https:\/\/experienciadevida.com.ar\/portalurbano\/robbiani-estamos-muy-contentos-de-poder-dar-inicio-con-las-actividades\/","og_locale":"es_ES","og_type":"article","og_title":"Robbiani: \"Estamos muy contentos de poder dar inicio con las actividades\"","og_description":"Robbiani: \u201cEstamos muy contentos de poder dar inicio con las actividades\u201d. \u201cCon la intenci\u00f3n de reiniciar los servicios municipales.","og_url":"https:\/\/experienciadevida.com.ar\/portalurbano\/robbiani-estamos-muy-contentos-de-poder-dar-inicio-con-las-actividades\/","article_publisher":"https:\/\/www.facebook.com\/Portal-Urbano-171542830093757\/","article_published_time":"2021-02-24T16:01:02+00:00","article_modified_time":"2021-02-24T16:01:40+00:00","og_image":[{"width":1012,"height":707,"url":"https:\/\/experienciadevida.com.ar\/portalurbano\/wp-content\/uploads\/2021\/02\/Robbiani.jpg","type":"image\/jpeg"}],"author":"admpu17wp","twitter_card":"summary_large_image","twitter_creator":"@portalurbanook","twitter_site":"@portalurbanook","twitter_misc":{"Escrito por":"admpu17wp","Tiempo de lectura":"2 minutos"},"schema":{"@context":"https:\/\/schema.org","@graph":[{"@type":"Article","@id":"https:\/\/experienciadevida.com.ar\/portalurbano\/robbiani-estamos-muy-contentos-de-poder-dar-inicio-con-las-actividades\/#article","isPartOf":{"@id":"https:\/\/experienciadevida.com.ar\/portalurbano\/robbiani-estamos-muy-contentos-de-poder-dar-inicio-con-las-actividades\/"},"author":{"name":"admpu17wp","@id":"https:\/\/experienciadevida.com.ar\/portalurbano\/#\/schema\/person\/02dd326b1c4b056e9cc972486934a3a7"},"headline":"Robbiani: \u201cEstamos muy contentos de poder dar inicio con las actividades\u201d","datePublished":"2021-02-24T16:01:02+00:00","dateModified":"2021-02-24T16:01:40+00:00","mainEntityOfPage":{"@id":"https:\/\/experienciadevida.com.ar\/portalurbano\/robbiani-estamos-muy-contentos-de-poder-dar-inicio-con-las-actividades\/"},"wordCount":271,"publisher":{"@id":"https:\/\/experienciadevida.com.ar\/portalurbano\/#organization"},"articleSection":["Ciudad","Destacadas 2"],"inLanguage":"es"},{"@type":"WebPage","@id":"https:\/\/experienciadevida.com.ar\/portalurbano\/robbiani-estamos-muy-contentos-de-poder-dar-inicio-con-las-actividades\/","url":"https:\/\/experienciadevida.com.ar\/portalurbano\/robbiani-estamos-muy-contentos-de-poder-dar-inicio-con-las-actividades\/","name":"Robbiani: \"Estamos muy contentos de poder dar inicio con las actividades\"","isPartOf":{"@id":"https:\/\/experienciadevida.com.ar\/portalurbano\/#website"},"datePublished":"2021-02-24T16:01:02+00:00","dateModified":"2021-02-24T16:01:40+00:00","description":"Robbiani: \u201cEstamos muy contentos de poder dar inicio con las actividades\u201d. \u201cCon la intenci\u00f3n de reiniciar los servicios municipales.","breadcrumb":{"@id":"https:\/\/experienciadevida.com.ar\/portalurbano\/robbiani-estamos-muy-contentos-de-poder-dar-inicio-con-las-actividades\/#breadcrumb"},"inLanguage":"es","potentialAction":[{"@type":"ReadAction","target":["https:\/\/experienciadevida.com.ar\/portalurbano\/robbiani-estamos-muy-contentos-de-poder-dar-inicio-con-las-actividades\/"]}]},{"@type":"BreadcrumbList","@id":"https:\/\/experienciadevida.com.ar\/portalurbano\/robbiani-estamos-muy-contentos-de-poder-dar-inicio-con-las-actividades\/#breadcrumb","itemListElement":[{"@type":"ListItem","position":1,"name":"Portada","item":"https:\/\/experienciadevida.com.ar\/portalurbano\/"},{"@type":"ListItem","position":2,"name":"Robbiani: \u201cEstamos muy contentos de poder dar inicio con las actividades\u201d"}]},{"@type":"WebSite","@id":"https:\/\/experienciadevida.com.ar\/portalurbano\/#website","url":"https:\/\/experienciadevida.com.ar\/portalurbano\/","name":"","description":"","publisher":{"@id":"https:\/\/experienciadevida.com.ar\/portalurbano\/#organization"},"potentialAction":[{"@type":"SearchAction","target":{"@type":"EntryPoint","urlTemplate":"https:\/\/experienciadevida.com.ar\/portalurbano\/?s={search_term_string}"},"query-input":"required name=search_term_string"}],"inLanguage":"es"},{"@type":"Organization","@id":"https:\/\/experienciadevida.com.ar\/portalurbano\/#organization","name":"Portal Urbano","url":"https:\/\/experienciadevida.com.ar\/portalurbano\/","logo":{"@type":"ImageObject","inLanguage":"es","@id":"https:\/\/experienciadevida.com.ar\/portalurbano\/#\/schema\/logo\/image\/","url":"https:\/\/experienciadevida.com.ar\/portalurbano\/wp-content\/uploads\/2019\/09\/Logo-Original.png","contentUrl":"https:\/\/experienciadevida.com.ar\/portalurbano\/wp-content\/uploads\/2019\/09\/Logo-Original.png","width":2236,"height":1216,"caption":"Portal Urbano"},"image":{"@id":"https:\/\/experienciadevida.com.ar\/portalurbano\/#\/schema\/logo\/image\/"},"sameAs":["https:\/\/www.facebook.com\/Portal-Urbano-171542830093757\/","https:\/\/twitter.com\/portalurbanook","https:\/\/www.instagram.com\/_portalurbano\/","https:\/\/www.youtube.com\/channel\/UCXhagIfszH8KxFiOok79zbA?view_as=subscriber"]},{"@type":"Person","@id":"https:\/\/experienciadevida.com.ar\/portalurbano\/#\/schema\/person\/02dd326b1c4b056e9cc972486934a3a7","name":"admpu17wp","image":{"@type":"ImageObject","inLanguage":"es","@id":"https:\/\/experienciadevida.com.ar\/portalurbano\/#\/schema\/person\/image\/","url":"https:\/\/secure.gravatar.com\/avatar\/830d4c57adaae6630765e449a6908047?s=96&d=mm&r=g","contentUrl":"https:\/\/secure.gravatar.com\/avatar\/830d4c57adaae6630765e449a6908047?s=96&d=mm&r=g","caption":"admpu17wp"}}]}},"featured_image_urls":{"full":["https:\/\/experienciadevida.com.ar\/portalurbano\/wp-content\/uploads\/2021\/02\/Robbiani.jpg",1012,707,false],"thumbnail":["https:\/\/experienciadevida.com.ar\/portalurbano\/wp-content\/uploads\/2021\/02\/Robbiani-150x150.jpg",150,150,true],"medium":["https:\/\/experienciadevida.com.ar\/portalurbano\/wp-content\/uploads\/2021\/02\/Robbiani-300x210.jpg",300,210,true],"medium_large":["https:\/\/experienciadevida.com.ar\/portalurbano\/wp-content\/uploads\/2021\/02\/Robbiani-768x537.jpg",640,448,true],"large":["https:\/\/experienciadevida.com.ar\/portalurbano\/wp-content\/uploads\/2021\/02\/Robbiani.jpg",640,447,false],"ug_big":["https:\/\/experienciadevida.com.ar\/portalurbano\/wp-content\/uploads\/2021\/02\/Robbiani-768x537.jpg",768,537,true],"1536x1536":["https:\/\/experienciadevida.com.ar\/portalurbano\/wp-content\/uploads\/2021\/02\/Robbiani.jpg",1012,707,false],"2048x2048":["https:\/\/experienciadevida.com.ar\/portalurbano\/wp-content\/uploads\/2021\/02\/Robbiani.jpg",1012,707,false],"newsever-slider-full":["https:\/\/experienciadevida.com.ar\/portalurbano\/wp-content\/uploads\/2021\/02\/Robbiani.jpg",1012,707,false],"newsever-featured":["https:\/\/experienciadevida.com.ar\/portalurbano\/wp-content\/uploads\/2021\/02\/Robbiani.jpg",1012,707,false],"newsever-medium":["https:\/\/experienciadevida.com.ar\/portalurbano\/wp-content\/uploads\/2021\/02\/Robbiani.jpg",680,475,false],"web-stories-poster-portrait":["https:\/\/experienciadevida.com.ar\/portalurbano\/wp-content\/uploads\/2021\/02\/Robbiani.jpg",640,447,false],"web-stories-publisher-logo":["https:\/\/experienciadevida.com.ar\/portalurbano\/wp-content\/uploads\/2021\/02\/Robbiani.jpg",96,67,false],"web-stories-thumbnail":["https:\/\/experienciadevida.com.ar\/portalurbano\/wp-content\/uploads\/2021\/02\/Robbiani.jpg",150,105,false]},"author_info":{"display_name":"admpu17wp","author_link":"https:\/\/experienciadevida.com.ar\/portalurbano\/author\/admpu17wp\/"},"category_info":"<a href=\"https:\/\/experienciadevida.com.ar\/portalurbano\/category\/ciudad\/\" rel=\"category tag\">Ciudad<\/a> <a href=\"https:\/\/experienciadevida.com.ar\/portalurbano\/category\/destacadas-2\/\" rel=\"category tag\">Destacadas 2<\/a>","tag_info":"Destacadas 2","comment_count":"0","amp_enabled":true,"_links":{"self":[{"href":"https:\/\/experienciadevida.com.ar\/portalurbano\/wp-json\/wp\/v2\/posts\/135912"}],"collection":[{"href":"https:\/\/experienciadevida.com.ar\/portalurbano\/wp-json\/wp\/v2\/posts"}],"about":[{"href":"https:\/\/experienciadevida.com.ar\/portalurbano\/wp-json\/wp\/v2\/types\/post"}],"author":[{"embeddable":true,"href":"https:\/\/experienciadevida.com.ar\/portalurbano\/wp-json\/wp\/v2\/users\/1"}],"replies":[{"embeddable":true,"href":"https:\/\/experienciadevida.com.ar\/portalurbano\/wp-json\/wp\/v2\/comments?post=135912"}],"version-history":[{"count":1,"href":"https:\/\/experienciadevida.com.ar\/portalurbano\/wp-json\/wp\/v2\/posts\/135912\/revisions"}],"predecessor-version":[{"id":135914,"href":"https:\/\/experienciadevida.com.ar\/portalurbano\/wp-json\/wp\/v2\/posts\/135912\/revisions\/135914"}],"wp:featuredmedia":[{"embeddable":true,"href":"https:\/\/experienciadevida.com.ar\/portalurbano\/wp-json\/wp\/v2\/media\/135913"}],"wp:attachment":[{"href":"https:\/\/experienciadevida.com.ar\/portalurbano\/wp-json\/wp\/v2\/media?parent=135912"}],"wp:term":[{"taxonomy":"category","embeddable":true,"href":"https:\/\/experienciadevida.com.ar\/portalurbano\/wp-json\/wp\/v2\/categories?post=135912"},{"taxonomy":"post_tag","embeddable":true,"href":"https:\/\/experienciadevida.com.ar\/portalurbano\/wp-json\/wp\/v2\/tags?post=135912"}],"curies":[{"name":"wp","href":"https:\/\/api.w.org\/{rel}","templated":true}]}}