{"id":135828,"date":"2021-02-23T17:11:27","date_gmt":"2021-02-23T20:11:27","guid":{"rendered":"https:\/\/experienciadevida.com.ar\/portalurbano\/?p=135828"},"modified":"2021-02-23T17:14:34","modified_gmt":"2021-02-23T20:14:34","slug":"el-municipio-y-region-sanitaria-ix-definieron-como-continua-el-proceso-de-vacunacion","status":"publish","type":"post","link":"https:\/\/experienciadevida.com.ar\/portalurbano\/el-municipio-y-region-sanitaria-ix-definieron-como-continua-el-proceso-de-vacunacion\/","title":{"rendered":"El Municipio y Regi\u00f3n Sanitaria IX definieron como contin\u00faa el proceso de vacunaci\u00f3n"},"content":{"rendered":"<p>El Municipio y Regi\u00f3n Sanitaria IX definieron como contin\u00faa el proceso de vacunaci\u00f3n. En la ma\u00f1ana de este martes representantes del Gobierno Municipal y funcionarios provinciales de salud mantuvieron una reuni\u00f3n de trabajo para definir como contin\u00faa el proceso de vacunaci\u00f3n en el Partido de Olavarr\u00eda.<\/p>\n<p>De la misma participaron el Secretario de Gobierno Hilario Galli, el Secretario de Salud Germ\u00e1n Caputo, el Subsecretario de Salud Christian Waimann, la Directora de Epidemiolog\u00eda Mar\u00eda del Carmen Weiss, la Directora de Atenci\u00f3n Primaria de la Salud Virginia Draghi, el titular de Regi\u00f3n Sanitaria IX Ramiro Borzi, los Directores del Hospital Provincial de Oncolog\u00eda Silvina Rosende y Mario D\u00edaz, el titular de PAMI Jorge Garaiz y el responsable de IOMA Ramiro V\u00e1zquez.<\/p>\n<p>Ante el inminente inicio presencial de las clases y la imposibilidad de seguir vacunando en establecimientos educativos acordaron reemplazar la Escuela Secundaria N\u00b0 1 por el Servicio Territorial N\u00ba 2 (Alberdi y Coronel Su\u00e1rez) y se mantiene el sistema vacunatorio en el Hospital Municipal \u201cDr. H\u00e9ctor Cura\u201d y en el Hospital provincial de Oncolog\u00eda.<\/p>\n<p>En este sentido, los funcionarios municipales y provinciales explicaron que s\u00f3lo se vacunar\u00e1 a quienes tengan un turno asignado y hayan sido debidamente notificados.<\/p>\n<p>Tambi\u00e9n se\u00f1alaron que siguen teniendo prioridad en el esquema de vacunaci\u00f3n los adultos mayores de 70 a\u00f1os que se hayan anotado en la web www.vacunate.gba.gob.ar y que se ir\u00e1n abriendo distintos centros de vacunaci\u00f3n a lo largo del Partido.<\/p>\n<p>Finalmente, durante la reuni\u00f3n se inform\u00f3 que, a medida que se reciban m\u00e1s dosis de las vacunas, se realizar\u00e1 un operativo especial de vacunaci\u00f3n en las localidades del Partido que ser\u00e1 informada oportunamente.<\/p>\n<p><a href=\"https:\/\/experienciadevida.com.ar\/portalurbano\/el-municipio-y-region-sanitaria-ix-definieron-como-continua-el-proceso-de-vacunacion\/el-municipio-3\/\" rel=\"attachment wp-att-135833\"><img decoding=\"async\" class=\"alignnone size-full wp-image-135833\" src=\"https:\/\/experienciadevida.com.ar\/portalurbano\/wp-content\/uploads\/2021\/02\/El-Municipio.jpg\" alt=\"El Municipio \" width=\"2560\" height=\"1466\" srcset=\"https:\/\/experienciadevida.com.ar\/portalurbano\/wp-content\/uploads\/2021\/02\/El-Municipio.jpg 2560w, https:\/\/experienciadevida.com.ar\/portalurbano\/wp-content\/uploads\/2021\/02\/El-Municipio-300x172.jpg 300w, https:\/\/experienciadevida.com.ar\/portalurbano\/wp-content\/uploads\/2021\/02\/El-Municipio-1024x586.jpg 1024w, https:\/\/experienciadevida.com.ar\/portalurbano\/wp-content\/uploads\/2021\/02\/El-Municipio-768x440.jpg 768w, https:\/\/experienciadevida.com.ar\/portalurbano\/wp-content\/uploads\/2021\/02\/El-Municipio-1536x880.jpg 1536w, https:\/\/experienciadevida.com.ar\/portalurbano\/wp-content\/uploads\/2021\/02\/El-Municipio-2048x1173.jpg 2048w\" sizes=\"(max-width: 2560px) 100vw, 2560px\" \/><\/a><\/p>\n","protected":false},"excerpt":{"rendered":"<p>El Municipio y Regi\u00f3n Sanitaria IX definieron como contin\u00faa el proceso de vacunaci\u00f3n. En la&#8230;<\/p>\n","protected":false},"author":1,"featured_media":135829,"comment_status":"closed","ping_status":"closed","sticky":false,"template":"","format":"standard","meta":{"content-type":""},"categories":[27,51],"tags":[],"nelio_content":{"isAutoShareEnabled":false,"autoShareEndMode":"default","automationSources":{"useContentSentences":true,"useSocialTemplates":true,"useCustomSentences":false,"customSentences":[]},"followers":[1],"suggestedReferences":[],"includedReferences":[],"efiUrl":"","efiAlt":"","highlights":[]},"yoast_head":"<!-- This site is optimized with the Yoast SEO plugin v20.7 - https:\/\/yoast.com\/wordpress\/plugins\/seo\/ -->\n<title>El Municipio y Regi\u00f3n Sanitaria IX definieron c\u00f3mo contin\u00faa el proceso<\/title>\n<meta name=\"description\" content=\"El Municipio y Regi\u00f3n Sanitaria IX definieron como contin\u00faa el proceso de vacunaci\u00f3n, fue en la ma\u00f1ana de este martes.\" \/>\n<meta name=\"robots\" content=\"index, follow, max-snippet:-1, max-image-preview:large, max-video-preview:-1\" \/>\n<link rel=\"canonical\" href=\"https:\/\/experienciadevida.com.ar\/portalurbano\/el-municipio-y-region-sanitaria-ix-definieron-como-continua-el-proceso-de-vacunacion\/\" \/>\n<meta property=\"og:locale\" content=\"es_ES\" \/>\n<meta property=\"og:type\" content=\"article\" \/>\n<meta property=\"og:title\" content=\"El Municipio y Regi\u00f3n Sanitaria IX definieron c\u00f3mo contin\u00faa el proceso\" \/>\n<meta property=\"og:description\" content=\"El Municipio y Regi\u00f3n Sanitaria IX definieron como contin\u00faa el proceso de vacunaci\u00f3n, fue en la ma\u00f1ana de este martes.\" \/>\n<meta property=\"og:url\" content=\"https:\/\/experienciadevida.com.ar\/portalurbano\/el-municipio-y-region-sanitaria-ix-definieron-como-continua-el-proceso-de-vacunacion\/\" \/>\n<meta property=\"article:publisher\" content=\"https:\/\/www.facebook.com\/Portal-Urbano-171542830093757\/\" \/>\n<meta property=\"article:published_time\" content=\"2021-02-23T20:11:27+00:00\" \/>\n<meta property=\"article:modified_time\" content=\"2021-02-23T20:14:34+00:00\" \/>\n<meta property=\"og:image\" content=\"https:\/\/experienciadevida.com.ar\/portalurbano\/wp-content\/uploads\/2021\/02\/El-Municipio-y-Region-Sanitaria-e1614111072872.jpg\" \/>\n\t<meta property=\"og:image:width\" content=\"765\" \/>\n\t<meta property=\"og:image:height\" content=\"438\" \/>\n\t<meta property=\"og:image:type\" content=\"image\/jpeg\" \/>\n<meta name=\"author\" content=\"admpu17wp\" \/>\n<meta name=\"twitter:card\" content=\"summary_large_image\" \/>\n<meta name=\"twitter:creator\" content=\"@portalurbanook\" \/>\n<meta name=\"twitter:site\" content=\"@portalurbanook\" \/>\n<meta name=\"twitter:label1\" content=\"Escrito por\" \/>\n\t<meta name=\"twitter:data1\" content=\"admpu17wp\" \/>\n\t<meta name=\"twitter:label2\" content=\"Tiempo de lectura\" \/>\n\t<meta name=\"twitter:data2\" content=\"2 minutos\" \/>\n<script type=\"application\/ld+json\" class=\"yoast-schema-graph\">{\"@context\":\"https:\/\/schema.org\",\"@graph\":[{\"@type\":\"Article\",\"@id\":\"https:\/\/experienciadevida.com.ar\/portalurbano\/el-municipio-y-region-sanitaria-ix-definieron-como-continua-el-proceso-de-vacunacion\/#article\",\"isPartOf\":{\"@id\":\"https:\/\/experienciadevida.com.ar\/portalurbano\/el-municipio-y-region-sanitaria-ix-definieron-como-continua-el-proceso-de-vacunacion\/\"},\"author\":{\"name\":\"admpu17wp\",\"@id\":\"https:\/\/experienciadevida.com.ar\/portalurbano\/#\/schema\/person\/02dd326b1c4b056e9cc972486934a3a7\"},\"headline\":\"El Municipio y Regi\u00f3n Sanitaria IX definieron como contin\u00faa el proceso de vacunaci\u00f3n\",\"datePublished\":\"2021-02-23T20:11:27+00:00\",\"dateModified\":\"2021-02-23T20:14:34+00:00\",\"mainEntityOfPage\":{\"@id\":\"https:\/\/experienciadevida.com.ar\/portalurbano\/el-municipio-y-region-sanitaria-ix-definieron-como-continua-el-proceso-de-vacunacion\/\"},\"wordCount\":315,\"publisher\":{\"@id\":\"https:\/\/experienciadevida.com.ar\/portalurbano\/#organization\"},\"articleSection\":[\"Ciudad\",\"Destacadas\"],\"inLanguage\":\"es\"},{\"@type\":\"WebPage\",\"@id\":\"https:\/\/experienciadevida.com.ar\/portalurbano\/el-municipio-y-region-sanitaria-ix-definieron-como-continua-el-proceso-de-vacunacion\/\",\"url\":\"https:\/\/experienciadevida.com.ar\/portalurbano\/el-municipio-y-region-sanitaria-ix-definieron-como-continua-el-proceso-de-vacunacion\/\",\"name\":\"El Municipio y Regi\u00f3n Sanitaria IX definieron c\u00f3mo contin\u00faa el proceso\",\"isPartOf\":{\"@id\":\"https:\/\/experienciadevida.com.ar\/portalurbano\/#website\"},\"datePublished\":\"2021-02-23T20:11:27+00:00\",\"dateModified\":\"2021-02-23T20:14:34+00:00\",\"description\":\"El Municipio y Regi\u00f3n Sanitaria IX definieron como contin\u00faa el proceso de vacunaci\u00f3n, fue en la ma\u00f1ana de este martes.\",\"breadcrumb\":{\"@id\":\"https:\/\/experienciadevida.com.ar\/portalurbano\/el-municipio-y-region-sanitaria-ix-definieron-como-continua-el-proceso-de-vacunacion\/#breadcrumb\"},\"inLanguage\":\"es\",\"potentialAction\":[{\"@type\":\"ReadAction\",\"target\":[\"https:\/\/experienciadevida.com.ar\/portalurbano\/el-municipio-y-region-sanitaria-ix-definieron-como-continua-el-proceso-de-vacunacion\/\"]}]},{\"@type\":\"BreadcrumbList\",\"@id\":\"https:\/\/experienciadevida.com.ar\/portalurbano\/el-municipio-y-region-sanitaria-ix-definieron-como-continua-el-proceso-de-vacunacion\/#breadcrumb\",\"itemListElement\":[{\"@type\":\"ListItem\",\"position\":1,\"name\":\"Portada\",\"item\":\"https:\/\/experienciadevida.com.ar\/portalurbano\/\"},{\"@type\":\"ListItem\",\"position\":2,\"name\":\"El Municipio y Regi\u00f3n Sanitaria IX definieron como contin\u00faa el proceso de vacunaci\u00f3n\"}]},{\"@type\":\"WebSite\",\"@id\":\"https:\/\/experienciadevida.com.ar\/portalurbano\/#website\",\"url\":\"https:\/\/experienciadevida.com.ar\/portalurbano\/\",\"name\":\"\",\"description\":\"\",\"publisher\":{\"@id\":\"https:\/\/experienciadevida.com.ar\/portalurbano\/#organization\"},\"potentialAction\":[{\"@type\":\"SearchAction\",\"target\":{\"@type\":\"EntryPoint\",\"urlTemplate\":\"https:\/\/experienciadevida.com.ar\/portalurbano\/?s={search_term_string}\"},\"query-input\":\"required name=search_term_string\"}],\"inLanguage\":\"es\"},{\"@type\":\"Organization\",\"@id\":\"https:\/\/experienciadevida.com.ar\/portalurbano\/#organization\",\"name\":\"Portal Urbano\",\"url\":\"https:\/\/experienciadevida.com.ar\/portalurbano\/\",\"logo\":{\"@type\":\"ImageObject\",\"inLanguage\":\"es\",\"@id\":\"https:\/\/experienciadevida.com.ar\/portalurbano\/#\/schema\/logo\/image\/\",\"url\":\"https:\/\/experienciadevida.com.ar\/portalurbano\/wp-content\/uploads\/2019\/09\/Logo-Original.png\",\"contentUrl\":\"https:\/\/experienciadevida.com.ar\/portalurbano\/wp-content\/uploads\/2019\/09\/Logo-Original.png\",\"width\":2236,\"height\":1216,\"caption\":\"Portal Urbano\"},\"image\":{\"@id\":\"https:\/\/experienciadevida.com.ar\/portalurbano\/#\/schema\/logo\/image\/\"},\"sameAs\":[\"https:\/\/www.facebook.com\/Portal-Urbano-171542830093757\/\",\"https:\/\/twitter.com\/portalurbanook\",\"https:\/\/www.instagram.com\/_portalurbano\/\",\"https:\/\/www.youtube.com\/channel\/UCXhagIfszH8KxFiOok79zbA?view_as=subscriber\"]},{\"@type\":\"Person\",\"@id\":\"https:\/\/experienciadevida.com.ar\/portalurbano\/#\/schema\/person\/02dd326b1c4b056e9cc972486934a3a7\",\"name\":\"admpu17wp\",\"image\":{\"@type\":\"ImageObject\",\"inLanguage\":\"es\",\"@id\":\"https:\/\/experienciadevida.com.ar\/portalurbano\/#\/schema\/person\/image\/\",\"url\":\"https:\/\/secure.gravatar.com\/avatar\/830d4c57adaae6630765e449a6908047?s=96&d=mm&r=g\",\"contentUrl\":\"https:\/\/secure.gravatar.com\/avatar\/830d4c57adaae6630765e449a6908047?s=96&d=mm&r=g\",\"caption\":\"admpu17wp\"}}]}<\/script>\n<!-- \/ Yoast SEO plugin. -->","yoast_head_json":{"title":"El Municipio y Regi\u00f3n Sanitaria IX definieron c\u00f3mo contin\u00faa el proceso","description":"El Municipio y Regi\u00f3n Sanitaria IX definieron como contin\u00faa el proceso de vacunaci\u00f3n, fue en la ma\u00f1ana de este martes.","robots":{"index":"index","follow":"follow","max-snippet":"max-snippet:-1","max-image-preview":"max-image-preview:large","max-video-preview":"max-video-preview:-1"},"canonical":"https:\/\/experienciadevida.com.ar\/portalurbano\/el-municipio-y-region-sanitaria-ix-definieron-como-continua-el-proceso-de-vacunacion\/","og_locale":"es_ES","og_type":"article","og_title":"El Municipio y Regi\u00f3n Sanitaria IX definieron c\u00f3mo contin\u00faa el proceso","og_description":"El Municipio y Regi\u00f3n Sanitaria IX definieron como contin\u00faa el proceso de vacunaci\u00f3n, fue en la ma\u00f1ana de este martes.","og_url":"https:\/\/experienciadevida.com.ar\/portalurbano\/el-municipio-y-region-sanitaria-ix-definieron-como-continua-el-proceso-de-vacunacion\/","article_publisher":"https:\/\/www.facebook.com\/Portal-Urbano-171542830093757\/","article_published_time":"2021-02-23T20:11:27+00:00","article_modified_time":"2021-02-23T20:14:34+00:00","og_image":[{"width":765,"height":438,"url":"https:\/\/experienciadevida.com.ar\/portalurbano\/wp-content\/uploads\/2021\/02\/El-Municipio-y-Region-Sanitaria-e1614111072872.jpg","type":"image\/jpeg"}],"author":"admpu17wp","twitter_card":"summary_large_image","twitter_creator":"@portalurbanook","twitter_site":"@portalurbanook","twitter_misc":{"Escrito por":"admpu17wp","Tiempo de lectura":"2 minutos"},"schema":{"@context":"https:\/\/schema.org","@graph":[{"@type":"Article","@id":"https:\/\/experienciadevida.com.ar\/portalurbano\/el-municipio-y-region-sanitaria-ix-definieron-como-continua-el-proceso-de-vacunacion\/#article","isPartOf":{"@id":"https:\/\/experienciadevida.com.ar\/portalurbano\/el-municipio-y-region-sanitaria-ix-definieron-como-continua-el-proceso-de-vacunacion\/"},"author":{"name":"admpu17wp","@id":"https:\/\/experienciadevida.com.ar\/portalurbano\/#\/schema\/person\/02dd326b1c4b056e9cc972486934a3a7"},"headline":"El Municipio y Regi\u00f3n Sanitaria IX definieron como contin\u00faa el proceso de vacunaci\u00f3n","datePublished":"2021-02-23T20:11:27+00:00","dateModified":"2021-02-23T20:14:34+00:00","mainEntityOfPage":{"@id":"https:\/\/experienciadevida.com.ar\/portalurbano\/el-municipio-y-region-sanitaria-ix-definieron-como-continua-el-proceso-de-vacunacion\/"},"wordCount":315,"publisher":{"@id":"https:\/\/experienciadevida.com.ar\/portalurbano\/#organization"},"articleSection":["Ciudad","Destacadas"],"inLanguage":"es"},{"@type":"WebPage","@id":"https:\/\/experienciadevida.com.ar\/portalurbano\/el-municipio-y-region-sanitaria-ix-definieron-como-continua-el-proceso-de-vacunacion\/","url":"https:\/\/experienciadevida.com.ar\/portalurbano\/el-municipio-y-region-sanitaria-ix-definieron-como-continua-el-proceso-de-vacunacion\/","name":"El Municipio y Regi\u00f3n Sanitaria IX definieron c\u00f3mo contin\u00faa el proceso","isPartOf":{"@id":"https:\/\/experienciadevida.com.ar\/portalurbano\/#website"},"datePublished":"2021-02-23T20:11:27+00:00","dateModified":"2021-02-23T20:14:34+00:00","description":"El Municipio y Regi\u00f3n Sanitaria IX definieron como contin\u00faa el proceso de vacunaci\u00f3n, fue en la ma\u00f1ana de este martes.","breadcrumb":{"@id":"https:\/\/experienciadevida.com.ar\/portalurbano\/el-municipio-y-region-sanitaria-ix-definieron-como-continua-el-proceso-de-vacunacion\/#breadcrumb"},"inLanguage":"es","potentialAction":[{"@type":"ReadAction","target":["https:\/\/experienciadevida.com.ar\/portalurbano\/el-municipio-y-region-sanitaria-ix-definieron-como-continua-el-proceso-de-vacunacion\/"]}]},{"@type":"BreadcrumbList","@id":"https:\/\/experienciadevida.com.ar\/portalurbano\/el-municipio-y-region-sanitaria-ix-definieron-como-continua-el-proceso-de-vacunacion\/#breadcrumb","itemListElement":[{"@type":"ListItem","position":1,"name":"Portada","item":"https:\/\/experienciadevida.com.ar\/portalurbano\/"},{"@type":"ListItem","position":2,"name":"El Municipio y Regi\u00f3n Sanitaria IX definieron como contin\u00faa el proceso de vacunaci\u00f3n"}]},{"@type":"WebSite","@id":"https:\/\/experienciadevida.com.ar\/portalurbano\/#website","url":"https:\/\/experienciadevida.com.ar\/portalurbano\/","name":"","description":"","publisher":{"@id":"https:\/\/experienciadevida.com.ar\/portalurbano\/#organization"},"potentialAction":[{"@type":"SearchAction","target":{"@type":"EntryPoint","urlTemplate":"https:\/\/experienciadevida.com.ar\/portalurbano\/?s={search_term_string}"},"query-input":"required name=search_term_string"}],"inLanguage":"es"},{"@type":"Organization","@id":"https:\/\/experienciadevida.com.ar\/portalurbano\/#organization","name":"Portal Urbano","url":"https:\/\/experienciadevida.com.ar\/portalurbano\/","logo":{"@type":"ImageObject","inLanguage":"es","@id":"https:\/\/experienciadevida.com.ar\/portalurbano\/#\/schema\/logo\/image\/","url":"https:\/\/experienciadevida.com.ar\/portalurbano\/wp-content\/uploads\/2019\/09\/Logo-Original.png","contentUrl":"https:\/\/experienciadevida.com.ar\/portalurbano\/wp-content\/uploads\/2019\/09\/Logo-Original.png","width":2236,"height":1216,"caption":"Portal Urbano"},"image":{"@id":"https:\/\/experienciadevida.com.ar\/portalurbano\/#\/schema\/logo\/image\/"},"sameAs":["https:\/\/www.facebook.com\/Portal-Urbano-171542830093757\/","https:\/\/twitter.com\/portalurbanook","https:\/\/www.instagram.com\/_portalurbano\/","https:\/\/www.youtube.com\/channel\/UCXhagIfszH8KxFiOok79zbA?view_as=subscriber"]},{"@type":"Person","@id":"https:\/\/experienciadevida.com.ar\/portalurbano\/#\/schema\/person\/02dd326b1c4b056e9cc972486934a3a7","name":"admpu17wp","image":{"@type":"ImageObject","inLanguage":"es","@id":"https:\/\/experienciadevida.com.ar\/portalurbano\/#\/schema\/person\/image\/","url":"https:\/\/secure.gravatar.com\/avatar\/830d4c57adaae6630765e449a6908047?s=96&d=mm&r=g","contentUrl":"https:\/\/secure.gravatar.com\/avatar\/830d4c57adaae6630765e449a6908047?s=96&d=mm&r=g","caption":"admpu17wp"}}]}},"featured_image_urls":{"full":["https:\/\/experienciadevida.com.ar\/portalurbano\/wp-content\/uploads\/2021\/02\/El-Municipio-y-Region-Sanitaria-e1614111072872.jpg",765,438,false],"thumbnail":["https:\/\/experienciadevida.com.ar\/portalurbano\/wp-content\/uploads\/2021\/02\/El-Municipio-y-Region-Sanitaria-150x150.jpg",150,150,true],"medium":["https:\/\/experienciadevida.com.ar\/portalurbano\/wp-content\/uploads\/2021\/02\/El-Municipio-y-Region-Sanitaria-300x172.jpg",300,172,true],"medium_large":["https:\/\/experienciadevida.com.ar\/portalurbano\/wp-content\/uploads\/2021\/02\/El-Municipio-y-Region-Sanitaria-768x440.jpg",640,367,true],"large":["https:\/\/experienciadevida.com.ar\/portalurbano\/wp-content\/uploads\/2021\/02\/El-Municipio-y-Region-Sanitaria-1024x586.jpg",640,366,true],"ug_big":["https:\/\/experienciadevida.com.ar\/portalurbano\/wp-content\/uploads\/2021\/02\/El-Municipio-y-Region-Sanitaria-768x440.jpg",768,440,true],"1536x1536":["https:\/\/experienciadevida.com.ar\/portalurbano\/wp-content\/uploads\/2021\/02\/El-Municipio-y-Region-Sanitaria-1536x880.jpg",1536,880,true],"2048x2048":["https:\/\/experienciadevida.com.ar\/portalurbano\/wp-content\/uploads\/2021\/02\/El-Municipio-y-Region-Sanitaria-2048x1173.jpg",2048,1173,true],"newsever-slider-full":["https:\/\/experienciadevida.com.ar\/portalurbano\/wp-content\/uploads\/2021\/02\/El-Municipio-y-Region-Sanitaria-e1614111072872.jpg",765,438,false],"newsever-featured":["https:\/\/experienciadevida.com.ar\/portalurbano\/wp-content\/uploads\/2021\/02\/El-Municipio-y-Region-Sanitaria-e1614111072872.jpg",765,438,false],"newsever-medium":["https:\/\/experienciadevida.com.ar\/portalurbano\/wp-content\/uploads\/2021\/02\/El-Municipio-y-Region-Sanitaria-e1614111072872.jpg",720,412,false],"web-stories-poster-portrait":["https:\/\/experienciadevida.com.ar\/portalurbano\/wp-content\/uploads\/2021\/02\/El-Municipio-y-Region-Sanitaria-e1614111072872.jpg",640,366,false],"web-stories-publisher-logo":["https:\/\/experienciadevida.com.ar\/portalurbano\/wp-content\/uploads\/2021\/02\/El-Municipio-y-Region-Sanitaria-e1614111072872.jpg",96,55,false],"web-stories-thumbnail":["https:\/\/experienciadevida.com.ar\/portalurbano\/wp-content\/uploads\/2021\/02\/El-Municipio-y-Region-Sanitaria-e1614111072872.jpg",150,86,false]},"author_info":{"display_name":"admpu17wp","author_link":"https:\/\/experienciadevida.com.ar\/portalurbano\/author\/admpu17wp\/"},"category_info":"<a href=\"https:\/\/experienciadevida.com.ar\/portalurbano\/category\/ciudad\/\" rel=\"category tag\">Ciudad<\/a> <a href=\"https:\/\/experienciadevida.com.ar\/portalurbano\/category\/destacadas\/\" rel=\"category tag\">Destacadas<\/a>","tag_info":"Destacadas","comment_count":"0","amp_enabled":true,"_links":{"self":[{"href":"https:\/\/experienciadevida.com.ar\/portalurbano\/wp-json\/wp\/v2\/posts\/135828"}],"collection":[{"href":"https:\/\/experienciadevida.com.ar\/portalurbano\/wp-json\/wp\/v2\/posts"}],"about":[{"href":"https:\/\/experienciadevida.com.ar\/portalurbano\/wp-json\/wp\/v2\/types\/post"}],"author":[{"embeddable":true,"href":"https:\/\/experienciadevida.com.ar\/portalurbano\/wp-json\/wp\/v2\/users\/1"}],"replies":[{"embeddable":true,"href":"https:\/\/experienciadevida.com.ar\/portalurbano\/wp-json\/wp\/v2\/comments?post=135828"}],"version-history":[{"count":3,"href":"https:\/\/experienciadevida.com.ar\/portalurbano\/wp-json\/wp\/v2\/posts\/135828\/revisions"}],"predecessor-version":[{"id":135834,"href":"https:\/\/experienciadevida.com.ar\/portalurbano\/wp-json\/wp\/v2\/posts\/135828\/revisions\/135834"}],"wp:featuredmedia":[{"embeddable":true,"href":"https:\/\/experienciadevida.com.ar\/portalurbano\/wp-json\/wp\/v2\/media\/135829"}],"wp:attachment":[{"href":"https:\/\/experienciadevida.com.ar\/portalurbano\/wp-json\/wp\/v2\/media?parent=135828"}],"wp:term":[{"taxonomy":"category","embeddable":true,"href":"https:\/\/experienciadevida.com.ar\/portalurbano\/wp-json\/wp\/v2\/categories?post=135828"},{"taxonomy":"post_tag","embeddable":true,"href":"https:\/\/experienciadevida.com.ar\/portalurbano\/wp-json\/wp\/v2\/tags?post=135828"}],"curies":[{"name":"wp","href":"https:\/\/api.w.org\/{rel}","templated":true}]}}