{"id":135765,"date":"2021-02-23T10:03:49","date_gmt":"2021-02-23T13:03:49","guid":{"rendered":"https:\/\/experienciadevida.com.ar\/portalurbano\/?p=135765"},"modified":"2021-02-23T10:13:29","modified_gmt":"2021-02-23T13:13:29","slug":"lanceta-vamos-a-ser-el-radicalismo-que-una-vez-fuimos","status":"publish","type":"post","link":"https:\/\/experienciadevida.com.ar\/portalurbano\/lanceta-vamos-a-ser-el-radicalismo-que-una-vez-fuimos\/","title":{"rendered":"Lanceta: &#8220;Vamos a ser el radicalismo que una vez fuimos&#8221;"},"content":{"rendered":"<p>Lanceta: <em>&#8220;Vamos a ser el radicalismo que una vez fuimos&#8221;<\/em>. As\u00ed lo dijo &#8220;bebe&#8221; Lanceta candidato a Presidente del Comit\u00e9 local de la UCR de la lista 11 en la inauguraci\u00f3n del local partidario.<\/p>\n<p>El acto de inauguraci\u00f3n estuvo encabezado por el Candidato a Presidente del comit\u00e9 local de la UCR Bebe Lanceta, Mario Patern\u00f3, Eduardo Malamud, Mario &#8220;pinocho&#8221; l\u00e1zaro, Leandro Lanceta, as\u00ed como tambi\u00e9n Antonela D\u00edaz y Gabriela D\u00edaz.<\/p>\n<p>Lanceta agradeci\u00f3 a los presentes y las personas que integran la lista &#8220;<em>hay personalidades que nos vienen acompa\u00f1ando mucho. Este espacio va a ser un lugar de encuentro&#8221;.<\/em><\/p>\n<p><em>&#8220;Esta tarea que hemos empe\u00f1ado en llevar adelante est\u00e1 vinculada directamente a la posibilidad de que el radicalismo vuelva a a ser lo que alguna vez fue en Olavarr\u00eda y tambi\u00e9n est\u00e1 vinculada al renacer del radicalismo en la provincia\u00a0 y naci\u00f3n. Es importante decir que con la salud no se jode y con un mont\u00f3n de cosas m\u00e1s&#8221;.<\/em><\/p>\n<p>Lanceta mencion\u00f3 <em>&#8220;si noosotros tuvi\u00e9semos un radicalismo fuerte y poderoso seguramente estar\u00edamos en condiciones de oponernos a las atrocidades de la gesti\u00f3n del actual gobierno. Este espacio quiere recuperar el radicalismo en Olavarr\u00eda para Olavarr\u00eda, para Provincia y Naci\u00f3n, no nos quedamos ac\u00e1&#8221;.<\/em><\/p>\n<p><em>&#8220;No queremos ser un radicalismo inexistente como es ahora, con concejales desunidos por falta de conducci\u00f3n, vamos a ser el radicalismo que una vez fuimos&#8221;.<\/em><\/p>\n<p>A su vez Lanceta expres\u00f3 <em>&#8220;el radicaismo fue grande en Olavarr\u00eda, ese es el radicalismo que queremos, no queremos un radicalismo sumiso, queremos que se pueda discutir. No quiero el radicalismo que se prendi\u00f3 fuego literalmente&#8221;.<\/em><\/p>\n<p><span style=\"color: #0000ff;\">Las im\u00e1genes:<\/span><\/p>\n<p><a href=\"https:\/\/experienciadevida.com.ar\/portalurbano\/lanceta-vamos-a-ser-el-radicalismo-que-una-vez-fuimos\/interna1\/\" rel=\"attachment wp-att-135777\"><img decoding=\"async\" class=\"alignnone size-full wp-image-135777\" src=\"https:\/\/experienciadevida.com.ar\/portalurbano\/wp-content\/uploads\/2021\/02\/Interna1.jpg\" alt=\"\" width=\"765\" height=\"486\" srcset=\"https:\/\/experienciadevida.com.ar\/portalurbano\/wp-content\/uploads\/2021\/02\/Interna1.jpg 765w, https:\/\/experienciadevida.com.ar\/portalurbano\/wp-content\/uploads\/2021\/02\/Interna1-300x191.jpg 300w\" sizes=\"(max-width: 765px) 100vw, 765px\" \/><\/a><\/p>\n<p><a href=\"https:\/\/experienciadevida.com.ar\/portalurbano\/lanceta-vamos-a-ser-el-radicalismo-que-una-vez-fuimos\/interna1-2\/\" rel=\"attachment wp-att-135778\"><img decoding=\"async\" class=\"alignnone size-full wp-image-135778\" src=\"https:\/\/experienciadevida.com.ar\/portalurbano\/wp-content\/uploads\/2021\/02\/Interna1-1.jpg\" alt=\"\" width=\"765\" height=\"486\" srcset=\"https:\/\/experienciadevida.com.ar\/portalurbano\/wp-content\/uploads\/2021\/02\/Interna1-1.jpg 765w, https:\/\/experienciadevida.com.ar\/portalurbano\/wp-content\/uploads\/2021\/02\/Interna1-1-300x191.jpg 300w\" sizes=\"(max-width: 765px) 100vw, 765px\" \/><\/a><\/p>\n<p><a href=\"https:\/\/experienciadevida.com.ar\/portalurbano\/lanceta-vamos-a-ser-el-radicalismo-que-una-vez-fuimos\/interna3\/\" rel=\"attachment wp-att-135779\"><img decoding=\"async\" class=\"alignnone size-full wp-image-135779\" src=\"https:\/\/experienciadevida.com.ar\/portalurbano\/wp-content\/uploads\/2021\/02\/Interna3.jpg\" alt=\"\" width=\"765\" height=\"478\" srcset=\"https:\/\/experienciadevida.com.ar\/portalurbano\/wp-content\/uploads\/2021\/02\/Interna3.jpg 765w, https:\/\/experienciadevida.com.ar\/portalurbano\/wp-content\/uploads\/2021\/02\/Interna3-300x187.jpg 300w\" sizes=\"(max-width: 765px) 100vw, 765px\" \/><\/a><\/p>\n<p><a href=\"https:\/\/experienciadevida.com.ar\/portalurbano\/lanceta-vamos-a-ser-el-radicalismo-que-una-vez-fuimos\/interna4\/\" rel=\"attachment wp-att-135780\"><img decoding=\"async\" class=\"alignnone size-full wp-image-135780\" src=\"https:\/\/experienciadevida.com.ar\/portalurbano\/wp-content\/uploads\/2021\/02\/Interna4.jpg\" alt=\"\" width=\"765\" height=\"486\" srcset=\"https:\/\/experienciadevida.com.ar\/portalurbano\/wp-content\/uploads\/2021\/02\/Interna4.jpg 765w, https:\/\/experienciadevida.com.ar\/portalurbano\/wp-content\/uploads\/2021\/02\/Interna4-300x191.jpg 300w\" sizes=\"(max-width: 765px) 100vw, 765px\" \/><\/a><\/p>\n<p><a href=\"https:\/\/experienciadevida.com.ar\/portalurbano\/lanceta-vamos-a-ser-el-radicalismo-que-una-vez-fuimos\/interna5\/\" rel=\"attachment wp-att-135781\"><img decoding=\"async\" class=\"alignnone size-full wp-image-135781\" src=\"https:\/\/experienciadevida.com.ar\/portalurbano\/wp-content\/uploads\/2021\/02\/Interna5.jpg\" alt=\"\" width=\"765\" height=\"482\" srcset=\"https:\/\/experienciadevida.com.ar\/portalurbano\/wp-content\/uploads\/2021\/02\/Interna5.jpg 765w, https:\/\/experienciadevida.com.ar\/portalurbano\/wp-content\/uploads\/2021\/02\/Interna5-300x189.jpg 300w\" sizes=\"(max-width: 765px) 100vw, 765px\" \/><\/a><\/p>\n<p><a href=\"https:\/\/experienciadevida.com.ar\/portalurbano\/lanceta-vamos-a-ser-el-radicalismo-que-una-vez-fuimos\/interna6\/\" rel=\"attachment wp-att-135782\"><img decoding=\"async\" class=\"alignnone size-full wp-image-135782\" src=\"https:\/\/experienciadevida.com.ar\/portalurbano\/wp-content\/uploads\/2021\/02\/Interna6.jpg\" alt=\"\" width=\"765\" height=\"480\" srcset=\"https:\/\/experienciadevida.com.ar\/portalurbano\/wp-content\/uploads\/2021\/02\/Interna6.jpg 765w, https:\/\/experienciadevida.com.ar\/portalurbano\/wp-content\/uploads\/2021\/02\/Interna6-300x188.jpg 300w\" sizes=\"(max-width: 765px) 100vw, 765px\" \/><\/a><\/p>\n<p><a href=\"https:\/\/experienciadevida.com.ar\/portalurbano\/lanceta-vamos-a-ser-el-radicalismo-que-una-vez-fuimos\/interna7\/\" rel=\"attachment wp-att-135783\"><img decoding=\"async\" class=\"alignnone size-full wp-image-135783\" src=\"https:\/\/experienciadevida.com.ar\/portalurbano\/wp-content\/uploads\/2021\/02\/Interna7.jpg\" alt=\"\" width=\"765\" height=\"488\" srcset=\"https:\/\/experienciadevida.com.ar\/portalurbano\/wp-content\/uploads\/2021\/02\/Interna7.jpg 765w, https:\/\/experienciadevida.com.ar\/portalurbano\/wp-content\/uploads\/2021\/02\/Interna7-300x191.jpg 300w\" sizes=\"(max-width: 765px) 100vw, 765px\" \/><\/a><\/p>\n<p><a href=\"https:\/\/experienciadevida.com.ar\/portalurbano\/lanceta-vamos-a-ser-el-radicalismo-que-una-vez-fuimos\/interna8\/\" rel=\"attachment wp-att-135784\"><img decoding=\"async\" class=\"alignnone size-full wp-image-135784\" src=\"https:\/\/experienciadevida.com.ar\/portalurbano\/wp-content\/uploads\/2021\/02\/Interna8.jpg\" alt=\"\" width=\"765\" height=\"482\" srcset=\"https:\/\/experienciadevida.com.ar\/portalurbano\/wp-content\/uploads\/2021\/02\/Interna8.jpg 765w, https:\/\/experienciadevida.com.ar\/portalurbano\/wp-content\/uploads\/2021\/02\/Interna8-300x189.jpg 300w\" sizes=\"(max-width: 765px) 100vw, 765px\" \/><\/a><\/p>\n<p><a href=\"https:\/\/experienciadevida.com.ar\/portalurbano\/lanceta-vamos-a-ser-el-radicalismo-que-una-vez-fuimos\/interna11\/\" rel=\"attachment wp-att-135785\"><img decoding=\"async\" class=\"alignnone size-full wp-image-135785\" src=\"https:\/\/experienciadevida.com.ar\/portalurbano\/wp-content\/uploads\/2021\/02\/Interna11.jpg\" alt=\"\" width=\"765\" height=\"478\" srcset=\"https:\/\/experienciadevida.com.ar\/portalurbano\/wp-content\/uploads\/2021\/02\/Interna11.jpg 765w, https:\/\/experienciadevida.com.ar\/portalurbano\/wp-content\/uploads\/2021\/02\/Interna11-300x187.jpg 300w\" sizes=\"(max-width: 765px) 100vw, 765px\" \/><\/a><\/p>\n<p><a href=\"https:\/\/experienciadevida.com.ar\/portalurbano\/lanceta-vamos-a-ser-el-radicalismo-que-una-vez-fuimos\/interna12\/\" rel=\"attachment wp-att-135786\"><img decoding=\"async\" class=\"alignnone size-full wp-image-135786\" src=\"https:\/\/experienciadevida.com.ar\/portalurbano\/wp-content\/uploads\/2021\/02\/Interna12.jpg\" alt=\"\" width=\"765\" height=\"480\" srcset=\"https:\/\/experienciadevida.com.ar\/portalurbano\/wp-content\/uploads\/2021\/02\/Interna12.jpg 765w, https:\/\/experienciadevida.com.ar\/portalurbano\/wp-content\/uploads\/2021\/02\/Interna12-300x188.jpg 300w\" sizes=\"(max-width: 765px) 100vw, 765px\" \/><\/a><\/p>\n<p><a href=\"https:\/\/experienciadevida.com.ar\/portalurbano\/lanceta-vamos-a-ser-el-radicalismo-que-una-vez-fuimos\/interna13\/\" rel=\"attachment wp-att-135787\"><img decoding=\"async\" class=\"alignnone size-full wp-image-135787\" src=\"https:\/\/experienciadevida.com.ar\/portalurbano\/wp-content\/uploads\/2021\/02\/Interna13.jpg\" alt=\"\" width=\"765\" height=\"485\" srcset=\"https:\/\/experienciadevida.com.ar\/portalurbano\/wp-content\/uploads\/2021\/02\/Interna13.jpg 765w, https:\/\/experienciadevida.com.ar\/portalurbano\/wp-content\/uploads\/2021\/02\/Interna13-300x190.jpg 300w\" sizes=\"(max-width: 765px) 100vw, 765px\" \/><\/a><\/p>\n<p><a href=\"https:\/\/experienciadevida.com.ar\/portalurbano\/lanceta-vamos-a-ser-el-radicalismo-que-una-vez-fuimos\/interna14\/\" rel=\"attachment wp-att-135788\"><img decoding=\"async\" class=\"alignnone size-full wp-image-135788\" src=\"https:\/\/experienciadevida.com.ar\/portalurbano\/wp-content\/uploads\/2021\/02\/Interna14.jpg\" alt=\"\" width=\"765\" height=\"484\" srcset=\"https:\/\/experienciadevida.com.ar\/portalurbano\/wp-content\/uploads\/2021\/02\/Interna14.jpg 765w, https:\/\/experienciadevida.com.ar\/portalurbano\/wp-content\/uploads\/2021\/02\/Interna14-300x190.jpg 300w\" sizes=\"(max-width: 765px) 100vw, 765px\" \/><\/a><\/p>\n","protected":false},"excerpt":{"rendered":"<p>Lanceta: &#8220;Vamos a ser el radicalismo que una vez fuimos&#8221;. As\u00ed lo dijo &#8220;bebe&#8221; Lanceta&#8230;<\/p>\n","protected":false},"author":1,"featured_media":135773,"comment_status":"closed","ping_status":"closed","sticky":false,"template":"","format":"standard","meta":{"content-type":""},"categories":[64,43],"tags":[],"nelio_content":{"isAutoShareEnabled":false,"autoShareEndMode":"default","automationSources":{"useContentSentences":true,"useSocialTemplates":true,"useCustomSentences":false,"customSentences":[]},"followers":[1],"suggestedReferences":[],"includedReferences":[],"efiUrl":"","efiAlt":"","highlights":[]},"yoast_head":"<!-- This site is optimized with the Yoast SEO plugin v20.7 - https:\/\/yoast.com\/wordpress\/plugins\/seo\/ -->\n<title>Lanceta: &quot;vamos a ser el radicalismo que una vez fuimos&quot;<\/title>\n<meta name=\"description\" content=\"Lanceta: &quot;Vamos a ser el radicalismo que una vez fuimos&quot;, as\u00ed lo dijo el candidato a Presidente del comit\u00e9 local de la UCR de la lista 11.\" \/>\n<meta name=\"robots\" content=\"index, follow, max-snippet:-1, max-image-preview:large, max-video-preview:-1\" \/>\n<link rel=\"canonical\" href=\"https:\/\/experienciadevida.com.ar\/portalurbano\/lanceta-vamos-a-ser-el-radicalismo-que-una-vez-fuimos\/\" \/>\n<meta property=\"og:locale\" content=\"es_ES\" \/>\n<meta property=\"og:type\" content=\"article\" \/>\n<meta property=\"og:title\" content=\"Lanceta: &quot;vamos a ser el radicalismo que una vez fuimos&quot;\" \/>\n<meta property=\"og:description\" content=\"Lanceta: &quot;Vamos a ser el radicalismo que una vez fuimos&quot;, as\u00ed lo dijo el candidato a Presidente del comit\u00e9 local de la UCR de la lista 11.\" \/>\n<meta property=\"og:url\" content=\"https:\/\/experienciadevida.com.ar\/portalurbano\/lanceta-vamos-a-ser-el-radicalismo-que-una-vez-fuimos\/\" \/>\n<meta property=\"article:publisher\" content=\"https:\/\/www.facebook.com\/Portal-Urbano-171542830093757\/\" \/>\n<meta property=\"article:published_time\" content=\"2021-02-23T13:03:49+00:00\" \/>\n<meta property=\"article:modified_time\" content=\"2021-02-23T13:13:29+00:00\" \/>\n<meta property=\"og:image\" content=\"https:\/\/experienciadevida.com.ar\/portalurbano\/wp-content\/uploads\/2021\/02\/Interna.jpg\" \/>\n\t<meta property=\"og:image:width\" content=\"765\" \/>\n\t<meta property=\"og:image:height\" content=\"478\" \/>\n\t<meta property=\"og:image:type\" content=\"image\/jpeg\" \/>\n<meta name=\"author\" content=\"admpu17wp\" \/>\n<meta name=\"twitter:card\" content=\"summary_large_image\" \/>\n<meta name=\"twitter:creator\" content=\"@portalurbanook\" \/>\n<meta name=\"twitter:site\" content=\"@portalurbanook\" \/>\n<meta name=\"twitter:label1\" content=\"Escrito por\" \/>\n\t<meta name=\"twitter:data1\" content=\"admpu17wp\" \/>\n\t<meta name=\"twitter:label2\" content=\"Tiempo de lectura\" \/>\n\t<meta name=\"twitter:data2\" content=\"4 minutos\" \/>\n<script type=\"application\/ld+json\" class=\"yoast-schema-graph\">{\"@context\":\"https:\/\/schema.org\",\"@graph\":[{\"@type\":\"Article\",\"@id\":\"https:\/\/experienciadevida.com.ar\/portalurbano\/lanceta-vamos-a-ser-el-radicalismo-que-una-vez-fuimos\/#article\",\"isPartOf\":{\"@id\":\"https:\/\/experienciadevida.com.ar\/portalurbano\/lanceta-vamos-a-ser-el-radicalismo-que-una-vez-fuimos\/\"},\"author\":{\"name\":\"admpu17wp\",\"@id\":\"https:\/\/experienciadevida.com.ar\/portalurbano\/#\/schema\/person\/02dd326b1c4b056e9cc972486934a3a7\"},\"headline\":\"Lanceta: &#8220;Vamos a ser el radicalismo que una vez fuimos&#8221;\",\"datePublished\":\"2021-02-23T13:03:49+00:00\",\"dateModified\":\"2021-02-23T13:13:29+00:00\",\"mainEntityOfPage\":{\"@id\":\"https:\/\/experienciadevida.com.ar\/portalurbano\/lanceta-vamos-a-ser-el-radicalismo-que-una-vez-fuimos\/\"},\"wordCount\":294,\"publisher\":{\"@id\":\"https:\/\/experienciadevida.com.ar\/portalurbano\/#organization\"},\"articleSection\":[\"Destacadas 2\",\"Pol\u00edtica\"],\"inLanguage\":\"es\"},{\"@type\":\"WebPage\",\"@id\":\"https:\/\/experienciadevida.com.ar\/portalurbano\/lanceta-vamos-a-ser-el-radicalismo-que-una-vez-fuimos\/\",\"url\":\"https:\/\/experienciadevida.com.ar\/portalurbano\/lanceta-vamos-a-ser-el-radicalismo-que-una-vez-fuimos\/\",\"name\":\"Lanceta: \\\"vamos a ser el radicalismo que una vez fuimos\\\"\",\"isPartOf\":{\"@id\":\"https:\/\/experienciadevida.com.ar\/portalurbano\/#website\"},\"datePublished\":\"2021-02-23T13:03:49+00:00\",\"dateModified\":\"2021-02-23T13:13:29+00:00\",\"description\":\"Lanceta: \\\"Vamos a ser el radicalismo que una vez fuimos\\\", as\u00ed lo dijo el candidato a Presidente del comit\u00e9 local de la UCR de la lista 11.\",\"breadcrumb\":{\"@id\":\"https:\/\/experienciadevida.com.ar\/portalurbano\/lanceta-vamos-a-ser-el-radicalismo-que-una-vez-fuimos\/#breadcrumb\"},\"inLanguage\":\"es\",\"potentialAction\":[{\"@type\":\"ReadAction\",\"target\":[\"https:\/\/experienciadevida.com.ar\/portalurbano\/lanceta-vamos-a-ser-el-radicalismo-que-una-vez-fuimos\/\"]}]},{\"@type\":\"BreadcrumbList\",\"@id\":\"https:\/\/experienciadevida.com.ar\/portalurbano\/lanceta-vamos-a-ser-el-radicalismo-que-una-vez-fuimos\/#breadcrumb\",\"itemListElement\":[{\"@type\":\"ListItem\",\"position\":1,\"name\":\"Portada\",\"item\":\"https:\/\/experienciadevida.com.ar\/portalurbano\/\"},{\"@type\":\"ListItem\",\"position\":2,\"name\":\"Lanceta: \u00abVamos a ser el radicalismo que una vez fuimos\u00bb\"}]},{\"@type\":\"WebSite\",\"@id\":\"https:\/\/experienciadevida.com.ar\/portalurbano\/#website\",\"url\":\"https:\/\/experienciadevida.com.ar\/portalurbano\/\",\"name\":\"\",\"description\":\"\",\"publisher\":{\"@id\":\"https:\/\/experienciadevida.com.ar\/portalurbano\/#organization\"},\"potentialAction\":[{\"@type\":\"SearchAction\",\"target\":{\"@type\":\"EntryPoint\",\"urlTemplate\":\"https:\/\/experienciadevida.com.ar\/portalurbano\/?s={search_term_string}\"},\"query-input\":\"required name=search_term_string\"}],\"inLanguage\":\"es\"},{\"@type\":\"Organization\",\"@id\":\"https:\/\/experienciadevida.com.ar\/portalurbano\/#organization\",\"name\":\"Portal Urbano\",\"url\":\"https:\/\/experienciadevida.com.ar\/portalurbano\/\",\"logo\":{\"@type\":\"ImageObject\",\"inLanguage\":\"es\",\"@id\":\"https:\/\/experienciadevida.com.ar\/portalurbano\/#\/schema\/logo\/image\/\",\"url\":\"https:\/\/experienciadevida.com.ar\/portalurbano\/wp-content\/uploads\/2019\/09\/Logo-Original.png\",\"contentUrl\":\"https:\/\/experienciadevida.com.ar\/portalurbano\/wp-content\/uploads\/2019\/09\/Logo-Original.png\",\"width\":2236,\"height\":1216,\"caption\":\"Portal Urbano\"},\"image\":{\"@id\":\"https:\/\/experienciadevida.com.ar\/portalurbano\/#\/schema\/logo\/image\/\"},\"sameAs\":[\"https:\/\/www.facebook.com\/Portal-Urbano-171542830093757\/\",\"https:\/\/twitter.com\/portalurbanook\",\"https:\/\/www.instagram.com\/_portalurbano\/\",\"https:\/\/www.youtube.com\/channel\/UCXhagIfszH8KxFiOok79zbA?view_as=subscriber\"]},{\"@type\":\"Person\",\"@id\":\"https:\/\/experienciadevida.com.ar\/portalurbano\/#\/schema\/person\/02dd326b1c4b056e9cc972486934a3a7\",\"name\":\"admpu17wp\",\"image\":{\"@type\":\"ImageObject\",\"inLanguage\":\"es\",\"@id\":\"https:\/\/experienciadevida.com.ar\/portalurbano\/#\/schema\/person\/image\/\",\"url\":\"https:\/\/secure.gravatar.com\/avatar\/830d4c57adaae6630765e449a6908047?s=96&d=mm&r=g\",\"contentUrl\":\"https:\/\/secure.gravatar.com\/avatar\/830d4c57adaae6630765e449a6908047?s=96&d=mm&r=g\",\"caption\":\"admpu17wp\"}}]}<\/script>\n<!-- \/ Yoast SEO plugin. -->","yoast_head_json":{"title":"Lanceta: \"vamos a ser el radicalismo que una vez fuimos\"","description":"Lanceta: \"Vamos a ser el radicalismo que una vez fuimos\", as\u00ed lo dijo el candidato a Presidente del comit\u00e9 local de la UCR de la lista 11.","robots":{"index":"index","follow":"follow","max-snippet":"max-snippet:-1","max-image-preview":"max-image-preview:large","max-video-preview":"max-video-preview:-1"},"canonical":"https:\/\/experienciadevida.com.ar\/portalurbano\/lanceta-vamos-a-ser-el-radicalismo-que-una-vez-fuimos\/","og_locale":"es_ES","og_type":"article","og_title":"Lanceta: \"vamos a ser el radicalismo que una vez fuimos\"","og_description":"Lanceta: \"Vamos a ser el radicalismo que una vez fuimos\", as\u00ed lo dijo el candidato a Presidente del comit\u00e9 local de la UCR de la lista 11.","og_url":"https:\/\/experienciadevida.com.ar\/portalurbano\/lanceta-vamos-a-ser-el-radicalismo-que-una-vez-fuimos\/","article_publisher":"https:\/\/www.facebook.com\/Portal-Urbano-171542830093757\/","article_published_time":"2021-02-23T13:03:49+00:00","article_modified_time":"2021-02-23T13:13:29+00:00","og_image":[{"width":765,"height":478,"url":"https:\/\/experienciadevida.com.ar\/portalurbano\/wp-content\/uploads\/2021\/02\/Interna.jpg","type":"image\/jpeg"}],"author":"admpu17wp","twitter_card":"summary_large_image","twitter_creator":"@portalurbanook","twitter_site":"@portalurbanook","twitter_misc":{"Escrito por":"admpu17wp","Tiempo de lectura":"4 minutos"},"schema":{"@context":"https:\/\/schema.org","@graph":[{"@type":"Article","@id":"https:\/\/experienciadevida.com.ar\/portalurbano\/lanceta-vamos-a-ser-el-radicalismo-que-una-vez-fuimos\/#article","isPartOf":{"@id":"https:\/\/experienciadevida.com.ar\/portalurbano\/lanceta-vamos-a-ser-el-radicalismo-que-una-vez-fuimos\/"},"author":{"name":"admpu17wp","@id":"https:\/\/experienciadevida.com.ar\/portalurbano\/#\/schema\/person\/02dd326b1c4b056e9cc972486934a3a7"},"headline":"Lanceta: &#8220;Vamos a ser el radicalismo que una vez fuimos&#8221;","datePublished":"2021-02-23T13:03:49+00:00","dateModified":"2021-02-23T13:13:29+00:00","mainEntityOfPage":{"@id":"https:\/\/experienciadevida.com.ar\/portalurbano\/lanceta-vamos-a-ser-el-radicalismo-que-una-vez-fuimos\/"},"wordCount":294,"publisher":{"@id":"https:\/\/experienciadevida.com.ar\/portalurbano\/#organization"},"articleSection":["Destacadas 2","Pol\u00edtica"],"inLanguage":"es"},{"@type":"WebPage","@id":"https:\/\/experienciadevida.com.ar\/portalurbano\/lanceta-vamos-a-ser-el-radicalismo-que-una-vez-fuimos\/","url":"https:\/\/experienciadevida.com.ar\/portalurbano\/lanceta-vamos-a-ser-el-radicalismo-que-una-vez-fuimos\/","name":"Lanceta: \"vamos a ser el radicalismo que una vez fuimos\"","isPartOf":{"@id":"https:\/\/experienciadevida.com.ar\/portalurbano\/#website"},"datePublished":"2021-02-23T13:03:49+00:00","dateModified":"2021-02-23T13:13:29+00:00","description":"Lanceta: \"Vamos a ser el radicalismo que una vez fuimos\", as\u00ed lo dijo el candidato a Presidente del comit\u00e9 local de la UCR de la lista 11.","breadcrumb":{"@id":"https:\/\/experienciadevida.com.ar\/portalurbano\/lanceta-vamos-a-ser-el-radicalismo-que-una-vez-fuimos\/#breadcrumb"},"inLanguage":"es","potentialAction":[{"@type":"ReadAction","target":["https:\/\/experienciadevida.com.ar\/portalurbano\/lanceta-vamos-a-ser-el-radicalismo-que-una-vez-fuimos\/"]}]},{"@type":"BreadcrumbList","@id":"https:\/\/experienciadevida.com.ar\/portalurbano\/lanceta-vamos-a-ser-el-radicalismo-que-una-vez-fuimos\/#breadcrumb","itemListElement":[{"@type":"ListItem","position":1,"name":"Portada","item":"https:\/\/experienciadevida.com.ar\/portalurbano\/"},{"@type":"ListItem","position":2,"name":"Lanceta: \u00abVamos a ser el radicalismo que una vez fuimos\u00bb"}]},{"@type":"WebSite","@id":"https:\/\/experienciadevida.com.ar\/portalurbano\/#website","url":"https:\/\/experienciadevida.com.ar\/portalurbano\/","name":"","description":"","publisher":{"@id":"https:\/\/experienciadevida.com.ar\/portalurbano\/#organization"},"potentialAction":[{"@type":"SearchAction","target":{"@type":"EntryPoint","urlTemplate":"https:\/\/experienciadevida.com.ar\/portalurbano\/?s={search_term_string}"},"query-input":"required name=search_term_string"}],"inLanguage":"es"},{"@type":"Organization","@id":"https:\/\/experienciadevida.com.ar\/portalurbano\/#organization","name":"Portal Urbano","url":"https:\/\/experienciadevida.com.ar\/portalurbano\/","logo":{"@type":"ImageObject","inLanguage":"es","@id":"https:\/\/experienciadevida.com.ar\/portalurbano\/#\/schema\/logo\/image\/","url":"https:\/\/experienciadevida.com.ar\/portalurbano\/wp-content\/uploads\/2019\/09\/Logo-Original.png","contentUrl":"https:\/\/experienciadevida.com.ar\/portalurbano\/wp-content\/uploads\/2019\/09\/Logo-Original.png","width":2236,"height":1216,"caption":"Portal Urbano"},"image":{"@id":"https:\/\/experienciadevida.com.ar\/portalurbano\/#\/schema\/logo\/image\/"},"sameAs":["https:\/\/www.facebook.com\/Portal-Urbano-171542830093757\/","https:\/\/twitter.com\/portalurbanook","https:\/\/www.instagram.com\/_portalurbano\/","https:\/\/www.youtube.com\/channel\/UCXhagIfszH8KxFiOok79zbA?view_as=subscriber"]},{"@type":"Person","@id":"https:\/\/experienciadevida.com.ar\/portalurbano\/#\/schema\/person\/02dd326b1c4b056e9cc972486934a3a7","name":"admpu17wp","image":{"@type":"ImageObject","inLanguage":"es","@id":"https:\/\/experienciadevida.com.ar\/portalurbano\/#\/schema\/person\/image\/","url":"https:\/\/secure.gravatar.com\/avatar\/830d4c57adaae6630765e449a6908047?s=96&d=mm&r=g","contentUrl":"https:\/\/secure.gravatar.com\/avatar\/830d4c57adaae6630765e449a6908047?s=96&d=mm&r=g","caption":"admpu17wp"}}]}},"featured_image_urls":{"full":["https:\/\/experienciadevida.com.ar\/portalurbano\/wp-content\/uploads\/2021\/02\/Interna.jpg",765,478,false],"thumbnail":["https:\/\/experienciadevida.com.ar\/portalurbano\/wp-content\/uploads\/2021\/02\/Interna-150x150.jpg",150,150,true],"medium":["https:\/\/experienciadevida.com.ar\/portalurbano\/wp-content\/uploads\/2021\/02\/Interna-300x187.jpg",300,187,true],"medium_large":["https:\/\/experienciadevida.com.ar\/portalurbano\/wp-content\/uploads\/2021\/02\/Interna.jpg",640,400,false],"large":["https:\/\/experienciadevida.com.ar\/portalurbano\/wp-content\/uploads\/2021\/02\/Interna.jpg",640,400,false],"ug_big":["https:\/\/experienciadevida.com.ar\/portalurbano\/wp-content\/uploads\/2021\/02\/Interna.jpg",765,478,false],"1536x1536":["https:\/\/experienciadevida.com.ar\/portalurbano\/wp-content\/uploads\/2021\/02\/Interna.jpg",765,478,false],"2048x2048":["https:\/\/experienciadevida.com.ar\/portalurbano\/wp-content\/uploads\/2021\/02\/Interna.jpg",765,478,false],"newsever-slider-full":["https:\/\/experienciadevida.com.ar\/portalurbano\/wp-content\/uploads\/2021\/02\/Interna.jpg",765,478,false],"newsever-featured":["https:\/\/experienciadevida.com.ar\/portalurbano\/wp-content\/uploads\/2021\/02\/Interna.jpg",765,478,false],"newsever-medium":["https:\/\/experienciadevida.com.ar\/portalurbano\/wp-content\/uploads\/2021\/02\/Interna.jpg",720,450,false],"web-stories-poster-portrait":["https:\/\/experienciadevida.com.ar\/portalurbano\/wp-content\/uploads\/2021\/02\/Interna.jpg",640,400,false],"web-stories-publisher-logo":["https:\/\/experienciadevida.com.ar\/portalurbano\/wp-content\/uploads\/2021\/02\/Interna.jpg",96,60,false],"web-stories-thumbnail":["https:\/\/experienciadevida.com.ar\/portalurbano\/wp-content\/uploads\/2021\/02\/Interna.jpg",150,94,false]},"author_info":{"display_name":"admpu17wp","author_link":"https:\/\/experienciadevida.com.ar\/portalurbano\/author\/admpu17wp\/"},"category_info":"<a href=\"https:\/\/experienciadevida.com.ar\/portalurbano\/category\/destacadas-2\/\" rel=\"category tag\">Destacadas 2<\/a> <a href=\"https:\/\/experienciadevida.com.ar\/portalurbano\/category\/politica\/\" rel=\"category tag\">Pol\u00edtica<\/a>","tag_info":"Pol\u00edtica","comment_count":"0","amp_enabled":true,"_links":{"self":[{"href":"https:\/\/experienciadevida.com.ar\/portalurbano\/wp-json\/wp\/v2\/posts\/135765"}],"collection":[{"href":"https:\/\/experienciadevida.com.ar\/portalurbano\/wp-json\/wp\/v2\/posts"}],"about":[{"href":"https:\/\/experienciadevida.com.ar\/portalurbano\/wp-json\/wp\/v2\/types\/post"}],"author":[{"embeddable":true,"href":"https:\/\/experienciadevida.com.ar\/portalurbano\/wp-json\/wp\/v2\/users\/1"}],"replies":[{"embeddable":true,"href":"https:\/\/experienciadevida.com.ar\/portalurbano\/wp-json\/wp\/v2\/comments?post=135765"}],"version-history":[{"count":5,"href":"https:\/\/experienciadevida.com.ar\/portalurbano\/wp-json\/wp\/v2\/posts\/135765\/revisions"}],"predecessor-version":[{"id":135789,"href":"https:\/\/experienciadevida.com.ar\/portalurbano\/wp-json\/wp\/v2\/posts\/135765\/revisions\/135789"}],"wp:featuredmedia":[{"embeddable":true,"href":"https:\/\/experienciadevida.com.ar\/portalurbano\/wp-json\/wp\/v2\/media\/135773"}],"wp:attachment":[{"href":"https:\/\/experienciadevida.com.ar\/portalurbano\/wp-json\/wp\/v2\/media?parent=135765"}],"wp:term":[{"taxonomy":"category","embeddable":true,"href":"https:\/\/experienciadevida.com.ar\/portalurbano\/wp-json\/wp\/v2\/categories?post=135765"},{"taxonomy":"post_tag","embeddable":true,"href":"https:\/\/experienciadevida.com.ar\/portalurbano\/wp-json\/wp\/v2\/tags?post=135765"}],"curies":[{"name":"wp","href":"https:\/\/api.w.org\/{rel}","templated":true}]}}