{"id":135753,"date":"2021-02-22T17:33:29","date_gmt":"2021-02-22T20:33:29","guid":{"rendered":"https:\/\/experienciadevida.com.ar\/portalurbano\/?p=135753"},"modified":"2021-02-22T17:35:55","modified_gmt":"2021-02-22T20:35:55","slug":"la-prioridad-de-todos-es-mejorar-el-servicio-de-justicia","status":"publish","type":"post","link":"https:\/\/experienciadevida.com.ar\/portalurbano\/la-prioridad-de-todos-es-mejorar-el-servicio-de-justicia\/","title":{"rendered":"&#8220;La prioridad de todos es mejorar el servicio de justicia&#8221;"},"content":{"rendered":"<p>&#8220;La prioridad de todos es mejorar el servicio de justicia&#8221;. Gaston Argeri junto a autoridades del Consejo Directivo recibi\u00f3 al Ministro de Justicia\u00a0 y Derechos humanos de la Provincia, Julio Alak, en la Subsede del Colegio de Abogados Departamental Judicial de Azul de la ciudad de Olavarr\u00eda.<\/p>\n<p>De la reuni\u00f3n tambi\u00e9n participaron el Secretario General de Gobierno, Federico Thea, autoridades de la Asociaci\u00f3n Social, otros referentes departamentales y del Colegio de Magistrados departamental.<\/p>\n<p>&#8220;La prioridad de todos es mejorar el servicio de justicia&#8221;, mencionaron &#8220;estamos empezando a visitar todos los departamentos judiciales bonaerenses, como lo hicimos por las distintas provincias, cuando me desempe\u00f1\u00e9 como ministro de justicia de la naci\u00f3n. Por eso agradezco la amabilidad del Presidente del Colegio de abogados departamental, en recibirnos y permitir este di\u00e1logo e intercambio de inquietudes, tomar nota de las necesidades del departamento judicial de Azul y contarles cu\u00e1les son los planes\u00a0 y proyectos que estamos impulsando desde el Ministerio&#8221;, dijo Alak.<\/p>\n<p>Infraestructura y vacantes:<\/p>\n<p>Dos de las problem\u00e1ticas que de inmediato se plantearon entre los asistentes al encuentro fueron los problemas del d\u00e9ficit de infraestructura edilicia del poder judicial y la gran cantidad de vacantes de designaciones, adem\u00e1s de la suspensi\u00f3n de llamados a concursos para cargos. &#8220;Creo que todos coincidimos en que la prioridad es mejorar el servicio de justicia para nuestras comunidades, sostuvo Alak, y para ello debemos ser capaces de poner en perspectiva los grandes problemas que enfrentamos la gesti\u00f3n. Algunos tienen resueltos por la corte y el ministerio p\u00fablico fiscal, como es el caso del polo judicial de Olavarr\u00eda, una obra paralizada de hace a\u00f1os pero que cont\u00f3 con la voluntad pol\u00edtica del Gobernador para disponer del presupuesto necesario para su culminaci\u00f3n&#8221;.<\/p>\n<p>&#8220;La prioridad de todos es mejorar el servicio de justicia&#8221; hoy estamos en plena reconstrucci\u00f3n del estado provincial y si bien hay mucho por hacer y resolver tambi\u00e9n hemos dado pasos significativos. No tengo dudas de que los muchos a\u00f1os de desinversi\u00f3n en la justicia bonaerense se han pagado muy caro: durante el comienzo de la pandemia, las diversas dificultades que enfrentamos (sobre todo las tecnol\u00f3gicas) dejaron al descubierto muchas insuficiencias. Pero tambi\u00e9n existe un hecho clave que no podemos perder de vista la provincia de buenos aires es la que realiza el mayor aporte y adolece de una enorme discriminaci\u00f3n presupuestaria que incide en las decisiones que se toman en materia de inversi\u00f3n edilicia y de cobertura de vacantes&#8221;, eval\u00fao el Ministro.<\/p>\n<p>&#8220;Qu\u00e9 jueces y juezas queremos&#8221;:<\/p>\n<p>Desde los representantes locales\u00a0 y departamentales se enumer\u00f3 una serie de inquietudes pero tambi\u00e9n pusieron en valor el rol de las instituciones que integran el departamento judicial a la hora de debatir.<\/p>\n","protected":false},"excerpt":{"rendered":"<p>&#8220;La prioridad de todos es mejorar el servicio de justicia&#8221;. Gaston Argeri junto a autoridades&#8230;<\/p>\n","protected":false},"author":1,"featured_media":135754,"comment_status":"closed","ping_status":"closed","sticky":false,"template":"","format":"standard","meta":{"content-type":""},"categories":[27,64],"tags":[],"nelio_content":{"isAutoShareEnabled":false,"autoShareEndMode":"default","automationSources":{"useContentSentences":true,"useSocialTemplates":true,"useCustomSentences":false,"customSentences":[]},"followers":[1],"suggestedReferences":[],"includedReferences":[],"efiUrl":"","efiAlt":"","highlights":[]},"yoast_head":"<!-- This site is optimized with the Yoast SEO plugin v20.7 - https:\/\/yoast.com\/wordpress\/plugins\/seo\/ -->\n<title>&quot;La prioridad de todos es mejorar el servicio de justicia&quot;<\/title>\n<meta name=\"description\" content=\"La prioridad de todos es mejorar el servicio de justicia, Gaston Argeri junto a autoridades del Consejo Directivo recibi\u00f3 al Ministro.\" \/>\n<meta name=\"robots\" content=\"index, follow, max-snippet:-1, max-image-preview:large, max-video-preview:-1\" \/>\n<link rel=\"canonical\" href=\"https:\/\/experienciadevida.com.ar\/portalurbano\/la-prioridad-de-todos-es-mejorar-el-servicio-de-justicia\/\" \/>\n<meta property=\"og:locale\" content=\"es_ES\" \/>\n<meta property=\"og:type\" content=\"article\" \/>\n<meta property=\"og:title\" content=\"&quot;La prioridad de todos es mejorar el servicio de justicia&quot;\" \/>\n<meta property=\"og:description\" content=\"La prioridad de todos es mejorar el servicio de justicia, Gaston Argeri junto a autoridades del Consejo Directivo recibi\u00f3 al Ministro.\" \/>\n<meta property=\"og:url\" content=\"https:\/\/experienciadevida.com.ar\/portalurbano\/la-prioridad-de-todos-es-mejorar-el-servicio-de-justicia\/\" \/>\n<meta property=\"article:publisher\" content=\"https:\/\/www.facebook.com\/Portal-Urbano-171542830093757\/\" \/>\n<meta property=\"article:published_time\" content=\"2021-02-22T20:33:29+00:00\" \/>\n<meta property=\"article:modified_time\" content=\"2021-02-22T20:35:55+00:00\" \/>\n<meta property=\"og:image\" content=\"https:\/\/experienciadevida.com.ar\/portalurbano\/wp-content\/uploads\/2021\/02\/La-prioridad-de-todos.jpg\" \/>\n\t<meta property=\"og:image:width\" content=\"1280\" \/>\n\t<meta property=\"og:image:height\" content=\"960\" \/>\n\t<meta property=\"og:image:type\" content=\"image\/jpeg\" \/>\n<meta name=\"author\" content=\"admpu17wp\" \/>\n<meta name=\"twitter:card\" content=\"summary_large_image\" \/>\n<meta name=\"twitter:creator\" content=\"@portalurbanook\" \/>\n<meta name=\"twitter:site\" content=\"@portalurbanook\" \/>\n<meta name=\"twitter:label1\" content=\"Escrito por\" \/>\n\t<meta name=\"twitter:data1\" content=\"admpu17wp\" \/>\n\t<meta name=\"twitter:label2\" content=\"Tiempo de lectura\" \/>\n\t<meta name=\"twitter:data2\" content=\"2 minutos\" \/>\n<script type=\"application\/ld+json\" class=\"yoast-schema-graph\">{\"@context\":\"https:\/\/schema.org\",\"@graph\":[{\"@type\":\"Article\",\"@id\":\"https:\/\/experienciadevida.com.ar\/portalurbano\/la-prioridad-de-todos-es-mejorar-el-servicio-de-justicia\/#article\",\"isPartOf\":{\"@id\":\"https:\/\/experienciadevida.com.ar\/portalurbano\/la-prioridad-de-todos-es-mejorar-el-servicio-de-justicia\/\"},\"author\":{\"name\":\"admpu17wp\",\"@id\":\"https:\/\/experienciadevida.com.ar\/portalurbano\/#\/schema\/person\/02dd326b1c4b056e9cc972486934a3a7\"},\"headline\":\"&#8220;La prioridad de todos es mejorar el servicio de justicia&#8221;\",\"datePublished\":\"2021-02-22T20:33:29+00:00\",\"dateModified\":\"2021-02-22T20:35:55+00:00\",\"mainEntityOfPage\":{\"@id\":\"https:\/\/experienciadevida.com.ar\/portalurbano\/la-prioridad-de-todos-es-mejorar-el-servicio-de-justicia\/\"},\"wordCount\":480,\"publisher\":{\"@id\":\"https:\/\/experienciadevida.com.ar\/portalurbano\/#organization\"},\"articleSection\":[\"Ciudad\",\"Destacadas 2\"],\"inLanguage\":\"es\"},{\"@type\":\"WebPage\",\"@id\":\"https:\/\/experienciadevida.com.ar\/portalurbano\/la-prioridad-de-todos-es-mejorar-el-servicio-de-justicia\/\",\"url\":\"https:\/\/experienciadevida.com.ar\/portalurbano\/la-prioridad-de-todos-es-mejorar-el-servicio-de-justicia\/\",\"name\":\"\\\"La prioridad de todos es mejorar el servicio de justicia\\\"\",\"isPartOf\":{\"@id\":\"https:\/\/experienciadevida.com.ar\/portalurbano\/#website\"},\"datePublished\":\"2021-02-22T20:33:29+00:00\",\"dateModified\":\"2021-02-22T20:35:55+00:00\",\"description\":\"La prioridad de todos es mejorar el servicio de justicia, Gaston Argeri junto a autoridades del Consejo Directivo recibi\u00f3 al Ministro.\",\"breadcrumb\":{\"@id\":\"https:\/\/experienciadevida.com.ar\/portalurbano\/la-prioridad-de-todos-es-mejorar-el-servicio-de-justicia\/#breadcrumb\"},\"inLanguage\":\"es\",\"potentialAction\":[{\"@type\":\"ReadAction\",\"target\":[\"https:\/\/experienciadevida.com.ar\/portalurbano\/la-prioridad-de-todos-es-mejorar-el-servicio-de-justicia\/\"]}]},{\"@type\":\"BreadcrumbList\",\"@id\":\"https:\/\/experienciadevida.com.ar\/portalurbano\/la-prioridad-de-todos-es-mejorar-el-servicio-de-justicia\/#breadcrumb\",\"itemListElement\":[{\"@type\":\"ListItem\",\"position\":1,\"name\":\"Portada\",\"item\":\"https:\/\/experienciadevida.com.ar\/portalurbano\/\"},{\"@type\":\"ListItem\",\"position\":2,\"name\":\"\u00abLa prioridad de todos es mejorar el servicio de justicia\u00bb\"}]},{\"@type\":\"WebSite\",\"@id\":\"https:\/\/experienciadevida.com.ar\/portalurbano\/#website\",\"url\":\"https:\/\/experienciadevida.com.ar\/portalurbano\/\",\"name\":\"\",\"description\":\"\",\"publisher\":{\"@id\":\"https:\/\/experienciadevida.com.ar\/portalurbano\/#organization\"},\"potentialAction\":[{\"@type\":\"SearchAction\",\"target\":{\"@type\":\"EntryPoint\",\"urlTemplate\":\"https:\/\/experienciadevida.com.ar\/portalurbano\/?s={search_term_string}\"},\"query-input\":\"required name=search_term_string\"}],\"inLanguage\":\"es\"},{\"@type\":\"Organization\",\"@id\":\"https:\/\/experienciadevida.com.ar\/portalurbano\/#organization\",\"name\":\"Portal Urbano\",\"url\":\"https:\/\/experienciadevida.com.ar\/portalurbano\/\",\"logo\":{\"@type\":\"ImageObject\",\"inLanguage\":\"es\",\"@id\":\"https:\/\/experienciadevida.com.ar\/portalurbano\/#\/schema\/logo\/image\/\",\"url\":\"https:\/\/experienciadevida.com.ar\/portalurbano\/wp-content\/uploads\/2019\/09\/Logo-Original.png\",\"contentUrl\":\"https:\/\/experienciadevida.com.ar\/portalurbano\/wp-content\/uploads\/2019\/09\/Logo-Original.png\",\"width\":2236,\"height\":1216,\"caption\":\"Portal Urbano\"},\"image\":{\"@id\":\"https:\/\/experienciadevida.com.ar\/portalurbano\/#\/schema\/logo\/image\/\"},\"sameAs\":[\"https:\/\/www.facebook.com\/Portal-Urbano-171542830093757\/\",\"https:\/\/twitter.com\/portalurbanook\",\"https:\/\/www.instagram.com\/_portalurbano\/\",\"https:\/\/www.youtube.com\/channel\/UCXhagIfszH8KxFiOok79zbA?view_as=subscriber\"]},{\"@type\":\"Person\",\"@id\":\"https:\/\/experienciadevida.com.ar\/portalurbano\/#\/schema\/person\/02dd326b1c4b056e9cc972486934a3a7\",\"name\":\"admpu17wp\",\"image\":{\"@type\":\"ImageObject\",\"inLanguage\":\"es\",\"@id\":\"https:\/\/experienciadevida.com.ar\/portalurbano\/#\/schema\/person\/image\/\",\"url\":\"https:\/\/secure.gravatar.com\/avatar\/830d4c57adaae6630765e449a6908047?s=96&d=mm&r=g\",\"contentUrl\":\"https:\/\/secure.gravatar.com\/avatar\/830d4c57adaae6630765e449a6908047?s=96&d=mm&r=g\",\"caption\":\"admpu17wp\"}}]}<\/script>\n<!-- \/ Yoast SEO plugin. -->","yoast_head_json":{"title":"\"La prioridad de todos es mejorar el servicio de justicia\"","description":"La prioridad de todos es mejorar el servicio de justicia, Gaston Argeri junto a autoridades del Consejo Directivo recibi\u00f3 al Ministro.","robots":{"index":"index","follow":"follow","max-snippet":"max-snippet:-1","max-image-preview":"max-image-preview:large","max-video-preview":"max-video-preview:-1"},"canonical":"https:\/\/experienciadevida.com.ar\/portalurbano\/la-prioridad-de-todos-es-mejorar-el-servicio-de-justicia\/","og_locale":"es_ES","og_type":"article","og_title":"\"La prioridad de todos es mejorar el servicio de justicia\"","og_description":"La prioridad de todos es mejorar el servicio de justicia, Gaston Argeri junto a autoridades del Consejo Directivo recibi\u00f3 al Ministro.","og_url":"https:\/\/experienciadevida.com.ar\/portalurbano\/la-prioridad-de-todos-es-mejorar-el-servicio-de-justicia\/","article_publisher":"https:\/\/www.facebook.com\/Portal-Urbano-171542830093757\/","article_published_time":"2021-02-22T20:33:29+00:00","article_modified_time":"2021-02-22T20:35:55+00:00","og_image":[{"width":1280,"height":960,"url":"https:\/\/experienciadevida.com.ar\/portalurbano\/wp-content\/uploads\/2021\/02\/La-prioridad-de-todos.jpg","type":"image\/jpeg"}],"author":"admpu17wp","twitter_card":"summary_large_image","twitter_creator":"@portalurbanook","twitter_site":"@portalurbanook","twitter_misc":{"Escrito por":"admpu17wp","Tiempo de lectura":"2 minutos"},"schema":{"@context":"https:\/\/schema.org","@graph":[{"@type":"Article","@id":"https:\/\/experienciadevida.com.ar\/portalurbano\/la-prioridad-de-todos-es-mejorar-el-servicio-de-justicia\/#article","isPartOf":{"@id":"https:\/\/experienciadevida.com.ar\/portalurbano\/la-prioridad-de-todos-es-mejorar-el-servicio-de-justicia\/"},"author":{"name":"admpu17wp","@id":"https:\/\/experienciadevida.com.ar\/portalurbano\/#\/schema\/person\/02dd326b1c4b056e9cc972486934a3a7"},"headline":"&#8220;La prioridad de todos es mejorar el servicio de justicia&#8221;","datePublished":"2021-02-22T20:33:29+00:00","dateModified":"2021-02-22T20:35:55+00:00","mainEntityOfPage":{"@id":"https:\/\/experienciadevida.com.ar\/portalurbano\/la-prioridad-de-todos-es-mejorar-el-servicio-de-justicia\/"},"wordCount":480,"publisher":{"@id":"https:\/\/experienciadevida.com.ar\/portalurbano\/#organization"},"articleSection":["Ciudad","Destacadas 2"],"inLanguage":"es"},{"@type":"WebPage","@id":"https:\/\/experienciadevida.com.ar\/portalurbano\/la-prioridad-de-todos-es-mejorar-el-servicio-de-justicia\/","url":"https:\/\/experienciadevida.com.ar\/portalurbano\/la-prioridad-de-todos-es-mejorar-el-servicio-de-justicia\/","name":"\"La prioridad de todos es mejorar el servicio de justicia\"","isPartOf":{"@id":"https:\/\/experienciadevida.com.ar\/portalurbano\/#website"},"datePublished":"2021-02-22T20:33:29+00:00","dateModified":"2021-02-22T20:35:55+00:00","description":"La prioridad de todos es mejorar el servicio de justicia, Gaston Argeri junto a autoridades del Consejo Directivo recibi\u00f3 al Ministro.","breadcrumb":{"@id":"https:\/\/experienciadevida.com.ar\/portalurbano\/la-prioridad-de-todos-es-mejorar-el-servicio-de-justicia\/#breadcrumb"},"inLanguage":"es","potentialAction":[{"@type":"ReadAction","target":["https:\/\/experienciadevida.com.ar\/portalurbano\/la-prioridad-de-todos-es-mejorar-el-servicio-de-justicia\/"]}]},{"@type":"BreadcrumbList","@id":"https:\/\/experienciadevida.com.ar\/portalurbano\/la-prioridad-de-todos-es-mejorar-el-servicio-de-justicia\/#breadcrumb","itemListElement":[{"@type":"ListItem","position":1,"name":"Portada","item":"https:\/\/experienciadevida.com.ar\/portalurbano\/"},{"@type":"ListItem","position":2,"name":"\u00abLa prioridad de todos es mejorar el servicio de justicia\u00bb"}]},{"@type":"WebSite","@id":"https:\/\/experienciadevida.com.ar\/portalurbano\/#website","url":"https:\/\/experienciadevida.com.ar\/portalurbano\/","name":"","description":"","publisher":{"@id":"https:\/\/experienciadevida.com.ar\/portalurbano\/#organization"},"potentialAction":[{"@type":"SearchAction","target":{"@type":"EntryPoint","urlTemplate":"https:\/\/experienciadevida.com.ar\/portalurbano\/?s={search_term_string}"},"query-input":"required name=search_term_string"}],"inLanguage":"es"},{"@type":"Organization","@id":"https:\/\/experienciadevida.com.ar\/portalurbano\/#organization","name":"Portal Urbano","url":"https:\/\/experienciadevida.com.ar\/portalurbano\/","logo":{"@type":"ImageObject","inLanguage":"es","@id":"https:\/\/experienciadevida.com.ar\/portalurbano\/#\/schema\/logo\/image\/","url":"https:\/\/experienciadevida.com.ar\/portalurbano\/wp-content\/uploads\/2019\/09\/Logo-Original.png","contentUrl":"https:\/\/experienciadevida.com.ar\/portalurbano\/wp-content\/uploads\/2019\/09\/Logo-Original.png","width":2236,"height":1216,"caption":"Portal Urbano"},"image":{"@id":"https:\/\/experienciadevida.com.ar\/portalurbano\/#\/schema\/logo\/image\/"},"sameAs":["https:\/\/www.facebook.com\/Portal-Urbano-171542830093757\/","https:\/\/twitter.com\/portalurbanook","https:\/\/www.instagram.com\/_portalurbano\/","https:\/\/www.youtube.com\/channel\/UCXhagIfszH8KxFiOok79zbA?view_as=subscriber"]},{"@type":"Person","@id":"https:\/\/experienciadevida.com.ar\/portalurbano\/#\/schema\/person\/02dd326b1c4b056e9cc972486934a3a7","name":"admpu17wp","image":{"@type":"ImageObject","inLanguage":"es","@id":"https:\/\/experienciadevida.com.ar\/portalurbano\/#\/schema\/person\/image\/","url":"https:\/\/secure.gravatar.com\/avatar\/830d4c57adaae6630765e449a6908047?s=96&d=mm&r=g","contentUrl":"https:\/\/secure.gravatar.com\/avatar\/830d4c57adaae6630765e449a6908047?s=96&d=mm&r=g","caption":"admpu17wp"}}]}},"featured_image_urls":{"full":["https:\/\/experienciadevida.com.ar\/portalurbano\/wp-content\/uploads\/2021\/02\/La-prioridad-de-todos.jpg",1280,960,false],"thumbnail":["https:\/\/experienciadevida.com.ar\/portalurbano\/wp-content\/uploads\/2021\/02\/La-prioridad-de-todos-150x150.jpg",150,150,true],"medium":["https:\/\/experienciadevida.com.ar\/portalurbano\/wp-content\/uploads\/2021\/02\/La-prioridad-de-todos-300x225.jpg",300,225,true],"medium_large":["https:\/\/experienciadevida.com.ar\/portalurbano\/wp-content\/uploads\/2021\/02\/La-prioridad-de-todos-768x576.jpg",640,480,true],"large":["https:\/\/experienciadevida.com.ar\/portalurbano\/wp-content\/uploads\/2021\/02\/La-prioridad-de-todos-1024x768.jpg",640,480,true],"ug_big":["https:\/\/experienciadevida.com.ar\/portalurbano\/wp-content\/uploads\/2021\/02\/La-prioridad-de-todos-768x576.jpg",768,576,true],"1536x1536":["https:\/\/experienciadevida.com.ar\/portalurbano\/wp-content\/uploads\/2021\/02\/La-prioridad-de-todos.jpg",1280,960,false],"2048x2048":["https:\/\/experienciadevida.com.ar\/portalurbano\/wp-content\/uploads\/2021\/02\/La-prioridad-de-todos.jpg",1280,960,false],"newsever-slider-full":["https:\/\/experienciadevida.com.ar\/portalurbano\/wp-content\/uploads\/2021\/02\/La-prioridad-de-todos.jpg",1127,845,false],"newsever-featured":["https:\/\/experienciadevida.com.ar\/portalurbano\/wp-content\/uploads\/2021\/02\/La-prioridad-de-todos.jpg",1024,768,false],"newsever-medium":["https:\/\/experienciadevida.com.ar\/portalurbano\/wp-content\/uploads\/2021\/02\/La-prioridad-de-todos.jpg",633,475,false],"web-stories-poster-portrait":["https:\/\/experienciadevida.com.ar\/portalurbano\/wp-content\/uploads\/2021\/02\/La-prioridad-de-todos.jpg",640,480,false],"web-stories-publisher-logo":["https:\/\/experienciadevida.com.ar\/portalurbano\/wp-content\/uploads\/2021\/02\/La-prioridad-de-todos.jpg",96,72,false],"web-stories-thumbnail":["https:\/\/experienciadevida.com.ar\/portalurbano\/wp-content\/uploads\/2021\/02\/La-prioridad-de-todos.jpg",150,113,false]},"author_info":{"display_name":"admpu17wp","author_link":"https:\/\/experienciadevida.com.ar\/portalurbano\/author\/admpu17wp\/"},"category_info":"<a href=\"https:\/\/experienciadevida.com.ar\/portalurbano\/category\/ciudad\/\" rel=\"category tag\">Ciudad<\/a> <a href=\"https:\/\/experienciadevida.com.ar\/portalurbano\/category\/destacadas-2\/\" rel=\"category tag\">Destacadas 2<\/a>","tag_info":"Destacadas 2","comment_count":"0","amp_enabled":true,"_links":{"self":[{"href":"https:\/\/experienciadevida.com.ar\/portalurbano\/wp-json\/wp\/v2\/posts\/135753"}],"collection":[{"href":"https:\/\/experienciadevida.com.ar\/portalurbano\/wp-json\/wp\/v2\/posts"}],"about":[{"href":"https:\/\/experienciadevida.com.ar\/portalurbano\/wp-json\/wp\/v2\/types\/post"}],"author":[{"embeddable":true,"href":"https:\/\/experienciadevida.com.ar\/portalurbano\/wp-json\/wp\/v2\/users\/1"}],"replies":[{"embeddable":true,"href":"https:\/\/experienciadevida.com.ar\/portalurbano\/wp-json\/wp\/v2\/comments?post=135753"}],"version-history":[{"count":2,"href":"https:\/\/experienciadevida.com.ar\/portalurbano\/wp-json\/wp\/v2\/posts\/135753\/revisions"}],"predecessor-version":[{"id":135756,"href":"https:\/\/experienciadevida.com.ar\/portalurbano\/wp-json\/wp\/v2\/posts\/135753\/revisions\/135756"}],"wp:featuredmedia":[{"embeddable":true,"href":"https:\/\/experienciadevida.com.ar\/portalurbano\/wp-json\/wp\/v2\/media\/135754"}],"wp:attachment":[{"href":"https:\/\/experienciadevida.com.ar\/portalurbano\/wp-json\/wp\/v2\/media?parent=135753"}],"wp:term":[{"taxonomy":"category","embeddable":true,"href":"https:\/\/experienciadevida.com.ar\/portalurbano\/wp-json\/wp\/v2\/categories?post=135753"},{"taxonomy":"post_tag","embeddable":true,"href":"https:\/\/experienciadevida.com.ar\/portalurbano\/wp-json\/wp\/v2\/tags?post=135753"}],"curies":[{"name":"wp","href":"https:\/\/api.w.org\/{rel}","templated":true}]}}