{"id":135703,"date":"2021-02-22T10:50:31","date_gmt":"2021-02-22T13:50:31","guid":{"rendered":"https:\/\/experienciadevida.com.ar\/portalurbano\/?p=135703"},"modified":"2021-02-22T10:56:11","modified_gmt":"2021-02-22T13:56:11","slug":"celeste-arouxet-sobre-la-vacunacion-vip-vamos-a-solicitar-un-informe-sobre-la-vacunacion-en-olavarria","status":"publish","type":"post","link":"https:\/\/experienciadevida.com.ar\/portalurbano\/celeste-arouxet-sobre-la-vacunacion-vip-vamos-a-solicitar-un-informe-sobre-la-vacunacion-en-olavarria\/","title":{"rendered":"Celeste Arouxet sobre la vacunaci\u00f3n VIP: &#8220;Vamos a solicitar un informe sobre la vacunaci\u00f3n en Olavarr\u00eda&#8221;"},"content":{"rendered":"<p><a href=\"https:\/\/www.facebook.com\/celeste.arouxet\">Celeste Arouxet<\/a> sobre la vacunaci\u00f3n VIP: &#8220;<em>Vamos a solicitar un informe sobre la vacunaci\u00f3n en Olavarr\u00eda&#8221;<\/em>, adem\u00e1s habl\u00f3 sobre la interna Radical en nuestra ciudad.<\/p>\n<p>&#8220;<em>Cada uno opina del radicalismo desde su lugar, nosotros por nuestro lado seguimos apoyando a Franco que es parte del\u00a0 grupo de nuestro trabajo. Creo que la militancia se demuestra con los hechos, actos y lo que nosotros queremos demostrar a la hora de poder ganar una interna y poder darle al Partido Radical todo lo que se merece que hoy por ah\u00ed en nuestra sociedad est\u00e1 un poco ausente&#8221;.<\/em><\/p>\n<p>Por otro lado coment\u00f3 <em>&#8220;nosotros estamos en la lista que apoyamos a Maxi Abad despu\u00e9s est\u00e1 la lista de Franco Cominotto y hay una tercera lista. A veces se mezclan las cosas\u00a0 y nosotros estamos hablando de una interna radical en cuanto a un comit\u00e9 y en la reestructuraci\u00f3n de un partido ac\u00e1 en Olavarr\u00eda y no estamos pensando en la Legislativa como lo decimos siempre&#8221;.<\/em><\/p>\n<p><em>&#8220;Ac\u00e1 hablamos de una interna radical donde seguramente esperemos que despu\u00e9s de esta interna trabajemos todos juntos para el radicalismo, pero ac\u00e1 nadie est\u00e1 mencionando puestos, trabajamos por otra cosa que\u00a0 a veces no se entiende,\u00a0 vamos a lo que es el Partido despu\u00e9s se ver\u00e1 que pasa en los acuerdos legislativos pero en nuestro caso no tiene nada que ver con lo que estamos realizando ahora en la interna, alguien va a ganar una Presidencia&#8221;.<\/em><\/p>\n<p>A su vez mencion\u00f3 <em>&#8220;todos los que pasamos por el comit\u00e9 sabemos que las cosas no se han hecho bien porque sino hoy estar\u00edamos todos juntos y el radicalismo tendr\u00eda otra posici\u00f3n en la ciudad,\u00a0 creo que es momento de sentarnos a trabajar para la gente. No presentarnos en una interna para buscar puestos a nivel pol\u00edtico sino trabajar para la gente&#8221;.<\/em><\/p>\n<p>Celeste Arouxet sobre la vacunaci\u00f3n VIP dijo &#8220;<em>yo no me vacun\u00e9, siempre decimos que la pol\u00edtica es una parte de la sociedad y parte del ego\u00edsmo que nos est\u00e1 rodeando hoy en d\u00eda es en el tema de la vacunaci\u00f3n cuando hay tanta gente que en realidad la necesita, se est\u00e1n manejando muy mal las cosas, eso demuestra m\u00e1s como estamos como sociedad&#8221;.<\/em><\/p>\n<p><em>&#8220;Desde nuestro espacio a nivel local vamos a pedir un pedido de informes sobre la vacunaci\u00f3n en Olavarr\u00eda, porque creemos que son datos que deben mostrarse, cada vacuna colocada debe ser informada\u00a0 \u00a0a la sociedad para que no surjan dudas de nada y sea p\u00fablico. Todos tenemos derecho a saber quien se la aplica, hay personas que realmente la necesitan&#8221;.<\/em><\/p>\n<p>Adem\u00e1s<em> &#8220;si todo es transparente, que brinden un listado sobre a\u00a0 qui\u00e9n se le asign\u00f3 y el n\u00famero de vacunas. En febrero empezamos a trabajar con diferentes pedidos de informes. Yo creo que lo que pas\u00f3 en Buenos Aires tambi\u00e9n repercute ac\u00e1 en Olavarr\u00eda&#8221;.<\/em><\/p>\n<p>&#8220;<em>La mejor forma es tener un registro p\u00fablico, es algo muy serio&#8221;<\/em> finaliz\u00f3.<\/p>\n<p>Fuente: Cadena 103<\/p>\n","protected":false},"excerpt":{"rendered":"<p>Celeste Arouxet sobre la vacunaci\u00f3n VIP: &#8220;Vamos a solicitar un informe sobre la vacunaci\u00f3n en&#8230;<\/p>\n","protected":false},"author":1,"featured_media":120914,"comment_status":"closed","ping_status":"closed","sticky":false,"template":"","format":"standard","meta":{"content-type":""},"categories":[51,43],"tags":[],"nelio_content":{"isAutoShareEnabled":false,"autoShareEndMode":"default","automationSources":{"useContentSentences":true,"useSocialTemplates":true,"useCustomSentences":false,"customSentences":[]},"followers":[1],"suggestedReferences":[],"includedReferences":[],"efiUrl":"","efiAlt":"","highlights":[]},"yoast_head":"<!-- This site is optimized with the Yoast SEO plugin v20.7 - https:\/\/yoast.com\/wordpress\/plugins\/seo\/ -->\n<title>Celeste Arouxet sobre la vacunaci\u00f3n VIP: &quot;Vamos a solicitar un informe&quot;<\/title>\n<meta name=\"description\" content=\"Celeste Arouxet sobre la vacunaci\u00f3n VIP: &quot;Vamos a solicitar un informe sobre la vacunaci\u00f3n en Olavarr\u00eda&quot;, habl\u00f3 sobre la interna Radical\" \/>\n<meta name=\"robots\" content=\"index, follow, max-snippet:-1, max-image-preview:large, max-video-preview:-1\" \/>\n<link rel=\"canonical\" href=\"https:\/\/experienciadevida.com.ar\/portalurbano\/celeste-arouxet-sobre-la-vacunacion-vip-vamos-a-solicitar-un-informe-sobre-la-vacunacion-en-olavarria\/\" \/>\n<meta property=\"og:locale\" content=\"es_ES\" \/>\n<meta property=\"og:type\" content=\"article\" \/>\n<meta property=\"og:title\" content=\"Celeste Arouxet sobre la vacunaci\u00f3n VIP: &quot;Vamos a solicitar un informe&quot;\" \/>\n<meta property=\"og:description\" content=\"Celeste Arouxet sobre la vacunaci\u00f3n VIP: &quot;Vamos a solicitar un informe sobre la vacunaci\u00f3n en Olavarr\u00eda&quot;, habl\u00f3 sobre la interna Radical\" \/>\n<meta property=\"og:url\" content=\"https:\/\/experienciadevida.com.ar\/portalurbano\/celeste-arouxet-sobre-la-vacunacion-vip-vamos-a-solicitar-un-informe-sobre-la-vacunacion-en-olavarria\/\" \/>\n<meta property=\"article:publisher\" content=\"https:\/\/www.facebook.com\/Portal-Urbano-171542830093757\/\" \/>\n<meta property=\"article:published_time\" content=\"2021-02-22T13:50:31+00:00\" \/>\n<meta property=\"article:modified_time\" content=\"2021-02-22T13:56:11+00:00\" \/>\n<meta property=\"og:image\" content=\"https:\/\/experienciadevida.com.ar\/portalurbano\/wp-content\/uploads\/2020\/09\/Celeste-Arouxet.png\" \/>\n\t<meta property=\"og:image:width\" content=\"765\" \/>\n\t<meta property=\"og:image:height\" content=\"583\" \/>\n\t<meta property=\"og:image:type\" content=\"image\/png\" \/>\n<meta name=\"author\" content=\"admpu17wp\" \/>\n<meta name=\"twitter:card\" content=\"summary_large_image\" \/>\n<meta name=\"twitter:creator\" content=\"@portalurbanook\" \/>\n<meta name=\"twitter:site\" content=\"@portalurbanook\" \/>\n<meta name=\"twitter:label1\" content=\"Escrito por\" \/>\n\t<meta name=\"twitter:data1\" content=\"admpu17wp\" \/>\n\t<meta name=\"twitter:label2\" content=\"Tiempo de lectura\" \/>\n\t<meta name=\"twitter:data2\" content=\"3 minutos\" \/>\n<script type=\"application\/ld+json\" class=\"yoast-schema-graph\">{\"@context\":\"https:\/\/schema.org\",\"@graph\":[{\"@type\":\"Article\",\"@id\":\"https:\/\/experienciadevida.com.ar\/portalurbano\/celeste-arouxet-sobre-la-vacunacion-vip-vamos-a-solicitar-un-informe-sobre-la-vacunacion-en-olavarria\/#article\",\"isPartOf\":{\"@id\":\"https:\/\/experienciadevida.com.ar\/portalurbano\/celeste-arouxet-sobre-la-vacunacion-vip-vamos-a-solicitar-un-informe-sobre-la-vacunacion-en-olavarria\/\"},\"author\":{\"name\":\"admpu17wp\",\"@id\":\"https:\/\/experienciadevida.com.ar\/portalurbano\/#\/schema\/person\/02dd326b1c4b056e9cc972486934a3a7\"},\"headline\":\"Celeste Arouxet sobre la vacunaci\u00f3n VIP: &#8220;Vamos a solicitar un informe sobre la vacunaci\u00f3n en Olavarr\u00eda&#8221;\",\"datePublished\":\"2021-02-22T13:50:31+00:00\",\"dateModified\":\"2021-02-22T13:56:11+00:00\",\"mainEntityOfPage\":{\"@id\":\"https:\/\/experienciadevida.com.ar\/portalurbano\/celeste-arouxet-sobre-la-vacunacion-vip-vamos-a-solicitar-un-informe-sobre-la-vacunacion-en-olavarria\/\"},\"wordCount\":529,\"publisher\":{\"@id\":\"https:\/\/experienciadevida.com.ar\/portalurbano\/#organization\"},\"articleSection\":[\"Destacadas\",\"Pol\u00edtica\"],\"inLanguage\":\"es\"},{\"@type\":\"WebPage\",\"@id\":\"https:\/\/experienciadevida.com.ar\/portalurbano\/celeste-arouxet-sobre-la-vacunacion-vip-vamos-a-solicitar-un-informe-sobre-la-vacunacion-en-olavarria\/\",\"url\":\"https:\/\/experienciadevida.com.ar\/portalurbano\/celeste-arouxet-sobre-la-vacunacion-vip-vamos-a-solicitar-un-informe-sobre-la-vacunacion-en-olavarria\/\",\"name\":\"Celeste Arouxet sobre la vacunaci\u00f3n VIP: \\\"Vamos a solicitar un informe\\\"\",\"isPartOf\":{\"@id\":\"https:\/\/experienciadevida.com.ar\/portalurbano\/#website\"},\"datePublished\":\"2021-02-22T13:50:31+00:00\",\"dateModified\":\"2021-02-22T13:56:11+00:00\",\"description\":\"Celeste Arouxet sobre la vacunaci\u00f3n VIP: \\\"Vamos a solicitar un informe sobre la vacunaci\u00f3n en Olavarr\u00eda\\\", habl\u00f3 sobre la interna Radical\",\"breadcrumb\":{\"@id\":\"https:\/\/experienciadevida.com.ar\/portalurbano\/celeste-arouxet-sobre-la-vacunacion-vip-vamos-a-solicitar-un-informe-sobre-la-vacunacion-en-olavarria\/#breadcrumb\"},\"inLanguage\":\"es\",\"potentialAction\":[{\"@type\":\"ReadAction\",\"target\":[\"https:\/\/experienciadevida.com.ar\/portalurbano\/celeste-arouxet-sobre-la-vacunacion-vip-vamos-a-solicitar-un-informe-sobre-la-vacunacion-en-olavarria\/\"]}]},{\"@type\":\"BreadcrumbList\",\"@id\":\"https:\/\/experienciadevida.com.ar\/portalurbano\/celeste-arouxet-sobre-la-vacunacion-vip-vamos-a-solicitar-un-informe-sobre-la-vacunacion-en-olavarria\/#breadcrumb\",\"itemListElement\":[{\"@type\":\"ListItem\",\"position\":1,\"name\":\"Portada\",\"item\":\"https:\/\/experienciadevida.com.ar\/portalurbano\/\"},{\"@type\":\"ListItem\",\"position\":2,\"name\":\"Celeste Arouxet sobre la vacunaci\u00f3n VIP: \u00abVamos a solicitar un informe sobre la vacunaci\u00f3n en Olavarr\u00eda\u00bb\"}]},{\"@type\":\"WebSite\",\"@id\":\"https:\/\/experienciadevida.com.ar\/portalurbano\/#website\",\"url\":\"https:\/\/experienciadevida.com.ar\/portalurbano\/\",\"name\":\"\",\"description\":\"\",\"publisher\":{\"@id\":\"https:\/\/experienciadevida.com.ar\/portalurbano\/#organization\"},\"potentialAction\":[{\"@type\":\"SearchAction\",\"target\":{\"@type\":\"EntryPoint\",\"urlTemplate\":\"https:\/\/experienciadevida.com.ar\/portalurbano\/?s={search_term_string}\"},\"query-input\":\"required name=search_term_string\"}],\"inLanguage\":\"es\"},{\"@type\":\"Organization\",\"@id\":\"https:\/\/experienciadevida.com.ar\/portalurbano\/#organization\",\"name\":\"Portal Urbano\",\"url\":\"https:\/\/experienciadevida.com.ar\/portalurbano\/\",\"logo\":{\"@type\":\"ImageObject\",\"inLanguage\":\"es\",\"@id\":\"https:\/\/experienciadevida.com.ar\/portalurbano\/#\/schema\/logo\/image\/\",\"url\":\"https:\/\/experienciadevida.com.ar\/portalurbano\/wp-content\/uploads\/2019\/09\/Logo-Original.png\",\"contentUrl\":\"https:\/\/experienciadevida.com.ar\/portalurbano\/wp-content\/uploads\/2019\/09\/Logo-Original.png\",\"width\":2236,\"height\":1216,\"caption\":\"Portal Urbano\"},\"image\":{\"@id\":\"https:\/\/experienciadevida.com.ar\/portalurbano\/#\/schema\/logo\/image\/\"},\"sameAs\":[\"https:\/\/www.facebook.com\/Portal-Urbano-171542830093757\/\",\"https:\/\/twitter.com\/portalurbanook\",\"https:\/\/www.instagram.com\/_portalurbano\/\",\"https:\/\/www.youtube.com\/channel\/UCXhagIfszH8KxFiOok79zbA?view_as=subscriber\"]},{\"@type\":\"Person\",\"@id\":\"https:\/\/experienciadevida.com.ar\/portalurbano\/#\/schema\/person\/02dd326b1c4b056e9cc972486934a3a7\",\"name\":\"admpu17wp\",\"image\":{\"@type\":\"ImageObject\",\"inLanguage\":\"es\",\"@id\":\"https:\/\/experienciadevida.com.ar\/portalurbano\/#\/schema\/person\/image\/\",\"url\":\"https:\/\/secure.gravatar.com\/avatar\/830d4c57adaae6630765e449a6908047?s=96&d=mm&r=g\",\"contentUrl\":\"https:\/\/secure.gravatar.com\/avatar\/830d4c57adaae6630765e449a6908047?s=96&d=mm&r=g\",\"caption\":\"admpu17wp\"}}]}<\/script>\n<!-- \/ Yoast SEO plugin. -->","yoast_head_json":{"title":"Celeste Arouxet sobre la vacunaci\u00f3n VIP: \"Vamos a solicitar un informe\"","description":"Celeste Arouxet sobre la vacunaci\u00f3n VIP: \"Vamos a solicitar un informe sobre la vacunaci\u00f3n en Olavarr\u00eda\", habl\u00f3 sobre la interna Radical","robots":{"index":"index","follow":"follow","max-snippet":"max-snippet:-1","max-image-preview":"max-image-preview:large","max-video-preview":"max-video-preview:-1"},"canonical":"https:\/\/experienciadevida.com.ar\/portalurbano\/celeste-arouxet-sobre-la-vacunacion-vip-vamos-a-solicitar-un-informe-sobre-la-vacunacion-en-olavarria\/","og_locale":"es_ES","og_type":"article","og_title":"Celeste Arouxet sobre la vacunaci\u00f3n VIP: \"Vamos a solicitar un informe\"","og_description":"Celeste Arouxet sobre la vacunaci\u00f3n VIP: \"Vamos a solicitar un informe sobre la vacunaci\u00f3n en Olavarr\u00eda\", habl\u00f3 sobre la interna Radical","og_url":"https:\/\/experienciadevida.com.ar\/portalurbano\/celeste-arouxet-sobre-la-vacunacion-vip-vamos-a-solicitar-un-informe-sobre-la-vacunacion-en-olavarria\/","article_publisher":"https:\/\/www.facebook.com\/Portal-Urbano-171542830093757\/","article_published_time":"2021-02-22T13:50:31+00:00","article_modified_time":"2021-02-22T13:56:11+00:00","og_image":[{"width":765,"height":583,"url":"https:\/\/experienciadevida.com.ar\/portalurbano\/wp-content\/uploads\/2020\/09\/Celeste-Arouxet.png","type":"image\/png"}],"author":"admpu17wp","twitter_card":"summary_large_image","twitter_creator":"@portalurbanook","twitter_site":"@portalurbanook","twitter_misc":{"Escrito por":"admpu17wp","Tiempo de lectura":"3 minutos"},"schema":{"@context":"https:\/\/schema.org","@graph":[{"@type":"Article","@id":"https:\/\/experienciadevida.com.ar\/portalurbano\/celeste-arouxet-sobre-la-vacunacion-vip-vamos-a-solicitar-un-informe-sobre-la-vacunacion-en-olavarria\/#article","isPartOf":{"@id":"https:\/\/experienciadevida.com.ar\/portalurbano\/celeste-arouxet-sobre-la-vacunacion-vip-vamos-a-solicitar-un-informe-sobre-la-vacunacion-en-olavarria\/"},"author":{"name":"admpu17wp","@id":"https:\/\/experienciadevida.com.ar\/portalurbano\/#\/schema\/person\/02dd326b1c4b056e9cc972486934a3a7"},"headline":"Celeste Arouxet sobre la vacunaci\u00f3n VIP: &#8220;Vamos a solicitar un informe sobre la vacunaci\u00f3n en Olavarr\u00eda&#8221;","datePublished":"2021-02-22T13:50:31+00:00","dateModified":"2021-02-22T13:56:11+00:00","mainEntityOfPage":{"@id":"https:\/\/experienciadevida.com.ar\/portalurbano\/celeste-arouxet-sobre-la-vacunacion-vip-vamos-a-solicitar-un-informe-sobre-la-vacunacion-en-olavarria\/"},"wordCount":529,"publisher":{"@id":"https:\/\/experienciadevida.com.ar\/portalurbano\/#organization"},"articleSection":["Destacadas","Pol\u00edtica"],"inLanguage":"es"},{"@type":"WebPage","@id":"https:\/\/experienciadevida.com.ar\/portalurbano\/celeste-arouxet-sobre-la-vacunacion-vip-vamos-a-solicitar-un-informe-sobre-la-vacunacion-en-olavarria\/","url":"https:\/\/experienciadevida.com.ar\/portalurbano\/celeste-arouxet-sobre-la-vacunacion-vip-vamos-a-solicitar-un-informe-sobre-la-vacunacion-en-olavarria\/","name":"Celeste Arouxet sobre la vacunaci\u00f3n VIP: \"Vamos a solicitar un informe\"","isPartOf":{"@id":"https:\/\/experienciadevida.com.ar\/portalurbano\/#website"},"datePublished":"2021-02-22T13:50:31+00:00","dateModified":"2021-02-22T13:56:11+00:00","description":"Celeste Arouxet sobre la vacunaci\u00f3n VIP: \"Vamos a solicitar un informe sobre la vacunaci\u00f3n en Olavarr\u00eda\", habl\u00f3 sobre la interna Radical","breadcrumb":{"@id":"https:\/\/experienciadevida.com.ar\/portalurbano\/celeste-arouxet-sobre-la-vacunacion-vip-vamos-a-solicitar-un-informe-sobre-la-vacunacion-en-olavarria\/#breadcrumb"},"inLanguage":"es","potentialAction":[{"@type":"ReadAction","target":["https:\/\/experienciadevida.com.ar\/portalurbano\/celeste-arouxet-sobre-la-vacunacion-vip-vamos-a-solicitar-un-informe-sobre-la-vacunacion-en-olavarria\/"]}]},{"@type":"BreadcrumbList","@id":"https:\/\/experienciadevida.com.ar\/portalurbano\/celeste-arouxet-sobre-la-vacunacion-vip-vamos-a-solicitar-un-informe-sobre-la-vacunacion-en-olavarria\/#breadcrumb","itemListElement":[{"@type":"ListItem","position":1,"name":"Portada","item":"https:\/\/experienciadevida.com.ar\/portalurbano\/"},{"@type":"ListItem","position":2,"name":"Celeste Arouxet sobre la vacunaci\u00f3n VIP: \u00abVamos a solicitar un informe sobre la vacunaci\u00f3n en Olavarr\u00eda\u00bb"}]},{"@type":"WebSite","@id":"https:\/\/experienciadevida.com.ar\/portalurbano\/#website","url":"https:\/\/experienciadevida.com.ar\/portalurbano\/","name":"","description":"","publisher":{"@id":"https:\/\/experienciadevida.com.ar\/portalurbano\/#organization"},"potentialAction":[{"@type":"SearchAction","target":{"@type":"EntryPoint","urlTemplate":"https:\/\/experienciadevida.com.ar\/portalurbano\/?s={search_term_string}"},"query-input":"required name=search_term_string"}],"inLanguage":"es"},{"@type":"Organization","@id":"https:\/\/experienciadevida.com.ar\/portalurbano\/#organization","name":"Portal Urbano","url":"https:\/\/experienciadevida.com.ar\/portalurbano\/","logo":{"@type":"ImageObject","inLanguage":"es","@id":"https:\/\/experienciadevida.com.ar\/portalurbano\/#\/schema\/logo\/image\/","url":"https:\/\/experienciadevida.com.ar\/portalurbano\/wp-content\/uploads\/2019\/09\/Logo-Original.png","contentUrl":"https:\/\/experienciadevida.com.ar\/portalurbano\/wp-content\/uploads\/2019\/09\/Logo-Original.png","width":2236,"height":1216,"caption":"Portal Urbano"},"image":{"@id":"https:\/\/experienciadevida.com.ar\/portalurbano\/#\/schema\/logo\/image\/"},"sameAs":["https:\/\/www.facebook.com\/Portal-Urbano-171542830093757\/","https:\/\/twitter.com\/portalurbanook","https:\/\/www.instagram.com\/_portalurbano\/","https:\/\/www.youtube.com\/channel\/UCXhagIfszH8KxFiOok79zbA?view_as=subscriber"]},{"@type":"Person","@id":"https:\/\/experienciadevida.com.ar\/portalurbano\/#\/schema\/person\/02dd326b1c4b056e9cc972486934a3a7","name":"admpu17wp","image":{"@type":"ImageObject","inLanguage":"es","@id":"https:\/\/experienciadevida.com.ar\/portalurbano\/#\/schema\/person\/image\/","url":"https:\/\/secure.gravatar.com\/avatar\/830d4c57adaae6630765e449a6908047?s=96&d=mm&r=g","contentUrl":"https:\/\/secure.gravatar.com\/avatar\/830d4c57adaae6630765e449a6908047?s=96&d=mm&r=g","caption":"admpu17wp"}}]}},"featured_image_urls":{"full":["https:\/\/experienciadevida.com.ar\/portalurbano\/wp-content\/uploads\/2020\/09\/Celeste-Arouxet.png",765,583,false],"thumbnail":["https:\/\/experienciadevida.com.ar\/portalurbano\/wp-content\/uploads\/2020\/09\/Celeste-Arouxet-150x150.png",150,150,true],"medium":["https:\/\/experienciadevida.com.ar\/portalurbano\/wp-content\/uploads\/2020\/09\/Celeste-Arouxet-300x229.png",300,229,true],"medium_large":["https:\/\/experienciadevida.com.ar\/portalurbano\/wp-content\/uploads\/2020\/09\/Celeste-Arouxet.png",640,488,false],"large":["https:\/\/experienciadevida.com.ar\/portalurbano\/wp-content\/uploads\/2020\/09\/Celeste-Arouxet.png",640,488,false],"ug_big":["https:\/\/experienciadevida.com.ar\/portalurbano\/wp-content\/uploads\/2020\/09\/Celeste-Arouxet.png",765,583,false],"1536x1536":["https:\/\/experienciadevida.com.ar\/portalurbano\/wp-content\/uploads\/2020\/09\/Celeste-Arouxet.png",765,583,false],"2048x2048":["https:\/\/experienciadevida.com.ar\/portalurbano\/wp-content\/uploads\/2020\/09\/Celeste-Arouxet.png",765,583,false],"newsever-slider-full":["https:\/\/experienciadevida.com.ar\/portalurbano\/wp-content\/uploads\/2020\/09\/Celeste-Arouxet.png",765,583,false],"newsever-featured":["https:\/\/experienciadevida.com.ar\/portalurbano\/wp-content\/uploads\/2020\/09\/Celeste-Arouxet.png",765,583,false],"newsever-medium":["https:\/\/experienciadevida.com.ar\/portalurbano\/wp-content\/uploads\/2020\/09\/Celeste-Arouxet.png",623,475,false],"web-stories-poster-portrait":["https:\/\/experienciadevida.com.ar\/portalurbano\/wp-content\/uploads\/2020\/09\/Celeste-Arouxet.png",640,488,false],"web-stories-publisher-logo":["https:\/\/experienciadevida.com.ar\/portalurbano\/wp-content\/uploads\/2020\/09\/Celeste-Arouxet.png",96,73,false],"web-stories-thumbnail":["https:\/\/experienciadevida.com.ar\/portalurbano\/wp-content\/uploads\/2020\/09\/Celeste-Arouxet.png",150,114,false]},"author_info":{"display_name":"admpu17wp","author_link":"https:\/\/experienciadevida.com.ar\/portalurbano\/author\/admpu17wp\/"},"category_info":"<a href=\"https:\/\/experienciadevida.com.ar\/portalurbano\/category\/destacadas\/\" rel=\"category tag\">Destacadas<\/a> <a href=\"https:\/\/experienciadevida.com.ar\/portalurbano\/category\/politica\/\" rel=\"category tag\">Pol\u00edtica<\/a>","tag_info":"Pol\u00edtica","comment_count":"0","amp_enabled":true,"_links":{"self":[{"href":"https:\/\/experienciadevida.com.ar\/portalurbano\/wp-json\/wp\/v2\/posts\/135703"}],"collection":[{"href":"https:\/\/experienciadevida.com.ar\/portalurbano\/wp-json\/wp\/v2\/posts"}],"about":[{"href":"https:\/\/experienciadevida.com.ar\/portalurbano\/wp-json\/wp\/v2\/types\/post"}],"author":[{"embeddable":true,"href":"https:\/\/experienciadevida.com.ar\/portalurbano\/wp-json\/wp\/v2\/users\/1"}],"replies":[{"embeddable":true,"href":"https:\/\/experienciadevida.com.ar\/portalurbano\/wp-json\/wp\/v2\/comments?post=135703"}],"version-history":[{"count":4,"href":"https:\/\/experienciadevida.com.ar\/portalurbano\/wp-json\/wp\/v2\/posts\/135703\/revisions"}],"predecessor-version":[{"id":135705,"href":"https:\/\/experienciadevida.com.ar\/portalurbano\/wp-json\/wp\/v2\/posts\/135703\/revisions\/135705"}],"wp:featuredmedia":[{"embeddable":true,"href":"https:\/\/experienciadevida.com.ar\/portalurbano\/wp-json\/wp\/v2\/media\/120914"}],"wp:attachment":[{"href":"https:\/\/experienciadevida.com.ar\/portalurbano\/wp-json\/wp\/v2\/media?parent=135703"}],"wp:term":[{"taxonomy":"category","embeddable":true,"href":"https:\/\/experienciadevida.com.ar\/portalurbano\/wp-json\/wp\/v2\/categories?post=135703"},{"taxonomy":"post_tag","embeddable":true,"href":"https:\/\/experienciadevida.com.ar\/portalurbano\/wp-json\/wp\/v2\/tags?post=135703"}],"curies":[{"name":"wp","href":"https:\/\/api.w.org\/{rel}","templated":true}]}}