{"id":135698,"date":"2021-02-22T10:21:44","date_gmt":"2021-02-22T13:21:44","guid":{"rendered":"https:\/\/experienciadevida.com.ar\/portalurbano\/?p=135698"},"modified":"2021-02-22T10:24:52","modified_gmt":"2021-02-22T13:24:52","slug":"se-promueven-treinta-proyectos-de-practicas-laborales","status":"publish","type":"post","link":"https:\/\/experienciadevida.com.ar\/portalurbano\/se-promueven-treinta-proyectos-de-practicas-laborales\/","title":{"rendered":"Se promueven treinta proyectos de pr\u00e1cticas laborales"},"content":{"rendered":"<p>Se promueven treinta proyectos de pr\u00e1cticas laborales. Con el objetivo de vincular a j\u00f3venes de 18 a 24 a\u00f1os, con empresas dispuestas a \u201centrenar aprendices\u201d, la Direcci\u00f3n de Empleo promueve el inicio de treinta proyectos de entrenamiento para el mes de abril.<\/p>\n<p>Los mismos se realizar\u00e1n durante un per\u00edodo de 3 a 6 meses, en el que los y las j\u00f3venes cumplir\u00e1n funciones de lunes a viernes, con un total de 20 horas semanales.<\/p>\n<p>Los proyectos se ejecutar\u00e1n en el marco del \u201cPrograma J\u00f3venes con M\u00e1s y Mejor Trabajo\u201d, siendo esta una herramienta que permite mejorar las condiciones de empleabilidad a futuro, como as\u00ed tambi\u00e9n fortalecer el rol del aprendiz.<\/p>\n<p>Los proyectos de entrenamiento se podr\u00e1n solicitar hasta el martes 2 de marzo, junto con la documentaci\u00f3n y requisitos establecidos por el Ministerio de Trabajo, Empleo y Seguridad Social de la Naci\u00f3n.<\/p>\n<p>Por otro lado los\/as j\u00f3venes que deseen participar en esta iniciativa, realizar\u00e1n talleres de confecci\u00f3n y video CV, entrevistas grupales e individuales. Quienes queden preseleccionados acceder\u00e1n a una entrevista final con los empleadores.<\/p>\n<p>Cabe mencionar que la Direcci\u00f3n de Empleo de la Municipalidad\u2013dependiente de Secretar\u00eda de Desarrollo Econ\u00f3mico- integra la Red de Servicios de Empleo del Ministerio de Trabajo, Empleo y Seguridad Social de la Naci\u00f3n.<\/p>\n<p>Requisitos para el empleador<\/p>\n<p>\u2013 Habilitaci\u00f3n municipal.<\/p>\n<p>\u2013 No registrar sanciones en Repsal.<\/p>\n<p>\u2013 Contratar un seguro por accidentes personales al joven que realice el entrenamiento.<\/p>\n<p>\u2013 Contratar una obra social al joven o realizar aporte mensual establecido por Ministerio de Trabajo de la Naci\u00f3n.<\/p>\n<p>Quienes est\u00e9n interesados podr\u00e1n solicitar un proyecto de entrenamiento al correo: entrenamientosparaeltrabajo@olavarria.gov.ar<\/p>\n<p>Requisitos para j\u00f3venes<\/p>\n<p>\u2013 Tener entre 18 y 24 a\u00f1os.<\/p>\n<p>\u2013 No haber finalizado estudios secundarios.<\/p>\n<p>\u2013 No registrar trabajo formal.<\/p>\n<p>Quienes est\u00e9n interesados en realizar un entrenamiento, est\u00e9n adheridos o no en el programa j\u00f3venes, podr\u00e1n inscribirse hasta el d\u00eda 28 de febrero en el siguiente link: Formulario de inscripci\u00f3n para j\u00f3venes.<\/p>\n<p>Para m\u00e1s informaci\u00f3n podr\u00e1n acercarse a la Direcci\u00f3n de Empleo (Moreno 2765) o bien contactarse telef\u00f3nicamente al 422135\/422195.<\/p>\n","protected":false},"excerpt":{"rendered":"<p>Se promueven treinta proyectos de pr\u00e1cticas laborales. Con el objetivo de vincular a j\u00f3venes de&#8230;<\/p>\n","protected":false},"author":1,"featured_media":135699,"comment_status":"closed","ping_status":"closed","sticky":false,"template":"","format":"standard","meta":{"content-type":""},"categories":[27,64],"tags":[],"nelio_content":{"isAutoShareEnabled":false,"autoShareEndMode":"default","automationSources":{"useContentSentences":true,"useSocialTemplates":true,"useCustomSentences":false,"customSentences":[]},"followers":[1],"suggestedReferences":[],"includedReferences":[],"efiUrl":"","efiAlt":"","highlights":[]},"yoast_head":"<!-- This site is optimized with the Yoast SEO plugin v20.7 - https:\/\/yoast.com\/wordpress\/plugins\/seo\/ -->\n<title>Se promueven treinta proyectos de pr\u00e1cticas laborales<\/title>\n<meta name=\"description\" content=\"Se promueven treinta proyectos de pr\u00e1cticas laborales. Con el objetivo de vincular a j\u00f3venes de 18 a 24 a\u00f1os, con empresas dispuestas\" \/>\n<meta name=\"robots\" content=\"index, follow, max-snippet:-1, max-image-preview:large, max-video-preview:-1\" \/>\n<link rel=\"canonical\" href=\"https:\/\/experienciadevida.com.ar\/portalurbano\/se-promueven-treinta-proyectos-de-practicas-laborales\/\" \/>\n<meta property=\"og:locale\" content=\"es_ES\" \/>\n<meta property=\"og:type\" content=\"article\" \/>\n<meta property=\"og:title\" content=\"Se promueven treinta proyectos de pr\u00e1cticas laborales\" \/>\n<meta property=\"og:description\" content=\"Se promueven treinta proyectos de pr\u00e1cticas laborales. Con el objetivo de vincular a j\u00f3venes de 18 a 24 a\u00f1os, con empresas dispuestas\" \/>\n<meta property=\"og:url\" content=\"https:\/\/experienciadevida.com.ar\/portalurbano\/se-promueven-treinta-proyectos-de-practicas-laborales\/\" \/>\n<meta property=\"article:publisher\" content=\"https:\/\/www.facebook.com\/Portal-Urbano-171542830093757\/\" \/>\n<meta property=\"article:published_time\" content=\"2021-02-22T13:21:44+00:00\" \/>\n<meta property=\"article:modified_time\" content=\"2021-02-22T13:24:52+00:00\" \/>\n<meta property=\"og:image\" content=\"https:\/\/experienciadevida.com.ar\/portalurbano\/wp-content\/uploads\/2021\/02\/Se-promueven-treinta-proyectos.jpg\" \/>\n\t<meta property=\"og:image:width\" content=\"774\" \/>\n\t<meta property=\"og:image:height\" content=\"694\" \/>\n\t<meta property=\"og:image:type\" content=\"image\/jpeg\" \/>\n<meta name=\"author\" content=\"admpu17wp\" \/>\n<meta name=\"twitter:card\" content=\"summary_large_image\" \/>\n<meta name=\"twitter:creator\" content=\"@portalurbanook\" \/>\n<meta name=\"twitter:site\" content=\"@portalurbanook\" \/>\n<meta name=\"twitter:label1\" content=\"Escrito por\" \/>\n\t<meta name=\"twitter:data1\" content=\"admpu17wp\" \/>\n\t<meta name=\"twitter:label2\" content=\"Tiempo de lectura\" \/>\n\t<meta name=\"twitter:data2\" content=\"2 minutos\" \/>\n<script type=\"application\/ld+json\" class=\"yoast-schema-graph\">{\"@context\":\"https:\/\/schema.org\",\"@graph\":[{\"@type\":\"Article\",\"@id\":\"https:\/\/experienciadevida.com.ar\/portalurbano\/se-promueven-treinta-proyectos-de-practicas-laborales\/#article\",\"isPartOf\":{\"@id\":\"https:\/\/experienciadevida.com.ar\/portalurbano\/se-promueven-treinta-proyectos-de-practicas-laborales\/\"},\"author\":{\"name\":\"admpu17wp\",\"@id\":\"https:\/\/experienciadevida.com.ar\/portalurbano\/#\/schema\/person\/02dd326b1c4b056e9cc972486934a3a7\"},\"headline\":\"Se promueven treinta proyectos de pr\u00e1cticas laborales\",\"datePublished\":\"2021-02-22T13:21:44+00:00\",\"dateModified\":\"2021-02-22T13:24:52+00:00\",\"mainEntityOfPage\":{\"@id\":\"https:\/\/experienciadevida.com.ar\/portalurbano\/se-promueven-treinta-proyectos-de-practicas-laborales\/\"},\"wordCount\":372,\"publisher\":{\"@id\":\"https:\/\/experienciadevida.com.ar\/portalurbano\/#organization\"},\"articleSection\":[\"Ciudad\",\"Destacadas 2\"],\"inLanguage\":\"es\"},{\"@type\":\"WebPage\",\"@id\":\"https:\/\/experienciadevida.com.ar\/portalurbano\/se-promueven-treinta-proyectos-de-practicas-laborales\/\",\"url\":\"https:\/\/experienciadevida.com.ar\/portalurbano\/se-promueven-treinta-proyectos-de-practicas-laborales\/\",\"name\":\"Se promueven treinta proyectos de pr\u00e1cticas laborales\",\"isPartOf\":{\"@id\":\"https:\/\/experienciadevida.com.ar\/portalurbano\/#website\"},\"datePublished\":\"2021-02-22T13:21:44+00:00\",\"dateModified\":\"2021-02-22T13:24:52+00:00\",\"description\":\"Se promueven treinta proyectos de pr\u00e1cticas laborales. Con el objetivo de vincular a j\u00f3venes de 18 a 24 a\u00f1os, con empresas dispuestas\",\"breadcrumb\":{\"@id\":\"https:\/\/experienciadevida.com.ar\/portalurbano\/se-promueven-treinta-proyectos-de-practicas-laborales\/#breadcrumb\"},\"inLanguage\":\"es\",\"potentialAction\":[{\"@type\":\"ReadAction\",\"target\":[\"https:\/\/experienciadevida.com.ar\/portalurbano\/se-promueven-treinta-proyectos-de-practicas-laborales\/\"]}]},{\"@type\":\"BreadcrumbList\",\"@id\":\"https:\/\/experienciadevida.com.ar\/portalurbano\/se-promueven-treinta-proyectos-de-practicas-laborales\/#breadcrumb\",\"itemListElement\":[{\"@type\":\"ListItem\",\"position\":1,\"name\":\"Portada\",\"item\":\"https:\/\/experienciadevida.com.ar\/portalurbano\/\"},{\"@type\":\"ListItem\",\"position\":2,\"name\":\"Se promueven treinta proyectos de pr\u00e1cticas laborales\"}]},{\"@type\":\"WebSite\",\"@id\":\"https:\/\/experienciadevida.com.ar\/portalurbano\/#website\",\"url\":\"https:\/\/experienciadevida.com.ar\/portalurbano\/\",\"name\":\"\",\"description\":\"\",\"publisher\":{\"@id\":\"https:\/\/experienciadevida.com.ar\/portalurbano\/#organization\"},\"potentialAction\":[{\"@type\":\"SearchAction\",\"target\":{\"@type\":\"EntryPoint\",\"urlTemplate\":\"https:\/\/experienciadevida.com.ar\/portalurbano\/?s={search_term_string}\"},\"query-input\":\"required name=search_term_string\"}],\"inLanguage\":\"es\"},{\"@type\":\"Organization\",\"@id\":\"https:\/\/experienciadevida.com.ar\/portalurbano\/#organization\",\"name\":\"Portal Urbano\",\"url\":\"https:\/\/experienciadevida.com.ar\/portalurbano\/\",\"logo\":{\"@type\":\"ImageObject\",\"inLanguage\":\"es\",\"@id\":\"https:\/\/experienciadevida.com.ar\/portalurbano\/#\/schema\/logo\/image\/\",\"url\":\"https:\/\/experienciadevida.com.ar\/portalurbano\/wp-content\/uploads\/2019\/09\/Logo-Original.png\",\"contentUrl\":\"https:\/\/experienciadevida.com.ar\/portalurbano\/wp-content\/uploads\/2019\/09\/Logo-Original.png\",\"width\":2236,\"height\":1216,\"caption\":\"Portal Urbano\"},\"image\":{\"@id\":\"https:\/\/experienciadevida.com.ar\/portalurbano\/#\/schema\/logo\/image\/\"},\"sameAs\":[\"https:\/\/www.facebook.com\/Portal-Urbano-171542830093757\/\",\"https:\/\/twitter.com\/portalurbanook\",\"https:\/\/www.instagram.com\/_portalurbano\/\",\"https:\/\/www.youtube.com\/channel\/UCXhagIfszH8KxFiOok79zbA?view_as=subscriber\"]},{\"@type\":\"Person\",\"@id\":\"https:\/\/experienciadevida.com.ar\/portalurbano\/#\/schema\/person\/02dd326b1c4b056e9cc972486934a3a7\",\"name\":\"admpu17wp\",\"image\":{\"@type\":\"ImageObject\",\"inLanguage\":\"es\",\"@id\":\"https:\/\/experienciadevida.com.ar\/portalurbano\/#\/schema\/person\/image\/\",\"url\":\"https:\/\/secure.gravatar.com\/avatar\/830d4c57adaae6630765e449a6908047?s=96&d=mm&r=g\",\"contentUrl\":\"https:\/\/secure.gravatar.com\/avatar\/830d4c57adaae6630765e449a6908047?s=96&d=mm&r=g\",\"caption\":\"admpu17wp\"}}]}<\/script>\n<!-- \/ Yoast SEO plugin. -->","yoast_head_json":{"title":"Se promueven treinta proyectos de pr\u00e1cticas laborales","description":"Se promueven treinta proyectos de pr\u00e1cticas laborales. Con el objetivo de vincular a j\u00f3venes de 18 a 24 a\u00f1os, con empresas dispuestas","robots":{"index":"index","follow":"follow","max-snippet":"max-snippet:-1","max-image-preview":"max-image-preview:large","max-video-preview":"max-video-preview:-1"},"canonical":"https:\/\/experienciadevida.com.ar\/portalurbano\/se-promueven-treinta-proyectos-de-practicas-laborales\/","og_locale":"es_ES","og_type":"article","og_title":"Se promueven treinta proyectos de pr\u00e1cticas laborales","og_description":"Se promueven treinta proyectos de pr\u00e1cticas laborales. Con el objetivo de vincular a j\u00f3venes de 18 a 24 a\u00f1os, con empresas dispuestas","og_url":"https:\/\/experienciadevida.com.ar\/portalurbano\/se-promueven-treinta-proyectos-de-practicas-laborales\/","article_publisher":"https:\/\/www.facebook.com\/Portal-Urbano-171542830093757\/","article_published_time":"2021-02-22T13:21:44+00:00","article_modified_time":"2021-02-22T13:24:52+00:00","og_image":[{"width":774,"height":694,"url":"https:\/\/experienciadevida.com.ar\/portalurbano\/wp-content\/uploads\/2021\/02\/Se-promueven-treinta-proyectos.jpg","type":"image\/jpeg"}],"author":"admpu17wp","twitter_card":"summary_large_image","twitter_creator":"@portalurbanook","twitter_site":"@portalurbanook","twitter_misc":{"Escrito por":"admpu17wp","Tiempo de lectura":"2 minutos"},"schema":{"@context":"https:\/\/schema.org","@graph":[{"@type":"Article","@id":"https:\/\/experienciadevida.com.ar\/portalurbano\/se-promueven-treinta-proyectos-de-practicas-laborales\/#article","isPartOf":{"@id":"https:\/\/experienciadevida.com.ar\/portalurbano\/se-promueven-treinta-proyectos-de-practicas-laborales\/"},"author":{"name":"admpu17wp","@id":"https:\/\/experienciadevida.com.ar\/portalurbano\/#\/schema\/person\/02dd326b1c4b056e9cc972486934a3a7"},"headline":"Se promueven treinta proyectos de pr\u00e1cticas laborales","datePublished":"2021-02-22T13:21:44+00:00","dateModified":"2021-02-22T13:24:52+00:00","mainEntityOfPage":{"@id":"https:\/\/experienciadevida.com.ar\/portalurbano\/se-promueven-treinta-proyectos-de-practicas-laborales\/"},"wordCount":372,"publisher":{"@id":"https:\/\/experienciadevida.com.ar\/portalurbano\/#organization"},"articleSection":["Ciudad","Destacadas 2"],"inLanguage":"es"},{"@type":"WebPage","@id":"https:\/\/experienciadevida.com.ar\/portalurbano\/se-promueven-treinta-proyectos-de-practicas-laborales\/","url":"https:\/\/experienciadevida.com.ar\/portalurbano\/se-promueven-treinta-proyectos-de-practicas-laborales\/","name":"Se promueven treinta proyectos de pr\u00e1cticas laborales","isPartOf":{"@id":"https:\/\/experienciadevida.com.ar\/portalurbano\/#website"},"datePublished":"2021-02-22T13:21:44+00:00","dateModified":"2021-02-22T13:24:52+00:00","description":"Se promueven treinta proyectos de pr\u00e1cticas laborales. Con el objetivo de vincular a j\u00f3venes de 18 a 24 a\u00f1os, con empresas dispuestas","breadcrumb":{"@id":"https:\/\/experienciadevida.com.ar\/portalurbano\/se-promueven-treinta-proyectos-de-practicas-laborales\/#breadcrumb"},"inLanguage":"es","potentialAction":[{"@type":"ReadAction","target":["https:\/\/experienciadevida.com.ar\/portalurbano\/se-promueven-treinta-proyectos-de-practicas-laborales\/"]}]},{"@type":"BreadcrumbList","@id":"https:\/\/experienciadevida.com.ar\/portalurbano\/se-promueven-treinta-proyectos-de-practicas-laborales\/#breadcrumb","itemListElement":[{"@type":"ListItem","position":1,"name":"Portada","item":"https:\/\/experienciadevida.com.ar\/portalurbano\/"},{"@type":"ListItem","position":2,"name":"Se promueven treinta proyectos de pr\u00e1cticas laborales"}]},{"@type":"WebSite","@id":"https:\/\/experienciadevida.com.ar\/portalurbano\/#website","url":"https:\/\/experienciadevida.com.ar\/portalurbano\/","name":"","description":"","publisher":{"@id":"https:\/\/experienciadevida.com.ar\/portalurbano\/#organization"},"potentialAction":[{"@type":"SearchAction","target":{"@type":"EntryPoint","urlTemplate":"https:\/\/experienciadevida.com.ar\/portalurbano\/?s={search_term_string}"},"query-input":"required name=search_term_string"}],"inLanguage":"es"},{"@type":"Organization","@id":"https:\/\/experienciadevida.com.ar\/portalurbano\/#organization","name":"Portal Urbano","url":"https:\/\/experienciadevida.com.ar\/portalurbano\/","logo":{"@type":"ImageObject","inLanguage":"es","@id":"https:\/\/experienciadevida.com.ar\/portalurbano\/#\/schema\/logo\/image\/","url":"https:\/\/experienciadevida.com.ar\/portalurbano\/wp-content\/uploads\/2019\/09\/Logo-Original.png","contentUrl":"https:\/\/experienciadevida.com.ar\/portalurbano\/wp-content\/uploads\/2019\/09\/Logo-Original.png","width":2236,"height":1216,"caption":"Portal Urbano"},"image":{"@id":"https:\/\/experienciadevida.com.ar\/portalurbano\/#\/schema\/logo\/image\/"},"sameAs":["https:\/\/www.facebook.com\/Portal-Urbano-171542830093757\/","https:\/\/twitter.com\/portalurbanook","https:\/\/www.instagram.com\/_portalurbano\/","https:\/\/www.youtube.com\/channel\/UCXhagIfszH8KxFiOok79zbA?view_as=subscriber"]},{"@type":"Person","@id":"https:\/\/experienciadevida.com.ar\/portalurbano\/#\/schema\/person\/02dd326b1c4b056e9cc972486934a3a7","name":"admpu17wp","image":{"@type":"ImageObject","inLanguage":"es","@id":"https:\/\/experienciadevida.com.ar\/portalurbano\/#\/schema\/person\/image\/","url":"https:\/\/secure.gravatar.com\/avatar\/830d4c57adaae6630765e449a6908047?s=96&d=mm&r=g","contentUrl":"https:\/\/secure.gravatar.com\/avatar\/830d4c57adaae6630765e449a6908047?s=96&d=mm&r=g","caption":"admpu17wp"}}]}},"featured_image_urls":{"full":["https:\/\/experienciadevida.com.ar\/portalurbano\/wp-content\/uploads\/2021\/02\/Se-promueven-treinta-proyectos.jpg",774,694,false],"thumbnail":["https:\/\/experienciadevida.com.ar\/portalurbano\/wp-content\/uploads\/2021\/02\/Se-promueven-treinta-proyectos-150x150.jpg",150,150,true],"medium":["https:\/\/experienciadevida.com.ar\/portalurbano\/wp-content\/uploads\/2021\/02\/Se-promueven-treinta-proyectos-300x269.jpg",300,269,true],"medium_large":["https:\/\/experienciadevida.com.ar\/portalurbano\/wp-content\/uploads\/2021\/02\/Se-promueven-treinta-proyectos-768x689.jpg",640,574,true],"large":["https:\/\/experienciadevida.com.ar\/portalurbano\/wp-content\/uploads\/2021\/02\/Se-promueven-treinta-proyectos.jpg",640,574,false],"ug_big":["https:\/\/experienciadevida.com.ar\/portalurbano\/wp-content\/uploads\/2021\/02\/Se-promueven-treinta-proyectos-768x689.jpg",768,689,true],"1536x1536":["https:\/\/experienciadevida.com.ar\/portalurbano\/wp-content\/uploads\/2021\/02\/Se-promueven-treinta-proyectos.jpg",774,694,false],"2048x2048":["https:\/\/experienciadevida.com.ar\/portalurbano\/wp-content\/uploads\/2021\/02\/Se-promueven-treinta-proyectos.jpg",774,694,false],"newsever-slider-full":["https:\/\/experienciadevida.com.ar\/portalurbano\/wp-content\/uploads\/2021\/02\/Se-promueven-treinta-proyectos.jpg",774,694,false],"newsever-featured":["https:\/\/experienciadevida.com.ar\/portalurbano\/wp-content\/uploads\/2021\/02\/Se-promueven-treinta-proyectos.jpg",774,694,false],"newsever-medium":["https:\/\/experienciadevida.com.ar\/portalurbano\/wp-content\/uploads\/2021\/02\/Se-promueven-treinta-proyectos.jpg",530,475,false],"web-stories-poster-portrait":["https:\/\/experienciadevida.com.ar\/portalurbano\/wp-content\/uploads\/2021\/02\/Se-promueven-treinta-proyectos.jpg",640,574,false],"web-stories-publisher-logo":["https:\/\/experienciadevida.com.ar\/portalurbano\/wp-content\/uploads\/2021\/02\/Se-promueven-treinta-proyectos.jpg",96,86,false],"web-stories-thumbnail":["https:\/\/experienciadevida.com.ar\/portalurbano\/wp-content\/uploads\/2021\/02\/Se-promueven-treinta-proyectos.jpg",150,134,false]},"author_info":{"display_name":"admpu17wp","author_link":"https:\/\/experienciadevida.com.ar\/portalurbano\/author\/admpu17wp\/"},"category_info":"<a href=\"https:\/\/experienciadevida.com.ar\/portalurbano\/category\/ciudad\/\" rel=\"category tag\">Ciudad<\/a> <a href=\"https:\/\/experienciadevida.com.ar\/portalurbano\/category\/destacadas-2\/\" rel=\"category tag\">Destacadas 2<\/a>","tag_info":"Destacadas 2","comment_count":"0","amp_enabled":true,"_links":{"self":[{"href":"https:\/\/experienciadevida.com.ar\/portalurbano\/wp-json\/wp\/v2\/posts\/135698"}],"collection":[{"href":"https:\/\/experienciadevida.com.ar\/portalurbano\/wp-json\/wp\/v2\/posts"}],"about":[{"href":"https:\/\/experienciadevida.com.ar\/portalurbano\/wp-json\/wp\/v2\/types\/post"}],"author":[{"embeddable":true,"href":"https:\/\/experienciadevida.com.ar\/portalurbano\/wp-json\/wp\/v2\/users\/1"}],"replies":[{"embeddable":true,"href":"https:\/\/experienciadevida.com.ar\/portalurbano\/wp-json\/wp\/v2\/comments?post=135698"}],"version-history":[{"count":2,"href":"https:\/\/experienciadevida.com.ar\/portalurbano\/wp-json\/wp\/v2\/posts\/135698\/revisions"}],"predecessor-version":[{"id":135702,"href":"https:\/\/experienciadevida.com.ar\/portalurbano\/wp-json\/wp\/v2\/posts\/135698\/revisions\/135702"}],"wp:featuredmedia":[{"embeddable":true,"href":"https:\/\/experienciadevida.com.ar\/portalurbano\/wp-json\/wp\/v2\/media\/135699"}],"wp:attachment":[{"href":"https:\/\/experienciadevida.com.ar\/portalurbano\/wp-json\/wp\/v2\/media?parent=135698"}],"wp:term":[{"taxonomy":"category","embeddable":true,"href":"https:\/\/experienciadevida.com.ar\/portalurbano\/wp-json\/wp\/v2\/categories?post=135698"},{"taxonomy":"post_tag","embeddable":true,"href":"https:\/\/experienciadevida.com.ar\/portalurbano\/wp-json\/wp\/v2\/tags?post=135698"}],"curies":[{"name":"wp","href":"https:\/\/api.w.org\/{rel}","templated":true}]}}