{"id":135687,"date":"2021-02-21T23:03:35","date_gmt":"2021-02-22T02:03:35","guid":{"rendered":"https:\/\/experienciadevida.com.ar\/portalurbano\/?p=135687"},"modified":"2021-02-21T23:04:55","modified_gmt":"2021-02-22T02:04:55","slug":"mas-de-40-mil-bonaerenses-mayores-de-60-anos-ya-recibieron-la-vacuna","status":"publish","type":"post","link":"https:\/\/experienciadevida.com.ar\/portalurbano\/mas-de-40-mil-bonaerenses-mayores-de-60-anos-ya-recibieron-la-vacuna\/","title":{"rendered":"M\u00e1s de 40 mil bonaerenses mayores de 60 a\u00f1os ya recibieron la vacuna"},"content":{"rendered":"<p>M\u00e1s de 40 mil bonaerenses mayores de 60 a\u00f1os ya recibieron la vacuna. Unos 38 mil fueron vacunados en las escuelas que se establecieron como postas para la aplicaci\u00f3n de la vacuna en los 135 municipios.<\/p>\n<p>El Gobierno bonaerense alcanz\u00f3 hoy los 40 mil ciudadanos mayores de 60 a\u00f1os inmunizados con la primera dosis de la vacuna Sputnik V contra el coronavirus, como parte del plan p\u00fablico, gratuito y optativo de la administraci\u00f3n provincial.<\/p>\n<p>De ese total, 38 mil fueron vacunados en las escuelas que se establecieron como postas para la aplicaci\u00f3n de la vacuna en los 135 municipios.<\/p>\n<p>M\u00e1s de 40 mil bonaerenses recibieron la vacuna, el resto son ciudadanos que viven en residencias de larga estad\u00eda para personas mayores y cuya inmunizaci\u00f3n se llev\u00f3 a cabo en operativos coordinados con 12 Unidades de Gesti\u00f3n Local (UGL) de PAMI, inform\u00f3 el Gobierno bonaerense en un comunicado.<\/p>\n<p>La actual etapa de la campa\u00f1a busca completar al personal del sistema de salud, al tiempo que prioriza a los bonaerenses que integran grupos de riesgo, entre ellos mayores de 60 a\u00f1os y, en vistas del regreso a las clases presenciales, a trabajadores de la comunidad educativa con enfermedades preexistentes.<\/p>\n<p>Los interesados en recibir la vacuna deben preinscribirse en el sitio vacunatepba.gba.gob.ar o a trav\u00e9s de la aplicaci\u00f3n vacunatePBA.<\/p>\n<p>Al hacerlo, integrar\u00e1n una base de datos que permitir\u00e1 que reciban sus turnos de acuerdo con las distintas prioridades establecidas.<\/p>\n<p>Foto: archivo<\/p>\n<p>Fuente: T\u00e9lam<\/p>\n","protected":false},"excerpt":{"rendered":"<p>M\u00e1s de 40 mil bonaerenses mayores de 60 a\u00f1os ya recibieron la vacuna. Unos 38&#8230;<\/p>\n","protected":false},"author":1,"featured_media":135563,"comment_status":"closed","ping_status":"closed","sticky":false,"template":"","format":"standard","meta":{"content-type":""},"categories":[51,44],"tags":[],"nelio_content":{"isAutoShareEnabled":false,"autoShareEndMode":"default","automationSources":{"useContentSentences":true,"useSocialTemplates":true,"useCustomSentences":false,"customSentences":[]},"followers":[1],"suggestedReferences":[],"includedReferences":[],"efiUrl":"","efiAlt":"","highlights":[]},"yoast_head":"<!-- This site is optimized with the Yoast SEO plugin v20.7 - https:\/\/yoast.com\/wordpress\/plugins\/seo\/ -->\n<title>M\u00e1s de 40 mil bonaerenses mayores de 60 a\u00f1os ya recibieron la vacuna<\/title>\n<meta name=\"description\" content=\"M\u00e1s de 40 mil bonaerenses mayores de 60 a\u00f1os ya recibieron la vacuna. Unos 38 mil fueron vacunados en las escuelas como postas.\" \/>\n<meta name=\"robots\" content=\"index, follow, max-snippet:-1, max-image-preview:large, max-video-preview:-1\" \/>\n<link rel=\"canonical\" href=\"https:\/\/experienciadevida.com.ar\/portalurbano\/mas-de-40-mil-bonaerenses-mayores-de-60-anos-ya-recibieron-la-vacuna\/\" \/>\n<meta property=\"og:locale\" content=\"es_ES\" \/>\n<meta property=\"og:type\" content=\"article\" \/>\n<meta property=\"og:title\" content=\"M\u00e1s de 40 mil bonaerenses mayores de 60 a\u00f1os ya recibieron la vacuna\" \/>\n<meta property=\"og:description\" content=\"M\u00e1s de 40 mil bonaerenses mayores de 60 a\u00f1os ya recibieron la vacuna. Unos 38 mil fueron vacunados en las escuelas como postas.\" \/>\n<meta property=\"og:url\" content=\"https:\/\/experienciadevida.com.ar\/portalurbano\/mas-de-40-mil-bonaerenses-mayores-de-60-anos-ya-recibieron-la-vacuna\/\" \/>\n<meta property=\"article:publisher\" content=\"https:\/\/www.facebook.com\/Portal-Urbano-171542830093757\/\" \/>\n<meta property=\"article:published_time\" content=\"2021-02-22T02:03:35+00:00\" \/>\n<meta property=\"article:modified_time\" content=\"2021-02-22T02:04:55+00:00\" \/>\n<meta property=\"og:image\" content=\"https:\/\/experienciadevida.com.ar\/portalurbano\/wp-content\/uploads\/2021\/02\/la-vacunacion-1.jpg\" \/>\n\t<meta property=\"og:image:width\" content=\"1280\" \/>\n\t<meta property=\"og:image:height\" content=\"664\" \/>\n\t<meta property=\"og:image:type\" content=\"image\/jpeg\" \/>\n<meta name=\"author\" content=\"admpu17wp\" \/>\n<meta name=\"twitter:card\" content=\"summary_large_image\" \/>\n<meta name=\"twitter:creator\" content=\"@portalurbanook\" \/>\n<meta name=\"twitter:site\" content=\"@portalurbanook\" \/>\n<meta name=\"twitter:label1\" content=\"Escrito por\" \/>\n\t<meta name=\"twitter:data1\" content=\"admpu17wp\" \/>\n\t<meta name=\"twitter:label2\" content=\"Tiempo de lectura\" \/>\n\t<meta name=\"twitter:data2\" content=\"2 minutos\" \/>\n<script type=\"application\/ld+json\" class=\"yoast-schema-graph\">{\"@context\":\"https:\/\/schema.org\",\"@graph\":[{\"@type\":\"Article\",\"@id\":\"https:\/\/experienciadevida.com.ar\/portalurbano\/mas-de-40-mil-bonaerenses-mayores-de-60-anos-ya-recibieron-la-vacuna\/#article\",\"isPartOf\":{\"@id\":\"https:\/\/experienciadevida.com.ar\/portalurbano\/mas-de-40-mil-bonaerenses-mayores-de-60-anos-ya-recibieron-la-vacuna\/\"},\"author\":{\"name\":\"admpu17wp\",\"@id\":\"https:\/\/experienciadevida.com.ar\/portalurbano\/#\/schema\/person\/02dd326b1c4b056e9cc972486934a3a7\"},\"headline\":\"M\u00e1s de 40 mil bonaerenses mayores de 60 a\u00f1os ya recibieron la vacuna\",\"datePublished\":\"2021-02-22T02:03:35+00:00\",\"dateModified\":\"2021-02-22T02:04:55+00:00\",\"mainEntityOfPage\":{\"@id\":\"https:\/\/experienciadevida.com.ar\/portalurbano\/mas-de-40-mil-bonaerenses-mayores-de-60-anos-ya-recibieron-la-vacuna\/\"},\"wordCount\":262,\"publisher\":{\"@id\":\"https:\/\/experienciadevida.com.ar\/portalurbano\/#organization\"},\"articleSection\":[\"Destacadas\",\"Provincia\"],\"inLanguage\":\"es\"},{\"@type\":\"WebPage\",\"@id\":\"https:\/\/experienciadevida.com.ar\/portalurbano\/mas-de-40-mil-bonaerenses-mayores-de-60-anos-ya-recibieron-la-vacuna\/\",\"url\":\"https:\/\/experienciadevida.com.ar\/portalurbano\/mas-de-40-mil-bonaerenses-mayores-de-60-anos-ya-recibieron-la-vacuna\/\",\"name\":\"M\u00e1s de 40 mil bonaerenses mayores de 60 a\u00f1os ya recibieron la vacuna\",\"isPartOf\":{\"@id\":\"https:\/\/experienciadevida.com.ar\/portalurbano\/#website\"},\"datePublished\":\"2021-02-22T02:03:35+00:00\",\"dateModified\":\"2021-02-22T02:04:55+00:00\",\"description\":\"M\u00e1s de 40 mil bonaerenses mayores de 60 a\u00f1os ya recibieron la vacuna. Unos 38 mil fueron vacunados en las escuelas como postas.\",\"breadcrumb\":{\"@id\":\"https:\/\/experienciadevida.com.ar\/portalurbano\/mas-de-40-mil-bonaerenses-mayores-de-60-anos-ya-recibieron-la-vacuna\/#breadcrumb\"},\"inLanguage\":\"es\",\"potentialAction\":[{\"@type\":\"ReadAction\",\"target\":[\"https:\/\/experienciadevida.com.ar\/portalurbano\/mas-de-40-mil-bonaerenses-mayores-de-60-anos-ya-recibieron-la-vacuna\/\"]}]},{\"@type\":\"BreadcrumbList\",\"@id\":\"https:\/\/experienciadevida.com.ar\/portalurbano\/mas-de-40-mil-bonaerenses-mayores-de-60-anos-ya-recibieron-la-vacuna\/#breadcrumb\",\"itemListElement\":[{\"@type\":\"ListItem\",\"position\":1,\"name\":\"Portada\",\"item\":\"https:\/\/experienciadevida.com.ar\/portalurbano\/\"},{\"@type\":\"ListItem\",\"position\":2,\"name\":\"M\u00e1s de 40 mil bonaerenses mayores de 60 a\u00f1os ya recibieron la vacuna\"}]},{\"@type\":\"WebSite\",\"@id\":\"https:\/\/experienciadevida.com.ar\/portalurbano\/#website\",\"url\":\"https:\/\/experienciadevida.com.ar\/portalurbano\/\",\"name\":\"\",\"description\":\"\",\"publisher\":{\"@id\":\"https:\/\/experienciadevida.com.ar\/portalurbano\/#organization\"},\"potentialAction\":[{\"@type\":\"SearchAction\",\"target\":{\"@type\":\"EntryPoint\",\"urlTemplate\":\"https:\/\/experienciadevida.com.ar\/portalurbano\/?s={search_term_string}\"},\"query-input\":\"required name=search_term_string\"}],\"inLanguage\":\"es\"},{\"@type\":\"Organization\",\"@id\":\"https:\/\/experienciadevida.com.ar\/portalurbano\/#organization\",\"name\":\"Portal Urbano\",\"url\":\"https:\/\/experienciadevida.com.ar\/portalurbano\/\",\"logo\":{\"@type\":\"ImageObject\",\"inLanguage\":\"es\",\"@id\":\"https:\/\/experienciadevida.com.ar\/portalurbano\/#\/schema\/logo\/image\/\",\"url\":\"https:\/\/experienciadevida.com.ar\/portalurbano\/wp-content\/uploads\/2019\/09\/Logo-Original.png\",\"contentUrl\":\"https:\/\/experienciadevida.com.ar\/portalurbano\/wp-content\/uploads\/2019\/09\/Logo-Original.png\",\"width\":2236,\"height\":1216,\"caption\":\"Portal Urbano\"},\"image\":{\"@id\":\"https:\/\/experienciadevida.com.ar\/portalurbano\/#\/schema\/logo\/image\/\"},\"sameAs\":[\"https:\/\/www.facebook.com\/Portal-Urbano-171542830093757\/\",\"https:\/\/twitter.com\/portalurbanook\",\"https:\/\/www.instagram.com\/_portalurbano\/\",\"https:\/\/www.youtube.com\/channel\/UCXhagIfszH8KxFiOok79zbA?view_as=subscriber\"]},{\"@type\":\"Person\",\"@id\":\"https:\/\/experienciadevida.com.ar\/portalurbano\/#\/schema\/person\/02dd326b1c4b056e9cc972486934a3a7\",\"name\":\"admpu17wp\",\"image\":{\"@type\":\"ImageObject\",\"inLanguage\":\"es\",\"@id\":\"https:\/\/experienciadevida.com.ar\/portalurbano\/#\/schema\/person\/image\/\",\"url\":\"https:\/\/secure.gravatar.com\/avatar\/830d4c57adaae6630765e449a6908047?s=96&d=mm&r=g\",\"contentUrl\":\"https:\/\/secure.gravatar.com\/avatar\/830d4c57adaae6630765e449a6908047?s=96&d=mm&r=g\",\"caption\":\"admpu17wp\"}}]}<\/script>\n<!-- \/ Yoast SEO plugin. -->","yoast_head_json":{"title":"M\u00e1s de 40 mil bonaerenses mayores de 60 a\u00f1os ya recibieron la vacuna","description":"M\u00e1s de 40 mil bonaerenses mayores de 60 a\u00f1os ya recibieron la vacuna. Unos 38 mil fueron vacunados en las escuelas como postas.","robots":{"index":"index","follow":"follow","max-snippet":"max-snippet:-1","max-image-preview":"max-image-preview:large","max-video-preview":"max-video-preview:-1"},"canonical":"https:\/\/experienciadevida.com.ar\/portalurbano\/mas-de-40-mil-bonaerenses-mayores-de-60-anos-ya-recibieron-la-vacuna\/","og_locale":"es_ES","og_type":"article","og_title":"M\u00e1s de 40 mil bonaerenses mayores de 60 a\u00f1os ya recibieron la vacuna","og_description":"M\u00e1s de 40 mil bonaerenses mayores de 60 a\u00f1os ya recibieron la vacuna. Unos 38 mil fueron vacunados en las escuelas como postas.","og_url":"https:\/\/experienciadevida.com.ar\/portalurbano\/mas-de-40-mil-bonaerenses-mayores-de-60-anos-ya-recibieron-la-vacuna\/","article_publisher":"https:\/\/www.facebook.com\/Portal-Urbano-171542830093757\/","article_published_time":"2021-02-22T02:03:35+00:00","article_modified_time":"2021-02-22T02:04:55+00:00","og_image":[{"width":1280,"height":664,"url":"https:\/\/experienciadevida.com.ar\/portalurbano\/wp-content\/uploads\/2021\/02\/la-vacunacion-1.jpg","type":"image\/jpeg"}],"author":"admpu17wp","twitter_card":"summary_large_image","twitter_creator":"@portalurbanook","twitter_site":"@portalurbanook","twitter_misc":{"Escrito por":"admpu17wp","Tiempo de lectura":"2 minutos"},"schema":{"@context":"https:\/\/schema.org","@graph":[{"@type":"Article","@id":"https:\/\/experienciadevida.com.ar\/portalurbano\/mas-de-40-mil-bonaerenses-mayores-de-60-anos-ya-recibieron-la-vacuna\/#article","isPartOf":{"@id":"https:\/\/experienciadevida.com.ar\/portalurbano\/mas-de-40-mil-bonaerenses-mayores-de-60-anos-ya-recibieron-la-vacuna\/"},"author":{"name":"admpu17wp","@id":"https:\/\/experienciadevida.com.ar\/portalurbano\/#\/schema\/person\/02dd326b1c4b056e9cc972486934a3a7"},"headline":"M\u00e1s de 40 mil bonaerenses mayores de 60 a\u00f1os ya recibieron la vacuna","datePublished":"2021-02-22T02:03:35+00:00","dateModified":"2021-02-22T02:04:55+00:00","mainEntityOfPage":{"@id":"https:\/\/experienciadevida.com.ar\/portalurbano\/mas-de-40-mil-bonaerenses-mayores-de-60-anos-ya-recibieron-la-vacuna\/"},"wordCount":262,"publisher":{"@id":"https:\/\/experienciadevida.com.ar\/portalurbano\/#organization"},"articleSection":["Destacadas","Provincia"],"inLanguage":"es"},{"@type":"WebPage","@id":"https:\/\/experienciadevida.com.ar\/portalurbano\/mas-de-40-mil-bonaerenses-mayores-de-60-anos-ya-recibieron-la-vacuna\/","url":"https:\/\/experienciadevida.com.ar\/portalurbano\/mas-de-40-mil-bonaerenses-mayores-de-60-anos-ya-recibieron-la-vacuna\/","name":"M\u00e1s de 40 mil bonaerenses mayores de 60 a\u00f1os ya recibieron la vacuna","isPartOf":{"@id":"https:\/\/experienciadevida.com.ar\/portalurbano\/#website"},"datePublished":"2021-02-22T02:03:35+00:00","dateModified":"2021-02-22T02:04:55+00:00","description":"M\u00e1s de 40 mil bonaerenses mayores de 60 a\u00f1os ya recibieron la vacuna. Unos 38 mil fueron vacunados en las escuelas como postas.","breadcrumb":{"@id":"https:\/\/experienciadevida.com.ar\/portalurbano\/mas-de-40-mil-bonaerenses-mayores-de-60-anos-ya-recibieron-la-vacuna\/#breadcrumb"},"inLanguage":"es","potentialAction":[{"@type":"ReadAction","target":["https:\/\/experienciadevida.com.ar\/portalurbano\/mas-de-40-mil-bonaerenses-mayores-de-60-anos-ya-recibieron-la-vacuna\/"]}]},{"@type":"BreadcrumbList","@id":"https:\/\/experienciadevida.com.ar\/portalurbano\/mas-de-40-mil-bonaerenses-mayores-de-60-anos-ya-recibieron-la-vacuna\/#breadcrumb","itemListElement":[{"@type":"ListItem","position":1,"name":"Portada","item":"https:\/\/experienciadevida.com.ar\/portalurbano\/"},{"@type":"ListItem","position":2,"name":"M\u00e1s de 40 mil bonaerenses mayores de 60 a\u00f1os ya recibieron la vacuna"}]},{"@type":"WebSite","@id":"https:\/\/experienciadevida.com.ar\/portalurbano\/#website","url":"https:\/\/experienciadevida.com.ar\/portalurbano\/","name":"","description":"","publisher":{"@id":"https:\/\/experienciadevida.com.ar\/portalurbano\/#organization"},"potentialAction":[{"@type":"SearchAction","target":{"@type":"EntryPoint","urlTemplate":"https:\/\/experienciadevida.com.ar\/portalurbano\/?s={search_term_string}"},"query-input":"required name=search_term_string"}],"inLanguage":"es"},{"@type":"Organization","@id":"https:\/\/experienciadevida.com.ar\/portalurbano\/#organization","name":"Portal Urbano","url":"https:\/\/experienciadevida.com.ar\/portalurbano\/","logo":{"@type":"ImageObject","inLanguage":"es","@id":"https:\/\/experienciadevida.com.ar\/portalurbano\/#\/schema\/logo\/image\/","url":"https:\/\/experienciadevida.com.ar\/portalurbano\/wp-content\/uploads\/2019\/09\/Logo-Original.png","contentUrl":"https:\/\/experienciadevida.com.ar\/portalurbano\/wp-content\/uploads\/2019\/09\/Logo-Original.png","width":2236,"height":1216,"caption":"Portal Urbano"},"image":{"@id":"https:\/\/experienciadevida.com.ar\/portalurbano\/#\/schema\/logo\/image\/"},"sameAs":["https:\/\/www.facebook.com\/Portal-Urbano-171542830093757\/","https:\/\/twitter.com\/portalurbanook","https:\/\/www.instagram.com\/_portalurbano\/","https:\/\/www.youtube.com\/channel\/UCXhagIfszH8KxFiOok79zbA?view_as=subscriber"]},{"@type":"Person","@id":"https:\/\/experienciadevida.com.ar\/portalurbano\/#\/schema\/person\/02dd326b1c4b056e9cc972486934a3a7","name":"admpu17wp","image":{"@type":"ImageObject","inLanguage":"es","@id":"https:\/\/experienciadevida.com.ar\/portalurbano\/#\/schema\/person\/image\/","url":"https:\/\/secure.gravatar.com\/avatar\/830d4c57adaae6630765e449a6908047?s=96&d=mm&r=g","contentUrl":"https:\/\/secure.gravatar.com\/avatar\/830d4c57adaae6630765e449a6908047?s=96&d=mm&r=g","caption":"admpu17wp"}}]}},"featured_image_urls":{"full":["https:\/\/experienciadevida.com.ar\/portalurbano\/wp-content\/uploads\/2021\/02\/la-vacunacion-1.jpg",1280,664,false],"thumbnail":["https:\/\/experienciadevida.com.ar\/portalurbano\/wp-content\/uploads\/2021\/02\/la-vacunacion-1-150x150.jpg",150,150,true],"medium":["https:\/\/experienciadevida.com.ar\/portalurbano\/wp-content\/uploads\/2021\/02\/la-vacunacion-1-300x156.jpg",300,156,true],"medium_large":["https:\/\/experienciadevida.com.ar\/portalurbano\/wp-content\/uploads\/2021\/02\/la-vacunacion-1-768x398.jpg",640,332,true],"large":["https:\/\/experienciadevida.com.ar\/portalurbano\/wp-content\/uploads\/2021\/02\/la-vacunacion-1-1024x531.jpg",640,332,true],"ug_big":["https:\/\/experienciadevida.com.ar\/portalurbano\/wp-content\/uploads\/2021\/02\/la-vacunacion-1-768x398.jpg",768,398,true],"1536x1536":["https:\/\/experienciadevida.com.ar\/portalurbano\/wp-content\/uploads\/2021\/02\/la-vacunacion-1.jpg",1280,664,false],"2048x2048":["https:\/\/experienciadevida.com.ar\/portalurbano\/wp-content\/uploads\/2021\/02\/la-vacunacion-1.jpg",1280,664,false],"newsever-slider-full":["https:\/\/experienciadevida.com.ar\/portalurbano\/wp-content\/uploads\/2021\/02\/la-vacunacion-1.jpg",1280,664,false],"newsever-featured":["https:\/\/experienciadevida.com.ar\/portalurbano\/wp-content\/uploads\/2021\/02\/la-vacunacion-1.jpg",1024,531,false],"newsever-medium":["https:\/\/experienciadevida.com.ar\/portalurbano\/wp-content\/uploads\/2021\/02\/la-vacunacion-1.jpg",720,374,false],"web-stories-poster-portrait":["https:\/\/experienciadevida.com.ar\/portalurbano\/wp-content\/uploads\/2021\/02\/la-vacunacion-1.jpg",640,332,false],"web-stories-publisher-logo":["https:\/\/experienciadevida.com.ar\/portalurbano\/wp-content\/uploads\/2021\/02\/la-vacunacion-1.jpg",96,50,false],"web-stories-thumbnail":["https:\/\/experienciadevida.com.ar\/portalurbano\/wp-content\/uploads\/2021\/02\/la-vacunacion-1.jpg",150,78,false]},"author_info":{"display_name":"admpu17wp","author_link":"https:\/\/experienciadevida.com.ar\/portalurbano\/author\/admpu17wp\/"},"category_info":"<a href=\"https:\/\/experienciadevida.com.ar\/portalurbano\/category\/destacadas\/\" rel=\"category tag\">Destacadas<\/a> <a href=\"https:\/\/experienciadevida.com.ar\/portalurbano\/category\/provincia\/\" rel=\"category tag\">Provincia<\/a>","tag_info":"Provincia","comment_count":"0","amp_enabled":true,"_links":{"self":[{"href":"https:\/\/experienciadevida.com.ar\/portalurbano\/wp-json\/wp\/v2\/posts\/135687"}],"collection":[{"href":"https:\/\/experienciadevida.com.ar\/portalurbano\/wp-json\/wp\/v2\/posts"}],"about":[{"href":"https:\/\/experienciadevida.com.ar\/portalurbano\/wp-json\/wp\/v2\/types\/post"}],"author":[{"embeddable":true,"href":"https:\/\/experienciadevida.com.ar\/portalurbano\/wp-json\/wp\/v2\/users\/1"}],"replies":[{"embeddable":true,"href":"https:\/\/experienciadevida.com.ar\/portalurbano\/wp-json\/wp\/v2\/comments?post=135687"}],"version-history":[{"count":1,"href":"https:\/\/experienciadevida.com.ar\/portalurbano\/wp-json\/wp\/v2\/posts\/135687\/revisions"}],"predecessor-version":[{"id":135688,"href":"https:\/\/experienciadevida.com.ar\/portalurbano\/wp-json\/wp\/v2\/posts\/135687\/revisions\/135688"}],"wp:featuredmedia":[{"embeddable":true,"href":"https:\/\/experienciadevida.com.ar\/portalurbano\/wp-json\/wp\/v2\/media\/135563"}],"wp:attachment":[{"href":"https:\/\/experienciadevida.com.ar\/portalurbano\/wp-json\/wp\/v2\/media?parent=135687"}],"wp:term":[{"taxonomy":"category","embeddable":true,"href":"https:\/\/experienciadevida.com.ar\/portalurbano\/wp-json\/wp\/v2\/categories?post=135687"},{"taxonomy":"post_tag","embeddable":true,"href":"https:\/\/experienciadevida.com.ar\/portalurbano\/wp-json\/wp\/v2\/tags?post=135687"}],"curies":[{"name":"wp","href":"https:\/\/api.w.org\/{rel}","templated":true}]}}