{"id":135678,"date":"2021-02-21T22:43:31","date_gmt":"2021-02-22T01:43:31","guid":{"rendered":"https:\/\/experienciadevida.com.ar\/portalurbano\/?p=135678"},"modified":"2021-02-21T22:44:16","modified_gmt":"2021-02-22T01:44:16","slug":"fernandez-le-pidio-a-vizzotti-que-protocolice-al-maximo-la-aplicacion-de-vacunas","status":"publish","type":"post","link":"https:\/\/experienciadevida.com.ar\/portalurbano\/fernandez-le-pidio-a-vizzotti-que-protocolice-al-maximo-la-aplicacion-de-vacunas\/","title":{"rendered":"Fern\u00e1ndez le pidi\u00f3 a Vizzotti que \u201cprotocolice al m\u00e1ximo\u201d la aplicaci\u00f3n de vacunas"},"content":{"rendered":"<div class=\"td_block_wrap tdb_title tdi_71_326 tdb-single-title td-pb-border-top td_block_template_1\" data-td-block-uid=\"tdi_71_326\">\n<div class=\"tdb-block-inner td-fix-index\">\n<p class=\"tdb-title-text\">Fern\u00e1ndez le pidi\u00f3 a Vizzotti que \u201cprotocolice al m\u00e1ximo\u201d la aplicaci\u00f3n de vacunas. El Presidente dijo esta tarde que \u201clo sucedido en el Ministerio de Salud fue un hecho que aunque excepcional no puede avalarse\u201d, aunque sostuvo que Gonz\u00e1lez Garc\u00eda fue \u201cfundamental\u201d para enfrentar la pandemia.<\/p>\n<p>El presidente Alberto Fern\u00e1ndez sostuvo hoy que la vacunaci\u00f3n en el Ministerio de Salud fue \u201cun hecho reprochable\u201d, pero advirti\u00f3 que Gin\u00e9s Gonz\u00e1lez Garc\u00eda fue \u201cuna persona fundamental\u201d para enfrentar la pandemia de coronavirus. En tanto, cont\u00f3 que le pidi\u00f3 a Carla Vizzotti que \u201cprotocolice al m\u00e1ximo\u201d la aplicaci\u00f3n de vacunas.<\/p>\n<p>Tras el esc\u00e1ndalo por las vacunaciones VIP contra el coronavirus que terminaron con la renuncia de Gonz\u00e1lez Garc\u00eda, Fern\u00e1ndez se manifest\u00f3 hoy a trav\u00e9s de un hilo en su cuenta de Twitter.<\/p>\n<p>Fern\u00e1ndez le pidi\u00f3 a Vizziotti que protocolice la aplicaci\u00f3n de vacunas, el Mandatario dijo que se trat\u00f3 de un evento \u201creprochable\u201d. \u201cLo sucedido en el Ministerio de Salud fue un hecho que aunque excepcional no puede avalarse\u201d, indic\u00f3. Y agreg\u00f3: \u201cEllo es as\u00ed a\u00fan cuando los vacunados estaban en condiciones objetivas (por la edad o las condiciones f\u00edsicas) de recibirlas\u201d.<\/p>\n<p>Asimismo, el Presidente indic\u00f3 que \u201csobre esas personas se ha montado un escenario medi\u00e1tico de escarnio p\u00fablico\u201d, algo que \u201cno quiero avalar con mi silencio semejante proceder\u201d.<\/p>\n<p>\u201cGuardo por Gin\u00e9s Gonz\u00e1lez Garc\u00eda mi sincera gratitud. Ha sido una persona fundamental para que la pandemia no arrecie sobre los argentinos. Ha sido capaz de poner de pie un sistema de salud quebrado y de darle a cada argentino la atenci\u00f3n pertinente cuando el virus lo hizo v\u00edctima\u201d, subray\u00f3.<\/p>\n<p>Fern\u00e1ndez le pidi\u00f3 a Vizziotti que protocolice la aplicaci\u00f3n de vacunas, en tanto, adelant\u00f3 que le encomend\u00f3 a la flamante ministra Carla Vizzotti que \u201cprotocolice al m\u00e1ximo el suministro y aplicaci\u00f3n de vacunas considerando la situaci\u00f3n de las personas expuestas por la labor que ejercen\u201d. \u201cDebemos trabajar para evitar que estas situaciones vuelvan a repetirse\u201d, sostuvo.<\/p>\n<p>Finalmente, cont\u00f3 que en Argentina \u201cm\u00e1s de 700 mil personas han recibido dosis de la vacuna\u201d y que \u201cm\u00e1s de 400 mil personas ya recibieron las dos dosis y han logrado inmunizarse\u201d. \u201cEl ritmo de vacunaci\u00f3n comienza a acelerarse con la llegada al pa\u00eds de m\u00e1s vacunas\u201d, indic\u00f3.<\/p>\n<p>Y finaliz\u00f3: \u201cEs prop\u00f3sito del gobierno nacional hacer que las vacunas adquiridas lleguen en tiempo y forma cuanto antes para suministrarlas a cada habitante de esta Patria. All\u00ed estuvieron, est\u00e1n y estar\u00e1n puestos todos nuestros esfuerzos\u201d.<\/p>\n<p>El Presidente hab\u00eda dicho que le pidi\u00f3 la renuncia a Gonz\u00e1lez Garc\u00eda \u201ccon dolor\u201d, pero que \u201cla la pol\u00edtica es \u00e9tica y tenemos que terminar con este tipo de pr\u00e1cticas\u201d.<\/p>\n<p>Fuente: DIB<\/p>\n<\/div>\n<\/div>\n","protected":false},"excerpt":{"rendered":"<p>Fern\u00e1ndez le pidi\u00f3 a Vizzotti que \u201cprotocolice al m\u00e1ximo\u201d la aplicaci\u00f3n de vacunas. El Presidente&#8230;<\/p>\n","protected":false},"author":1,"featured_media":135679,"comment_status":"closed","ping_status":"closed","sticky":false,"template":"","format":"standard","meta":{"content-type":""},"categories":[71,64,39],"tags":[],"nelio_content":{"isAutoShareEnabled":false,"autoShareEndMode":"default","automationSources":{"useContentSentences":true,"useSocialTemplates":true,"useCustomSentences":false,"customSentences":[]},"followers":[1],"suggestedReferences":[],"includedReferences":[],"efiUrl":"","efiAlt":"","highlights":[]},"yoast_head":"<!-- This site is optimized with the Yoast SEO plugin v20.7 - https:\/\/yoast.com\/wordpress\/plugins\/seo\/ -->\n<title>Fern\u00e1ndez le pidi\u00f3 a Vizzotti que protocolice al m\u00e1ximo la aplicaci\u00f3n<\/title>\n<meta name=\"description\" content=\"Fern\u00e1ndez le pidi\u00f3 a Vizzotti que \u201cprotocolice al m\u00e1ximo\u201d la aplicaci\u00f3n de vacunas, dijo que lo que sucedi\u00f3 fue reprochable.\" \/>\n<meta name=\"robots\" content=\"index, follow, max-snippet:-1, max-image-preview:large, max-video-preview:-1\" \/>\n<link rel=\"canonical\" href=\"https:\/\/experienciadevida.com.ar\/portalurbano\/fernandez-le-pidio-a-vizzotti-que-protocolice-al-maximo-la-aplicacion-de-vacunas\/\" \/>\n<meta property=\"og:locale\" content=\"es_ES\" \/>\n<meta property=\"og:type\" content=\"article\" \/>\n<meta property=\"og:title\" content=\"Fern\u00e1ndez le pidi\u00f3 a Vizzotti que protocolice al m\u00e1ximo la aplicaci\u00f3n\" \/>\n<meta property=\"og:description\" content=\"Fern\u00e1ndez le pidi\u00f3 a Vizzotti que \u201cprotocolice al m\u00e1ximo\u201d la aplicaci\u00f3n de vacunas, dijo que lo que sucedi\u00f3 fue reprochable.\" \/>\n<meta property=\"og:url\" content=\"https:\/\/experienciadevida.com.ar\/portalurbano\/fernandez-le-pidio-a-vizzotti-que-protocolice-al-maximo-la-aplicacion-de-vacunas\/\" \/>\n<meta property=\"article:publisher\" content=\"https:\/\/www.facebook.com\/Portal-Urbano-171542830093757\/\" \/>\n<meta property=\"article:published_time\" content=\"2021-02-22T01:43:31+00:00\" \/>\n<meta property=\"article:modified_time\" content=\"2021-02-22T01:44:16+00:00\" \/>\n<meta property=\"og:image\" content=\"https:\/\/experienciadevida.com.ar\/portalurbano\/wp-content\/uploads\/2021\/02\/Fernandez-le-pidio-a-Vizzotti.jpg\" \/>\n\t<meta property=\"og:image:width\" content=\"696\" \/>\n\t<meta property=\"og:image:height\" content=\"425\" \/>\n\t<meta property=\"og:image:type\" content=\"image\/jpeg\" \/>\n<meta name=\"author\" content=\"admpu17wp\" \/>\n<meta name=\"twitter:card\" content=\"summary_large_image\" \/>\n<meta name=\"twitter:creator\" content=\"@portalurbanook\" \/>\n<meta name=\"twitter:site\" content=\"@portalurbanook\" \/>\n<meta name=\"twitter:label1\" content=\"Escrito por\" \/>\n\t<meta name=\"twitter:data1\" content=\"admpu17wp\" \/>\n\t<meta name=\"twitter:label2\" content=\"Tiempo de lectura\" \/>\n\t<meta name=\"twitter:data2\" content=\"2 minutos\" \/>\n<script type=\"application\/ld+json\" class=\"yoast-schema-graph\">{\"@context\":\"https:\/\/schema.org\",\"@graph\":[{\"@type\":\"Article\",\"@id\":\"https:\/\/experienciadevida.com.ar\/portalurbano\/fernandez-le-pidio-a-vizzotti-que-protocolice-al-maximo-la-aplicacion-de-vacunas\/#article\",\"isPartOf\":{\"@id\":\"https:\/\/experienciadevida.com.ar\/portalurbano\/fernandez-le-pidio-a-vizzotti-que-protocolice-al-maximo-la-aplicacion-de-vacunas\/\"},\"author\":{\"name\":\"admpu17wp\",\"@id\":\"https:\/\/experienciadevida.com.ar\/portalurbano\/#\/schema\/person\/02dd326b1c4b056e9cc972486934a3a7\"},\"headline\":\"Fern\u00e1ndez le pidi\u00f3 a Vizzotti que \u201cprotocolice al m\u00e1ximo\u201d la aplicaci\u00f3n de vacunas\",\"datePublished\":\"2021-02-22T01:43:31+00:00\",\"dateModified\":\"2021-02-22T01:44:16+00:00\",\"mainEntityOfPage\":{\"@id\":\"https:\/\/experienciadevida.com.ar\/portalurbano\/fernandez-le-pidio-a-vizzotti-que-protocolice-al-maximo-la-aplicacion-de-vacunas\/\"},\"wordCount\":498,\"publisher\":{\"@id\":\"https:\/\/experienciadevida.com.ar\/portalurbano\/#organization\"},\"articleSection\":[\"Coronavirus\",\"Destacadas 2\",\"Naci\u00f3n\"],\"inLanguage\":\"es\"},{\"@type\":\"WebPage\",\"@id\":\"https:\/\/experienciadevida.com.ar\/portalurbano\/fernandez-le-pidio-a-vizzotti-que-protocolice-al-maximo-la-aplicacion-de-vacunas\/\",\"url\":\"https:\/\/experienciadevida.com.ar\/portalurbano\/fernandez-le-pidio-a-vizzotti-que-protocolice-al-maximo-la-aplicacion-de-vacunas\/\",\"name\":\"Fern\u00e1ndez le pidi\u00f3 a Vizzotti que protocolice al m\u00e1ximo la aplicaci\u00f3n\",\"isPartOf\":{\"@id\":\"https:\/\/experienciadevida.com.ar\/portalurbano\/#website\"},\"datePublished\":\"2021-02-22T01:43:31+00:00\",\"dateModified\":\"2021-02-22T01:44:16+00:00\",\"description\":\"Fern\u00e1ndez le pidi\u00f3 a Vizzotti que \u201cprotocolice al m\u00e1ximo\u201d la aplicaci\u00f3n de vacunas, dijo que lo que sucedi\u00f3 fue reprochable.\",\"breadcrumb\":{\"@id\":\"https:\/\/experienciadevida.com.ar\/portalurbano\/fernandez-le-pidio-a-vizzotti-que-protocolice-al-maximo-la-aplicacion-de-vacunas\/#breadcrumb\"},\"inLanguage\":\"es\",\"potentialAction\":[{\"@type\":\"ReadAction\",\"target\":[\"https:\/\/experienciadevida.com.ar\/portalurbano\/fernandez-le-pidio-a-vizzotti-que-protocolice-al-maximo-la-aplicacion-de-vacunas\/\"]}]},{\"@type\":\"BreadcrumbList\",\"@id\":\"https:\/\/experienciadevida.com.ar\/portalurbano\/fernandez-le-pidio-a-vizzotti-que-protocolice-al-maximo-la-aplicacion-de-vacunas\/#breadcrumb\",\"itemListElement\":[{\"@type\":\"ListItem\",\"position\":1,\"name\":\"Portada\",\"item\":\"https:\/\/experienciadevida.com.ar\/portalurbano\/\"},{\"@type\":\"ListItem\",\"position\":2,\"name\":\"Fern\u00e1ndez le pidi\u00f3 a Vizzotti que \u201cprotocolice al m\u00e1ximo\u201d la aplicaci\u00f3n de vacunas\"}]},{\"@type\":\"WebSite\",\"@id\":\"https:\/\/experienciadevida.com.ar\/portalurbano\/#website\",\"url\":\"https:\/\/experienciadevida.com.ar\/portalurbano\/\",\"name\":\"\",\"description\":\"\",\"publisher\":{\"@id\":\"https:\/\/experienciadevida.com.ar\/portalurbano\/#organization\"},\"potentialAction\":[{\"@type\":\"SearchAction\",\"target\":{\"@type\":\"EntryPoint\",\"urlTemplate\":\"https:\/\/experienciadevida.com.ar\/portalurbano\/?s={search_term_string}\"},\"query-input\":\"required name=search_term_string\"}],\"inLanguage\":\"es\"},{\"@type\":\"Organization\",\"@id\":\"https:\/\/experienciadevida.com.ar\/portalurbano\/#organization\",\"name\":\"Portal Urbano\",\"url\":\"https:\/\/experienciadevida.com.ar\/portalurbano\/\",\"logo\":{\"@type\":\"ImageObject\",\"inLanguage\":\"es\",\"@id\":\"https:\/\/experienciadevida.com.ar\/portalurbano\/#\/schema\/logo\/image\/\",\"url\":\"https:\/\/experienciadevida.com.ar\/portalurbano\/wp-content\/uploads\/2019\/09\/Logo-Original.png\",\"contentUrl\":\"https:\/\/experienciadevida.com.ar\/portalurbano\/wp-content\/uploads\/2019\/09\/Logo-Original.png\",\"width\":2236,\"height\":1216,\"caption\":\"Portal Urbano\"},\"image\":{\"@id\":\"https:\/\/experienciadevida.com.ar\/portalurbano\/#\/schema\/logo\/image\/\"},\"sameAs\":[\"https:\/\/www.facebook.com\/Portal-Urbano-171542830093757\/\",\"https:\/\/twitter.com\/portalurbanook\",\"https:\/\/www.instagram.com\/_portalurbano\/\",\"https:\/\/www.youtube.com\/channel\/UCXhagIfszH8KxFiOok79zbA?view_as=subscriber\"]},{\"@type\":\"Person\",\"@id\":\"https:\/\/experienciadevida.com.ar\/portalurbano\/#\/schema\/person\/02dd326b1c4b056e9cc972486934a3a7\",\"name\":\"admpu17wp\",\"image\":{\"@type\":\"ImageObject\",\"inLanguage\":\"es\",\"@id\":\"https:\/\/experienciadevida.com.ar\/portalurbano\/#\/schema\/person\/image\/\",\"url\":\"https:\/\/secure.gravatar.com\/avatar\/830d4c57adaae6630765e449a6908047?s=96&d=mm&r=g\",\"contentUrl\":\"https:\/\/secure.gravatar.com\/avatar\/830d4c57adaae6630765e449a6908047?s=96&d=mm&r=g\",\"caption\":\"admpu17wp\"}}]}<\/script>\n<!-- \/ Yoast SEO plugin. -->","yoast_head_json":{"title":"Fern\u00e1ndez le pidi\u00f3 a Vizzotti que protocolice al m\u00e1ximo la aplicaci\u00f3n","description":"Fern\u00e1ndez le pidi\u00f3 a Vizzotti que \u201cprotocolice al m\u00e1ximo\u201d la aplicaci\u00f3n de vacunas, dijo que lo que sucedi\u00f3 fue reprochable.","robots":{"index":"index","follow":"follow","max-snippet":"max-snippet:-1","max-image-preview":"max-image-preview:large","max-video-preview":"max-video-preview:-1"},"canonical":"https:\/\/experienciadevida.com.ar\/portalurbano\/fernandez-le-pidio-a-vizzotti-que-protocolice-al-maximo-la-aplicacion-de-vacunas\/","og_locale":"es_ES","og_type":"article","og_title":"Fern\u00e1ndez le pidi\u00f3 a Vizzotti que protocolice al m\u00e1ximo la aplicaci\u00f3n","og_description":"Fern\u00e1ndez le pidi\u00f3 a Vizzotti que \u201cprotocolice al m\u00e1ximo\u201d la aplicaci\u00f3n de vacunas, dijo que lo que sucedi\u00f3 fue reprochable.","og_url":"https:\/\/experienciadevida.com.ar\/portalurbano\/fernandez-le-pidio-a-vizzotti-que-protocolice-al-maximo-la-aplicacion-de-vacunas\/","article_publisher":"https:\/\/www.facebook.com\/Portal-Urbano-171542830093757\/","article_published_time":"2021-02-22T01:43:31+00:00","article_modified_time":"2021-02-22T01:44:16+00:00","og_image":[{"width":696,"height":425,"url":"https:\/\/experienciadevida.com.ar\/portalurbano\/wp-content\/uploads\/2021\/02\/Fernandez-le-pidio-a-Vizzotti.jpg","type":"image\/jpeg"}],"author":"admpu17wp","twitter_card":"summary_large_image","twitter_creator":"@portalurbanook","twitter_site":"@portalurbanook","twitter_misc":{"Escrito por":"admpu17wp","Tiempo de lectura":"2 minutos"},"schema":{"@context":"https:\/\/schema.org","@graph":[{"@type":"Article","@id":"https:\/\/experienciadevida.com.ar\/portalurbano\/fernandez-le-pidio-a-vizzotti-que-protocolice-al-maximo-la-aplicacion-de-vacunas\/#article","isPartOf":{"@id":"https:\/\/experienciadevida.com.ar\/portalurbano\/fernandez-le-pidio-a-vizzotti-que-protocolice-al-maximo-la-aplicacion-de-vacunas\/"},"author":{"name":"admpu17wp","@id":"https:\/\/experienciadevida.com.ar\/portalurbano\/#\/schema\/person\/02dd326b1c4b056e9cc972486934a3a7"},"headline":"Fern\u00e1ndez le pidi\u00f3 a Vizzotti que \u201cprotocolice al m\u00e1ximo\u201d la aplicaci\u00f3n de vacunas","datePublished":"2021-02-22T01:43:31+00:00","dateModified":"2021-02-22T01:44:16+00:00","mainEntityOfPage":{"@id":"https:\/\/experienciadevida.com.ar\/portalurbano\/fernandez-le-pidio-a-vizzotti-que-protocolice-al-maximo-la-aplicacion-de-vacunas\/"},"wordCount":498,"publisher":{"@id":"https:\/\/experienciadevida.com.ar\/portalurbano\/#organization"},"articleSection":["Coronavirus","Destacadas 2","Naci\u00f3n"],"inLanguage":"es"},{"@type":"WebPage","@id":"https:\/\/experienciadevida.com.ar\/portalurbano\/fernandez-le-pidio-a-vizzotti-que-protocolice-al-maximo-la-aplicacion-de-vacunas\/","url":"https:\/\/experienciadevida.com.ar\/portalurbano\/fernandez-le-pidio-a-vizzotti-que-protocolice-al-maximo-la-aplicacion-de-vacunas\/","name":"Fern\u00e1ndez le pidi\u00f3 a Vizzotti que protocolice al m\u00e1ximo la aplicaci\u00f3n","isPartOf":{"@id":"https:\/\/experienciadevida.com.ar\/portalurbano\/#website"},"datePublished":"2021-02-22T01:43:31+00:00","dateModified":"2021-02-22T01:44:16+00:00","description":"Fern\u00e1ndez le pidi\u00f3 a Vizzotti que \u201cprotocolice al m\u00e1ximo\u201d la aplicaci\u00f3n de vacunas, dijo que lo que sucedi\u00f3 fue reprochable.","breadcrumb":{"@id":"https:\/\/experienciadevida.com.ar\/portalurbano\/fernandez-le-pidio-a-vizzotti-que-protocolice-al-maximo-la-aplicacion-de-vacunas\/#breadcrumb"},"inLanguage":"es","potentialAction":[{"@type":"ReadAction","target":["https:\/\/experienciadevida.com.ar\/portalurbano\/fernandez-le-pidio-a-vizzotti-que-protocolice-al-maximo-la-aplicacion-de-vacunas\/"]}]},{"@type":"BreadcrumbList","@id":"https:\/\/experienciadevida.com.ar\/portalurbano\/fernandez-le-pidio-a-vizzotti-que-protocolice-al-maximo-la-aplicacion-de-vacunas\/#breadcrumb","itemListElement":[{"@type":"ListItem","position":1,"name":"Portada","item":"https:\/\/experienciadevida.com.ar\/portalurbano\/"},{"@type":"ListItem","position":2,"name":"Fern\u00e1ndez le pidi\u00f3 a Vizzotti que \u201cprotocolice al m\u00e1ximo\u201d la aplicaci\u00f3n de vacunas"}]},{"@type":"WebSite","@id":"https:\/\/experienciadevida.com.ar\/portalurbano\/#website","url":"https:\/\/experienciadevida.com.ar\/portalurbano\/","name":"","description":"","publisher":{"@id":"https:\/\/experienciadevida.com.ar\/portalurbano\/#organization"},"potentialAction":[{"@type":"SearchAction","target":{"@type":"EntryPoint","urlTemplate":"https:\/\/experienciadevida.com.ar\/portalurbano\/?s={search_term_string}"},"query-input":"required name=search_term_string"}],"inLanguage":"es"},{"@type":"Organization","@id":"https:\/\/experienciadevida.com.ar\/portalurbano\/#organization","name":"Portal Urbano","url":"https:\/\/experienciadevida.com.ar\/portalurbano\/","logo":{"@type":"ImageObject","inLanguage":"es","@id":"https:\/\/experienciadevida.com.ar\/portalurbano\/#\/schema\/logo\/image\/","url":"https:\/\/experienciadevida.com.ar\/portalurbano\/wp-content\/uploads\/2019\/09\/Logo-Original.png","contentUrl":"https:\/\/experienciadevida.com.ar\/portalurbano\/wp-content\/uploads\/2019\/09\/Logo-Original.png","width":2236,"height":1216,"caption":"Portal Urbano"},"image":{"@id":"https:\/\/experienciadevida.com.ar\/portalurbano\/#\/schema\/logo\/image\/"},"sameAs":["https:\/\/www.facebook.com\/Portal-Urbano-171542830093757\/","https:\/\/twitter.com\/portalurbanook","https:\/\/www.instagram.com\/_portalurbano\/","https:\/\/www.youtube.com\/channel\/UCXhagIfszH8KxFiOok79zbA?view_as=subscriber"]},{"@type":"Person","@id":"https:\/\/experienciadevida.com.ar\/portalurbano\/#\/schema\/person\/02dd326b1c4b056e9cc972486934a3a7","name":"admpu17wp","image":{"@type":"ImageObject","inLanguage":"es","@id":"https:\/\/experienciadevida.com.ar\/portalurbano\/#\/schema\/person\/image\/","url":"https:\/\/secure.gravatar.com\/avatar\/830d4c57adaae6630765e449a6908047?s=96&d=mm&r=g","contentUrl":"https:\/\/secure.gravatar.com\/avatar\/830d4c57adaae6630765e449a6908047?s=96&d=mm&r=g","caption":"admpu17wp"}}]}},"featured_image_urls":{"full":["https:\/\/experienciadevida.com.ar\/portalurbano\/wp-content\/uploads\/2021\/02\/Fernandez-le-pidio-a-Vizzotti.jpg",696,425,false],"thumbnail":["https:\/\/experienciadevida.com.ar\/portalurbano\/wp-content\/uploads\/2021\/02\/Fernandez-le-pidio-a-Vizzotti-150x150.jpg",150,150,true],"medium":["https:\/\/experienciadevida.com.ar\/portalurbano\/wp-content\/uploads\/2021\/02\/Fernandez-le-pidio-a-Vizzotti-300x183.jpg",300,183,true],"medium_large":["https:\/\/experienciadevida.com.ar\/portalurbano\/wp-content\/uploads\/2021\/02\/Fernandez-le-pidio-a-Vizzotti.jpg",640,391,false],"large":["https:\/\/experienciadevida.com.ar\/portalurbano\/wp-content\/uploads\/2021\/02\/Fernandez-le-pidio-a-Vizzotti.jpg",640,391,false],"ug_big":["https:\/\/experienciadevida.com.ar\/portalurbano\/wp-content\/uploads\/2021\/02\/Fernandez-le-pidio-a-Vizzotti.jpg",696,425,false],"1536x1536":["https:\/\/experienciadevida.com.ar\/portalurbano\/wp-content\/uploads\/2021\/02\/Fernandez-le-pidio-a-Vizzotti.jpg",696,425,false],"2048x2048":["https:\/\/experienciadevida.com.ar\/portalurbano\/wp-content\/uploads\/2021\/02\/Fernandez-le-pidio-a-Vizzotti.jpg",696,425,false],"newsever-slider-full":["https:\/\/experienciadevida.com.ar\/portalurbano\/wp-content\/uploads\/2021\/02\/Fernandez-le-pidio-a-Vizzotti.jpg",696,425,false],"newsever-featured":["https:\/\/experienciadevida.com.ar\/portalurbano\/wp-content\/uploads\/2021\/02\/Fernandez-le-pidio-a-Vizzotti.jpg",696,425,false],"newsever-medium":["https:\/\/experienciadevida.com.ar\/portalurbano\/wp-content\/uploads\/2021\/02\/Fernandez-le-pidio-a-Vizzotti.jpg",696,425,false],"web-stories-poster-portrait":["https:\/\/experienciadevida.com.ar\/portalurbano\/wp-content\/uploads\/2021\/02\/Fernandez-le-pidio-a-Vizzotti.jpg",640,391,false],"web-stories-publisher-logo":["https:\/\/experienciadevida.com.ar\/portalurbano\/wp-content\/uploads\/2021\/02\/Fernandez-le-pidio-a-Vizzotti.jpg",96,59,false],"web-stories-thumbnail":["https:\/\/experienciadevida.com.ar\/portalurbano\/wp-content\/uploads\/2021\/02\/Fernandez-le-pidio-a-Vizzotti.jpg",150,92,false]},"author_info":{"display_name":"admpu17wp","author_link":"https:\/\/experienciadevida.com.ar\/portalurbano\/author\/admpu17wp\/"},"category_info":"<a href=\"https:\/\/experienciadevida.com.ar\/portalurbano\/category\/nacion\/coronavirus\/\" rel=\"category tag\">Coronavirus<\/a> <a href=\"https:\/\/experienciadevida.com.ar\/portalurbano\/category\/destacadas-2\/\" rel=\"category tag\">Destacadas 2<\/a> <a href=\"https:\/\/experienciadevida.com.ar\/portalurbano\/category\/nacion\/\" rel=\"category tag\">Naci\u00f3n<\/a>","tag_info":"Naci\u00f3n","comment_count":"0","amp_enabled":true,"_links":{"self":[{"href":"https:\/\/experienciadevida.com.ar\/portalurbano\/wp-json\/wp\/v2\/posts\/135678"}],"collection":[{"href":"https:\/\/experienciadevida.com.ar\/portalurbano\/wp-json\/wp\/v2\/posts"}],"about":[{"href":"https:\/\/experienciadevida.com.ar\/portalurbano\/wp-json\/wp\/v2\/types\/post"}],"author":[{"embeddable":true,"href":"https:\/\/experienciadevida.com.ar\/portalurbano\/wp-json\/wp\/v2\/users\/1"}],"replies":[{"embeddable":true,"href":"https:\/\/experienciadevida.com.ar\/portalurbano\/wp-json\/wp\/v2\/comments?post=135678"}],"version-history":[{"count":1,"href":"https:\/\/experienciadevida.com.ar\/portalurbano\/wp-json\/wp\/v2\/posts\/135678\/revisions"}],"predecessor-version":[{"id":135680,"href":"https:\/\/experienciadevida.com.ar\/portalurbano\/wp-json\/wp\/v2\/posts\/135678\/revisions\/135680"}],"wp:featuredmedia":[{"embeddable":true,"href":"https:\/\/experienciadevida.com.ar\/portalurbano\/wp-json\/wp\/v2\/media\/135679"}],"wp:attachment":[{"href":"https:\/\/experienciadevida.com.ar\/portalurbano\/wp-json\/wp\/v2\/media?parent=135678"}],"wp:term":[{"taxonomy":"category","embeddable":true,"href":"https:\/\/experienciadevida.com.ar\/portalurbano\/wp-json\/wp\/v2\/categories?post=135678"},{"taxonomy":"post_tag","embeddable":true,"href":"https:\/\/experienciadevida.com.ar\/portalurbano\/wp-json\/wp\/v2\/tags?post=135678"}],"curies":[{"name":"wp","href":"https:\/\/api.w.org\/{rel}","templated":true}]}}