{"id":135621,"date":"2021-02-21T10:52:43","date_gmt":"2021-02-21T13:52:43","guid":{"rendered":"https:\/\/experienciadevida.com.ar\/portalurbano\/?p=135621"},"modified":"2021-02-21T11:03:50","modified_gmt":"2021-02-21T14:03:50","slug":"el-movimiento-evita-comenzo-la-campana-organizacion-comunitaria-para-la-reconstruccion-argentina","status":"publish","type":"post","link":"https:\/\/experienciadevida.com.ar\/portalurbano\/el-movimiento-evita-comenzo-la-campana-organizacion-comunitaria-para-la-reconstruccion-argentina\/","title":{"rendered":"El Movimiento Evita comenz\u00f3 la campa\u00f1a &#8220;organizaci\u00f3n comunitaria para la reconstrucci\u00f3n Argentina&#8221;"},"content":{"rendered":"<p>El <a href=\"https:\/\/www.facebook.com\/movimientoevitaolavarria\">Movimiento Evita<\/a> comenz\u00f3 la campa\u00f1a &#8220;organizaci\u00f3n comunitaria para la reconstrucci\u00f3n Argentina&#8221;. Las organizaciones sociales y populares, que integran la Uni\u00f3n de Trabajadores de la Econom\u00eda Popular (UTEP) con el Movimiento Evita, Barrios de Pie y la CCC, lanzaron el s\u00e1bado 30 de enero la campa\u00f1a \u201cOrganizaci\u00f3n<br \/>\nComunitaria para la Reconstrucci\u00f3n argentina\u201d.<\/p>\n<p>Este plan de largo aliento cuenta con la participaci\u00f3n de 150.000 personas quienes desplegar\u00e1n en todos los barrios del pa\u00eds actividades de prevenci\u00f3n, promoci\u00f3n sanitaria y apoyo educativo, en el marco de la pandemia por Covid-19.<\/p>\n<p>En Olavarr\u00eda tuvo su primera instancia hoy desde las 9 hs en el Barrio Hip\u00f3lito Yrigoyen con un puerta a puerta donde se charl\u00f3 con los vecinos y vecinas acerca de la importancia de la vacunaci\u00f3n y se les dej\u00f3 material informativo en ese mismo sentido. Al mismo tiempo la Sociedad de Fomento del barrio funcion\u00f3 como punto de referencia donde la gente se acerc\u00f3 a realizar la inscripci\u00f3n y buscar asesoramiento.<\/p>\n<p>Esta campa\u00f1a se desarrolla sobre 5 ejes: la prevenci\u00f3n de contagios, la promoci\u00f3n de la vacuna, el refuerzo educativo, campa\u00f1as contra la violencia hacia las mujeres y la seguridad comunitaria. De esta forma &#8220;potenciaremos<br \/>\na\u00fan m\u00e1s las tareas sociales que ya venimos desarrollando desde miles de comedores, merenderos y centros comunitarios y educativos&#8221;, mencionaron.<\/p>\n<p>Ariel Rodr\u00edguez, responsable pol\u00edtico del Movimiento Evita Olavarr\u00eda dijo que &#8220;en general nos encontramos con muy buena predisposici\u00f3n de los vecinos y vecinas. Muchos ya se encontraban inscriptos y hay ganas de recibir la vacuna, que en definitiva es lo \u00fanico que nos trae esperanza.\u00a0 Consideramos que eso es resultado de la confianza en las pol\u00edticas p\u00fablicas que desde un principio implement\u00f3 el gobierno nacional para cuidar de todos&#8221;.<\/p>\n<p>&#8220;Nosotros como movimiento social y pol\u00edtico hemos tomado esta tarea con mucho compromiso: somos el brazo del Estado para poder llegar a cada rinc\u00f3n del pa\u00eds. El rumbo para nosotros es profundizar la tarea de un Estado m\u00e1s amplio, diverso y eficiente y eso implica tambi\u00e9n estar m\u00e1s atentos a las manipulaciones de quienes pretenden confundir a la poblaci\u00f3n con operaciones medi\u00e1ticas que no hacen m\u00e1s que generar incertidumbre y\u00a0 miedo. La recuperaci\u00f3n de los sectores medios y m\u00e1s postergados depende de la recuperaci\u00f3n del tejido social laboral&#8221;.<\/p>\n<p>El pr\u00f3ximo s\u00e1bado continuar\u00e1n con la campa\u00f1a en otros puntos de la ciudad que informar\u00e1n oportunamente.<\/p>\n<p><a href=\"https:\/\/experienciadevida.com.ar\/portalurbano\/el-movimiento-evita-comenzo-la-campana-organizacion-comunitaria-para-la-reconstruccion-argentina\/el-movimiento\/\" rel=\"attachment wp-att-135625\"><img decoding=\"async\" class=\"alignnone size-full wp-image-135625\" src=\"https:\/\/experienciadevida.com.ar\/portalurbano\/wp-content\/uploads\/2021\/02\/El-movimiento.jpeg\" alt=\"El movimiento\" width=\"765\" height=\"510\" srcset=\"https:\/\/experienciadevida.com.ar\/portalurbano\/wp-content\/uploads\/2021\/02\/El-movimiento.jpeg 765w, https:\/\/experienciadevida.com.ar\/portalurbano\/wp-content\/uploads\/2021\/02\/El-movimiento-300x200.jpeg 300w\" sizes=\"(max-width: 765px) 100vw, 765px\" \/><\/a><\/p>\n<p><a href=\"https:\/\/experienciadevida.com.ar\/portalurbano\/el-movimiento-evita-comenzo-la-campana-organizacion-comunitaria-para-la-reconstruccion-argentina\/evita-3\/\" rel=\"attachment wp-att-135626\"><img decoding=\"async\" class=\"alignnone size-full wp-image-135626\" src=\"https:\/\/experienciadevida.com.ar\/portalurbano\/wp-content\/uploads\/2021\/02\/Evita.jpeg\" alt=\"Evita\" width=\"1232\" height=\"816\" srcset=\"https:\/\/experienciadevida.com.ar\/portalurbano\/wp-content\/uploads\/2021\/02\/Evita.jpeg 1232w, https:\/\/experienciadevida.com.ar\/portalurbano\/wp-content\/uploads\/2021\/02\/Evita-300x199.jpeg 300w, https:\/\/experienciadevida.com.ar\/portalurbano\/wp-content\/uploads\/2021\/02\/Evita-1024x678.jpeg 1024w, https:\/\/experienciadevida.com.ar\/portalurbano\/wp-content\/uploads\/2021\/02\/Evita-768x509.jpeg 768w\" sizes=\"(max-width: 1232px) 100vw, 1232px\" \/><\/a><\/p>\n<p><a href=\"https:\/\/experienciadevida.com.ar\/portalurbano\/el-movimiento-evita-comenzo-la-campana-organizacion-comunitaria-para-la-reconstruccion-argentina\/movimiento\/\" rel=\"attachment wp-att-135627\"><img decoding=\"async\" class=\"alignnone size-full wp-image-135627\" src=\"https:\/\/experienciadevida.com.ar\/portalurbano\/wp-content\/uploads\/2021\/02\/Movimiento-scaled-e1613916096329.jpg\" alt=\"Movimiento\" width=\"765\" height=\"574\" \/><\/a><\/p>\n<p><a href=\"https:\/\/experienciadevida.com.ar\/portalurbano\/el-movimiento-evita-comenzo-la-campana-organizacion-comunitaria-para-la-reconstruccion-argentina\/dscn5695\/\" rel=\"attachment wp-att-135629\"><img decoding=\"async\" class=\"alignnone size-full wp-image-135629\" src=\"https:\/\/experienciadevida.com.ar\/portalurbano\/wp-content\/uploads\/2021\/02\/DSCN5695-scaled-e1613916188670.jpg\" alt=\"\" width=\"765\" height=\"511\" \/><\/a><\/p>\n","protected":false},"excerpt":{"rendered":"<p>El Movimiento Evita comenz\u00f3 la campa\u00f1a &#8220;organizaci\u00f3n comunitaria para la reconstrucci\u00f3n Argentina&#8221;. Las organizaciones sociales&#8230;<\/p>\n","protected":false},"author":1,"featured_media":135622,"comment_status":"closed","ping_status":"closed","sticky":false,"template":"","format":"standard","meta":{"content-type":""},"categories":[51,43],"tags":[],"nelio_content":{"isAutoShareEnabled":false,"autoShareEndMode":"default","automationSources":{"useContentSentences":true,"useSocialTemplates":true,"useCustomSentences":false,"customSentences":[]},"followers":[1],"suggestedReferences":[],"includedReferences":[],"efiUrl":"","efiAlt":"","highlights":[]},"yoast_head":"<!-- This site is optimized with the Yoast SEO plugin v20.7 - https:\/\/yoast.com\/wordpress\/plugins\/seo\/ -->\n<title>El movimiento Evita comenz\u00f3 la campa\u00f1a &quot;organizaci\u00f3n comunitaria&quot;<\/title>\n<meta name=\"description\" content=\"El Movimiento Evita comenz\u00f3 la campa\u00f1a &quot;organizaci\u00f3n comunitaria para la reconstrucci\u00f3n Argentina&quot;, de promoci\u00f3n sanitaria.\" \/>\n<meta name=\"robots\" content=\"index, follow, max-snippet:-1, max-image-preview:large, max-video-preview:-1\" \/>\n<link rel=\"canonical\" href=\"https:\/\/experienciadevida.com.ar\/portalurbano\/el-movimiento-evita-comenzo-la-campana-organizacion-comunitaria-para-la-reconstruccion-argentina\/\" \/>\n<meta property=\"og:locale\" content=\"es_ES\" \/>\n<meta property=\"og:type\" content=\"article\" \/>\n<meta property=\"og:title\" content=\"El movimiento Evita comenz\u00f3 la campa\u00f1a &quot;organizaci\u00f3n comunitaria&quot;\" \/>\n<meta property=\"og:description\" content=\"El Movimiento Evita comenz\u00f3 la campa\u00f1a &quot;organizaci\u00f3n comunitaria para la reconstrucci\u00f3n Argentina&quot;, de promoci\u00f3n sanitaria.\" \/>\n<meta property=\"og:url\" content=\"https:\/\/experienciadevida.com.ar\/portalurbano\/el-movimiento-evita-comenzo-la-campana-organizacion-comunitaria-para-la-reconstruccion-argentina\/\" \/>\n<meta property=\"article:publisher\" content=\"https:\/\/www.facebook.com\/Portal-Urbano-171542830093757\/\" \/>\n<meta property=\"article:published_time\" content=\"2021-02-21T13:52:43+00:00\" \/>\n<meta property=\"article:modified_time\" content=\"2021-02-21T14:03:50+00:00\" \/>\n<meta property=\"og:image\" content=\"https:\/\/experienciadevida.com.ar\/portalurbano\/wp-content\/uploads\/2021\/02\/El-Movimiento-Evita-comenzo.jpeg\" \/>\n\t<meta property=\"og:image:width\" content=\"1280\" \/>\n\t<meta property=\"og:image:height\" content=\"848\" \/>\n\t<meta property=\"og:image:type\" content=\"image\/jpeg\" \/>\n<meta name=\"author\" content=\"admpu17wp\" \/>\n<meta name=\"twitter:card\" content=\"summary_large_image\" \/>\n<meta name=\"twitter:creator\" content=\"@portalurbanook\" \/>\n<meta name=\"twitter:site\" content=\"@portalurbanook\" \/>\n<meta name=\"twitter:label1\" content=\"Escrito por\" \/>\n\t<meta name=\"twitter:data1\" content=\"admpu17wp\" \/>\n\t<meta name=\"twitter:label2\" content=\"Tiempo de lectura\" \/>\n\t<meta name=\"twitter:data2\" content=\"3 minutos\" \/>\n<script type=\"application\/ld+json\" class=\"yoast-schema-graph\">{\"@context\":\"https:\/\/schema.org\",\"@graph\":[{\"@type\":\"Article\",\"@id\":\"https:\/\/experienciadevida.com.ar\/portalurbano\/el-movimiento-evita-comenzo-la-campana-organizacion-comunitaria-para-la-reconstruccion-argentina\/#article\",\"isPartOf\":{\"@id\":\"https:\/\/experienciadevida.com.ar\/portalurbano\/el-movimiento-evita-comenzo-la-campana-organizacion-comunitaria-para-la-reconstruccion-argentina\/\"},\"author\":{\"name\":\"admpu17wp\",\"@id\":\"https:\/\/experienciadevida.com.ar\/portalurbano\/#\/schema\/person\/02dd326b1c4b056e9cc972486934a3a7\"},\"headline\":\"El Movimiento Evita comenz\u00f3 la campa\u00f1a &#8220;organizaci\u00f3n comunitaria para la reconstrucci\u00f3n Argentina&#8221;\",\"datePublished\":\"2021-02-21T13:52:43+00:00\",\"dateModified\":\"2021-02-21T14:03:50+00:00\",\"mainEntityOfPage\":{\"@id\":\"https:\/\/experienciadevida.com.ar\/portalurbano\/el-movimiento-evita-comenzo-la-campana-organizacion-comunitaria-para-la-reconstruccion-argentina\/\"},\"wordCount\":445,\"publisher\":{\"@id\":\"https:\/\/experienciadevida.com.ar\/portalurbano\/#organization\"},\"articleSection\":[\"Destacadas\",\"Pol\u00edtica\"],\"inLanguage\":\"es\"},{\"@type\":\"WebPage\",\"@id\":\"https:\/\/experienciadevida.com.ar\/portalurbano\/el-movimiento-evita-comenzo-la-campana-organizacion-comunitaria-para-la-reconstruccion-argentina\/\",\"url\":\"https:\/\/experienciadevida.com.ar\/portalurbano\/el-movimiento-evita-comenzo-la-campana-organizacion-comunitaria-para-la-reconstruccion-argentina\/\",\"name\":\"El movimiento Evita comenz\u00f3 la campa\u00f1a \\\"organizaci\u00f3n comunitaria\\\"\",\"isPartOf\":{\"@id\":\"https:\/\/experienciadevida.com.ar\/portalurbano\/#website\"},\"datePublished\":\"2021-02-21T13:52:43+00:00\",\"dateModified\":\"2021-02-21T14:03:50+00:00\",\"description\":\"El Movimiento Evita comenz\u00f3 la campa\u00f1a \\\"organizaci\u00f3n comunitaria para la reconstrucci\u00f3n Argentina\\\", de promoci\u00f3n sanitaria.\",\"breadcrumb\":{\"@id\":\"https:\/\/experienciadevida.com.ar\/portalurbano\/el-movimiento-evita-comenzo-la-campana-organizacion-comunitaria-para-la-reconstruccion-argentina\/#breadcrumb\"},\"inLanguage\":\"es\",\"potentialAction\":[{\"@type\":\"ReadAction\",\"target\":[\"https:\/\/experienciadevida.com.ar\/portalurbano\/el-movimiento-evita-comenzo-la-campana-organizacion-comunitaria-para-la-reconstruccion-argentina\/\"]}]},{\"@type\":\"BreadcrumbList\",\"@id\":\"https:\/\/experienciadevida.com.ar\/portalurbano\/el-movimiento-evita-comenzo-la-campana-organizacion-comunitaria-para-la-reconstruccion-argentina\/#breadcrumb\",\"itemListElement\":[{\"@type\":\"ListItem\",\"position\":1,\"name\":\"Portada\",\"item\":\"https:\/\/experienciadevida.com.ar\/portalurbano\/\"},{\"@type\":\"ListItem\",\"position\":2,\"name\":\"El Movimiento Evita comenz\u00f3 la campa\u00f1a \u00aborganizaci\u00f3n comunitaria para la reconstrucci\u00f3n Argentina\u00bb\"}]},{\"@type\":\"WebSite\",\"@id\":\"https:\/\/experienciadevida.com.ar\/portalurbano\/#website\",\"url\":\"https:\/\/experienciadevida.com.ar\/portalurbano\/\",\"name\":\"\",\"description\":\"\",\"publisher\":{\"@id\":\"https:\/\/experienciadevida.com.ar\/portalurbano\/#organization\"},\"potentialAction\":[{\"@type\":\"SearchAction\",\"target\":{\"@type\":\"EntryPoint\",\"urlTemplate\":\"https:\/\/experienciadevida.com.ar\/portalurbano\/?s={search_term_string}\"},\"query-input\":\"required name=search_term_string\"}],\"inLanguage\":\"es\"},{\"@type\":\"Organization\",\"@id\":\"https:\/\/experienciadevida.com.ar\/portalurbano\/#organization\",\"name\":\"Portal Urbano\",\"url\":\"https:\/\/experienciadevida.com.ar\/portalurbano\/\",\"logo\":{\"@type\":\"ImageObject\",\"inLanguage\":\"es\",\"@id\":\"https:\/\/experienciadevida.com.ar\/portalurbano\/#\/schema\/logo\/image\/\",\"url\":\"https:\/\/experienciadevida.com.ar\/portalurbano\/wp-content\/uploads\/2019\/09\/Logo-Original.png\",\"contentUrl\":\"https:\/\/experienciadevida.com.ar\/portalurbano\/wp-content\/uploads\/2019\/09\/Logo-Original.png\",\"width\":2236,\"height\":1216,\"caption\":\"Portal Urbano\"},\"image\":{\"@id\":\"https:\/\/experienciadevida.com.ar\/portalurbano\/#\/schema\/logo\/image\/\"},\"sameAs\":[\"https:\/\/www.facebook.com\/Portal-Urbano-171542830093757\/\",\"https:\/\/twitter.com\/portalurbanook\",\"https:\/\/www.instagram.com\/_portalurbano\/\",\"https:\/\/www.youtube.com\/channel\/UCXhagIfszH8KxFiOok79zbA?view_as=subscriber\"]},{\"@type\":\"Person\",\"@id\":\"https:\/\/experienciadevida.com.ar\/portalurbano\/#\/schema\/person\/02dd326b1c4b056e9cc972486934a3a7\",\"name\":\"admpu17wp\",\"image\":{\"@type\":\"ImageObject\",\"inLanguage\":\"es\",\"@id\":\"https:\/\/experienciadevida.com.ar\/portalurbano\/#\/schema\/person\/image\/\",\"url\":\"https:\/\/secure.gravatar.com\/avatar\/830d4c57adaae6630765e449a6908047?s=96&d=mm&r=g\",\"contentUrl\":\"https:\/\/secure.gravatar.com\/avatar\/830d4c57adaae6630765e449a6908047?s=96&d=mm&r=g\",\"caption\":\"admpu17wp\"}}]}<\/script>\n<!-- \/ Yoast SEO plugin. -->","yoast_head_json":{"title":"El movimiento Evita comenz\u00f3 la campa\u00f1a \"organizaci\u00f3n comunitaria\"","description":"El Movimiento Evita comenz\u00f3 la campa\u00f1a \"organizaci\u00f3n comunitaria para la reconstrucci\u00f3n Argentina\", de promoci\u00f3n sanitaria.","robots":{"index":"index","follow":"follow","max-snippet":"max-snippet:-1","max-image-preview":"max-image-preview:large","max-video-preview":"max-video-preview:-1"},"canonical":"https:\/\/experienciadevida.com.ar\/portalurbano\/el-movimiento-evita-comenzo-la-campana-organizacion-comunitaria-para-la-reconstruccion-argentina\/","og_locale":"es_ES","og_type":"article","og_title":"El movimiento Evita comenz\u00f3 la campa\u00f1a \"organizaci\u00f3n comunitaria\"","og_description":"El Movimiento Evita comenz\u00f3 la campa\u00f1a \"organizaci\u00f3n comunitaria para la reconstrucci\u00f3n Argentina\", de promoci\u00f3n sanitaria.","og_url":"https:\/\/experienciadevida.com.ar\/portalurbano\/el-movimiento-evita-comenzo-la-campana-organizacion-comunitaria-para-la-reconstruccion-argentina\/","article_publisher":"https:\/\/www.facebook.com\/Portal-Urbano-171542830093757\/","article_published_time":"2021-02-21T13:52:43+00:00","article_modified_time":"2021-02-21T14:03:50+00:00","og_image":[{"width":1280,"height":848,"url":"https:\/\/experienciadevida.com.ar\/portalurbano\/wp-content\/uploads\/2021\/02\/El-Movimiento-Evita-comenzo.jpeg","type":"image\/jpeg"}],"author":"admpu17wp","twitter_card":"summary_large_image","twitter_creator":"@portalurbanook","twitter_site":"@portalurbanook","twitter_misc":{"Escrito por":"admpu17wp","Tiempo de lectura":"3 minutos"},"schema":{"@context":"https:\/\/schema.org","@graph":[{"@type":"Article","@id":"https:\/\/experienciadevida.com.ar\/portalurbano\/el-movimiento-evita-comenzo-la-campana-organizacion-comunitaria-para-la-reconstruccion-argentina\/#article","isPartOf":{"@id":"https:\/\/experienciadevida.com.ar\/portalurbano\/el-movimiento-evita-comenzo-la-campana-organizacion-comunitaria-para-la-reconstruccion-argentina\/"},"author":{"name":"admpu17wp","@id":"https:\/\/experienciadevida.com.ar\/portalurbano\/#\/schema\/person\/02dd326b1c4b056e9cc972486934a3a7"},"headline":"El Movimiento Evita comenz\u00f3 la campa\u00f1a &#8220;organizaci\u00f3n comunitaria para la reconstrucci\u00f3n Argentina&#8221;","datePublished":"2021-02-21T13:52:43+00:00","dateModified":"2021-02-21T14:03:50+00:00","mainEntityOfPage":{"@id":"https:\/\/experienciadevida.com.ar\/portalurbano\/el-movimiento-evita-comenzo-la-campana-organizacion-comunitaria-para-la-reconstruccion-argentina\/"},"wordCount":445,"publisher":{"@id":"https:\/\/experienciadevida.com.ar\/portalurbano\/#organization"},"articleSection":["Destacadas","Pol\u00edtica"],"inLanguage":"es"},{"@type":"WebPage","@id":"https:\/\/experienciadevida.com.ar\/portalurbano\/el-movimiento-evita-comenzo-la-campana-organizacion-comunitaria-para-la-reconstruccion-argentina\/","url":"https:\/\/experienciadevida.com.ar\/portalurbano\/el-movimiento-evita-comenzo-la-campana-organizacion-comunitaria-para-la-reconstruccion-argentina\/","name":"El movimiento Evita comenz\u00f3 la campa\u00f1a \"organizaci\u00f3n comunitaria\"","isPartOf":{"@id":"https:\/\/experienciadevida.com.ar\/portalurbano\/#website"},"datePublished":"2021-02-21T13:52:43+00:00","dateModified":"2021-02-21T14:03:50+00:00","description":"El Movimiento Evita comenz\u00f3 la campa\u00f1a \"organizaci\u00f3n comunitaria para la reconstrucci\u00f3n Argentina\", de promoci\u00f3n sanitaria.","breadcrumb":{"@id":"https:\/\/experienciadevida.com.ar\/portalurbano\/el-movimiento-evita-comenzo-la-campana-organizacion-comunitaria-para-la-reconstruccion-argentina\/#breadcrumb"},"inLanguage":"es","potentialAction":[{"@type":"ReadAction","target":["https:\/\/experienciadevida.com.ar\/portalurbano\/el-movimiento-evita-comenzo-la-campana-organizacion-comunitaria-para-la-reconstruccion-argentina\/"]}]},{"@type":"BreadcrumbList","@id":"https:\/\/experienciadevida.com.ar\/portalurbano\/el-movimiento-evita-comenzo-la-campana-organizacion-comunitaria-para-la-reconstruccion-argentina\/#breadcrumb","itemListElement":[{"@type":"ListItem","position":1,"name":"Portada","item":"https:\/\/experienciadevida.com.ar\/portalurbano\/"},{"@type":"ListItem","position":2,"name":"El Movimiento Evita comenz\u00f3 la campa\u00f1a \u00aborganizaci\u00f3n comunitaria para la reconstrucci\u00f3n Argentina\u00bb"}]},{"@type":"WebSite","@id":"https:\/\/experienciadevida.com.ar\/portalurbano\/#website","url":"https:\/\/experienciadevida.com.ar\/portalurbano\/","name":"","description":"","publisher":{"@id":"https:\/\/experienciadevida.com.ar\/portalurbano\/#organization"},"potentialAction":[{"@type":"SearchAction","target":{"@type":"EntryPoint","urlTemplate":"https:\/\/experienciadevida.com.ar\/portalurbano\/?s={search_term_string}"},"query-input":"required name=search_term_string"}],"inLanguage":"es"},{"@type":"Organization","@id":"https:\/\/experienciadevida.com.ar\/portalurbano\/#organization","name":"Portal Urbano","url":"https:\/\/experienciadevida.com.ar\/portalurbano\/","logo":{"@type":"ImageObject","inLanguage":"es","@id":"https:\/\/experienciadevida.com.ar\/portalurbano\/#\/schema\/logo\/image\/","url":"https:\/\/experienciadevida.com.ar\/portalurbano\/wp-content\/uploads\/2019\/09\/Logo-Original.png","contentUrl":"https:\/\/experienciadevida.com.ar\/portalurbano\/wp-content\/uploads\/2019\/09\/Logo-Original.png","width":2236,"height":1216,"caption":"Portal Urbano"},"image":{"@id":"https:\/\/experienciadevida.com.ar\/portalurbano\/#\/schema\/logo\/image\/"},"sameAs":["https:\/\/www.facebook.com\/Portal-Urbano-171542830093757\/","https:\/\/twitter.com\/portalurbanook","https:\/\/www.instagram.com\/_portalurbano\/","https:\/\/www.youtube.com\/channel\/UCXhagIfszH8KxFiOok79zbA?view_as=subscriber"]},{"@type":"Person","@id":"https:\/\/experienciadevida.com.ar\/portalurbano\/#\/schema\/person\/02dd326b1c4b056e9cc972486934a3a7","name":"admpu17wp","image":{"@type":"ImageObject","inLanguage":"es","@id":"https:\/\/experienciadevida.com.ar\/portalurbano\/#\/schema\/person\/image\/","url":"https:\/\/secure.gravatar.com\/avatar\/830d4c57adaae6630765e449a6908047?s=96&d=mm&r=g","contentUrl":"https:\/\/secure.gravatar.com\/avatar\/830d4c57adaae6630765e449a6908047?s=96&d=mm&r=g","caption":"admpu17wp"}}]}},"featured_image_urls":{"full":["https:\/\/experienciadevida.com.ar\/portalurbano\/wp-content\/uploads\/2021\/02\/El-Movimiento-Evita-comenzo.jpeg",1280,848,false],"thumbnail":["https:\/\/experienciadevida.com.ar\/portalurbano\/wp-content\/uploads\/2021\/02\/El-Movimiento-Evita-comenzo-150x150.jpeg",150,150,true],"medium":["https:\/\/experienciadevida.com.ar\/portalurbano\/wp-content\/uploads\/2021\/02\/El-Movimiento-Evita-comenzo-300x199.jpeg",300,199,true],"medium_large":["https:\/\/experienciadevida.com.ar\/portalurbano\/wp-content\/uploads\/2021\/02\/El-Movimiento-Evita-comenzo-768x509.jpeg",640,424,true],"large":["https:\/\/experienciadevida.com.ar\/portalurbano\/wp-content\/uploads\/2021\/02\/El-Movimiento-Evita-comenzo-1024x678.jpeg",640,424,true],"ug_big":["https:\/\/experienciadevida.com.ar\/portalurbano\/wp-content\/uploads\/2021\/02\/El-Movimiento-Evita-comenzo-768x509.jpeg",768,509,true],"1536x1536":["https:\/\/experienciadevida.com.ar\/portalurbano\/wp-content\/uploads\/2021\/02\/El-Movimiento-Evita-comenzo.jpeg",1280,848,false],"2048x2048":["https:\/\/experienciadevida.com.ar\/portalurbano\/wp-content\/uploads\/2021\/02\/El-Movimiento-Evita-comenzo.jpeg",1280,848,false],"newsever-slider-full":["https:\/\/experienciadevida.com.ar\/portalurbano\/wp-content\/uploads\/2021\/02\/El-Movimiento-Evita-comenzo.jpeg",1275,845,false],"newsever-featured":["https:\/\/experienciadevida.com.ar\/portalurbano\/wp-content\/uploads\/2021\/02\/El-Movimiento-Evita-comenzo.jpeg",1024,678,false],"newsever-medium":["https:\/\/experienciadevida.com.ar\/portalurbano\/wp-content\/uploads\/2021\/02\/El-Movimiento-Evita-comenzo.jpeg",717,475,false],"web-stories-poster-portrait":["https:\/\/experienciadevida.com.ar\/portalurbano\/wp-content\/uploads\/2021\/02\/El-Movimiento-Evita-comenzo.jpeg",640,424,false],"web-stories-publisher-logo":["https:\/\/experienciadevida.com.ar\/portalurbano\/wp-content\/uploads\/2021\/02\/El-Movimiento-Evita-comenzo.jpeg",96,64,false],"web-stories-thumbnail":["https:\/\/experienciadevida.com.ar\/portalurbano\/wp-content\/uploads\/2021\/02\/El-Movimiento-Evita-comenzo.jpeg",150,99,false]},"author_info":{"display_name":"admpu17wp","author_link":"https:\/\/experienciadevida.com.ar\/portalurbano\/author\/admpu17wp\/"},"category_info":"<a href=\"https:\/\/experienciadevida.com.ar\/portalurbano\/category\/destacadas\/\" rel=\"category tag\">Destacadas<\/a> <a href=\"https:\/\/experienciadevida.com.ar\/portalurbano\/category\/politica\/\" rel=\"category tag\">Pol\u00edtica<\/a>","tag_info":"Pol\u00edtica","comment_count":"0","amp_enabled":true,"_links":{"self":[{"href":"https:\/\/experienciadevida.com.ar\/portalurbano\/wp-json\/wp\/v2\/posts\/135621"}],"collection":[{"href":"https:\/\/experienciadevida.com.ar\/portalurbano\/wp-json\/wp\/v2\/posts"}],"about":[{"href":"https:\/\/experienciadevida.com.ar\/portalurbano\/wp-json\/wp\/v2\/types\/post"}],"author":[{"embeddable":true,"href":"https:\/\/experienciadevida.com.ar\/portalurbano\/wp-json\/wp\/v2\/users\/1"}],"replies":[{"embeddable":true,"href":"https:\/\/experienciadevida.com.ar\/portalurbano\/wp-json\/wp\/v2\/comments?post=135621"}],"version-history":[{"count":4,"href":"https:\/\/experienciadevida.com.ar\/portalurbano\/wp-json\/wp\/v2\/posts\/135621\/revisions"}],"predecessor-version":[{"id":135630,"href":"https:\/\/experienciadevida.com.ar\/portalurbano\/wp-json\/wp\/v2\/posts\/135621\/revisions\/135630"}],"wp:featuredmedia":[{"embeddable":true,"href":"https:\/\/experienciadevida.com.ar\/portalurbano\/wp-json\/wp\/v2\/media\/135622"}],"wp:attachment":[{"href":"https:\/\/experienciadevida.com.ar\/portalurbano\/wp-json\/wp\/v2\/media?parent=135621"}],"wp:term":[{"taxonomy":"category","embeddable":true,"href":"https:\/\/experienciadevida.com.ar\/portalurbano\/wp-json\/wp\/v2\/categories?post=135621"},{"taxonomy":"post_tag","embeddable":true,"href":"https:\/\/experienciadevida.com.ar\/portalurbano\/wp-json\/wp\/v2\/tags?post=135621"}],"curies":[{"name":"wp","href":"https:\/\/api.w.org\/{rel}","templated":true}]}}