{"id":135595,"date":"2021-02-20T15:37:59","date_gmt":"2021-02-20T18:37:59","guid":{"rendered":"https:\/\/experienciadevida.com.ar\/portalurbano\/?p=135595"},"modified":"2021-02-20T15:40:54","modified_gmt":"2021-02-20T18:40:54","slug":"alak-anuncio-un-plan-de-capacitacion-penitenciaria-en-sierra-chica","status":"publish","type":"post","link":"https:\/\/experienciadevida.com.ar\/portalurbano\/alak-anuncio-un-plan-de-capacitacion-penitenciaria-en-sierra-chica\/","title":{"rendered":"Alak anunci\u00f3 un plan de capacitaci\u00f3n penitenciaria en Sierra Chica"},"content":{"rendered":"<p>Alak anunci\u00f3 un plan de capacitaci\u00f3n penitenciaria en Sierra Chica. El ministro de Justicia y Derechos Humanos, Julio Alak, visit\u00f3 este viernes la localidad de Sierra Chica, y la Unidad Penal n\u00ba2 y n\u00ba38 del Complejo, donde anunci\u00f3 la puesta en marcha de un Plan de Capacitaci\u00f3n Integral destinado a la totalidad del personal penitenciario que trabaja en las unidades penales de esa ciudad.<\/p>\n<p>El Plan fue ideado para llevarse a cabo en todos los ciclos lectivos, con un cronograma especialmente dise\u00f1ado que incluir\u00e1 cursos de diversas tem\u00e1ticas y modalidades, que deber\u00e1n ser aprobados por los agentes penitenciarios para progresar en su carrera institucional.<\/p>\n<p>Alak anunci\u00f3 un plan de capacitaci\u00f3n, &#8220;el Servicio Penitenciario Bonaerense contar\u00e1 por primera vez en su historia con un plan de capacitaci\u00f3n integral de estas caracter\u00edsticas&#8221;, enfatiz\u00f3 el ministro Alak luego del anuncio. Tambi\u00e9n destac\u00f3 como dos hechos importantes en materia de capacitaci\u00f3n &#8220;el convenio con la Universidad de La Plata, para que el personal penitenciario pueda tener un t\u00edtulo universitario que va a jerarquizar su carrera&#8221;, y la ampliaci\u00f3n de la Escuela en esa unidad penal.<\/p>\n<p>Adem\u00e1s, el director de Planificaci\u00f3n y Capacitaci\u00f3n Educativa del Personal Penitenciario, Sergio V\u00e1zquez, destac\u00f3 la importancia de la descentralizaci\u00f3n de los estudios al decir que &#8220;hist\u00f3ricamente aquel que quer\u00eda capacitarse lo ten\u00eda que hacer en un centro urbano, y el agente que estaba en un lugar m\u00e1s lejano no ten\u00eda esa posibilidad; al momento de las compensaciones por jerarqu\u00eda eso pesaba&#8221;.<\/p>\n<p>Alak anunci\u00f3 un plan de capacitaci\u00f3n, en este sentido asegur\u00f3 que con la descentralizaci\u00f3n en sedes &#8220;se cort\u00f3<br \/>\ncon esa injusticia&#8221;, y que esta capacitaci\u00f3n &#8220;har\u00e1 que el Servicio Penitenciario mejore su prestaci\u00f3n a trav\u00e9s de una capacitaci\u00f3n sistem\u00e1tica durante toda la carrera&#8221;.<\/p>\n<p>La capacitaci\u00f3n prev\u00e9 que en la primera mitad del a\u00f1o se dicten los cursos cl\u00e1sicos obligatorios por Ley para ascensos en determinadas jerarqu\u00edas, m\u00e1s la propuesta de cursos de capacitaci\u00f3n por roles institucionales, cuya tem\u00e1tica ser\u00e1 seleccionada por las Direcciones Generales del SPB, en virtud de sus demandas y necesidades.<\/p>\n<p>En la segunda mitad del a\u00f1o, se agrupar\u00e1n nuevas capacitaciones, especialmente dise\u00f1adas para todas las jerarqu\u00edas de todos los escalafones.<\/p>\n<p>La mayor\u00eda de las actividades se realizar\u00e1n en seis lugares de cursada presencial, una de ellas ser\u00e1 la sede acad\u00e9mica descentralizada de Sierra Chica; tambi\u00e9n se instrumentar\u00e1n en las otras cuatro sedes de Florencio Varela, Jun\u00edn, San Nicol\u00e1s y Bah\u00eda Blanca; en el Centro de Capacitaci\u00f3n de Lisandro Olmos; y en las delegaciones educativas que funcionan en los complejos donde no hay sedes.<\/p>\n<p><a href=\"https:\/\/experienciadevida.com.ar\/portalurbano\/alak-anuncio-un-plan-de-capacitacion-penitenciaria-en-sierra-chica\/alak-anuncio\/\" rel=\"attachment wp-att-135599\"><img decoding=\"async\" class=\"alignnone size-full wp-image-135599\" src=\"https:\/\/experienciadevida.com.ar\/portalurbano\/wp-content\/uploads\/2021\/02\/Alak-anuncio.jpeg\" alt=\"Alak anunci\u00f3\" width=\"765\" height=\"510\" srcset=\"https:\/\/experienciadevida.com.ar\/portalurbano\/wp-content\/uploads\/2021\/02\/Alak-anuncio.jpeg 765w, https:\/\/experienciadevida.com.ar\/portalurbano\/wp-content\/uploads\/2021\/02\/Alak-anuncio-300x200.jpeg 300w\" sizes=\"(max-width: 765px) 100vw, 765px\" \/><\/a><\/p>\n<p><a href=\"https:\/\/experienciadevida.com.ar\/portalurbano\/alak-anuncio-un-plan-de-capacitacion-penitenciaria-en-sierra-chica\/alak\/\" rel=\"attachment wp-att-135600\"><img decoding=\"async\" class=\"alignnone size-full wp-image-135600\" src=\"https:\/\/experienciadevida.com.ar\/portalurbano\/wp-content\/uploads\/2021\/02\/Alak.jpeg\" alt=\"Alak\" width=\"1280\" height=\"948\" srcset=\"https:\/\/experienciadevida.com.ar\/portalurbano\/wp-content\/uploads\/2021\/02\/Alak.jpeg 1280w, https:\/\/experienciadevida.com.ar\/portalurbano\/wp-content\/uploads\/2021\/02\/Alak-300x222.jpeg 300w, https:\/\/experienciadevida.com.ar\/portalurbano\/wp-content\/uploads\/2021\/02\/Alak-1024x758.jpeg 1024w, https:\/\/experienciadevida.com.ar\/portalurbano\/wp-content\/uploads\/2021\/02\/Alak-768x569.jpeg 768w\" sizes=\"(max-width: 1280px) 100vw, 1280px\" \/><\/a><\/p>\n","protected":false},"excerpt":{"rendered":"<p>Alak anunci\u00f3 un plan de capacitaci\u00f3n penitenciaria en Sierra Chica. El ministro de Justicia y&#8230;<\/p>\n","protected":false},"author":1,"featured_media":135596,"comment_status":"closed","ping_status":"closed","sticky":false,"template":"","format":"standard","meta":{"content-type":""},"categories":[27,51],"tags":[],"nelio_content":{"isAutoShareEnabled":false,"autoShareEndMode":"default","automationSources":{"useContentSentences":true,"useSocialTemplates":true,"useCustomSentences":false,"customSentences":[]},"followers":[1],"suggestedReferences":[],"includedReferences":[],"efiUrl":"","efiAlt":"","highlights":[]},"yoast_head":"<!-- This site is optimized with the Yoast SEO plugin v20.7 - https:\/\/yoast.com\/wordpress\/plugins\/seo\/ -->\n<title>Alak anunci\u00f3 un plan de capacitaci\u00f3n penitenciaria en Sierra Chica<\/title>\n<meta name=\"description\" content=\"Alak anunci\u00f3 un plan de capacitaci\u00f3n penitenciaria en Sierra Chica. El ministro de Justicia y Derechos Humanos, Julio Alak.\" \/>\n<meta name=\"robots\" content=\"index, follow, max-snippet:-1, max-image-preview:large, max-video-preview:-1\" \/>\n<link rel=\"canonical\" href=\"https:\/\/experienciadevida.com.ar\/portalurbano\/alak-anuncio-un-plan-de-capacitacion-penitenciaria-en-sierra-chica\/\" \/>\n<meta property=\"og:locale\" content=\"es_ES\" \/>\n<meta property=\"og:type\" content=\"article\" \/>\n<meta property=\"og:title\" content=\"Alak anunci\u00f3 un plan de capacitaci\u00f3n penitenciaria en Sierra Chica\" \/>\n<meta property=\"og:description\" content=\"Alak anunci\u00f3 un plan de capacitaci\u00f3n penitenciaria en Sierra Chica. El ministro de Justicia y Derechos Humanos, Julio Alak.\" \/>\n<meta property=\"og:url\" content=\"https:\/\/experienciadevida.com.ar\/portalurbano\/alak-anuncio-un-plan-de-capacitacion-penitenciaria-en-sierra-chica\/\" \/>\n<meta property=\"article:publisher\" content=\"https:\/\/www.facebook.com\/Portal-Urbano-171542830093757\/\" \/>\n<meta property=\"article:published_time\" content=\"2021-02-20T18:37:59+00:00\" \/>\n<meta property=\"article:modified_time\" content=\"2021-02-20T18:40:54+00:00\" \/>\n<meta property=\"og:image\" content=\"https:\/\/experienciadevida.com.ar\/portalurbano\/wp-content\/uploads\/2021\/02\/Alak-anuncio-un-plan.jpeg\" \/>\n\t<meta property=\"og:image:width\" content=\"1280\" \/>\n\t<meta property=\"og:image:height\" content=\"699\" \/>\n\t<meta property=\"og:image:type\" content=\"image\/jpeg\" \/>\n<meta name=\"author\" content=\"admpu17wp\" \/>\n<meta name=\"twitter:card\" content=\"summary_large_image\" \/>\n<meta name=\"twitter:creator\" content=\"@portalurbanook\" \/>\n<meta name=\"twitter:site\" content=\"@portalurbanook\" \/>\n<meta name=\"twitter:label1\" content=\"Escrito por\" \/>\n\t<meta name=\"twitter:data1\" content=\"admpu17wp\" \/>\n\t<meta name=\"twitter:label2\" content=\"Tiempo de lectura\" \/>\n\t<meta name=\"twitter:data2\" content=\"3 minutos\" \/>\n<script type=\"application\/ld+json\" class=\"yoast-schema-graph\">{\"@context\":\"https:\/\/schema.org\",\"@graph\":[{\"@type\":\"Article\",\"@id\":\"https:\/\/experienciadevida.com.ar\/portalurbano\/alak-anuncio-un-plan-de-capacitacion-penitenciaria-en-sierra-chica\/#article\",\"isPartOf\":{\"@id\":\"https:\/\/experienciadevida.com.ar\/portalurbano\/alak-anuncio-un-plan-de-capacitacion-penitenciaria-en-sierra-chica\/\"},\"author\":{\"name\":\"admpu17wp\",\"@id\":\"https:\/\/experienciadevida.com.ar\/portalurbano\/#\/schema\/person\/02dd326b1c4b056e9cc972486934a3a7\"},\"headline\":\"Alak anunci\u00f3 un plan de capacitaci\u00f3n penitenciaria en Sierra Chica\",\"datePublished\":\"2021-02-20T18:37:59+00:00\",\"dateModified\":\"2021-02-20T18:40:54+00:00\",\"mainEntityOfPage\":{\"@id\":\"https:\/\/experienciadevida.com.ar\/portalurbano\/alak-anuncio-un-plan-de-capacitacion-penitenciaria-en-sierra-chica\/\"},\"wordCount\":479,\"publisher\":{\"@id\":\"https:\/\/experienciadevida.com.ar\/portalurbano\/#organization\"},\"articleSection\":[\"Ciudad\",\"Destacadas\"],\"inLanguage\":\"es\"},{\"@type\":\"WebPage\",\"@id\":\"https:\/\/experienciadevida.com.ar\/portalurbano\/alak-anuncio-un-plan-de-capacitacion-penitenciaria-en-sierra-chica\/\",\"url\":\"https:\/\/experienciadevida.com.ar\/portalurbano\/alak-anuncio-un-plan-de-capacitacion-penitenciaria-en-sierra-chica\/\",\"name\":\"Alak anunci\u00f3 un plan de capacitaci\u00f3n penitenciaria en Sierra Chica\",\"isPartOf\":{\"@id\":\"https:\/\/experienciadevida.com.ar\/portalurbano\/#website\"},\"datePublished\":\"2021-02-20T18:37:59+00:00\",\"dateModified\":\"2021-02-20T18:40:54+00:00\",\"description\":\"Alak anunci\u00f3 un plan de capacitaci\u00f3n penitenciaria en Sierra Chica. El ministro de Justicia y Derechos Humanos, Julio Alak.\",\"breadcrumb\":{\"@id\":\"https:\/\/experienciadevida.com.ar\/portalurbano\/alak-anuncio-un-plan-de-capacitacion-penitenciaria-en-sierra-chica\/#breadcrumb\"},\"inLanguage\":\"es\",\"potentialAction\":[{\"@type\":\"ReadAction\",\"target\":[\"https:\/\/experienciadevida.com.ar\/portalurbano\/alak-anuncio-un-plan-de-capacitacion-penitenciaria-en-sierra-chica\/\"]}]},{\"@type\":\"BreadcrumbList\",\"@id\":\"https:\/\/experienciadevida.com.ar\/portalurbano\/alak-anuncio-un-plan-de-capacitacion-penitenciaria-en-sierra-chica\/#breadcrumb\",\"itemListElement\":[{\"@type\":\"ListItem\",\"position\":1,\"name\":\"Portada\",\"item\":\"https:\/\/experienciadevida.com.ar\/portalurbano\/\"},{\"@type\":\"ListItem\",\"position\":2,\"name\":\"Alak anunci\u00f3 un plan de capacitaci\u00f3n penitenciaria en Sierra Chica\"}]},{\"@type\":\"WebSite\",\"@id\":\"https:\/\/experienciadevida.com.ar\/portalurbano\/#website\",\"url\":\"https:\/\/experienciadevida.com.ar\/portalurbano\/\",\"name\":\"\",\"description\":\"\",\"publisher\":{\"@id\":\"https:\/\/experienciadevida.com.ar\/portalurbano\/#organization\"},\"potentialAction\":[{\"@type\":\"SearchAction\",\"target\":{\"@type\":\"EntryPoint\",\"urlTemplate\":\"https:\/\/experienciadevida.com.ar\/portalurbano\/?s={search_term_string}\"},\"query-input\":\"required name=search_term_string\"}],\"inLanguage\":\"es\"},{\"@type\":\"Organization\",\"@id\":\"https:\/\/experienciadevida.com.ar\/portalurbano\/#organization\",\"name\":\"Portal Urbano\",\"url\":\"https:\/\/experienciadevida.com.ar\/portalurbano\/\",\"logo\":{\"@type\":\"ImageObject\",\"inLanguage\":\"es\",\"@id\":\"https:\/\/experienciadevida.com.ar\/portalurbano\/#\/schema\/logo\/image\/\",\"url\":\"https:\/\/experienciadevida.com.ar\/portalurbano\/wp-content\/uploads\/2019\/09\/Logo-Original.png\",\"contentUrl\":\"https:\/\/experienciadevida.com.ar\/portalurbano\/wp-content\/uploads\/2019\/09\/Logo-Original.png\",\"width\":2236,\"height\":1216,\"caption\":\"Portal Urbano\"},\"image\":{\"@id\":\"https:\/\/experienciadevida.com.ar\/portalurbano\/#\/schema\/logo\/image\/\"},\"sameAs\":[\"https:\/\/www.facebook.com\/Portal-Urbano-171542830093757\/\",\"https:\/\/twitter.com\/portalurbanook\",\"https:\/\/www.instagram.com\/_portalurbano\/\",\"https:\/\/www.youtube.com\/channel\/UCXhagIfszH8KxFiOok79zbA?view_as=subscriber\"]},{\"@type\":\"Person\",\"@id\":\"https:\/\/experienciadevida.com.ar\/portalurbano\/#\/schema\/person\/02dd326b1c4b056e9cc972486934a3a7\",\"name\":\"admpu17wp\",\"image\":{\"@type\":\"ImageObject\",\"inLanguage\":\"es\",\"@id\":\"https:\/\/experienciadevida.com.ar\/portalurbano\/#\/schema\/person\/image\/\",\"url\":\"https:\/\/secure.gravatar.com\/avatar\/830d4c57adaae6630765e449a6908047?s=96&d=mm&r=g\",\"contentUrl\":\"https:\/\/secure.gravatar.com\/avatar\/830d4c57adaae6630765e449a6908047?s=96&d=mm&r=g\",\"caption\":\"admpu17wp\"}}]}<\/script>\n<!-- \/ Yoast SEO plugin. -->","yoast_head_json":{"title":"Alak anunci\u00f3 un plan de capacitaci\u00f3n penitenciaria en Sierra Chica","description":"Alak anunci\u00f3 un plan de capacitaci\u00f3n penitenciaria en Sierra Chica. El ministro de Justicia y Derechos Humanos, Julio Alak.","robots":{"index":"index","follow":"follow","max-snippet":"max-snippet:-1","max-image-preview":"max-image-preview:large","max-video-preview":"max-video-preview:-1"},"canonical":"https:\/\/experienciadevida.com.ar\/portalurbano\/alak-anuncio-un-plan-de-capacitacion-penitenciaria-en-sierra-chica\/","og_locale":"es_ES","og_type":"article","og_title":"Alak anunci\u00f3 un plan de capacitaci\u00f3n penitenciaria en Sierra Chica","og_description":"Alak anunci\u00f3 un plan de capacitaci\u00f3n penitenciaria en Sierra Chica. El ministro de Justicia y Derechos Humanos, Julio Alak.","og_url":"https:\/\/experienciadevida.com.ar\/portalurbano\/alak-anuncio-un-plan-de-capacitacion-penitenciaria-en-sierra-chica\/","article_publisher":"https:\/\/www.facebook.com\/Portal-Urbano-171542830093757\/","article_published_time":"2021-02-20T18:37:59+00:00","article_modified_time":"2021-02-20T18:40:54+00:00","og_image":[{"width":1280,"height":699,"url":"https:\/\/experienciadevida.com.ar\/portalurbano\/wp-content\/uploads\/2021\/02\/Alak-anuncio-un-plan.jpeg","type":"image\/jpeg"}],"author":"admpu17wp","twitter_card":"summary_large_image","twitter_creator":"@portalurbanook","twitter_site":"@portalurbanook","twitter_misc":{"Escrito por":"admpu17wp","Tiempo de lectura":"3 minutos"},"schema":{"@context":"https:\/\/schema.org","@graph":[{"@type":"Article","@id":"https:\/\/experienciadevida.com.ar\/portalurbano\/alak-anuncio-un-plan-de-capacitacion-penitenciaria-en-sierra-chica\/#article","isPartOf":{"@id":"https:\/\/experienciadevida.com.ar\/portalurbano\/alak-anuncio-un-plan-de-capacitacion-penitenciaria-en-sierra-chica\/"},"author":{"name":"admpu17wp","@id":"https:\/\/experienciadevida.com.ar\/portalurbano\/#\/schema\/person\/02dd326b1c4b056e9cc972486934a3a7"},"headline":"Alak anunci\u00f3 un plan de capacitaci\u00f3n penitenciaria en Sierra Chica","datePublished":"2021-02-20T18:37:59+00:00","dateModified":"2021-02-20T18:40:54+00:00","mainEntityOfPage":{"@id":"https:\/\/experienciadevida.com.ar\/portalurbano\/alak-anuncio-un-plan-de-capacitacion-penitenciaria-en-sierra-chica\/"},"wordCount":479,"publisher":{"@id":"https:\/\/experienciadevida.com.ar\/portalurbano\/#organization"},"articleSection":["Ciudad","Destacadas"],"inLanguage":"es"},{"@type":"WebPage","@id":"https:\/\/experienciadevida.com.ar\/portalurbano\/alak-anuncio-un-plan-de-capacitacion-penitenciaria-en-sierra-chica\/","url":"https:\/\/experienciadevida.com.ar\/portalurbano\/alak-anuncio-un-plan-de-capacitacion-penitenciaria-en-sierra-chica\/","name":"Alak anunci\u00f3 un plan de capacitaci\u00f3n penitenciaria en Sierra Chica","isPartOf":{"@id":"https:\/\/experienciadevida.com.ar\/portalurbano\/#website"},"datePublished":"2021-02-20T18:37:59+00:00","dateModified":"2021-02-20T18:40:54+00:00","description":"Alak anunci\u00f3 un plan de capacitaci\u00f3n penitenciaria en Sierra Chica. El ministro de Justicia y Derechos Humanos, Julio Alak.","breadcrumb":{"@id":"https:\/\/experienciadevida.com.ar\/portalurbano\/alak-anuncio-un-plan-de-capacitacion-penitenciaria-en-sierra-chica\/#breadcrumb"},"inLanguage":"es","potentialAction":[{"@type":"ReadAction","target":["https:\/\/experienciadevida.com.ar\/portalurbano\/alak-anuncio-un-plan-de-capacitacion-penitenciaria-en-sierra-chica\/"]}]},{"@type":"BreadcrumbList","@id":"https:\/\/experienciadevida.com.ar\/portalurbano\/alak-anuncio-un-plan-de-capacitacion-penitenciaria-en-sierra-chica\/#breadcrumb","itemListElement":[{"@type":"ListItem","position":1,"name":"Portada","item":"https:\/\/experienciadevida.com.ar\/portalurbano\/"},{"@type":"ListItem","position":2,"name":"Alak anunci\u00f3 un plan de capacitaci\u00f3n penitenciaria en Sierra Chica"}]},{"@type":"WebSite","@id":"https:\/\/experienciadevida.com.ar\/portalurbano\/#website","url":"https:\/\/experienciadevida.com.ar\/portalurbano\/","name":"","description":"","publisher":{"@id":"https:\/\/experienciadevida.com.ar\/portalurbano\/#organization"},"potentialAction":[{"@type":"SearchAction","target":{"@type":"EntryPoint","urlTemplate":"https:\/\/experienciadevida.com.ar\/portalurbano\/?s={search_term_string}"},"query-input":"required name=search_term_string"}],"inLanguage":"es"},{"@type":"Organization","@id":"https:\/\/experienciadevida.com.ar\/portalurbano\/#organization","name":"Portal Urbano","url":"https:\/\/experienciadevida.com.ar\/portalurbano\/","logo":{"@type":"ImageObject","inLanguage":"es","@id":"https:\/\/experienciadevida.com.ar\/portalurbano\/#\/schema\/logo\/image\/","url":"https:\/\/experienciadevida.com.ar\/portalurbano\/wp-content\/uploads\/2019\/09\/Logo-Original.png","contentUrl":"https:\/\/experienciadevida.com.ar\/portalurbano\/wp-content\/uploads\/2019\/09\/Logo-Original.png","width":2236,"height":1216,"caption":"Portal Urbano"},"image":{"@id":"https:\/\/experienciadevida.com.ar\/portalurbano\/#\/schema\/logo\/image\/"},"sameAs":["https:\/\/www.facebook.com\/Portal-Urbano-171542830093757\/","https:\/\/twitter.com\/portalurbanook","https:\/\/www.instagram.com\/_portalurbano\/","https:\/\/www.youtube.com\/channel\/UCXhagIfszH8KxFiOok79zbA?view_as=subscriber"]},{"@type":"Person","@id":"https:\/\/experienciadevida.com.ar\/portalurbano\/#\/schema\/person\/02dd326b1c4b056e9cc972486934a3a7","name":"admpu17wp","image":{"@type":"ImageObject","inLanguage":"es","@id":"https:\/\/experienciadevida.com.ar\/portalurbano\/#\/schema\/person\/image\/","url":"https:\/\/secure.gravatar.com\/avatar\/830d4c57adaae6630765e449a6908047?s=96&d=mm&r=g","contentUrl":"https:\/\/secure.gravatar.com\/avatar\/830d4c57adaae6630765e449a6908047?s=96&d=mm&r=g","caption":"admpu17wp"}}]}},"featured_image_urls":{"full":["https:\/\/experienciadevida.com.ar\/portalurbano\/wp-content\/uploads\/2021\/02\/Alak-anuncio-un-plan.jpeg",1280,699,false],"thumbnail":["https:\/\/experienciadevida.com.ar\/portalurbano\/wp-content\/uploads\/2021\/02\/Alak-anuncio-un-plan-150x150.jpeg",150,150,true],"medium":["https:\/\/experienciadevida.com.ar\/portalurbano\/wp-content\/uploads\/2021\/02\/Alak-anuncio-un-plan-300x164.jpeg",300,164,true],"medium_large":["https:\/\/experienciadevida.com.ar\/portalurbano\/wp-content\/uploads\/2021\/02\/Alak-anuncio-un-plan-768x419.jpeg",640,349,true],"large":["https:\/\/experienciadevida.com.ar\/portalurbano\/wp-content\/uploads\/2021\/02\/Alak-anuncio-un-plan-1024x559.jpeg",640,349,true],"ug_big":["https:\/\/experienciadevida.com.ar\/portalurbano\/wp-content\/uploads\/2021\/02\/Alak-anuncio-un-plan-768x419.jpeg",768,419,true],"1536x1536":["https:\/\/experienciadevida.com.ar\/portalurbano\/wp-content\/uploads\/2021\/02\/Alak-anuncio-un-plan.jpeg",1280,699,false],"2048x2048":["https:\/\/experienciadevida.com.ar\/portalurbano\/wp-content\/uploads\/2021\/02\/Alak-anuncio-un-plan.jpeg",1280,699,false],"newsever-slider-full":["https:\/\/experienciadevida.com.ar\/portalurbano\/wp-content\/uploads\/2021\/02\/Alak-anuncio-un-plan.jpeg",1280,699,false],"newsever-featured":["https:\/\/experienciadevida.com.ar\/portalurbano\/wp-content\/uploads\/2021\/02\/Alak-anuncio-un-plan.jpeg",1024,559,false],"newsever-medium":["https:\/\/experienciadevida.com.ar\/portalurbano\/wp-content\/uploads\/2021\/02\/Alak-anuncio-un-plan.jpeg",720,393,false],"web-stories-poster-portrait":["https:\/\/experienciadevida.com.ar\/portalurbano\/wp-content\/uploads\/2021\/02\/Alak-anuncio-un-plan.jpeg",640,350,false],"web-stories-publisher-logo":["https:\/\/experienciadevida.com.ar\/portalurbano\/wp-content\/uploads\/2021\/02\/Alak-anuncio-un-plan.jpeg",96,52,false],"web-stories-thumbnail":["https:\/\/experienciadevida.com.ar\/portalurbano\/wp-content\/uploads\/2021\/02\/Alak-anuncio-un-plan.jpeg",150,82,false]},"author_info":{"display_name":"admpu17wp","author_link":"https:\/\/experienciadevida.com.ar\/portalurbano\/author\/admpu17wp\/"},"category_info":"<a href=\"https:\/\/experienciadevida.com.ar\/portalurbano\/category\/ciudad\/\" rel=\"category tag\">Ciudad<\/a> <a href=\"https:\/\/experienciadevida.com.ar\/portalurbano\/category\/destacadas\/\" rel=\"category tag\">Destacadas<\/a>","tag_info":"Destacadas","comment_count":"0","amp_enabled":true,"_links":{"self":[{"href":"https:\/\/experienciadevida.com.ar\/portalurbano\/wp-json\/wp\/v2\/posts\/135595"}],"collection":[{"href":"https:\/\/experienciadevida.com.ar\/portalurbano\/wp-json\/wp\/v2\/posts"}],"about":[{"href":"https:\/\/experienciadevida.com.ar\/portalurbano\/wp-json\/wp\/v2\/types\/post"}],"author":[{"embeddable":true,"href":"https:\/\/experienciadevida.com.ar\/portalurbano\/wp-json\/wp\/v2\/users\/1"}],"replies":[{"embeddable":true,"href":"https:\/\/experienciadevida.com.ar\/portalurbano\/wp-json\/wp\/v2\/comments?post=135595"}],"version-history":[{"count":3,"href":"https:\/\/experienciadevida.com.ar\/portalurbano\/wp-json\/wp\/v2\/posts\/135595\/revisions"}],"predecessor-version":[{"id":135601,"href":"https:\/\/experienciadevida.com.ar\/portalurbano\/wp-json\/wp\/v2\/posts\/135595\/revisions\/135601"}],"wp:featuredmedia":[{"embeddable":true,"href":"https:\/\/experienciadevida.com.ar\/portalurbano\/wp-json\/wp\/v2\/media\/135596"}],"wp:attachment":[{"href":"https:\/\/experienciadevida.com.ar\/portalurbano\/wp-json\/wp\/v2\/media?parent=135595"}],"wp:term":[{"taxonomy":"category","embeddable":true,"href":"https:\/\/experienciadevida.com.ar\/portalurbano\/wp-json\/wp\/v2\/categories?post=135595"},{"taxonomy":"post_tag","embeddable":true,"href":"https:\/\/experienciadevida.com.ar\/portalurbano\/wp-json\/wp\/v2\/tags?post=135595"}],"curies":[{"name":"wp","href":"https:\/\/api.w.org\/{rel}","templated":true}]}}