{"id":135578,"date":"2021-02-20T10:33:31","date_gmt":"2021-02-20T13:33:31","guid":{"rendered":"https:\/\/experienciadevida.com.ar\/portalurbano\/?p=135578"},"modified":"2021-02-20T10:36:21","modified_gmt":"2021-02-20T13:36:21","slug":"aulas-seuguras-presentacion-de-protocolos-y-capacitacion-para-el-area-educativa","status":"publish","type":"post","link":"https:\/\/experienciadevida.com.ar\/portalurbano\/aulas-seuguras-presentacion-de-protocolos-y-capacitacion-para-el-area-educativa\/","title":{"rendered":"Aulas seuguras: presentaci\u00f3n de protocolos y capacitaci\u00f3n para el \u00e1rea educativa"},"content":{"rendered":"<p>Aulas seguras: presentaci\u00f3n de protocolos y capacitaci\u00f3n para el \u00e1rea educativa. En el marco del Programa Aulas Seguras, que el Municipio implementar\u00e1 la pr\u00f3xima semana, personal de la Secretar\u00eda de Salud brindar\u00e1 una capacitaci\u00f3n para el \u00e1rea educativa.<\/p>\n<p>Ser\u00e1 el pr\u00f3ximo mi\u00e9rcoles 24 de febrero en el Centro Cultural Municipal \u201cSan Jos\u00e9\u201d, a las 9 horas para maternales y jardines, a las 10:30 horas primario y 12 horas secundario y terciario.<\/p>\n<p>Se invita a participar a un representante por instituci\u00f3n educativa.<\/p>\n<p>En los encuentros se presentar\u00e1n los protocolos, diagn\u00f3stico y seguimiento Covid19 a abordar en las instituciones educativas, en todos los niveles.<\/p>\n<p>El Programa \u201cRTA-Aulas Seguras\u201d ser\u00e1 para realizar hisopados a todo el personal docente y no docente del Partido que presenten s\u00edntomas compatibles con Covid-19: tos, dolor de garganta, falta de olfato, falta de gusto, mialgias, cefalea, fiebre mayor a 37.5\u00b0, falta de aire y m\u00e1s de 48 horas de diarrea.<\/p>\n<p>Los d\u00edas que se llevar\u00e1 adelante el Programa ser\u00e1n el martes 23 y jueves 25 de febrero a las 10 horas en el Paseo de la Salud, ubicado en Belgrano y Brown.<\/p>\n<p>&nbsp;<\/p>\n","protected":false},"excerpt":{"rendered":"<p>Aulas seguras: presentaci\u00f3n de protocolos y capacitaci\u00f3n para el \u00e1rea educativa. En el marco del&#8230;<\/p>\n","protected":false},"author":1,"featured_media":0,"comment_status":"closed","ping_status":"closed","sticky":false,"template":"","format":"standard","meta":{"content-type":""},"categories":[27,64],"tags":[],"nelio_content":{"isAutoShareEnabled":false,"autoShareEndMode":"default","automationSources":{"useContentSentences":true,"useSocialTemplates":true,"useCustomSentences":false,"customSentences":[]},"followers":[1],"suggestedReferences":[],"includedReferences":[],"efiUrl":"","efiAlt":"","highlights":[]},"yoast_head":"<!-- This site is optimized with the Yoast SEO plugin v20.7 - https:\/\/yoast.com\/wordpress\/plugins\/seo\/ -->\n<title>Aulas seguras: presentaci\u00f3n de protocolos y capacitaci\u00f3n para el \u00e1rea<\/title>\n<meta name=\"description\" content=\"Aulas seguras: presentaci\u00f3n de protocolos y capacitaci\u00f3n para el \u00e1rea educativa, el Municipio implementar\u00e1 una capacitaci\u00f3n para el personal\" \/>\n<meta name=\"robots\" content=\"index, follow, max-snippet:-1, max-image-preview:large, max-video-preview:-1\" \/>\n<link rel=\"canonical\" href=\"https:\/\/experienciadevida.com.ar\/portalurbano\/aulas-seuguras-presentacion-de-protocolos-y-capacitacion-para-el-area-educativa\/\" \/>\n<meta property=\"og:locale\" content=\"es_ES\" \/>\n<meta property=\"og:type\" content=\"article\" \/>\n<meta property=\"og:title\" content=\"Aulas seguras: presentaci\u00f3n de protocolos y capacitaci\u00f3n para el \u00e1rea\" \/>\n<meta property=\"og:description\" content=\"Aulas seguras: presentaci\u00f3n de protocolos y capacitaci\u00f3n para el \u00e1rea educativa, el Municipio implementar\u00e1 una capacitaci\u00f3n para el personal\" \/>\n<meta property=\"og:url\" content=\"https:\/\/experienciadevida.com.ar\/portalurbano\/aulas-seuguras-presentacion-de-protocolos-y-capacitacion-para-el-area-educativa\/\" \/>\n<meta property=\"article:publisher\" content=\"https:\/\/www.facebook.com\/Portal-Urbano-171542830093757\/\" \/>\n<meta property=\"article:published_time\" content=\"2021-02-20T13:33:31+00:00\" \/>\n<meta property=\"article:modified_time\" content=\"2021-02-20T13:36:21+00:00\" \/>\n<meta property=\"og:image\" content=\"https:\/\/experienciadevida.com.ar\/portalurbano\/wp-content\/uploads\/2018\/02\/aulas_vacias.jpg_1734428432.jpg\" \/>\n\t<meta property=\"og:image:width\" content=\"970\" \/>\n\t<meta property=\"og:image:height\" content=\"546\" \/>\n\t<meta property=\"og:image:type\" content=\"image\/jpeg\" \/>\n<meta name=\"author\" content=\"admpu17wp\" \/>\n<meta name=\"twitter:card\" content=\"summary_large_image\" \/>\n<meta name=\"twitter:creator\" content=\"@portalurbanook\" \/>\n<meta name=\"twitter:site\" content=\"@portalurbanook\" \/>\n<meta name=\"twitter:label1\" content=\"Escrito por\" \/>\n\t<meta name=\"twitter:data1\" content=\"admpu17wp\" \/>\n\t<meta name=\"twitter:label2\" content=\"Tiempo de lectura\" \/>\n\t<meta name=\"twitter:data2\" content=\"1 minuto\" \/>\n<script type=\"application\/ld+json\" class=\"yoast-schema-graph\">{\"@context\":\"https:\/\/schema.org\",\"@graph\":[{\"@type\":\"Article\",\"@id\":\"https:\/\/experienciadevida.com.ar\/portalurbano\/aulas-seuguras-presentacion-de-protocolos-y-capacitacion-para-el-area-educativa\/#article\",\"isPartOf\":{\"@id\":\"https:\/\/experienciadevida.com.ar\/portalurbano\/aulas-seuguras-presentacion-de-protocolos-y-capacitacion-para-el-area-educativa\/\"},\"author\":{\"name\":\"admpu17wp\",\"@id\":\"https:\/\/experienciadevida.com.ar\/portalurbano\/#\/schema\/person\/02dd326b1c4b056e9cc972486934a3a7\"},\"headline\":\"Aulas seuguras: presentaci\u00f3n de protocolos y capacitaci\u00f3n para el \u00e1rea educativa\",\"datePublished\":\"2021-02-20T13:33:31+00:00\",\"dateModified\":\"2021-02-20T13:36:21+00:00\",\"mainEntityOfPage\":{\"@id\":\"https:\/\/experienciadevida.com.ar\/portalurbano\/aulas-seuguras-presentacion-de-protocolos-y-capacitacion-para-el-area-educativa\/\"},\"wordCount\":203,\"publisher\":{\"@id\":\"https:\/\/experienciadevida.com.ar\/portalurbano\/#organization\"},\"articleSection\":[\"Ciudad\",\"Destacadas 2\"],\"inLanguage\":\"es\"},{\"@type\":\"WebPage\",\"@id\":\"https:\/\/experienciadevida.com.ar\/portalurbano\/aulas-seuguras-presentacion-de-protocolos-y-capacitacion-para-el-area-educativa\/\",\"url\":\"https:\/\/experienciadevida.com.ar\/portalurbano\/aulas-seuguras-presentacion-de-protocolos-y-capacitacion-para-el-area-educativa\/\",\"name\":\"Aulas seguras: presentaci\u00f3n de protocolos y capacitaci\u00f3n para el \u00e1rea\",\"isPartOf\":{\"@id\":\"https:\/\/experienciadevida.com.ar\/portalurbano\/#website\"},\"datePublished\":\"2021-02-20T13:33:31+00:00\",\"dateModified\":\"2021-02-20T13:36:21+00:00\",\"description\":\"Aulas seguras: presentaci\u00f3n de protocolos y capacitaci\u00f3n para el \u00e1rea educativa, el Municipio implementar\u00e1 una capacitaci\u00f3n para el personal\",\"breadcrumb\":{\"@id\":\"https:\/\/experienciadevida.com.ar\/portalurbano\/aulas-seuguras-presentacion-de-protocolos-y-capacitacion-para-el-area-educativa\/#breadcrumb\"},\"inLanguage\":\"es\",\"potentialAction\":[{\"@type\":\"ReadAction\",\"target\":[\"https:\/\/experienciadevida.com.ar\/portalurbano\/aulas-seuguras-presentacion-de-protocolos-y-capacitacion-para-el-area-educativa\/\"]}]},{\"@type\":\"BreadcrumbList\",\"@id\":\"https:\/\/experienciadevida.com.ar\/portalurbano\/aulas-seuguras-presentacion-de-protocolos-y-capacitacion-para-el-area-educativa\/#breadcrumb\",\"itemListElement\":[{\"@type\":\"ListItem\",\"position\":1,\"name\":\"Portada\",\"item\":\"https:\/\/experienciadevida.com.ar\/portalurbano\/\"},{\"@type\":\"ListItem\",\"position\":2,\"name\":\"Aulas seuguras: presentaci\u00f3n de protocolos y capacitaci\u00f3n para el \u00e1rea educativa\"}]},{\"@type\":\"WebSite\",\"@id\":\"https:\/\/experienciadevida.com.ar\/portalurbano\/#website\",\"url\":\"https:\/\/experienciadevida.com.ar\/portalurbano\/\",\"name\":\"\",\"description\":\"\",\"publisher\":{\"@id\":\"https:\/\/experienciadevida.com.ar\/portalurbano\/#organization\"},\"potentialAction\":[{\"@type\":\"SearchAction\",\"target\":{\"@type\":\"EntryPoint\",\"urlTemplate\":\"https:\/\/experienciadevida.com.ar\/portalurbano\/?s={search_term_string}\"},\"query-input\":\"required name=search_term_string\"}],\"inLanguage\":\"es\"},{\"@type\":\"Organization\",\"@id\":\"https:\/\/experienciadevida.com.ar\/portalurbano\/#organization\",\"name\":\"Portal Urbano\",\"url\":\"https:\/\/experienciadevida.com.ar\/portalurbano\/\",\"logo\":{\"@type\":\"ImageObject\",\"inLanguage\":\"es\",\"@id\":\"https:\/\/experienciadevida.com.ar\/portalurbano\/#\/schema\/logo\/image\/\",\"url\":\"https:\/\/experienciadevida.com.ar\/portalurbano\/wp-content\/uploads\/2019\/09\/Logo-Original.png\",\"contentUrl\":\"https:\/\/experienciadevida.com.ar\/portalurbano\/wp-content\/uploads\/2019\/09\/Logo-Original.png\",\"width\":2236,\"height\":1216,\"caption\":\"Portal Urbano\"},\"image\":{\"@id\":\"https:\/\/experienciadevida.com.ar\/portalurbano\/#\/schema\/logo\/image\/\"},\"sameAs\":[\"https:\/\/www.facebook.com\/Portal-Urbano-171542830093757\/\",\"https:\/\/twitter.com\/portalurbanook\",\"https:\/\/www.instagram.com\/_portalurbano\/\",\"https:\/\/www.youtube.com\/channel\/UCXhagIfszH8KxFiOok79zbA?view_as=subscriber\"]},{\"@type\":\"Person\",\"@id\":\"https:\/\/experienciadevida.com.ar\/portalurbano\/#\/schema\/person\/02dd326b1c4b056e9cc972486934a3a7\",\"name\":\"admpu17wp\",\"image\":{\"@type\":\"ImageObject\",\"inLanguage\":\"es\",\"@id\":\"https:\/\/experienciadevida.com.ar\/portalurbano\/#\/schema\/person\/image\/\",\"url\":\"https:\/\/secure.gravatar.com\/avatar\/830d4c57adaae6630765e449a6908047?s=96&d=mm&r=g\",\"contentUrl\":\"https:\/\/secure.gravatar.com\/avatar\/830d4c57adaae6630765e449a6908047?s=96&d=mm&r=g\",\"caption\":\"admpu17wp\"}}]}<\/script>\n<!-- \/ Yoast SEO plugin. -->","yoast_head_json":{"title":"Aulas seguras: presentaci\u00f3n de protocolos y capacitaci\u00f3n para el \u00e1rea","description":"Aulas seguras: presentaci\u00f3n de protocolos y capacitaci\u00f3n para el \u00e1rea educativa, el Municipio implementar\u00e1 una capacitaci\u00f3n para el personal","robots":{"index":"index","follow":"follow","max-snippet":"max-snippet:-1","max-image-preview":"max-image-preview:large","max-video-preview":"max-video-preview:-1"},"canonical":"https:\/\/experienciadevida.com.ar\/portalurbano\/aulas-seuguras-presentacion-de-protocolos-y-capacitacion-para-el-area-educativa\/","og_locale":"es_ES","og_type":"article","og_title":"Aulas seguras: presentaci\u00f3n de protocolos y capacitaci\u00f3n para el \u00e1rea","og_description":"Aulas seguras: presentaci\u00f3n de protocolos y capacitaci\u00f3n para el \u00e1rea educativa, el Municipio implementar\u00e1 una capacitaci\u00f3n para el personal","og_url":"https:\/\/experienciadevida.com.ar\/portalurbano\/aulas-seuguras-presentacion-de-protocolos-y-capacitacion-para-el-area-educativa\/","article_publisher":"https:\/\/www.facebook.com\/Portal-Urbano-171542830093757\/","article_published_time":"2021-02-20T13:33:31+00:00","article_modified_time":"2021-02-20T13:36:21+00:00","og_image":[{"width":970,"height":546,"url":"https:\/\/experienciadevida.com.ar\/portalurbano\/wp-content\/uploads\/2018\/02\/aulas_vacias.jpg_1734428432.jpg","type":"image\/jpeg"}],"author":"admpu17wp","twitter_card":"summary_large_image","twitter_creator":"@portalurbanook","twitter_site":"@portalurbanook","twitter_misc":{"Escrito por":"admpu17wp","Tiempo de lectura":"1 minuto"},"schema":{"@context":"https:\/\/schema.org","@graph":[{"@type":"Article","@id":"https:\/\/experienciadevida.com.ar\/portalurbano\/aulas-seuguras-presentacion-de-protocolos-y-capacitacion-para-el-area-educativa\/#article","isPartOf":{"@id":"https:\/\/experienciadevida.com.ar\/portalurbano\/aulas-seuguras-presentacion-de-protocolos-y-capacitacion-para-el-area-educativa\/"},"author":{"name":"admpu17wp","@id":"https:\/\/experienciadevida.com.ar\/portalurbano\/#\/schema\/person\/02dd326b1c4b056e9cc972486934a3a7"},"headline":"Aulas seuguras: presentaci\u00f3n de protocolos y capacitaci\u00f3n para el \u00e1rea educativa","datePublished":"2021-02-20T13:33:31+00:00","dateModified":"2021-02-20T13:36:21+00:00","mainEntityOfPage":{"@id":"https:\/\/experienciadevida.com.ar\/portalurbano\/aulas-seuguras-presentacion-de-protocolos-y-capacitacion-para-el-area-educativa\/"},"wordCount":203,"publisher":{"@id":"https:\/\/experienciadevida.com.ar\/portalurbano\/#organization"},"articleSection":["Ciudad","Destacadas 2"],"inLanguage":"es"},{"@type":"WebPage","@id":"https:\/\/experienciadevida.com.ar\/portalurbano\/aulas-seuguras-presentacion-de-protocolos-y-capacitacion-para-el-area-educativa\/","url":"https:\/\/experienciadevida.com.ar\/portalurbano\/aulas-seuguras-presentacion-de-protocolos-y-capacitacion-para-el-area-educativa\/","name":"Aulas seguras: presentaci\u00f3n de protocolos y capacitaci\u00f3n para el \u00e1rea","isPartOf":{"@id":"https:\/\/experienciadevida.com.ar\/portalurbano\/#website"},"datePublished":"2021-02-20T13:33:31+00:00","dateModified":"2021-02-20T13:36:21+00:00","description":"Aulas seguras: presentaci\u00f3n de protocolos y capacitaci\u00f3n para el \u00e1rea educativa, el Municipio implementar\u00e1 una capacitaci\u00f3n para el personal","breadcrumb":{"@id":"https:\/\/experienciadevida.com.ar\/portalurbano\/aulas-seuguras-presentacion-de-protocolos-y-capacitacion-para-el-area-educativa\/#breadcrumb"},"inLanguage":"es","potentialAction":[{"@type":"ReadAction","target":["https:\/\/experienciadevida.com.ar\/portalurbano\/aulas-seuguras-presentacion-de-protocolos-y-capacitacion-para-el-area-educativa\/"]}]},{"@type":"BreadcrumbList","@id":"https:\/\/experienciadevida.com.ar\/portalurbano\/aulas-seuguras-presentacion-de-protocolos-y-capacitacion-para-el-area-educativa\/#breadcrumb","itemListElement":[{"@type":"ListItem","position":1,"name":"Portada","item":"https:\/\/experienciadevida.com.ar\/portalurbano\/"},{"@type":"ListItem","position":2,"name":"Aulas seuguras: presentaci\u00f3n de protocolos y capacitaci\u00f3n para el \u00e1rea educativa"}]},{"@type":"WebSite","@id":"https:\/\/experienciadevida.com.ar\/portalurbano\/#website","url":"https:\/\/experienciadevida.com.ar\/portalurbano\/","name":"","description":"","publisher":{"@id":"https:\/\/experienciadevida.com.ar\/portalurbano\/#organization"},"potentialAction":[{"@type":"SearchAction","target":{"@type":"EntryPoint","urlTemplate":"https:\/\/experienciadevida.com.ar\/portalurbano\/?s={search_term_string}"},"query-input":"required name=search_term_string"}],"inLanguage":"es"},{"@type":"Organization","@id":"https:\/\/experienciadevida.com.ar\/portalurbano\/#organization","name":"Portal Urbano","url":"https:\/\/experienciadevida.com.ar\/portalurbano\/","logo":{"@type":"ImageObject","inLanguage":"es","@id":"https:\/\/experienciadevida.com.ar\/portalurbano\/#\/schema\/logo\/image\/","url":"https:\/\/experienciadevida.com.ar\/portalurbano\/wp-content\/uploads\/2019\/09\/Logo-Original.png","contentUrl":"https:\/\/experienciadevida.com.ar\/portalurbano\/wp-content\/uploads\/2019\/09\/Logo-Original.png","width":2236,"height":1216,"caption":"Portal Urbano"},"image":{"@id":"https:\/\/experienciadevida.com.ar\/portalurbano\/#\/schema\/logo\/image\/"},"sameAs":["https:\/\/www.facebook.com\/Portal-Urbano-171542830093757\/","https:\/\/twitter.com\/portalurbanook","https:\/\/www.instagram.com\/_portalurbano\/","https:\/\/www.youtube.com\/channel\/UCXhagIfszH8KxFiOok79zbA?view_as=subscriber"]},{"@type":"Person","@id":"https:\/\/experienciadevida.com.ar\/portalurbano\/#\/schema\/person\/02dd326b1c4b056e9cc972486934a3a7","name":"admpu17wp","image":{"@type":"ImageObject","inLanguage":"es","@id":"https:\/\/experienciadevida.com.ar\/portalurbano\/#\/schema\/person\/image\/","url":"https:\/\/secure.gravatar.com\/avatar\/830d4c57adaae6630765e449a6908047?s=96&d=mm&r=g","contentUrl":"https:\/\/secure.gravatar.com\/avatar\/830d4c57adaae6630765e449a6908047?s=96&d=mm&r=g","caption":"admpu17wp"}}]}},"featured_image_urls":{"full":"","thumbnail":"","medium":"","medium_large":"","large":"","ug_big":"","1536x1536":"","2048x2048":"","newsever-slider-full":"","newsever-featured":"","newsever-medium":"","web-stories-poster-portrait":"","web-stories-publisher-logo":"","web-stories-thumbnail":""},"author_info":{"display_name":"admpu17wp","author_link":"https:\/\/experienciadevida.com.ar\/portalurbano\/author\/admpu17wp\/"},"category_info":"<a href=\"https:\/\/experienciadevida.com.ar\/portalurbano\/category\/ciudad\/\" rel=\"category tag\">Ciudad<\/a> <a href=\"https:\/\/experienciadevida.com.ar\/portalurbano\/category\/destacadas-2\/\" rel=\"category tag\">Destacadas 2<\/a>","tag_info":"Destacadas 2","comment_count":"0","amp_enabled":true,"_links":{"self":[{"href":"https:\/\/experienciadevida.com.ar\/portalurbano\/wp-json\/wp\/v2\/posts\/135578"}],"collection":[{"href":"https:\/\/experienciadevida.com.ar\/portalurbano\/wp-json\/wp\/v2\/posts"}],"about":[{"href":"https:\/\/experienciadevida.com.ar\/portalurbano\/wp-json\/wp\/v2\/types\/post"}],"author":[{"embeddable":true,"href":"https:\/\/experienciadevida.com.ar\/portalurbano\/wp-json\/wp\/v2\/users\/1"}],"replies":[{"embeddable":true,"href":"https:\/\/experienciadevida.com.ar\/portalurbano\/wp-json\/wp\/v2\/comments?post=135578"}],"version-history":[{"count":3,"href":"https:\/\/experienciadevida.com.ar\/portalurbano\/wp-json\/wp\/v2\/posts\/135578\/revisions"}],"predecessor-version":[{"id":135581,"href":"https:\/\/experienciadevida.com.ar\/portalurbano\/wp-json\/wp\/v2\/posts\/135578\/revisions\/135581"}],"wp:attachment":[{"href":"https:\/\/experienciadevida.com.ar\/portalurbano\/wp-json\/wp\/v2\/media?parent=135578"}],"wp:term":[{"taxonomy":"category","embeddable":true,"href":"https:\/\/experienciadevida.com.ar\/portalurbano\/wp-json\/wp\/v2\/categories?post=135578"},{"taxonomy":"post_tag","embeddable":true,"href":"https:\/\/experienciadevida.com.ar\/portalurbano\/wp-json\/wp\/v2\/tags?post=135578"}],"curies":[{"name":"wp","href":"https:\/\/api.w.org\/{rel}","templated":true}]}}